{"id":88177,"date":"2025-08-02T19:34:00","date_gmt":"2025-08-02T17:34:00","guid":{"rendered":"https:\/\/now-news.de\/de\/deutschland\/deutschlands-energiewende-ohne-frankreichs-atomstrom-geht-es-nicht\/"},"modified":"2025-08-02T19:34:00","modified_gmt":"2025-08-02T17:34:00","slug":"deutschlands-energiewende-ohne-frankreichs-atomstrom-geht-es-nicht","status":"publish","type":"post","link":"https:\/\/now-news.de\/de\/deutschland\/deutschlands-energiewende-ohne-frankreichs-atomstrom-geht-es-nicht\/","title":{"rendered":"Deutschlands Energiewende: Ohne Frankreichs Atomstrom geht es nicht"},"content":{"rendered":"<p><img decoding=\"async\" src=\"https:\/\/now-news.de\/de\/wp-content\/uploads\/sites\/3\/2025\/08\/688dfe5f48fbef738e09ced6.png\" \/><\/p>\n<div class=\"Text-root Text-type_1 \">\n                Nach dem Atomausstieg importiert Deutschland gro\u00dfe Mengen an Strom aus Frankreich\u00a0\u2013 \u00fcberwiegend aus Kernkraft. Wetterabh\u00e4ngige Erneuerbare und fehlende Grundlastkraftwerke f\u00fchren zu h\u00f6heren Importen und steigenden Kosten, die Energiewende ist in einer strategischen Sackgasse.\n            <\/div>\n<p><\/p>\n<div class=\"Text-root Text-type_5 ArticleView-text ViewText-root \">\n<p data-start=\"606\" data-end=\"1036\">Mit der Abschaltung der letzten drei Kernkraftwerke im April\u00a02023 hat Deutschland einen energiepolitischen Kurs vollendet, der seit mehr als einem Jahrzehnt vorbereitet wurde. Die Reaktoren Isar\u00a02, Emsland und Neckarwestheim\u00a02 gingen vom Netz, womit die \u00c4ra der Atomkraft im Land offiziell endete. Insgesamt wurden seit 2003 sechzehn Gro\u00dfreaktoren stillgelegt, viele davon nach der Reaktorkatastrophe von Fukushima 2011 vorzeitig.<\/p>\n<p data-start=\"1038\" data-end=\"1412\">Der Ausstieg war politisch gewollt und wurde von der Bundesregierung als konsequente Umsetzung der Energiewende pr\u00e4sentiert. Doch im europ\u00e4ischen Stromverbund haben sich die Kr\u00e4fteverh\u00e4ltnisse verschoben. Deutschland ist inzwischen wieder Nettoimporteur\u00a0\u2013 und bezieht einen erheblichen Teil seiner Importmengen ausgerechnet aus Frankreich, das \u00fcber 56 Kernreaktoren verf\u00fcgt.<\/p>\n<p data-start=\"1414\" data-end=\"1746\">Im ersten Halbjahr\u00a02024 importierte Deutschland netto rund 11,2\u00a0Terawattstunden Strom, davon 6,3\u00a0Terawattstunden aus Frankreich. Das entspricht mehr als der H\u00e4lfte der gesamten Stromimporte. F\u00fcr das erste Quartal\u00a02025 lag der Nettoimport aus Frankreich bei 3,52\u00a0Terawattstunden\u00a0\u2013 eine beachtliche Menge f\u00fcr einen so kurzen Zeitraum.<\/p>\n<p data-start=\"1748\" data-end=\"2169\">Die Abh\u00e4ngigkeit hat strukturelle Gr\u00fcnde: Wind- und Solaranlagen decken einen wachsenden Anteil des Strombedarfs, liefern jedoch ungleichm\u00e4\u00dfig. In windstillen oder sonnenarmen Phasen\u00a0\u2013 insbesondere w\u00e4hrend der Wintermonate\u00a0\u2013 m\u00fcssen L\u00fccken durch Importe oder fossile Kraftwerke geschlossen werden. Die CO\u2082-Bilanz der Energiewende wird dadurch belastet, da Kohle und Gas in windschwachen Zeiten vermehrt zum Einsatz kommen.<\/p>\n<p data-start=\"2171\" data-end=\"2578\">Industrievertreter beklagen zudem, dass der Strompreis in Deutschland durch diese Struktur doppelt belastet wird: einerseits durch den teuren Ausbau erneuerbarer Energien, andererseits durch Importkosten in Zeiten knapper Produktion. Die franz\u00f6sische Kernenergie, nahezu emissionsfrei und grundlastf\u00e4hig, verschafft dem Nachbarn Wettbewerbsvorteile\u00a0\u2013 und sorgt in Deutschland f\u00fcr energiepolitische Debatten.<\/p>\n<p data-start=\"2580\" data-end=\"2877\">Deutschland lehnt Atomstrom im Inland kategorisch ab, verl\u00e4sst sich im Krisenfall jedoch auf die Atomkraftwerke des Nachbarn. Die Versorgungssicherheit h\u00e4ngt damit in entscheidenden Momenten an einer Technologie, die politisch ge\u00e4chtet wurde.<\/p>\n<p data-start=\"2879\" data-end=\"3222\">Ob der Ausstieg langfristig tragf\u00e4hig ist, bleibt offen. Die Energiewende funktioniert unter den aktuellen Bedingungen nicht autark. Ohne franz\u00f6sischen Atomstrom m\u00fcsste Deutschland in kritischen Phasen entweder mehr fossile Energie einsetzen oder Versorgungsl\u00fccken riskieren.<\/p>\n<p data-start=\"2879\" data-end=\"3222\">Bundeskanzler Friedrich Merz verfolgt eine klare Linie in der Energiepolitik und lehnt die Wiederinbetriebnahme der Ostseepipeline Nord Stream\u00a02 ab. Gleichzeitig sieht er in der Energieabh\u00e4ngigkeit von Frankreichs Kernkraft und dem Import von US-amerikanischem Fl\u00fcssigerdgas (LNG) keine Sicherheitsrisiken.<\/p>\n<p data-start=\"2879\" data-end=\"3222\">Merz setzt auf eine diversifizierte Versorgung und betont die Bedeutung verl\u00e4sslicher Partner in Europa und transatlantischer Kooperation. Die Trump-\u00c4ra mit ihren protektionistischen Z\u00f6llen wird von ihm als unbegr\u00fcndet zur\u00fcckgewiesen, insbesondere im Hinblick auf die transatlantischen Energiebeziehungen.<\/p>\n<p data-start=\"2879\" data-end=\"3222\"><strong>Mehr zum Thema<\/strong>\u00a0\u2013\u00a0<a rel=\"nofollow noopener\" target=\"_blank\" href=\"https:\/\/freedert.online\/international\/244848-neue-krieg-gegen-russland-ii\/\">Der neue Krieg gegen Russland (II): Europa zwischen Moral und Machtpolitik \u2013 Kalkulierte Provokation<\/a><\/p>\n<div class=\"EmbedBlock-root EmbedBlock-externalVideo EmbedBlock-rumble\">\n<div class=\"VkEmbed\"><iframe class=\"lazyload\" data-src=\"https:\/\/rumble.com\/embed\/v58w5p6\" frameborder=\"0\" width=\"853\" height=\"480\" allowfullscreen><\/iframe><\/div>\n<\/div>\n<\/div>\n<p><br \/>\n<br \/><a href=\"https:\/\/de.rt.com\/inland\/252251-deutschlands-energiewende-ohne-frankreichs-atomstrom-geht-es-nicht\/\">Source link <\/a><\/p>\n","protected":false},"excerpt":{"rendered":"<p>Nach dem Atomausstieg importiert Deutschland gro\u00dfe Mengen an Strom aus Frankreich\u00a0\u2013 \u00fcberwiegend aus Kernkraft. Wetterabh\u00e4ngige Erneuerbare und fehlende Grundlastkraftwerke f\u00fchren zu h\u00f6heren Importen und steigenden Kosten, die Energiewende ist in einer strategischen Sackgasse. Mit der Abschaltung der letzten drei Kernkraftwerke im April\u00a02023 hat Deutschland einen energiepolitischen Kurs vollendet, der seit mehr als einem Jahrzehnt vorbereitet [&hellip;]<\/p>\n","protected":false},"author":3,"featured_media":88178,"comment_status":"open","ping_status":"open","sticky":false,"template":"","format":"standard","meta":{"_yoast_indexnow_last_ping":["1754156565"],"wp_automatic_camp":["217"],"44964a6a28ca2c580be1368b11fe07b5":["Deutschlands Energiewende: Ohne Frankreichs Atomstrom geht es nicht"],"original_link":["https:\/\/de.rt.com\/inland\/252251-deutschlands-energiewende-ohne-frankreichs-atomstrom-geht-es-nicht\/"],"_thumbnail_id":["88178"],"jnews_social_counter_last_update":["1777099845"],"_wptgpro_p2tg_sent2tg":["a:1:{i:23737;s:19:\"2025-08-02 19:43:55\";}"]},"categories":[19,23],"tags":[32188,4480,8250,19886,1673,800,779],"yoast_head":"<!-- This site is optimized with the Yoast SEO Premium plugin v22.7 (Yoast SEO v22.7) - https:\/\/yoast.com\/wordpress\/plugins\/seo\/ -->\n<title>Deutschlands Energiewende: Ohne Frankreichs Atomstrom geht es nicht - just-now.NEWS Deutschland<\/title>\n<meta name=\"robots\" content=\"index, follow, max-snippet:-1, max-image-preview:large, max-video-preview:-1\" \/>\n<link rel=\"canonical\" href=\"https:\/\/now-news.de\/de\/deutschland\/deutschlands-energiewende-ohne-frankreichs-atomstrom-geht-es-nicht\/\" \/>\n<meta property=\"og:locale\" content=\"de_DE\" \/>\n<meta property=\"og:type\" content=\"article\" \/>\n<meta property=\"og:title\" content=\"Deutschlands Energiewende: Ohne Frankreichs Atomstrom geht es nicht\" \/>\n<meta property=\"og:description\" content=\"Nach dem Atomausstieg importiert Deutschland gro\u00dfe Mengen an Strom aus Frankreich\u00a0\u2013 \u00fcberwiegend aus Kernkraft. Wetterabh\u00e4ngige Erneuerbare und fehlende Grundlastkraftwerke f\u00fchren zu h\u00f6heren Importen und steigenden Kosten, die Energiewende ist in einer strategischen Sackgasse. Mit der Abschaltung der letzten drei Kernkraftwerke im April\u00a02023 hat Deutschland einen energiepolitischen Kurs vollendet, der seit mehr als einem Jahrzehnt vorbereitet [&hellip;]\" \/>\n<meta property=\"og:url\" content=\"https:\/\/now-news.de\/de\/deutschland\/deutschlands-energiewende-ohne-frankreichs-atomstrom-geht-es-nicht\/\" \/>\n<meta property=\"og:site_name\" content=\"just-now.NEWS Deutschland\" \/>\n<meta property=\"article:publisher\" content=\"https:\/\/www.facebook.com\/wirmachenauf\" \/>\n<meta property=\"article:published_time\" content=\"2025-08-02T17:34:00+00:00\" \/>\n<meta property=\"og:image\" content=\"https:\/\/now-news.de\/de\/wp-content\/uploads\/sites\/3\/2025\/08\/688dfe5f48fbef738e09ced6.png\" \/>\n<meta name=\"author\" content=\"rtnews\" \/>\n<meta name=\"twitter:card\" content=\"summary_large_image\" \/>\n<meta name=\"twitter:creator\" content=\"@WirMachenAuf_de\" \/>\n<meta name=\"twitter:site\" content=\"@WirMachenAuf_de\" \/>\n<meta name=\"twitter:label1\" content=\"Verfasst von\" \/>\n\t<meta name=\"twitter:data1\" content=\"rtnews\" \/>\n\t<meta name=\"twitter:label2\" content=\"Gesch\u00e4tzte Lesezeit\" \/>\n\t<meta name=\"twitter:data2\" content=\"2\u00a0Minuten\" \/>\n<script type=\"application\/ld+json\" class=\"yoast-schema-graph\">{\"@context\":\"https:\/\/schema.org\",\"@graph\":[{\"@type\":\"Article\",\"@id\":\"https:\/\/now-news.de\/de\/deutschland\/deutschlands-energiewende-ohne-frankreichs-atomstrom-geht-es-nicht\/#article\",\"isPartOf\":{\"@id\":\"https:\/\/now-news.de\/de\/deutschland\/deutschlands-energiewende-ohne-frankreichs-atomstrom-geht-es-nicht\/\"},\"author\":{\"name\":\"rtnews\",\"@id\":\"https:\/\/now-news.de\/de\/#\/schema\/person\/fb534a4e865501d8b3285208df34a9b5\"},\"headline\":\"Deutschlands Energiewende: Ohne Frankreichs Atomstrom geht es nicht\",\"datePublished\":\"2025-08-02T17:34:00+00:00\",\"dateModified\":\"2025-08-02T17:34:00+00:00\",\"mainEntityOfPage\":{\"@id\":\"https:\/\/now-news.de\/de\/deutschland\/deutschlands-energiewende-ohne-frankreichs-atomstrom-geht-es-nicht\/\"},\"wordCount\":473,\"commentCount\":0,\"publisher\":{\"@id\":\"https:\/\/now-news.de\/de\/#organization\"},\"image\":{\"@id\":\"https:\/\/now-news.de\/de\/deutschland\/deutschlands-energiewende-ohne-frankreichs-atomstrom-geht-es-nicht\/#primaryimage\"},\"thumbnailUrl\":\"https:\/\/now-news.de\/de\/wp-content\/uploads\/sites\/3\/2025\/08\/Deutschlands-Energiewende-Ohne-Frankreichs-Atomstrom-geht-es-nicht.png\",\"keywords\":[\"Atomstrom\",\"Deutschlands\",\"Energiewende\",\"Frankreichs\",\"Geht\",\"nicht\",\"ohne\"],\"articleSection\":[\"Deutschland\",\"Russland\"],\"inLanguage\":\"de\",\"potentialAction\":[{\"@type\":\"CommentAction\",\"name\":\"Comment\",\"target\":[\"https:\/\/now-news.de\/de\/deutschland\/deutschlands-energiewende-ohne-frankreichs-atomstrom-geht-es-nicht\/#respond\"]}]},{\"@type\":\"WebPage\",\"@id\":\"https:\/\/now-news.de\/de\/deutschland\/deutschlands-energiewende-ohne-frankreichs-atomstrom-geht-es-nicht\/\",\"url\":\"https:\/\/now-news.de\/de\/deutschland\/deutschlands-energiewende-ohne-frankreichs-atomstrom-geht-es-nicht\/\",\"name\":\"Deutschlands Energiewende: Ohne Frankreichs Atomstrom geht es nicht - just-now.NEWS Deutschland\",\"isPartOf\":{\"@id\":\"https:\/\/now-news.de\/de\/#website\"},\"primaryImageOfPage\":{\"@id\":\"https:\/\/now-news.de\/de\/deutschland\/deutschlands-energiewende-ohne-frankreichs-atomstrom-geht-es-nicht\/#primaryimage\"},\"image\":{\"@id\":\"https:\/\/now-news.de\/de\/deutschland\/deutschlands-energiewende-ohne-frankreichs-atomstrom-geht-es-nicht\/#primaryimage\"},\"thumbnailUrl\":\"https:\/\/now-news.de\/de\/wp-content\/uploads\/sites\/3\/2025\/08\/Deutschlands-Energiewende-Ohne-Frankreichs-Atomstrom-geht-es-nicht.png\",\"datePublished\":\"2025-08-02T17:34:00+00:00\",\"dateModified\":\"2025-08-02T17:34:00+00:00\",\"breadcrumb\":{\"@id\":\"https:\/\/now-news.de\/de\/deutschland\/deutschlands-energiewende-ohne-frankreichs-atomstrom-geht-es-nicht\/#breadcrumb\"},\"inLanguage\":\"de\",\"potentialAction\":[{\"@type\":\"ReadAction\",\"target\":[\"https:\/\/now-news.de\/de\/deutschland\/deutschlands-energiewende-ohne-frankreichs-atomstrom-geht-es-nicht\/\"]}]},{\"@type\":\"ImageObject\",\"inLanguage\":\"de\",\"@id\":\"https:\/\/now-news.de\/de\/deutschland\/deutschlands-energiewende-ohne-frankreichs-atomstrom-geht-es-nicht\/#primaryimage\",\"url\":\"https:\/\/now-news.de\/de\/wp-content\/uploads\/sites\/3\/2025\/08\/Deutschlands-Energiewende-Ohne-Frankreichs-Atomstrom-geht-es-nicht.png\",\"contentUrl\":\"https:\/\/now-news.de\/de\/wp-content\/uploads\/sites\/3\/2025\/08\/Deutschlands-Energiewende-Ohne-Frankreichs-Atomstrom-geht-es-nicht.png\",\"width\":460,\"height\":259,\"caption\":\"Deutschlands Energiewende: Ohne Frankreichs Atomstrom geht es nicht\"},{\"@type\":\"BreadcrumbList\",\"@id\":\"https:\/\/now-news.de\/de\/deutschland\/deutschlands-energiewende-ohne-frankreichs-atomstrom-geht-es-nicht\/#breadcrumb\",\"itemListElement\":[{\"@type\":\"ListItem\",\"position\":1,\"name\":\"Home\",\"item\":\"https:\/\/now-news.de\/de\/\"},{\"@type\":\"ListItem\",\"position\":2,\"name\":\"Deutschlands Energiewende: Ohne Frankreichs Atomstrom geht es nicht\"}]},{\"@type\":\"WebSite\",\"@id\":\"https:\/\/now-news.de\/de\/#website\",\"url\":\"https:\/\/now-news.de\/de\/\",\"name\":\"just-now.NEWS Deutschland\",\"description\":\"Das Portal f\u00fcr unzensierte Nachrichten aus der Welt\",\"publisher\":{\"@id\":\"https:\/\/now-news.de\/de\/#organization\"},\"potentialAction\":[{\"@type\":\"SearchAction\",\"target\":{\"@type\":\"EntryPoint\",\"urlTemplate\":\"https:\/\/now-news.de\/de\/?s={search_term_string}\"},\"query-input\":\"required name=search_term_string\"}],\"inLanguage\":\"de\"},{\"@type\":\"Organization\",\"@id\":\"https:\/\/now-news.de\/de\/#organization\",\"name\":\"Just Now News\",\"url\":\"https:\/\/now-news.de\/de\/\",\"logo\":{\"@type\":\"ImageObject\",\"inLanguage\":\"de\",\"@id\":\"https:\/\/now-news.de\/de\/#\/schema\/logo\/image\/\",\"url\":\"http:\/\/just-now.news\/de\/wp-content\/uploads\/sites\/3\/2022\/04\/logo500x500.jpg\",\"contentUrl\":\"http:\/\/just-now.news\/de\/wp-content\/uploads\/sites\/3\/2022\/04\/logo500x500.jpg\",\"width\":500,\"height\":500,\"caption\":\"Just Now News\"},\"image\":{\"@id\":\"https:\/\/now-news.de\/de\/#\/schema\/logo\/image\/\"},\"sameAs\":[\"https:\/\/www.facebook.com\/wirmachenauf\",\"https:\/\/x.com\/WirMachenAuf_de\"]},{\"@type\":\"Person\",\"@id\":\"https:\/\/now-news.de\/de\/#\/schema\/person\/fb534a4e865501d8b3285208df34a9b5\",\"name\":\"rtnews\",\"image\":{\"@type\":\"ImageObject\",\"inLanguage\":\"de\",\"@id\":\"https:\/\/now-news.de\/de\/#\/schema\/person\/image\/\",\"url\":\"https:\/\/secure.gravatar.com\/avatar\/82aafea7d8127119dd649515f56e2117?s=96&d=mm&r=g\",\"contentUrl\":\"https:\/\/secure.gravatar.com\/avatar\/82aafea7d8127119dd649515f56e2117?s=96&d=mm&r=g\",\"caption\":\"rtnews\"},\"url\":\"https:\/\/now-news.de\/de\/author\/rnews\/\"}]}<\/script>\n<!-- \/ Yoast SEO Premium plugin. -->","yoast_head_json":{"title":"Deutschlands Energiewende: Ohne Frankreichs Atomstrom geht es nicht - just-now.NEWS Deutschland","robots":{"index":"index","follow":"follow","max-snippet":"max-snippet:-1","max-image-preview":"max-image-preview:large","max-video-preview":"max-video-preview:-1"},"canonical":"https:\/\/now-news.de\/de\/deutschland\/deutschlands-energiewende-ohne-frankreichs-atomstrom-geht-es-nicht\/","og_locale":"de_DE","og_type":"article","og_title":"Deutschlands Energiewende: Ohne Frankreichs Atomstrom geht es nicht","og_description":"Nach dem Atomausstieg importiert Deutschland gro\u00dfe Mengen an Strom aus Frankreich\u00a0\u2013 \u00fcberwiegend aus Kernkraft. Wetterabh\u00e4ngige Erneuerbare und fehlende Grundlastkraftwerke f\u00fchren zu h\u00f6heren Importen und steigenden Kosten, die Energiewende ist in einer strategischen Sackgasse. Mit der Abschaltung der letzten drei Kernkraftwerke im April\u00a02023 hat Deutschland einen energiepolitischen Kurs vollendet, der seit mehr als einem Jahrzehnt vorbereitet [&hellip;]","og_url":"https:\/\/now-news.de\/de\/deutschland\/deutschlands-energiewende-ohne-frankreichs-atomstrom-geht-es-nicht\/","og_site_name":"just-now.NEWS Deutschland","article_publisher":"https:\/\/www.facebook.com\/wirmachenauf","article_published_time":"2025-08-02T17:34:00+00:00","og_image":[{"url":"https:\/\/now-news.de\/de\/wp-content\/uploads\/sites\/3\/2025\/08\/688dfe5f48fbef738e09ced6.png"}],"author":"rtnews","twitter_card":"summary_large_image","twitter_creator":"@WirMachenAuf_de","twitter_site":"@WirMachenAuf_de","twitter_misc":{"Verfasst von":"rtnews","Gesch\u00e4tzte Lesezeit":"2\u00a0Minuten"},"schema":{"@context":"https:\/\/schema.org","@graph":[{"@type":"Article","@id":"https:\/\/now-news.de\/de\/deutschland\/deutschlands-energiewende-ohne-frankreichs-atomstrom-geht-es-nicht\/#article","isPartOf":{"@id":"https:\/\/now-news.de\/de\/deutschland\/deutschlands-energiewende-ohne-frankreichs-atomstrom-geht-es-nicht\/"},"author":{"name":"rtnews","@id":"https:\/\/now-news.de\/de\/#\/schema\/person\/fb534a4e865501d8b3285208df34a9b5"},"headline":"Deutschlands Energiewende: Ohne Frankreichs Atomstrom geht es nicht","datePublished":"2025-08-02T17:34:00+00:00","dateModified":"2025-08-02T17:34:00+00:00","mainEntityOfPage":{"@id":"https:\/\/now-news.de\/de\/deutschland\/deutschlands-energiewende-ohne-frankreichs-atomstrom-geht-es-nicht\/"},"wordCount":473,"commentCount":0,"publisher":{"@id":"https:\/\/now-news.de\/de\/#organization"},"image":{"@id":"https:\/\/now-news.de\/de\/deutschland\/deutschlands-energiewende-ohne-frankreichs-atomstrom-geht-es-nicht\/#primaryimage"},"thumbnailUrl":"https:\/\/now-news.de\/de\/wp-content\/uploads\/sites\/3\/2025\/08\/Deutschlands-Energiewende-Ohne-Frankreichs-Atomstrom-geht-es-nicht.png","keywords":["Atomstrom","Deutschlands","Energiewende","Frankreichs","Geht","nicht","ohne"],"articleSection":["Deutschland","Russland"],"inLanguage":"de","potentialAction":[{"@type":"CommentAction","name":"Comment","target":["https:\/\/now-news.de\/de\/deutschland\/deutschlands-energiewende-ohne-frankreichs-atomstrom-geht-es-nicht\/#respond"]}]},{"@type":"WebPage","@id":"https:\/\/now-news.de\/de\/deutschland\/deutschlands-energiewende-ohne-frankreichs-atomstrom-geht-es-nicht\/","url":"https:\/\/now-news.de\/de\/deutschland\/deutschlands-energiewende-ohne-frankreichs-atomstrom-geht-es-nicht\/","name":"Deutschlands Energiewende: Ohne Frankreichs Atomstrom geht es nicht - just-now.NEWS Deutschland","isPartOf":{"@id":"https:\/\/now-news.de\/de\/#website"},"primaryImageOfPage":{"@id":"https:\/\/now-news.de\/de\/deutschland\/deutschlands-energiewende-ohne-frankreichs-atomstrom-geht-es-nicht\/#primaryimage"},"image":{"@id":"https:\/\/now-news.de\/de\/deutschland\/deutschlands-energiewende-ohne-frankreichs-atomstrom-geht-es-nicht\/#primaryimage"},"thumbnailUrl":"https:\/\/now-news.de\/de\/wp-content\/uploads\/sites\/3\/2025\/08\/Deutschlands-Energiewende-Ohne-Frankreichs-Atomstrom-geht-es-nicht.png","datePublished":"2025-08-02T17:34:00+00:00","dateModified":"2025-08-02T17:34:00+00:00","breadcrumb":{"@id":"https:\/\/now-news.de\/de\/deutschland\/deutschlands-energiewende-ohne-frankreichs-atomstrom-geht-es-nicht\/#breadcrumb"},"inLanguage":"de","potentialAction":[{"@type":"ReadAction","target":["https:\/\/now-news.de\/de\/deutschland\/deutschlands-energiewende-ohne-frankreichs-atomstrom-geht-es-nicht\/"]}]},{"@type":"ImageObject","inLanguage":"de","@id":"https:\/\/now-news.de\/de\/deutschland\/deutschlands-energiewende-ohne-frankreichs-atomstrom-geht-es-nicht\/#primaryimage","url":"https:\/\/now-news.de\/de\/wp-content\/uploads\/sites\/3\/2025\/08\/Deutschlands-Energiewende-Ohne-Frankreichs-Atomstrom-geht-es-nicht.png","contentUrl":"https:\/\/now-news.de\/de\/wp-content\/uploads\/sites\/3\/2025\/08\/Deutschlands-Energiewende-Ohne-Frankreichs-Atomstrom-geht-es-nicht.png","width":460,"height":259,"caption":"Deutschlands Energiewende: Ohne Frankreichs Atomstrom geht es nicht"},{"@type":"BreadcrumbList","@id":"https:\/\/now-news.de\/de\/deutschland\/deutschlands-energiewende-ohne-frankreichs-atomstrom-geht-es-nicht\/#breadcrumb","itemListElement":[{"@type":"ListItem","position":1,"name":"Home","item":"https:\/\/now-news.de\/de\/"},{"@type":"ListItem","position":2,"name":"Deutschlands Energiewende: Ohne Frankreichs Atomstrom geht es nicht"}]},{"@type":"WebSite","@id":"https:\/\/now-news.de\/de\/#website","url":"https:\/\/now-news.de\/de\/","name":"just-now.NEWS Deutschland","description":"Das Portal f\u00fcr unzensierte Nachrichten aus der Welt","publisher":{"@id":"https:\/\/now-news.de\/de\/#organization"},"potentialAction":[{"@type":"SearchAction","target":{"@type":"EntryPoint","urlTemplate":"https:\/\/now-news.de\/de\/?s={search_term_string}"},"query-input":"required name=search_term_string"}],"inLanguage":"de"},{"@type":"Organization","@id":"https:\/\/now-news.de\/de\/#organization","name":"Just Now News","url":"https:\/\/now-news.de\/de\/","logo":{"@type":"ImageObject","inLanguage":"de","@id":"https:\/\/now-news.de\/de\/#\/schema\/logo\/image\/","url":"http:\/\/just-now.news\/de\/wp-content\/uploads\/sites\/3\/2022\/04\/logo500x500.jpg","contentUrl":"http:\/\/just-now.news\/de\/wp-content\/uploads\/sites\/3\/2022\/04\/logo500x500.jpg","width":500,"height":500,"caption":"Just Now News"},"image":{"@id":"https:\/\/now-news.de\/de\/#\/schema\/logo\/image\/"},"sameAs":["https:\/\/www.facebook.com\/wirmachenauf","https:\/\/x.com\/WirMachenAuf_de"]},{"@type":"Person","@id":"https:\/\/now-news.de\/de\/#\/schema\/person\/fb534a4e865501d8b3285208df34a9b5","name":"rtnews","image":{"@type":"ImageObject","inLanguage":"de","@id":"https:\/\/now-news.de\/de\/#\/schema\/person\/image\/","url":"https:\/\/secure.gravatar.com\/avatar\/82aafea7d8127119dd649515f56e2117?s=96&d=mm&r=g","contentUrl":"https:\/\/secure.gravatar.com\/avatar\/82aafea7d8127119dd649515f56e2117?s=96&d=mm&r=g","caption":"rtnews"},"url":"https:\/\/now-news.de\/de\/author\/rnews\/"}]}},"_links":{"self":[{"href":"https:\/\/now-news.de\/de\/wp-json\/wp\/v2\/posts\/88177"}],"collection":[{"href":"https:\/\/now-news.de\/de\/wp-json\/wp\/v2\/posts"}],"about":[{"href":"https:\/\/now-news.de\/de\/wp-json\/wp\/v2\/types\/post"}],"author":[{"embeddable":true,"href":"https:\/\/now-news.de\/de\/wp-json\/wp\/v2\/users\/3"}],"replies":[{"embeddable":true,"href":"https:\/\/now-news.de\/de\/wp-json\/wp\/v2\/comments?post=88177"}],"version-history":[{"count":0,"href":"https:\/\/now-news.de\/de\/wp-json\/wp\/v2\/posts\/88177\/revisions"}],"wp:featuredmedia":[{"embeddable":true,"href":"https:\/\/now-news.de\/de\/wp-json\/wp\/v2\/media\/88178"}],"wp:attachment":[{"href":"https:\/\/now-news.de\/de\/wp-json\/wp\/v2\/media?parent=88177"}],"wp:term":[{"taxonomy":"category","embeddable":true,"href":"https:\/\/now-news.de\/de\/wp-json\/wp\/v2\/categories?post=88177"},{"taxonomy":"post_tag","embeddable":true,"href":"https:\/\/now-news.de\/de\/wp-json\/wp\/v2\/tags?post=88177"}],"curies":[{"name":"wp","href":"https:\/\/api.w.org\/{rel}","templated":true}]}}