{"id":88074,"date":"2025-07-31T15:35:38","date_gmt":"2025-07-31T13:35:38","guid":{"rendered":"https:\/\/now-news.de\/de\/deutschland\/moskau-zu-fortsetzung-der-gespraeche-mit-kiew-bereit\/"},"modified":"2025-07-31T15:35:38","modified_gmt":"2025-07-31T13:35:38","slug":"moskau-zu-fortsetzung-der-gespraeche-mit-kiew-bereit","status":"publish","type":"post","link":"https:\/\/now-news.de\/de\/deutschland\/moskau-zu-fortsetzung-der-gespraeche-mit-kiew-bereit\/","title":{"rendered":"Moskau zu Fortsetzung der Gespr\u00e4che mit Kiew bereit"},"content":{"rendered":"<p><img decoding=\"async\" src=\"https:\/\/now-news.de\/de\/wp-content\/uploads\/sites\/3\/2025\/07\/688b469048fbef05e839d490.jpg\" \/><\/p>\n<div class=\"Text-root Text-type_1 \">\n                Moskau ist offen f\u00fcr weitere Verhandlungen mit Kiew, gibt der russische Vizeau\u00dfenminister Sergei Werschin bekannt. Es sei aber etwas verfr\u00fcht, von einem Treffen zwischen Wladimir Putin und Wladimir Selenskij zu sprechen.\n            <\/div>\n<p><\/p>\n<div class=\"Text-root Text-type_5 ArticleView-text ViewText-root \">\n<p>Russland ist bereit, die Verhandlungen mit der Ukraine fortzusetzen, erkl\u00e4rt Russlands stellvertretender Au\u00dfenminister Sergei Werschinin gegen\u00fcber Journalisten. Auch ein russisch-ukrainischer Gipfel sei unter Bedingungen m\u00f6glich.<\/p>\n<p>Hierbei zitieren russische Staatsmedien den Diplomaten wie folgt:<\/p>\n<blockquote>\n<p><em>&#8220;Drei Verhandlungsrunden haben stattgefunden und wir sind bereit, sie fortzusetzen. Was Treffen auf h\u00f6herer Ebene betrifft, so m\u00fcssen diese ernsthaft vorbereitet werden. Ohne diese Vorbereitung ist es wahrscheinlich verfr\u00fcht, dar\u00fcber zu sprechen.&#8221;<\/em><\/p>\n<\/blockquote>\n<p>Die dritte Verhandlungsrunde zwischen Russland und der Ukraine fand am 23. Juli in Istanbul statt und dauerte etwa eine Stunde. Der ukrainische Chefunterh\u00e4ndler Rustem Umerow teilte anschlie\u00dfend gegen\u00fcber Journalisten mit, Kiew habe der russischen Seite vorgeschlagen, bis Ende August ein Treffen zwischen Wladimir Putin und Wladimir Selenskij abzuhalten.<\/p>\n<p>In dem Zusammenhang betonte Russlands Chefunterh\u00e4ndler Wladimir Medinski, es sei notwendig, zun\u00e4chst die Gespr\u00e4chsthemen zu kl\u00e4ren und die Bedingungen einer Vereinbarung auszuarbeiten, bevor ein solches Treffen zustande komme. Ein Treffen zwischen Putin und Selenskij m\u00fcsse\u00a0den Schlusspunkt der Verhandlungen bilden.<\/p>\n<p>Nach Gespr\u00e4chen in Istanbul erkl\u00e4rte auch Kremlsprecher Dmitri Peskow auf Medienanfrage, dass ein russisch-ukrainischer Gipfel &#8220;den Schlusspunkt der Beilegung des Konflikts in der Ukraine bilden kann und muss&#8221;. Bei einem solchen Treffen sollen laut Peskow die Modalit\u00e4ten und Vereinbarungen festgehalten werden, die im Rahmen von Gutachtert\u00e4tigkeiten erarbeitet werden m\u00fcssen.<\/p>\n<p>Und weiter:<\/p>\n<blockquote>\n<p><em>&#8220;Ist es m\u00f6glich, einen so komplexen Prozess in 30 Tagen zu durchlaufen? Nun, offensichtlich ist es unwahrscheinlich.&#8221;<\/em><\/p>\n<\/blockquote>\n<p>Peskow betonte au\u00dferdem, dass die Position Russlands im Entwurf des Memorandums, der Kiew zuvor vorgelegt worden sei, klar zum Ausdruck komme. Derzeit seien die Positionen beider Seiten zu den Memoranden noch immer diametral entgegengesetzt, f\u00fcgte er hinzu. Es w\u00fcrden erhebliche zus\u00e4tzliche Anstrengungen erforderlich sein, um die Standpunkte einander anzun\u00e4hern.<\/p>\n<p><strong>Mehr zum Thema<\/strong> \u2012 <a rel=\"nofollow noopener\" target=\"_blank\" href=\"https:\/\/freedert.online\/meinung\/251567-neuer-general-armageddon-russland-hat\/\">Ein neuer &#8220;General Armageddon&#8221; \u2013 Russland hat den Westen wieder ver\u00e4ngstigt<\/a>.<\/p>\n<div class=\"EmbedBlock-root EmbedBlock-externalVideo EmbedBlock-rumble\">\n<div class=\"VkEmbed\"><iframe class=\"lazyload\" data-src=\"https:\/\/rumble.com\/embed\/v6uqjga\" frameborder=\"0\" width=\"853\" height=\"480\" allowfullscreen><\/iframe><\/div>\n<\/div>\n<\/div>\n<p><br \/>\n<br \/><a href=\"https:\/\/de.rt.com\/international\/252083-aussenministerium-russland-ist-bereit-gespraeche\/\">Source link <\/a><\/p>\n","protected":false},"excerpt":{"rendered":"<p>Moskau ist offen f\u00fcr weitere Verhandlungen mit Kiew, gibt der russische Vizeau\u00dfenminister Sergei Werschin bekannt. Es sei aber etwas verfr\u00fcht, von einem Treffen zwischen Wladimir Putin und Wladimir Selenskij zu sprechen. Russland ist bereit, die Verhandlungen mit der Ukraine fortzusetzen, erkl\u00e4rt Russlands stellvertretender Au\u00dfenminister Sergei Werschinin gegen\u00fcber Journalisten. Auch ein russisch-ukrainischer Gipfel sei unter Bedingungen [&hellip;]<\/p>\n","protected":false},"author":3,"featured_media":88075,"comment_status":"open","ping_status":"open","sticky":false,"template":"","format":"standard","meta":{"_yoast_indexnow_last_ping":["1753969363"],"wp_automatic_camp":["217"],"e8bde16bd7429375715ac9175652faec":["Moskau zu Fortsetzung der Gespr\u00e4che mit Kiew bereit"],"original_link":["https:\/\/de.rt.com\/international\/252083-aussenministerium-russland-ist-bereit-gespraeche\/"],"_thumbnail_id":["88075"],"jnews_social_counter_last_update":["1777199049"],"_wptgpro_p2tg_sent2tg":["a:1:{i:23737;s:19:\"2025-07-31 15:43:43\";}"]},"categories":[19,23],"tags":[964,82,26567,11231,1025,419,946],"yoast_head":"<!-- This site is optimized with the Yoast SEO Premium plugin v22.7 (Yoast SEO v22.7) - https:\/\/yoast.com\/wordpress\/plugins\/seo\/ -->\n<title>Moskau zu Fortsetzung der Gespr\u00e4che mit Kiew bereit - just-now.NEWS Deutschland<\/title>\n<meta name=\"robots\" content=\"index, follow, max-snippet:-1, max-image-preview:large, max-video-preview:-1\" \/>\n<link rel=\"canonical\" href=\"https:\/\/now-news.de\/de\/deutschland\/moskau-zu-fortsetzung-der-gespraeche-mit-kiew-bereit\/\" \/>\n<meta property=\"og:locale\" content=\"de_DE\" \/>\n<meta property=\"og:type\" content=\"article\" \/>\n<meta property=\"og:title\" content=\"Moskau zu Fortsetzung der Gespr\u00e4che mit Kiew bereit\" \/>\n<meta property=\"og:description\" content=\"Moskau ist offen f\u00fcr weitere Verhandlungen mit Kiew, gibt der russische Vizeau\u00dfenminister Sergei Werschin bekannt. Es sei aber etwas verfr\u00fcht, von einem Treffen zwischen Wladimir Putin und Wladimir Selenskij zu sprechen. Russland ist bereit, die Verhandlungen mit der Ukraine fortzusetzen, erkl\u00e4rt Russlands stellvertretender Au\u00dfenminister Sergei Werschinin gegen\u00fcber Journalisten. Auch ein russisch-ukrainischer Gipfel sei unter Bedingungen [&hellip;]\" \/>\n<meta property=\"og:url\" content=\"https:\/\/now-news.de\/de\/deutschland\/moskau-zu-fortsetzung-der-gespraeche-mit-kiew-bereit\/\" \/>\n<meta property=\"og:site_name\" content=\"just-now.NEWS Deutschland\" \/>\n<meta property=\"article:publisher\" content=\"https:\/\/www.facebook.com\/wirmachenauf\" \/>\n<meta property=\"article:published_time\" content=\"2025-07-31T13:35:38+00:00\" \/>\n<meta property=\"og:image\" content=\"https:\/\/now-news.de\/de\/wp-content\/uploads\/sites\/3\/2025\/07\/688b469048fbef05e839d490.jpg\" \/>\n<meta name=\"author\" content=\"rtnews\" \/>\n<meta name=\"twitter:card\" content=\"summary_large_image\" \/>\n<meta name=\"twitter:creator\" content=\"@WirMachenAuf_de\" \/>\n<meta name=\"twitter:site\" content=\"@WirMachenAuf_de\" \/>\n<meta name=\"twitter:label1\" content=\"Verfasst von\" \/>\n\t<meta name=\"twitter:data1\" content=\"rtnews\" \/>\n\t<meta name=\"twitter:label2\" content=\"Gesch\u00e4tzte Lesezeit\" \/>\n\t<meta name=\"twitter:data2\" content=\"2\u00a0Minuten\" \/>\n<script type=\"application\/ld+json\" class=\"yoast-schema-graph\">{\"@context\":\"https:\/\/schema.org\",\"@graph\":[{\"@type\":\"Article\",\"@id\":\"https:\/\/now-news.de\/de\/deutschland\/moskau-zu-fortsetzung-der-gespraeche-mit-kiew-bereit\/#article\",\"isPartOf\":{\"@id\":\"https:\/\/now-news.de\/de\/deutschland\/moskau-zu-fortsetzung-der-gespraeche-mit-kiew-bereit\/\"},\"author\":{\"name\":\"rtnews\",\"@id\":\"https:\/\/now-news.de\/de\/#\/schema\/person\/fb534a4e865501d8b3285208df34a9b5\"},\"headline\":\"Moskau zu Fortsetzung der Gespr\u00e4che mit Kiew bereit\",\"datePublished\":\"2025-07-31T13:35:38+00:00\",\"dateModified\":\"2025-07-31T13:35:38+00:00\",\"mainEntityOfPage\":{\"@id\":\"https:\/\/now-news.de\/de\/deutschland\/moskau-zu-fortsetzung-der-gespraeche-mit-kiew-bereit\/\"},\"wordCount\":355,\"commentCount\":0,\"publisher\":{\"@id\":\"https:\/\/now-news.de\/de\/#organization\"},\"image\":{\"@id\":\"https:\/\/now-news.de\/de\/deutschland\/moskau-zu-fortsetzung-der-gespraeche-mit-kiew-bereit\/#primaryimage\"},\"thumbnailUrl\":\"https:\/\/now-news.de\/de\/wp-content\/uploads\/sites\/3\/2025\/07\/Moskau-zu-Fortsetzung-der-Gespraeche-mit-Kiew-bereit.jpg\",\"keywords\":[\"bereit\",\"der\",\"Fortsetzung\",\"Gespr\u00e4che\",\"Kiew\",\"mit\",\"Moskau\"],\"articleSection\":[\"Deutschland\",\"Russland\"],\"inLanguage\":\"de\",\"potentialAction\":[{\"@type\":\"CommentAction\",\"name\":\"Comment\",\"target\":[\"https:\/\/now-news.de\/de\/deutschland\/moskau-zu-fortsetzung-der-gespraeche-mit-kiew-bereit\/#respond\"]}]},{\"@type\":\"WebPage\",\"@id\":\"https:\/\/now-news.de\/de\/deutschland\/moskau-zu-fortsetzung-der-gespraeche-mit-kiew-bereit\/\",\"url\":\"https:\/\/now-news.de\/de\/deutschland\/moskau-zu-fortsetzung-der-gespraeche-mit-kiew-bereit\/\",\"name\":\"Moskau zu Fortsetzung der Gespr\u00e4che mit Kiew bereit - just-now.NEWS Deutschland\",\"isPartOf\":{\"@id\":\"https:\/\/now-news.de\/de\/#website\"},\"primaryImageOfPage\":{\"@id\":\"https:\/\/now-news.de\/de\/deutschland\/moskau-zu-fortsetzung-der-gespraeche-mit-kiew-bereit\/#primaryimage\"},\"image\":{\"@id\":\"https:\/\/now-news.de\/de\/deutschland\/moskau-zu-fortsetzung-der-gespraeche-mit-kiew-bereit\/#primaryimage\"},\"thumbnailUrl\":\"https:\/\/now-news.de\/de\/wp-content\/uploads\/sites\/3\/2025\/07\/Moskau-zu-Fortsetzung-der-Gespraeche-mit-Kiew-bereit.jpg\",\"datePublished\":\"2025-07-31T13:35:38+00:00\",\"dateModified\":\"2025-07-31T13:35:38+00:00\",\"breadcrumb\":{\"@id\":\"https:\/\/now-news.de\/de\/deutschland\/moskau-zu-fortsetzung-der-gespraeche-mit-kiew-bereit\/#breadcrumb\"},\"inLanguage\":\"de\",\"potentialAction\":[{\"@type\":\"ReadAction\",\"target\":[\"https:\/\/now-news.de\/de\/deutschland\/moskau-zu-fortsetzung-der-gespraeche-mit-kiew-bereit\/\"]}]},{\"@type\":\"ImageObject\",\"inLanguage\":\"de\",\"@id\":\"https:\/\/now-news.de\/de\/deutschland\/moskau-zu-fortsetzung-der-gespraeche-mit-kiew-bereit\/#primaryimage\",\"url\":\"https:\/\/now-news.de\/de\/wp-content\/uploads\/sites\/3\/2025\/07\/Moskau-zu-Fortsetzung-der-Gespraeche-mit-Kiew-bereit.jpg\",\"contentUrl\":\"https:\/\/now-news.de\/de\/wp-content\/uploads\/sites\/3\/2025\/07\/Moskau-zu-Fortsetzung-der-Gespraeche-mit-Kiew-bereit.jpg\",\"width\":460,\"height\":259,\"caption\":\"Moskau zu Fortsetzung der Gespr\u00e4che mit Kiew bereit\"},{\"@type\":\"BreadcrumbList\",\"@id\":\"https:\/\/now-news.de\/de\/deutschland\/moskau-zu-fortsetzung-der-gespraeche-mit-kiew-bereit\/#breadcrumb\",\"itemListElement\":[{\"@type\":\"ListItem\",\"position\":1,\"name\":\"Home\",\"item\":\"https:\/\/now-news.de\/de\/\"},{\"@type\":\"ListItem\",\"position\":2,\"name\":\"Moskau zu Fortsetzung der Gespr\u00e4che mit Kiew bereit\"}]},{\"@type\":\"WebSite\",\"@id\":\"https:\/\/now-news.de\/de\/#website\",\"url\":\"https:\/\/now-news.de\/de\/\",\"name\":\"just-now.NEWS Deutschland\",\"description\":\"Das Portal f\u00fcr unzensierte Nachrichten aus der Welt\",\"publisher\":{\"@id\":\"https:\/\/now-news.de\/de\/#organization\"},\"potentialAction\":[{\"@type\":\"SearchAction\",\"target\":{\"@type\":\"EntryPoint\",\"urlTemplate\":\"https:\/\/now-news.de\/de\/?s={search_term_string}\"},\"query-input\":\"required name=search_term_string\"}],\"inLanguage\":\"de\"},{\"@type\":\"Organization\",\"@id\":\"https:\/\/now-news.de\/de\/#organization\",\"name\":\"Just Now News\",\"url\":\"https:\/\/now-news.de\/de\/\",\"logo\":{\"@type\":\"ImageObject\",\"inLanguage\":\"de\",\"@id\":\"https:\/\/now-news.de\/de\/#\/schema\/logo\/image\/\",\"url\":\"http:\/\/just-now.news\/de\/wp-content\/uploads\/sites\/3\/2022\/04\/logo500x500.jpg\",\"contentUrl\":\"http:\/\/just-now.news\/de\/wp-content\/uploads\/sites\/3\/2022\/04\/logo500x500.jpg\",\"width\":500,\"height\":500,\"caption\":\"Just Now News\"},\"image\":{\"@id\":\"https:\/\/now-news.de\/de\/#\/schema\/logo\/image\/\"},\"sameAs\":[\"https:\/\/www.facebook.com\/wirmachenauf\",\"https:\/\/x.com\/WirMachenAuf_de\"]},{\"@type\":\"Person\",\"@id\":\"https:\/\/now-news.de\/de\/#\/schema\/person\/fb534a4e865501d8b3285208df34a9b5\",\"name\":\"rtnews\",\"image\":{\"@type\":\"ImageObject\",\"inLanguage\":\"de\",\"@id\":\"https:\/\/now-news.de\/de\/#\/schema\/person\/image\/\",\"url\":\"https:\/\/secure.gravatar.com\/avatar\/82aafea7d8127119dd649515f56e2117?s=96&d=mm&r=g\",\"contentUrl\":\"https:\/\/secure.gravatar.com\/avatar\/82aafea7d8127119dd649515f56e2117?s=96&d=mm&r=g\",\"caption\":\"rtnews\"},\"url\":\"https:\/\/now-news.de\/de\/author\/rnews\/\"}]}<\/script>\n<!-- \/ Yoast SEO Premium plugin. -->","yoast_head_json":{"title":"Moskau zu Fortsetzung der Gespr\u00e4che mit Kiew bereit - just-now.NEWS Deutschland","robots":{"index":"index","follow":"follow","max-snippet":"max-snippet:-1","max-image-preview":"max-image-preview:large","max-video-preview":"max-video-preview:-1"},"canonical":"https:\/\/now-news.de\/de\/deutschland\/moskau-zu-fortsetzung-der-gespraeche-mit-kiew-bereit\/","og_locale":"de_DE","og_type":"article","og_title":"Moskau zu Fortsetzung der Gespr\u00e4che mit Kiew bereit","og_description":"Moskau ist offen f\u00fcr weitere Verhandlungen mit Kiew, gibt der russische Vizeau\u00dfenminister Sergei Werschin bekannt. Es sei aber etwas verfr\u00fcht, von einem Treffen zwischen Wladimir Putin und Wladimir Selenskij zu sprechen. Russland ist bereit, die Verhandlungen mit der Ukraine fortzusetzen, erkl\u00e4rt Russlands stellvertretender Au\u00dfenminister Sergei Werschinin gegen\u00fcber Journalisten. Auch ein russisch-ukrainischer Gipfel sei unter Bedingungen [&hellip;]","og_url":"https:\/\/now-news.de\/de\/deutschland\/moskau-zu-fortsetzung-der-gespraeche-mit-kiew-bereit\/","og_site_name":"just-now.NEWS Deutschland","article_publisher":"https:\/\/www.facebook.com\/wirmachenauf","article_published_time":"2025-07-31T13:35:38+00:00","og_image":[{"url":"https:\/\/now-news.de\/de\/wp-content\/uploads\/sites\/3\/2025\/07\/688b469048fbef05e839d490.jpg"}],"author":"rtnews","twitter_card":"summary_large_image","twitter_creator":"@WirMachenAuf_de","twitter_site":"@WirMachenAuf_de","twitter_misc":{"Verfasst von":"rtnews","Gesch\u00e4tzte Lesezeit":"2\u00a0Minuten"},"schema":{"@context":"https:\/\/schema.org","@graph":[{"@type":"Article","@id":"https:\/\/now-news.de\/de\/deutschland\/moskau-zu-fortsetzung-der-gespraeche-mit-kiew-bereit\/#article","isPartOf":{"@id":"https:\/\/now-news.de\/de\/deutschland\/moskau-zu-fortsetzung-der-gespraeche-mit-kiew-bereit\/"},"author":{"name":"rtnews","@id":"https:\/\/now-news.de\/de\/#\/schema\/person\/fb534a4e865501d8b3285208df34a9b5"},"headline":"Moskau zu Fortsetzung der Gespr\u00e4che mit Kiew bereit","datePublished":"2025-07-31T13:35:38+00:00","dateModified":"2025-07-31T13:35:38+00:00","mainEntityOfPage":{"@id":"https:\/\/now-news.de\/de\/deutschland\/moskau-zu-fortsetzung-der-gespraeche-mit-kiew-bereit\/"},"wordCount":355,"commentCount":0,"publisher":{"@id":"https:\/\/now-news.de\/de\/#organization"},"image":{"@id":"https:\/\/now-news.de\/de\/deutschland\/moskau-zu-fortsetzung-der-gespraeche-mit-kiew-bereit\/#primaryimage"},"thumbnailUrl":"https:\/\/now-news.de\/de\/wp-content\/uploads\/sites\/3\/2025\/07\/Moskau-zu-Fortsetzung-der-Gespraeche-mit-Kiew-bereit.jpg","keywords":["bereit","der","Fortsetzung","Gespr\u00e4che","Kiew","mit","Moskau"],"articleSection":["Deutschland","Russland"],"inLanguage":"de","potentialAction":[{"@type":"CommentAction","name":"Comment","target":["https:\/\/now-news.de\/de\/deutschland\/moskau-zu-fortsetzung-der-gespraeche-mit-kiew-bereit\/#respond"]}]},{"@type":"WebPage","@id":"https:\/\/now-news.de\/de\/deutschland\/moskau-zu-fortsetzung-der-gespraeche-mit-kiew-bereit\/","url":"https:\/\/now-news.de\/de\/deutschland\/moskau-zu-fortsetzung-der-gespraeche-mit-kiew-bereit\/","name":"Moskau zu Fortsetzung der Gespr\u00e4che mit Kiew bereit - just-now.NEWS Deutschland","isPartOf":{"@id":"https:\/\/now-news.de\/de\/#website"},"primaryImageOfPage":{"@id":"https:\/\/now-news.de\/de\/deutschland\/moskau-zu-fortsetzung-der-gespraeche-mit-kiew-bereit\/#primaryimage"},"image":{"@id":"https:\/\/now-news.de\/de\/deutschland\/moskau-zu-fortsetzung-der-gespraeche-mit-kiew-bereit\/#primaryimage"},"thumbnailUrl":"https:\/\/now-news.de\/de\/wp-content\/uploads\/sites\/3\/2025\/07\/Moskau-zu-Fortsetzung-der-Gespraeche-mit-Kiew-bereit.jpg","datePublished":"2025-07-31T13:35:38+00:00","dateModified":"2025-07-31T13:35:38+00:00","breadcrumb":{"@id":"https:\/\/now-news.de\/de\/deutschland\/moskau-zu-fortsetzung-der-gespraeche-mit-kiew-bereit\/#breadcrumb"},"inLanguage":"de","potentialAction":[{"@type":"ReadAction","target":["https:\/\/now-news.de\/de\/deutschland\/moskau-zu-fortsetzung-der-gespraeche-mit-kiew-bereit\/"]}]},{"@type":"ImageObject","inLanguage":"de","@id":"https:\/\/now-news.de\/de\/deutschland\/moskau-zu-fortsetzung-der-gespraeche-mit-kiew-bereit\/#primaryimage","url":"https:\/\/now-news.de\/de\/wp-content\/uploads\/sites\/3\/2025\/07\/Moskau-zu-Fortsetzung-der-Gespraeche-mit-Kiew-bereit.jpg","contentUrl":"https:\/\/now-news.de\/de\/wp-content\/uploads\/sites\/3\/2025\/07\/Moskau-zu-Fortsetzung-der-Gespraeche-mit-Kiew-bereit.jpg","width":460,"height":259,"caption":"Moskau zu Fortsetzung der Gespr\u00e4che mit Kiew bereit"},{"@type":"BreadcrumbList","@id":"https:\/\/now-news.de\/de\/deutschland\/moskau-zu-fortsetzung-der-gespraeche-mit-kiew-bereit\/#breadcrumb","itemListElement":[{"@type":"ListItem","position":1,"name":"Home","item":"https:\/\/now-news.de\/de\/"},{"@type":"ListItem","position":2,"name":"Moskau zu Fortsetzung der Gespr\u00e4che mit Kiew bereit"}]},{"@type":"WebSite","@id":"https:\/\/now-news.de\/de\/#website","url":"https:\/\/now-news.de\/de\/","name":"just-now.NEWS Deutschland","description":"Das Portal f\u00fcr unzensierte Nachrichten aus der Welt","publisher":{"@id":"https:\/\/now-news.de\/de\/#organization"},"potentialAction":[{"@type":"SearchAction","target":{"@type":"EntryPoint","urlTemplate":"https:\/\/now-news.de\/de\/?s={search_term_string}"},"query-input":"required name=search_term_string"}],"inLanguage":"de"},{"@type":"Organization","@id":"https:\/\/now-news.de\/de\/#organization","name":"Just Now News","url":"https:\/\/now-news.de\/de\/","logo":{"@type":"ImageObject","inLanguage":"de","@id":"https:\/\/now-news.de\/de\/#\/schema\/logo\/image\/","url":"http:\/\/just-now.news\/de\/wp-content\/uploads\/sites\/3\/2022\/04\/logo500x500.jpg","contentUrl":"http:\/\/just-now.news\/de\/wp-content\/uploads\/sites\/3\/2022\/04\/logo500x500.jpg","width":500,"height":500,"caption":"Just Now News"},"image":{"@id":"https:\/\/now-news.de\/de\/#\/schema\/logo\/image\/"},"sameAs":["https:\/\/www.facebook.com\/wirmachenauf","https:\/\/x.com\/WirMachenAuf_de"]},{"@type":"Person","@id":"https:\/\/now-news.de\/de\/#\/schema\/person\/fb534a4e865501d8b3285208df34a9b5","name":"rtnews","image":{"@type":"ImageObject","inLanguage":"de","@id":"https:\/\/now-news.de\/de\/#\/schema\/person\/image\/","url":"https:\/\/secure.gravatar.com\/avatar\/82aafea7d8127119dd649515f56e2117?s=96&d=mm&r=g","contentUrl":"https:\/\/secure.gravatar.com\/avatar\/82aafea7d8127119dd649515f56e2117?s=96&d=mm&r=g","caption":"rtnews"},"url":"https:\/\/now-news.de\/de\/author\/rnews\/"}]}},"_links":{"self":[{"href":"https:\/\/now-news.de\/de\/wp-json\/wp\/v2\/posts\/88074"}],"collection":[{"href":"https:\/\/now-news.de\/de\/wp-json\/wp\/v2\/posts"}],"about":[{"href":"https:\/\/now-news.de\/de\/wp-json\/wp\/v2\/types\/post"}],"author":[{"embeddable":true,"href":"https:\/\/now-news.de\/de\/wp-json\/wp\/v2\/users\/3"}],"replies":[{"embeddable":true,"href":"https:\/\/now-news.de\/de\/wp-json\/wp\/v2\/comments?post=88074"}],"version-history":[{"count":0,"href":"https:\/\/now-news.de\/de\/wp-json\/wp\/v2\/posts\/88074\/revisions"}],"wp:featuredmedia":[{"embeddable":true,"href":"https:\/\/now-news.de\/de\/wp-json\/wp\/v2\/media\/88075"}],"wp:attachment":[{"href":"https:\/\/now-news.de\/de\/wp-json\/wp\/v2\/media?parent=88074"}],"wp:term":[{"taxonomy":"category","embeddable":true,"href":"https:\/\/now-news.de\/de\/wp-json\/wp\/v2\/categories?post=88074"},{"taxonomy":"post_tag","embeddable":true,"href":"https:\/\/now-news.de\/de\/wp-json\/wp\/v2\/tags?post=88074"}],"curies":[{"name":"wp","href":"https:\/\/api.w.org\/{rel}","templated":true}]}}