{"id":88029,"date":"2025-07-30T16:22:50","date_gmt":"2025-07-30T14:22:50","guid":{"rendered":"https:\/\/now-news.de\/de\/deutschland\/tod-im-karakorum-laura-dahlmeier-mit-31-jahren-toedlich-verunglueckt\/"},"modified":"2025-07-30T16:22:50","modified_gmt":"2025-07-30T14:22:50","slug":"tod-im-karakorum-laura-dahlmeier-mit-31-jahren-toedlich-verunglueckt","status":"publish","type":"post","link":"https:\/\/now-news.de\/de\/deutschland\/tod-im-karakorum-laura-dahlmeier-mit-31-jahren-toedlich-verunglueckt\/","title":{"rendered":"Tod im Karakorum: Laura Dahlmeier mit 31 Jahren t\u00f6dlich verungl\u00fcckt"},"content":{"rendered":"<p><img decoding=\"async\" src=\"https:\/\/now-news.de\/de\/wp-content\/uploads\/sites\/3\/2025\/07\/688a23bcb480cc01815895c6.png\" \/><\/p>\n<div class=\"Text-root Text-type_1 \">\n                Die mehrfache Biathlon-Olympiasiegerin Laura Dahlmeier ist im Karakorum-Gebirge bei einem Steinschlag t\u00f6dlich verungl\u00fcckt. Die 31-J\u00e4hrige hatte nach ihrer Sportkarriere den Weg in den Alpinismus gefunden \u2013 und war sich der Risiken in den Bergen stets bewusst.\n            <\/div>\n<p><\/p>\n<div class=\"Text-root Text-type_5 ArticleView-text ViewText-root \">\n<p data-start=\"0\" data-end=\"139\">Laura Dahlmeier, eine der gr\u00f6\u00dften deutschen Biathletinnen, ist mit nur 31 Jahren bei einer Bergexpedition in Pakistan ums Leben gekommen.<\/p>\n<p data-start=\"141\" data-end=\"713\">Am 28. Juli 2025 war die geb\u00fcrtige Garmisch-Partenkirchenerin mit einer Seilpartnerin am Laila Peak im Karakorum unterwegs. Auf rund 5.700 Metern H\u00f6he wurden sie von herabfallenden Felsbrocken getroffen. Der Notruf wurde sofort abgesetzt, doch das Gebiet z\u00e4hlt zu den entlegensten und schwierigsten der Welt.<\/p>\n<p data-start=\"141\" data-end=\"713\">Ein Rettungshubschrauber erreichte die Unfallstelle erst am n\u00e4chsten Morgen, musste die Suche aber wegen der Dunkelheit abbrechen. Am Mittwoch kam die traurige Gewissheit: Laura Dahlmeier ist tot. Ihrem Wunsch entsprechend wird ihr K\u00f6rper nicht ins Tal gebracht.<\/p>\n<p data-start=\"141\" data-end=\"713\">Es sei Dahlmeiers &#8220;ausdr\u00fccklicher und niedergeschriebener Wille&#8221; gewesen, &#8220;dass in einem Fall wie diesem niemand sein Leben riskieren darf, um sie zu bergen&#8221; und ihr Leichnam &#8220;in diesem Fall am Berg zur\u00fcckzulassen&#8221; sei, hie\u00df es in einer Mitteilung.<\/p>\n<p data-start=\"141\" data-end=\"713\">Dahlmeier z\u00e4hlte zu den erfolgreichsten Wintersportlern Deutschlands. Bei den Olympischen Spielen 2018 in Pyeongchang gewann sie zweimal Gold und einmal Bronze. Ein Jahr zuvor hatte sie mit f\u00fcnf Weltmeistertiteln bei einer einzigen WM Sportgeschichte geschrieben. In der Saison 2016\/17 sicherte sie sich den Gesamtweltcup und dominierte den Biathlon wie kaum eine andere.<\/p>\n<p data-start=\"1090\" data-end=\"1500\">Trotz all ihrer Erfolge blieb sie bodenst\u00e4ndig. Im Mai 2019, mitten in ihrer Karriere, beendete sie \u00fcberraschend ihren Sport. Sie sprach offen \u00fcber k\u00f6rperliche und mentale Ersch\u00f6pfung und wandte sich neuen Herausforderungen zu. Sie absolvierte eine zweieinhalbj\u00e4hrige Ausbildung zur staatlich gepr\u00fcften Berg- und Skif\u00fchrerin, schrieb B\u00fccher, arbeitete als TV-Expertin und engagierte sich f\u00fcr den Naturschutz.<\/p>\n<p data-start=\"1502\" data-end=\"1665\">Immer wieder betonte sie in Gespr\u00e4chen ihren Respekt vor den Bergen.<\/p>\n<blockquote>\n<p data-start=\"1502\" data-end=\"1665\"><em>&#8220;Wer in die H\u00f6he geht, muss wissen, dass er auch nicht zur\u00fcckkommen kann&#8221;<\/em>, sagte sie einmal.<\/p>\n<\/blockquote>\n<p data-start=\"1667\" data-end=\"1848\" data-is-last-node=\"\" data-is-only-node=\"\">Laura Dahlmeier hatte schriftlich festgelegt, dass niemand sein Leben riskieren soll, um sie zu bergen, und ihr Leichnam am Berg bleiben soll. Ihre Angeh\u00f6rigen bitten darum, diesen Wunsch zu respektieren. Ein gro\u00dfer Dank gilt dem Rettungsteam und den Bergsteigern, die alles versucht haben.<\/p>\n<p data-start=\"294\" data-end=\"451\">Seit Ende Juni war Dahlmeier mit Freunden in der Region, bestieg am 8. Juli den Great Trango Tower (6.287 m) und wollte den <em><a rel=\"nofollow noopener\" target=\"_blank\" href=\"https:\/\/www.google.com\/maps\/place\/Laila+Peak\/@38.4769795,67.9206319,2401874m\/data=!3m1!1e3!4m6!3m5!1s0x38e6758204d997dd:0x16d81c9a63f411c7!8m2!3d35.5912324!4d76.4054558!16zL20vMGNtZDJr?entry=ttu&amp;g_ep=EgoyMDI1MDcyNy4wIKXMDSoASAFQAw%3D%3D\">Laila Peak<\/a><\/em> (6.069 m) erreichen.<\/p>\n<p data-start=\"453\" data-end=\"639\" data-is-last-node=\"\" data-is-only-node=\"\">Wegen gef\u00e4hrlicher Wetter- und Steinschlagbedingungen am Laila Peak ist eine Bergung aus etwa 5.700 Metern nicht m\u00f6glich. Die Rettungsaktion wurde eingestellt\u2013 im Sinne der Angeh\u00f6rigen.<\/p>\n<p data-start=\"1667\" data-end=\"1848\" data-is-last-node=\"\" data-is-only-node=\"\">Mit ihrem Tod verliert der deutsche Sport nicht nur eine Ausnahmeathletin, sondern auch eine Frau, die ihren eigenen Weg gegangen ist \u2013 konsequent und kompromisslos bis zum Schluss.<\/p>\n<p data-start=\"1667\" data-end=\"1848\" data-is-last-node=\"\" data-is-only-node=\"\"><strong>Mehr zum Thema<\/strong>\u00a0&#8211;\u00a0<a rel=\"nofollow noopener\" target=\"_blank\" href=\"https:\/\/freedert.online\/international\/229545-gukesh-schlaegt-kasparow-als-juengster-schachweltmeister-aller-zeiten\/\">Gukesh schl\u00e4gt Kasparow als j\u00fcngster Schachweltmeister aller Zeiten<\/a><\/p>\n<div class=\"EmbedBlock-root EmbedBlock-externalVideo EmbedBlock-rumble\">\n<div class=\"VkEmbed\"><iframe class=\"lazyload\" data-src=\"https:\/\/rumble.com\/embed\/v5gw3ph\" frameborder=\"0\" width=\"853\" height=\"480\" allowfullscreen><\/iframe><\/div>\n<\/div>\n<\/div>\n<p><br \/>\n<br \/><a href=\"https:\/\/de.rt.com\/international\/252018-tod-im-karakorum-laura-dahlmeier\/\">Source link <\/a><\/p>\n","protected":false},"excerpt":{"rendered":"<p>Die mehrfache Biathlon-Olympiasiegerin Laura Dahlmeier ist im Karakorum-Gebirge bei einem Steinschlag t\u00f6dlich verungl\u00fcckt. Die 31-J\u00e4hrige hatte nach ihrer Sportkarriere den Weg in den Alpinismus gefunden \u2013 und war sich der Risiken in den Bergen stets bewusst. Laura Dahlmeier, eine der gr\u00f6\u00dften deutschen Biathletinnen, ist mit nur 31 Jahren bei einer Bergexpedition in Pakistan ums Leben [&hellip;]<\/p>\n","protected":false},"author":3,"featured_media":88030,"comment_status":"open","ping_status":"open","sticky":false,"template":"","format":"standard","meta":{"_yoast_indexnow_last_ping":["1753885421"],"wp_automatic_camp":["217"],"195e652300937e89fd4eea80bdd53ecc":["Tod im Karakorum: Laura Dahlmeier mit 31 Jahren t\u00f6dlich verungl\u00fcckt"],"original_link":["https:\/\/de.rt.com\/international\/252018-tod-im-karakorum-laura-dahlmeier\/"],"_thumbnail_id":["88030"],"jnews_social_counter_last_update":["1777012772"],"_wptgpro_p2tg_sent2tg":["a:1:{i:23737;s:19:\"2025-07-30 16:24:43\";}"]},"categories":[19,23],"tags":[66729,1728,66728,24948,419,12077,4985,23489],"yoast_head":"<!-- This site is optimized with the Yoast SEO Premium plugin v22.7 (Yoast SEO v22.7) - https:\/\/yoast.com\/wordpress\/plugins\/seo\/ -->\n<title>Tod im Karakorum: Laura Dahlmeier mit 31 Jahren t\u00f6dlich verungl\u00fcckt - just-now.NEWS Deutschland<\/title>\n<meta name=\"robots\" content=\"index, follow, max-snippet:-1, max-image-preview:large, max-video-preview:-1\" \/>\n<link rel=\"canonical\" href=\"https:\/\/now-news.de\/de\/deutschland\/tod-im-karakorum-laura-dahlmeier-mit-31-jahren-toedlich-verunglueckt\/\" \/>\n<meta property=\"og:locale\" content=\"de_DE\" \/>\n<meta property=\"og:type\" content=\"article\" \/>\n<meta property=\"og:title\" content=\"Tod im Karakorum: Laura Dahlmeier mit 31 Jahren t\u00f6dlich verungl\u00fcckt\" \/>\n<meta property=\"og:description\" content=\"Die mehrfache Biathlon-Olympiasiegerin Laura Dahlmeier ist im Karakorum-Gebirge bei einem Steinschlag t\u00f6dlich verungl\u00fcckt. Die 31-J\u00e4hrige hatte nach ihrer Sportkarriere den Weg in den Alpinismus gefunden \u2013 und war sich der Risiken in den Bergen stets bewusst. Laura Dahlmeier, eine der gr\u00f6\u00dften deutschen Biathletinnen, ist mit nur 31 Jahren bei einer Bergexpedition in Pakistan ums Leben [&hellip;]\" \/>\n<meta property=\"og:url\" content=\"https:\/\/now-news.de\/de\/deutschland\/tod-im-karakorum-laura-dahlmeier-mit-31-jahren-toedlich-verunglueckt\/\" \/>\n<meta property=\"og:site_name\" content=\"just-now.NEWS Deutschland\" \/>\n<meta property=\"article:publisher\" content=\"https:\/\/www.facebook.com\/wirmachenauf\" \/>\n<meta property=\"article:published_time\" content=\"2025-07-30T14:22:50+00:00\" \/>\n<meta property=\"og:image\" content=\"https:\/\/now-news.de\/de\/wp-content\/uploads\/sites\/3\/2025\/07\/688a23bcb480cc01815895c6.png\" \/>\n<meta name=\"author\" content=\"rtnews\" \/>\n<meta name=\"twitter:card\" content=\"summary_large_image\" \/>\n<meta name=\"twitter:creator\" content=\"@WirMachenAuf_de\" \/>\n<meta name=\"twitter:site\" content=\"@WirMachenAuf_de\" \/>\n<meta name=\"twitter:label1\" content=\"Verfasst von\" \/>\n\t<meta name=\"twitter:data1\" content=\"rtnews\" \/>\n\t<meta name=\"twitter:label2\" content=\"Gesch\u00e4tzte Lesezeit\" \/>\n\t<meta name=\"twitter:data2\" content=\"2\u00a0Minuten\" \/>\n<script type=\"application\/ld+json\" class=\"yoast-schema-graph\">{\"@context\":\"https:\/\/schema.org\",\"@graph\":[{\"@type\":\"Article\",\"@id\":\"https:\/\/now-news.de\/de\/deutschland\/tod-im-karakorum-laura-dahlmeier-mit-31-jahren-toedlich-verunglueckt\/#article\",\"isPartOf\":{\"@id\":\"https:\/\/now-news.de\/de\/deutschland\/tod-im-karakorum-laura-dahlmeier-mit-31-jahren-toedlich-verunglueckt\/\"},\"author\":{\"name\":\"rtnews\",\"@id\":\"https:\/\/now-news.de\/de\/#\/schema\/person\/fb534a4e865501d8b3285208df34a9b5\"},\"headline\":\"Tod im Karakorum: Laura Dahlmeier mit 31 Jahren t\u00f6dlich verungl\u00fcckt\",\"datePublished\":\"2025-07-30T14:22:50+00:00\",\"dateModified\":\"2025-07-30T14:22:50+00:00\",\"mainEntityOfPage\":{\"@id\":\"https:\/\/now-news.de\/de\/deutschland\/tod-im-karakorum-laura-dahlmeier-mit-31-jahren-toedlich-verunglueckt\/\"},\"wordCount\":477,\"commentCount\":0,\"publisher\":{\"@id\":\"https:\/\/now-news.de\/de\/#organization\"},\"image\":{\"@id\":\"https:\/\/now-news.de\/de\/deutschland\/tod-im-karakorum-laura-dahlmeier-mit-31-jahren-toedlich-verunglueckt\/#primaryimage\"},\"thumbnailUrl\":\"https:\/\/now-news.de\/de\/wp-content\/uploads\/sites\/3\/2025\/07\/Tod-im-Karakorum-Laura-Dahlmeier-mit-31-Jahren-toedlich-verunglueckt.png\",\"keywords\":[\"Dahlmeier\",\"Jahren\",\"Karakorum\",\"Laura\",\"mit\",\"Tod\",\"t\u00f6dlich\",\"verungl\u00fcckt\"],\"articleSection\":[\"Deutschland\",\"Russland\"],\"inLanguage\":\"de\",\"potentialAction\":[{\"@type\":\"CommentAction\",\"name\":\"Comment\",\"target\":[\"https:\/\/now-news.de\/de\/deutschland\/tod-im-karakorum-laura-dahlmeier-mit-31-jahren-toedlich-verunglueckt\/#respond\"]}]},{\"@type\":\"WebPage\",\"@id\":\"https:\/\/now-news.de\/de\/deutschland\/tod-im-karakorum-laura-dahlmeier-mit-31-jahren-toedlich-verunglueckt\/\",\"url\":\"https:\/\/now-news.de\/de\/deutschland\/tod-im-karakorum-laura-dahlmeier-mit-31-jahren-toedlich-verunglueckt\/\",\"name\":\"Tod im Karakorum: Laura Dahlmeier mit 31 Jahren t\u00f6dlich verungl\u00fcckt - just-now.NEWS Deutschland\",\"isPartOf\":{\"@id\":\"https:\/\/now-news.de\/de\/#website\"},\"primaryImageOfPage\":{\"@id\":\"https:\/\/now-news.de\/de\/deutschland\/tod-im-karakorum-laura-dahlmeier-mit-31-jahren-toedlich-verunglueckt\/#primaryimage\"},\"image\":{\"@id\":\"https:\/\/now-news.de\/de\/deutschland\/tod-im-karakorum-laura-dahlmeier-mit-31-jahren-toedlich-verunglueckt\/#primaryimage\"},\"thumbnailUrl\":\"https:\/\/now-news.de\/de\/wp-content\/uploads\/sites\/3\/2025\/07\/Tod-im-Karakorum-Laura-Dahlmeier-mit-31-Jahren-toedlich-verunglueckt.png\",\"datePublished\":\"2025-07-30T14:22:50+00:00\",\"dateModified\":\"2025-07-30T14:22:50+00:00\",\"breadcrumb\":{\"@id\":\"https:\/\/now-news.de\/de\/deutschland\/tod-im-karakorum-laura-dahlmeier-mit-31-jahren-toedlich-verunglueckt\/#breadcrumb\"},\"inLanguage\":\"de\",\"potentialAction\":[{\"@type\":\"ReadAction\",\"target\":[\"https:\/\/now-news.de\/de\/deutschland\/tod-im-karakorum-laura-dahlmeier-mit-31-jahren-toedlich-verunglueckt\/\"]}]},{\"@type\":\"ImageObject\",\"inLanguage\":\"de\",\"@id\":\"https:\/\/now-news.de\/de\/deutschland\/tod-im-karakorum-laura-dahlmeier-mit-31-jahren-toedlich-verunglueckt\/#primaryimage\",\"url\":\"https:\/\/now-news.de\/de\/wp-content\/uploads\/sites\/3\/2025\/07\/Tod-im-Karakorum-Laura-Dahlmeier-mit-31-Jahren-toedlich-verunglueckt.png\",\"contentUrl\":\"https:\/\/now-news.de\/de\/wp-content\/uploads\/sites\/3\/2025\/07\/Tod-im-Karakorum-Laura-Dahlmeier-mit-31-Jahren-toedlich-verunglueckt.png\",\"width\":460,\"height\":259,\"caption\":\"Tod im Karakorum: Laura Dahlmeier mit 31 Jahren t\u00f6dlich verungl\u00fcckt\"},{\"@type\":\"BreadcrumbList\",\"@id\":\"https:\/\/now-news.de\/de\/deutschland\/tod-im-karakorum-laura-dahlmeier-mit-31-jahren-toedlich-verunglueckt\/#breadcrumb\",\"itemListElement\":[{\"@type\":\"ListItem\",\"position\":1,\"name\":\"Home\",\"item\":\"https:\/\/now-news.de\/de\/\"},{\"@type\":\"ListItem\",\"position\":2,\"name\":\"Tod im Karakorum: Laura Dahlmeier mit 31 Jahren t\u00f6dlich verungl\u00fcckt\"}]},{\"@type\":\"WebSite\",\"@id\":\"https:\/\/now-news.de\/de\/#website\",\"url\":\"https:\/\/now-news.de\/de\/\",\"name\":\"just-now.NEWS Deutschland\",\"description\":\"Das Portal f\u00fcr unzensierte Nachrichten aus der Welt\",\"publisher\":{\"@id\":\"https:\/\/now-news.de\/de\/#organization\"},\"potentialAction\":[{\"@type\":\"SearchAction\",\"target\":{\"@type\":\"EntryPoint\",\"urlTemplate\":\"https:\/\/now-news.de\/de\/?s={search_term_string}\"},\"query-input\":\"required name=search_term_string\"}],\"inLanguage\":\"de\"},{\"@type\":\"Organization\",\"@id\":\"https:\/\/now-news.de\/de\/#organization\",\"name\":\"Just Now News\",\"url\":\"https:\/\/now-news.de\/de\/\",\"logo\":{\"@type\":\"ImageObject\",\"inLanguage\":\"de\",\"@id\":\"https:\/\/now-news.de\/de\/#\/schema\/logo\/image\/\",\"url\":\"http:\/\/just-now.news\/de\/wp-content\/uploads\/sites\/3\/2022\/04\/logo500x500.jpg\",\"contentUrl\":\"http:\/\/just-now.news\/de\/wp-content\/uploads\/sites\/3\/2022\/04\/logo500x500.jpg\",\"width\":500,\"height\":500,\"caption\":\"Just Now News\"},\"image\":{\"@id\":\"https:\/\/now-news.de\/de\/#\/schema\/logo\/image\/\"},\"sameAs\":[\"https:\/\/www.facebook.com\/wirmachenauf\",\"https:\/\/x.com\/WirMachenAuf_de\"]},{\"@type\":\"Person\",\"@id\":\"https:\/\/now-news.de\/de\/#\/schema\/person\/fb534a4e865501d8b3285208df34a9b5\",\"name\":\"rtnews\",\"image\":{\"@type\":\"ImageObject\",\"inLanguage\":\"de\",\"@id\":\"https:\/\/now-news.de\/de\/#\/schema\/person\/image\/\",\"url\":\"https:\/\/secure.gravatar.com\/avatar\/82aafea7d8127119dd649515f56e2117?s=96&d=mm&r=g\",\"contentUrl\":\"https:\/\/secure.gravatar.com\/avatar\/82aafea7d8127119dd649515f56e2117?s=96&d=mm&r=g\",\"caption\":\"rtnews\"},\"url\":\"https:\/\/now-news.de\/de\/author\/rnews\/\"}]}<\/script>\n<!-- \/ Yoast SEO Premium plugin. -->","yoast_head_json":{"title":"Tod im Karakorum: Laura Dahlmeier mit 31 Jahren t\u00f6dlich verungl\u00fcckt - just-now.NEWS Deutschland","robots":{"index":"index","follow":"follow","max-snippet":"max-snippet:-1","max-image-preview":"max-image-preview:large","max-video-preview":"max-video-preview:-1"},"canonical":"https:\/\/now-news.de\/de\/deutschland\/tod-im-karakorum-laura-dahlmeier-mit-31-jahren-toedlich-verunglueckt\/","og_locale":"de_DE","og_type":"article","og_title":"Tod im Karakorum: Laura Dahlmeier mit 31 Jahren t\u00f6dlich verungl\u00fcckt","og_description":"Die mehrfache Biathlon-Olympiasiegerin Laura Dahlmeier ist im Karakorum-Gebirge bei einem Steinschlag t\u00f6dlich verungl\u00fcckt. Die 31-J\u00e4hrige hatte nach ihrer Sportkarriere den Weg in den Alpinismus gefunden \u2013 und war sich der Risiken in den Bergen stets bewusst. Laura Dahlmeier, eine der gr\u00f6\u00dften deutschen Biathletinnen, ist mit nur 31 Jahren bei einer Bergexpedition in Pakistan ums Leben [&hellip;]","og_url":"https:\/\/now-news.de\/de\/deutschland\/tod-im-karakorum-laura-dahlmeier-mit-31-jahren-toedlich-verunglueckt\/","og_site_name":"just-now.NEWS Deutschland","article_publisher":"https:\/\/www.facebook.com\/wirmachenauf","article_published_time":"2025-07-30T14:22:50+00:00","og_image":[{"url":"https:\/\/now-news.de\/de\/wp-content\/uploads\/sites\/3\/2025\/07\/688a23bcb480cc01815895c6.png"}],"author":"rtnews","twitter_card":"summary_large_image","twitter_creator":"@WirMachenAuf_de","twitter_site":"@WirMachenAuf_de","twitter_misc":{"Verfasst von":"rtnews","Gesch\u00e4tzte Lesezeit":"2\u00a0Minuten"},"schema":{"@context":"https:\/\/schema.org","@graph":[{"@type":"Article","@id":"https:\/\/now-news.de\/de\/deutschland\/tod-im-karakorum-laura-dahlmeier-mit-31-jahren-toedlich-verunglueckt\/#article","isPartOf":{"@id":"https:\/\/now-news.de\/de\/deutschland\/tod-im-karakorum-laura-dahlmeier-mit-31-jahren-toedlich-verunglueckt\/"},"author":{"name":"rtnews","@id":"https:\/\/now-news.de\/de\/#\/schema\/person\/fb534a4e865501d8b3285208df34a9b5"},"headline":"Tod im Karakorum: Laura Dahlmeier mit 31 Jahren t\u00f6dlich verungl\u00fcckt","datePublished":"2025-07-30T14:22:50+00:00","dateModified":"2025-07-30T14:22:50+00:00","mainEntityOfPage":{"@id":"https:\/\/now-news.de\/de\/deutschland\/tod-im-karakorum-laura-dahlmeier-mit-31-jahren-toedlich-verunglueckt\/"},"wordCount":477,"commentCount":0,"publisher":{"@id":"https:\/\/now-news.de\/de\/#organization"},"image":{"@id":"https:\/\/now-news.de\/de\/deutschland\/tod-im-karakorum-laura-dahlmeier-mit-31-jahren-toedlich-verunglueckt\/#primaryimage"},"thumbnailUrl":"https:\/\/now-news.de\/de\/wp-content\/uploads\/sites\/3\/2025\/07\/Tod-im-Karakorum-Laura-Dahlmeier-mit-31-Jahren-toedlich-verunglueckt.png","keywords":["Dahlmeier","Jahren","Karakorum","Laura","mit","Tod","t\u00f6dlich","verungl\u00fcckt"],"articleSection":["Deutschland","Russland"],"inLanguage":"de","potentialAction":[{"@type":"CommentAction","name":"Comment","target":["https:\/\/now-news.de\/de\/deutschland\/tod-im-karakorum-laura-dahlmeier-mit-31-jahren-toedlich-verunglueckt\/#respond"]}]},{"@type":"WebPage","@id":"https:\/\/now-news.de\/de\/deutschland\/tod-im-karakorum-laura-dahlmeier-mit-31-jahren-toedlich-verunglueckt\/","url":"https:\/\/now-news.de\/de\/deutschland\/tod-im-karakorum-laura-dahlmeier-mit-31-jahren-toedlich-verunglueckt\/","name":"Tod im Karakorum: Laura Dahlmeier mit 31 Jahren t\u00f6dlich verungl\u00fcckt - just-now.NEWS Deutschland","isPartOf":{"@id":"https:\/\/now-news.de\/de\/#website"},"primaryImageOfPage":{"@id":"https:\/\/now-news.de\/de\/deutschland\/tod-im-karakorum-laura-dahlmeier-mit-31-jahren-toedlich-verunglueckt\/#primaryimage"},"image":{"@id":"https:\/\/now-news.de\/de\/deutschland\/tod-im-karakorum-laura-dahlmeier-mit-31-jahren-toedlich-verunglueckt\/#primaryimage"},"thumbnailUrl":"https:\/\/now-news.de\/de\/wp-content\/uploads\/sites\/3\/2025\/07\/Tod-im-Karakorum-Laura-Dahlmeier-mit-31-Jahren-toedlich-verunglueckt.png","datePublished":"2025-07-30T14:22:50+00:00","dateModified":"2025-07-30T14:22:50+00:00","breadcrumb":{"@id":"https:\/\/now-news.de\/de\/deutschland\/tod-im-karakorum-laura-dahlmeier-mit-31-jahren-toedlich-verunglueckt\/#breadcrumb"},"inLanguage":"de","potentialAction":[{"@type":"ReadAction","target":["https:\/\/now-news.de\/de\/deutschland\/tod-im-karakorum-laura-dahlmeier-mit-31-jahren-toedlich-verunglueckt\/"]}]},{"@type":"ImageObject","inLanguage":"de","@id":"https:\/\/now-news.de\/de\/deutschland\/tod-im-karakorum-laura-dahlmeier-mit-31-jahren-toedlich-verunglueckt\/#primaryimage","url":"https:\/\/now-news.de\/de\/wp-content\/uploads\/sites\/3\/2025\/07\/Tod-im-Karakorum-Laura-Dahlmeier-mit-31-Jahren-toedlich-verunglueckt.png","contentUrl":"https:\/\/now-news.de\/de\/wp-content\/uploads\/sites\/3\/2025\/07\/Tod-im-Karakorum-Laura-Dahlmeier-mit-31-Jahren-toedlich-verunglueckt.png","width":460,"height":259,"caption":"Tod im Karakorum: Laura Dahlmeier mit 31 Jahren t\u00f6dlich verungl\u00fcckt"},{"@type":"BreadcrumbList","@id":"https:\/\/now-news.de\/de\/deutschland\/tod-im-karakorum-laura-dahlmeier-mit-31-jahren-toedlich-verunglueckt\/#breadcrumb","itemListElement":[{"@type":"ListItem","position":1,"name":"Home","item":"https:\/\/now-news.de\/de\/"},{"@type":"ListItem","position":2,"name":"Tod im Karakorum: Laura Dahlmeier mit 31 Jahren t\u00f6dlich verungl\u00fcckt"}]},{"@type":"WebSite","@id":"https:\/\/now-news.de\/de\/#website","url":"https:\/\/now-news.de\/de\/","name":"just-now.NEWS Deutschland","description":"Das Portal f\u00fcr unzensierte Nachrichten aus der Welt","publisher":{"@id":"https:\/\/now-news.de\/de\/#organization"},"potentialAction":[{"@type":"SearchAction","target":{"@type":"EntryPoint","urlTemplate":"https:\/\/now-news.de\/de\/?s={search_term_string}"},"query-input":"required name=search_term_string"}],"inLanguage":"de"},{"@type":"Organization","@id":"https:\/\/now-news.de\/de\/#organization","name":"Just Now News","url":"https:\/\/now-news.de\/de\/","logo":{"@type":"ImageObject","inLanguage":"de","@id":"https:\/\/now-news.de\/de\/#\/schema\/logo\/image\/","url":"http:\/\/just-now.news\/de\/wp-content\/uploads\/sites\/3\/2022\/04\/logo500x500.jpg","contentUrl":"http:\/\/just-now.news\/de\/wp-content\/uploads\/sites\/3\/2022\/04\/logo500x500.jpg","width":500,"height":500,"caption":"Just Now News"},"image":{"@id":"https:\/\/now-news.de\/de\/#\/schema\/logo\/image\/"},"sameAs":["https:\/\/www.facebook.com\/wirmachenauf","https:\/\/x.com\/WirMachenAuf_de"]},{"@type":"Person","@id":"https:\/\/now-news.de\/de\/#\/schema\/person\/fb534a4e865501d8b3285208df34a9b5","name":"rtnews","image":{"@type":"ImageObject","inLanguage":"de","@id":"https:\/\/now-news.de\/de\/#\/schema\/person\/image\/","url":"https:\/\/secure.gravatar.com\/avatar\/82aafea7d8127119dd649515f56e2117?s=96&d=mm&r=g","contentUrl":"https:\/\/secure.gravatar.com\/avatar\/82aafea7d8127119dd649515f56e2117?s=96&d=mm&r=g","caption":"rtnews"},"url":"https:\/\/now-news.de\/de\/author\/rnews\/"}]}},"_links":{"self":[{"href":"https:\/\/now-news.de\/de\/wp-json\/wp\/v2\/posts\/88029"}],"collection":[{"href":"https:\/\/now-news.de\/de\/wp-json\/wp\/v2\/posts"}],"about":[{"href":"https:\/\/now-news.de\/de\/wp-json\/wp\/v2\/types\/post"}],"author":[{"embeddable":true,"href":"https:\/\/now-news.de\/de\/wp-json\/wp\/v2\/users\/3"}],"replies":[{"embeddable":true,"href":"https:\/\/now-news.de\/de\/wp-json\/wp\/v2\/comments?post=88029"}],"version-history":[{"count":0,"href":"https:\/\/now-news.de\/de\/wp-json\/wp\/v2\/posts\/88029\/revisions"}],"wp:featuredmedia":[{"embeddable":true,"href":"https:\/\/now-news.de\/de\/wp-json\/wp\/v2\/media\/88030"}],"wp:attachment":[{"href":"https:\/\/now-news.de\/de\/wp-json\/wp\/v2\/media?parent=88029"}],"wp:term":[{"taxonomy":"category","embeddable":true,"href":"https:\/\/now-news.de\/de\/wp-json\/wp\/v2\/categories?post=88029"},{"taxonomy":"post_tag","embeddable":true,"href":"https:\/\/now-news.de\/de\/wp-json\/wp\/v2\/tags?post=88029"}],"curies":[{"name":"wp","href":"https:\/\/api.w.org\/{rel}","templated":true}]}}