{"id":87947,"date":"2025-07-29T10:01:43","date_gmt":"2025-07-29T08:01:43","guid":{"rendered":"https:\/\/now-news.de\/de\/deutschland\/mehrere-tote-bei-schiesserei-in-new-york\/"},"modified":"2025-07-29T10:01:43","modified_gmt":"2025-07-29T08:01:43","slug":"mehrere-tote-bei-schiesserei-in-new-york","status":"publish","type":"post","link":"https:\/\/now-news.de\/de\/deutschland\/mehrere-tote-bei-schiesserei-in-new-york\/","title":{"rendered":"Mehrere Tote bei Schie\u00dferei in New York"},"content":{"rendered":"<p><img decoding=\"async\" src=\"https:\/\/now-news.de\/de\/wp-content\/uploads\/sites\/3\/2025\/07\/68887cab48fbef05687c5cb7.jpg\" \/><\/p>\n<div class=\"Text-root Text-type_1 \">\n                Am Montagabend (Ortszeit) hat ein bewaffneter Mann im Zentrum von Manhattan ein Hochhaus gest\u00fcrmt und dort vier Menschen, darunter ein Polizist, sowie sich selbst erschossen. Bei dem T\u00e4ter handelt es sich laut den Beh\u00f6rden um einen 27-J\u00e4hrigen aus Las Vegas.\n            <\/div>\n<p><\/p>\n<div class=\"Text-root Text-type_5 ArticleView-text ViewText-root \">\n<p>Laut den Beh\u00f6rden in New York ist ein 27-j\u00e4hriger Mann in Manhattan am Montagabend (Ortszeit) in ein gro\u00dfes B\u00fcrogeb\u00e4ude gest\u00fcrmt und hat noch in der Lobby das Feuer er\u00f6ffnet. Anschlie\u00dfend nahm er den Fahrstuhl und feuerte auch im 33. Stockwerk Sch\u00fcsse ab. Eine Frau, die aus dem Fahrstuhl ausgestiegen war, lie\u00df der Sch\u00fctze unverletzt vorbeigehen.<\/p>\n<p>Insgesamt erschoss der T\u00e4ter mit einem Sturmgewehr mindestens vier Menschen und t\u00f6tete danach sich selbst. Unter den Todesopfern soll ein Beamter des New York Police Department (NYPD) sein, der sich in der Lobby des Wolkenkratzers aufgehalten habe. \u00a0<\/p>\n<p>Laut der NYPD-Chefin Jessica Tisch handelt es sich bei dem T\u00e4ter um Shane Devon Tamura, der in der W\u00fcstenmetropole Las Vegas gemeldet war. Wie es hei\u00dft, wurden in seinem Auto weitere Waffen und Munition gefunden.<\/p>\n<p>Ermittlungen zufolge war der Mann in den vergangenen Tagen mit dem Wagen quer durch die USA gereist, zuletzt durch Colorado, Nebraska, Iowa und New Jersey, bevor er New York erreichte.<\/p>\n<p>Der Sch\u00fctze soll allein gehandelt haben. \u00dcber ein m\u00f6gliches Motiv machten die Beh\u00f6rden keine Angaben. Es soll aber Hinweise auf eine psychische Erkrankung des T\u00e4ters gegeben haben.<\/p>\n<p>In dem B\u00fcrogeb\u00e4ude an der 345 Park Avenue haben Medienberichten zufolge unter anderem die Investmentgesellschaft Blackstone, das irische Generalkonsulat sowie die National Football League (NFL) ihren Sitz. Warum der Mann ausgerechnet dieses Geb\u00e4ude aufsuchte, ist bisher unklar.<\/p>\n<p>US-Justizministerin Pam Bondi teilte auf der Plattform X mit, dass die Bundespolizei\u00a0FBI\u00a0bei den Ermittlungen helfe.<\/p>\n<div class=\"EmbedBlock-root EmbedBlock-twitter\">\n<div class=\"TwitterEmbed\">\n<blockquote class=\"twitter-tweet lazyload\" data-twitter=\"twitter-tweet\">\n<p lang=\"en\" dir=\"ltr\">Our US Attorney in New York Jay Clayton <a rel=\"nofollow noopener\" target=\"_blank\" href=\"https:\/\/twitter.com\/SDNYnews?ref_src=twsrc%5Etfw\">@SDNYnews<\/a> has set up a command post to assist with the shooting in New York City and local FBI agents are on the scene.<\/p>\n<p>\u2014 Attorney General Pamela Bondi (@AGPamBondi) <a rel=\"nofollow noopener\" target=\"_blank\" href=\"https:\/\/twitter.com\/AGPamBondi\/status\/1949983793772687476?ref_src=twsrc%5Etfw\">July 29, 2025<\/a><\/p><\/blockquote>\n<\/div>\n<\/div>\n<p><strong>Mehr zum Thema<\/strong>\u00a0\u2012 <a rel=\"nofollow noopener\" target=\"_blank\" href=\"https:\/\/freedert.online\/nordamerika\/245640-usa-in-us-hauptstadt-washington\/\">USA: Zwei Mitarbeiter der israelischen Botschaft in Washington erschossen<\/a><\/p>\n<div class=\"EmbedBlock-root EmbedBlock-externalVideo EmbedBlock-rumble\">\n<div class=\"VkEmbed\"><iframe class=\"lazyload\" data-src=\"https:\/\/rumble.com\/embed\/v6um4v4\" frameborder=\"0\" width=\"853\" height=\"480\" allowfullscreen><\/iframe><\/div>\n<\/div>\n<\/div>\n<p><script async src=\"https:\/\/platform.twitter.com\/widgets.js\" charset=\"utf-8\"><\/script><br \/>\n<br \/><br \/>\n<br \/><a href=\"https:\/\/de.rt.com\/nordamerika\/251876-mehrere-tote-bei-schiesserei-in\/\">Source link <\/a><\/p>\n","protected":false},"excerpt":{"rendered":"<p>Am Montagabend (Ortszeit) hat ein bewaffneter Mann im Zentrum von Manhattan ein Hochhaus gest\u00fcrmt und dort vier Menschen, darunter ein Polizist, sowie sich selbst erschossen. Bei dem T\u00e4ter handelt es sich laut den Beh\u00f6rden um einen 27-J\u00e4hrigen aus Las Vegas. Laut den Beh\u00f6rden in New York ist ein 27-j\u00e4hriger Mann in Manhattan am Montagabend (Ortszeit) [&hellip;]<\/p>\n","protected":false},"author":3,"featured_media":87948,"comment_status":"open","ping_status":"open","sticky":false,"template":"","format":"standard","meta":{"_yoast_indexnow_last_ping":["1753776455"],"wp_automatic_camp":["217"],"173e9b40c91f4bdbc2dd83b1fec4a63f":["Mehrere Tote bei Schie\u00dferei in New York"],"original_link":["https:\/\/de.rt.com\/nordamerika\/251876-mehrere-tote-bei-schiesserei-in\/"],"_thumbnail_id":["87948"],"jnews_social_counter_last_update":["1776889561"],"_wptgpro_p2tg_sent2tg":["a:1:{i:23737;s:19:\"2025-07-29 10:08:39\";}"]},"categories":[19,23],"tags":[363,3653,18962,3233,6849],"yoast_head":"<!-- This site is optimized with the Yoast SEO Premium plugin v22.7 (Yoast SEO v22.7) - https:\/\/yoast.com\/wordpress\/plugins\/seo\/ -->\n<title>Mehrere Tote bei Schie\u00dferei in New York - just-now.NEWS Deutschland<\/title>\n<meta name=\"robots\" content=\"index, follow, max-snippet:-1, max-image-preview:large, max-video-preview:-1\" \/>\n<link rel=\"canonical\" href=\"https:\/\/now-news.de\/de\/deutschland\/mehrere-tote-bei-schiesserei-in-new-york\/\" \/>\n<meta property=\"og:locale\" content=\"de_DE\" \/>\n<meta property=\"og:type\" content=\"article\" \/>\n<meta property=\"og:title\" content=\"Mehrere Tote bei Schie\u00dferei in New York\" \/>\n<meta property=\"og:description\" content=\"Am Montagabend (Ortszeit) hat ein bewaffneter Mann im Zentrum von Manhattan ein Hochhaus gest\u00fcrmt und dort vier Menschen, darunter ein Polizist, sowie sich selbst erschossen. Bei dem T\u00e4ter handelt es sich laut den Beh\u00f6rden um einen 27-J\u00e4hrigen aus Las Vegas. Laut den Beh\u00f6rden in New York ist ein 27-j\u00e4hriger Mann in Manhattan am Montagabend (Ortszeit) [&hellip;]\" \/>\n<meta property=\"og:url\" content=\"https:\/\/now-news.de\/de\/deutschland\/mehrere-tote-bei-schiesserei-in-new-york\/\" \/>\n<meta property=\"og:site_name\" content=\"just-now.NEWS Deutschland\" \/>\n<meta property=\"article:publisher\" content=\"https:\/\/www.facebook.com\/wirmachenauf\" \/>\n<meta property=\"article:published_time\" content=\"2025-07-29T08:01:43+00:00\" \/>\n<meta property=\"og:image\" content=\"https:\/\/now-news.de\/de\/wp-content\/uploads\/sites\/3\/2025\/07\/68887cab48fbef05687c5cb7.jpg\" \/>\n<meta name=\"author\" content=\"rtnews\" \/>\n<meta name=\"twitter:card\" content=\"summary_large_image\" \/>\n<meta name=\"twitter:creator\" content=\"@WirMachenAuf_de\" \/>\n<meta name=\"twitter:site\" content=\"@WirMachenAuf_de\" \/>\n<meta name=\"twitter:label1\" content=\"Verfasst von\" \/>\n\t<meta name=\"twitter:data1\" content=\"rtnews\" \/>\n\t<meta name=\"twitter:label2\" content=\"Gesch\u00e4tzte Lesezeit\" \/>\n\t<meta name=\"twitter:data2\" content=\"2\u00a0Minuten\" \/>\n<script type=\"application\/ld+json\" class=\"yoast-schema-graph\">{\"@context\":\"https:\/\/schema.org\",\"@graph\":[{\"@type\":\"Article\",\"@id\":\"https:\/\/now-news.de\/de\/deutschland\/mehrere-tote-bei-schiesserei-in-new-york\/#article\",\"isPartOf\":{\"@id\":\"https:\/\/now-news.de\/de\/deutschland\/mehrere-tote-bei-schiesserei-in-new-york\/\"},\"author\":{\"name\":\"rtnews\",\"@id\":\"https:\/\/now-news.de\/de\/#\/schema\/person\/fb534a4e865501d8b3285208df34a9b5\"},\"headline\":\"Mehrere Tote bei Schie\u00dferei in New York\",\"datePublished\":\"2025-07-29T08:01:43+00:00\",\"dateModified\":\"2025-07-29T08:01:43+00:00\",\"mainEntityOfPage\":{\"@id\":\"https:\/\/now-news.de\/de\/deutschland\/mehrere-tote-bei-schiesserei-in-new-york\/\"},\"wordCount\":363,\"commentCount\":0,\"publisher\":{\"@id\":\"https:\/\/now-news.de\/de\/#organization\"},\"image\":{\"@id\":\"https:\/\/now-news.de\/de\/deutschland\/mehrere-tote-bei-schiesserei-in-new-york\/#primaryimage\"},\"thumbnailUrl\":\"https:\/\/now-news.de\/de\/wp-content\/uploads\/sites\/3\/2025\/07\/Mehrere-Tote-bei-Schiesserei-in-New-York.jpg\",\"keywords\":[\"bei\",\"mehrere\",\"Schie\u00dferei\",\"Tote\",\"York\"],\"articleSection\":[\"Deutschland\",\"Russland\"],\"inLanguage\":\"de\",\"potentialAction\":[{\"@type\":\"CommentAction\",\"name\":\"Comment\",\"target\":[\"https:\/\/now-news.de\/de\/deutschland\/mehrere-tote-bei-schiesserei-in-new-york\/#respond\"]}]},{\"@type\":\"WebPage\",\"@id\":\"https:\/\/now-news.de\/de\/deutschland\/mehrere-tote-bei-schiesserei-in-new-york\/\",\"url\":\"https:\/\/now-news.de\/de\/deutschland\/mehrere-tote-bei-schiesserei-in-new-york\/\",\"name\":\"Mehrere Tote bei Schie\u00dferei in New York - just-now.NEWS Deutschland\",\"isPartOf\":{\"@id\":\"https:\/\/now-news.de\/de\/#website\"},\"primaryImageOfPage\":{\"@id\":\"https:\/\/now-news.de\/de\/deutschland\/mehrere-tote-bei-schiesserei-in-new-york\/#primaryimage\"},\"image\":{\"@id\":\"https:\/\/now-news.de\/de\/deutschland\/mehrere-tote-bei-schiesserei-in-new-york\/#primaryimage\"},\"thumbnailUrl\":\"https:\/\/now-news.de\/de\/wp-content\/uploads\/sites\/3\/2025\/07\/Mehrere-Tote-bei-Schiesserei-in-New-York.jpg\",\"datePublished\":\"2025-07-29T08:01:43+00:00\",\"dateModified\":\"2025-07-29T08:01:43+00:00\",\"breadcrumb\":{\"@id\":\"https:\/\/now-news.de\/de\/deutschland\/mehrere-tote-bei-schiesserei-in-new-york\/#breadcrumb\"},\"inLanguage\":\"de\",\"potentialAction\":[{\"@type\":\"ReadAction\",\"target\":[\"https:\/\/now-news.de\/de\/deutschland\/mehrere-tote-bei-schiesserei-in-new-york\/\"]}]},{\"@type\":\"ImageObject\",\"inLanguage\":\"de\",\"@id\":\"https:\/\/now-news.de\/de\/deutschland\/mehrere-tote-bei-schiesserei-in-new-york\/#primaryimage\",\"url\":\"https:\/\/now-news.de\/de\/wp-content\/uploads\/sites\/3\/2025\/07\/Mehrere-Tote-bei-Schiesserei-in-New-York.jpg\",\"contentUrl\":\"https:\/\/now-news.de\/de\/wp-content\/uploads\/sites\/3\/2025\/07\/Mehrere-Tote-bei-Schiesserei-in-New-York.jpg\",\"width\":460,\"height\":259,\"caption\":\"Mehrere Tote bei Schie\u00dferei in New York\"},{\"@type\":\"BreadcrumbList\",\"@id\":\"https:\/\/now-news.de\/de\/deutschland\/mehrere-tote-bei-schiesserei-in-new-york\/#breadcrumb\",\"itemListElement\":[{\"@type\":\"ListItem\",\"position\":1,\"name\":\"Home\",\"item\":\"https:\/\/now-news.de\/de\/\"},{\"@type\":\"ListItem\",\"position\":2,\"name\":\"Mehrere Tote bei Schie\u00dferei in New York\"}]},{\"@type\":\"WebSite\",\"@id\":\"https:\/\/now-news.de\/de\/#website\",\"url\":\"https:\/\/now-news.de\/de\/\",\"name\":\"just-now.NEWS Deutschland\",\"description\":\"Das Portal f\u00fcr unzensierte Nachrichten aus der Welt\",\"publisher\":{\"@id\":\"https:\/\/now-news.de\/de\/#organization\"},\"potentialAction\":[{\"@type\":\"SearchAction\",\"target\":{\"@type\":\"EntryPoint\",\"urlTemplate\":\"https:\/\/now-news.de\/de\/?s={search_term_string}\"},\"query-input\":\"required name=search_term_string\"}],\"inLanguage\":\"de\"},{\"@type\":\"Organization\",\"@id\":\"https:\/\/now-news.de\/de\/#organization\",\"name\":\"Just Now News\",\"url\":\"https:\/\/now-news.de\/de\/\",\"logo\":{\"@type\":\"ImageObject\",\"inLanguage\":\"de\",\"@id\":\"https:\/\/now-news.de\/de\/#\/schema\/logo\/image\/\",\"url\":\"http:\/\/just-now.news\/de\/wp-content\/uploads\/sites\/3\/2022\/04\/logo500x500.jpg\",\"contentUrl\":\"http:\/\/just-now.news\/de\/wp-content\/uploads\/sites\/3\/2022\/04\/logo500x500.jpg\",\"width\":500,\"height\":500,\"caption\":\"Just Now News\"},\"image\":{\"@id\":\"https:\/\/now-news.de\/de\/#\/schema\/logo\/image\/\"},\"sameAs\":[\"https:\/\/www.facebook.com\/wirmachenauf\",\"https:\/\/x.com\/WirMachenAuf_de\"]},{\"@type\":\"Person\",\"@id\":\"https:\/\/now-news.de\/de\/#\/schema\/person\/fb534a4e865501d8b3285208df34a9b5\",\"name\":\"rtnews\",\"image\":{\"@type\":\"ImageObject\",\"inLanguage\":\"de\",\"@id\":\"https:\/\/now-news.de\/de\/#\/schema\/person\/image\/\",\"url\":\"https:\/\/secure.gravatar.com\/avatar\/82aafea7d8127119dd649515f56e2117?s=96&d=mm&r=g\",\"contentUrl\":\"https:\/\/secure.gravatar.com\/avatar\/82aafea7d8127119dd649515f56e2117?s=96&d=mm&r=g\",\"caption\":\"rtnews\"},\"url\":\"https:\/\/now-news.de\/de\/author\/rnews\/\"}]}<\/script>\n<!-- \/ Yoast SEO Premium plugin. -->","yoast_head_json":{"title":"Mehrere Tote bei Schie\u00dferei in New York - just-now.NEWS Deutschland","robots":{"index":"index","follow":"follow","max-snippet":"max-snippet:-1","max-image-preview":"max-image-preview:large","max-video-preview":"max-video-preview:-1"},"canonical":"https:\/\/now-news.de\/de\/deutschland\/mehrere-tote-bei-schiesserei-in-new-york\/","og_locale":"de_DE","og_type":"article","og_title":"Mehrere Tote bei Schie\u00dferei in New York","og_description":"Am Montagabend (Ortszeit) hat ein bewaffneter Mann im Zentrum von Manhattan ein Hochhaus gest\u00fcrmt und dort vier Menschen, darunter ein Polizist, sowie sich selbst erschossen. Bei dem T\u00e4ter handelt es sich laut den Beh\u00f6rden um einen 27-J\u00e4hrigen aus Las Vegas. Laut den Beh\u00f6rden in New York ist ein 27-j\u00e4hriger Mann in Manhattan am Montagabend (Ortszeit) [&hellip;]","og_url":"https:\/\/now-news.de\/de\/deutschland\/mehrere-tote-bei-schiesserei-in-new-york\/","og_site_name":"just-now.NEWS Deutschland","article_publisher":"https:\/\/www.facebook.com\/wirmachenauf","article_published_time":"2025-07-29T08:01:43+00:00","og_image":[{"url":"https:\/\/now-news.de\/de\/wp-content\/uploads\/sites\/3\/2025\/07\/68887cab48fbef05687c5cb7.jpg"}],"author":"rtnews","twitter_card":"summary_large_image","twitter_creator":"@WirMachenAuf_de","twitter_site":"@WirMachenAuf_de","twitter_misc":{"Verfasst von":"rtnews","Gesch\u00e4tzte Lesezeit":"2\u00a0Minuten"},"schema":{"@context":"https:\/\/schema.org","@graph":[{"@type":"Article","@id":"https:\/\/now-news.de\/de\/deutschland\/mehrere-tote-bei-schiesserei-in-new-york\/#article","isPartOf":{"@id":"https:\/\/now-news.de\/de\/deutschland\/mehrere-tote-bei-schiesserei-in-new-york\/"},"author":{"name":"rtnews","@id":"https:\/\/now-news.de\/de\/#\/schema\/person\/fb534a4e865501d8b3285208df34a9b5"},"headline":"Mehrere Tote bei Schie\u00dferei in New York","datePublished":"2025-07-29T08:01:43+00:00","dateModified":"2025-07-29T08:01:43+00:00","mainEntityOfPage":{"@id":"https:\/\/now-news.de\/de\/deutschland\/mehrere-tote-bei-schiesserei-in-new-york\/"},"wordCount":363,"commentCount":0,"publisher":{"@id":"https:\/\/now-news.de\/de\/#organization"},"image":{"@id":"https:\/\/now-news.de\/de\/deutschland\/mehrere-tote-bei-schiesserei-in-new-york\/#primaryimage"},"thumbnailUrl":"https:\/\/now-news.de\/de\/wp-content\/uploads\/sites\/3\/2025\/07\/Mehrere-Tote-bei-Schiesserei-in-New-York.jpg","keywords":["bei","mehrere","Schie\u00dferei","Tote","York"],"articleSection":["Deutschland","Russland"],"inLanguage":"de","potentialAction":[{"@type":"CommentAction","name":"Comment","target":["https:\/\/now-news.de\/de\/deutschland\/mehrere-tote-bei-schiesserei-in-new-york\/#respond"]}]},{"@type":"WebPage","@id":"https:\/\/now-news.de\/de\/deutschland\/mehrere-tote-bei-schiesserei-in-new-york\/","url":"https:\/\/now-news.de\/de\/deutschland\/mehrere-tote-bei-schiesserei-in-new-york\/","name":"Mehrere Tote bei Schie\u00dferei in New York - just-now.NEWS Deutschland","isPartOf":{"@id":"https:\/\/now-news.de\/de\/#website"},"primaryImageOfPage":{"@id":"https:\/\/now-news.de\/de\/deutschland\/mehrere-tote-bei-schiesserei-in-new-york\/#primaryimage"},"image":{"@id":"https:\/\/now-news.de\/de\/deutschland\/mehrere-tote-bei-schiesserei-in-new-york\/#primaryimage"},"thumbnailUrl":"https:\/\/now-news.de\/de\/wp-content\/uploads\/sites\/3\/2025\/07\/Mehrere-Tote-bei-Schiesserei-in-New-York.jpg","datePublished":"2025-07-29T08:01:43+00:00","dateModified":"2025-07-29T08:01:43+00:00","breadcrumb":{"@id":"https:\/\/now-news.de\/de\/deutschland\/mehrere-tote-bei-schiesserei-in-new-york\/#breadcrumb"},"inLanguage":"de","potentialAction":[{"@type":"ReadAction","target":["https:\/\/now-news.de\/de\/deutschland\/mehrere-tote-bei-schiesserei-in-new-york\/"]}]},{"@type":"ImageObject","inLanguage":"de","@id":"https:\/\/now-news.de\/de\/deutschland\/mehrere-tote-bei-schiesserei-in-new-york\/#primaryimage","url":"https:\/\/now-news.de\/de\/wp-content\/uploads\/sites\/3\/2025\/07\/Mehrere-Tote-bei-Schiesserei-in-New-York.jpg","contentUrl":"https:\/\/now-news.de\/de\/wp-content\/uploads\/sites\/3\/2025\/07\/Mehrere-Tote-bei-Schiesserei-in-New-York.jpg","width":460,"height":259,"caption":"Mehrere Tote bei Schie\u00dferei in New York"},{"@type":"BreadcrumbList","@id":"https:\/\/now-news.de\/de\/deutschland\/mehrere-tote-bei-schiesserei-in-new-york\/#breadcrumb","itemListElement":[{"@type":"ListItem","position":1,"name":"Home","item":"https:\/\/now-news.de\/de\/"},{"@type":"ListItem","position":2,"name":"Mehrere Tote bei Schie\u00dferei in New York"}]},{"@type":"WebSite","@id":"https:\/\/now-news.de\/de\/#website","url":"https:\/\/now-news.de\/de\/","name":"just-now.NEWS Deutschland","description":"Das Portal f\u00fcr unzensierte Nachrichten aus der Welt","publisher":{"@id":"https:\/\/now-news.de\/de\/#organization"},"potentialAction":[{"@type":"SearchAction","target":{"@type":"EntryPoint","urlTemplate":"https:\/\/now-news.de\/de\/?s={search_term_string}"},"query-input":"required name=search_term_string"}],"inLanguage":"de"},{"@type":"Organization","@id":"https:\/\/now-news.de\/de\/#organization","name":"Just Now News","url":"https:\/\/now-news.de\/de\/","logo":{"@type":"ImageObject","inLanguage":"de","@id":"https:\/\/now-news.de\/de\/#\/schema\/logo\/image\/","url":"http:\/\/just-now.news\/de\/wp-content\/uploads\/sites\/3\/2022\/04\/logo500x500.jpg","contentUrl":"http:\/\/just-now.news\/de\/wp-content\/uploads\/sites\/3\/2022\/04\/logo500x500.jpg","width":500,"height":500,"caption":"Just Now News"},"image":{"@id":"https:\/\/now-news.de\/de\/#\/schema\/logo\/image\/"},"sameAs":["https:\/\/www.facebook.com\/wirmachenauf","https:\/\/x.com\/WirMachenAuf_de"]},{"@type":"Person","@id":"https:\/\/now-news.de\/de\/#\/schema\/person\/fb534a4e865501d8b3285208df34a9b5","name":"rtnews","image":{"@type":"ImageObject","inLanguage":"de","@id":"https:\/\/now-news.de\/de\/#\/schema\/person\/image\/","url":"https:\/\/secure.gravatar.com\/avatar\/82aafea7d8127119dd649515f56e2117?s=96&d=mm&r=g","contentUrl":"https:\/\/secure.gravatar.com\/avatar\/82aafea7d8127119dd649515f56e2117?s=96&d=mm&r=g","caption":"rtnews"},"url":"https:\/\/now-news.de\/de\/author\/rnews\/"}]}},"_links":{"self":[{"href":"https:\/\/now-news.de\/de\/wp-json\/wp\/v2\/posts\/87947"}],"collection":[{"href":"https:\/\/now-news.de\/de\/wp-json\/wp\/v2\/posts"}],"about":[{"href":"https:\/\/now-news.de\/de\/wp-json\/wp\/v2\/types\/post"}],"author":[{"embeddable":true,"href":"https:\/\/now-news.de\/de\/wp-json\/wp\/v2\/users\/3"}],"replies":[{"embeddable":true,"href":"https:\/\/now-news.de\/de\/wp-json\/wp\/v2\/comments?post=87947"}],"version-history":[{"count":0,"href":"https:\/\/now-news.de\/de\/wp-json\/wp\/v2\/posts\/87947\/revisions"}],"wp:featuredmedia":[{"embeddable":true,"href":"https:\/\/now-news.de\/de\/wp-json\/wp\/v2\/media\/87948"}],"wp:attachment":[{"href":"https:\/\/now-news.de\/de\/wp-json\/wp\/v2\/media?parent=87947"}],"wp:term":[{"taxonomy":"category","embeddable":true,"href":"https:\/\/now-news.de\/de\/wp-json\/wp\/v2\/categories?post=87947"},{"taxonomy":"post_tag","embeddable":true,"href":"https:\/\/now-news.de\/de\/wp-json\/wp\/v2\/tags?post=87947"}],"curies":[{"name":"wp","href":"https:\/\/api.w.org\/{rel}","templated":true}]}}