{"id":87892,"date":"2025-07-28T08:17:00","date_gmt":"2025-07-28T06:17:00","guid":{"rendered":"https:\/\/now-news.de\/de\/deutschland\/vucic-kontert-aeusserungen-seines-ministers-ueber-sanktionen-gegen-russland\/"},"modified":"2025-07-28T08:17:00","modified_gmt":"2025-07-28T06:17:00","slug":"vucic-kontert-aeusserungen-seines-ministers-ueber-sanktionen-gegen-russland","status":"publish","type":"post","link":"https:\/\/now-news.de\/de\/deutschland\/vucic-kontert-aeusserungen-seines-ministers-ueber-sanktionen-gegen-russland\/","title":{"rendered":"Vu\u010di\u0107 kontert \u00c4u\u00dferungen seines Ministers \u00fcber Sanktionen gegen Russland"},"content":{"rendered":"<p><img decoding=\"async\" src=\"https:\/\/now-news.de\/de\/wp-content\/uploads\/sites\/3\/2025\/07\/688679ddb480cc46fe3642b8.jpg\" \/><\/p>\n<div class=\"Text-root Text-type_1 \">\n                Der serbische Minister Starovi\u0107 ist der Ansicht, dass Belgrad Sanktionen gegen Moskau unterst\u00fctzen wird, wenn die Aussicht auf eine EU-Mitgliedschaft des Landes &#8220;offensichtlich wird&#8221;. Starovi\u0107 habe sich &#8220;unvorsichtig ge\u00e4u\u00dfert&#8221;, kontert Pr\u00e4sident Vu\u010di\u0107 die Aussage.\n            <\/div>\n<p><\/p>\n<div class=\"Text-root Text-type_5 ArticleView-text ViewText-root \">\n<p>Serbiens Pr\u00e4sident Aleksandar Vu\u010di\u0107 hat in einem Kommentar zu den \u00c4u\u00dferungen des Ministers f\u00fcr europ\u00e4ische Angelegenheiten Nemanja Starovi\u0107 \u00fcber eine m\u00f6gliche Unterst\u00fctzung der Sanktionen gegen Russland ausgeschlossen, dass Belgrad Restriktionen gegen Moskau verh\u00e4ngen werde, <a rel=\"nofollow noopener\" target=\"_blank\" href=\"https:\/\/www.kurir.rs\/vesti\/politika\/9734898\/vucic-obilazi-centar-za-palijativno-zbrinjavanje\">berichtet<\/a> die Zeitung <em>Kurir<\/em>.<em><\/em><\/p>\n<p>Am 25. Juli hatte der Minister in einem Interview mit der \u00f6sterreichischen Nachrichtenagentur <em>APA<\/em>\u00a0<a rel=\"nofollow noopener\" target=\"_blank\" href=\"https:\/\/www.puls24.at\/news\/politik\/serbien-bereit-zu-sehr-harten-kompromissen-mit-kosovo\/426958\">behauptet<\/a>, dass Belgrad sich den Sanktionen nicht anschlie\u00dfen werde, da dies &#8220;Russland \u00fcberhaupt nicht treffen w\u00fcrde, die serbische Wirtschaft aber in einem gewaltigen Ausma\u00df&#8221;. Gleichzeitig r\u00e4umte Starovi\u0107 ein, dass Serbien die von der Europ\u00e4ischen Union beschlossenen Ma\u00dfnahmen einhalten werde, sobald die Aussicht auf einen Beitritt des Landes zur Union &#8220;offensichtlich&#8221; werde. Er f\u00fcgte hinzu, dass Belgrad seit Beginn der K\u00e4mpfe in der Ukraine die Handlungen Moskaus &#8220;klar und unmissverst\u00e4ndlich&#8221; verurteilt habe.<\/p>\n<p>Daraufhin erkl\u00e4rte der serbische Pr\u00e4sident:<\/p>\n<blockquote>\n<p><em>&#8220;Minister Starovi\u0107 hat sich unvorsichtig ge\u00e4u\u00dfert.&#8221;<\/em><\/p>\n<\/blockquote>\n<p>Vu\u010di\u0107 bedauerte, dass einige &#8220;russische Medien nur darauf warten, einen Grund zu finden, um Serbien zu kritisieren&#8221;. Nach den Worten des Pr\u00e4sidenten gibt es auch im Land selbst Menschen, &#8220;die eher die Russen verteidigen als Serbien&#8221;. Er betonte:<\/p>\n<blockquote>\n<p><em>&#8220;Ich muss sie entt\u00e4uschen: Serbien wird keine Sanktionen gegen Russland verh\u00e4ngen.&#8221;<\/em><\/p>\n<\/blockquote>\n<p>Als Reaktion auf die Erkl\u00e4rung des russischen Auslandsgeheimdienstes SWR, wonach Serbien &#8220;Umwege&#8221; nutze, um seine Milit\u00e4rprodukte in die Ukraine zu exportieren, sagte Vu\u010di\u0107:<\/p>\n<blockquote>\n<p><em>&#8220;Seit dem 1. Juli haben wir keine einzige Patrone exportiert.&#8221;<\/em><\/p>\n<\/blockquote>\n<p>Er versicherte:<\/p>\n<blockquote>\n<p><em>&#8220;Wir werden alles tun, damit uns niemand vorwerfen kann, milit\u00e4rische Konflikte zu sch\u00fcren.&#8221;<\/em><\/p>\n<\/blockquote>\n<p>Vu\u010di\u0107 hatte bereits mehrfach erkl\u00e4rt, dass er gegen antirussische Sanktionen ist, obwohl die europ\u00e4ischen L\u00e4nder dies gerne h\u00e4tten:<\/p>\n<blockquote>\n<p><em>&#8220;Wir haben dies nicht getan und wir sch\u00e4men uns nicht f\u00fcr unsere Entscheidungen.&#8221;<\/em><\/p>\n<\/blockquote>\n<p><strong>Mehr zum Thema<\/strong> &#8211; <a rel=\"nofollow noopener\" target=\"_blank\" href=\"https:\/\/freedert.online\/oesterreich\/251748-meinl-reisingers-fantasien-saerge-in\/\">Meinl-Reisingers Fantasien: S\u00e4rge in Russland und NATO-Beitritt f\u00fcr Wien<\/a><\/p>\n<\/p>\n<\/div>\n<p><br \/>\n<br \/><a href=\"https:\/\/de.rt.com\/europa\/251780-vucic-erklaert-aeusserungen-serbischen-ministers\/\">Source link <\/a><\/p>\n","protected":false},"excerpt":{"rendered":"<p>Der serbische Minister Starovi\u0107 ist der Ansicht, dass Belgrad Sanktionen gegen Moskau unterst\u00fctzen wird, wenn die Aussicht auf eine EU-Mitgliedschaft des Landes &#8220;offensichtlich wird&#8221;. Starovi\u0107 habe sich &#8220;unvorsichtig ge\u00e4u\u00dfert&#8221;, kontert Pr\u00e4sident Vu\u010di\u0107 die Aussage. Serbiens Pr\u00e4sident Aleksandar Vu\u010di\u0107 hat in einem Kommentar zu den \u00c4u\u00dferungen des Ministers f\u00fcr europ\u00e4ische Angelegenheiten Nemanja Starovi\u0107 \u00fcber eine m\u00f6gliche [&hellip;]<\/p>\n","protected":false},"author":3,"featured_media":87893,"comment_status":"open","ping_status":"open","sticky":false,"template":"","format":"standard","meta":{"_yoast_indexnow_last_ping":["1753683869"],"wp_automatic_camp":["217"],"65b5827f65e4cbfc7a8bac13d6f01f4e":["Vu\u010di\u0107 kontert \u00c4u\u00dferungen seines Ministers \u00fcber Sanktionen gegen Russland"],"original_link":["https:\/\/de.rt.com\/europa\/251780-vucic-erklaert-aeusserungen-serbischen-ministers\/"],"_thumbnail_id":["87893"],"jnews_social_counter_last_update":["1777252946"],"_wptgpro_p2tg_sent2tg":["a:1:{i:23737;s:19:\"2025-07-28 08:25:28\";}"]},"categories":[19,23],"tags":[19203,278,23668,39509,126,713,841,139,955],"yoast_head":"<!-- This site is optimized with the Yoast SEO Premium plugin v22.7 (Yoast SEO v22.7) - https:\/\/yoast.com\/wordpress\/plugins\/seo\/ -->\n<title>Vu\u010di\u0107 kontert \u00c4u\u00dferungen seines Ministers \u00fcber Sanktionen gegen Russland - just-now.NEWS Deutschland<\/title>\n<meta name=\"robots\" content=\"index, follow, max-snippet:-1, max-image-preview:large, max-video-preview:-1\" \/>\n<link rel=\"canonical\" href=\"https:\/\/now-news.de\/de\/deutschland\/vucic-kontert-aeusserungen-seines-ministers-ueber-sanktionen-gegen-russland\/\" \/>\n<meta property=\"og:locale\" content=\"de_DE\" \/>\n<meta property=\"og:type\" content=\"article\" \/>\n<meta property=\"og:title\" content=\"Vu\u010di\u0107 kontert \u00c4u\u00dferungen seines Ministers \u00fcber Sanktionen gegen Russland\" \/>\n<meta property=\"og:description\" content=\"Der serbische Minister Starovi\u0107 ist der Ansicht, dass Belgrad Sanktionen gegen Moskau unterst\u00fctzen wird, wenn die Aussicht auf eine EU-Mitgliedschaft des Landes &#8220;offensichtlich wird&#8221;. Starovi\u0107 habe sich &#8220;unvorsichtig ge\u00e4u\u00dfert&#8221;, kontert Pr\u00e4sident Vu\u010di\u0107 die Aussage. Serbiens Pr\u00e4sident Aleksandar Vu\u010di\u0107 hat in einem Kommentar zu den \u00c4u\u00dferungen des Ministers f\u00fcr europ\u00e4ische Angelegenheiten Nemanja Starovi\u0107 \u00fcber eine m\u00f6gliche [&hellip;]\" \/>\n<meta property=\"og:url\" content=\"https:\/\/now-news.de\/de\/deutschland\/vucic-kontert-aeusserungen-seines-ministers-ueber-sanktionen-gegen-russland\/\" \/>\n<meta property=\"og:site_name\" content=\"just-now.NEWS Deutschland\" \/>\n<meta property=\"article:publisher\" content=\"https:\/\/www.facebook.com\/wirmachenauf\" \/>\n<meta property=\"article:published_time\" content=\"2025-07-28T06:17:00+00:00\" \/>\n<meta property=\"og:image\" content=\"https:\/\/now-news.de\/de\/wp-content\/uploads\/sites\/3\/2025\/07\/688679ddb480cc46fe3642b8.jpg\" \/>\n<meta name=\"author\" content=\"rtnews\" \/>\n<meta name=\"twitter:card\" content=\"summary_large_image\" \/>\n<meta name=\"twitter:creator\" content=\"@WirMachenAuf_de\" \/>\n<meta name=\"twitter:site\" content=\"@WirMachenAuf_de\" \/>\n<meta name=\"twitter:label1\" content=\"Verfasst von\" \/>\n\t<meta name=\"twitter:data1\" content=\"rtnews\" \/>\n\t<meta name=\"twitter:label2\" content=\"Gesch\u00e4tzte Lesezeit\" \/>\n\t<meta name=\"twitter:data2\" content=\"2\u00a0Minuten\" \/>\n<script type=\"application\/ld+json\" class=\"yoast-schema-graph\">{\"@context\":\"https:\/\/schema.org\",\"@graph\":[{\"@type\":\"Article\",\"@id\":\"https:\/\/now-news.de\/de\/deutschland\/vucic-kontert-aeusserungen-seines-ministers-ueber-sanktionen-gegen-russland\/#article\",\"isPartOf\":{\"@id\":\"https:\/\/now-news.de\/de\/deutschland\/vucic-kontert-aeusserungen-seines-ministers-ueber-sanktionen-gegen-russland\/\"},\"author\":{\"name\":\"rtnews\",\"@id\":\"https:\/\/now-news.de\/de\/#\/schema\/person\/fb534a4e865501d8b3285208df34a9b5\"},\"headline\":\"Vu\u010di\u0107 kontert \u00c4u\u00dferungen seines Ministers \u00fcber Sanktionen gegen Russland\",\"datePublished\":\"2025-07-28T06:17:00+00:00\",\"dateModified\":\"2025-07-28T06:17:00+00:00\",\"mainEntityOfPage\":{\"@id\":\"https:\/\/now-news.de\/de\/deutschland\/vucic-kontert-aeusserungen-seines-ministers-ueber-sanktionen-gegen-russland\/\"},\"wordCount\":364,\"commentCount\":0,\"publisher\":{\"@id\":\"https:\/\/now-news.de\/de\/#organization\"},\"image\":{\"@id\":\"https:\/\/now-news.de\/de\/deutschland\/vucic-kontert-aeusserungen-seines-ministers-ueber-sanktionen-gegen-russland\/#primaryimage\"},\"thumbnailUrl\":\"https:\/\/now-news.de\/de\/wp-content\/uploads\/sites\/3\/2025\/07\/Vucic-kontert-Aeusserungen-seines-Ministers-ueber-Sanktionen-gegen-Russland.jpg\",\"keywords\":[\"\u00c4u\u00dferungen\",\"gegen\",\"kontert\",\"Ministers\",\"russland\",\"Sanktionen\",\"seines\",\"\u00fcber\",\"Vucic\"],\"articleSection\":[\"Deutschland\",\"Russland\"],\"inLanguage\":\"de\",\"potentialAction\":[{\"@type\":\"CommentAction\",\"name\":\"Comment\",\"target\":[\"https:\/\/now-news.de\/de\/deutschland\/vucic-kontert-aeusserungen-seines-ministers-ueber-sanktionen-gegen-russland\/#respond\"]}]},{\"@type\":\"WebPage\",\"@id\":\"https:\/\/now-news.de\/de\/deutschland\/vucic-kontert-aeusserungen-seines-ministers-ueber-sanktionen-gegen-russland\/\",\"url\":\"https:\/\/now-news.de\/de\/deutschland\/vucic-kontert-aeusserungen-seines-ministers-ueber-sanktionen-gegen-russland\/\",\"name\":\"Vu\u010di\u0107 kontert \u00c4u\u00dferungen seines Ministers \u00fcber Sanktionen gegen Russland - just-now.NEWS Deutschland\",\"isPartOf\":{\"@id\":\"https:\/\/now-news.de\/de\/#website\"},\"primaryImageOfPage\":{\"@id\":\"https:\/\/now-news.de\/de\/deutschland\/vucic-kontert-aeusserungen-seines-ministers-ueber-sanktionen-gegen-russland\/#primaryimage\"},\"image\":{\"@id\":\"https:\/\/now-news.de\/de\/deutschland\/vucic-kontert-aeusserungen-seines-ministers-ueber-sanktionen-gegen-russland\/#primaryimage\"},\"thumbnailUrl\":\"https:\/\/now-news.de\/de\/wp-content\/uploads\/sites\/3\/2025\/07\/Vucic-kontert-Aeusserungen-seines-Ministers-ueber-Sanktionen-gegen-Russland.jpg\",\"datePublished\":\"2025-07-28T06:17:00+00:00\",\"dateModified\":\"2025-07-28T06:17:00+00:00\",\"breadcrumb\":{\"@id\":\"https:\/\/now-news.de\/de\/deutschland\/vucic-kontert-aeusserungen-seines-ministers-ueber-sanktionen-gegen-russland\/#breadcrumb\"},\"inLanguage\":\"de\",\"potentialAction\":[{\"@type\":\"ReadAction\",\"target\":[\"https:\/\/now-news.de\/de\/deutschland\/vucic-kontert-aeusserungen-seines-ministers-ueber-sanktionen-gegen-russland\/\"]}]},{\"@type\":\"ImageObject\",\"inLanguage\":\"de\",\"@id\":\"https:\/\/now-news.de\/de\/deutschland\/vucic-kontert-aeusserungen-seines-ministers-ueber-sanktionen-gegen-russland\/#primaryimage\",\"url\":\"https:\/\/now-news.de\/de\/wp-content\/uploads\/sites\/3\/2025\/07\/Vucic-kontert-Aeusserungen-seines-Ministers-ueber-Sanktionen-gegen-Russland.jpg\",\"contentUrl\":\"https:\/\/now-news.de\/de\/wp-content\/uploads\/sites\/3\/2025\/07\/Vucic-kontert-Aeusserungen-seines-Ministers-ueber-Sanktionen-gegen-Russland.jpg\",\"width\":460,\"height\":259,\"caption\":\"Vu\u010di\u0107 kontert \u00c4u\u00dferungen seines Ministers \u00fcber Sanktionen gegen Russland\"},{\"@type\":\"BreadcrumbList\",\"@id\":\"https:\/\/now-news.de\/de\/deutschland\/vucic-kontert-aeusserungen-seines-ministers-ueber-sanktionen-gegen-russland\/#breadcrumb\",\"itemListElement\":[{\"@type\":\"ListItem\",\"position\":1,\"name\":\"Home\",\"item\":\"https:\/\/now-news.de\/de\/\"},{\"@type\":\"ListItem\",\"position\":2,\"name\":\"Vu\u010di\u0107 kontert \u00c4u\u00dferungen seines Ministers \u00fcber Sanktionen gegen Russland\"}]},{\"@type\":\"WebSite\",\"@id\":\"https:\/\/now-news.de\/de\/#website\",\"url\":\"https:\/\/now-news.de\/de\/\",\"name\":\"just-now.NEWS Deutschland\",\"description\":\"Das Portal f\u00fcr unzensierte Nachrichten aus der Welt\",\"publisher\":{\"@id\":\"https:\/\/now-news.de\/de\/#organization\"},\"potentialAction\":[{\"@type\":\"SearchAction\",\"target\":{\"@type\":\"EntryPoint\",\"urlTemplate\":\"https:\/\/now-news.de\/de\/?s={search_term_string}\"},\"query-input\":\"required name=search_term_string\"}],\"inLanguage\":\"de\"},{\"@type\":\"Organization\",\"@id\":\"https:\/\/now-news.de\/de\/#organization\",\"name\":\"Just Now News\",\"url\":\"https:\/\/now-news.de\/de\/\",\"logo\":{\"@type\":\"ImageObject\",\"inLanguage\":\"de\",\"@id\":\"https:\/\/now-news.de\/de\/#\/schema\/logo\/image\/\",\"url\":\"http:\/\/just-now.news\/de\/wp-content\/uploads\/sites\/3\/2022\/04\/logo500x500.jpg\",\"contentUrl\":\"http:\/\/just-now.news\/de\/wp-content\/uploads\/sites\/3\/2022\/04\/logo500x500.jpg\",\"width\":500,\"height\":500,\"caption\":\"Just Now News\"},\"image\":{\"@id\":\"https:\/\/now-news.de\/de\/#\/schema\/logo\/image\/\"},\"sameAs\":[\"https:\/\/www.facebook.com\/wirmachenauf\",\"https:\/\/x.com\/WirMachenAuf_de\"]},{\"@type\":\"Person\",\"@id\":\"https:\/\/now-news.de\/de\/#\/schema\/person\/fb534a4e865501d8b3285208df34a9b5\",\"name\":\"rtnews\",\"image\":{\"@type\":\"ImageObject\",\"inLanguage\":\"de\",\"@id\":\"https:\/\/now-news.de\/de\/#\/schema\/person\/image\/\",\"url\":\"https:\/\/secure.gravatar.com\/avatar\/82aafea7d8127119dd649515f56e2117?s=96&d=mm&r=g\",\"contentUrl\":\"https:\/\/secure.gravatar.com\/avatar\/82aafea7d8127119dd649515f56e2117?s=96&d=mm&r=g\",\"caption\":\"rtnews\"},\"url\":\"https:\/\/now-news.de\/de\/author\/rnews\/\"}]}<\/script>\n<!-- \/ Yoast SEO Premium plugin. -->","yoast_head_json":{"title":"Vu\u010di\u0107 kontert \u00c4u\u00dferungen seines Ministers \u00fcber Sanktionen gegen Russland - just-now.NEWS Deutschland","robots":{"index":"index","follow":"follow","max-snippet":"max-snippet:-1","max-image-preview":"max-image-preview:large","max-video-preview":"max-video-preview:-1"},"canonical":"https:\/\/now-news.de\/de\/deutschland\/vucic-kontert-aeusserungen-seines-ministers-ueber-sanktionen-gegen-russland\/","og_locale":"de_DE","og_type":"article","og_title":"Vu\u010di\u0107 kontert \u00c4u\u00dferungen seines Ministers \u00fcber Sanktionen gegen Russland","og_description":"Der serbische Minister Starovi\u0107 ist der Ansicht, dass Belgrad Sanktionen gegen Moskau unterst\u00fctzen wird, wenn die Aussicht auf eine EU-Mitgliedschaft des Landes &#8220;offensichtlich wird&#8221;. Starovi\u0107 habe sich &#8220;unvorsichtig ge\u00e4u\u00dfert&#8221;, kontert Pr\u00e4sident Vu\u010di\u0107 die Aussage. Serbiens Pr\u00e4sident Aleksandar Vu\u010di\u0107 hat in einem Kommentar zu den \u00c4u\u00dferungen des Ministers f\u00fcr europ\u00e4ische Angelegenheiten Nemanja Starovi\u0107 \u00fcber eine m\u00f6gliche [&hellip;]","og_url":"https:\/\/now-news.de\/de\/deutschland\/vucic-kontert-aeusserungen-seines-ministers-ueber-sanktionen-gegen-russland\/","og_site_name":"just-now.NEWS Deutschland","article_publisher":"https:\/\/www.facebook.com\/wirmachenauf","article_published_time":"2025-07-28T06:17:00+00:00","og_image":[{"url":"https:\/\/now-news.de\/de\/wp-content\/uploads\/sites\/3\/2025\/07\/688679ddb480cc46fe3642b8.jpg"}],"author":"rtnews","twitter_card":"summary_large_image","twitter_creator":"@WirMachenAuf_de","twitter_site":"@WirMachenAuf_de","twitter_misc":{"Verfasst von":"rtnews","Gesch\u00e4tzte Lesezeit":"2\u00a0Minuten"},"schema":{"@context":"https:\/\/schema.org","@graph":[{"@type":"Article","@id":"https:\/\/now-news.de\/de\/deutschland\/vucic-kontert-aeusserungen-seines-ministers-ueber-sanktionen-gegen-russland\/#article","isPartOf":{"@id":"https:\/\/now-news.de\/de\/deutschland\/vucic-kontert-aeusserungen-seines-ministers-ueber-sanktionen-gegen-russland\/"},"author":{"name":"rtnews","@id":"https:\/\/now-news.de\/de\/#\/schema\/person\/fb534a4e865501d8b3285208df34a9b5"},"headline":"Vu\u010di\u0107 kontert \u00c4u\u00dferungen seines Ministers \u00fcber Sanktionen gegen Russland","datePublished":"2025-07-28T06:17:00+00:00","dateModified":"2025-07-28T06:17:00+00:00","mainEntityOfPage":{"@id":"https:\/\/now-news.de\/de\/deutschland\/vucic-kontert-aeusserungen-seines-ministers-ueber-sanktionen-gegen-russland\/"},"wordCount":364,"commentCount":0,"publisher":{"@id":"https:\/\/now-news.de\/de\/#organization"},"image":{"@id":"https:\/\/now-news.de\/de\/deutschland\/vucic-kontert-aeusserungen-seines-ministers-ueber-sanktionen-gegen-russland\/#primaryimage"},"thumbnailUrl":"https:\/\/now-news.de\/de\/wp-content\/uploads\/sites\/3\/2025\/07\/Vucic-kontert-Aeusserungen-seines-Ministers-ueber-Sanktionen-gegen-Russland.jpg","keywords":["\u00c4u\u00dferungen","gegen","kontert","Ministers","russland","Sanktionen","seines","\u00fcber","Vucic"],"articleSection":["Deutschland","Russland"],"inLanguage":"de","potentialAction":[{"@type":"CommentAction","name":"Comment","target":["https:\/\/now-news.de\/de\/deutschland\/vucic-kontert-aeusserungen-seines-ministers-ueber-sanktionen-gegen-russland\/#respond"]}]},{"@type":"WebPage","@id":"https:\/\/now-news.de\/de\/deutschland\/vucic-kontert-aeusserungen-seines-ministers-ueber-sanktionen-gegen-russland\/","url":"https:\/\/now-news.de\/de\/deutschland\/vucic-kontert-aeusserungen-seines-ministers-ueber-sanktionen-gegen-russland\/","name":"Vu\u010di\u0107 kontert \u00c4u\u00dferungen seines Ministers \u00fcber Sanktionen gegen Russland - just-now.NEWS Deutschland","isPartOf":{"@id":"https:\/\/now-news.de\/de\/#website"},"primaryImageOfPage":{"@id":"https:\/\/now-news.de\/de\/deutschland\/vucic-kontert-aeusserungen-seines-ministers-ueber-sanktionen-gegen-russland\/#primaryimage"},"image":{"@id":"https:\/\/now-news.de\/de\/deutschland\/vucic-kontert-aeusserungen-seines-ministers-ueber-sanktionen-gegen-russland\/#primaryimage"},"thumbnailUrl":"https:\/\/now-news.de\/de\/wp-content\/uploads\/sites\/3\/2025\/07\/Vucic-kontert-Aeusserungen-seines-Ministers-ueber-Sanktionen-gegen-Russland.jpg","datePublished":"2025-07-28T06:17:00+00:00","dateModified":"2025-07-28T06:17:00+00:00","breadcrumb":{"@id":"https:\/\/now-news.de\/de\/deutschland\/vucic-kontert-aeusserungen-seines-ministers-ueber-sanktionen-gegen-russland\/#breadcrumb"},"inLanguage":"de","potentialAction":[{"@type":"ReadAction","target":["https:\/\/now-news.de\/de\/deutschland\/vucic-kontert-aeusserungen-seines-ministers-ueber-sanktionen-gegen-russland\/"]}]},{"@type":"ImageObject","inLanguage":"de","@id":"https:\/\/now-news.de\/de\/deutschland\/vucic-kontert-aeusserungen-seines-ministers-ueber-sanktionen-gegen-russland\/#primaryimage","url":"https:\/\/now-news.de\/de\/wp-content\/uploads\/sites\/3\/2025\/07\/Vucic-kontert-Aeusserungen-seines-Ministers-ueber-Sanktionen-gegen-Russland.jpg","contentUrl":"https:\/\/now-news.de\/de\/wp-content\/uploads\/sites\/3\/2025\/07\/Vucic-kontert-Aeusserungen-seines-Ministers-ueber-Sanktionen-gegen-Russland.jpg","width":460,"height":259,"caption":"Vu\u010di\u0107 kontert \u00c4u\u00dferungen seines Ministers \u00fcber Sanktionen gegen Russland"},{"@type":"BreadcrumbList","@id":"https:\/\/now-news.de\/de\/deutschland\/vucic-kontert-aeusserungen-seines-ministers-ueber-sanktionen-gegen-russland\/#breadcrumb","itemListElement":[{"@type":"ListItem","position":1,"name":"Home","item":"https:\/\/now-news.de\/de\/"},{"@type":"ListItem","position":2,"name":"Vu\u010di\u0107 kontert \u00c4u\u00dferungen seines Ministers \u00fcber Sanktionen gegen Russland"}]},{"@type":"WebSite","@id":"https:\/\/now-news.de\/de\/#website","url":"https:\/\/now-news.de\/de\/","name":"just-now.NEWS Deutschland","description":"Das Portal f\u00fcr unzensierte Nachrichten aus der Welt","publisher":{"@id":"https:\/\/now-news.de\/de\/#organization"},"potentialAction":[{"@type":"SearchAction","target":{"@type":"EntryPoint","urlTemplate":"https:\/\/now-news.de\/de\/?s={search_term_string}"},"query-input":"required name=search_term_string"}],"inLanguage":"de"},{"@type":"Organization","@id":"https:\/\/now-news.de\/de\/#organization","name":"Just Now News","url":"https:\/\/now-news.de\/de\/","logo":{"@type":"ImageObject","inLanguage":"de","@id":"https:\/\/now-news.de\/de\/#\/schema\/logo\/image\/","url":"http:\/\/just-now.news\/de\/wp-content\/uploads\/sites\/3\/2022\/04\/logo500x500.jpg","contentUrl":"http:\/\/just-now.news\/de\/wp-content\/uploads\/sites\/3\/2022\/04\/logo500x500.jpg","width":500,"height":500,"caption":"Just Now News"},"image":{"@id":"https:\/\/now-news.de\/de\/#\/schema\/logo\/image\/"},"sameAs":["https:\/\/www.facebook.com\/wirmachenauf","https:\/\/x.com\/WirMachenAuf_de"]},{"@type":"Person","@id":"https:\/\/now-news.de\/de\/#\/schema\/person\/fb534a4e865501d8b3285208df34a9b5","name":"rtnews","image":{"@type":"ImageObject","inLanguage":"de","@id":"https:\/\/now-news.de\/de\/#\/schema\/person\/image\/","url":"https:\/\/secure.gravatar.com\/avatar\/82aafea7d8127119dd649515f56e2117?s=96&d=mm&r=g","contentUrl":"https:\/\/secure.gravatar.com\/avatar\/82aafea7d8127119dd649515f56e2117?s=96&d=mm&r=g","caption":"rtnews"},"url":"https:\/\/now-news.de\/de\/author\/rnews\/"}]}},"_links":{"self":[{"href":"https:\/\/now-news.de\/de\/wp-json\/wp\/v2\/posts\/87892"}],"collection":[{"href":"https:\/\/now-news.de\/de\/wp-json\/wp\/v2\/posts"}],"about":[{"href":"https:\/\/now-news.de\/de\/wp-json\/wp\/v2\/types\/post"}],"author":[{"embeddable":true,"href":"https:\/\/now-news.de\/de\/wp-json\/wp\/v2\/users\/3"}],"replies":[{"embeddable":true,"href":"https:\/\/now-news.de\/de\/wp-json\/wp\/v2\/comments?post=87892"}],"version-history":[{"count":0,"href":"https:\/\/now-news.de\/de\/wp-json\/wp\/v2\/posts\/87892\/revisions"}],"wp:featuredmedia":[{"embeddable":true,"href":"https:\/\/now-news.de\/de\/wp-json\/wp\/v2\/media\/87893"}],"wp:attachment":[{"href":"https:\/\/now-news.de\/de\/wp-json\/wp\/v2\/media?parent=87892"}],"wp:term":[{"taxonomy":"category","embeddable":true,"href":"https:\/\/now-news.de\/de\/wp-json\/wp\/v2\/categories?post=87892"},{"taxonomy":"post_tag","embeddable":true,"href":"https:\/\/now-news.de\/de\/wp-json\/wp\/v2\/tags?post=87892"}],"curies":[{"name":"wp","href":"https:\/\/api.w.org\/{rel}","templated":true}]}}