{"id":87860,"date":"2025-07-27T14:25:32","date_gmt":"2025-07-27T12:25:32","guid":{"rendered":"https:\/\/now-news.de\/de\/deutschland\/meinl-reisingers-fantasien-saerge-in-russland-und-nato-beitritt-fuer-wien\/"},"modified":"2025-07-27T14:25:32","modified_gmt":"2025-07-27T12:25:32","slug":"meinl-reisingers-fantasien-saerge-in-russland-und-nato-beitritt-fuer-wien","status":"publish","type":"post","link":"https:\/\/now-news.de\/de\/deutschland\/meinl-reisingers-fantasien-saerge-in-russland-und-nato-beitritt-fuer-wien\/","title":{"rendered":"Meinl-Reisingers Fantasien: S\u00e4rge in Russland und NATO-Beitritt f\u00fcr Wien"},"content":{"rendered":"<p><img decoding=\"async\" src=\"https:\/\/now-news.de\/de\/wp-content\/uploads\/sites\/3\/2025\/07\/6886042948fbef3211175fe7.jpg\" \/><\/p>\n<div class=\"Text-root Text-type_1 \">\n                \u00d6sterreichs Au\u00dfenministerin Beate Meinl-Reisinger stellt die Neutralit\u00e4t des Landes infrage und tr\u00e4umt offen vom NATO-Beitritt. Ihre Aussagen \u00fcber Russland wirken ideologisch aufgeladen und realit\u00e4tsfern \u2013 von S\u00e4rgen und einem Zusammenbruch ist die Rede, obwohl wirtschaftliche Fakten Gegenteiliges zeigen.\n            <\/div>\n<p><\/p>\n<div class=\"Text-root Text-type_5 ArticleView-text ViewText-root \">\n<p data-start=\"1609\" data-end=\"2067\">Beate Meinl-Reisinger, Au\u00dfenministerin und Parteichefin der Neos, stellt die jahrzehntelange Neutralit\u00e4t \u00d6sterreichs offen infrage. In einem Interview mit <em data-start=\"1764\" data-end=\"1774\">Die Welt<\/em> k\u00fcndigt sie an, f\u00fcr eine \u00f6ffentliche Debatte \u00fcber einen m\u00f6glichen NATO-Beitritt &#8220;offen&#8221; zu sein.<\/p>\n<p data-start=\"1609\" data-end=\"2067\">Was sie als \u00f6ffentliche Debatte und angeblichen Willen der Nation darstellt, ist in Wirklichkeit eine gezielte Vorbereitung auf einen sicherheitspolitischen Kurswechsel \u00d6sterreichs \u2013 im Sinne der NATO: weg von der Neutralit\u00e4t, hin zur milit\u00e4rischen Westbindung. Doch offenbar hat die Au\u00dfenministerin nicht zu Ende gedacht. Woher soll das Geld f\u00fcr eine NATO-Mitgliedschaft kommen, wenn \u00d6sterreich mit innenpolitischen Problemen und steigender Verschuldung k\u00e4mpft? Dazu schweigt die Pro-NATO-Politikerin.<\/p>\n<p data-start=\"2069\" data-end=\"2511\">Begr\u00fcndet wird dieser Paradigmenwechsel mit dem angeblich &#8220;aggressiven Verhalten Russlands&#8221;. Die Ministerin spricht von einer Welt, die sich grundlegend ver\u00e4ndert habe \u2013 und fantasiert gleichzeitig vom baldigen milit\u00e4rischen und wirtschaftlichen Zusammenbruch Russlands.<\/p>\n<blockquote>\n<p data-start=\"2069\" data-end=\"2511\"><strong>Meinl-Reisinger:\u00a0<\/strong><em>Irgendwann t\u00fcrmen sich die S\u00e4rge in Russland. Hinzu kommt die desastr\u00f6se Wirtschaftslage. Es wird immer schwerer f\u00fcr den Kreml, diesen Krieg fortzuf\u00fchren.<\/em><\/p>\n<\/blockquote>\n<p data-start=\"2069\" data-end=\"2511\">Sie behauptet, die russische Wirtschaft sei in einem &#8220;desastr\u00f6sen&#8221; Zustand, die Lage an der Front in der Ukraine &#8220;katastrophal&#8221; f\u00fcr Moskau, und <a rel=\"nofollow noopener\" target=\"_blank\" href=\"https:\/\/www.welt.de\/politik\/ausland\/article68834e7c0e680a76f4e95342\/oesterreichs-aussenministerin-irgendwann-tuermen-sich-die-saerge-in-russland.html\">warnt<\/a>: &#8220;Russland erleidet enorme Verluste.&#8221;<\/p>\n<p data-start=\"2513\" data-end=\"3012\">Wer sich ernsthaft mit der Lage Russlands besch\u00e4ftigt, erkennt weder einen wirtschaftlichen Kollaps noch milit\u00e4rische Panik. Trotz westlicher Sanktionen zeigt sich die russische Wirtschaft widerstandsf\u00e4hig, das Bruttoinlandsprodukt w\u00e4chst, strategische Partnerschaften mit China, Indien und anderen Global-South-Staaten florieren. Russland hat sich vom Westen weitgehend entkoppelt \u2013 und bleibt auf globaler Ebene ein\u00a0zentraler Akteur.<\/p>\n<p data-start=\"3014\" data-end=\"3416\">Die Au\u00dfenministerin hingegen bewegt sich rhetorisch im Fahrwasser der transatlantischen Hardliner. Ihre Aussagen erinnern eher an politische Wunschbilder als an n\u00fcchterne Diplomatie. Dass Meinl-Reisinger \u00fcber einen NATO-Beitritt \u00fcberhaupt laut nachdenkt, obwohl weder das Parlament noch die Bev\u00f6lkerung daran ein mehrheitliches Interesse zeigt, zeugt von einer Entfremdung gegen\u00fcber der eigenen Bev\u00f6lkerung.<\/p>\n<p data-start=\"3418\" data-end=\"3829\">Seit 1955 gilt die Neutralit\u00e4t als Grundpfeiler \u00f6sterreichischer Au\u00dfenpolitik \u2013 verfassungsrechtlich verankert und international respektiert. Sie hat \u00d6sterreich Stabilit\u00e4t verschafft, Glaubw\u00fcrdigkeit in Konflikten und eine Vermittlerrolle zwischen West und Ost. Der geplante NATO-Kurs w\u00fcrde all das gef\u00e4hrden \u2013 und \u00d6sterreich in geopolitische Auseinandersetzungen hineinziehen, die dem Land nicht guttun k\u00f6nnen.<\/p>\n<p data-start=\"3831\" data-end=\"4082\">Die Ministerin spricht von Freiheit und Verantwortung. Doch in Wahrheit gef\u00e4hrdet sie mit ihrem ideologischen Kurs genau das: die au\u00dfenpolitische Souver\u00e4nit\u00e4t \u00d6sterreichs.\u00a0<\/p>\n<p data-start=\"3831\" data-end=\"4082\"><strong>Mehr zum Thema<\/strong>\u00a0&#8211;\u00a0<a rel=\"nofollow noopener\" target=\"_blank\" href=\"https:\/\/freedert.online\/oesterreich\/225121-droht-europa-ein-winter-ohne-gas\/\">Unsicherer Gastransit durch die Ukraine: Droht Europa ein kalter Winter?<\/a><\/p>\n<div class=\"EmbedBlock-root EmbedBlock-externalVideo EmbedBlock-rumble\">\n<div class=\"VkEmbed\"><iframe class=\"lazyload\" data-src=\"https:\/\/rumble.com\/embed\/v6uhj8m\" frameborder=\"0\" width=\"853\" height=\"480\" allowfullscreen><\/iframe><\/div>\n<\/div>\n<\/div>\n<p><br \/>\n<br \/><a href=\"https:\/\/de.rt.com\/oesterreich\/251748-meinl-reisingers-fantasien-saerge-in\/\">Source link <\/a><\/p>\n","protected":false},"excerpt":{"rendered":"<p>\u00d6sterreichs Au\u00dfenministerin Beate Meinl-Reisinger stellt die Neutralit\u00e4t des Landes infrage und tr\u00e4umt offen vom NATO-Beitritt. Ihre Aussagen \u00fcber Russland wirken ideologisch aufgeladen und realit\u00e4tsfern \u2013 von S\u00e4rgen und einem Zusammenbruch ist die Rede, obwohl wirtschaftliche Fakten Gegenteiliges zeigen. Beate Meinl-Reisinger, Au\u00dfenministerin und Parteichefin der Neos, stellt die jahrzehntelange Neutralit\u00e4t \u00d6sterreichs offen infrage. In einem Interview [&hellip;]<\/p>\n","protected":false},"author":3,"featured_media":87861,"comment_status":"open","ping_status":"open","sticky":false,"template":"","format":"standard","meta":{"_yoast_indexnow_last_ping":["1753619362"],"wp_automatic_camp":["217"],"1ce74913cda53834669ae06ce03bd4ab":["Meinl-Reisingers Fantasien: S\u00e4rge in Russland und NATO-Beitritt f\u00fcr Wien"],"original_link":["https:\/\/de.rt.com\/oesterreich\/251748-meinl-reisingers-fantasien-saerge-in\/"],"_thumbnail_id":["87861"],"jnews_social_counter_last_update":["1776925298"],"_wptgpro_p2tg_sent2tg":["a:1:{i:23737;s:19:\"2025-07-27 14:30:22\";}"]},"categories":[19,23],"tags":[46098,221,66663,10665,126,55460,140,22652],"yoast_head":"<!-- This site is optimized with the Yoast SEO Premium plugin v22.7 (Yoast SEO v22.7) - https:\/\/yoast.com\/wordpress\/plugins\/seo\/ -->\n<title>Meinl-Reisingers Fantasien: S\u00e4rge in Russland und NATO-Beitritt f\u00fcr Wien - just-now.NEWS Deutschland<\/title>\n<meta name=\"robots\" content=\"index, follow, max-snippet:-1, max-image-preview:large, max-video-preview:-1\" \/>\n<link rel=\"canonical\" href=\"https:\/\/now-news.de\/de\/deutschland\/meinl-reisingers-fantasien-saerge-in-russland-und-nato-beitritt-fuer-wien\/\" \/>\n<meta property=\"og:locale\" content=\"de_DE\" \/>\n<meta property=\"og:type\" content=\"article\" \/>\n<meta property=\"og:title\" content=\"Meinl-Reisingers Fantasien: S\u00e4rge in Russland und NATO-Beitritt f\u00fcr Wien\" \/>\n<meta property=\"og:description\" content=\"\u00d6sterreichs Au\u00dfenministerin Beate Meinl-Reisinger stellt die Neutralit\u00e4t des Landes infrage und tr\u00e4umt offen vom NATO-Beitritt. Ihre Aussagen \u00fcber Russland wirken ideologisch aufgeladen und realit\u00e4tsfern \u2013 von S\u00e4rgen und einem Zusammenbruch ist die Rede, obwohl wirtschaftliche Fakten Gegenteiliges zeigen. Beate Meinl-Reisinger, Au\u00dfenministerin und Parteichefin der Neos, stellt die jahrzehntelange Neutralit\u00e4t \u00d6sterreichs offen infrage. In einem Interview [&hellip;]\" \/>\n<meta property=\"og:url\" content=\"https:\/\/now-news.de\/de\/deutschland\/meinl-reisingers-fantasien-saerge-in-russland-und-nato-beitritt-fuer-wien\/\" \/>\n<meta property=\"og:site_name\" content=\"just-now.NEWS Deutschland\" \/>\n<meta property=\"article:publisher\" content=\"https:\/\/www.facebook.com\/wirmachenauf\" \/>\n<meta property=\"article:published_time\" content=\"2025-07-27T12:25:32+00:00\" \/>\n<meta property=\"og:image\" content=\"https:\/\/now-news.de\/de\/wp-content\/uploads\/sites\/3\/2025\/07\/6886042948fbef3211175fe7.jpg\" \/>\n<meta name=\"author\" content=\"rtnews\" \/>\n<meta name=\"twitter:card\" content=\"summary_large_image\" \/>\n<meta name=\"twitter:creator\" content=\"@WirMachenAuf_de\" \/>\n<meta name=\"twitter:site\" content=\"@WirMachenAuf_de\" \/>\n<meta name=\"twitter:label1\" content=\"Verfasst von\" \/>\n\t<meta name=\"twitter:data1\" content=\"rtnews\" \/>\n\t<meta name=\"twitter:label2\" content=\"Gesch\u00e4tzte Lesezeit\" \/>\n\t<meta name=\"twitter:data2\" content=\"2\u00a0Minuten\" \/>\n<script type=\"application\/ld+json\" class=\"yoast-schema-graph\">{\"@context\":\"https:\/\/schema.org\",\"@graph\":[{\"@type\":\"Article\",\"@id\":\"https:\/\/now-news.de\/de\/deutschland\/meinl-reisingers-fantasien-saerge-in-russland-und-nato-beitritt-fuer-wien\/#article\",\"isPartOf\":{\"@id\":\"https:\/\/now-news.de\/de\/deutschland\/meinl-reisingers-fantasien-saerge-in-russland-und-nato-beitritt-fuer-wien\/\"},\"author\":{\"name\":\"rtnews\",\"@id\":\"https:\/\/now-news.de\/de\/#\/schema\/person\/fb534a4e865501d8b3285208df34a9b5\"},\"headline\":\"Meinl-Reisingers Fantasien: S\u00e4rge in Russland und NATO-Beitritt f\u00fcr Wien\",\"datePublished\":\"2025-07-27T12:25:32+00:00\",\"dateModified\":\"2025-07-27T12:25:32+00:00\",\"mainEntityOfPage\":{\"@id\":\"https:\/\/now-news.de\/de\/deutschland\/meinl-reisingers-fantasien-saerge-in-russland-und-nato-beitritt-fuer-wien\/\"},\"wordCount\":460,\"commentCount\":0,\"publisher\":{\"@id\":\"https:\/\/now-news.de\/de\/#organization\"},\"image\":{\"@id\":\"https:\/\/now-news.de\/de\/deutschland\/meinl-reisingers-fantasien-saerge-in-russland-und-nato-beitritt-fuer-wien\/#primaryimage\"},\"thumbnailUrl\":\"https:\/\/now-news.de\/de\/wp-content\/uploads\/sites\/3\/2025\/07\/Meinl-Reisingers-Fantasien-Saerge-in-Russland-und-NATO-Beitritt-fuer-Wien.jpg\",\"keywords\":[\"Fantasien\",\"f\u00fcr\",\"MeinlReisingers\",\"NATOBeitritt\",\"russland\",\"S\u00e4rge\",\"und\",\"Wien\"],\"articleSection\":[\"Deutschland\",\"Russland\"],\"inLanguage\":\"de\",\"potentialAction\":[{\"@type\":\"CommentAction\",\"name\":\"Comment\",\"target\":[\"https:\/\/now-news.de\/de\/deutschland\/meinl-reisingers-fantasien-saerge-in-russland-und-nato-beitritt-fuer-wien\/#respond\"]}]},{\"@type\":\"WebPage\",\"@id\":\"https:\/\/now-news.de\/de\/deutschland\/meinl-reisingers-fantasien-saerge-in-russland-und-nato-beitritt-fuer-wien\/\",\"url\":\"https:\/\/now-news.de\/de\/deutschland\/meinl-reisingers-fantasien-saerge-in-russland-und-nato-beitritt-fuer-wien\/\",\"name\":\"Meinl-Reisingers Fantasien: S\u00e4rge in Russland und NATO-Beitritt f\u00fcr Wien - just-now.NEWS Deutschland\",\"isPartOf\":{\"@id\":\"https:\/\/now-news.de\/de\/#website\"},\"primaryImageOfPage\":{\"@id\":\"https:\/\/now-news.de\/de\/deutschland\/meinl-reisingers-fantasien-saerge-in-russland-und-nato-beitritt-fuer-wien\/#primaryimage\"},\"image\":{\"@id\":\"https:\/\/now-news.de\/de\/deutschland\/meinl-reisingers-fantasien-saerge-in-russland-und-nato-beitritt-fuer-wien\/#primaryimage\"},\"thumbnailUrl\":\"https:\/\/now-news.de\/de\/wp-content\/uploads\/sites\/3\/2025\/07\/Meinl-Reisingers-Fantasien-Saerge-in-Russland-und-NATO-Beitritt-fuer-Wien.jpg\",\"datePublished\":\"2025-07-27T12:25:32+00:00\",\"dateModified\":\"2025-07-27T12:25:32+00:00\",\"breadcrumb\":{\"@id\":\"https:\/\/now-news.de\/de\/deutschland\/meinl-reisingers-fantasien-saerge-in-russland-und-nato-beitritt-fuer-wien\/#breadcrumb\"},\"inLanguage\":\"de\",\"potentialAction\":[{\"@type\":\"ReadAction\",\"target\":[\"https:\/\/now-news.de\/de\/deutschland\/meinl-reisingers-fantasien-saerge-in-russland-und-nato-beitritt-fuer-wien\/\"]}]},{\"@type\":\"ImageObject\",\"inLanguage\":\"de\",\"@id\":\"https:\/\/now-news.de\/de\/deutschland\/meinl-reisingers-fantasien-saerge-in-russland-und-nato-beitritt-fuer-wien\/#primaryimage\",\"url\":\"https:\/\/now-news.de\/de\/wp-content\/uploads\/sites\/3\/2025\/07\/Meinl-Reisingers-Fantasien-Saerge-in-Russland-und-NATO-Beitritt-fuer-Wien.jpg\",\"contentUrl\":\"https:\/\/now-news.de\/de\/wp-content\/uploads\/sites\/3\/2025\/07\/Meinl-Reisingers-Fantasien-Saerge-in-Russland-und-NATO-Beitritt-fuer-Wien.jpg\",\"width\":460,\"height\":259,\"caption\":\"Meinl-Reisingers Fantasien: S\u00e4rge in Russland und NATO-Beitritt f\u00fcr Wien\"},{\"@type\":\"BreadcrumbList\",\"@id\":\"https:\/\/now-news.de\/de\/deutschland\/meinl-reisingers-fantasien-saerge-in-russland-und-nato-beitritt-fuer-wien\/#breadcrumb\",\"itemListElement\":[{\"@type\":\"ListItem\",\"position\":1,\"name\":\"Home\",\"item\":\"https:\/\/now-news.de\/de\/\"},{\"@type\":\"ListItem\",\"position\":2,\"name\":\"Meinl-Reisingers Fantasien: S\u00e4rge in Russland und NATO-Beitritt f\u00fcr Wien\"}]},{\"@type\":\"WebSite\",\"@id\":\"https:\/\/now-news.de\/de\/#website\",\"url\":\"https:\/\/now-news.de\/de\/\",\"name\":\"just-now.NEWS Deutschland\",\"description\":\"Das Portal f\u00fcr unzensierte Nachrichten aus der Welt\",\"publisher\":{\"@id\":\"https:\/\/now-news.de\/de\/#organization\"},\"potentialAction\":[{\"@type\":\"SearchAction\",\"target\":{\"@type\":\"EntryPoint\",\"urlTemplate\":\"https:\/\/now-news.de\/de\/?s={search_term_string}\"},\"query-input\":\"required name=search_term_string\"}],\"inLanguage\":\"de\"},{\"@type\":\"Organization\",\"@id\":\"https:\/\/now-news.de\/de\/#organization\",\"name\":\"Just Now News\",\"url\":\"https:\/\/now-news.de\/de\/\",\"logo\":{\"@type\":\"ImageObject\",\"inLanguage\":\"de\",\"@id\":\"https:\/\/now-news.de\/de\/#\/schema\/logo\/image\/\",\"url\":\"http:\/\/just-now.news\/de\/wp-content\/uploads\/sites\/3\/2022\/04\/logo500x500.jpg\",\"contentUrl\":\"http:\/\/just-now.news\/de\/wp-content\/uploads\/sites\/3\/2022\/04\/logo500x500.jpg\",\"width\":500,\"height\":500,\"caption\":\"Just Now News\"},\"image\":{\"@id\":\"https:\/\/now-news.de\/de\/#\/schema\/logo\/image\/\"},\"sameAs\":[\"https:\/\/www.facebook.com\/wirmachenauf\",\"https:\/\/x.com\/WirMachenAuf_de\"]},{\"@type\":\"Person\",\"@id\":\"https:\/\/now-news.de\/de\/#\/schema\/person\/fb534a4e865501d8b3285208df34a9b5\",\"name\":\"rtnews\",\"image\":{\"@type\":\"ImageObject\",\"inLanguage\":\"de\",\"@id\":\"https:\/\/now-news.de\/de\/#\/schema\/person\/image\/\",\"url\":\"https:\/\/secure.gravatar.com\/avatar\/82aafea7d8127119dd649515f56e2117?s=96&d=mm&r=g\",\"contentUrl\":\"https:\/\/secure.gravatar.com\/avatar\/82aafea7d8127119dd649515f56e2117?s=96&d=mm&r=g\",\"caption\":\"rtnews\"},\"url\":\"https:\/\/now-news.de\/de\/author\/rnews\/\"}]}<\/script>\n<!-- \/ Yoast SEO Premium plugin. -->","yoast_head_json":{"title":"Meinl-Reisingers Fantasien: S\u00e4rge in Russland und NATO-Beitritt f\u00fcr Wien - just-now.NEWS Deutschland","robots":{"index":"index","follow":"follow","max-snippet":"max-snippet:-1","max-image-preview":"max-image-preview:large","max-video-preview":"max-video-preview:-1"},"canonical":"https:\/\/now-news.de\/de\/deutschland\/meinl-reisingers-fantasien-saerge-in-russland-und-nato-beitritt-fuer-wien\/","og_locale":"de_DE","og_type":"article","og_title":"Meinl-Reisingers Fantasien: S\u00e4rge in Russland und NATO-Beitritt f\u00fcr Wien","og_description":"\u00d6sterreichs Au\u00dfenministerin Beate Meinl-Reisinger stellt die Neutralit\u00e4t des Landes infrage und tr\u00e4umt offen vom NATO-Beitritt. Ihre Aussagen \u00fcber Russland wirken ideologisch aufgeladen und realit\u00e4tsfern \u2013 von S\u00e4rgen und einem Zusammenbruch ist die Rede, obwohl wirtschaftliche Fakten Gegenteiliges zeigen. Beate Meinl-Reisinger, Au\u00dfenministerin und Parteichefin der Neos, stellt die jahrzehntelange Neutralit\u00e4t \u00d6sterreichs offen infrage. In einem Interview [&hellip;]","og_url":"https:\/\/now-news.de\/de\/deutschland\/meinl-reisingers-fantasien-saerge-in-russland-und-nato-beitritt-fuer-wien\/","og_site_name":"just-now.NEWS Deutschland","article_publisher":"https:\/\/www.facebook.com\/wirmachenauf","article_published_time":"2025-07-27T12:25:32+00:00","og_image":[{"url":"https:\/\/now-news.de\/de\/wp-content\/uploads\/sites\/3\/2025\/07\/6886042948fbef3211175fe7.jpg"}],"author":"rtnews","twitter_card":"summary_large_image","twitter_creator":"@WirMachenAuf_de","twitter_site":"@WirMachenAuf_de","twitter_misc":{"Verfasst von":"rtnews","Gesch\u00e4tzte Lesezeit":"2\u00a0Minuten"},"schema":{"@context":"https:\/\/schema.org","@graph":[{"@type":"Article","@id":"https:\/\/now-news.de\/de\/deutschland\/meinl-reisingers-fantasien-saerge-in-russland-und-nato-beitritt-fuer-wien\/#article","isPartOf":{"@id":"https:\/\/now-news.de\/de\/deutschland\/meinl-reisingers-fantasien-saerge-in-russland-und-nato-beitritt-fuer-wien\/"},"author":{"name":"rtnews","@id":"https:\/\/now-news.de\/de\/#\/schema\/person\/fb534a4e865501d8b3285208df34a9b5"},"headline":"Meinl-Reisingers Fantasien: S\u00e4rge in Russland und NATO-Beitritt f\u00fcr Wien","datePublished":"2025-07-27T12:25:32+00:00","dateModified":"2025-07-27T12:25:32+00:00","mainEntityOfPage":{"@id":"https:\/\/now-news.de\/de\/deutschland\/meinl-reisingers-fantasien-saerge-in-russland-und-nato-beitritt-fuer-wien\/"},"wordCount":460,"commentCount":0,"publisher":{"@id":"https:\/\/now-news.de\/de\/#organization"},"image":{"@id":"https:\/\/now-news.de\/de\/deutschland\/meinl-reisingers-fantasien-saerge-in-russland-und-nato-beitritt-fuer-wien\/#primaryimage"},"thumbnailUrl":"https:\/\/now-news.de\/de\/wp-content\/uploads\/sites\/3\/2025\/07\/Meinl-Reisingers-Fantasien-Saerge-in-Russland-und-NATO-Beitritt-fuer-Wien.jpg","keywords":["Fantasien","f\u00fcr","MeinlReisingers","NATOBeitritt","russland","S\u00e4rge","und","Wien"],"articleSection":["Deutschland","Russland"],"inLanguage":"de","potentialAction":[{"@type":"CommentAction","name":"Comment","target":["https:\/\/now-news.de\/de\/deutschland\/meinl-reisingers-fantasien-saerge-in-russland-und-nato-beitritt-fuer-wien\/#respond"]}]},{"@type":"WebPage","@id":"https:\/\/now-news.de\/de\/deutschland\/meinl-reisingers-fantasien-saerge-in-russland-und-nato-beitritt-fuer-wien\/","url":"https:\/\/now-news.de\/de\/deutschland\/meinl-reisingers-fantasien-saerge-in-russland-und-nato-beitritt-fuer-wien\/","name":"Meinl-Reisingers Fantasien: S\u00e4rge in Russland und NATO-Beitritt f\u00fcr Wien - just-now.NEWS Deutschland","isPartOf":{"@id":"https:\/\/now-news.de\/de\/#website"},"primaryImageOfPage":{"@id":"https:\/\/now-news.de\/de\/deutschland\/meinl-reisingers-fantasien-saerge-in-russland-und-nato-beitritt-fuer-wien\/#primaryimage"},"image":{"@id":"https:\/\/now-news.de\/de\/deutschland\/meinl-reisingers-fantasien-saerge-in-russland-und-nato-beitritt-fuer-wien\/#primaryimage"},"thumbnailUrl":"https:\/\/now-news.de\/de\/wp-content\/uploads\/sites\/3\/2025\/07\/Meinl-Reisingers-Fantasien-Saerge-in-Russland-und-NATO-Beitritt-fuer-Wien.jpg","datePublished":"2025-07-27T12:25:32+00:00","dateModified":"2025-07-27T12:25:32+00:00","breadcrumb":{"@id":"https:\/\/now-news.de\/de\/deutschland\/meinl-reisingers-fantasien-saerge-in-russland-und-nato-beitritt-fuer-wien\/#breadcrumb"},"inLanguage":"de","potentialAction":[{"@type":"ReadAction","target":["https:\/\/now-news.de\/de\/deutschland\/meinl-reisingers-fantasien-saerge-in-russland-und-nato-beitritt-fuer-wien\/"]}]},{"@type":"ImageObject","inLanguage":"de","@id":"https:\/\/now-news.de\/de\/deutschland\/meinl-reisingers-fantasien-saerge-in-russland-und-nato-beitritt-fuer-wien\/#primaryimage","url":"https:\/\/now-news.de\/de\/wp-content\/uploads\/sites\/3\/2025\/07\/Meinl-Reisingers-Fantasien-Saerge-in-Russland-und-NATO-Beitritt-fuer-Wien.jpg","contentUrl":"https:\/\/now-news.de\/de\/wp-content\/uploads\/sites\/3\/2025\/07\/Meinl-Reisingers-Fantasien-Saerge-in-Russland-und-NATO-Beitritt-fuer-Wien.jpg","width":460,"height":259,"caption":"Meinl-Reisingers Fantasien: S\u00e4rge in Russland und NATO-Beitritt f\u00fcr Wien"},{"@type":"BreadcrumbList","@id":"https:\/\/now-news.de\/de\/deutschland\/meinl-reisingers-fantasien-saerge-in-russland-und-nato-beitritt-fuer-wien\/#breadcrumb","itemListElement":[{"@type":"ListItem","position":1,"name":"Home","item":"https:\/\/now-news.de\/de\/"},{"@type":"ListItem","position":2,"name":"Meinl-Reisingers Fantasien: S\u00e4rge in Russland und NATO-Beitritt f\u00fcr Wien"}]},{"@type":"WebSite","@id":"https:\/\/now-news.de\/de\/#website","url":"https:\/\/now-news.de\/de\/","name":"just-now.NEWS Deutschland","description":"Das Portal f\u00fcr unzensierte Nachrichten aus der Welt","publisher":{"@id":"https:\/\/now-news.de\/de\/#organization"},"potentialAction":[{"@type":"SearchAction","target":{"@type":"EntryPoint","urlTemplate":"https:\/\/now-news.de\/de\/?s={search_term_string}"},"query-input":"required name=search_term_string"}],"inLanguage":"de"},{"@type":"Organization","@id":"https:\/\/now-news.de\/de\/#organization","name":"Just Now News","url":"https:\/\/now-news.de\/de\/","logo":{"@type":"ImageObject","inLanguage":"de","@id":"https:\/\/now-news.de\/de\/#\/schema\/logo\/image\/","url":"http:\/\/just-now.news\/de\/wp-content\/uploads\/sites\/3\/2022\/04\/logo500x500.jpg","contentUrl":"http:\/\/just-now.news\/de\/wp-content\/uploads\/sites\/3\/2022\/04\/logo500x500.jpg","width":500,"height":500,"caption":"Just Now News"},"image":{"@id":"https:\/\/now-news.de\/de\/#\/schema\/logo\/image\/"},"sameAs":["https:\/\/www.facebook.com\/wirmachenauf","https:\/\/x.com\/WirMachenAuf_de"]},{"@type":"Person","@id":"https:\/\/now-news.de\/de\/#\/schema\/person\/fb534a4e865501d8b3285208df34a9b5","name":"rtnews","image":{"@type":"ImageObject","inLanguage":"de","@id":"https:\/\/now-news.de\/de\/#\/schema\/person\/image\/","url":"https:\/\/secure.gravatar.com\/avatar\/82aafea7d8127119dd649515f56e2117?s=96&d=mm&r=g","contentUrl":"https:\/\/secure.gravatar.com\/avatar\/82aafea7d8127119dd649515f56e2117?s=96&d=mm&r=g","caption":"rtnews"},"url":"https:\/\/now-news.de\/de\/author\/rnews\/"}]}},"_links":{"self":[{"href":"https:\/\/now-news.de\/de\/wp-json\/wp\/v2\/posts\/87860"}],"collection":[{"href":"https:\/\/now-news.de\/de\/wp-json\/wp\/v2\/posts"}],"about":[{"href":"https:\/\/now-news.de\/de\/wp-json\/wp\/v2\/types\/post"}],"author":[{"embeddable":true,"href":"https:\/\/now-news.de\/de\/wp-json\/wp\/v2\/users\/3"}],"replies":[{"embeddable":true,"href":"https:\/\/now-news.de\/de\/wp-json\/wp\/v2\/comments?post=87860"}],"version-history":[{"count":0,"href":"https:\/\/now-news.de\/de\/wp-json\/wp\/v2\/posts\/87860\/revisions"}],"wp:featuredmedia":[{"embeddable":true,"href":"https:\/\/now-news.de\/de\/wp-json\/wp\/v2\/media\/87861"}],"wp:attachment":[{"href":"https:\/\/now-news.de\/de\/wp-json\/wp\/v2\/media?parent=87860"}],"wp:term":[{"taxonomy":"category","embeddable":true,"href":"https:\/\/now-news.de\/de\/wp-json\/wp\/v2\/categories?post=87860"},{"taxonomy":"post_tag","embeddable":true,"href":"https:\/\/now-news.de\/de\/wp-json\/wp\/v2\/tags?post=87860"}],"curies":[{"name":"wp","href":"https:\/\/api.w.org\/{rel}","templated":true}]}}