{"id":87848,"date":"2025-07-27T09:08:20","date_gmt":"2025-07-27T07:08:20","guid":{"rendered":"https:\/\/now-news.de\/de\/deutschland\/israel-verkuendet-taktische-pause-in-teilen-des-gazastreifens\/"},"modified":"2025-07-27T09:08:20","modified_gmt":"2025-07-27T07:08:20","slug":"israel-verkuendet-taktische-pause-in-teilen-des-gazastreifens","status":"publish","type":"post","link":"https:\/\/now-news.de\/de\/deutschland\/israel-verkuendet-taktische-pause-in-teilen-des-gazastreifens\/","title":{"rendered":"Israel verk\u00fcndet &quot;taktische Pause&quot; in Teilen des Gazastreifens"},"content":{"rendered":"<p><img decoding=\"async\" src=\"https:\/\/now-news.de\/de\/wp-content\/uploads\/sites\/3\/2025\/07\/6885c6fab480cc183c173e82.jpg\" \/><\/p>\n<div class=\"Text-root Text-type_1 \">\n                Aufgrund der verheerenden humanit\u00e4ren Lage im Gazastreifen hat Israel in den vergangenen Tagen zunehmend unter Druck gestanden. Mehr als 100 Hilfsorganisationen hatten vor einem &#8220;massenhaften Verhungern&#8221; in dem Gebiet gewarnt.\n            <\/div>\n<p><\/p>\n<div class=\"Text-root Text-type_5 ArticleView-text ViewText-root \">\n<p>Die israelische Armee hat eine &#8220;taktische Pause&#8221; der Milit\u00e4roperation im Gazastreifen zu humanit\u00e4ren Zwecken verk\u00fcndet. Betroffen sind demnach Gebiete, in denen die Armee zuletzt nicht aktiv war, darunter die Orte Al-Mawasi und Dair el-Balah sowie die Stadt Gaza. Dies teilte die Armee am Sonntagmorgen mit. Dort sollen demnach sichere Routen f\u00fcr Konvois mit humanit\u00e4ren Hilfslieferungen ausgewiesen werden.<\/p>\n<p>Die Erkl\u00e4rung folgte auf die zunehmenden Berichte \u00fcber Hungertote in Gaza, obwohl Experten bereits seit Monaten vor einer Hungersnot gewarnt hatten. Die internationale Kritik, auch von engen Verb\u00fcndeten, hat zugenommen, seit in den letzten Wochen mehrere Hundert Pal\u00e4stinenser bei der Suche nach Hilfsg\u00fctern get\u00f6tet wurden.<\/p>\n<p>Wie der staatliche \u00e4gyptische Fernsehsender <em>AlQahera<\/em>\u00a0<em>News<\/em> am Sonntag berichtete, haben sich Hilfsg\u00fctertransporte aus \u00c4gypten in Richtung Gaza in Bewegung gesetzt.\u00a0<\/p>\n<p>Das israelische Milit\u00e4r erkl\u00e4rte, dass &#8220;humanit\u00e4re Korridore&#8221; eingerichtet w\u00fcrden, um die sichere Durchfahrt von Konvois der Vereinten Nationen zu gew\u00e4hrleisten, die Hilfsg\u00fcter f\u00fcr die Bewohner des Gazastreifens transportieren, und dass in dicht besiedelten Gebieten &#8220;humanit\u00e4re Pausen&#8221; eingelegt w\u00fcrden. Dutzende Lastwagen mit Tonnen von humanit\u00e4ren Hilfsg\u00fctern bewegten sich in Richtung des Grenz\u00fcbergangs Karam Abu Salem (Kerem Shalom) im S\u00fcden des Gazastreifens, berichtete der Korrespondent von <em>AlQahera News<\/em> vom Grenz\u00fcbergang Rafah zwischen \u00c4gypten und dem Gazastreifen.<\/p>\n<p>Internationale Hilfsorganisationen berichten von einer Massenhungersnot unter den 2,2 Millionen Einwohnern des Gazastreifens, da die Lebensmittelvorr\u00e4te zur Neige gehen, nachdem Israel im M\u00e4rz alle Lieferungen in das Gebiet eingestellt hatte, bevor es diese im Mai mit neuen Beschr\u00e4nkungen wieder aufnahm. Das israelische Milit\u00e4r betonte, dass trotz der humanit\u00e4ren Ma\u00dfnahmen &#8220;die Kampfhandlungen im Gazastreifen nicht eingestellt wurden&#8221;.<\/p>\n<p>Unabh\u00e4ngig davon gaben internationale Aktivisten auf einem Hilfsschiff, das von Italien aus in Richtung Gaza in See\u00a0angelaufen war, in einem Beitrag auf X bekannt, dass das Schiff abgefangen worden sei. Das israelische Au\u00dfenministerium erkl\u00e4rte auf X, dass die Seestreitkr\u00e4fte &#8220;das Schiff daran gehindert haben, illegal in die Seezone vor der K\u00fcste Gazas einzudringen&#8221;, dass es an die israelische K\u00fcste gebracht werde und alle Passagiere in Sicherheit seien.<\/p>\n<p><strong>Mehr zum Thema<\/strong>\u00a0\u2013\u00a0<a rel=\"nofollow noopener\" target=\"_blank\" href=\"https:\/\/freedert.online\/kurzclips\/video\/251721-verzweiflung-im-gazastreifen-tausende-suchen\/\">Verzweiflung im Gazastreifen \u2013 Tausende suchen Hilfe an Grenze<\/a><\/p>\n<div class=\"EmbedBlock-root EmbedBlock-externalVideo EmbedBlock-rumble\">\n<div class=\"VkEmbed\"><iframe class=\"lazyload\" data-src=\"https:\/\/rumble.com\/embed\/v6ufhes\" frameborder=\"0\" width=\"853\" height=\"480\" allowfullscreen><\/iframe><\/div>\n<\/div>\n<\/div>\n<p><br \/>\n<br \/><a href=\"https:\/\/de.rt.com\/der-nahe-osten\/251733-israel-verkuendet-taktische-pause-in\/\">Source link <\/a><\/p>\n","protected":false},"excerpt":{"rendered":"<p>Aufgrund der verheerenden humanit\u00e4ren Lage im Gazastreifen hat Israel in den vergangenen Tagen zunehmend unter Druck gestanden. Mehr als 100 Hilfsorganisationen hatten vor einem &#8220;massenhaften Verhungern&#8221; in dem Gebiet gewarnt. Die israelische Armee hat eine &#8220;taktische Pause&#8221; der Milit\u00e4roperation im Gazastreifen zu humanit\u00e4ren Zwecken verk\u00fcndet. Betroffen sind demnach Gebiete, in denen die Armee zuletzt nicht [&hellip;]<\/p>\n","protected":false},"author":3,"featured_media":87849,"comment_status":"open","ping_status":"open","sticky":false,"template":"","format":"standard","meta":{"_yoast_indexnow_last_ping":["1753601067"],"wp_automatic_camp":["217"],"b10da02283fe4b66ca1dfbe9a17124b3":["Israel verk\u00fcndet &quot;taktische Pause&quot; in Teilen des Gazastreifens"],"original_link":["https:\/\/de.rt.com\/der-nahe-osten\/251733-israel-verkuendet-taktische-pause-in\/"],"_thumbnail_id":["87849"],"jnews_social_counter_last_update":["1777278739"],"_wptgpro_p2tg_sent2tg":["a:1:{i:23737;s:19:\"2025-07-27 09:25:23\";}"]},"categories":[19,23],"tags":[583,29087,432,66658,55778,21468,9690],"yoast_head":"<!-- This site is optimized with the Yoast SEO Premium plugin v22.7 (Yoast SEO v22.7) - https:\/\/yoast.com\/wordpress\/plugins\/seo\/ -->\n<title>Israel verk\u00fcndet &quot;taktische Pause&quot; in Teilen des Gazastreifens - just-now.NEWS Deutschland<\/title>\n<meta name=\"robots\" content=\"index, follow, max-snippet:-1, max-image-preview:large, max-video-preview:-1\" \/>\n<link rel=\"canonical\" href=\"https:\/\/now-news.de\/de\/deutschland\/israel-verkuendet-taktische-pause-in-teilen-des-gazastreifens\/\" \/>\n<meta property=\"og:locale\" content=\"de_DE\" \/>\n<meta property=\"og:type\" content=\"article\" \/>\n<meta property=\"og:title\" content=\"Israel verk\u00fcndet &quot;taktische Pause&quot; in Teilen des Gazastreifens\" \/>\n<meta property=\"og:description\" content=\"Aufgrund der verheerenden humanit\u00e4ren Lage im Gazastreifen hat Israel in den vergangenen Tagen zunehmend unter Druck gestanden. Mehr als 100 Hilfsorganisationen hatten vor einem &#8220;massenhaften Verhungern&#8221; in dem Gebiet gewarnt. Die israelische Armee hat eine &#8220;taktische Pause&#8221; der Milit\u00e4roperation im Gazastreifen zu humanit\u00e4ren Zwecken verk\u00fcndet. Betroffen sind demnach Gebiete, in denen die Armee zuletzt nicht [&hellip;]\" \/>\n<meta property=\"og:url\" content=\"https:\/\/now-news.de\/de\/deutschland\/israel-verkuendet-taktische-pause-in-teilen-des-gazastreifens\/\" \/>\n<meta property=\"og:site_name\" content=\"just-now.NEWS Deutschland\" \/>\n<meta property=\"article:publisher\" content=\"https:\/\/www.facebook.com\/wirmachenauf\" \/>\n<meta property=\"article:published_time\" content=\"2025-07-27T07:08:20+00:00\" \/>\n<meta property=\"og:image\" content=\"https:\/\/now-news.de\/de\/wp-content\/uploads\/sites\/3\/2025\/07\/6885c6fab480cc183c173e82.jpg\" \/>\n<meta name=\"author\" content=\"rtnews\" \/>\n<meta name=\"twitter:card\" content=\"summary_large_image\" \/>\n<meta name=\"twitter:creator\" content=\"@WirMachenAuf_de\" \/>\n<meta name=\"twitter:site\" content=\"@WirMachenAuf_de\" \/>\n<meta name=\"twitter:label1\" content=\"Verfasst von\" \/>\n\t<meta name=\"twitter:data1\" content=\"rtnews\" \/>\n\t<meta name=\"twitter:label2\" content=\"Gesch\u00e4tzte Lesezeit\" \/>\n\t<meta name=\"twitter:data2\" content=\"2\u00a0Minuten\" \/>\n<script type=\"application\/ld+json\" class=\"yoast-schema-graph\">{\"@context\":\"https:\/\/schema.org\",\"@graph\":[{\"@type\":\"Article\",\"@id\":\"https:\/\/now-news.de\/de\/deutschland\/israel-verkuendet-taktische-pause-in-teilen-des-gazastreifens\/#article\",\"isPartOf\":{\"@id\":\"https:\/\/now-news.de\/de\/deutschland\/israel-verkuendet-taktische-pause-in-teilen-des-gazastreifens\/\"},\"author\":{\"name\":\"rtnews\",\"@id\":\"https:\/\/now-news.de\/de\/#\/schema\/person\/fb534a4e865501d8b3285208df34a9b5\"},\"headline\":\"Israel verk\u00fcndet &quot;taktische Pause&quot; in Teilen des Gazastreifens\",\"datePublished\":\"2025-07-27T07:08:20+00:00\",\"dateModified\":\"2025-07-27T07:08:20+00:00\",\"mainEntityOfPage\":{\"@id\":\"https:\/\/now-news.de\/de\/deutschland\/israel-verkuendet-taktische-pause-in-teilen-des-gazastreifens\/\"},\"wordCount\":412,\"commentCount\":0,\"publisher\":{\"@id\":\"https:\/\/now-news.de\/de\/#organization\"},\"image\":{\"@id\":\"https:\/\/now-news.de\/de\/deutschland\/israel-verkuendet-taktische-pause-in-teilen-des-gazastreifens\/#primaryimage\"},\"thumbnailUrl\":\"https:\/\/now-news.de\/de\/wp-content\/uploads\/sites\/3\/2025\/07\/Israel-verkuendet-quottaktische-Pausequot-in-Teilen-des-Gazastreifens.jpg\",\"keywords\":[\"des\",\"Gazastreifens\",\"Israel\",\"Pausequot\",\"quottaktische\",\"teilen\",\"verk\u00fcndet\"],\"articleSection\":[\"Deutschland\",\"Russland\"],\"inLanguage\":\"de\",\"potentialAction\":[{\"@type\":\"CommentAction\",\"name\":\"Comment\",\"target\":[\"https:\/\/now-news.de\/de\/deutschland\/israel-verkuendet-taktische-pause-in-teilen-des-gazastreifens\/#respond\"]}]},{\"@type\":\"WebPage\",\"@id\":\"https:\/\/now-news.de\/de\/deutschland\/israel-verkuendet-taktische-pause-in-teilen-des-gazastreifens\/\",\"url\":\"https:\/\/now-news.de\/de\/deutschland\/israel-verkuendet-taktische-pause-in-teilen-des-gazastreifens\/\",\"name\":\"Israel verk\u00fcndet &quot;taktische Pause&quot; in Teilen des Gazastreifens - just-now.NEWS Deutschland\",\"isPartOf\":{\"@id\":\"https:\/\/now-news.de\/de\/#website\"},\"primaryImageOfPage\":{\"@id\":\"https:\/\/now-news.de\/de\/deutschland\/israel-verkuendet-taktische-pause-in-teilen-des-gazastreifens\/#primaryimage\"},\"image\":{\"@id\":\"https:\/\/now-news.de\/de\/deutschland\/israel-verkuendet-taktische-pause-in-teilen-des-gazastreifens\/#primaryimage\"},\"thumbnailUrl\":\"https:\/\/now-news.de\/de\/wp-content\/uploads\/sites\/3\/2025\/07\/Israel-verkuendet-quottaktische-Pausequot-in-Teilen-des-Gazastreifens.jpg\",\"datePublished\":\"2025-07-27T07:08:20+00:00\",\"dateModified\":\"2025-07-27T07:08:20+00:00\",\"breadcrumb\":{\"@id\":\"https:\/\/now-news.de\/de\/deutschland\/israel-verkuendet-taktische-pause-in-teilen-des-gazastreifens\/#breadcrumb\"},\"inLanguage\":\"de\",\"potentialAction\":[{\"@type\":\"ReadAction\",\"target\":[\"https:\/\/now-news.de\/de\/deutschland\/israel-verkuendet-taktische-pause-in-teilen-des-gazastreifens\/\"]}]},{\"@type\":\"ImageObject\",\"inLanguage\":\"de\",\"@id\":\"https:\/\/now-news.de\/de\/deutschland\/israel-verkuendet-taktische-pause-in-teilen-des-gazastreifens\/#primaryimage\",\"url\":\"https:\/\/now-news.de\/de\/wp-content\/uploads\/sites\/3\/2025\/07\/Israel-verkuendet-quottaktische-Pausequot-in-Teilen-des-Gazastreifens.jpg\",\"contentUrl\":\"https:\/\/now-news.de\/de\/wp-content\/uploads\/sites\/3\/2025\/07\/Israel-verkuendet-quottaktische-Pausequot-in-Teilen-des-Gazastreifens.jpg\",\"width\":460,\"height\":259,\"caption\":\"Israel verk\u00fcndet &quot;taktische Pause&quot; in Teilen des Gazastreifens\"},{\"@type\":\"BreadcrumbList\",\"@id\":\"https:\/\/now-news.de\/de\/deutschland\/israel-verkuendet-taktische-pause-in-teilen-des-gazastreifens\/#breadcrumb\",\"itemListElement\":[{\"@type\":\"ListItem\",\"position\":1,\"name\":\"Home\",\"item\":\"https:\/\/now-news.de\/de\/\"},{\"@type\":\"ListItem\",\"position\":2,\"name\":\"Israel verk\u00fcndet &quot;taktische Pause&quot; in Teilen des Gazastreifens\"}]},{\"@type\":\"WebSite\",\"@id\":\"https:\/\/now-news.de\/de\/#website\",\"url\":\"https:\/\/now-news.de\/de\/\",\"name\":\"just-now.NEWS Deutschland\",\"description\":\"Das Portal f\u00fcr unzensierte Nachrichten aus der Welt\",\"publisher\":{\"@id\":\"https:\/\/now-news.de\/de\/#organization\"},\"potentialAction\":[{\"@type\":\"SearchAction\",\"target\":{\"@type\":\"EntryPoint\",\"urlTemplate\":\"https:\/\/now-news.de\/de\/?s={search_term_string}\"},\"query-input\":\"required name=search_term_string\"}],\"inLanguage\":\"de\"},{\"@type\":\"Organization\",\"@id\":\"https:\/\/now-news.de\/de\/#organization\",\"name\":\"Just Now News\",\"url\":\"https:\/\/now-news.de\/de\/\",\"logo\":{\"@type\":\"ImageObject\",\"inLanguage\":\"de\",\"@id\":\"https:\/\/now-news.de\/de\/#\/schema\/logo\/image\/\",\"url\":\"http:\/\/just-now.news\/de\/wp-content\/uploads\/sites\/3\/2022\/04\/logo500x500.jpg\",\"contentUrl\":\"http:\/\/just-now.news\/de\/wp-content\/uploads\/sites\/3\/2022\/04\/logo500x500.jpg\",\"width\":500,\"height\":500,\"caption\":\"Just Now News\"},\"image\":{\"@id\":\"https:\/\/now-news.de\/de\/#\/schema\/logo\/image\/\"},\"sameAs\":[\"https:\/\/www.facebook.com\/wirmachenauf\",\"https:\/\/x.com\/WirMachenAuf_de\"]},{\"@type\":\"Person\",\"@id\":\"https:\/\/now-news.de\/de\/#\/schema\/person\/fb534a4e865501d8b3285208df34a9b5\",\"name\":\"rtnews\",\"image\":{\"@type\":\"ImageObject\",\"inLanguage\":\"de\",\"@id\":\"https:\/\/now-news.de\/de\/#\/schema\/person\/image\/\",\"url\":\"https:\/\/secure.gravatar.com\/avatar\/82aafea7d8127119dd649515f56e2117?s=96&d=mm&r=g\",\"contentUrl\":\"https:\/\/secure.gravatar.com\/avatar\/82aafea7d8127119dd649515f56e2117?s=96&d=mm&r=g\",\"caption\":\"rtnews\"},\"url\":\"https:\/\/now-news.de\/de\/author\/rnews\/\"}]}<\/script>\n<!-- \/ Yoast SEO Premium plugin. -->","yoast_head_json":{"title":"Israel verk\u00fcndet &quot;taktische Pause&quot; in Teilen des Gazastreifens - just-now.NEWS Deutschland","robots":{"index":"index","follow":"follow","max-snippet":"max-snippet:-1","max-image-preview":"max-image-preview:large","max-video-preview":"max-video-preview:-1"},"canonical":"https:\/\/now-news.de\/de\/deutschland\/israel-verkuendet-taktische-pause-in-teilen-des-gazastreifens\/","og_locale":"de_DE","og_type":"article","og_title":"Israel verk\u00fcndet &quot;taktische Pause&quot; in Teilen des Gazastreifens","og_description":"Aufgrund der verheerenden humanit\u00e4ren Lage im Gazastreifen hat Israel in den vergangenen Tagen zunehmend unter Druck gestanden. Mehr als 100 Hilfsorganisationen hatten vor einem &#8220;massenhaften Verhungern&#8221; in dem Gebiet gewarnt. Die israelische Armee hat eine &#8220;taktische Pause&#8221; der Milit\u00e4roperation im Gazastreifen zu humanit\u00e4ren Zwecken verk\u00fcndet. Betroffen sind demnach Gebiete, in denen die Armee zuletzt nicht [&hellip;]","og_url":"https:\/\/now-news.de\/de\/deutschland\/israel-verkuendet-taktische-pause-in-teilen-des-gazastreifens\/","og_site_name":"just-now.NEWS Deutschland","article_publisher":"https:\/\/www.facebook.com\/wirmachenauf","article_published_time":"2025-07-27T07:08:20+00:00","og_image":[{"url":"https:\/\/now-news.de\/de\/wp-content\/uploads\/sites\/3\/2025\/07\/6885c6fab480cc183c173e82.jpg"}],"author":"rtnews","twitter_card":"summary_large_image","twitter_creator":"@WirMachenAuf_de","twitter_site":"@WirMachenAuf_de","twitter_misc":{"Verfasst von":"rtnews","Gesch\u00e4tzte Lesezeit":"2\u00a0Minuten"},"schema":{"@context":"https:\/\/schema.org","@graph":[{"@type":"Article","@id":"https:\/\/now-news.de\/de\/deutschland\/israel-verkuendet-taktische-pause-in-teilen-des-gazastreifens\/#article","isPartOf":{"@id":"https:\/\/now-news.de\/de\/deutschland\/israel-verkuendet-taktische-pause-in-teilen-des-gazastreifens\/"},"author":{"name":"rtnews","@id":"https:\/\/now-news.de\/de\/#\/schema\/person\/fb534a4e865501d8b3285208df34a9b5"},"headline":"Israel verk\u00fcndet &quot;taktische Pause&quot; in Teilen des Gazastreifens","datePublished":"2025-07-27T07:08:20+00:00","dateModified":"2025-07-27T07:08:20+00:00","mainEntityOfPage":{"@id":"https:\/\/now-news.de\/de\/deutschland\/israel-verkuendet-taktische-pause-in-teilen-des-gazastreifens\/"},"wordCount":412,"commentCount":0,"publisher":{"@id":"https:\/\/now-news.de\/de\/#organization"},"image":{"@id":"https:\/\/now-news.de\/de\/deutschland\/israel-verkuendet-taktische-pause-in-teilen-des-gazastreifens\/#primaryimage"},"thumbnailUrl":"https:\/\/now-news.de\/de\/wp-content\/uploads\/sites\/3\/2025\/07\/Israel-verkuendet-quottaktische-Pausequot-in-Teilen-des-Gazastreifens.jpg","keywords":["des","Gazastreifens","Israel","Pausequot","quottaktische","teilen","verk\u00fcndet"],"articleSection":["Deutschland","Russland"],"inLanguage":"de","potentialAction":[{"@type":"CommentAction","name":"Comment","target":["https:\/\/now-news.de\/de\/deutschland\/israel-verkuendet-taktische-pause-in-teilen-des-gazastreifens\/#respond"]}]},{"@type":"WebPage","@id":"https:\/\/now-news.de\/de\/deutschland\/israel-verkuendet-taktische-pause-in-teilen-des-gazastreifens\/","url":"https:\/\/now-news.de\/de\/deutschland\/israel-verkuendet-taktische-pause-in-teilen-des-gazastreifens\/","name":"Israel verk\u00fcndet &quot;taktische Pause&quot; in Teilen des Gazastreifens - just-now.NEWS Deutschland","isPartOf":{"@id":"https:\/\/now-news.de\/de\/#website"},"primaryImageOfPage":{"@id":"https:\/\/now-news.de\/de\/deutschland\/israel-verkuendet-taktische-pause-in-teilen-des-gazastreifens\/#primaryimage"},"image":{"@id":"https:\/\/now-news.de\/de\/deutschland\/israel-verkuendet-taktische-pause-in-teilen-des-gazastreifens\/#primaryimage"},"thumbnailUrl":"https:\/\/now-news.de\/de\/wp-content\/uploads\/sites\/3\/2025\/07\/Israel-verkuendet-quottaktische-Pausequot-in-Teilen-des-Gazastreifens.jpg","datePublished":"2025-07-27T07:08:20+00:00","dateModified":"2025-07-27T07:08:20+00:00","breadcrumb":{"@id":"https:\/\/now-news.de\/de\/deutschland\/israel-verkuendet-taktische-pause-in-teilen-des-gazastreifens\/#breadcrumb"},"inLanguage":"de","potentialAction":[{"@type":"ReadAction","target":["https:\/\/now-news.de\/de\/deutschland\/israel-verkuendet-taktische-pause-in-teilen-des-gazastreifens\/"]}]},{"@type":"ImageObject","inLanguage":"de","@id":"https:\/\/now-news.de\/de\/deutschland\/israel-verkuendet-taktische-pause-in-teilen-des-gazastreifens\/#primaryimage","url":"https:\/\/now-news.de\/de\/wp-content\/uploads\/sites\/3\/2025\/07\/Israel-verkuendet-quottaktische-Pausequot-in-Teilen-des-Gazastreifens.jpg","contentUrl":"https:\/\/now-news.de\/de\/wp-content\/uploads\/sites\/3\/2025\/07\/Israel-verkuendet-quottaktische-Pausequot-in-Teilen-des-Gazastreifens.jpg","width":460,"height":259,"caption":"Israel verk\u00fcndet &quot;taktische Pause&quot; in Teilen des Gazastreifens"},{"@type":"BreadcrumbList","@id":"https:\/\/now-news.de\/de\/deutschland\/israel-verkuendet-taktische-pause-in-teilen-des-gazastreifens\/#breadcrumb","itemListElement":[{"@type":"ListItem","position":1,"name":"Home","item":"https:\/\/now-news.de\/de\/"},{"@type":"ListItem","position":2,"name":"Israel verk\u00fcndet &quot;taktische Pause&quot; in Teilen des Gazastreifens"}]},{"@type":"WebSite","@id":"https:\/\/now-news.de\/de\/#website","url":"https:\/\/now-news.de\/de\/","name":"just-now.NEWS Deutschland","description":"Das Portal f\u00fcr unzensierte Nachrichten aus der Welt","publisher":{"@id":"https:\/\/now-news.de\/de\/#organization"},"potentialAction":[{"@type":"SearchAction","target":{"@type":"EntryPoint","urlTemplate":"https:\/\/now-news.de\/de\/?s={search_term_string}"},"query-input":"required name=search_term_string"}],"inLanguage":"de"},{"@type":"Organization","@id":"https:\/\/now-news.de\/de\/#organization","name":"Just Now News","url":"https:\/\/now-news.de\/de\/","logo":{"@type":"ImageObject","inLanguage":"de","@id":"https:\/\/now-news.de\/de\/#\/schema\/logo\/image\/","url":"http:\/\/just-now.news\/de\/wp-content\/uploads\/sites\/3\/2022\/04\/logo500x500.jpg","contentUrl":"http:\/\/just-now.news\/de\/wp-content\/uploads\/sites\/3\/2022\/04\/logo500x500.jpg","width":500,"height":500,"caption":"Just Now News"},"image":{"@id":"https:\/\/now-news.de\/de\/#\/schema\/logo\/image\/"},"sameAs":["https:\/\/www.facebook.com\/wirmachenauf","https:\/\/x.com\/WirMachenAuf_de"]},{"@type":"Person","@id":"https:\/\/now-news.de\/de\/#\/schema\/person\/fb534a4e865501d8b3285208df34a9b5","name":"rtnews","image":{"@type":"ImageObject","inLanguage":"de","@id":"https:\/\/now-news.de\/de\/#\/schema\/person\/image\/","url":"https:\/\/secure.gravatar.com\/avatar\/82aafea7d8127119dd649515f56e2117?s=96&d=mm&r=g","contentUrl":"https:\/\/secure.gravatar.com\/avatar\/82aafea7d8127119dd649515f56e2117?s=96&d=mm&r=g","caption":"rtnews"},"url":"https:\/\/now-news.de\/de\/author\/rnews\/"}]}},"_links":{"self":[{"href":"https:\/\/now-news.de\/de\/wp-json\/wp\/v2\/posts\/87848"}],"collection":[{"href":"https:\/\/now-news.de\/de\/wp-json\/wp\/v2\/posts"}],"about":[{"href":"https:\/\/now-news.de\/de\/wp-json\/wp\/v2\/types\/post"}],"author":[{"embeddable":true,"href":"https:\/\/now-news.de\/de\/wp-json\/wp\/v2\/users\/3"}],"replies":[{"embeddable":true,"href":"https:\/\/now-news.de\/de\/wp-json\/wp\/v2\/comments?post=87848"}],"version-history":[{"count":0,"href":"https:\/\/now-news.de\/de\/wp-json\/wp\/v2\/posts\/87848\/revisions"}],"wp:featuredmedia":[{"embeddable":true,"href":"https:\/\/now-news.de\/de\/wp-json\/wp\/v2\/media\/87849"}],"wp:attachment":[{"href":"https:\/\/now-news.de\/de\/wp-json\/wp\/v2\/media?parent=87848"}],"wp:term":[{"taxonomy":"category","embeddable":true,"href":"https:\/\/now-news.de\/de\/wp-json\/wp\/v2\/categories?post=87848"},{"taxonomy":"post_tag","embeddable":true,"href":"https:\/\/now-news.de\/de\/wp-json\/wp\/v2\/tags?post=87848"}],"curies":[{"name":"wp","href":"https:\/\/api.w.org\/{rel}","templated":true}]}}