{"id":87781,"date":"2025-07-25T19:42:24","date_gmt":"2025-07-25T17:42:24","guid":{"rendered":"https:\/\/now-news.de\/de\/deutschland\/nato-flugplatz-buechel-kosten-fuer-umbau-steigen-massiv\/"},"modified":"2025-07-25T19:42:24","modified_gmt":"2025-07-25T17:42:24","slug":"nato-flugplatz-buechel-kosten-fuer-umbau-steigen-massiv","status":"publish","type":"post","link":"https:\/\/now-news.de\/de\/deutschland\/nato-flugplatz-buechel-kosten-fuer-umbau-steigen-massiv\/","title":{"rendered":"NATO-Flugplatz B\u00fcchel: Kosten f\u00fcr Umbau steigen massiv"},"content":{"rendered":"<p><img decoding=\"async\" src=\"https:\/\/now-news.de\/de\/wp-content\/uploads\/sites\/3\/2025\/07\/6883552448fbef3d21276376.JPG\" \/><\/p>\n<div class=\"Text-root Text-type_1 \">\n                Im Juli 2024 besuchte Verteidigungsminister Boris Pistorius im Rahmen seiner &#8220;Zeitenwende-Strategie&#8221; den NATO-Flugplatz B\u00fcchel. Die Presse erfuhr, dass der geplante Ausbau auch der Stationierung von US-F-35-Jets dienen soll. Nun wird bekannt, dass die Baukosten erneut massiv steigen.\n            <\/div>\n<p><\/p>\n<div class=\"Text-root Text-type_5 ArticleView-text ViewText-root \">\n<p>Der laufende Umbau des NATO-Flugplatzes B\u00fcchel in der Eifel (Rheinland-Pfalz) wird laut Medienberichten &#8220;vermutlich dreimal so viel kosten&#8221; wie urspr\u00fcnglich seitens der Bundesregierung eingeplant. Noch unter der \u00c4gide der Ampelregierung im Rahmen der &#8220;Zeitenwende-Strategie&#8221; von Verteidigungsminister Boris Pistorius wurde bekannt gegeben, dass ab dem Jahr 2027\u00a0eingeplant sei, dass in den USA bestellte F-35-Kampfjets dort stationiert werden. Diese\u00a0Jet-Modelle k\u00f6nnen Atombomben tragen.\u00a0Die Nachrichtenagentur <em>Reuters<\/em> berichtet, das Verteidigungsministerium rechne nun mit \u00fcber 640 Millionen Euro Mehrkosten.<\/p>\n<p>Am 18. Juli 2024 <a rel=\"nofollow noopener\" target=\"_blank\" href=\"https:\/\/www.bundeswehr.de\/de\/organisation\/luftwaffe\/aktuelles\/truppenbesuch-verteidigungsminister-boris-pistorius-luftwaffe-5818884\">besuchte<\/a> Verteidigungsminister Boris Pistorius das Taktische Luftwaffengeschwader 33 im rheinland-pf\u00e4lzischen B\u00fcchel.\u00a0Der Fliegerhorst steht unter NATO-Kontrolle, gilt dabei offiziell als Standort der deutschen Luftwaffe, an dem US-Atomwaffen im Rahmen der nuklearen Teilhabe der NATO stationiert sind. Pistorius verschaffte sich bei dem Pressetermin auch einen ersten \u00dcberblick \u00fcber die neuesten Umbauma\u00dfnahmen zur Erweiterung der Anlage. Dazu hie\u00df es im Vorjahr seitens der Bundeswehr zu den Gr\u00fcnden des steuerfinanzierten Ausbaus:<\/p>\n<p><em>&#8220;Minister Pistorius informierte sich vor Ort \u00fcber den aktuellen\u00a0Stand\u00a0der Vorbereitungen und den zuk\u00fcnftigen Betrieb der neuen Kampfjets. Der Milit\u00e4rflugplatz B\u00fcchel wird entsprechend den aktuellen North-Atlantic-Treaty-Organization-Standards grundlegend modernisiert und\u00a0die\u00a0f\u00fcr den Flugbetrieb der F-35A ben\u00f6tigte Infrastruktur geschaffen. Dies ist wichtig, um\u00a0die\u00a0Einsatzf\u00e4higkeit und Modernisierung der Bundeswehr voranzutreiben und zu den internationalen Verb\u00fcndeten aufzuschlie\u00dfen,\u00a0die die\u00a0F-35 bereits im Einsatz haben.&#8221;<\/em><\/p>\n<p>Ein Jahr sp\u00e4ter <a rel=\"nofollow noopener\" target=\"_blank\" href=\"https:\/\/www.tagesschau.de\/inland\/regional\/rheinlandpfalz\/fliegerhorst-buechel-umbau-kosten-100.html\">berichtet<\/a> die <em>ARD-Tagesschau<\/em>:<\/p>\n<p><em>&#8220;Nach Informationen des ARD-Hauptstadtstudios rechnet die Bundesregierung mit Gesamtkosten von bis zu zwei Milliarden Euro. Im vergangenen Jahr war f\u00fcr den Umbau des NATO-Flugplatzes in der Eifel noch mit bis zu 1,2 Milliarden Euro kalkuliert worden. Ganz am Anfang sch\u00e4tzte man die Kosten gerade mal auf 700 Millionen Euro.&#8221;<\/em><\/p>\n<\/p>\n<p>Laut dem <em>SWR<\/em>\u00a0<a rel=\"nofollow noopener\" target=\"_blank\" href=\"https:\/\/www.swr.de\/swraktuell\/rheinland-pfalz\/koblenz\/fliegerhorst-buechel-kosten-sind-explodiert-100.html\">erkl\u00e4rte<\/a>\u00a0das\u00a0Verteidigungsministerium (BMVg) zu der Kostenexplosion:<\/p>\n<p><em>&#8220;Als Begr\u00fcndung hatte das Ministerium das Tempo der Bauma\u00dfnahmen, die allgemeine Baupreisentwicklung und die US-amerikanischen Sicherheitsauflagen angef\u00fchrt.&#8221;<\/em><\/p>\n<p>Demnach w\u00fcrden alle Bauma\u00dfnahmen &#8220;am Standort von den USA streng \u00fcberwacht&#8221;. Laut BMVg-Aussage\u00a0gebe es zudem &#8220;keine\u00a0Puffer im Zeitplan&#8221;. In einer <em>SWR<\/em>&#8211;<a rel=\"nofollow noopener\" target=\"_blank\" href=\"https:\/\/www.swr.de\/swraktuell\/rheinland-pfalz\/koblenz\/fliegerhorst-buechel-eifel-atomwaffen-umweltinfos-bleiben-geheim-100.html\">Meldung<\/a> aus dem November\u00a0des Vorjahres hei\u00dft es zu der kommenden Stationierung von Atomwaffenjets und den bereits vorhandenen US-Atomwaffen auf dem Gel\u00e4nde:<\/p>\n<p><em>&#8220;Ein Kl\u00e4ger ist damit gescheitert, indirekt eine Best\u00e4tigung f\u00fcr US-Atomwaffen am Fliegerhorst B\u00fcchel zu erhalten. Er hatte auf die Herausgabe von Umweltdaten geklagt. Umweltinformationen zum Bundeswehrstandort in B\u00fcchel in der Eifel m\u00fcssen nach dem Gerichtsurteil nicht vollst\u00e4ndig herausgegeben werden. Wenn sich das etwa nachteilig auf die internationalen Beziehungen und die Verteidigungsbelange der Bundesrepublik Deutschland auswirken k\u00f6nnte, m\u00fcssen sie nicht vollst\u00e4ndig herausgegeben werden. Das hat das Verwaltungsgericht K\u00f6ln am Montag mitgeteilt (AZ: 13 K 4872\/19).&#8221;<\/em><\/p>\n<p>Laut <em>Tagesschau<\/em>-Artikel plant Pistorius\u2019 Ministerium weiterhin damit, dass ab dem Jahr 2027 &#8220;die ersten F-35 Tarnkappenjets der Bundeswehr in der Eifel stationiert werden&#8221;. Die Anschaffung der insgesamt 35 Maschinen &#8220;verl\u00e4uft laut Bundesverteidigungsministerium planm\u00e4\u00dfig&#8221;.\u00a0Das vorgesehene &#8220;Zehn-Milliarden-Euro-Paket&#8221; f\u00fcr die 35 eingeplanten Kampfjets sowie &#8220;Ersatzteile, Wartung und Munition&#8221; werden \u00fcber das sogenannte &#8220;Sonderverm\u00f6gen Bundeswehr&#8221;vom Steuerzahler\u00a0<a rel=\"nofollow noopener\" target=\"_blank\" href=\"https:\/\/www.tagesschau.de\/inland\/f35-kampfjets-100.html#:~:text=Das%20Zehn%2DMilliarden%2DEuro%2D,Deutschland%20aus%20dem%20Sonderverm%C3%B6gen%20Bundeswehr.\">finanziert<\/a>.<\/p>\n<p><strong>Mehr zum Thema \u2013<\/strong>\u00a0<a rel=\"nofollow noopener\" target=\"_blank\" href=\"https:\/\/freedert.online\/gesellschaft\/250975-kriegsertuechtigung-berlin-will-seine-krankenhaeuser\/\">Kriegsert\u00fcchtigung: Berlin will Krankenh\u00e4user auf &#8220;Verteidigungsfall&#8221; vorbereiten<\/a><\/p>\n<div class=\"EmbedBlock-root EmbedBlock-externalVideo EmbedBlock-odysee\">\n<div class=\"VkEmbed\"><iframe class=\"lazyload\" data-src=\"https:\/\/odysee.com\/%24\/embed\/%40RTDE%3Ae%2FTeil-der-europ%C3%A4ischen-F-35-Familie-Pistorius-inspiziert-Milit%C3%A4rflugplatz-in-B%C3%BCchel%3A0\" frameborder=\"0\" width=\"853\" height=\"480\" allowfullscreen><\/iframe><\/div>\n<\/div>\n<\/div>\n<p><br \/>\n<br \/><a href=\"https:\/\/de.rt.com\/inland\/251600-amerikanische-sicherheitsauflagen-kostenexplosion-bei-umbau\/\">Source link <\/a><\/p>\n","protected":false},"excerpt":{"rendered":"<p>Im Juli 2024 besuchte Verteidigungsminister Boris Pistorius im Rahmen seiner &#8220;Zeitenwende-Strategie&#8221; den NATO-Flugplatz B\u00fcchel. Die Presse erfuhr, dass der geplante Ausbau auch der Stationierung von US-F-35-Jets dienen soll. Nun wird bekannt, dass die Baukosten erneut massiv steigen. Der laufende Umbau des NATO-Flugplatzes B\u00fcchel in der Eifel (Rheinland-Pfalz) wird laut Medienberichten &#8220;vermutlich dreimal so viel kosten&#8221; [&hellip;]<\/p>\n","protected":false},"author":3,"featured_media":87782,"comment_status":"open","ping_status":"open","sticky":false,"template":"","format":"standard","meta":{"_yoast_indexnow_last_ping":["1753465395"],"wp_automatic_camp":["217"],"1fc128073c5d8318e0afb6695f64df50":["NATO-Flugplatz B\u00fcchel: Kosten f\u00fcr Umbau steigen massiv"],"original_link":["https:\/\/de.rt.com\/inland\/251600-amerikanische-sicherheitsauflagen-kostenexplosion-bei-umbau\/"],"_thumbnail_id":["87782"],"jnews_social_counter_last_update":["1776914735"],"_wptgpro_p2tg_sent2tg":["a:1:{i:23737;s:19:\"2025-07-25 19:44:19\";}"]},"categories":[19,23],"tags":[21067,221,1404,19905,66632,1472,16986],"yoast_head":"<!-- This site is optimized with the Yoast SEO Premium plugin v22.7 (Yoast SEO v22.7) - https:\/\/yoast.com\/wordpress\/plugins\/seo\/ -->\n<title>NATO-Flugplatz B\u00fcchel: Kosten f\u00fcr Umbau steigen massiv - just-now.NEWS Deutschland<\/title>\n<meta name=\"robots\" content=\"index, follow, max-snippet:-1, max-image-preview:large, max-video-preview:-1\" \/>\n<link rel=\"canonical\" href=\"https:\/\/now-news.de\/de\/deutschland\/nato-flugplatz-buechel-kosten-fuer-umbau-steigen-massiv\/\" \/>\n<meta property=\"og:locale\" content=\"de_DE\" \/>\n<meta property=\"og:type\" content=\"article\" \/>\n<meta property=\"og:title\" content=\"NATO-Flugplatz B\u00fcchel: Kosten f\u00fcr Umbau steigen massiv\" \/>\n<meta property=\"og:description\" content=\"Im Juli 2024 besuchte Verteidigungsminister Boris Pistorius im Rahmen seiner &#8220;Zeitenwende-Strategie&#8221; den NATO-Flugplatz B\u00fcchel. Die Presse erfuhr, dass der geplante Ausbau auch der Stationierung von US-F-35-Jets dienen soll. Nun wird bekannt, dass die Baukosten erneut massiv steigen. Der laufende Umbau des NATO-Flugplatzes B\u00fcchel in der Eifel (Rheinland-Pfalz) wird laut Medienberichten &#8220;vermutlich dreimal so viel kosten&#8221; [&hellip;]\" \/>\n<meta property=\"og:url\" content=\"https:\/\/now-news.de\/de\/deutschland\/nato-flugplatz-buechel-kosten-fuer-umbau-steigen-massiv\/\" \/>\n<meta property=\"og:site_name\" content=\"just-now.NEWS Deutschland\" \/>\n<meta property=\"article:publisher\" content=\"https:\/\/www.facebook.com\/wirmachenauf\" \/>\n<meta property=\"article:published_time\" content=\"2025-07-25T17:42:24+00:00\" \/>\n<meta property=\"og:image\" content=\"https:\/\/now-news.de\/de\/wp-content\/uploads\/sites\/3\/2025\/07\/6883552448fbef3d21276376.JPG\" \/>\n<meta name=\"author\" content=\"rtnews\" \/>\n<meta name=\"twitter:card\" content=\"summary_large_image\" \/>\n<meta name=\"twitter:creator\" content=\"@WirMachenAuf_de\" \/>\n<meta name=\"twitter:site\" content=\"@WirMachenAuf_de\" \/>\n<meta name=\"twitter:label1\" content=\"Verfasst von\" \/>\n\t<meta name=\"twitter:data1\" content=\"rtnews\" \/>\n\t<meta name=\"twitter:label2\" content=\"Gesch\u00e4tzte Lesezeit\" \/>\n\t<meta name=\"twitter:data2\" content=\"3\u00a0Minuten\" \/>\n<script type=\"application\/ld+json\" class=\"yoast-schema-graph\">{\"@context\":\"https:\/\/schema.org\",\"@graph\":[{\"@type\":\"Article\",\"@id\":\"https:\/\/now-news.de\/de\/deutschland\/nato-flugplatz-buechel-kosten-fuer-umbau-steigen-massiv\/#article\",\"isPartOf\":{\"@id\":\"https:\/\/now-news.de\/de\/deutschland\/nato-flugplatz-buechel-kosten-fuer-umbau-steigen-massiv\/\"},\"author\":{\"name\":\"rtnews\",\"@id\":\"https:\/\/now-news.de\/de\/#\/schema\/person\/fb534a4e865501d8b3285208df34a9b5\"},\"headline\":\"NATO-Flugplatz B\u00fcchel: Kosten f\u00fcr Umbau steigen massiv\",\"datePublished\":\"2025-07-25T17:42:24+00:00\",\"dateModified\":\"2025-07-25T17:42:24+00:00\",\"mainEntityOfPage\":{\"@id\":\"https:\/\/now-news.de\/de\/deutschland\/nato-flugplatz-buechel-kosten-fuer-umbau-steigen-massiv\/\"},\"wordCount\":559,\"commentCount\":0,\"publisher\":{\"@id\":\"https:\/\/now-news.de\/de\/#organization\"},\"image\":{\"@id\":\"https:\/\/now-news.de\/de\/deutschland\/nato-flugplatz-buechel-kosten-fuer-umbau-steigen-massiv\/#primaryimage\"},\"thumbnailUrl\":\"https:\/\/now-news.de\/de\/wp-content\/uploads\/sites\/3\/2025\/07\/NATO-Flugplatz-Buechel-Kosten-fuer-Umbau-steigen-massiv.JPG\",\"keywords\":[\"B\u00fcchel\",\"f\u00fcr\",\"Kosten\",\"massiv\",\"NATOFlugplatz\",\"steigen\",\"Umbau\"],\"articleSection\":[\"Deutschland\",\"Russland\"],\"inLanguage\":\"de\",\"potentialAction\":[{\"@type\":\"CommentAction\",\"name\":\"Comment\",\"target\":[\"https:\/\/now-news.de\/de\/deutschland\/nato-flugplatz-buechel-kosten-fuer-umbau-steigen-massiv\/#respond\"]}]},{\"@type\":\"WebPage\",\"@id\":\"https:\/\/now-news.de\/de\/deutschland\/nato-flugplatz-buechel-kosten-fuer-umbau-steigen-massiv\/\",\"url\":\"https:\/\/now-news.de\/de\/deutschland\/nato-flugplatz-buechel-kosten-fuer-umbau-steigen-massiv\/\",\"name\":\"NATO-Flugplatz B\u00fcchel: Kosten f\u00fcr Umbau steigen massiv - just-now.NEWS Deutschland\",\"isPartOf\":{\"@id\":\"https:\/\/now-news.de\/de\/#website\"},\"primaryImageOfPage\":{\"@id\":\"https:\/\/now-news.de\/de\/deutschland\/nato-flugplatz-buechel-kosten-fuer-umbau-steigen-massiv\/#primaryimage\"},\"image\":{\"@id\":\"https:\/\/now-news.de\/de\/deutschland\/nato-flugplatz-buechel-kosten-fuer-umbau-steigen-massiv\/#primaryimage\"},\"thumbnailUrl\":\"https:\/\/now-news.de\/de\/wp-content\/uploads\/sites\/3\/2025\/07\/NATO-Flugplatz-Buechel-Kosten-fuer-Umbau-steigen-massiv.JPG\",\"datePublished\":\"2025-07-25T17:42:24+00:00\",\"dateModified\":\"2025-07-25T17:42:24+00:00\",\"breadcrumb\":{\"@id\":\"https:\/\/now-news.de\/de\/deutschland\/nato-flugplatz-buechel-kosten-fuer-umbau-steigen-massiv\/#breadcrumb\"},\"inLanguage\":\"de\",\"potentialAction\":[{\"@type\":\"ReadAction\",\"target\":[\"https:\/\/now-news.de\/de\/deutschland\/nato-flugplatz-buechel-kosten-fuer-umbau-steigen-massiv\/\"]}]},{\"@type\":\"ImageObject\",\"inLanguage\":\"de\",\"@id\":\"https:\/\/now-news.de\/de\/deutschland\/nato-flugplatz-buechel-kosten-fuer-umbau-steigen-massiv\/#primaryimage\",\"url\":\"https:\/\/now-news.de\/de\/wp-content\/uploads\/sites\/3\/2025\/07\/NATO-Flugplatz-Buechel-Kosten-fuer-Umbau-steigen-massiv.JPG\",\"contentUrl\":\"https:\/\/now-news.de\/de\/wp-content\/uploads\/sites\/3\/2025\/07\/NATO-Flugplatz-Buechel-Kosten-fuer-Umbau-steigen-massiv.JPG\",\"width\":460,\"height\":259,\"caption\":\"NATO-Flugplatz B\u00fcchel: Kosten f\u00fcr Umbau steigen massiv\"},{\"@type\":\"BreadcrumbList\",\"@id\":\"https:\/\/now-news.de\/de\/deutschland\/nato-flugplatz-buechel-kosten-fuer-umbau-steigen-massiv\/#breadcrumb\",\"itemListElement\":[{\"@type\":\"ListItem\",\"position\":1,\"name\":\"Home\",\"item\":\"https:\/\/now-news.de\/de\/\"},{\"@type\":\"ListItem\",\"position\":2,\"name\":\"NATO-Flugplatz B\u00fcchel: Kosten f\u00fcr Umbau steigen massiv\"}]},{\"@type\":\"WebSite\",\"@id\":\"https:\/\/now-news.de\/de\/#website\",\"url\":\"https:\/\/now-news.de\/de\/\",\"name\":\"just-now.NEWS Deutschland\",\"description\":\"Das Portal f\u00fcr unzensierte Nachrichten aus der Welt\",\"publisher\":{\"@id\":\"https:\/\/now-news.de\/de\/#organization\"},\"potentialAction\":[{\"@type\":\"SearchAction\",\"target\":{\"@type\":\"EntryPoint\",\"urlTemplate\":\"https:\/\/now-news.de\/de\/?s={search_term_string}\"},\"query-input\":\"required name=search_term_string\"}],\"inLanguage\":\"de\"},{\"@type\":\"Organization\",\"@id\":\"https:\/\/now-news.de\/de\/#organization\",\"name\":\"Just Now News\",\"url\":\"https:\/\/now-news.de\/de\/\",\"logo\":{\"@type\":\"ImageObject\",\"inLanguage\":\"de\",\"@id\":\"https:\/\/now-news.de\/de\/#\/schema\/logo\/image\/\",\"url\":\"http:\/\/just-now.news\/de\/wp-content\/uploads\/sites\/3\/2022\/04\/logo500x500.jpg\",\"contentUrl\":\"http:\/\/just-now.news\/de\/wp-content\/uploads\/sites\/3\/2022\/04\/logo500x500.jpg\",\"width\":500,\"height\":500,\"caption\":\"Just Now News\"},\"image\":{\"@id\":\"https:\/\/now-news.de\/de\/#\/schema\/logo\/image\/\"},\"sameAs\":[\"https:\/\/www.facebook.com\/wirmachenauf\",\"https:\/\/x.com\/WirMachenAuf_de\"]},{\"@type\":\"Person\",\"@id\":\"https:\/\/now-news.de\/de\/#\/schema\/person\/fb534a4e865501d8b3285208df34a9b5\",\"name\":\"rtnews\",\"image\":{\"@type\":\"ImageObject\",\"inLanguage\":\"de\",\"@id\":\"https:\/\/now-news.de\/de\/#\/schema\/person\/image\/\",\"url\":\"https:\/\/secure.gravatar.com\/avatar\/82aafea7d8127119dd649515f56e2117?s=96&d=mm&r=g\",\"contentUrl\":\"https:\/\/secure.gravatar.com\/avatar\/82aafea7d8127119dd649515f56e2117?s=96&d=mm&r=g\",\"caption\":\"rtnews\"},\"url\":\"https:\/\/now-news.de\/de\/author\/rnews\/\"}]}<\/script>\n<!-- \/ Yoast SEO Premium plugin. -->","yoast_head_json":{"title":"NATO-Flugplatz B\u00fcchel: Kosten f\u00fcr Umbau steigen massiv - just-now.NEWS Deutschland","robots":{"index":"index","follow":"follow","max-snippet":"max-snippet:-1","max-image-preview":"max-image-preview:large","max-video-preview":"max-video-preview:-1"},"canonical":"https:\/\/now-news.de\/de\/deutschland\/nato-flugplatz-buechel-kosten-fuer-umbau-steigen-massiv\/","og_locale":"de_DE","og_type":"article","og_title":"NATO-Flugplatz B\u00fcchel: Kosten f\u00fcr Umbau steigen massiv","og_description":"Im Juli 2024 besuchte Verteidigungsminister Boris Pistorius im Rahmen seiner &#8220;Zeitenwende-Strategie&#8221; den NATO-Flugplatz B\u00fcchel. Die Presse erfuhr, dass der geplante Ausbau auch der Stationierung von US-F-35-Jets dienen soll. Nun wird bekannt, dass die Baukosten erneut massiv steigen. Der laufende Umbau des NATO-Flugplatzes B\u00fcchel in der Eifel (Rheinland-Pfalz) wird laut Medienberichten &#8220;vermutlich dreimal so viel kosten&#8221; [&hellip;]","og_url":"https:\/\/now-news.de\/de\/deutschland\/nato-flugplatz-buechel-kosten-fuer-umbau-steigen-massiv\/","og_site_name":"just-now.NEWS Deutschland","article_publisher":"https:\/\/www.facebook.com\/wirmachenauf","article_published_time":"2025-07-25T17:42:24+00:00","og_image":[{"url":"https:\/\/now-news.de\/de\/wp-content\/uploads\/sites\/3\/2025\/07\/6883552448fbef3d21276376.JPG"}],"author":"rtnews","twitter_card":"summary_large_image","twitter_creator":"@WirMachenAuf_de","twitter_site":"@WirMachenAuf_de","twitter_misc":{"Verfasst von":"rtnews","Gesch\u00e4tzte Lesezeit":"3\u00a0Minuten"},"schema":{"@context":"https:\/\/schema.org","@graph":[{"@type":"Article","@id":"https:\/\/now-news.de\/de\/deutschland\/nato-flugplatz-buechel-kosten-fuer-umbau-steigen-massiv\/#article","isPartOf":{"@id":"https:\/\/now-news.de\/de\/deutschland\/nato-flugplatz-buechel-kosten-fuer-umbau-steigen-massiv\/"},"author":{"name":"rtnews","@id":"https:\/\/now-news.de\/de\/#\/schema\/person\/fb534a4e865501d8b3285208df34a9b5"},"headline":"NATO-Flugplatz B\u00fcchel: Kosten f\u00fcr Umbau steigen massiv","datePublished":"2025-07-25T17:42:24+00:00","dateModified":"2025-07-25T17:42:24+00:00","mainEntityOfPage":{"@id":"https:\/\/now-news.de\/de\/deutschland\/nato-flugplatz-buechel-kosten-fuer-umbau-steigen-massiv\/"},"wordCount":559,"commentCount":0,"publisher":{"@id":"https:\/\/now-news.de\/de\/#organization"},"image":{"@id":"https:\/\/now-news.de\/de\/deutschland\/nato-flugplatz-buechel-kosten-fuer-umbau-steigen-massiv\/#primaryimage"},"thumbnailUrl":"https:\/\/now-news.de\/de\/wp-content\/uploads\/sites\/3\/2025\/07\/NATO-Flugplatz-Buechel-Kosten-fuer-Umbau-steigen-massiv.JPG","keywords":["B\u00fcchel","f\u00fcr","Kosten","massiv","NATOFlugplatz","steigen","Umbau"],"articleSection":["Deutschland","Russland"],"inLanguage":"de","potentialAction":[{"@type":"CommentAction","name":"Comment","target":["https:\/\/now-news.de\/de\/deutschland\/nato-flugplatz-buechel-kosten-fuer-umbau-steigen-massiv\/#respond"]}]},{"@type":"WebPage","@id":"https:\/\/now-news.de\/de\/deutschland\/nato-flugplatz-buechel-kosten-fuer-umbau-steigen-massiv\/","url":"https:\/\/now-news.de\/de\/deutschland\/nato-flugplatz-buechel-kosten-fuer-umbau-steigen-massiv\/","name":"NATO-Flugplatz B\u00fcchel: Kosten f\u00fcr Umbau steigen massiv - just-now.NEWS Deutschland","isPartOf":{"@id":"https:\/\/now-news.de\/de\/#website"},"primaryImageOfPage":{"@id":"https:\/\/now-news.de\/de\/deutschland\/nato-flugplatz-buechel-kosten-fuer-umbau-steigen-massiv\/#primaryimage"},"image":{"@id":"https:\/\/now-news.de\/de\/deutschland\/nato-flugplatz-buechel-kosten-fuer-umbau-steigen-massiv\/#primaryimage"},"thumbnailUrl":"https:\/\/now-news.de\/de\/wp-content\/uploads\/sites\/3\/2025\/07\/NATO-Flugplatz-Buechel-Kosten-fuer-Umbau-steigen-massiv.JPG","datePublished":"2025-07-25T17:42:24+00:00","dateModified":"2025-07-25T17:42:24+00:00","breadcrumb":{"@id":"https:\/\/now-news.de\/de\/deutschland\/nato-flugplatz-buechel-kosten-fuer-umbau-steigen-massiv\/#breadcrumb"},"inLanguage":"de","potentialAction":[{"@type":"ReadAction","target":["https:\/\/now-news.de\/de\/deutschland\/nato-flugplatz-buechel-kosten-fuer-umbau-steigen-massiv\/"]}]},{"@type":"ImageObject","inLanguage":"de","@id":"https:\/\/now-news.de\/de\/deutschland\/nato-flugplatz-buechel-kosten-fuer-umbau-steigen-massiv\/#primaryimage","url":"https:\/\/now-news.de\/de\/wp-content\/uploads\/sites\/3\/2025\/07\/NATO-Flugplatz-Buechel-Kosten-fuer-Umbau-steigen-massiv.JPG","contentUrl":"https:\/\/now-news.de\/de\/wp-content\/uploads\/sites\/3\/2025\/07\/NATO-Flugplatz-Buechel-Kosten-fuer-Umbau-steigen-massiv.JPG","width":460,"height":259,"caption":"NATO-Flugplatz B\u00fcchel: Kosten f\u00fcr Umbau steigen massiv"},{"@type":"BreadcrumbList","@id":"https:\/\/now-news.de\/de\/deutschland\/nato-flugplatz-buechel-kosten-fuer-umbau-steigen-massiv\/#breadcrumb","itemListElement":[{"@type":"ListItem","position":1,"name":"Home","item":"https:\/\/now-news.de\/de\/"},{"@type":"ListItem","position":2,"name":"NATO-Flugplatz B\u00fcchel: Kosten f\u00fcr Umbau steigen massiv"}]},{"@type":"WebSite","@id":"https:\/\/now-news.de\/de\/#website","url":"https:\/\/now-news.de\/de\/","name":"just-now.NEWS Deutschland","description":"Das Portal f\u00fcr unzensierte Nachrichten aus der Welt","publisher":{"@id":"https:\/\/now-news.de\/de\/#organization"},"potentialAction":[{"@type":"SearchAction","target":{"@type":"EntryPoint","urlTemplate":"https:\/\/now-news.de\/de\/?s={search_term_string}"},"query-input":"required name=search_term_string"}],"inLanguage":"de"},{"@type":"Organization","@id":"https:\/\/now-news.de\/de\/#organization","name":"Just Now News","url":"https:\/\/now-news.de\/de\/","logo":{"@type":"ImageObject","inLanguage":"de","@id":"https:\/\/now-news.de\/de\/#\/schema\/logo\/image\/","url":"http:\/\/just-now.news\/de\/wp-content\/uploads\/sites\/3\/2022\/04\/logo500x500.jpg","contentUrl":"http:\/\/just-now.news\/de\/wp-content\/uploads\/sites\/3\/2022\/04\/logo500x500.jpg","width":500,"height":500,"caption":"Just Now News"},"image":{"@id":"https:\/\/now-news.de\/de\/#\/schema\/logo\/image\/"},"sameAs":["https:\/\/www.facebook.com\/wirmachenauf","https:\/\/x.com\/WirMachenAuf_de"]},{"@type":"Person","@id":"https:\/\/now-news.de\/de\/#\/schema\/person\/fb534a4e865501d8b3285208df34a9b5","name":"rtnews","image":{"@type":"ImageObject","inLanguage":"de","@id":"https:\/\/now-news.de\/de\/#\/schema\/person\/image\/","url":"https:\/\/secure.gravatar.com\/avatar\/82aafea7d8127119dd649515f56e2117?s=96&d=mm&r=g","contentUrl":"https:\/\/secure.gravatar.com\/avatar\/82aafea7d8127119dd649515f56e2117?s=96&d=mm&r=g","caption":"rtnews"},"url":"https:\/\/now-news.de\/de\/author\/rnews\/"}]}},"_links":{"self":[{"href":"https:\/\/now-news.de\/de\/wp-json\/wp\/v2\/posts\/87781"}],"collection":[{"href":"https:\/\/now-news.de\/de\/wp-json\/wp\/v2\/posts"}],"about":[{"href":"https:\/\/now-news.de\/de\/wp-json\/wp\/v2\/types\/post"}],"author":[{"embeddable":true,"href":"https:\/\/now-news.de\/de\/wp-json\/wp\/v2\/users\/3"}],"replies":[{"embeddable":true,"href":"https:\/\/now-news.de\/de\/wp-json\/wp\/v2\/comments?post=87781"}],"version-history":[{"count":0,"href":"https:\/\/now-news.de\/de\/wp-json\/wp\/v2\/posts\/87781\/revisions"}],"wp:featuredmedia":[{"embeddable":true,"href":"https:\/\/now-news.de\/de\/wp-json\/wp\/v2\/media\/87782"}],"wp:attachment":[{"href":"https:\/\/now-news.de\/de\/wp-json\/wp\/v2\/media?parent=87781"}],"wp:term":[{"taxonomy":"category","embeddable":true,"href":"https:\/\/now-news.de\/de\/wp-json\/wp\/v2\/categories?post=87781"},{"taxonomy":"post_tag","embeddable":true,"href":"https:\/\/now-news.de\/de\/wp-json\/wp\/v2\/tags?post=87781"}],"curies":[{"name":"wp","href":"https:\/\/api.w.org\/{rel}","templated":true}]}}