{"id":87735,"date":"2025-07-24T22:00:01","date_gmt":"2025-07-24T20:00:01","guid":{"rendered":"https:\/\/now-news.de\/de\/deutschland\/selbstmordgedanken-und-aengstlichkeit-spaetfolgen-von-smartphones-bei-teenagern\/"},"modified":"2025-07-24T22:00:01","modified_gmt":"2025-07-24T20:00:01","slug":"selbstmordgedanken-und-aengstlichkeit-spaetfolgen-von-smartphones-bei-teenagern","status":"publish","type":"post","link":"https:\/\/now-news.de\/de\/deutschland\/selbstmordgedanken-und-aengstlichkeit-spaetfolgen-von-smartphones-bei-teenagern\/","title":{"rendered":"Selbstmordgedanken und \u00c4ngstlichkeit: Sp\u00e4tfolgen von Smartphones bei Teenagern"},"content":{"rendered":"<p><img decoding=\"async\" src=\"https:\/\/now-news.de\/de\/wp-content\/uploads\/sites\/3\/2025\/07\/688117dd48fbef6a69500642.jpg\" \/><\/p>\n<div class=\"Text-root Text-type_1 \">\n                Was dem gesunden Menschenverstand und vielen kritischen Zeitgenossen bereits seit Langem klar war, wird nun durch eine in den USA durchgef\u00fchrte Studie untermauert: Kinder und Jugendliche sollten erst m\u00f6glichst sp\u00e4t mit Smartphones und &#8220;Sozialen Medien&#8221; in Kontakt kommen.\n            <\/div>\n<p><\/p>\n<div class=\"Text-root Text-type_5 ArticleView-text ViewText-root \">\n<p>Teenager, die vor ihrem 13. Lebensjahr ein Smartphone bekommen haben, haben als Erwachsene \u00f6fter Selbstmordgedanken und sind \u00e4ngstlicher als ihre Altersgenossen. Das sind die Ergebnisse einer Studie mit mehr als 100.000 Jugendlichen, die von amerikanischen Wissenschaftlern durchgef\u00fchrt wurde.<\/p>\n<p>Die Forscher der Gruppe Sapien Labs <a rel=\"nofollow noopener\" target=\"_blank\" href=\"https:\/\/www.tandfonline.com\/doi\/full\/10.1080\/19452829.2025.2518313\">ver\u00f6ffentlichten<\/a> die Ergebnisse in der akademischen Publikation <em>Journal of Human Development and Capabilities<\/em>. Die Autoren werteten f\u00fcr die Studie eine medizinische Datenbank zur psychischen Gesundheit aus, die die Angaben von Zehntausenden Befragten aus verschiedenen L\u00e4ndern im Rahmen von Online-Umfragen enth\u00e4lt. Referenzgruppe waren junge Erwachsene im Alter von 18 bis 24 Jahren. Aufgrund der untersuchten Korrelationen kamen die Forscher zu dem Schluss, dass Menschen, die bereits vor ihrem 13. Lebensjahr ein Smartphone besa\u00dfen, eher an Selbstmord denken, aggressiver sind, zu geringem Selbstwertgef\u00fchl neigen und sich weiter von der Realit\u00e4t entfernen.<\/p>\n<p>Wie die Neurowissenschaftlerin Tara Thiagarajan schreibt, sind der Besitz von Smartphones und der Zugang zu sozialen Medien mit tiefgreifenden Ver\u00e4nderungen der psychischen Gesundheit und des Wohlbefindens im Erwachsenenalter verbunden. Das Problem sind nicht nur und nicht so sehr die Smartphones an sich, sondern die sozialen Medien \u2013 die Vertrautheit mit ihnen bedeutet ein erh\u00f6htes Risiko von Cybermobbing, Schlafst\u00f6rungen und famili\u00e4ren Problemen.<\/p>\n<p>Die Autoren der Studie schlagen vor, f\u00fcr Smartphones die gleichen Beschr\u00e4nkungen wie f\u00fcr Alkohol und Tabak einzuf\u00fchren, den Besitz von Smartphones f\u00fcr Kinder unter 13 Jahren zu verbieten und die digitale Kompetenz von Teenagern zu f\u00f6rdern.<\/p>\n<p><strong>Mehr zum Thema<\/strong>\u00a0&#8211;\u00a0<a rel=\"nofollow noopener\" target=\"_blank\" href=\"https:\/\/freedert.online\/inland\/248121-deutsches-medienverhalten-die-wahrheit-der-tagesschau-auf-dem-smartphone\/\">Deutsches Medienverhalten: Tagesschau konsumieren, aber auf dem Smartphone<\/a><\/p>\n<div class=\"EmbedBlock-root EmbedBlock-externalVideo EmbedBlock-rumble\">\n<div class=\"VkEmbed\"><iframe class=\"lazyload\" data-src=\"https:\/\/rumble.com\/embed\/v6tu8jg\" frameborder=\"0\" width=\"853\" height=\"480\" allowfullscreen><\/iframe><\/div>\n<\/div>\n<\/div>\n<p><br \/>\n<br \/><a href=\"https:\/\/de.rt.com\/gesellschaft\/251411-selbstmordgedanken-und-aengstlichkeit-spaetfolgen-von\/\">Source link <\/a><\/p>\n","protected":false},"excerpt":{"rendered":"<p>Was dem gesunden Menschenverstand und vielen kritischen Zeitgenossen bereits seit Langem klar war, wird nun durch eine in den USA durchgef\u00fchrte Studie untermauert: Kinder und Jugendliche sollten erst m\u00f6glichst sp\u00e4t mit Smartphones und &#8220;Sozialen Medien&#8221; in Kontakt kommen. Teenager, die vor ihrem 13. Lebensjahr ein Smartphone bekommen haben, haben als Erwachsene \u00f6fter Selbstmordgedanken und sind [&hellip;]<\/p>\n","protected":false},"author":3,"featured_media":87736,"comment_status":"open","ping_status":"open","sticky":false,"template":"","format":"standard","meta":{"_yoast_indexnow_last_ping":["1753387378"],"wp_automatic_camp":["217"],"f6c1a0579ce547eedbb106925a33ca72":["Selbstmordgedanken und \u00c4ngstlichkeit: Sp\u00e4tfolgen von Smartphones bei Teenagern"],"original_link":["https:\/\/de.rt.com\/gesellschaft\/251411-selbstmordgedanken-und-aengstlichkeit-spaetfolgen-von\/"],"_thumbnail_id":["87736"],"jnews_social_counter_last_update":["1777612364"],"_wptgpro_p2tg_sent2tg":["a:1:{i:23737;s:19:\"2025-07-24 22:04:00\";}"]},"categories":[19,23],"tags":[66606,363,66605,48733,66607,56649,140,50],"yoast_head":"<!-- This site is optimized with the Yoast SEO Premium plugin v22.7 (Yoast SEO v22.7) - https:\/\/yoast.com\/wordpress\/plugins\/seo\/ -->\n<title>Selbstmordgedanken und \u00c4ngstlichkeit: Sp\u00e4tfolgen von Smartphones bei Teenagern - just-now.NEWS Deutschland<\/title>\n<meta name=\"robots\" content=\"index, follow, max-snippet:-1, max-image-preview:large, max-video-preview:-1\" \/>\n<link rel=\"canonical\" href=\"https:\/\/now-news.de\/de\/deutschland\/selbstmordgedanken-und-aengstlichkeit-spaetfolgen-von-smartphones-bei-teenagern\/\" \/>\n<meta property=\"og:locale\" content=\"de_DE\" \/>\n<meta property=\"og:type\" content=\"article\" \/>\n<meta property=\"og:title\" content=\"Selbstmordgedanken und \u00c4ngstlichkeit: Sp\u00e4tfolgen von Smartphones bei Teenagern\" \/>\n<meta property=\"og:description\" content=\"Was dem gesunden Menschenverstand und vielen kritischen Zeitgenossen bereits seit Langem klar war, wird nun durch eine in den USA durchgef\u00fchrte Studie untermauert: Kinder und Jugendliche sollten erst m\u00f6glichst sp\u00e4t mit Smartphones und &#8220;Sozialen Medien&#8221; in Kontakt kommen. Teenager, die vor ihrem 13. Lebensjahr ein Smartphone bekommen haben, haben als Erwachsene \u00f6fter Selbstmordgedanken und sind [&hellip;]\" \/>\n<meta property=\"og:url\" content=\"https:\/\/now-news.de\/de\/deutschland\/selbstmordgedanken-und-aengstlichkeit-spaetfolgen-von-smartphones-bei-teenagern\/\" \/>\n<meta property=\"og:site_name\" content=\"just-now.NEWS Deutschland\" \/>\n<meta property=\"article:publisher\" content=\"https:\/\/www.facebook.com\/wirmachenauf\" \/>\n<meta property=\"article:published_time\" content=\"2025-07-24T20:00:01+00:00\" \/>\n<meta property=\"og:image\" content=\"https:\/\/now-news.de\/de\/wp-content\/uploads\/sites\/3\/2025\/07\/688117dd48fbef6a69500642.jpg\" \/>\n<meta name=\"author\" content=\"rtnews\" \/>\n<meta name=\"twitter:card\" content=\"summary_large_image\" \/>\n<meta name=\"twitter:creator\" content=\"@WirMachenAuf_de\" \/>\n<meta name=\"twitter:site\" content=\"@WirMachenAuf_de\" \/>\n<meta name=\"twitter:label1\" content=\"Verfasst von\" \/>\n\t<meta name=\"twitter:data1\" content=\"rtnews\" \/>\n\t<meta name=\"twitter:label2\" content=\"Gesch\u00e4tzte Lesezeit\" \/>\n\t<meta name=\"twitter:data2\" content=\"1\u00a0Minute\" \/>\n<script type=\"application\/ld+json\" class=\"yoast-schema-graph\">{\"@context\":\"https:\/\/schema.org\",\"@graph\":[{\"@type\":\"Article\",\"@id\":\"https:\/\/now-news.de\/de\/deutschland\/selbstmordgedanken-und-aengstlichkeit-spaetfolgen-von-smartphones-bei-teenagern\/#article\",\"isPartOf\":{\"@id\":\"https:\/\/now-news.de\/de\/deutschland\/selbstmordgedanken-und-aengstlichkeit-spaetfolgen-von-smartphones-bei-teenagern\/\"},\"author\":{\"name\":\"rtnews\",\"@id\":\"https:\/\/now-news.de\/de\/#\/schema\/person\/fb534a4e865501d8b3285208df34a9b5\"},\"headline\":\"Selbstmordgedanken und \u00c4ngstlichkeit: Sp\u00e4tfolgen von Smartphones bei Teenagern\",\"datePublished\":\"2025-07-24T20:00:01+00:00\",\"dateModified\":\"2025-07-24T20:00:01+00:00\",\"mainEntityOfPage\":{\"@id\":\"https:\/\/now-news.de\/de\/deutschland\/selbstmordgedanken-und-aengstlichkeit-spaetfolgen-von-smartphones-bei-teenagern\/\"},\"wordCount\":306,\"commentCount\":0,\"publisher\":{\"@id\":\"https:\/\/now-news.de\/de\/#organization\"},\"image\":{\"@id\":\"https:\/\/now-news.de\/de\/deutschland\/selbstmordgedanken-und-aengstlichkeit-spaetfolgen-von-smartphones-bei-teenagern\/#primaryimage\"},\"thumbnailUrl\":\"https:\/\/now-news.de\/de\/wp-content\/uploads\/sites\/3\/2025\/07\/Selbstmordgedanken-und-Aengstlichkeit-Spaetfolgen-von-Smartphones-bei-Teenagern.jpg\",\"keywords\":[\"\u00c4ngstlichkeit\",\"bei\",\"Selbstmordgedanken\",\"Smartphones\",\"Sp\u00e4tfolgen\",\"Teenagern\",\"und\",\"von\"],\"articleSection\":[\"Deutschland\",\"Russland\"],\"inLanguage\":\"de\",\"potentialAction\":[{\"@type\":\"CommentAction\",\"name\":\"Comment\",\"target\":[\"https:\/\/now-news.de\/de\/deutschland\/selbstmordgedanken-und-aengstlichkeit-spaetfolgen-von-smartphones-bei-teenagern\/#respond\"]}]},{\"@type\":\"WebPage\",\"@id\":\"https:\/\/now-news.de\/de\/deutschland\/selbstmordgedanken-und-aengstlichkeit-spaetfolgen-von-smartphones-bei-teenagern\/\",\"url\":\"https:\/\/now-news.de\/de\/deutschland\/selbstmordgedanken-und-aengstlichkeit-spaetfolgen-von-smartphones-bei-teenagern\/\",\"name\":\"Selbstmordgedanken und \u00c4ngstlichkeit: Sp\u00e4tfolgen von Smartphones bei Teenagern - just-now.NEWS Deutschland\",\"isPartOf\":{\"@id\":\"https:\/\/now-news.de\/de\/#website\"},\"primaryImageOfPage\":{\"@id\":\"https:\/\/now-news.de\/de\/deutschland\/selbstmordgedanken-und-aengstlichkeit-spaetfolgen-von-smartphones-bei-teenagern\/#primaryimage\"},\"image\":{\"@id\":\"https:\/\/now-news.de\/de\/deutschland\/selbstmordgedanken-und-aengstlichkeit-spaetfolgen-von-smartphones-bei-teenagern\/#primaryimage\"},\"thumbnailUrl\":\"https:\/\/now-news.de\/de\/wp-content\/uploads\/sites\/3\/2025\/07\/Selbstmordgedanken-und-Aengstlichkeit-Spaetfolgen-von-Smartphones-bei-Teenagern.jpg\",\"datePublished\":\"2025-07-24T20:00:01+00:00\",\"dateModified\":\"2025-07-24T20:00:01+00:00\",\"breadcrumb\":{\"@id\":\"https:\/\/now-news.de\/de\/deutschland\/selbstmordgedanken-und-aengstlichkeit-spaetfolgen-von-smartphones-bei-teenagern\/#breadcrumb\"},\"inLanguage\":\"de\",\"potentialAction\":[{\"@type\":\"ReadAction\",\"target\":[\"https:\/\/now-news.de\/de\/deutschland\/selbstmordgedanken-und-aengstlichkeit-spaetfolgen-von-smartphones-bei-teenagern\/\"]}]},{\"@type\":\"ImageObject\",\"inLanguage\":\"de\",\"@id\":\"https:\/\/now-news.de\/de\/deutschland\/selbstmordgedanken-und-aengstlichkeit-spaetfolgen-von-smartphones-bei-teenagern\/#primaryimage\",\"url\":\"https:\/\/now-news.de\/de\/wp-content\/uploads\/sites\/3\/2025\/07\/Selbstmordgedanken-und-Aengstlichkeit-Spaetfolgen-von-Smartphones-bei-Teenagern.jpg\",\"contentUrl\":\"https:\/\/now-news.de\/de\/wp-content\/uploads\/sites\/3\/2025\/07\/Selbstmordgedanken-und-Aengstlichkeit-Spaetfolgen-von-Smartphones-bei-Teenagern.jpg\",\"width\":460,\"height\":259,\"caption\":\"Selbstmordgedanken und \u00c4ngstlichkeit: Sp\u00e4tfolgen von Smartphones bei Teenagern\"},{\"@type\":\"BreadcrumbList\",\"@id\":\"https:\/\/now-news.de\/de\/deutschland\/selbstmordgedanken-und-aengstlichkeit-spaetfolgen-von-smartphones-bei-teenagern\/#breadcrumb\",\"itemListElement\":[{\"@type\":\"ListItem\",\"position\":1,\"name\":\"Home\",\"item\":\"https:\/\/now-news.de\/de\/\"},{\"@type\":\"ListItem\",\"position\":2,\"name\":\"Selbstmordgedanken und \u00c4ngstlichkeit: Sp\u00e4tfolgen von Smartphones bei Teenagern\"}]},{\"@type\":\"WebSite\",\"@id\":\"https:\/\/now-news.de\/de\/#website\",\"url\":\"https:\/\/now-news.de\/de\/\",\"name\":\"just-now.NEWS Deutschland\",\"description\":\"Das Portal f\u00fcr unzensierte Nachrichten aus der Welt\",\"publisher\":{\"@id\":\"https:\/\/now-news.de\/de\/#organization\"},\"potentialAction\":[{\"@type\":\"SearchAction\",\"target\":{\"@type\":\"EntryPoint\",\"urlTemplate\":\"https:\/\/now-news.de\/de\/?s={search_term_string}\"},\"query-input\":\"required name=search_term_string\"}],\"inLanguage\":\"de\"},{\"@type\":\"Organization\",\"@id\":\"https:\/\/now-news.de\/de\/#organization\",\"name\":\"Just Now News\",\"url\":\"https:\/\/now-news.de\/de\/\",\"logo\":{\"@type\":\"ImageObject\",\"inLanguage\":\"de\",\"@id\":\"https:\/\/now-news.de\/de\/#\/schema\/logo\/image\/\",\"url\":\"http:\/\/just-now.news\/de\/wp-content\/uploads\/sites\/3\/2022\/04\/logo500x500.jpg\",\"contentUrl\":\"http:\/\/just-now.news\/de\/wp-content\/uploads\/sites\/3\/2022\/04\/logo500x500.jpg\",\"width\":500,\"height\":500,\"caption\":\"Just Now News\"},\"image\":{\"@id\":\"https:\/\/now-news.de\/de\/#\/schema\/logo\/image\/\"},\"sameAs\":[\"https:\/\/www.facebook.com\/wirmachenauf\",\"https:\/\/x.com\/WirMachenAuf_de\"]},{\"@type\":\"Person\",\"@id\":\"https:\/\/now-news.de\/de\/#\/schema\/person\/fb534a4e865501d8b3285208df34a9b5\",\"name\":\"rtnews\",\"image\":{\"@type\":\"ImageObject\",\"inLanguage\":\"de\",\"@id\":\"https:\/\/now-news.de\/de\/#\/schema\/person\/image\/\",\"url\":\"https:\/\/secure.gravatar.com\/avatar\/82aafea7d8127119dd649515f56e2117?s=96&d=mm&r=g\",\"contentUrl\":\"https:\/\/secure.gravatar.com\/avatar\/82aafea7d8127119dd649515f56e2117?s=96&d=mm&r=g\",\"caption\":\"rtnews\"},\"url\":\"https:\/\/now-news.de\/de\/author\/rnews\/\"}]}<\/script>\n<!-- \/ Yoast SEO Premium plugin. -->","yoast_head_json":{"title":"Selbstmordgedanken und \u00c4ngstlichkeit: Sp\u00e4tfolgen von Smartphones bei Teenagern - just-now.NEWS Deutschland","robots":{"index":"index","follow":"follow","max-snippet":"max-snippet:-1","max-image-preview":"max-image-preview:large","max-video-preview":"max-video-preview:-1"},"canonical":"https:\/\/now-news.de\/de\/deutschland\/selbstmordgedanken-und-aengstlichkeit-spaetfolgen-von-smartphones-bei-teenagern\/","og_locale":"de_DE","og_type":"article","og_title":"Selbstmordgedanken und \u00c4ngstlichkeit: Sp\u00e4tfolgen von Smartphones bei Teenagern","og_description":"Was dem gesunden Menschenverstand und vielen kritischen Zeitgenossen bereits seit Langem klar war, wird nun durch eine in den USA durchgef\u00fchrte Studie untermauert: Kinder und Jugendliche sollten erst m\u00f6glichst sp\u00e4t mit Smartphones und &#8220;Sozialen Medien&#8221; in Kontakt kommen. Teenager, die vor ihrem 13. Lebensjahr ein Smartphone bekommen haben, haben als Erwachsene \u00f6fter Selbstmordgedanken und sind [&hellip;]","og_url":"https:\/\/now-news.de\/de\/deutschland\/selbstmordgedanken-und-aengstlichkeit-spaetfolgen-von-smartphones-bei-teenagern\/","og_site_name":"just-now.NEWS Deutschland","article_publisher":"https:\/\/www.facebook.com\/wirmachenauf","article_published_time":"2025-07-24T20:00:01+00:00","og_image":[{"url":"https:\/\/now-news.de\/de\/wp-content\/uploads\/sites\/3\/2025\/07\/688117dd48fbef6a69500642.jpg"}],"author":"rtnews","twitter_card":"summary_large_image","twitter_creator":"@WirMachenAuf_de","twitter_site":"@WirMachenAuf_de","twitter_misc":{"Verfasst von":"rtnews","Gesch\u00e4tzte Lesezeit":"1\u00a0Minute"},"schema":{"@context":"https:\/\/schema.org","@graph":[{"@type":"Article","@id":"https:\/\/now-news.de\/de\/deutschland\/selbstmordgedanken-und-aengstlichkeit-spaetfolgen-von-smartphones-bei-teenagern\/#article","isPartOf":{"@id":"https:\/\/now-news.de\/de\/deutschland\/selbstmordgedanken-und-aengstlichkeit-spaetfolgen-von-smartphones-bei-teenagern\/"},"author":{"name":"rtnews","@id":"https:\/\/now-news.de\/de\/#\/schema\/person\/fb534a4e865501d8b3285208df34a9b5"},"headline":"Selbstmordgedanken und \u00c4ngstlichkeit: Sp\u00e4tfolgen von Smartphones bei Teenagern","datePublished":"2025-07-24T20:00:01+00:00","dateModified":"2025-07-24T20:00:01+00:00","mainEntityOfPage":{"@id":"https:\/\/now-news.de\/de\/deutschland\/selbstmordgedanken-und-aengstlichkeit-spaetfolgen-von-smartphones-bei-teenagern\/"},"wordCount":306,"commentCount":0,"publisher":{"@id":"https:\/\/now-news.de\/de\/#organization"},"image":{"@id":"https:\/\/now-news.de\/de\/deutschland\/selbstmordgedanken-und-aengstlichkeit-spaetfolgen-von-smartphones-bei-teenagern\/#primaryimage"},"thumbnailUrl":"https:\/\/now-news.de\/de\/wp-content\/uploads\/sites\/3\/2025\/07\/Selbstmordgedanken-und-Aengstlichkeit-Spaetfolgen-von-Smartphones-bei-Teenagern.jpg","keywords":["\u00c4ngstlichkeit","bei","Selbstmordgedanken","Smartphones","Sp\u00e4tfolgen","Teenagern","und","von"],"articleSection":["Deutschland","Russland"],"inLanguage":"de","potentialAction":[{"@type":"CommentAction","name":"Comment","target":["https:\/\/now-news.de\/de\/deutschland\/selbstmordgedanken-und-aengstlichkeit-spaetfolgen-von-smartphones-bei-teenagern\/#respond"]}]},{"@type":"WebPage","@id":"https:\/\/now-news.de\/de\/deutschland\/selbstmordgedanken-und-aengstlichkeit-spaetfolgen-von-smartphones-bei-teenagern\/","url":"https:\/\/now-news.de\/de\/deutschland\/selbstmordgedanken-und-aengstlichkeit-spaetfolgen-von-smartphones-bei-teenagern\/","name":"Selbstmordgedanken und \u00c4ngstlichkeit: Sp\u00e4tfolgen von Smartphones bei Teenagern - just-now.NEWS Deutschland","isPartOf":{"@id":"https:\/\/now-news.de\/de\/#website"},"primaryImageOfPage":{"@id":"https:\/\/now-news.de\/de\/deutschland\/selbstmordgedanken-und-aengstlichkeit-spaetfolgen-von-smartphones-bei-teenagern\/#primaryimage"},"image":{"@id":"https:\/\/now-news.de\/de\/deutschland\/selbstmordgedanken-und-aengstlichkeit-spaetfolgen-von-smartphones-bei-teenagern\/#primaryimage"},"thumbnailUrl":"https:\/\/now-news.de\/de\/wp-content\/uploads\/sites\/3\/2025\/07\/Selbstmordgedanken-und-Aengstlichkeit-Spaetfolgen-von-Smartphones-bei-Teenagern.jpg","datePublished":"2025-07-24T20:00:01+00:00","dateModified":"2025-07-24T20:00:01+00:00","breadcrumb":{"@id":"https:\/\/now-news.de\/de\/deutschland\/selbstmordgedanken-und-aengstlichkeit-spaetfolgen-von-smartphones-bei-teenagern\/#breadcrumb"},"inLanguage":"de","potentialAction":[{"@type":"ReadAction","target":["https:\/\/now-news.de\/de\/deutschland\/selbstmordgedanken-und-aengstlichkeit-spaetfolgen-von-smartphones-bei-teenagern\/"]}]},{"@type":"ImageObject","inLanguage":"de","@id":"https:\/\/now-news.de\/de\/deutschland\/selbstmordgedanken-und-aengstlichkeit-spaetfolgen-von-smartphones-bei-teenagern\/#primaryimage","url":"https:\/\/now-news.de\/de\/wp-content\/uploads\/sites\/3\/2025\/07\/Selbstmordgedanken-und-Aengstlichkeit-Spaetfolgen-von-Smartphones-bei-Teenagern.jpg","contentUrl":"https:\/\/now-news.de\/de\/wp-content\/uploads\/sites\/3\/2025\/07\/Selbstmordgedanken-und-Aengstlichkeit-Spaetfolgen-von-Smartphones-bei-Teenagern.jpg","width":460,"height":259,"caption":"Selbstmordgedanken und \u00c4ngstlichkeit: Sp\u00e4tfolgen von Smartphones bei Teenagern"},{"@type":"BreadcrumbList","@id":"https:\/\/now-news.de\/de\/deutschland\/selbstmordgedanken-und-aengstlichkeit-spaetfolgen-von-smartphones-bei-teenagern\/#breadcrumb","itemListElement":[{"@type":"ListItem","position":1,"name":"Home","item":"https:\/\/now-news.de\/de\/"},{"@type":"ListItem","position":2,"name":"Selbstmordgedanken und \u00c4ngstlichkeit: Sp\u00e4tfolgen von Smartphones bei Teenagern"}]},{"@type":"WebSite","@id":"https:\/\/now-news.de\/de\/#website","url":"https:\/\/now-news.de\/de\/","name":"just-now.NEWS Deutschland","description":"Das Portal f\u00fcr unzensierte Nachrichten aus der Welt","publisher":{"@id":"https:\/\/now-news.de\/de\/#organization"},"potentialAction":[{"@type":"SearchAction","target":{"@type":"EntryPoint","urlTemplate":"https:\/\/now-news.de\/de\/?s={search_term_string}"},"query-input":"required name=search_term_string"}],"inLanguage":"de"},{"@type":"Organization","@id":"https:\/\/now-news.de\/de\/#organization","name":"Just Now News","url":"https:\/\/now-news.de\/de\/","logo":{"@type":"ImageObject","inLanguage":"de","@id":"https:\/\/now-news.de\/de\/#\/schema\/logo\/image\/","url":"http:\/\/just-now.news\/de\/wp-content\/uploads\/sites\/3\/2022\/04\/logo500x500.jpg","contentUrl":"http:\/\/just-now.news\/de\/wp-content\/uploads\/sites\/3\/2022\/04\/logo500x500.jpg","width":500,"height":500,"caption":"Just Now News"},"image":{"@id":"https:\/\/now-news.de\/de\/#\/schema\/logo\/image\/"},"sameAs":["https:\/\/www.facebook.com\/wirmachenauf","https:\/\/x.com\/WirMachenAuf_de"]},{"@type":"Person","@id":"https:\/\/now-news.de\/de\/#\/schema\/person\/fb534a4e865501d8b3285208df34a9b5","name":"rtnews","image":{"@type":"ImageObject","inLanguage":"de","@id":"https:\/\/now-news.de\/de\/#\/schema\/person\/image\/","url":"https:\/\/secure.gravatar.com\/avatar\/82aafea7d8127119dd649515f56e2117?s=96&d=mm&r=g","contentUrl":"https:\/\/secure.gravatar.com\/avatar\/82aafea7d8127119dd649515f56e2117?s=96&d=mm&r=g","caption":"rtnews"},"url":"https:\/\/now-news.de\/de\/author\/rnews\/"}]}},"_links":{"self":[{"href":"https:\/\/now-news.de\/de\/wp-json\/wp\/v2\/posts\/87735"}],"collection":[{"href":"https:\/\/now-news.de\/de\/wp-json\/wp\/v2\/posts"}],"about":[{"href":"https:\/\/now-news.de\/de\/wp-json\/wp\/v2\/types\/post"}],"author":[{"embeddable":true,"href":"https:\/\/now-news.de\/de\/wp-json\/wp\/v2\/users\/3"}],"replies":[{"embeddable":true,"href":"https:\/\/now-news.de\/de\/wp-json\/wp\/v2\/comments?post=87735"}],"version-history":[{"count":0,"href":"https:\/\/now-news.de\/de\/wp-json\/wp\/v2\/posts\/87735\/revisions"}],"wp:featuredmedia":[{"embeddable":true,"href":"https:\/\/now-news.de\/de\/wp-json\/wp\/v2\/media\/87736"}],"wp:attachment":[{"href":"https:\/\/now-news.de\/de\/wp-json\/wp\/v2\/media?parent=87735"}],"wp:term":[{"taxonomy":"category","embeddable":true,"href":"https:\/\/now-news.de\/de\/wp-json\/wp\/v2\/categories?post=87735"},{"taxonomy":"post_tag","embeddable":true,"href":"https:\/\/now-news.de\/de\/wp-json\/wp\/v2\/tags?post=87735"}],"curies":[{"name":"wp","href":"https:\/\/api.w.org\/{rel}","templated":true}]}}