{"id":87733,"date":"2025-07-24T21:36:21","date_gmt":"2025-07-24T19:36:21","guid":{"rendered":"https:\/\/now-news.de\/de\/deutschland\/budapest-wirft-kiew-vor-europas-energiesicherheit-zu-gefaehrden\/"},"modified":"2025-07-24T21:36:21","modified_gmt":"2025-07-24T19:36:21","slug":"budapest-wirft-kiew-vor-europas-energiesicherheit-zu-gefaehrden","status":"publish","type":"post","link":"https:\/\/now-news.de\/de\/deutschland\/budapest-wirft-kiew-vor-europas-energiesicherheit-zu-gefaehrden\/","title":{"rendered":"Budapest wirft Kiew vor, Europas Energiesicherheit zu gef\u00e4hrden"},"content":{"rendered":"<p><img decoding=\"async\" src=\"https:\/\/now-news.de\/de\/wp-content\/uploads\/sites\/3\/2025\/07\/6882453db480cc1bb46fb2ee.jpg\" \/><\/p>\n<div class=\"Text-root Text-type_1 \">\n                Ungarns Au\u00dfenminister P\u00e9ter Szijj\u00e1rt\u00f3 bekr\u00e4ftigte, dass Budapest bereit sei, gemeinsam mit Moskau L\u00f6sungen zu suchen, falls die EU russisches Gas verbietet. Die EU plant ein vollst\u00e4ndiges Verbot von Gas und \u00d6l aus Russland bis Ende 2027.\n            <\/div>\n<p><\/p>\n<div class=\"Text-root Text-type_5 ArticleView-text ViewText-root \">\n<p>Die Beziehungen zwischen Budapest und Kiew spitzen sich weiter zu. Der ungarische Au\u00dfenminister P\u00e9ter Szijj\u00e1rt\u00f3 erkl\u00e4rte in einem Interview mit <em>TASS<\/em>, die Blockade des ukrainischen Gastransits durch die Beh\u00f6rden in Kiew bedrohe die Energiesicherheit der Europ\u00e4ischen Union. Der Diplomat erkl\u00e4rte, dass Ungarn einen langfristigen Vertrag f\u00fcr Gaslieferungen \u00fcber die TurkStream-Pipeline habe.<\/p>\n<p><em>&#8220;Die TurkStream-Pipeline ist v\u00f6llig ausgelastet \u2013 und nicht ohne Grund. Wir haben einen langfristigen Vertrag, wir kaufen Gas auf dem Spotmarkt, und die Slowakei erh\u00e4lt nun Gas \u00fcber Ungarn, weil die Ukraine &#8216;so freundlich&#8217; war, nat\u00fcrlich in Anf\u00fchrungszeichen, den Transit durch ihr Territorium zu blockieren und damit die Energiesicherheit der gesamten mitteleurop\u00e4ischen Region zu gef\u00e4hrden.&#8221;<\/em><\/p>\n<p>Seiner Meinung nach wecke dieses Verhalten der ukrainischen Seite Zweifel an der Ernsthaftigkeit der Solidarit\u00e4tsaufrufe.\u00a0&#8220;Wenn wir von Solidarit\u00e4t sprechen, bin ich mir nicht sicher, ob man dieses Wort auf beiden Seiten der Grenze in derselben Weise versteht&#8221;, f\u00fcgte der Minister hinzu.<\/p>\n<p>Budapest sei bereit, gemeinsam mit russischen Energieunternehmen nach einer Alternative zu Gaslieferungen aus Russland zu suchen, sollte Br\u00fcssel ein Importverbot f\u00fcr Gas und \u00d6l aus Russland verh\u00e4ngen, sagte Szijj\u00e1rt\u00f3 weiter. Er erinnerte an seine Teilnahme am Internationalen Wirtschaftsforum St. Petersburg (SPIEF), wo er mit den Leitern der gr\u00f6\u00dften russischen Energieunternehmen zusammengeroffen war. Diesbez\u00fcglich sagte Szijj\u00e1rt\u00f3:<\/p>\n<p><em>&#8220;Dort war ich von ihrer Bereitschaft \u00fcberzeugt, Ungarn weiterhin zu beliefern, auch wenn Br\u00fcssel versucht, dies zu verhindern. Es muss also eine L\u00f6sung gefunden werden, sonst ist die Versorgungssicherheit Ungarns gef\u00e4hrdet.&#8221;<\/em><\/p>\n<p>Die EU plant, bis Ende 2027 ein vollst\u00e4ndiges Importverbot f\u00fcr russisches Gas einzuf\u00fchren. Dies gilt sowohl f\u00fcr Pipeline- als auch f\u00fcr Fl\u00fcssigerdgas.<\/p>\n<p>Der Vertrag zwischen der EU, Naftogas und Gazprom wurde am 30. Dezember 2019 unterzeichnet. Das f\u00fcnfj\u00e4hrige Abkommen, das die Versorgung der europ\u00e4ischen Kunden mit russischem Gas geregelt hat, lief am 31. Dezember 2024 aus.\u00a0<\/p>\n<p><strong>Mehr zum Thema <\/strong>\u2013<strong>\u00a0<\/strong><a rel=\"nofollow noopener\" target=\"_blank\" href=\"https:\/\/freedert.online\/international\/251348-szijjarto-ungarn-gibt-russisches-oel\/\">Szijj\u00e1rt\u00f3: Ungarn gibt russisches \u00d6l und Gas nicht auf<\/a> \u00a0<\/p>\n<div class=\"EmbedBlock-root EmbedBlock-externalVideo EmbedBlock-rumble\">\n<div class=\"VkEmbed\"><iframe class=\"lazyload\" data-src=\"https:\/\/rumble.com\/embed\/v6tytp4\" frameborder=\"0\" width=\"853\" height=\"480\" allowfullscreen><\/iframe><\/div>\n<\/div>\n<\/div>\n<p><br \/>\n<br \/><a href=\"https:\/\/de.rt.com\/europa\/251547-budapest-wirft-kiew-vor-europas\/\">Source link <\/a><\/p>\n","protected":false},"excerpt":{"rendered":"<p>Ungarns Au\u00dfenminister P\u00e9ter Szijj\u00e1rt\u00f3 bekr\u00e4ftigte, dass Budapest bereit sei, gemeinsam mit Moskau L\u00f6sungen zu suchen, falls die EU russisches Gas verbietet. Die EU plant ein vollst\u00e4ndiges Verbot von Gas und \u00d6l aus Russland bis Ende 2027. Die Beziehungen zwischen Budapest und Kiew spitzen sich weiter zu. Der ungarische Au\u00dfenminister P\u00e9ter Szijj\u00e1rt\u00f3 erkl\u00e4rte in einem Interview [&hellip;]<\/p>\n","protected":false},"author":3,"featured_media":87734,"comment_status":"open","ping_status":"open","sticky":false,"template":"","format":"standard","meta":{"_yoast_indexnow_last_ping":["1753386418"],"wp_automatic_camp":["217"],"43533375f0bd75cebbe339183fc4d7a7":["Budapest wirft Kiew vor, Europas Energiesicherheit zu gef\u00e4hrden"],"original_link":["https:\/\/de.rt.com\/europa\/251547-budapest-wirft-kiew-vor-europas\/"],"_thumbnail_id":["87734"],"jnews_social_counter_last_update":["1777156235"],"_wptgpro_p2tg_sent2tg":["a:1:{i:23737;s:19:\"2025-07-24 21:48:00\";}"]},"categories":[19,23],"tags":[10836,27046,1293,6339,1025,320,7129],"yoast_head":"<!-- This site is optimized with the Yoast SEO Premium plugin v22.7 (Yoast SEO v22.7) - https:\/\/yoast.com\/wordpress\/plugins\/seo\/ -->\n<title>Budapest wirft Kiew vor, Europas Energiesicherheit zu gef\u00e4hrden - just-now.NEWS Deutschland<\/title>\n<meta name=\"robots\" content=\"index, follow, max-snippet:-1, max-image-preview:large, max-video-preview:-1\" \/>\n<link rel=\"canonical\" href=\"https:\/\/now-news.de\/de\/deutschland\/budapest-wirft-kiew-vor-europas-energiesicherheit-zu-gefaehrden\/\" \/>\n<meta property=\"og:locale\" content=\"de_DE\" \/>\n<meta property=\"og:type\" content=\"article\" \/>\n<meta property=\"og:title\" content=\"Budapest wirft Kiew vor, Europas Energiesicherheit zu gef\u00e4hrden\" \/>\n<meta property=\"og:description\" content=\"Ungarns Au\u00dfenminister P\u00e9ter Szijj\u00e1rt\u00f3 bekr\u00e4ftigte, dass Budapest bereit sei, gemeinsam mit Moskau L\u00f6sungen zu suchen, falls die EU russisches Gas verbietet. Die EU plant ein vollst\u00e4ndiges Verbot von Gas und \u00d6l aus Russland bis Ende 2027. Die Beziehungen zwischen Budapest und Kiew spitzen sich weiter zu. Der ungarische Au\u00dfenminister P\u00e9ter Szijj\u00e1rt\u00f3 erkl\u00e4rte in einem Interview [&hellip;]\" \/>\n<meta property=\"og:url\" content=\"https:\/\/now-news.de\/de\/deutschland\/budapest-wirft-kiew-vor-europas-energiesicherheit-zu-gefaehrden\/\" \/>\n<meta property=\"og:site_name\" content=\"just-now.NEWS Deutschland\" \/>\n<meta property=\"article:publisher\" content=\"https:\/\/www.facebook.com\/wirmachenauf\" \/>\n<meta property=\"article:published_time\" content=\"2025-07-24T19:36:21+00:00\" \/>\n<meta property=\"og:image\" content=\"https:\/\/now-news.de\/de\/wp-content\/uploads\/sites\/3\/2025\/07\/6882453db480cc1bb46fb2ee.jpg\" \/>\n<meta name=\"author\" content=\"rtnews\" \/>\n<meta name=\"twitter:card\" content=\"summary_large_image\" \/>\n<meta name=\"twitter:creator\" content=\"@WirMachenAuf_de\" \/>\n<meta name=\"twitter:site\" content=\"@WirMachenAuf_de\" \/>\n<meta name=\"twitter:label1\" content=\"Verfasst von\" \/>\n\t<meta name=\"twitter:data1\" content=\"rtnews\" \/>\n\t<meta name=\"twitter:label2\" content=\"Gesch\u00e4tzte Lesezeit\" \/>\n\t<meta name=\"twitter:data2\" content=\"2\u00a0Minuten\" \/>\n<script type=\"application\/ld+json\" class=\"yoast-schema-graph\">{\"@context\":\"https:\/\/schema.org\",\"@graph\":[{\"@type\":\"Article\",\"@id\":\"https:\/\/now-news.de\/de\/deutschland\/budapest-wirft-kiew-vor-europas-energiesicherheit-zu-gefaehrden\/#article\",\"isPartOf\":{\"@id\":\"https:\/\/now-news.de\/de\/deutschland\/budapest-wirft-kiew-vor-europas-energiesicherheit-zu-gefaehrden\/\"},\"author\":{\"name\":\"rtnews\",\"@id\":\"https:\/\/now-news.de\/de\/#\/schema\/person\/fb534a4e865501d8b3285208df34a9b5\"},\"headline\":\"Budapest wirft Kiew vor, Europas Energiesicherheit zu gef\u00e4hrden\",\"datePublished\":\"2025-07-24T19:36:21+00:00\",\"dateModified\":\"2025-07-24T19:36:21+00:00\",\"mainEntityOfPage\":{\"@id\":\"https:\/\/now-news.de\/de\/deutschland\/budapest-wirft-kiew-vor-europas-energiesicherheit-zu-gefaehrden\/\"},\"wordCount\":386,\"commentCount\":0,\"publisher\":{\"@id\":\"https:\/\/now-news.de\/de\/#organization\"},\"image\":{\"@id\":\"https:\/\/now-news.de\/de\/deutschland\/budapest-wirft-kiew-vor-europas-energiesicherheit-zu-gefaehrden\/#primaryimage\"},\"thumbnailUrl\":\"https:\/\/now-news.de\/de\/wp-content\/uploads\/sites\/3\/2025\/07\/Budapest-wirft-Kiew-vor-Europas-Energiesicherheit-zu-gefaehrden.jpg\",\"keywords\":[\"Budapest\",\"Energiesicherheit\",\"Europas\",\"gef\u00e4hrden\",\"Kiew\",\"vor\",\"wirft\"],\"articleSection\":[\"Deutschland\",\"Russland\"],\"inLanguage\":\"de\",\"potentialAction\":[{\"@type\":\"CommentAction\",\"name\":\"Comment\",\"target\":[\"https:\/\/now-news.de\/de\/deutschland\/budapest-wirft-kiew-vor-europas-energiesicherheit-zu-gefaehrden\/#respond\"]}]},{\"@type\":\"WebPage\",\"@id\":\"https:\/\/now-news.de\/de\/deutschland\/budapest-wirft-kiew-vor-europas-energiesicherheit-zu-gefaehrden\/\",\"url\":\"https:\/\/now-news.de\/de\/deutschland\/budapest-wirft-kiew-vor-europas-energiesicherheit-zu-gefaehrden\/\",\"name\":\"Budapest wirft Kiew vor, Europas Energiesicherheit zu gef\u00e4hrden - just-now.NEWS Deutschland\",\"isPartOf\":{\"@id\":\"https:\/\/now-news.de\/de\/#website\"},\"primaryImageOfPage\":{\"@id\":\"https:\/\/now-news.de\/de\/deutschland\/budapest-wirft-kiew-vor-europas-energiesicherheit-zu-gefaehrden\/#primaryimage\"},\"image\":{\"@id\":\"https:\/\/now-news.de\/de\/deutschland\/budapest-wirft-kiew-vor-europas-energiesicherheit-zu-gefaehrden\/#primaryimage\"},\"thumbnailUrl\":\"https:\/\/now-news.de\/de\/wp-content\/uploads\/sites\/3\/2025\/07\/Budapest-wirft-Kiew-vor-Europas-Energiesicherheit-zu-gefaehrden.jpg\",\"datePublished\":\"2025-07-24T19:36:21+00:00\",\"dateModified\":\"2025-07-24T19:36:21+00:00\",\"breadcrumb\":{\"@id\":\"https:\/\/now-news.de\/de\/deutschland\/budapest-wirft-kiew-vor-europas-energiesicherheit-zu-gefaehrden\/#breadcrumb\"},\"inLanguage\":\"de\",\"potentialAction\":[{\"@type\":\"ReadAction\",\"target\":[\"https:\/\/now-news.de\/de\/deutschland\/budapest-wirft-kiew-vor-europas-energiesicherheit-zu-gefaehrden\/\"]}]},{\"@type\":\"ImageObject\",\"inLanguage\":\"de\",\"@id\":\"https:\/\/now-news.de\/de\/deutschland\/budapest-wirft-kiew-vor-europas-energiesicherheit-zu-gefaehrden\/#primaryimage\",\"url\":\"https:\/\/now-news.de\/de\/wp-content\/uploads\/sites\/3\/2025\/07\/Budapest-wirft-Kiew-vor-Europas-Energiesicherheit-zu-gefaehrden.jpg\",\"contentUrl\":\"https:\/\/now-news.de\/de\/wp-content\/uploads\/sites\/3\/2025\/07\/Budapest-wirft-Kiew-vor-Europas-Energiesicherheit-zu-gefaehrden.jpg\",\"width\":460,\"height\":259,\"caption\":\"Budapest wirft Kiew vor, Europas Energiesicherheit zu gef\u00e4hrden\"},{\"@type\":\"BreadcrumbList\",\"@id\":\"https:\/\/now-news.de\/de\/deutschland\/budapest-wirft-kiew-vor-europas-energiesicherheit-zu-gefaehrden\/#breadcrumb\",\"itemListElement\":[{\"@type\":\"ListItem\",\"position\":1,\"name\":\"Home\",\"item\":\"https:\/\/now-news.de\/de\/\"},{\"@type\":\"ListItem\",\"position\":2,\"name\":\"Budapest wirft Kiew vor, Europas Energiesicherheit zu gef\u00e4hrden\"}]},{\"@type\":\"WebSite\",\"@id\":\"https:\/\/now-news.de\/de\/#website\",\"url\":\"https:\/\/now-news.de\/de\/\",\"name\":\"just-now.NEWS Deutschland\",\"description\":\"Das Portal f\u00fcr unzensierte Nachrichten aus der Welt\",\"publisher\":{\"@id\":\"https:\/\/now-news.de\/de\/#organization\"},\"potentialAction\":[{\"@type\":\"SearchAction\",\"target\":{\"@type\":\"EntryPoint\",\"urlTemplate\":\"https:\/\/now-news.de\/de\/?s={search_term_string}\"},\"query-input\":\"required name=search_term_string\"}],\"inLanguage\":\"de\"},{\"@type\":\"Organization\",\"@id\":\"https:\/\/now-news.de\/de\/#organization\",\"name\":\"Just Now News\",\"url\":\"https:\/\/now-news.de\/de\/\",\"logo\":{\"@type\":\"ImageObject\",\"inLanguage\":\"de\",\"@id\":\"https:\/\/now-news.de\/de\/#\/schema\/logo\/image\/\",\"url\":\"http:\/\/just-now.news\/de\/wp-content\/uploads\/sites\/3\/2022\/04\/logo500x500.jpg\",\"contentUrl\":\"http:\/\/just-now.news\/de\/wp-content\/uploads\/sites\/3\/2022\/04\/logo500x500.jpg\",\"width\":500,\"height\":500,\"caption\":\"Just Now News\"},\"image\":{\"@id\":\"https:\/\/now-news.de\/de\/#\/schema\/logo\/image\/\"},\"sameAs\":[\"https:\/\/www.facebook.com\/wirmachenauf\",\"https:\/\/x.com\/WirMachenAuf_de\"]},{\"@type\":\"Person\",\"@id\":\"https:\/\/now-news.de\/de\/#\/schema\/person\/fb534a4e865501d8b3285208df34a9b5\",\"name\":\"rtnews\",\"image\":{\"@type\":\"ImageObject\",\"inLanguage\":\"de\",\"@id\":\"https:\/\/now-news.de\/de\/#\/schema\/person\/image\/\",\"url\":\"https:\/\/secure.gravatar.com\/avatar\/82aafea7d8127119dd649515f56e2117?s=96&d=mm&r=g\",\"contentUrl\":\"https:\/\/secure.gravatar.com\/avatar\/82aafea7d8127119dd649515f56e2117?s=96&d=mm&r=g\",\"caption\":\"rtnews\"},\"url\":\"https:\/\/now-news.de\/de\/author\/rnews\/\"}]}<\/script>\n<!-- \/ Yoast SEO Premium plugin. -->","yoast_head_json":{"title":"Budapest wirft Kiew vor, Europas Energiesicherheit zu gef\u00e4hrden - just-now.NEWS Deutschland","robots":{"index":"index","follow":"follow","max-snippet":"max-snippet:-1","max-image-preview":"max-image-preview:large","max-video-preview":"max-video-preview:-1"},"canonical":"https:\/\/now-news.de\/de\/deutschland\/budapest-wirft-kiew-vor-europas-energiesicherheit-zu-gefaehrden\/","og_locale":"de_DE","og_type":"article","og_title":"Budapest wirft Kiew vor, Europas Energiesicherheit zu gef\u00e4hrden","og_description":"Ungarns Au\u00dfenminister P\u00e9ter Szijj\u00e1rt\u00f3 bekr\u00e4ftigte, dass Budapest bereit sei, gemeinsam mit Moskau L\u00f6sungen zu suchen, falls die EU russisches Gas verbietet. Die EU plant ein vollst\u00e4ndiges Verbot von Gas und \u00d6l aus Russland bis Ende 2027. Die Beziehungen zwischen Budapest und Kiew spitzen sich weiter zu. Der ungarische Au\u00dfenminister P\u00e9ter Szijj\u00e1rt\u00f3 erkl\u00e4rte in einem Interview [&hellip;]","og_url":"https:\/\/now-news.de\/de\/deutschland\/budapest-wirft-kiew-vor-europas-energiesicherheit-zu-gefaehrden\/","og_site_name":"just-now.NEWS Deutschland","article_publisher":"https:\/\/www.facebook.com\/wirmachenauf","article_published_time":"2025-07-24T19:36:21+00:00","og_image":[{"url":"https:\/\/now-news.de\/de\/wp-content\/uploads\/sites\/3\/2025\/07\/6882453db480cc1bb46fb2ee.jpg"}],"author":"rtnews","twitter_card":"summary_large_image","twitter_creator":"@WirMachenAuf_de","twitter_site":"@WirMachenAuf_de","twitter_misc":{"Verfasst von":"rtnews","Gesch\u00e4tzte Lesezeit":"2\u00a0Minuten"},"schema":{"@context":"https:\/\/schema.org","@graph":[{"@type":"Article","@id":"https:\/\/now-news.de\/de\/deutschland\/budapest-wirft-kiew-vor-europas-energiesicherheit-zu-gefaehrden\/#article","isPartOf":{"@id":"https:\/\/now-news.de\/de\/deutschland\/budapest-wirft-kiew-vor-europas-energiesicherheit-zu-gefaehrden\/"},"author":{"name":"rtnews","@id":"https:\/\/now-news.de\/de\/#\/schema\/person\/fb534a4e865501d8b3285208df34a9b5"},"headline":"Budapest wirft Kiew vor, Europas Energiesicherheit zu gef\u00e4hrden","datePublished":"2025-07-24T19:36:21+00:00","dateModified":"2025-07-24T19:36:21+00:00","mainEntityOfPage":{"@id":"https:\/\/now-news.de\/de\/deutschland\/budapest-wirft-kiew-vor-europas-energiesicherheit-zu-gefaehrden\/"},"wordCount":386,"commentCount":0,"publisher":{"@id":"https:\/\/now-news.de\/de\/#organization"},"image":{"@id":"https:\/\/now-news.de\/de\/deutschland\/budapest-wirft-kiew-vor-europas-energiesicherheit-zu-gefaehrden\/#primaryimage"},"thumbnailUrl":"https:\/\/now-news.de\/de\/wp-content\/uploads\/sites\/3\/2025\/07\/Budapest-wirft-Kiew-vor-Europas-Energiesicherheit-zu-gefaehrden.jpg","keywords":["Budapest","Energiesicherheit","Europas","gef\u00e4hrden","Kiew","vor","wirft"],"articleSection":["Deutschland","Russland"],"inLanguage":"de","potentialAction":[{"@type":"CommentAction","name":"Comment","target":["https:\/\/now-news.de\/de\/deutschland\/budapest-wirft-kiew-vor-europas-energiesicherheit-zu-gefaehrden\/#respond"]}]},{"@type":"WebPage","@id":"https:\/\/now-news.de\/de\/deutschland\/budapest-wirft-kiew-vor-europas-energiesicherheit-zu-gefaehrden\/","url":"https:\/\/now-news.de\/de\/deutschland\/budapest-wirft-kiew-vor-europas-energiesicherheit-zu-gefaehrden\/","name":"Budapest wirft Kiew vor, Europas Energiesicherheit zu gef\u00e4hrden - just-now.NEWS Deutschland","isPartOf":{"@id":"https:\/\/now-news.de\/de\/#website"},"primaryImageOfPage":{"@id":"https:\/\/now-news.de\/de\/deutschland\/budapest-wirft-kiew-vor-europas-energiesicherheit-zu-gefaehrden\/#primaryimage"},"image":{"@id":"https:\/\/now-news.de\/de\/deutschland\/budapest-wirft-kiew-vor-europas-energiesicherheit-zu-gefaehrden\/#primaryimage"},"thumbnailUrl":"https:\/\/now-news.de\/de\/wp-content\/uploads\/sites\/3\/2025\/07\/Budapest-wirft-Kiew-vor-Europas-Energiesicherheit-zu-gefaehrden.jpg","datePublished":"2025-07-24T19:36:21+00:00","dateModified":"2025-07-24T19:36:21+00:00","breadcrumb":{"@id":"https:\/\/now-news.de\/de\/deutschland\/budapest-wirft-kiew-vor-europas-energiesicherheit-zu-gefaehrden\/#breadcrumb"},"inLanguage":"de","potentialAction":[{"@type":"ReadAction","target":["https:\/\/now-news.de\/de\/deutschland\/budapest-wirft-kiew-vor-europas-energiesicherheit-zu-gefaehrden\/"]}]},{"@type":"ImageObject","inLanguage":"de","@id":"https:\/\/now-news.de\/de\/deutschland\/budapest-wirft-kiew-vor-europas-energiesicherheit-zu-gefaehrden\/#primaryimage","url":"https:\/\/now-news.de\/de\/wp-content\/uploads\/sites\/3\/2025\/07\/Budapest-wirft-Kiew-vor-Europas-Energiesicherheit-zu-gefaehrden.jpg","contentUrl":"https:\/\/now-news.de\/de\/wp-content\/uploads\/sites\/3\/2025\/07\/Budapest-wirft-Kiew-vor-Europas-Energiesicherheit-zu-gefaehrden.jpg","width":460,"height":259,"caption":"Budapest wirft Kiew vor, Europas Energiesicherheit zu gef\u00e4hrden"},{"@type":"BreadcrumbList","@id":"https:\/\/now-news.de\/de\/deutschland\/budapest-wirft-kiew-vor-europas-energiesicherheit-zu-gefaehrden\/#breadcrumb","itemListElement":[{"@type":"ListItem","position":1,"name":"Home","item":"https:\/\/now-news.de\/de\/"},{"@type":"ListItem","position":2,"name":"Budapest wirft Kiew vor, Europas Energiesicherheit zu gef\u00e4hrden"}]},{"@type":"WebSite","@id":"https:\/\/now-news.de\/de\/#website","url":"https:\/\/now-news.de\/de\/","name":"just-now.NEWS Deutschland","description":"Das Portal f\u00fcr unzensierte Nachrichten aus der Welt","publisher":{"@id":"https:\/\/now-news.de\/de\/#organization"},"potentialAction":[{"@type":"SearchAction","target":{"@type":"EntryPoint","urlTemplate":"https:\/\/now-news.de\/de\/?s={search_term_string}"},"query-input":"required name=search_term_string"}],"inLanguage":"de"},{"@type":"Organization","@id":"https:\/\/now-news.de\/de\/#organization","name":"Just Now News","url":"https:\/\/now-news.de\/de\/","logo":{"@type":"ImageObject","inLanguage":"de","@id":"https:\/\/now-news.de\/de\/#\/schema\/logo\/image\/","url":"http:\/\/just-now.news\/de\/wp-content\/uploads\/sites\/3\/2022\/04\/logo500x500.jpg","contentUrl":"http:\/\/just-now.news\/de\/wp-content\/uploads\/sites\/3\/2022\/04\/logo500x500.jpg","width":500,"height":500,"caption":"Just Now News"},"image":{"@id":"https:\/\/now-news.de\/de\/#\/schema\/logo\/image\/"},"sameAs":["https:\/\/www.facebook.com\/wirmachenauf","https:\/\/x.com\/WirMachenAuf_de"]},{"@type":"Person","@id":"https:\/\/now-news.de\/de\/#\/schema\/person\/fb534a4e865501d8b3285208df34a9b5","name":"rtnews","image":{"@type":"ImageObject","inLanguage":"de","@id":"https:\/\/now-news.de\/de\/#\/schema\/person\/image\/","url":"https:\/\/secure.gravatar.com\/avatar\/82aafea7d8127119dd649515f56e2117?s=96&d=mm&r=g","contentUrl":"https:\/\/secure.gravatar.com\/avatar\/82aafea7d8127119dd649515f56e2117?s=96&d=mm&r=g","caption":"rtnews"},"url":"https:\/\/now-news.de\/de\/author\/rnews\/"}]}},"_links":{"self":[{"href":"https:\/\/now-news.de\/de\/wp-json\/wp\/v2\/posts\/87733"}],"collection":[{"href":"https:\/\/now-news.de\/de\/wp-json\/wp\/v2\/posts"}],"about":[{"href":"https:\/\/now-news.de\/de\/wp-json\/wp\/v2\/types\/post"}],"author":[{"embeddable":true,"href":"https:\/\/now-news.de\/de\/wp-json\/wp\/v2\/users\/3"}],"replies":[{"embeddable":true,"href":"https:\/\/now-news.de\/de\/wp-json\/wp\/v2\/comments?post=87733"}],"version-history":[{"count":0,"href":"https:\/\/now-news.de\/de\/wp-json\/wp\/v2\/posts\/87733\/revisions"}],"wp:featuredmedia":[{"embeddable":true,"href":"https:\/\/now-news.de\/de\/wp-json\/wp\/v2\/media\/87734"}],"wp:attachment":[{"href":"https:\/\/now-news.de\/de\/wp-json\/wp\/v2\/media?parent=87733"}],"wp:term":[{"taxonomy":"category","embeddable":true,"href":"https:\/\/now-news.de\/de\/wp-json\/wp\/v2\/categories?post=87733"},{"taxonomy":"post_tag","embeddable":true,"href":"https:\/\/now-news.de\/de\/wp-json\/wp\/v2\/tags?post=87733"}],"curies":[{"name":"wp","href":"https:\/\/api.w.org\/{rel}","templated":true}]}}