{"id":87717,"date":"2025-07-24T16:39:35","date_gmt":"2025-07-24T14:39:35","guid":{"rendered":"https:\/\/now-news.de\/de\/deutschland\/wsj-trump-wusste-seit-mai-dass-sein-name-in-den-epstein-akten-auftaucht\/"},"modified":"2025-07-24T16:39:35","modified_gmt":"2025-07-24T14:39:35","slug":"wsj-trump-wusste-seit-mai-dass-sein-name-in-den-epstein-akten-auftaucht","status":"publish","type":"post","link":"https:\/\/now-news.de\/de\/deutschland\/wsj-trump-wusste-seit-mai-dass-sein-name-in-den-epstein-akten-auftaucht\/","title":{"rendered":"WSJ: Trump wusste seit Mai, dass sein Name in den Epstein-Akten auftaucht"},"content":{"rendered":"<p><img decoding=\"async\" src=\"https:\/\/now-news.de\/de\/wp-content\/uploads\/sites\/3\/2025\/07\/6882458748fbef6d796033d3.jpg\" \/><\/p>\n<div class=\"Text-root Text-type_1 \">\n                Bereits im Mai informierte US-Justizministerin Pam Bondi den US-Pr\u00e4sidenten dar\u00fcber, dass sein Name in den Epstein-Akten erw\u00e4hnt wird. Donald Trump hatte im Wahlkampf die Offenlegung der Dokumente versprochen. Inzwischen machte der Pr\u00e4sident einen R\u00fcckzieher. Das heizte die Spekulationen \u00fcber den Inhalt der Akten weiter an.\n            <\/div>\n<p><\/p>\n<div class=\"Text-root Text-type_5 ArticleView-text ViewText-root \">\n<p>Das Justizministerium teilte Donald Trump bereits im Mai mit, dass sein Name in den Epstein-Dokumenten auftauche, <a rel=\"nofollow noopener\" target=\"_blank\" href=\"https:\/\/www.wsj.com\/politics\/justice-department-told-trump-name-in-epstein-files-727a8038?mod=e2tw\">berichtet<\/a> das <em>Wall Street Journal<\/em>. Justizministerin Pam Bondi informierte den Pr\u00e4sidenten damals im Rahmen eines Treffens im Wei\u00dfen Haus, dass Trumps Name in den beschlagnahmten Unterlagen mehrfach auftauche. Neben Trumps Namen seien dort noch die Namen zahlreicher weiterer Personen des \u00f6ffentlichen Lebens gelistet. Allerdings sei eine namentliche Erw\u00e4hnung in den Dokumenten nicht gleichzusetzen mit einem Fehlverhalten, wird im Beitrag erg\u00e4nzt.<\/p>\n<p>Bei dem Treffen zwischen Vertretern des Justizministeriums und Trump handelte es sich nach offiziellen Angaben um eine routinem\u00e4\u00dfige Zusammenkunft, bei der eine Vielzahl von Themen besprochen wurde.<\/p>\n<p>Bondi teilte dem Pr\u00e4sidenten bei dem Treffen\u00a0zudem mit, dass die Akten nach Ansicht der Ermittler unbest\u00e4tigte Ger\u00fcchte \u00fcber viele Personen enthielten. Die Dokumente enthielten \u00fcber hundert Namen. Unter den namentlich genannten Personen sei auch Trump. Noch vor Kurzem stritt Trump \u00f6ffentlich ab, dass er von Bondi in Kenntnis gesetzt worden sei.<\/p>\n<p>Von einer Ver\u00f6ffentlichung des Materials sieht das Justizministerium aufgrund des Inhalts ab. Demnach enthalten die Dokumente Darstellungen von Kinderpornografie und pers\u00f6nliche Daten der Opfer. Trump stimmte laut Bericht der Entscheidung des Justizministeriums zu, keine weiteren Details zu ver\u00f6ffentlichen.<\/p>\n<p>Im Februar hatte Bondi der \u00d6ffentlichkeit mitgeteilt, die Kundenliste Jeffrey Epsteins liege auf ihrem Schreibtisch. Die Aussage, dass Bondi Zugang zur Kundenliste Epsteins habe, wurde vom Justizministerium sp\u00e4ter widerrufen. Die Akte enthalte keine Kundenliste und auch keine Hinweise, die weitere Ermittlungen notwendig machen w\u00fcrden.<\/p>\n<p>Der stellvertretende Justizminister Todd Blanche teilte auf dem Kurznachrichtendienst X mit, er wolle sich mit der inhaftierten Komplizin Epsteins Ghislaine Maxwell treffen. Ziel des Treffens sei, Informationen zu den Personen zu besprechen, die mit Epstein Verbrechen begangen haben. Maxwell war im Jahr 2022 unter anderem wegen Beihilfe zu sexuellem Missbrauch Minderj\u00e4hriger zu zwanzig Jahren Haft verurteilt worden. Maxwell behauptet, sie habe kein faires Verfahren erhalten.<\/p>\n<div class=\"EmbedBlock-root EmbedBlock-twitter\">\n<div class=\"TwitterEmbed\">\n<blockquote class=\"twitter-tweet lazyload\" data-twitter=\"twitter-tweet\">\n<p lang=\"en\" dir=\"ltr\">Justice demands courage. For the first time, the Department of Justice is reaching out to Ghislaine Maxwell to ask: what do you know? At <a rel=\"nofollow noopener\" target=\"_blank\" href=\"https:\/\/twitter.com\/AGPamBondi?ref_src=twsrc%5Etfw\">@AGPamBondi<\/a>\u2019s direction, I\u2019ve contacted her counsel. I intend to meet with her soon. No one is above the law\u2014and no lead is off-limits. <a rel=\"nofollow noopener\" target=\"_blank\" href=\"https:\/\/t.co\/3IZh9viI7i\">https:\/\/t.co\/3IZh9viI7i<\/a><\/p>\n<p>\u2014 Todd Blanche (@DAGToddBlanche) <a rel=\"nofollow noopener\" target=\"_blank\" href=\"https:\/\/twitter.com\/DAGToddBlanche\/status\/1947623916538617946?ref_src=twsrc%5Etfw\">July 22, 2025<\/a><\/p><\/blockquote>\n<\/div>\n<\/div>\n<p>Sowohl Trump als auch Epstein erkl\u00e4rten bereits vor Jahren, sie h\u00e4tten sich zerstritten. Epstein war im Jahr 2006 verurteilt und als Sexualstraft\u00e4ter registriert worden. 2019 wurde er erneut verhaftet. Die Anklage lautete auf Menschenhandel. Der Prozessbeginn war f\u00fcr Anfang 2020 anberaumt.<\/p>\n<p>Als Verm\u00f6gensverwalter und Unternehmer hatte Epstein Kontakt zu zahlreichen hochrangigen Pers\u00f6nlichkeiten. Epstein betrieb sp\u00e4testens sei 2002 einen Prostitutionsring. Er vermittelte dabei auch Kinder und Jugendliche zur sexuellen Ausbeutung. Epstein starb unter mysteri\u00f6sen Umst\u00e4nden in Untersuchungshaft. Aufgrund seines Zugangs zur politischen und medialen Elite in den USA und der westlichen Hemisph\u00e4re halten die Spekulationen dar\u00fcber an, wer zu Epsteins Kunden gez\u00e4hlt haben k\u00f6nnte.<\/p>\n<p>Trump hatte im Pr\u00e4sidentschaftswahlkampf die Offenlegung der Epstein-Dokumente versprochen. Inzwischen machte der Pr\u00e4sident einen R\u00fcckzieher. Nur dumme Leute interessierten sich noch f\u00fcr den Epstein-Fall, sagte Trump in der vergangenen Woche. Das heizte die Spekulationen \u00fcber den Inhalt erneut an, zudem geriet Trump wegen einer m\u00f6glicherweise tieferen Verwicklung in den Fall Epstein in den Fokus. Der US-Pr\u00e4sident reagierte darauf, indem er die Ver\u00f6ffentlichung eines Teils der Geschworenenprotokolle anordnete.<\/p>\n<p><strong>Mehr zum Thema<\/strong>\u00a0\u2013 <a rel=\"nofollow noopener\" target=\"_blank\" href=\"https:\/\/freedert.online\/nordamerika\/250899-trump-verstoert-anhaenger-nur-dumme\/\">Trump verst\u00f6rt Anh\u00e4nger: Nur &#8220;dumme Leute&#8221; interessieren sich f\u00fcr die Epstein-Akten<\/a><\/p>\n<div class=\"EmbedBlock-root EmbedBlock-externalVideo EmbedBlock-rumble\">\n<div class=\"VkEmbed\"><iframe class=\"lazyload\" data-src=\"https:\/\/rumble.com\/embed\/v6tr1gc\" frameborder=\"0\" width=\"853\" height=\"480\" allowfullscreen><\/iframe><\/div>\n<\/div>\n<\/div>\n<p><script async src=\"https:\/\/platform.twitter.com\/widgets.js\" charset=\"utf-8\"><\/script><br \/>\n<br \/><br \/>\n<br \/><a href=\"https:\/\/de.rt.com\/nordamerika\/251534-wsj-trump-wusste-seit-mai-dass-sein-name-in-den-epstein-files-auftaucht\/\">Source link <\/a><\/p>\n","protected":false},"excerpt":{"rendered":"<p>Bereits im Mai informierte US-Justizministerin Pam Bondi den US-Pr\u00e4sidenten dar\u00fcber, dass sein Name in den Epstein-Akten erw\u00e4hnt wird. Donald Trump hatte im Wahlkampf die Offenlegung der Dokumente versprochen. Inzwischen machte der Pr\u00e4sident einen R\u00fcckzieher. Das heizte die Spekulationen \u00fcber den Inhalt der Akten weiter an. Das Justizministerium teilte Donald Trump bereits im Mai mit, dass [&hellip;]<\/p>\n","protected":false},"author":3,"featured_media":87718,"comment_status":"open","ping_status":"open","sticky":false,"template":"","format":"standard","meta":{"_yoast_indexnow_last_ping":["1753368116"],"wp_automatic_camp":["217"],"46e3f21673ecafb2e6bea17fba1f56b4":["WSJ: Trump wusste seit Mai, dass sein Name in den Epstein-Akten auftaucht"],"original_link":["https:\/\/de.rt.com\/nordamerika\/251534-wsj-trump-wusste-seit-mai-dass-sein-name-in-den-epstein-files-auftaucht\/"],"_thumbnail_id":["87718"],"jnews_social_counter_last_update":["1777488964"],"_wptgpro_p2tg_sent2tg":["a:1:{i:23737;s:19:\"2025-07-24 16:43:01\";}"]},"categories":[19,23],"tags":[66596,42,48,52126,9933,3950,1829,1639,53316,27472],"yoast_head":"<!-- This site is optimized with the Yoast SEO Premium plugin v22.7 (Yoast SEO v22.7) - https:\/\/yoast.com\/wordpress\/plugins\/seo\/ -->\n<title>WSJ: Trump wusste seit Mai, dass sein Name in den Epstein-Akten auftaucht - just-now.NEWS Deutschland<\/title>\n<meta name=\"robots\" content=\"index, follow, max-snippet:-1, max-image-preview:large, max-video-preview:-1\" \/>\n<link rel=\"canonical\" href=\"https:\/\/now-news.de\/de\/deutschland\/wsj-trump-wusste-seit-mai-dass-sein-name-in-den-epstein-akten-auftaucht\/\" \/>\n<meta property=\"og:locale\" content=\"de_DE\" \/>\n<meta property=\"og:type\" content=\"article\" \/>\n<meta property=\"og:title\" content=\"WSJ: Trump wusste seit Mai, dass sein Name in den Epstein-Akten auftaucht\" \/>\n<meta property=\"og:description\" content=\"Bereits im Mai informierte US-Justizministerin Pam Bondi den US-Pr\u00e4sidenten dar\u00fcber, dass sein Name in den Epstein-Akten erw\u00e4hnt wird. Donald Trump hatte im Wahlkampf die Offenlegung der Dokumente versprochen. Inzwischen machte der Pr\u00e4sident einen R\u00fcckzieher. Das heizte die Spekulationen \u00fcber den Inhalt der Akten weiter an. Das Justizministerium teilte Donald Trump bereits im Mai mit, dass [&hellip;]\" \/>\n<meta property=\"og:url\" content=\"https:\/\/now-news.de\/de\/deutschland\/wsj-trump-wusste-seit-mai-dass-sein-name-in-den-epstein-akten-auftaucht\/\" \/>\n<meta property=\"og:site_name\" content=\"just-now.NEWS Deutschland\" \/>\n<meta property=\"article:publisher\" content=\"https:\/\/www.facebook.com\/wirmachenauf\" \/>\n<meta property=\"article:published_time\" content=\"2025-07-24T14:39:35+00:00\" \/>\n<meta property=\"og:image\" content=\"https:\/\/now-news.de\/de\/wp-content\/uploads\/sites\/3\/2025\/07\/6882458748fbef6d796033d3.jpg\" \/>\n<meta name=\"author\" content=\"rtnews\" \/>\n<meta name=\"twitter:card\" content=\"summary_large_image\" \/>\n<meta name=\"twitter:creator\" content=\"@WirMachenAuf_de\" \/>\n<meta name=\"twitter:site\" content=\"@WirMachenAuf_de\" \/>\n<meta name=\"twitter:label1\" content=\"Verfasst von\" \/>\n\t<meta name=\"twitter:data1\" content=\"rtnews\" \/>\n\t<meta name=\"twitter:label2\" content=\"Gesch\u00e4tzte Lesezeit\" \/>\n\t<meta name=\"twitter:data2\" content=\"3\u00a0Minuten\" \/>\n<script type=\"application\/ld+json\" class=\"yoast-schema-graph\">{\"@context\":\"https:\/\/schema.org\",\"@graph\":[{\"@type\":\"Article\",\"@id\":\"https:\/\/now-news.de\/de\/deutschland\/wsj-trump-wusste-seit-mai-dass-sein-name-in-den-epstein-akten-auftaucht\/#article\",\"isPartOf\":{\"@id\":\"https:\/\/now-news.de\/de\/deutschland\/wsj-trump-wusste-seit-mai-dass-sein-name-in-den-epstein-akten-auftaucht\/\"},\"author\":{\"name\":\"rtnews\",\"@id\":\"https:\/\/now-news.de\/de\/#\/schema\/person\/fb534a4e865501d8b3285208df34a9b5\"},\"headline\":\"WSJ: Trump wusste seit Mai, dass sein Name in den Epstein-Akten auftaucht\",\"datePublished\":\"2025-07-24T14:39:35+00:00\",\"dateModified\":\"2025-07-24T14:39:35+00:00\",\"mainEntityOfPage\":{\"@id\":\"https:\/\/now-news.de\/de\/deutschland\/wsj-trump-wusste-seit-mai-dass-sein-name-in-den-epstein-akten-auftaucht\/\"},\"wordCount\":643,\"commentCount\":0,\"publisher\":{\"@id\":\"https:\/\/now-news.de\/de\/#organization\"},\"image\":{\"@id\":\"https:\/\/now-news.de\/de\/deutschland\/wsj-trump-wusste-seit-mai-dass-sein-name-in-den-epstein-akten-auftaucht\/#primaryimage\"},\"thumbnailUrl\":\"https:\/\/now-news.de\/de\/wp-content\/uploads\/sites\/3\/2025\/07\/WSJ-Trump-wusste-seit-Mai-dass-sein-Name-in-den.jpg\",\"keywords\":[\"auftaucht\",\"dass\",\"den\",\"EpsteinAkten\",\"Mai\",\"sein\",\"seit\",\"trump\",\"WSJ\",\"wusste\"],\"articleSection\":[\"Deutschland\",\"Russland\"],\"inLanguage\":\"de\",\"potentialAction\":[{\"@type\":\"CommentAction\",\"name\":\"Comment\",\"target\":[\"https:\/\/now-news.de\/de\/deutschland\/wsj-trump-wusste-seit-mai-dass-sein-name-in-den-epstein-akten-auftaucht\/#respond\"]}]},{\"@type\":\"WebPage\",\"@id\":\"https:\/\/now-news.de\/de\/deutschland\/wsj-trump-wusste-seit-mai-dass-sein-name-in-den-epstein-akten-auftaucht\/\",\"url\":\"https:\/\/now-news.de\/de\/deutschland\/wsj-trump-wusste-seit-mai-dass-sein-name-in-den-epstein-akten-auftaucht\/\",\"name\":\"WSJ: Trump wusste seit Mai, dass sein Name in den Epstein-Akten auftaucht - just-now.NEWS Deutschland\",\"isPartOf\":{\"@id\":\"https:\/\/now-news.de\/de\/#website\"},\"primaryImageOfPage\":{\"@id\":\"https:\/\/now-news.de\/de\/deutschland\/wsj-trump-wusste-seit-mai-dass-sein-name-in-den-epstein-akten-auftaucht\/#primaryimage\"},\"image\":{\"@id\":\"https:\/\/now-news.de\/de\/deutschland\/wsj-trump-wusste-seit-mai-dass-sein-name-in-den-epstein-akten-auftaucht\/#primaryimage\"},\"thumbnailUrl\":\"https:\/\/now-news.de\/de\/wp-content\/uploads\/sites\/3\/2025\/07\/WSJ-Trump-wusste-seit-Mai-dass-sein-Name-in-den.jpg\",\"datePublished\":\"2025-07-24T14:39:35+00:00\",\"dateModified\":\"2025-07-24T14:39:35+00:00\",\"breadcrumb\":{\"@id\":\"https:\/\/now-news.de\/de\/deutschland\/wsj-trump-wusste-seit-mai-dass-sein-name-in-den-epstein-akten-auftaucht\/#breadcrumb\"},\"inLanguage\":\"de\",\"potentialAction\":[{\"@type\":\"ReadAction\",\"target\":[\"https:\/\/now-news.de\/de\/deutschland\/wsj-trump-wusste-seit-mai-dass-sein-name-in-den-epstein-akten-auftaucht\/\"]}]},{\"@type\":\"ImageObject\",\"inLanguage\":\"de\",\"@id\":\"https:\/\/now-news.de\/de\/deutschland\/wsj-trump-wusste-seit-mai-dass-sein-name-in-den-epstein-akten-auftaucht\/#primaryimage\",\"url\":\"https:\/\/now-news.de\/de\/wp-content\/uploads\/sites\/3\/2025\/07\/WSJ-Trump-wusste-seit-Mai-dass-sein-Name-in-den.jpg\",\"contentUrl\":\"https:\/\/now-news.de\/de\/wp-content\/uploads\/sites\/3\/2025\/07\/WSJ-Trump-wusste-seit-Mai-dass-sein-Name-in-den.jpg\",\"width\":460,\"height\":259,\"caption\":\"WSJ: Trump wusste seit Mai, dass sein Name in den Epstein-Akten auftaucht\"},{\"@type\":\"BreadcrumbList\",\"@id\":\"https:\/\/now-news.de\/de\/deutschland\/wsj-trump-wusste-seit-mai-dass-sein-name-in-den-epstein-akten-auftaucht\/#breadcrumb\",\"itemListElement\":[{\"@type\":\"ListItem\",\"position\":1,\"name\":\"Home\",\"item\":\"https:\/\/now-news.de\/de\/\"},{\"@type\":\"ListItem\",\"position\":2,\"name\":\"WSJ: Trump wusste seit Mai, dass sein Name in den Epstein-Akten auftaucht\"}]},{\"@type\":\"WebSite\",\"@id\":\"https:\/\/now-news.de\/de\/#website\",\"url\":\"https:\/\/now-news.de\/de\/\",\"name\":\"just-now.NEWS Deutschland\",\"description\":\"Das Portal f\u00fcr unzensierte Nachrichten aus der Welt\",\"publisher\":{\"@id\":\"https:\/\/now-news.de\/de\/#organization\"},\"potentialAction\":[{\"@type\":\"SearchAction\",\"target\":{\"@type\":\"EntryPoint\",\"urlTemplate\":\"https:\/\/now-news.de\/de\/?s={search_term_string}\"},\"query-input\":\"required name=search_term_string\"}],\"inLanguage\":\"de\"},{\"@type\":\"Organization\",\"@id\":\"https:\/\/now-news.de\/de\/#organization\",\"name\":\"Just Now News\",\"url\":\"https:\/\/now-news.de\/de\/\",\"logo\":{\"@type\":\"ImageObject\",\"inLanguage\":\"de\",\"@id\":\"https:\/\/now-news.de\/de\/#\/schema\/logo\/image\/\",\"url\":\"http:\/\/just-now.news\/de\/wp-content\/uploads\/sites\/3\/2022\/04\/logo500x500.jpg\",\"contentUrl\":\"http:\/\/just-now.news\/de\/wp-content\/uploads\/sites\/3\/2022\/04\/logo500x500.jpg\",\"width\":500,\"height\":500,\"caption\":\"Just Now News\"},\"image\":{\"@id\":\"https:\/\/now-news.de\/de\/#\/schema\/logo\/image\/\"},\"sameAs\":[\"https:\/\/www.facebook.com\/wirmachenauf\",\"https:\/\/x.com\/WirMachenAuf_de\"]},{\"@type\":\"Person\",\"@id\":\"https:\/\/now-news.de\/de\/#\/schema\/person\/fb534a4e865501d8b3285208df34a9b5\",\"name\":\"rtnews\",\"image\":{\"@type\":\"ImageObject\",\"inLanguage\":\"de\",\"@id\":\"https:\/\/now-news.de\/de\/#\/schema\/person\/image\/\",\"url\":\"https:\/\/secure.gravatar.com\/avatar\/82aafea7d8127119dd649515f56e2117?s=96&d=mm&r=g\",\"contentUrl\":\"https:\/\/secure.gravatar.com\/avatar\/82aafea7d8127119dd649515f56e2117?s=96&d=mm&r=g\",\"caption\":\"rtnews\"},\"url\":\"https:\/\/now-news.de\/de\/author\/rnews\/\"}]}<\/script>\n<!-- \/ Yoast SEO Premium plugin. -->","yoast_head_json":{"title":"WSJ: Trump wusste seit Mai, dass sein Name in den Epstein-Akten auftaucht - just-now.NEWS Deutschland","robots":{"index":"index","follow":"follow","max-snippet":"max-snippet:-1","max-image-preview":"max-image-preview:large","max-video-preview":"max-video-preview:-1"},"canonical":"https:\/\/now-news.de\/de\/deutschland\/wsj-trump-wusste-seit-mai-dass-sein-name-in-den-epstein-akten-auftaucht\/","og_locale":"de_DE","og_type":"article","og_title":"WSJ: Trump wusste seit Mai, dass sein Name in den Epstein-Akten auftaucht","og_description":"Bereits im Mai informierte US-Justizministerin Pam Bondi den US-Pr\u00e4sidenten dar\u00fcber, dass sein Name in den Epstein-Akten erw\u00e4hnt wird. Donald Trump hatte im Wahlkampf die Offenlegung der Dokumente versprochen. Inzwischen machte der Pr\u00e4sident einen R\u00fcckzieher. Das heizte die Spekulationen \u00fcber den Inhalt der Akten weiter an. Das Justizministerium teilte Donald Trump bereits im Mai mit, dass [&hellip;]","og_url":"https:\/\/now-news.de\/de\/deutschland\/wsj-trump-wusste-seit-mai-dass-sein-name-in-den-epstein-akten-auftaucht\/","og_site_name":"just-now.NEWS Deutschland","article_publisher":"https:\/\/www.facebook.com\/wirmachenauf","article_published_time":"2025-07-24T14:39:35+00:00","og_image":[{"url":"https:\/\/now-news.de\/de\/wp-content\/uploads\/sites\/3\/2025\/07\/6882458748fbef6d796033d3.jpg"}],"author":"rtnews","twitter_card":"summary_large_image","twitter_creator":"@WirMachenAuf_de","twitter_site":"@WirMachenAuf_de","twitter_misc":{"Verfasst von":"rtnews","Gesch\u00e4tzte Lesezeit":"3\u00a0Minuten"},"schema":{"@context":"https:\/\/schema.org","@graph":[{"@type":"Article","@id":"https:\/\/now-news.de\/de\/deutschland\/wsj-trump-wusste-seit-mai-dass-sein-name-in-den-epstein-akten-auftaucht\/#article","isPartOf":{"@id":"https:\/\/now-news.de\/de\/deutschland\/wsj-trump-wusste-seit-mai-dass-sein-name-in-den-epstein-akten-auftaucht\/"},"author":{"name":"rtnews","@id":"https:\/\/now-news.de\/de\/#\/schema\/person\/fb534a4e865501d8b3285208df34a9b5"},"headline":"WSJ: Trump wusste seit Mai, dass sein Name in den Epstein-Akten auftaucht","datePublished":"2025-07-24T14:39:35+00:00","dateModified":"2025-07-24T14:39:35+00:00","mainEntityOfPage":{"@id":"https:\/\/now-news.de\/de\/deutschland\/wsj-trump-wusste-seit-mai-dass-sein-name-in-den-epstein-akten-auftaucht\/"},"wordCount":643,"commentCount":0,"publisher":{"@id":"https:\/\/now-news.de\/de\/#organization"},"image":{"@id":"https:\/\/now-news.de\/de\/deutschland\/wsj-trump-wusste-seit-mai-dass-sein-name-in-den-epstein-akten-auftaucht\/#primaryimage"},"thumbnailUrl":"https:\/\/now-news.de\/de\/wp-content\/uploads\/sites\/3\/2025\/07\/WSJ-Trump-wusste-seit-Mai-dass-sein-Name-in-den.jpg","keywords":["auftaucht","dass","den","EpsteinAkten","Mai","sein","seit","trump","WSJ","wusste"],"articleSection":["Deutschland","Russland"],"inLanguage":"de","potentialAction":[{"@type":"CommentAction","name":"Comment","target":["https:\/\/now-news.de\/de\/deutschland\/wsj-trump-wusste-seit-mai-dass-sein-name-in-den-epstein-akten-auftaucht\/#respond"]}]},{"@type":"WebPage","@id":"https:\/\/now-news.de\/de\/deutschland\/wsj-trump-wusste-seit-mai-dass-sein-name-in-den-epstein-akten-auftaucht\/","url":"https:\/\/now-news.de\/de\/deutschland\/wsj-trump-wusste-seit-mai-dass-sein-name-in-den-epstein-akten-auftaucht\/","name":"WSJ: Trump wusste seit Mai, dass sein Name in den Epstein-Akten auftaucht - just-now.NEWS Deutschland","isPartOf":{"@id":"https:\/\/now-news.de\/de\/#website"},"primaryImageOfPage":{"@id":"https:\/\/now-news.de\/de\/deutschland\/wsj-trump-wusste-seit-mai-dass-sein-name-in-den-epstein-akten-auftaucht\/#primaryimage"},"image":{"@id":"https:\/\/now-news.de\/de\/deutschland\/wsj-trump-wusste-seit-mai-dass-sein-name-in-den-epstein-akten-auftaucht\/#primaryimage"},"thumbnailUrl":"https:\/\/now-news.de\/de\/wp-content\/uploads\/sites\/3\/2025\/07\/WSJ-Trump-wusste-seit-Mai-dass-sein-Name-in-den.jpg","datePublished":"2025-07-24T14:39:35+00:00","dateModified":"2025-07-24T14:39:35+00:00","breadcrumb":{"@id":"https:\/\/now-news.de\/de\/deutschland\/wsj-trump-wusste-seit-mai-dass-sein-name-in-den-epstein-akten-auftaucht\/#breadcrumb"},"inLanguage":"de","potentialAction":[{"@type":"ReadAction","target":["https:\/\/now-news.de\/de\/deutschland\/wsj-trump-wusste-seit-mai-dass-sein-name-in-den-epstein-akten-auftaucht\/"]}]},{"@type":"ImageObject","inLanguage":"de","@id":"https:\/\/now-news.de\/de\/deutschland\/wsj-trump-wusste-seit-mai-dass-sein-name-in-den-epstein-akten-auftaucht\/#primaryimage","url":"https:\/\/now-news.de\/de\/wp-content\/uploads\/sites\/3\/2025\/07\/WSJ-Trump-wusste-seit-Mai-dass-sein-Name-in-den.jpg","contentUrl":"https:\/\/now-news.de\/de\/wp-content\/uploads\/sites\/3\/2025\/07\/WSJ-Trump-wusste-seit-Mai-dass-sein-Name-in-den.jpg","width":460,"height":259,"caption":"WSJ: Trump wusste seit Mai, dass sein Name in den Epstein-Akten auftaucht"},{"@type":"BreadcrumbList","@id":"https:\/\/now-news.de\/de\/deutschland\/wsj-trump-wusste-seit-mai-dass-sein-name-in-den-epstein-akten-auftaucht\/#breadcrumb","itemListElement":[{"@type":"ListItem","position":1,"name":"Home","item":"https:\/\/now-news.de\/de\/"},{"@type":"ListItem","position":2,"name":"WSJ: Trump wusste seit Mai, dass sein Name in den Epstein-Akten auftaucht"}]},{"@type":"WebSite","@id":"https:\/\/now-news.de\/de\/#website","url":"https:\/\/now-news.de\/de\/","name":"just-now.NEWS Deutschland","description":"Das Portal f\u00fcr unzensierte Nachrichten aus der Welt","publisher":{"@id":"https:\/\/now-news.de\/de\/#organization"},"potentialAction":[{"@type":"SearchAction","target":{"@type":"EntryPoint","urlTemplate":"https:\/\/now-news.de\/de\/?s={search_term_string}"},"query-input":"required name=search_term_string"}],"inLanguage":"de"},{"@type":"Organization","@id":"https:\/\/now-news.de\/de\/#organization","name":"Just Now News","url":"https:\/\/now-news.de\/de\/","logo":{"@type":"ImageObject","inLanguage":"de","@id":"https:\/\/now-news.de\/de\/#\/schema\/logo\/image\/","url":"http:\/\/just-now.news\/de\/wp-content\/uploads\/sites\/3\/2022\/04\/logo500x500.jpg","contentUrl":"http:\/\/just-now.news\/de\/wp-content\/uploads\/sites\/3\/2022\/04\/logo500x500.jpg","width":500,"height":500,"caption":"Just Now News"},"image":{"@id":"https:\/\/now-news.de\/de\/#\/schema\/logo\/image\/"},"sameAs":["https:\/\/www.facebook.com\/wirmachenauf","https:\/\/x.com\/WirMachenAuf_de"]},{"@type":"Person","@id":"https:\/\/now-news.de\/de\/#\/schema\/person\/fb534a4e865501d8b3285208df34a9b5","name":"rtnews","image":{"@type":"ImageObject","inLanguage":"de","@id":"https:\/\/now-news.de\/de\/#\/schema\/person\/image\/","url":"https:\/\/secure.gravatar.com\/avatar\/82aafea7d8127119dd649515f56e2117?s=96&d=mm&r=g","contentUrl":"https:\/\/secure.gravatar.com\/avatar\/82aafea7d8127119dd649515f56e2117?s=96&d=mm&r=g","caption":"rtnews"},"url":"https:\/\/now-news.de\/de\/author\/rnews\/"}]}},"_links":{"self":[{"href":"https:\/\/now-news.de\/de\/wp-json\/wp\/v2\/posts\/87717"}],"collection":[{"href":"https:\/\/now-news.de\/de\/wp-json\/wp\/v2\/posts"}],"about":[{"href":"https:\/\/now-news.de\/de\/wp-json\/wp\/v2\/types\/post"}],"author":[{"embeddable":true,"href":"https:\/\/now-news.de\/de\/wp-json\/wp\/v2\/users\/3"}],"replies":[{"embeddable":true,"href":"https:\/\/now-news.de\/de\/wp-json\/wp\/v2\/comments?post=87717"}],"version-history":[{"count":0,"href":"https:\/\/now-news.de\/de\/wp-json\/wp\/v2\/posts\/87717\/revisions"}],"wp:featuredmedia":[{"embeddable":true,"href":"https:\/\/now-news.de\/de\/wp-json\/wp\/v2\/media\/87718"}],"wp:attachment":[{"href":"https:\/\/now-news.de\/de\/wp-json\/wp\/v2\/media?parent=87717"}],"wp:term":[{"taxonomy":"category","embeddable":true,"href":"https:\/\/now-news.de\/de\/wp-json\/wp\/v2\/categories?post=87717"},{"taxonomy":"post_tag","embeddable":true,"href":"https:\/\/now-news.de\/de\/wp-json\/wp\/v2\/tags?post=87717"}],"curies":[{"name":"wp","href":"https:\/\/api.w.org\/{rel}","templated":true}]}}