{"id":87668,"date":"2025-07-23T20:49:58","date_gmt":"2025-07-23T18:49:58","guid":{"rendered":"https:\/\/now-news.de\/de\/deutschland\/medienanalyse-kabul-luftbruecke-das-fragliche-agieren-einer-gruenen-organisation\/"},"modified":"2025-07-23T20:49:58","modified_gmt":"2025-07-23T18:49:58","slug":"medienanalyse-kabul-luftbruecke-das-fragliche-agieren-einer-gruenen-organisation","status":"publish","type":"post","link":"https:\/\/now-news.de\/de\/deutschland\/medienanalyse-kabul-luftbruecke-das-fragliche-agieren-einer-gruenen-organisation\/","title":{"rendered":"Medienanalyse: &quot;Kabul Luftbr\u00fccke&quot; \u2013 Das fragliche Agieren einer Gr\u00fcnen-Organisation"},"content":{"rendered":"<p><img decoding=\"async\" src=\"https:\/\/now-news.de\/de\/wp-content\/uploads\/sites\/3\/2025\/07\/6880b16f48fbef6a695005f5.jpg\" \/><\/p>\n<div class=\"Text-root Text-type_1 \">\n                Im Juni wurde bekannt, dass vor dem Verwaltungsgericht Berlin Afghanen erfolgreich auf ein Visum f\u00fcr Deutschland klagen. Die NGO &#8220;Kabul Luftbr\u00fccke&#8221;, gegr\u00fcndet von einem Gr\u00fcnen-EU-Abgeordneten, fungiert laut Medienrecherche seit dem Jahr 2021 im Hintergrund als verzweigter Akteur mit Regierungsn\u00e4he.\n            <\/div>\n<p><\/p>\n<div class=\"Text-root Text-type_5 ArticleView-text ViewText-root \">\n<p><em>Von Bernhard Loyen<\/em><\/p>\n<p>Das\u00a0Online-Magazin <em>Apollo News <\/em>besch\u00e4ftigte sich im Rahmen einer &#8220;exklusiven\u00a0<a rel=\"nofollow noopener\" target=\"_blank\" href=\"https:\/\/apollo-news.net\/diese-dubiose-ngo-steckt-hinter-der-klagewelle-von-afghanen-die-nach-deutschland-wollen\/\">Recherche<\/a>&#8221; mit der &#8220;intransparent arbeitenden NGO Kabul Luftbr\u00fccke&#8221;, gegr\u00fcndet und betreut von dem Gr\u00fcnen-EU-Politiker Erik Marquardt im August 2021. Die NGO soll in den Jahren der Ampelkoalition ihre nachweisliche Regierungsn\u00e4he f\u00fcr Lobbyarbeit zugunsten der Einreise Tausender Afghanen genutzt haben. Ex-Au\u00dfenministerin Annalena\u00a0Baerbock\u00a0h\u00e4tte\u00a0in ihrer Amtszeit &#8220;Kabul Luftbr\u00fccke&#8221; zu einer &#8220;privilegierten &#8216;meldeberechtigten Stelle&#8217; in ihrem Aufnahmeprogramm f\u00fcr Afghanistan&#8221; ernannt. Die Organisation wurde nach dem Ende der Ampel umstrukturiert und m\u00f6chte nicht mehr mit den Gr\u00fcnen in Verbindung gebracht werden. Betreut jedoch weiterhin klagewillige Afghanen.<\/p>\n<p><a rel=\"nofollow noopener\" target=\"_blank\" href=\"https:\/\/www.kabulluftbruecke.de\/ueber-uns\/wer-wir-sind\/\">Gegr\u00fcndet<\/a> wurde die Organisation &#8220;Kabul Luftbr\u00fccke&#8221; nachweislich nach der Macht\u00fcbernahme durch die Taliban und dem R\u00fcckzug der NATO-Truppen aus Afghanistan im August 2021. Die NGO <a rel=\"nofollow noopener\" target=\"_blank\" href=\"https:\/\/www.kabulluftbruecke.de\/ueber-uns\/wer-wir-sind\/\">finanziert<\/a> sich laut Eigenauskunft rein \u00fcber Spendengelder. Dazu hei\u00dft es:<\/p>\n<p><em>&#8220;Sofern kein besonderer Spendenzweck definiert ist, setzen wir alle Spenden daf\u00fcr ein, gef\u00e4hrdete Menschen aus Afghanistan zu evakuieren. Zum Beispiel nutzen wir das Geld, um Busse zwischen Kabul (Afghanistan) und Islamabad (Pakistan), Unterbringungen oder medizinische Verpflegung von Afghan*innen zu bezahlen.&#8221;<\/em><\/p>\n<p>Zu der Vorgeschichte und den Hintergr\u00fcnden des NGO-Starts im August 2021 hei\u00dft es im <em>AN<\/em>-Artikel:<\/p>\n<p><em>&#8220;Als offizieller Tr\u00e4ger der Initiative trat zun\u00e4chst der Berliner Verein Civilfleet-Support e.V. auf, der Projekte der &#8216;Seenotretter&#8217;-Szene unterst\u00fctzt. Im Vorstand dieses Vereins sitzt Erik Marquardt, Europa-Abgeordneter der Gr\u00fcnen und engagierter Verfechter einer m\u00f6glichst gro\u00dfz\u00fcgigen Migrationspolitik. Auf der Internetseite von &#8216;Kabul Luftbr\u00fccke&#8217; wurde Marquardt lange als &#8216;Gr\u00fcnder, Interessenvertretung, seit August 2021&#8217; genannt. Dieser Eintrag ist inzwischen verschwunden.&#8221;<\/em><\/p>\n<p>Die Ampelregierung mit Au\u00dfenministerin Annalena Baerbock \u00fcbernahm ihre Arbeit am 8. Dezember 2021.\u00a0Baerbock gab in ihrer neuen Funktion in diesem Zeitraum umgehend <a rel=\"nofollow noopener\" target=\"_blank\" href=\"https:\/\/www.auswaertiges-amt.de\/de\/newsroom\/2503616-2503616\">zu Protokoll<\/a>:<\/p>\n<p><em>&#8220;Wir werden b\u00fcrokratische H\u00fcrden abbauen, um die Aufnahme und die Einreise nach Deutschland f\u00fcr besonders gef\u00e4hrdete Afghaninnen und Afghanen zu erleichtern. Unser Ziel muss der Aufbau nicht einer, sondern mehrerer humanit\u00e4rer Luftbr\u00fccken von Afghanistan nach Deutschland sein.&#8221;<\/em><\/p>\n<p>Zur bereits existierenden Achse\u00a0Baerbock-Marquardt und dem Thema einfordernder Pro-Asyl-Aktivit\u00e4ten Richtung Deutschland findet sich weiterhin ein X-Beitrag aus dem M\u00e4rz 2020:<\/p>\n<div class=\"EmbedBlock-root EmbedBlock-twitter\">\n<div class=\"TwitterEmbed\">\n<blockquote class=\"twitter-tweet lazyload\" data-twitter=\"twitter-tweet\">\n<p lang=\"de\" dir=\"ltr\">Danke, dass du dort bist!Wir m\u00fcssen dringend Kontingente aufnehmen. Zig Kommunen stehen bereit.<\/p>\n<p>\u2014 Annalena Baerbock (@al_baerbock) <a rel=\"nofollow noopener\" target=\"_blank\" href=\"https:\/\/twitter.com\/al_baerbock\/status\/1234252966196109314?ref_src=twsrc%5Etfw\">March 1, 2020<\/a><\/p><\/blockquote>\n<\/div>\n<\/div>\n<p>Zu Baerbocks Agieren in ihrer Amtszeit hei\u00dft es in der <em>AN<\/em>-Recherche:<\/p>\n<p><em>&#8220;Baerbocks Versprechen besch\u00e4ftigt die Bundesregierung bis heute. Rund 2.300 Afghanen warten laut Ausw\u00e4rtigem Amt in Pakistan darauf, nach Deutschland kommen zu d\u00fcrfen. Die abgew\u00e4hlte Regierung hatte ihnen die Aufnahme zugesichert. Die neue Regierung ist sich uneinig dar\u00fcber, wie sie mit ihnen verfahren soll.&#8221;<\/em><\/p>\n<p>Dazu monierte Ex-NGO-Mitglied Marquardt am 9. Juli dieses Jahres auf X:<\/p>\n<p><em>&#8220;Der Asyldebatte ist die Menschlichkeit abhanden gekommen. Das sieht man auch an der illegalen Entscheidung der Bundesregierung, die Aufnahmezusagen f\u00fcr die ca. 2500 nachweislich unmittelbar gef\u00e4hrdeten Afghaninnen und Afghanen in Pakistan umzusetzen. Die Bundesregierung muss jetzt schnell entscheiden, diese Menschen aufzunehmen und ihnen den Rechtsweg ersparen.&#8221;<\/em><\/p>\n<div class=\"EmbedBlock-root EmbedBlock-twitter\">\n<div class=\"TwitterEmbed\">\n<blockquote class=\"twitter-tweet lazyload\" data-twitter=\"twitter-tweet\">\n<p lang=\"de\" dir=\"ltr\">Der Asyldebatte ist die Menschlichkeit abhanden gekommen. Das sieht man auch an der illegalen Entscheidung der Bundesregierung, die Aufnahmezusagen f\u00fcr die ca. 2500 nachweislich unmittelbar gef\u00e4hrdeten Afghaninnen und Afghanen in Pakistan umzusetzen.Die Bundesregierung muss\u2026<\/p>\n<p>\u2014 Erik Marquardt (@ErikMarquardt) <a rel=\"nofollow noopener\" target=\"_blank\" href=\"https:\/\/twitter.com\/ErikMarquardt\/status\/1942930664686313813?ref_src=twsrc%5Etfw\">July 9, 2025<\/a><\/p><\/blockquote>\n<\/div>\n<\/div>\n<p>Zu der Frage eines X-Nutzers, ob Marquardt beantworten k\u00f6nnte, &#8220;wie viele Frauen darunter&#8221; w\u00e4ren, erkl\u00e4rt der EU-<a rel=\"nofollow noopener\" target=\"_blank\" href=\"https:\/\/erik-marquardt.eu\/ueber-mich\/\">Abgeordnete<\/a>:<\/p>\n<p><em>&#8220;Die genauen Zahlen sind mir nicht bekannt. Vermutlich unterscheidet es sich aber nicht zum letzten Flug, sodass man von etwa 55 Prozent ausgehen kann.&#8221;<\/em><\/p>\n<p>Zu Asyl-Hintergrunddynamiken in Deutschland und diesbez\u00fcglich proaktiv agierenden NGOs hei\u00dft es im Artikel von <em>Apollo News<\/em>:<\/p>\n<p><em>&#8220;Doch wie bei Dobrindts Zur\u00fcckweisungen an den Grenzen, gegen die drei Somalier mit Hilfe von &#8216;Pro Asyl&#8217; vor Gericht gezogen sind, versuchen migrationsf\u00f6rdernde NGOs auf juristischem Wege die Politik unter Druck zu setzen. Derzeit rollt eine Klagewelle auf die Bundesregierung zu: Hunderte der in Pakistan wartenden Afghanen haben Eilantr\u00e4ge am\u00a0Verwaltungsgericht Berlin gestellt, um ihre Aufnahme in Deutschland zu erzwingen. Dahinter steckt die Nichtregierungsorganisation (NGO) &#8216;Kabul Luftbr\u00fccke&#8217;, die eine Schl\u00fcsselrolle in Baerbocks Aufnahmeprogramm f\u00fcr Afghanistan spielte.&#8221;<\/em><\/p>\n<p>Mit der aggressiv agierenden, einfordernden NGO gab es dann im Fr\u00fchjahr 2023 anscheinend negative Schwingungen seitens der Bundesregierung, da &#8220;es wohl besonders gro\u00dfe Probleme gab&#8221;. Das f\u00fcr die Umsetzung des Aufnahmeprogramms zust\u00e4ndige Bundesinnenministerium (BMI) setzte laut <em>AN<\/em>-Recherchen &#8220;die Zusammenarbeit mit dieser NGO aus&#8221;. Das Problem: Baerbocks pers\u00f6nlich beauftragte &#8220;Kabul Luftbr\u00fccke&#8221; als Anlaufstelle f\u00fcr ausreisewillige Afghanen, eine sogenannte &#8220;meldeberechtigten Stelle&#8221;, die zu einer &#8220;Vorauswahl der Schutzbed\u00fcrftigen&#8221; berechtigt wurde. Dazu hei\u00dft es:<\/p>\n<p><em>&#8220;Dieses Programm war so intransparent und missbrauchsanf\u00e4llig konstruiert, dass es zu zahlreichen F\u00e4llen kam, in denen Personen mit ungekl\u00e4rter Identit\u00e4t und zweifelhafter Verfolgungsgeschichte Aufnahmezusagen erhielten. Bundespolizei und Verfassungsschutz schlugen intern Alarm. Sie warnten vor der Gefahr, dass Islamisten und feindliche Agenten dieses Programm gezielt ausnutzen k\u00f6nnten, um Personen nach Deutschland zu schleusen.&#8221;<\/em><\/p>\n<p>BMI und AA reagierten dabei erst nach einem <a rel=\"nofollow noopener\" target=\"_blank\" href=\"https:\/\/www.cicero.de\/aussenpolitik\/bundesaufnahmeprogramm-afghanistan-scharia-richter-baerbock-auswartiges-amt\">Medienbericht<\/a> des Magazins <em>Cicero<\/em>\u00a0(&#8220;Bundesregierung holt Scharia-Richter nach Deutschland&#8221;),<em>\u00a0<\/em>um dann panisch umgehend &#8220;das Bundesaufnahmeprogramm vor\u00fcbergehend\u00a0zu stoppen\u00a0und zus\u00e4tzliche Sicherheitsbefragungen einzuf\u00fchren&#8221;. Die NGO verteidigte sich mit der kl\u00e4glichen Erkl\u00e4rung:<\/p>\n<p><em>&#8220;Wir haben von Beginn an darauf hingewiesen, dass wir nicht in der Lage sind, die Plausibilit\u00e4t von tausenden F\u00e4llen zu \u00fcberpr\u00fcfen. Es sollte Aufgabe einer staatlichen Stelle sein, zu \u00fcberpr\u00fcfen, wer sch\u00fctzenswert ist. Kabul Luftbr\u00fccke konnte dies als rein spendenfinanzierte Organisation nicht leisten.&#8221;<\/em><\/p>\n<p>Im Februar 2022 hie\u00df es noch gro\u00dfspurig in einer gemeinsamen <a rel=\"nofollow noopener\" target=\"_blank\" href=\"https:\/\/www.proasyl.de\/pressemitteilung\/sechs-monate-fall-von-kabul-pro-asyl-luftbruecke-kabul-und-das-patenschaftsnetzwerk-afghanistan-stellen-zehn-punkte-plan-vor-zur-aufnahme-und-evakuierung-verfolgter-und-appellieren-verges\/\">Pressemitteilung<\/a>:<\/p>\n<p><em>&#8220;PRO ASYL, Kabul Luftbr\u00fccke und das Patenschaftsnetzwerk Afghanistan stellen Zehn-Punkte-Plan vor zur Aufnahme und Evakuierung Verfolgter und appellieren: &#8216;Vergesst Afghanistan nicht! Handelt jetzt!'&#8221;<\/em><\/p>\n<p>Zu den aktuellen fraglichen Strukturen der vormaligen Marquardt-NGO hei\u00dft es nun im <em>AN<\/em>-Artikel:<\/p>\n<p><em>&#8220;Erst ab Mai 2024 konnte die Organisation eigenen Angaben zufolge wieder Afghanen f\u00fcr das Bundesaufnahmeprogramm melden. Was in der Zwischenzeit geschehen ist, bleibt unklar. Fest steht: Pl\u00f6tzlich taucht ein neuer Tr\u00e4ger der Initiative auf, eine eigens daf\u00fcr gegr\u00fcndete gemeinn\u00fctzige GmbH, die sich mit gerichtlichen Mitteln dagegen wehrt, mit &#8216;Gr\u00fcnen-Politikern&#8217; in Verbindung gebracht zu werden.&#8221;<\/em><\/p>\n<p>Im Handelsregister sei nun eine &#8220;Aab Humanitarian Association gGmbH&#8221; gelistet mit Gesch\u00e4ftsadresse in Berlin. Zwischenzeitliche Gesch\u00e4ftsf\u00fchrerin war laut Recherchen\u00a0Parica Partoshoar von den Hamburger Gr\u00fcnen, die &#8220;dort k\u00fcrzlich als &#8216;vielfaltspolitische Sprecherin&#8217; in den Landesvorstand gew\u00e4hlt&#8221; wurde. Zu den mehr als fraglichen internen Dynamiken und neuer Leitung hei\u00dft es weiter:<\/p>\n<p><em>&#8220;Bei &#8216;Kabul Luftbr\u00fccke Bevor&#8217; arbeitete [die \u00d6sterreicherin] Vesna Radosavljevic eigenen Angaben zufolge schon, als das Projekt noch beim Civilfleet-Support e.V. angesiedelt war: &#8216;seit April 2022 im Bereich Projektmanagement&#8217;, f\u00fcr 20 bis 35 Euro im Monat. Gesch\u00e4ftsf\u00fchrerin der neu gegr\u00fcndeten Tr\u00e4gergesellschaft wurde sie im Juli 2024. Inzwischen hei\u00dft sie nicht mehr Radosavljevic, sondern Donic.&#8221;<\/em><\/p>\n<p>Vesna Donic klagte dann im August 2024 gegen die <em>Cicero<\/em>-Redaktion, ausgehend von einem neuen <a rel=\"nofollow noopener\" target=\"_blank\" href=\"https:\/\/www.cicero.de\/aussenpolitik\/visa-affare-im-auswartigen-amt-pass-baerbock-afghanistan-2023\">Artikel<\/a>\u00a0zur Causa &#8220;Visa-Aff\u00e4re&#8221; (<em>RT DE<a rel=\"nofollow noopener\" target=\"_blank\" href=\"https:\/\/freedert.online\/inland\/213965-druck-auf-baerbock-waechst-ermittler\/\"> berichtete<\/a><\/em>).\u00a0In der erfolglosen Donic-Klage hei\u00dft es dazu:<\/p>\n<p><em>&#8220;Sie wollte unter anderem folgenden Halbsatz [im Cicero-Artikel] verbieten lassen: &#8216;Die von einem Gr\u00fcnen-Politiker mitgegr\u00fcndete Organisation pflegt beste Kontakte zu Annalena Baerbock und war in deren Bundesaufnahmeprogramm f\u00fcr Afghanistan von Anfang an eng eingebunden.'&#8221;\u00a0<\/em><\/p>\n<p>Unterst\u00fctzung erf\u00e4hrt die &#8220;Afghanistan-Solidarit\u00e4t&#8221; auch \u00fcber den GEZ-finanzierten Provokateur Jan B\u00f6hmermann:<\/p>\n<div class=\"EmbedBlock-root EmbedBlock-twitter\">\n<div class=\"TwitterEmbed\">\n<blockquote class=\"twitter-tweet lazyload\" data-twitter=\"twitter-tweet\">\n<p lang=\"de\" dir=\"ltr\">In der gestrigen Folge von <a rel=\"nofollow noopener\" target=\"_blank\" href=\"https:\/\/twitter.com\/hashtag\/ZDFMagazinRoyale?src=hash&amp;ref_src=twsrc%5Etfw\">#ZDFMagazinRoyale<\/a> zeigt Jan B\u00f6hmermann, wie Deutschland gef\u00e4hrdete Afghan:innen im Stich l\u00e4sst. Nach dem Fall von Kabul 2021 versprach die Regierung Evakuierung \u2013 doch das Bundesaufnahmeprogramm (BAP) wurde gestoppt.\ud83d\udc47 (1\/4) <a rel=\"nofollow noopener\" target=\"_blank\" href=\"https:\/\/t.co\/B1C3hXQxaj\">pic.twitter.com\/B1C3hXQxaj<\/a><\/p>\n<p>\u2014 Kabul Luftbr\u00fccke (@KabulLuftbrucke) <a rel=\"nofollow noopener\" target=\"_blank\" href=\"https:\/\/twitter.com\/KabulLuftbrucke\/status\/1905950579622301730?ref_src=twsrc%5Etfw\">March 29, 2025<\/a><\/p><\/blockquote>\n<\/div>\n<\/div>\n<p>Am 22. Juli dieses Jahres interviewt das Boulevard-Magazin <em>Stern<\/em> &#8220;Eva Breyer von der &#8216;Luftbr\u00fccke Kabul'&#8221;. Laut dem <a rel=\"nofollow noopener\" target=\"_blank\" href=\"https:\/\/www.stern.de\/politik\/deutschland\/afghanistan--so-geht-es-den-wartenden-mit-deutscher-aufnahmezusage-35914922.html\">Artikel<\/a> w\u00fcrde die amtierende Bundesregierung aktuell noch 2.400\u00a0Afghanen\u00a0&#8220;mit Aufnahmezusage h\u00e4ngen lassen&#8221;. Zum Thema aktive Hilfe in Deutschland gibt Frau Breyer zu Protokoll:<\/p>\n<p><em>&#8220;Eine afghanische Familie hat mithilfe der &#8220;<a rel=\"nofollow noopener\" target=\"_blank\" href=\"https:\/\/www.kabulluftbruecke.de\/\">Kabul\u00a0Luftbr\u00fccke<\/a>&#8221; erfolgreich auf die Erteilung eines Visums geklagt.\u00a0Heute kam die Nachricht, dass die Regierung Beschwerde eingelegt hat und wir vor das Oberverwaltungsgericht gehen. Nun hat das Ausw\u00e4rtige Amt erneut zwei Wochen Zeit, dies zu begr\u00fcnden.&#8221;\u00a0<\/em><\/p>\n<p>Die NGO h\u00e4tte laut ihrer Interviewaussage &#8220;insgesamt bereits \u00fcber f\u00fcnfzig Klagen eingereicht, weitere sind in Vorbereitung&#8221;.<\/p>\n<p><strong>Mehr zum Thema \u2013<\/strong>\u00a0<a rel=\"nofollow noopener\" target=\"_blank\" href=\"https:\/\/freedert.online\/meinung\/250174-berliner-urteil-14-einzufliegende-afghanen\/\">Berliner Urteil: 14 einzufliegende Afghanen und der Preis der Heuchelei<\/a><\/p>\n<div class=\"EmbedBlock-root EmbedBlock-externalVideo EmbedBlock-rumble\">\n<div class=\"VkEmbed\"><iframe class=\"lazyload\" data-src=\"https:\/\/rumble.com\/embed\/v6u8d4y\" frameborder=\"0\" width=\"853\" height=\"480\" allowfullscreen><\/iframe><\/div>\n<\/div>\n<\/div>\n<p><script async src=\"https:\/\/platform.twitter.com\/widgets.js\" charset=\"utf-8\"><\/script><br \/>\n<br \/><br \/>\n<br \/><a href=\"https:\/\/de.rt.com\/inland\/251393-medienanalyse-kabul-luftbruecke-fragliche-agieren\/\">Source link <\/a><\/p>\n","protected":false},"excerpt":{"rendered":"<p>Im Juni wurde bekannt, dass vor dem Verwaltungsgericht Berlin Afghanen erfolgreich auf ein Visum f\u00fcr Deutschland klagen. Die NGO &#8220;Kabul Luftbr\u00fccke&#8221;, gegr\u00fcndet von einem Gr\u00fcnen-EU-Abgeordneten, fungiert laut Medienrecherche seit dem Jahr 2021 im Hintergrund als verzweigter Akteur mit Regierungsn\u00e4he. Von Bernhard Loyen Das\u00a0Online-Magazin Apollo News besch\u00e4ftigte sich im Rahmen einer &#8220;exklusiven\u00a0Recherche&#8221; mit der &#8220;intransparent arbeitenden [&hellip;]<\/p>\n","protected":false},"author":3,"featured_media":87669,"comment_status":"open","ping_status":"open","sticky":false,"template":"","format":"standard","meta":{"_yoast_indexnow_last_ping":["1753296954"],"wp_automatic_camp":["217"],"9fdbecaa81d1dce1bc9f2b561f2ce104":["Medienanalyse: &quot;Kabul Luftbr\u00fccke&quot; \u2013 Das fragliche Agieren einer Gr\u00fcnen-Organisation"],"original_link":["https:\/\/de.rt.com\/inland\/251393-medienanalyse-kabul-luftbruecke-fragliche-agieren\/"],"_thumbnail_id":["87669"],"jnews_social_counter_last_update":["1777611467"],"_wptgpro_p2tg_sent2tg":["a:1:{i:23737;s:19:\"2025-07-23 20:57:05\";}"]},"categories":[19,23],"tags":[36100,427,212,66563,66564,66562,42474,66561],"yoast_head":"<!-- This site is optimized with the Yoast SEO Premium plugin v22.7 (Yoast SEO v22.7) - https:\/\/yoast.com\/wordpress\/plugins\/seo\/ -->\n<title>Medienanalyse: &quot;Kabul Luftbr\u00fccke&quot; \u2013 Das fragliche Agieren einer Gr\u00fcnen-Organisation - just-now.NEWS Deutschland<\/title>\n<meta name=\"robots\" content=\"index, follow, max-snippet:-1, max-image-preview:large, max-video-preview:-1\" \/>\n<link rel=\"canonical\" href=\"https:\/\/now-news.de\/de\/deutschland\/medienanalyse-kabul-luftbruecke-das-fragliche-agieren-einer-gruenen-organisation\/\" \/>\n<meta property=\"og:locale\" content=\"de_DE\" \/>\n<meta property=\"og:type\" content=\"article\" \/>\n<meta property=\"og:title\" content=\"Medienanalyse: &quot;Kabul Luftbr\u00fccke&quot; \u2013 Das fragliche Agieren einer Gr\u00fcnen-Organisation\" \/>\n<meta property=\"og:description\" content=\"Im Juni wurde bekannt, dass vor dem Verwaltungsgericht Berlin Afghanen erfolgreich auf ein Visum f\u00fcr Deutschland klagen. Die NGO &#8220;Kabul Luftbr\u00fccke&#8221;, gegr\u00fcndet von einem Gr\u00fcnen-EU-Abgeordneten, fungiert laut Medienrecherche seit dem Jahr 2021 im Hintergrund als verzweigter Akteur mit Regierungsn\u00e4he. Von Bernhard Loyen Das\u00a0Online-Magazin Apollo News besch\u00e4ftigte sich im Rahmen einer &#8220;exklusiven\u00a0Recherche&#8221; mit der &#8220;intransparent arbeitenden [&hellip;]\" \/>\n<meta property=\"og:url\" content=\"https:\/\/now-news.de\/de\/deutschland\/medienanalyse-kabul-luftbruecke-das-fragliche-agieren-einer-gruenen-organisation\/\" \/>\n<meta property=\"og:site_name\" content=\"just-now.NEWS Deutschland\" \/>\n<meta property=\"article:publisher\" content=\"https:\/\/www.facebook.com\/wirmachenauf\" \/>\n<meta property=\"article:published_time\" content=\"2025-07-23T18:49:58+00:00\" \/>\n<meta property=\"og:image\" content=\"https:\/\/now-news.de\/de\/wp-content\/uploads\/sites\/3\/2025\/07\/6880b16f48fbef6a695005f5.jpg\" \/>\n<meta name=\"author\" content=\"rtnews\" \/>\n<meta name=\"twitter:card\" content=\"summary_large_image\" \/>\n<meta name=\"twitter:creator\" content=\"@WirMachenAuf_de\" \/>\n<meta name=\"twitter:site\" content=\"@WirMachenAuf_de\" \/>\n<meta name=\"twitter:label1\" content=\"Verfasst von\" \/>\n\t<meta name=\"twitter:data1\" content=\"rtnews\" \/>\n\t<meta name=\"twitter:label2\" content=\"Gesch\u00e4tzte Lesezeit\" \/>\n\t<meta name=\"twitter:data2\" content=\"7\u00a0Minuten\" \/>\n<script type=\"application\/ld+json\" class=\"yoast-schema-graph\">{\"@context\":\"https:\/\/schema.org\",\"@graph\":[{\"@type\":\"Article\",\"@id\":\"https:\/\/now-news.de\/de\/deutschland\/medienanalyse-kabul-luftbruecke-das-fragliche-agieren-einer-gruenen-organisation\/#article\",\"isPartOf\":{\"@id\":\"https:\/\/now-news.de\/de\/deutschland\/medienanalyse-kabul-luftbruecke-das-fragliche-agieren-einer-gruenen-organisation\/\"},\"author\":{\"name\":\"rtnews\",\"@id\":\"https:\/\/now-news.de\/de\/#\/schema\/person\/fb534a4e865501d8b3285208df34a9b5\"},\"headline\":\"Medienanalyse: &quot;Kabul Luftbr\u00fccke&quot; \u2013 Das fragliche Agieren einer Gr\u00fcnen-Organisation\",\"datePublished\":\"2025-07-23T18:49:58+00:00\",\"dateModified\":\"2025-07-23T18:49:58+00:00\",\"mainEntityOfPage\":{\"@id\":\"https:\/\/now-news.de\/de\/deutschland\/medienanalyse-kabul-luftbruecke-das-fragliche-agieren-einer-gruenen-organisation\/\"},\"wordCount\":1432,\"commentCount\":0,\"publisher\":{\"@id\":\"https:\/\/now-news.de\/de\/#organization\"},\"image\":{\"@id\":\"https:\/\/now-news.de\/de\/deutschland\/medienanalyse-kabul-luftbruecke-das-fragliche-agieren-einer-gruenen-organisation\/#primaryimage\"},\"thumbnailUrl\":\"https:\/\/now-news.de\/de\/wp-content\/uploads\/sites\/3\/2025\/07\/Medienanalyse-quotKabul-Luftbrueckequot-\u2013-Das-fragliche-Agieren-einer-Gruenen-Organisation.jpg\",\"keywords\":[\"agieren\",\"das\",\"einer\",\"fragliche\",\"Gr\u00fcnenOrganisation\",\"Luftbr\u00fcckequot\",\"MedienAnalyse\",\"quotKabul\"],\"articleSection\":[\"Deutschland\",\"Russland\"],\"inLanguage\":\"de\",\"potentialAction\":[{\"@type\":\"CommentAction\",\"name\":\"Comment\",\"target\":[\"https:\/\/now-news.de\/de\/deutschland\/medienanalyse-kabul-luftbruecke-das-fragliche-agieren-einer-gruenen-organisation\/#respond\"]}]},{\"@type\":\"WebPage\",\"@id\":\"https:\/\/now-news.de\/de\/deutschland\/medienanalyse-kabul-luftbruecke-das-fragliche-agieren-einer-gruenen-organisation\/\",\"url\":\"https:\/\/now-news.de\/de\/deutschland\/medienanalyse-kabul-luftbruecke-das-fragliche-agieren-einer-gruenen-organisation\/\",\"name\":\"Medienanalyse: &quot;Kabul Luftbr\u00fccke&quot; \u2013 Das fragliche Agieren einer Gr\u00fcnen-Organisation - just-now.NEWS Deutschland\",\"isPartOf\":{\"@id\":\"https:\/\/now-news.de\/de\/#website\"},\"primaryImageOfPage\":{\"@id\":\"https:\/\/now-news.de\/de\/deutschland\/medienanalyse-kabul-luftbruecke-das-fragliche-agieren-einer-gruenen-organisation\/#primaryimage\"},\"image\":{\"@id\":\"https:\/\/now-news.de\/de\/deutschland\/medienanalyse-kabul-luftbruecke-das-fragliche-agieren-einer-gruenen-organisation\/#primaryimage\"},\"thumbnailUrl\":\"https:\/\/now-news.de\/de\/wp-content\/uploads\/sites\/3\/2025\/07\/Medienanalyse-quotKabul-Luftbrueckequot-\u2013-Das-fragliche-Agieren-einer-Gruenen-Organisation.jpg\",\"datePublished\":\"2025-07-23T18:49:58+00:00\",\"dateModified\":\"2025-07-23T18:49:58+00:00\",\"breadcrumb\":{\"@id\":\"https:\/\/now-news.de\/de\/deutschland\/medienanalyse-kabul-luftbruecke-das-fragliche-agieren-einer-gruenen-organisation\/#breadcrumb\"},\"inLanguage\":\"de\",\"potentialAction\":[{\"@type\":\"ReadAction\",\"target\":[\"https:\/\/now-news.de\/de\/deutschland\/medienanalyse-kabul-luftbruecke-das-fragliche-agieren-einer-gruenen-organisation\/\"]}]},{\"@type\":\"ImageObject\",\"inLanguage\":\"de\",\"@id\":\"https:\/\/now-news.de\/de\/deutschland\/medienanalyse-kabul-luftbruecke-das-fragliche-agieren-einer-gruenen-organisation\/#primaryimage\",\"url\":\"https:\/\/now-news.de\/de\/wp-content\/uploads\/sites\/3\/2025\/07\/Medienanalyse-quotKabul-Luftbrueckequot-\u2013-Das-fragliche-Agieren-einer-Gruenen-Organisation.jpg\",\"contentUrl\":\"https:\/\/now-news.de\/de\/wp-content\/uploads\/sites\/3\/2025\/07\/Medienanalyse-quotKabul-Luftbrueckequot-\u2013-Das-fragliche-Agieren-einer-Gruenen-Organisation.jpg\",\"width\":460,\"height\":259,\"caption\":\"Medienanalyse: &quot;Kabul Luftbr\u00fccke&quot; \u2013 Das fragliche Agieren einer Gr\u00fcnen-Organisation\"},{\"@type\":\"BreadcrumbList\",\"@id\":\"https:\/\/now-news.de\/de\/deutschland\/medienanalyse-kabul-luftbruecke-das-fragliche-agieren-einer-gruenen-organisation\/#breadcrumb\",\"itemListElement\":[{\"@type\":\"ListItem\",\"position\":1,\"name\":\"Home\",\"item\":\"https:\/\/now-news.de\/de\/\"},{\"@type\":\"ListItem\",\"position\":2,\"name\":\"Medienanalyse: &quot;Kabul Luftbr\u00fccke&quot; \u2013 Das fragliche Agieren einer Gr\u00fcnen-Organisation\"}]},{\"@type\":\"WebSite\",\"@id\":\"https:\/\/now-news.de\/de\/#website\",\"url\":\"https:\/\/now-news.de\/de\/\",\"name\":\"just-now.NEWS Deutschland\",\"description\":\"Das Portal f\u00fcr unzensierte Nachrichten aus der Welt\",\"publisher\":{\"@id\":\"https:\/\/now-news.de\/de\/#organization\"},\"potentialAction\":[{\"@type\":\"SearchAction\",\"target\":{\"@type\":\"EntryPoint\",\"urlTemplate\":\"https:\/\/now-news.de\/de\/?s={search_term_string}\"},\"query-input\":\"required name=search_term_string\"}],\"inLanguage\":\"de\"},{\"@type\":\"Organization\",\"@id\":\"https:\/\/now-news.de\/de\/#organization\",\"name\":\"Just Now News\",\"url\":\"https:\/\/now-news.de\/de\/\",\"logo\":{\"@type\":\"ImageObject\",\"inLanguage\":\"de\",\"@id\":\"https:\/\/now-news.de\/de\/#\/schema\/logo\/image\/\",\"url\":\"http:\/\/just-now.news\/de\/wp-content\/uploads\/sites\/3\/2022\/04\/logo500x500.jpg\",\"contentUrl\":\"http:\/\/just-now.news\/de\/wp-content\/uploads\/sites\/3\/2022\/04\/logo500x500.jpg\",\"width\":500,\"height\":500,\"caption\":\"Just Now News\"},\"image\":{\"@id\":\"https:\/\/now-news.de\/de\/#\/schema\/logo\/image\/\"},\"sameAs\":[\"https:\/\/www.facebook.com\/wirmachenauf\",\"https:\/\/x.com\/WirMachenAuf_de\"]},{\"@type\":\"Person\",\"@id\":\"https:\/\/now-news.de\/de\/#\/schema\/person\/fb534a4e865501d8b3285208df34a9b5\",\"name\":\"rtnews\",\"image\":{\"@type\":\"ImageObject\",\"inLanguage\":\"de\",\"@id\":\"https:\/\/now-news.de\/de\/#\/schema\/person\/image\/\",\"url\":\"https:\/\/secure.gravatar.com\/avatar\/82aafea7d8127119dd649515f56e2117?s=96&d=mm&r=g\",\"contentUrl\":\"https:\/\/secure.gravatar.com\/avatar\/82aafea7d8127119dd649515f56e2117?s=96&d=mm&r=g\",\"caption\":\"rtnews\"},\"url\":\"https:\/\/now-news.de\/de\/author\/rnews\/\"}]}<\/script>\n<!-- \/ Yoast SEO Premium plugin. -->","yoast_head_json":{"title":"Medienanalyse: &quot;Kabul Luftbr\u00fccke&quot; \u2013 Das fragliche Agieren einer Gr\u00fcnen-Organisation - just-now.NEWS Deutschland","robots":{"index":"index","follow":"follow","max-snippet":"max-snippet:-1","max-image-preview":"max-image-preview:large","max-video-preview":"max-video-preview:-1"},"canonical":"https:\/\/now-news.de\/de\/deutschland\/medienanalyse-kabul-luftbruecke-das-fragliche-agieren-einer-gruenen-organisation\/","og_locale":"de_DE","og_type":"article","og_title":"Medienanalyse: &quot;Kabul Luftbr\u00fccke&quot; \u2013 Das fragliche Agieren einer Gr\u00fcnen-Organisation","og_description":"Im Juni wurde bekannt, dass vor dem Verwaltungsgericht Berlin Afghanen erfolgreich auf ein Visum f\u00fcr Deutschland klagen. Die NGO &#8220;Kabul Luftbr\u00fccke&#8221;, gegr\u00fcndet von einem Gr\u00fcnen-EU-Abgeordneten, fungiert laut Medienrecherche seit dem Jahr 2021 im Hintergrund als verzweigter Akteur mit Regierungsn\u00e4he. Von Bernhard Loyen Das\u00a0Online-Magazin Apollo News besch\u00e4ftigte sich im Rahmen einer &#8220;exklusiven\u00a0Recherche&#8221; mit der &#8220;intransparent arbeitenden [&hellip;]","og_url":"https:\/\/now-news.de\/de\/deutschland\/medienanalyse-kabul-luftbruecke-das-fragliche-agieren-einer-gruenen-organisation\/","og_site_name":"just-now.NEWS Deutschland","article_publisher":"https:\/\/www.facebook.com\/wirmachenauf","article_published_time":"2025-07-23T18:49:58+00:00","og_image":[{"url":"https:\/\/now-news.de\/de\/wp-content\/uploads\/sites\/3\/2025\/07\/6880b16f48fbef6a695005f5.jpg"}],"author":"rtnews","twitter_card":"summary_large_image","twitter_creator":"@WirMachenAuf_de","twitter_site":"@WirMachenAuf_de","twitter_misc":{"Verfasst von":"rtnews","Gesch\u00e4tzte Lesezeit":"7\u00a0Minuten"},"schema":{"@context":"https:\/\/schema.org","@graph":[{"@type":"Article","@id":"https:\/\/now-news.de\/de\/deutschland\/medienanalyse-kabul-luftbruecke-das-fragliche-agieren-einer-gruenen-organisation\/#article","isPartOf":{"@id":"https:\/\/now-news.de\/de\/deutschland\/medienanalyse-kabul-luftbruecke-das-fragliche-agieren-einer-gruenen-organisation\/"},"author":{"name":"rtnews","@id":"https:\/\/now-news.de\/de\/#\/schema\/person\/fb534a4e865501d8b3285208df34a9b5"},"headline":"Medienanalyse: &quot;Kabul Luftbr\u00fccke&quot; \u2013 Das fragliche Agieren einer Gr\u00fcnen-Organisation","datePublished":"2025-07-23T18:49:58+00:00","dateModified":"2025-07-23T18:49:58+00:00","mainEntityOfPage":{"@id":"https:\/\/now-news.de\/de\/deutschland\/medienanalyse-kabul-luftbruecke-das-fragliche-agieren-einer-gruenen-organisation\/"},"wordCount":1432,"commentCount":0,"publisher":{"@id":"https:\/\/now-news.de\/de\/#organization"},"image":{"@id":"https:\/\/now-news.de\/de\/deutschland\/medienanalyse-kabul-luftbruecke-das-fragliche-agieren-einer-gruenen-organisation\/#primaryimage"},"thumbnailUrl":"https:\/\/now-news.de\/de\/wp-content\/uploads\/sites\/3\/2025\/07\/Medienanalyse-quotKabul-Luftbrueckequot-\u2013-Das-fragliche-Agieren-einer-Gruenen-Organisation.jpg","keywords":["agieren","das","einer","fragliche","Gr\u00fcnenOrganisation","Luftbr\u00fcckequot","MedienAnalyse","quotKabul"],"articleSection":["Deutschland","Russland"],"inLanguage":"de","potentialAction":[{"@type":"CommentAction","name":"Comment","target":["https:\/\/now-news.de\/de\/deutschland\/medienanalyse-kabul-luftbruecke-das-fragliche-agieren-einer-gruenen-organisation\/#respond"]}]},{"@type":"WebPage","@id":"https:\/\/now-news.de\/de\/deutschland\/medienanalyse-kabul-luftbruecke-das-fragliche-agieren-einer-gruenen-organisation\/","url":"https:\/\/now-news.de\/de\/deutschland\/medienanalyse-kabul-luftbruecke-das-fragliche-agieren-einer-gruenen-organisation\/","name":"Medienanalyse: &quot;Kabul Luftbr\u00fccke&quot; \u2013 Das fragliche Agieren einer Gr\u00fcnen-Organisation - just-now.NEWS Deutschland","isPartOf":{"@id":"https:\/\/now-news.de\/de\/#website"},"primaryImageOfPage":{"@id":"https:\/\/now-news.de\/de\/deutschland\/medienanalyse-kabul-luftbruecke-das-fragliche-agieren-einer-gruenen-organisation\/#primaryimage"},"image":{"@id":"https:\/\/now-news.de\/de\/deutschland\/medienanalyse-kabul-luftbruecke-das-fragliche-agieren-einer-gruenen-organisation\/#primaryimage"},"thumbnailUrl":"https:\/\/now-news.de\/de\/wp-content\/uploads\/sites\/3\/2025\/07\/Medienanalyse-quotKabul-Luftbrueckequot-\u2013-Das-fragliche-Agieren-einer-Gruenen-Organisation.jpg","datePublished":"2025-07-23T18:49:58+00:00","dateModified":"2025-07-23T18:49:58+00:00","breadcrumb":{"@id":"https:\/\/now-news.de\/de\/deutschland\/medienanalyse-kabul-luftbruecke-das-fragliche-agieren-einer-gruenen-organisation\/#breadcrumb"},"inLanguage":"de","potentialAction":[{"@type":"ReadAction","target":["https:\/\/now-news.de\/de\/deutschland\/medienanalyse-kabul-luftbruecke-das-fragliche-agieren-einer-gruenen-organisation\/"]}]},{"@type":"ImageObject","inLanguage":"de","@id":"https:\/\/now-news.de\/de\/deutschland\/medienanalyse-kabul-luftbruecke-das-fragliche-agieren-einer-gruenen-organisation\/#primaryimage","url":"https:\/\/now-news.de\/de\/wp-content\/uploads\/sites\/3\/2025\/07\/Medienanalyse-quotKabul-Luftbrueckequot-\u2013-Das-fragliche-Agieren-einer-Gruenen-Organisation.jpg","contentUrl":"https:\/\/now-news.de\/de\/wp-content\/uploads\/sites\/3\/2025\/07\/Medienanalyse-quotKabul-Luftbrueckequot-\u2013-Das-fragliche-Agieren-einer-Gruenen-Organisation.jpg","width":460,"height":259,"caption":"Medienanalyse: &quot;Kabul Luftbr\u00fccke&quot; \u2013 Das fragliche Agieren einer Gr\u00fcnen-Organisation"},{"@type":"BreadcrumbList","@id":"https:\/\/now-news.de\/de\/deutschland\/medienanalyse-kabul-luftbruecke-das-fragliche-agieren-einer-gruenen-organisation\/#breadcrumb","itemListElement":[{"@type":"ListItem","position":1,"name":"Home","item":"https:\/\/now-news.de\/de\/"},{"@type":"ListItem","position":2,"name":"Medienanalyse: &quot;Kabul Luftbr\u00fccke&quot; \u2013 Das fragliche Agieren einer Gr\u00fcnen-Organisation"}]},{"@type":"WebSite","@id":"https:\/\/now-news.de\/de\/#website","url":"https:\/\/now-news.de\/de\/","name":"just-now.NEWS Deutschland","description":"Das Portal f\u00fcr unzensierte Nachrichten aus der Welt","publisher":{"@id":"https:\/\/now-news.de\/de\/#organization"},"potentialAction":[{"@type":"SearchAction","target":{"@type":"EntryPoint","urlTemplate":"https:\/\/now-news.de\/de\/?s={search_term_string}"},"query-input":"required name=search_term_string"}],"inLanguage":"de"},{"@type":"Organization","@id":"https:\/\/now-news.de\/de\/#organization","name":"Just Now News","url":"https:\/\/now-news.de\/de\/","logo":{"@type":"ImageObject","inLanguage":"de","@id":"https:\/\/now-news.de\/de\/#\/schema\/logo\/image\/","url":"http:\/\/just-now.news\/de\/wp-content\/uploads\/sites\/3\/2022\/04\/logo500x500.jpg","contentUrl":"http:\/\/just-now.news\/de\/wp-content\/uploads\/sites\/3\/2022\/04\/logo500x500.jpg","width":500,"height":500,"caption":"Just Now News"},"image":{"@id":"https:\/\/now-news.de\/de\/#\/schema\/logo\/image\/"},"sameAs":["https:\/\/www.facebook.com\/wirmachenauf","https:\/\/x.com\/WirMachenAuf_de"]},{"@type":"Person","@id":"https:\/\/now-news.de\/de\/#\/schema\/person\/fb534a4e865501d8b3285208df34a9b5","name":"rtnews","image":{"@type":"ImageObject","inLanguage":"de","@id":"https:\/\/now-news.de\/de\/#\/schema\/person\/image\/","url":"https:\/\/secure.gravatar.com\/avatar\/82aafea7d8127119dd649515f56e2117?s=96&d=mm&r=g","contentUrl":"https:\/\/secure.gravatar.com\/avatar\/82aafea7d8127119dd649515f56e2117?s=96&d=mm&r=g","caption":"rtnews"},"url":"https:\/\/now-news.de\/de\/author\/rnews\/"}]}},"_links":{"self":[{"href":"https:\/\/now-news.de\/de\/wp-json\/wp\/v2\/posts\/87668"}],"collection":[{"href":"https:\/\/now-news.de\/de\/wp-json\/wp\/v2\/posts"}],"about":[{"href":"https:\/\/now-news.de\/de\/wp-json\/wp\/v2\/types\/post"}],"author":[{"embeddable":true,"href":"https:\/\/now-news.de\/de\/wp-json\/wp\/v2\/users\/3"}],"replies":[{"embeddable":true,"href":"https:\/\/now-news.de\/de\/wp-json\/wp\/v2\/comments?post=87668"}],"version-history":[{"count":0,"href":"https:\/\/now-news.de\/de\/wp-json\/wp\/v2\/posts\/87668\/revisions"}],"wp:featuredmedia":[{"embeddable":true,"href":"https:\/\/now-news.de\/de\/wp-json\/wp\/v2\/media\/87669"}],"wp:attachment":[{"href":"https:\/\/now-news.de\/de\/wp-json\/wp\/v2\/media?parent=87668"}],"wp:term":[{"taxonomy":"category","embeddable":true,"href":"https:\/\/now-news.de\/de\/wp-json\/wp\/v2\/categories?post=87668"},{"taxonomy":"post_tag","embeddable":true,"href":"https:\/\/now-news.de\/de\/wp-json\/wp\/v2\/tags?post=87668"}],"curies":[{"name":"wp","href":"https:\/\/api.w.org\/{rel}","templated":true}]}}