{"id":87656,"date":"2025-07-23T18:00:18","date_gmt":"2025-07-23T16:00:18","guid":{"rendered":"https:\/\/now-news.de\/de\/deutschland\/macron-ersetzt-generalstabschef-general-burkhard-geht-zwoelf-tage-nach-seinen-worten-ueber-russland\/"},"modified":"2025-07-23T18:00:18","modified_gmt":"2025-07-23T16:00:18","slug":"macron-ersetzt-generalstabschef-general-burkhard-geht-zwoelf-tage-nach-seinen-worten-ueber-russland","status":"publish","type":"post","link":"https:\/\/now-news.de\/de\/deutschland\/macron-ersetzt-generalstabschef-general-burkhard-geht-zwoelf-tage-nach-seinen-worten-ueber-russland\/","title":{"rendered":"Macron ersetzt Generalstabschef: General Burkhard geht zw\u00f6lf Tage nach seinen Worten \u00fcber Russland"},"content":{"rendered":"<p><img decoding=\"async\" src=\"https:\/\/now-news.de\/de\/wp-content\/uploads\/sites\/3\/2025\/07\/6880f1dfb480cc54bf2d9358.jpg\" \/><\/p>\n<div class=\"Text-root Text-type_1 \">\n                In Frankreichs Streitkr\u00e4ften findet eine signifikante Umbildung statt. Pr\u00e4sident Emmanuel Macron hat den Generalstabschef ersetzt. Die Stelle von Armeegeneral Thierry Burkhard tritt Luftwaffengeneral Fabien Mandon an. Am 30. Juli feiert Burkhard seinen 61. Geburtstag.\n            <\/div>\n<p><\/p>\n<div class=\"Text-root Text-type_5 ArticleView-text ViewText-root \">\n<p>Nach genau vier Jahren im Amt ist der Armeegeneral Thierry Burkhard nicht mehr der rangh\u00f6chste Soldat der franz\u00f6sischen Streitkr\u00e4fte. Am Mittwoch hat Pr\u00e4sident Emmanuel Macron den Luftwaffengeneral Fabien Mandon zum Generalstabschef ernannt. Diese Entscheidung gab der Verteidigungsminister des EU- und NATO-Staates, S\u00e9bastien Lecornu, bekannt. Der Politiker dankte dabei auf der Plattform X Burkhard f\u00fcr seinen Dienst, indem er unter anderem\u00a0<a rel=\"nofollow noopener\" target=\"_blank\" href=\"https:\/\/x.com\/SebLecornu\/status\/1947954544815796693\">schrieb<\/a>:\u00a0\u00a0\u00a0\u00a0<\/p>\n<blockquote>\n<p><em>&#8220;Sein Kommando hat sich durch eine klare strategische Vision der Bedrohungen und seinen st\u00e4ndigen Wunsch ausgezeichnet, unsere Streitkr\u00e4fte darauf gefasst zu machen.&#8221;<\/em><\/p>\n<\/blockquote>\n<p>Frankreichs Regierung habe ihr volles Vertrauen in die F\u00e4higkeit von General Mandon, die Transformation der heimischen Streitkr\u00e4fte &#8220;in einem immer anspruchsvolleren Sicherheitskontext&#8221; konsequent und entschlossen fortzusetzen,\u00a0<a rel=\"nofollow noopener\" target=\"_blank\" href=\"https:\/\/www.bfmtv.com\/economie\/entreprises\/defense\/le-general-thierry-burkhard-quitte-son-poste-a-la-tete-des-armees-francaises_AN-202507230292.html\">f\u00fcgte<\/a>\u00a0Lecornu hinzu.<\/p>\n<p>Der Grund f\u00fcr diese Entscheidung wurde bislang nicht bekannt gegeben. Erst am 11. Juli hatte\u00a0Burkhard mit seiner Pressekonferenz sowohl in Frankreich als auch in Russland f\u00fcr Aufsehen gesorgt, indem er behauptete, dass Moskau Paris f\u00fcr seine &#8220;Hauptbedrohung in der Europ\u00e4ischen Union&#8221; halte. Daher sei Frankreich eines der vorrangigen Ziele im russischen Informationskrieg. Sollte Russland den Krieg gegen die Ukraine gewinnen, m\u00fcsste Europa sich gro\u00dfe Sorgen machen.\u00a0Der 60-j\u00e4hrige General mahnte in diesem Zusammenhang das Verantwortungsgef\u00fchl seiner Landsleute an. Gleichzeitig betonte er:<\/p>\n<blockquote>\n<p><em>&#8220;Die Gefahr seitens der Russischen F\u00f6deration ist da. Bedeutet dies nun, dass man den Franzosen etwa die Angst davor einjagen muss? Nein, das glaube ich nicht.&#8221;<\/em><\/p>\n<\/blockquote>\n<p>Bei dieser Pressekonferenz vor zw\u00f6lf Tagen nannte er Russland eine starke Milit\u00e4r- und Atommacht, die in ihre R\u00fcstung so viel Geld investiere, wie sich Frankreich kaum vorstellen k\u00f6nne. Er sehe jetzt nichts, was der modernen russischen Armee fehle, erkl\u00e4rte der General.<\/p>\n<p>Burkhard bekleidete seit dem 22. Juli 2021 das Amt des Generalstabschefs\u00a0\u2013 ebenfalls vier Jahre lang wie sein Vorg\u00e4nger Armeegeneral Fran\u00e7ois Lecointre. Erst vor einem Jahr\u00a0<a rel=\"nofollow noopener\" target=\"_blank\" href=\"https:\/\/www.lemonde.fr\/politique\/article\/2025\/07\/23\/le-general-fabien-mandon-nomme-chef-d-etat-major-des-armees-francaises-en-remplacement-de-thierry-burkhard_6623198_823448.html\">wurde<\/a>\u00a0er auf diesem Posten erneut best\u00e4tigt. Am 30. Juli wird Burkhard seinen 61. Geburtstag feiern.<\/p>\n<p>Seit General Jean-Philippe Douin vor drei\u00dfig Jahren ist Mandon der erste Mitarbeiter der franz\u00f6sischen Luftwaffe, der dieses Amt erh\u00e4lt.<\/p>\n<p><strong>Mehr zum Thema<\/strong> &#8211; <a rel=\"nofollow noopener\" target=\"_blank\" href=\"https:\/\/freedert.online\/europa\/250760-prophezeiung-zum-nationalfeiertag-frankreich-rechnet\/\">Prophezeiung zum Nationalfeiertag: Frankreich rechnet mit gro\u00dfem Krieg in Europa bis 2030<\/a><\/p>\n<\/p>\n<\/div>\n<p><br \/>\n<br \/><a href=\"https:\/\/de.rt.com\/europa\/251427-macron-ersetzt-generalstabschef\/\">Source link <\/a><\/p>\n","protected":false},"excerpt":{"rendered":"<p>In Frankreichs Streitkr\u00e4ften findet eine signifikante Umbildung statt. Pr\u00e4sident Emmanuel Macron hat den Generalstabschef ersetzt. Die Stelle von Armeegeneral Thierry Burkhard tritt Luftwaffengeneral Fabien Mandon an. Am 30. Juli feiert Burkhard seinen 61. Geburtstag. Nach genau vier Jahren im Amt ist der Armeegeneral Thierry Burkhard nicht mehr der rangh\u00f6chste Soldat der franz\u00f6sischen Streitkr\u00e4fte. Am Mittwoch [&hellip;]<\/p>\n","protected":false},"author":3,"featured_media":87657,"comment_status":"open","ping_status":"open","sticky":false,"template":"","format":"standard","meta":{"_yoast_indexnow_last_ping":["1753287359"],"wp_automatic_camp":["217"],"44ea02bb60747174f24b2a8a708ab26f":["Macron ersetzt Generalstabschef: General Burkhard geht zw\u00f6lf Tage nach seinen Worten \u00fcber Russland"],"original_link":["https:\/\/de.rt.com\/europa\/251427-macron-ersetzt-generalstabschef\/"],"_thumbnail_id":["87657"],"jnews_social_counter_last_update":["1777187495"],"_wptgpro_p2tg_sent2tg":["a:1:{i:23737;s:19:\"2025-07-23 18:16:55\";}"]},"categories":[19,23],"tags":[57520,11887,1673,7409,10049,1711,979,126,6583,3654,139,27593,22392],"yoast_head":"<!-- This site is optimized with the Yoast SEO Premium plugin v22.7 (Yoast SEO v22.7) - https:\/\/yoast.com\/wordpress\/plugins\/seo\/ -->\n<title>Macron ersetzt Generalstabschef: General Burkhard geht zw\u00f6lf Tage nach seinen Worten \u00fcber Russland - just-now.NEWS Deutschland<\/title>\n<meta name=\"robots\" content=\"index, follow, max-snippet:-1, max-image-preview:large, max-video-preview:-1\" \/>\n<link rel=\"canonical\" href=\"https:\/\/now-news.de\/de\/deutschland\/macron-ersetzt-generalstabschef-general-burkhard-geht-zwoelf-tage-nach-seinen-worten-ueber-russland\/\" \/>\n<meta property=\"og:locale\" content=\"de_DE\" \/>\n<meta property=\"og:type\" content=\"article\" \/>\n<meta property=\"og:title\" content=\"Macron ersetzt Generalstabschef: General Burkhard geht zw\u00f6lf Tage nach seinen Worten \u00fcber Russland\" \/>\n<meta property=\"og:description\" content=\"In Frankreichs Streitkr\u00e4ften findet eine signifikante Umbildung statt. Pr\u00e4sident Emmanuel Macron hat den Generalstabschef ersetzt. Die Stelle von Armeegeneral Thierry Burkhard tritt Luftwaffengeneral Fabien Mandon an. Am 30. Juli feiert Burkhard seinen 61. Geburtstag. Nach genau vier Jahren im Amt ist der Armeegeneral Thierry Burkhard nicht mehr der rangh\u00f6chste Soldat der franz\u00f6sischen Streitkr\u00e4fte. Am Mittwoch [&hellip;]\" \/>\n<meta property=\"og:url\" content=\"https:\/\/now-news.de\/de\/deutschland\/macron-ersetzt-generalstabschef-general-burkhard-geht-zwoelf-tage-nach-seinen-worten-ueber-russland\/\" \/>\n<meta property=\"og:site_name\" content=\"just-now.NEWS Deutschland\" \/>\n<meta property=\"article:publisher\" content=\"https:\/\/www.facebook.com\/wirmachenauf\" \/>\n<meta property=\"article:published_time\" content=\"2025-07-23T16:00:18+00:00\" \/>\n<meta property=\"og:image\" content=\"https:\/\/now-news.de\/de\/wp-content\/uploads\/sites\/3\/2025\/07\/6880f1dfb480cc54bf2d9358.jpg\" \/>\n<meta name=\"author\" content=\"rtnews\" \/>\n<meta name=\"twitter:card\" content=\"summary_large_image\" \/>\n<meta name=\"twitter:creator\" content=\"@WirMachenAuf_de\" \/>\n<meta name=\"twitter:site\" content=\"@WirMachenAuf_de\" \/>\n<meta name=\"twitter:label1\" content=\"Verfasst von\" \/>\n\t<meta name=\"twitter:data1\" content=\"rtnews\" \/>\n\t<meta name=\"twitter:label2\" content=\"Gesch\u00e4tzte Lesezeit\" \/>\n\t<meta name=\"twitter:data2\" content=\"2\u00a0Minuten\" \/>\n<script type=\"application\/ld+json\" class=\"yoast-schema-graph\">{\"@context\":\"https:\/\/schema.org\",\"@graph\":[{\"@type\":\"Article\",\"@id\":\"https:\/\/now-news.de\/de\/deutschland\/macron-ersetzt-generalstabschef-general-burkhard-geht-zwoelf-tage-nach-seinen-worten-ueber-russland\/#article\",\"isPartOf\":{\"@id\":\"https:\/\/now-news.de\/de\/deutschland\/macron-ersetzt-generalstabschef-general-burkhard-geht-zwoelf-tage-nach-seinen-worten-ueber-russland\/\"},\"author\":{\"name\":\"rtnews\",\"@id\":\"https:\/\/now-news.de\/de\/#\/schema\/person\/fb534a4e865501d8b3285208df34a9b5\"},\"headline\":\"Macron ersetzt Generalstabschef: General Burkhard geht zw\u00f6lf Tage nach seinen Worten \u00fcber Russland\",\"datePublished\":\"2025-07-23T16:00:18+00:00\",\"dateModified\":\"2025-07-23T16:00:18+00:00\",\"mainEntityOfPage\":{\"@id\":\"https:\/\/now-news.de\/de\/deutschland\/macron-ersetzt-generalstabschef-general-burkhard-geht-zwoelf-tage-nach-seinen-worten-ueber-russland\/\"},\"wordCount\":414,\"commentCount\":0,\"publisher\":{\"@id\":\"https:\/\/now-news.de\/de\/#organization\"},\"image\":{\"@id\":\"https:\/\/now-news.de\/de\/deutschland\/macron-ersetzt-generalstabschef-general-burkhard-geht-zwoelf-tage-nach-seinen-worten-ueber-russland\/#primaryimage\"},\"thumbnailUrl\":\"https:\/\/now-news.de\/de\/wp-content\/uploads\/sites\/3\/2025\/07\/Macron-ersetzt-Generalstabschef-General-Burkhard-geht-zwoelf-Tage-nach-seinen.jpg\",\"keywords\":[\"Burkhard\",\"ersetzt\",\"Geht\",\"General\",\"Generalstabschef\",\"macron\",\"nach\",\"russland\",\"seinen\",\"Tage\",\"\u00fcber\",\"Worten\",\"zw\u00f6lf\"],\"articleSection\":[\"Deutschland\",\"Russland\"],\"inLanguage\":\"de\",\"potentialAction\":[{\"@type\":\"CommentAction\",\"name\":\"Comment\",\"target\":[\"https:\/\/now-news.de\/de\/deutschland\/macron-ersetzt-generalstabschef-general-burkhard-geht-zwoelf-tage-nach-seinen-worten-ueber-russland\/#respond\"]}]},{\"@type\":\"WebPage\",\"@id\":\"https:\/\/now-news.de\/de\/deutschland\/macron-ersetzt-generalstabschef-general-burkhard-geht-zwoelf-tage-nach-seinen-worten-ueber-russland\/\",\"url\":\"https:\/\/now-news.de\/de\/deutschland\/macron-ersetzt-generalstabschef-general-burkhard-geht-zwoelf-tage-nach-seinen-worten-ueber-russland\/\",\"name\":\"Macron ersetzt Generalstabschef: General Burkhard geht zw\u00f6lf Tage nach seinen Worten \u00fcber Russland - just-now.NEWS Deutschland\",\"isPartOf\":{\"@id\":\"https:\/\/now-news.de\/de\/#website\"},\"primaryImageOfPage\":{\"@id\":\"https:\/\/now-news.de\/de\/deutschland\/macron-ersetzt-generalstabschef-general-burkhard-geht-zwoelf-tage-nach-seinen-worten-ueber-russland\/#primaryimage\"},\"image\":{\"@id\":\"https:\/\/now-news.de\/de\/deutschland\/macron-ersetzt-generalstabschef-general-burkhard-geht-zwoelf-tage-nach-seinen-worten-ueber-russland\/#primaryimage\"},\"thumbnailUrl\":\"https:\/\/now-news.de\/de\/wp-content\/uploads\/sites\/3\/2025\/07\/Macron-ersetzt-Generalstabschef-General-Burkhard-geht-zwoelf-Tage-nach-seinen.jpg\",\"datePublished\":\"2025-07-23T16:00:18+00:00\",\"dateModified\":\"2025-07-23T16:00:18+00:00\",\"breadcrumb\":{\"@id\":\"https:\/\/now-news.de\/de\/deutschland\/macron-ersetzt-generalstabschef-general-burkhard-geht-zwoelf-tage-nach-seinen-worten-ueber-russland\/#breadcrumb\"},\"inLanguage\":\"de\",\"potentialAction\":[{\"@type\":\"ReadAction\",\"target\":[\"https:\/\/now-news.de\/de\/deutschland\/macron-ersetzt-generalstabschef-general-burkhard-geht-zwoelf-tage-nach-seinen-worten-ueber-russland\/\"]}]},{\"@type\":\"ImageObject\",\"inLanguage\":\"de\",\"@id\":\"https:\/\/now-news.de\/de\/deutschland\/macron-ersetzt-generalstabschef-general-burkhard-geht-zwoelf-tage-nach-seinen-worten-ueber-russland\/#primaryimage\",\"url\":\"https:\/\/now-news.de\/de\/wp-content\/uploads\/sites\/3\/2025\/07\/Macron-ersetzt-Generalstabschef-General-Burkhard-geht-zwoelf-Tage-nach-seinen.jpg\",\"contentUrl\":\"https:\/\/now-news.de\/de\/wp-content\/uploads\/sites\/3\/2025\/07\/Macron-ersetzt-Generalstabschef-General-Burkhard-geht-zwoelf-Tage-nach-seinen.jpg\",\"width\":460,\"height\":259,\"caption\":\"Macron ersetzt Generalstabschef: General Burkhard geht zw\u00f6lf Tage nach seinen Worten \u00fcber Russland\"},{\"@type\":\"BreadcrumbList\",\"@id\":\"https:\/\/now-news.de\/de\/deutschland\/macron-ersetzt-generalstabschef-general-burkhard-geht-zwoelf-tage-nach-seinen-worten-ueber-russland\/#breadcrumb\",\"itemListElement\":[{\"@type\":\"ListItem\",\"position\":1,\"name\":\"Home\",\"item\":\"https:\/\/now-news.de\/de\/\"},{\"@type\":\"ListItem\",\"position\":2,\"name\":\"Macron ersetzt Generalstabschef: General Burkhard geht zw\u00f6lf Tage nach seinen Worten \u00fcber Russland\"}]},{\"@type\":\"WebSite\",\"@id\":\"https:\/\/now-news.de\/de\/#website\",\"url\":\"https:\/\/now-news.de\/de\/\",\"name\":\"just-now.NEWS Deutschland\",\"description\":\"Das Portal f\u00fcr unzensierte Nachrichten aus der Welt\",\"publisher\":{\"@id\":\"https:\/\/now-news.de\/de\/#organization\"},\"potentialAction\":[{\"@type\":\"SearchAction\",\"target\":{\"@type\":\"EntryPoint\",\"urlTemplate\":\"https:\/\/now-news.de\/de\/?s={search_term_string}\"},\"query-input\":\"required name=search_term_string\"}],\"inLanguage\":\"de\"},{\"@type\":\"Organization\",\"@id\":\"https:\/\/now-news.de\/de\/#organization\",\"name\":\"Just Now News\",\"url\":\"https:\/\/now-news.de\/de\/\",\"logo\":{\"@type\":\"ImageObject\",\"inLanguage\":\"de\",\"@id\":\"https:\/\/now-news.de\/de\/#\/schema\/logo\/image\/\",\"url\":\"http:\/\/just-now.news\/de\/wp-content\/uploads\/sites\/3\/2022\/04\/logo500x500.jpg\",\"contentUrl\":\"http:\/\/just-now.news\/de\/wp-content\/uploads\/sites\/3\/2022\/04\/logo500x500.jpg\",\"width\":500,\"height\":500,\"caption\":\"Just Now News\"},\"image\":{\"@id\":\"https:\/\/now-news.de\/de\/#\/schema\/logo\/image\/\"},\"sameAs\":[\"https:\/\/www.facebook.com\/wirmachenauf\",\"https:\/\/x.com\/WirMachenAuf_de\"]},{\"@type\":\"Person\",\"@id\":\"https:\/\/now-news.de\/de\/#\/schema\/person\/fb534a4e865501d8b3285208df34a9b5\",\"name\":\"rtnews\",\"image\":{\"@type\":\"ImageObject\",\"inLanguage\":\"de\",\"@id\":\"https:\/\/now-news.de\/de\/#\/schema\/person\/image\/\",\"url\":\"https:\/\/secure.gravatar.com\/avatar\/82aafea7d8127119dd649515f56e2117?s=96&d=mm&r=g\",\"contentUrl\":\"https:\/\/secure.gravatar.com\/avatar\/82aafea7d8127119dd649515f56e2117?s=96&d=mm&r=g\",\"caption\":\"rtnews\"},\"url\":\"https:\/\/now-news.de\/de\/author\/rnews\/\"}]}<\/script>\n<!-- \/ Yoast SEO Premium plugin. -->","yoast_head_json":{"title":"Macron ersetzt Generalstabschef: General Burkhard geht zw\u00f6lf Tage nach seinen Worten \u00fcber Russland - just-now.NEWS Deutschland","robots":{"index":"index","follow":"follow","max-snippet":"max-snippet:-1","max-image-preview":"max-image-preview:large","max-video-preview":"max-video-preview:-1"},"canonical":"https:\/\/now-news.de\/de\/deutschland\/macron-ersetzt-generalstabschef-general-burkhard-geht-zwoelf-tage-nach-seinen-worten-ueber-russland\/","og_locale":"de_DE","og_type":"article","og_title":"Macron ersetzt Generalstabschef: General Burkhard geht zw\u00f6lf Tage nach seinen Worten \u00fcber Russland","og_description":"In Frankreichs Streitkr\u00e4ften findet eine signifikante Umbildung statt. Pr\u00e4sident Emmanuel Macron hat den Generalstabschef ersetzt. Die Stelle von Armeegeneral Thierry Burkhard tritt Luftwaffengeneral Fabien Mandon an. Am 30. Juli feiert Burkhard seinen 61. Geburtstag. Nach genau vier Jahren im Amt ist der Armeegeneral Thierry Burkhard nicht mehr der rangh\u00f6chste Soldat der franz\u00f6sischen Streitkr\u00e4fte. Am Mittwoch [&hellip;]","og_url":"https:\/\/now-news.de\/de\/deutschland\/macron-ersetzt-generalstabschef-general-burkhard-geht-zwoelf-tage-nach-seinen-worten-ueber-russland\/","og_site_name":"just-now.NEWS Deutschland","article_publisher":"https:\/\/www.facebook.com\/wirmachenauf","article_published_time":"2025-07-23T16:00:18+00:00","og_image":[{"url":"https:\/\/now-news.de\/de\/wp-content\/uploads\/sites\/3\/2025\/07\/6880f1dfb480cc54bf2d9358.jpg"}],"author":"rtnews","twitter_card":"summary_large_image","twitter_creator":"@WirMachenAuf_de","twitter_site":"@WirMachenAuf_de","twitter_misc":{"Verfasst von":"rtnews","Gesch\u00e4tzte Lesezeit":"2\u00a0Minuten"},"schema":{"@context":"https:\/\/schema.org","@graph":[{"@type":"Article","@id":"https:\/\/now-news.de\/de\/deutschland\/macron-ersetzt-generalstabschef-general-burkhard-geht-zwoelf-tage-nach-seinen-worten-ueber-russland\/#article","isPartOf":{"@id":"https:\/\/now-news.de\/de\/deutschland\/macron-ersetzt-generalstabschef-general-burkhard-geht-zwoelf-tage-nach-seinen-worten-ueber-russland\/"},"author":{"name":"rtnews","@id":"https:\/\/now-news.de\/de\/#\/schema\/person\/fb534a4e865501d8b3285208df34a9b5"},"headline":"Macron ersetzt Generalstabschef: General Burkhard geht zw\u00f6lf Tage nach seinen Worten \u00fcber Russland","datePublished":"2025-07-23T16:00:18+00:00","dateModified":"2025-07-23T16:00:18+00:00","mainEntityOfPage":{"@id":"https:\/\/now-news.de\/de\/deutschland\/macron-ersetzt-generalstabschef-general-burkhard-geht-zwoelf-tage-nach-seinen-worten-ueber-russland\/"},"wordCount":414,"commentCount":0,"publisher":{"@id":"https:\/\/now-news.de\/de\/#organization"},"image":{"@id":"https:\/\/now-news.de\/de\/deutschland\/macron-ersetzt-generalstabschef-general-burkhard-geht-zwoelf-tage-nach-seinen-worten-ueber-russland\/#primaryimage"},"thumbnailUrl":"https:\/\/now-news.de\/de\/wp-content\/uploads\/sites\/3\/2025\/07\/Macron-ersetzt-Generalstabschef-General-Burkhard-geht-zwoelf-Tage-nach-seinen.jpg","keywords":["Burkhard","ersetzt","Geht","General","Generalstabschef","macron","nach","russland","seinen","Tage","\u00fcber","Worten","zw\u00f6lf"],"articleSection":["Deutschland","Russland"],"inLanguage":"de","potentialAction":[{"@type":"CommentAction","name":"Comment","target":["https:\/\/now-news.de\/de\/deutschland\/macron-ersetzt-generalstabschef-general-burkhard-geht-zwoelf-tage-nach-seinen-worten-ueber-russland\/#respond"]}]},{"@type":"WebPage","@id":"https:\/\/now-news.de\/de\/deutschland\/macron-ersetzt-generalstabschef-general-burkhard-geht-zwoelf-tage-nach-seinen-worten-ueber-russland\/","url":"https:\/\/now-news.de\/de\/deutschland\/macron-ersetzt-generalstabschef-general-burkhard-geht-zwoelf-tage-nach-seinen-worten-ueber-russland\/","name":"Macron ersetzt Generalstabschef: General Burkhard geht zw\u00f6lf Tage nach seinen Worten \u00fcber Russland - just-now.NEWS Deutschland","isPartOf":{"@id":"https:\/\/now-news.de\/de\/#website"},"primaryImageOfPage":{"@id":"https:\/\/now-news.de\/de\/deutschland\/macron-ersetzt-generalstabschef-general-burkhard-geht-zwoelf-tage-nach-seinen-worten-ueber-russland\/#primaryimage"},"image":{"@id":"https:\/\/now-news.de\/de\/deutschland\/macron-ersetzt-generalstabschef-general-burkhard-geht-zwoelf-tage-nach-seinen-worten-ueber-russland\/#primaryimage"},"thumbnailUrl":"https:\/\/now-news.de\/de\/wp-content\/uploads\/sites\/3\/2025\/07\/Macron-ersetzt-Generalstabschef-General-Burkhard-geht-zwoelf-Tage-nach-seinen.jpg","datePublished":"2025-07-23T16:00:18+00:00","dateModified":"2025-07-23T16:00:18+00:00","breadcrumb":{"@id":"https:\/\/now-news.de\/de\/deutschland\/macron-ersetzt-generalstabschef-general-burkhard-geht-zwoelf-tage-nach-seinen-worten-ueber-russland\/#breadcrumb"},"inLanguage":"de","potentialAction":[{"@type":"ReadAction","target":["https:\/\/now-news.de\/de\/deutschland\/macron-ersetzt-generalstabschef-general-burkhard-geht-zwoelf-tage-nach-seinen-worten-ueber-russland\/"]}]},{"@type":"ImageObject","inLanguage":"de","@id":"https:\/\/now-news.de\/de\/deutschland\/macron-ersetzt-generalstabschef-general-burkhard-geht-zwoelf-tage-nach-seinen-worten-ueber-russland\/#primaryimage","url":"https:\/\/now-news.de\/de\/wp-content\/uploads\/sites\/3\/2025\/07\/Macron-ersetzt-Generalstabschef-General-Burkhard-geht-zwoelf-Tage-nach-seinen.jpg","contentUrl":"https:\/\/now-news.de\/de\/wp-content\/uploads\/sites\/3\/2025\/07\/Macron-ersetzt-Generalstabschef-General-Burkhard-geht-zwoelf-Tage-nach-seinen.jpg","width":460,"height":259,"caption":"Macron ersetzt Generalstabschef: General Burkhard geht zw\u00f6lf Tage nach seinen Worten \u00fcber Russland"},{"@type":"BreadcrumbList","@id":"https:\/\/now-news.de\/de\/deutschland\/macron-ersetzt-generalstabschef-general-burkhard-geht-zwoelf-tage-nach-seinen-worten-ueber-russland\/#breadcrumb","itemListElement":[{"@type":"ListItem","position":1,"name":"Home","item":"https:\/\/now-news.de\/de\/"},{"@type":"ListItem","position":2,"name":"Macron ersetzt Generalstabschef: General Burkhard geht zw\u00f6lf Tage nach seinen Worten \u00fcber Russland"}]},{"@type":"WebSite","@id":"https:\/\/now-news.de\/de\/#website","url":"https:\/\/now-news.de\/de\/","name":"just-now.NEWS Deutschland","description":"Das Portal f\u00fcr unzensierte Nachrichten aus der Welt","publisher":{"@id":"https:\/\/now-news.de\/de\/#organization"},"potentialAction":[{"@type":"SearchAction","target":{"@type":"EntryPoint","urlTemplate":"https:\/\/now-news.de\/de\/?s={search_term_string}"},"query-input":"required name=search_term_string"}],"inLanguage":"de"},{"@type":"Organization","@id":"https:\/\/now-news.de\/de\/#organization","name":"Just Now News","url":"https:\/\/now-news.de\/de\/","logo":{"@type":"ImageObject","inLanguage":"de","@id":"https:\/\/now-news.de\/de\/#\/schema\/logo\/image\/","url":"http:\/\/just-now.news\/de\/wp-content\/uploads\/sites\/3\/2022\/04\/logo500x500.jpg","contentUrl":"http:\/\/just-now.news\/de\/wp-content\/uploads\/sites\/3\/2022\/04\/logo500x500.jpg","width":500,"height":500,"caption":"Just Now News"},"image":{"@id":"https:\/\/now-news.de\/de\/#\/schema\/logo\/image\/"},"sameAs":["https:\/\/www.facebook.com\/wirmachenauf","https:\/\/x.com\/WirMachenAuf_de"]},{"@type":"Person","@id":"https:\/\/now-news.de\/de\/#\/schema\/person\/fb534a4e865501d8b3285208df34a9b5","name":"rtnews","image":{"@type":"ImageObject","inLanguage":"de","@id":"https:\/\/now-news.de\/de\/#\/schema\/person\/image\/","url":"https:\/\/secure.gravatar.com\/avatar\/82aafea7d8127119dd649515f56e2117?s=96&d=mm&r=g","contentUrl":"https:\/\/secure.gravatar.com\/avatar\/82aafea7d8127119dd649515f56e2117?s=96&d=mm&r=g","caption":"rtnews"},"url":"https:\/\/now-news.de\/de\/author\/rnews\/"}]}},"_links":{"self":[{"href":"https:\/\/now-news.de\/de\/wp-json\/wp\/v2\/posts\/87656"}],"collection":[{"href":"https:\/\/now-news.de\/de\/wp-json\/wp\/v2\/posts"}],"about":[{"href":"https:\/\/now-news.de\/de\/wp-json\/wp\/v2\/types\/post"}],"author":[{"embeddable":true,"href":"https:\/\/now-news.de\/de\/wp-json\/wp\/v2\/users\/3"}],"replies":[{"embeddable":true,"href":"https:\/\/now-news.de\/de\/wp-json\/wp\/v2\/comments?post=87656"}],"version-history":[{"count":0,"href":"https:\/\/now-news.de\/de\/wp-json\/wp\/v2\/posts\/87656\/revisions"}],"wp:featuredmedia":[{"embeddable":true,"href":"https:\/\/now-news.de\/de\/wp-json\/wp\/v2\/media\/87657"}],"wp:attachment":[{"href":"https:\/\/now-news.de\/de\/wp-json\/wp\/v2\/media?parent=87656"}],"wp:term":[{"taxonomy":"category","embeddable":true,"href":"https:\/\/now-news.de\/de\/wp-json\/wp\/v2\/categories?post=87656"},{"taxonomy":"post_tag","embeddable":true,"href":"https:\/\/now-news.de\/de\/wp-json\/wp\/v2\/tags?post=87656"}],"curies":[{"name":"wp","href":"https:\/\/api.w.org\/{rel}","templated":true}]}}