{"id":87647,"date":"2025-07-23T13:20:09","date_gmt":"2025-07-23T11:20:09","guid":{"rendered":"https:\/\/now-news.de\/de\/deutschland\/blackwater-gruender-usa-passten-in-lateinamerika-nicht-auf-unter-trump-duerfte-sich-das-aendern\/"},"modified":"2025-07-23T13:20:09","modified_gmt":"2025-07-23T11:20:09","slug":"blackwater-gruender-usa-passten-in-lateinamerika-nicht-auf-unter-trump-duerfte-sich-das-aendern","status":"publish","type":"post","link":"https:\/\/now-news.de\/de\/deutschland\/blackwater-gruender-usa-passten-in-lateinamerika-nicht-auf-unter-trump-duerfte-sich-das-aendern\/","title":{"rendered":"Blackwater-Gr\u00fcnder: USA passten in Lateinamerika nicht auf \u2013 unter Trump d\u00fcrfte sich das \u00e4ndern"},"content":{"rendered":"<p><img decoding=\"async\" src=\"https:\/\/now-news.de\/de\/wp-content\/uploads\/sites\/3\/2025\/07\/6880c120b480cc169e14eabd.jpg\" \/><\/p>\n<div class=\"Text-root Text-type_1 \">\n                Der Gr\u00fcnder des ber\u00fcchtigten Milit\u00e4runternehmens Blackwater, das jetzt unter dem Namen Academi agiert, w\u00fcnscht sich viel mehr US-Engagement in den lateinamerikanischen L\u00e4ndern. In einem Interview spricht Erik Prince \u00fcber Vertr\u00e4ge mit einigen Staaten auf dem Kontinent.\n            <\/div>\n<p><\/p>\n<div class=\"Text-root Text-type_5 ArticleView-text ViewText-root \">\n<p>Das private Sicherheits- und Milit\u00e4runternehmen Blackwater, das jetzt unter dem Namen Academi firmiert, interessiert sich zunehmend f\u00fcr Lateinamerika. Sein Gr\u00fcnder Erik Prince hat in dieser Woche Peru besucht. Am Rande seiner Visite in Lima, die der peruanische \u00d6konom und Politiker Hernando de Soto organisiert hatte, <a rel=\"nofollow noopener\" target=\"_blank\" href=\"https:\/\/elcomercio.pe\/economia\/peru\/las-bandas-y-los-narcos-pueden-desplegar-herramientas-muy-sofisticadas-nosotros-podemos-aportar-herramientas-mejores-erik-prince-hernando-de-soto-trump-mineria-ilegal-noticia\/?ref=ecr\">antwortete<\/a> der ehemalige Angeh\u00f6rige der US-Navy SEALs auf Fragen der Zeitung <em>El Comercio<\/em>.<\/p>\n<p>Im Interview kritisierte Prince die bisherige Au\u00dfenpolitik seines Landes gegen\u00fcber den lateinamerikanischen Staaten, indem er den Vorg\u00e4ngern des jetzigen US-Pr\u00e4sidenten Donald Trump gewisse Vers\u00e4umnisse in der Region bescheinigte. Ohne den zunehmenden Einfluss der Volksrepublik China beim Namen zu nennen, sagte der Blackwater-Gr\u00fcnder: <\/p>\n<blockquote>\n<p><em>&#8220;Ich glaube, die USA haben in vielen ihrer Nachbarl\u00e4ndern geschlafen.&#8221;<\/em><\/p>\n<\/blockquote>\n<p>Vielmehr lie\u00df sich Prince \u00fcber die negative Rolle der US-Beh\u00f6rde f\u00fcr internationale Entwicklung (USAID) aus. \u00a0\u00a0<\/p>\n<blockquote>\n<p><em>&#8220;Viele Dummheiten, welche die USAID mit ihren Programmen verfolgte, schadeten eher der F\u00f6rderung des Handels und des Kapitalismus. Im Gegenteil: sie f\u00f6rderten allerlei soziale Abweichungen.&#8221;<\/em><\/p>\n<\/blockquote>\n<p>Nun konzentriere sich die US-Regierung unter Trump sicherlich auf Handel, Energie, Bodensch\u00e4tze, Industriewaren und Landwirtschaftserzeugnisse, sagte Prince. \u00a0\u00a0\u00a0\u00a0\u00a0\u00a0<\/p>\n<p>In Bezug auf seinen Besuch in dem Andenland gab Prince bekannt, dass seine Firma im Fall einer Allianz mit den \u00f6rtlichen Streitkr\u00e4ften &#8220;bessere Instrumente beisteuern&#8221; k\u00f6nnte. Letztendlich sei Ausbildung eine der Spezialit\u00e4ten des Unternehmens. Au\u00dferdem stelle es Regierungen Informationen und Werkzeuge zur Verf\u00fcgung, mit denen sie wirksamer gegen multinationale kriminelle Organisationen vorgehen k\u00f6nnten. \u00a0\u00a0\u00a0\u00a0\u00a0\u00a0\u00a0<\/p>\n<blockquote>\n<p><em>&#8220;Die Situation in Peru ist zwar kompliziert, aber dem ist abzuhelfen.&#8221;<\/em> \u00a0<\/p>\n<\/blockquote>\n<p>Als Beispiel f\u00fchrte er Ecuador an, dessen Pr\u00e4sident Daniel Noboa im M\u00e4rz einen Vertrag mit dem Milit\u00e4runternehmen unterzeichnet hatte. Prince teile mit, dass das s\u00fcdamerikanische Land Hilfe f\u00fcr seine Sicherheitskr\u00e4fte beantragt habe, um den Drogenhandel wirksamer zu bek\u00e4mpfen.<\/p>\n<p>Der Blackwater-Gr\u00fcnder erw\u00e4hnte\u00a0dar\u00fcber hinaus\u00a0die Zusammenarbeit mit dem Karibikstaat Haiti. Dort gehe es um den Kampf gegen kriminelle Gruppierungen. So h\u00e4tten die\u00a0Banden 90 Prozent der Hauptstadt Port-au-Prince unter ihre Gewalt gebracht.<\/p>\n<blockquote>\n<p><em>&#8220;Also arbeiten wir mit der haitianischen Polizei zusammen, indem wir ihnen Instrumente und die F\u00e4higkeit geben, wirksamer gegen die Banden zu k\u00e4mpfen.&#8221;<\/em><\/p>\n<\/blockquote>\n<p>Abschlie\u00dfend brachte der Blackwater-Gr\u00fcnder dem mittelamerikanischen Land El Salvador seine Bewunderung zum Ausdruck. Es sei interessant, wie die Regierung von Nayib Bukele das Sicherheitsproblem angepackt habe.<\/p>\n<p><strong>Mehr zum Thema<\/strong> &#8211; <a rel=\"nofollow noopener\" target=\"_blank\" href=\"https:\/\/freedert.online\/amerika\/235635-megagefaengnis-zum-vermieten\/\">Megagef\u00e4ngnis zur Miete: El Salvador bietet USA Aufnahme von Kriminellen gegen Entgelt an<\/a><\/p>\n<\/p>\n<\/div>\n<p><br \/>\n<br \/><a href=\"https:\/\/de.rt.com\/amerika\/251387-blackwater-gruender-usa-passten-in-lateinamerika-nicht-auf\/\">Source link <\/a><\/p>\n","protected":false},"excerpt":{"rendered":"<p>Der Gr\u00fcnder des ber\u00fcchtigten Milit\u00e4runternehmens Blackwater, das jetzt unter dem Namen Academi agiert, w\u00fcnscht sich viel mehr US-Engagement in den lateinamerikanischen L\u00e4ndern. In einem Interview spricht Erik Prince \u00fcber Vertr\u00e4ge mit einigen Staaten auf dem Kontinent. Das private Sicherheits- und Milit\u00e4runternehmen Blackwater, das jetzt unter dem Namen Academi firmiert, interessiert sich zunehmend f\u00fcr Lateinamerika. Sein [&hellip;]<\/p>\n","protected":false},"author":3,"featured_media":87648,"comment_status":"open","ping_status":"open","sticky":false,"template":"","format":"standard","meta":{"_yoast_indexnow_last_ping":["1753270014"],"wp_automatic_camp":["217"],"2239613327ee64f7da2a20f4eb17fe85":["Blackwater-Gr\u00fcnder: USA passten in Lateinamerika nicht auf \u2013 unter Trump d\u00fcrfte sich das \u00e4ndern"],"original_link":["https:\/\/de.rt.com\/amerika\/251387-blackwater-gruender-usa-passten-in-lateinamerika-nicht-auf\/"],"_thumbnail_id":["87648"],"jnews_social_counter_last_update":["1777302151"],"_wptgpro_p2tg_sent2tg":["a:1:{i:23737;s:19:\"2025-07-23 13:27:55\";}"]},"categories":[19,23],"tags":[19229,133,54078,427,37209,4853,800,66553,434,1639,908,193],"yoast_head":"<!-- This site is optimized with the Yoast SEO Premium plugin v22.7 (Yoast SEO v22.7) - https:\/\/yoast.com\/wordpress\/plugins\/seo\/ -->\n<title>Blackwater-Gr\u00fcnder: USA passten in Lateinamerika nicht auf \u2013 unter Trump d\u00fcrfte sich das \u00e4ndern - just-now.NEWS Deutschland<\/title>\n<meta name=\"robots\" content=\"index, follow, max-snippet:-1, max-image-preview:large, max-video-preview:-1\" \/>\n<link rel=\"canonical\" href=\"https:\/\/now-news.de\/de\/deutschland\/blackwater-gruender-usa-passten-in-lateinamerika-nicht-auf-unter-trump-duerfte-sich-das-aendern\/\" \/>\n<meta property=\"og:locale\" content=\"de_DE\" \/>\n<meta property=\"og:type\" content=\"article\" \/>\n<meta property=\"og:title\" content=\"Blackwater-Gr\u00fcnder: USA passten in Lateinamerika nicht auf \u2013 unter Trump d\u00fcrfte sich das \u00e4ndern\" \/>\n<meta property=\"og:description\" content=\"Der Gr\u00fcnder des ber\u00fcchtigten Milit\u00e4runternehmens Blackwater, das jetzt unter dem Namen Academi agiert, w\u00fcnscht sich viel mehr US-Engagement in den lateinamerikanischen L\u00e4ndern. In einem Interview spricht Erik Prince \u00fcber Vertr\u00e4ge mit einigen Staaten auf dem Kontinent. Das private Sicherheits- und Milit\u00e4runternehmen Blackwater, das jetzt unter dem Namen Academi firmiert, interessiert sich zunehmend f\u00fcr Lateinamerika. Sein [&hellip;]\" \/>\n<meta property=\"og:url\" content=\"https:\/\/now-news.de\/de\/deutschland\/blackwater-gruender-usa-passten-in-lateinamerika-nicht-auf-unter-trump-duerfte-sich-das-aendern\/\" \/>\n<meta property=\"og:site_name\" content=\"just-now.NEWS Deutschland\" \/>\n<meta property=\"article:publisher\" content=\"https:\/\/www.facebook.com\/wirmachenauf\" \/>\n<meta property=\"article:published_time\" content=\"2025-07-23T11:20:09+00:00\" \/>\n<meta property=\"og:image\" content=\"https:\/\/now-news.de\/de\/wp-content\/uploads\/sites\/3\/2025\/07\/6880c120b480cc169e14eabd.jpg\" \/>\n<meta name=\"author\" content=\"rtnews\" \/>\n<meta name=\"twitter:card\" content=\"summary_large_image\" \/>\n<meta name=\"twitter:creator\" content=\"@WirMachenAuf_de\" \/>\n<meta name=\"twitter:site\" content=\"@WirMachenAuf_de\" \/>\n<meta name=\"twitter:label1\" content=\"Verfasst von\" \/>\n\t<meta name=\"twitter:data1\" content=\"rtnews\" \/>\n\t<meta name=\"twitter:label2\" content=\"Gesch\u00e4tzte Lesezeit\" \/>\n\t<meta name=\"twitter:data2\" content=\"2\u00a0Minuten\" \/>\n<script type=\"application\/ld+json\" class=\"yoast-schema-graph\">{\"@context\":\"https:\/\/schema.org\",\"@graph\":[{\"@type\":\"Article\",\"@id\":\"https:\/\/now-news.de\/de\/deutschland\/blackwater-gruender-usa-passten-in-lateinamerika-nicht-auf-unter-trump-duerfte-sich-das-aendern\/#article\",\"isPartOf\":{\"@id\":\"https:\/\/now-news.de\/de\/deutschland\/blackwater-gruender-usa-passten-in-lateinamerika-nicht-auf-unter-trump-duerfte-sich-das-aendern\/\"},\"author\":{\"name\":\"rtnews\",\"@id\":\"https:\/\/now-news.de\/de\/#\/schema\/person\/fb534a4e865501d8b3285208df34a9b5\"},\"headline\":\"Blackwater-Gr\u00fcnder: USA passten in Lateinamerika nicht auf \u2013 unter Trump d\u00fcrfte sich das \u00e4ndern\",\"datePublished\":\"2025-07-23T11:20:09+00:00\",\"dateModified\":\"2025-07-23T11:20:09+00:00\",\"mainEntityOfPage\":{\"@id\":\"https:\/\/now-news.de\/de\/deutschland\/blackwater-gruender-usa-passten-in-lateinamerika-nicht-auf-unter-trump-duerfte-sich-das-aendern\/\"},\"wordCount\":465,\"commentCount\":0,\"publisher\":{\"@id\":\"https:\/\/now-news.de\/de\/#organization\"},\"image\":{\"@id\":\"https:\/\/now-news.de\/de\/deutschland\/blackwater-gruender-usa-passten-in-lateinamerika-nicht-auf-unter-trump-duerfte-sich-das-aendern\/#primaryimage\"},\"thumbnailUrl\":\"https:\/\/now-news.de\/de\/wp-content\/uploads\/sites\/3\/2025\/07\/Blackwater-Gruender-USA-passten-in-Lateinamerika-nicht-auf-\u2013-unter-Trump.jpg\",\"keywords\":[\"\u00e4ndern\",\"AUF\",\"BlackwaterGr\u00fcnder\",\"das\",\"d\u00fcrfte\",\"Lateinamerika\",\"nicht\",\"passten\",\"sich\",\"trump\",\"unter\",\"USA\"],\"articleSection\":[\"Deutschland\",\"Russland\"],\"inLanguage\":\"de\",\"potentialAction\":[{\"@type\":\"CommentAction\",\"name\":\"Comment\",\"target\":[\"https:\/\/now-news.de\/de\/deutschland\/blackwater-gruender-usa-passten-in-lateinamerika-nicht-auf-unter-trump-duerfte-sich-das-aendern\/#respond\"]}]},{\"@type\":\"WebPage\",\"@id\":\"https:\/\/now-news.de\/de\/deutschland\/blackwater-gruender-usa-passten-in-lateinamerika-nicht-auf-unter-trump-duerfte-sich-das-aendern\/\",\"url\":\"https:\/\/now-news.de\/de\/deutschland\/blackwater-gruender-usa-passten-in-lateinamerika-nicht-auf-unter-trump-duerfte-sich-das-aendern\/\",\"name\":\"Blackwater-Gr\u00fcnder: USA passten in Lateinamerika nicht auf \u2013 unter Trump d\u00fcrfte sich das \u00e4ndern - just-now.NEWS Deutschland\",\"isPartOf\":{\"@id\":\"https:\/\/now-news.de\/de\/#website\"},\"primaryImageOfPage\":{\"@id\":\"https:\/\/now-news.de\/de\/deutschland\/blackwater-gruender-usa-passten-in-lateinamerika-nicht-auf-unter-trump-duerfte-sich-das-aendern\/#primaryimage\"},\"image\":{\"@id\":\"https:\/\/now-news.de\/de\/deutschland\/blackwater-gruender-usa-passten-in-lateinamerika-nicht-auf-unter-trump-duerfte-sich-das-aendern\/#primaryimage\"},\"thumbnailUrl\":\"https:\/\/now-news.de\/de\/wp-content\/uploads\/sites\/3\/2025\/07\/Blackwater-Gruender-USA-passten-in-Lateinamerika-nicht-auf-\u2013-unter-Trump.jpg\",\"datePublished\":\"2025-07-23T11:20:09+00:00\",\"dateModified\":\"2025-07-23T11:20:09+00:00\",\"breadcrumb\":{\"@id\":\"https:\/\/now-news.de\/de\/deutschland\/blackwater-gruender-usa-passten-in-lateinamerika-nicht-auf-unter-trump-duerfte-sich-das-aendern\/#breadcrumb\"},\"inLanguage\":\"de\",\"potentialAction\":[{\"@type\":\"ReadAction\",\"target\":[\"https:\/\/now-news.de\/de\/deutschland\/blackwater-gruender-usa-passten-in-lateinamerika-nicht-auf-unter-trump-duerfte-sich-das-aendern\/\"]}]},{\"@type\":\"ImageObject\",\"inLanguage\":\"de\",\"@id\":\"https:\/\/now-news.de\/de\/deutschland\/blackwater-gruender-usa-passten-in-lateinamerika-nicht-auf-unter-trump-duerfte-sich-das-aendern\/#primaryimage\",\"url\":\"https:\/\/now-news.de\/de\/wp-content\/uploads\/sites\/3\/2025\/07\/Blackwater-Gruender-USA-passten-in-Lateinamerika-nicht-auf-\u2013-unter-Trump.jpg\",\"contentUrl\":\"https:\/\/now-news.de\/de\/wp-content\/uploads\/sites\/3\/2025\/07\/Blackwater-Gruender-USA-passten-in-Lateinamerika-nicht-auf-\u2013-unter-Trump.jpg\",\"width\":460,\"height\":259,\"caption\":\"Blackwater-Gr\u00fcnder: USA passten in Lateinamerika nicht auf \u2013 unter Trump d\u00fcrfte sich das \u00e4ndern\"},{\"@type\":\"BreadcrumbList\",\"@id\":\"https:\/\/now-news.de\/de\/deutschland\/blackwater-gruender-usa-passten-in-lateinamerika-nicht-auf-unter-trump-duerfte-sich-das-aendern\/#breadcrumb\",\"itemListElement\":[{\"@type\":\"ListItem\",\"position\":1,\"name\":\"Home\",\"item\":\"https:\/\/now-news.de\/de\/\"},{\"@type\":\"ListItem\",\"position\":2,\"name\":\"Blackwater-Gr\u00fcnder: USA passten in Lateinamerika nicht auf \u2013 unter Trump d\u00fcrfte sich das \u00e4ndern\"}]},{\"@type\":\"WebSite\",\"@id\":\"https:\/\/now-news.de\/de\/#website\",\"url\":\"https:\/\/now-news.de\/de\/\",\"name\":\"just-now.NEWS Deutschland\",\"description\":\"Das Portal f\u00fcr unzensierte Nachrichten aus der Welt\",\"publisher\":{\"@id\":\"https:\/\/now-news.de\/de\/#organization\"},\"potentialAction\":[{\"@type\":\"SearchAction\",\"target\":{\"@type\":\"EntryPoint\",\"urlTemplate\":\"https:\/\/now-news.de\/de\/?s={search_term_string}\"},\"query-input\":\"required name=search_term_string\"}],\"inLanguage\":\"de\"},{\"@type\":\"Organization\",\"@id\":\"https:\/\/now-news.de\/de\/#organization\",\"name\":\"Just Now News\",\"url\":\"https:\/\/now-news.de\/de\/\",\"logo\":{\"@type\":\"ImageObject\",\"inLanguage\":\"de\",\"@id\":\"https:\/\/now-news.de\/de\/#\/schema\/logo\/image\/\",\"url\":\"http:\/\/just-now.news\/de\/wp-content\/uploads\/sites\/3\/2022\/04\/logo500x500.jpg\",\"contentUrl\":\"http:\/\/just-now.news\/de\/wp-content\/uploads\/sites\/3\/2022\/04\/logo500x500.jpg\",\"width\":500,\"height\":500,\"caption\":\"Just Now News\"},\"image\":{\"@id\":\"https:\/\/now-news.de\/de\/#\/schema\/logo\/image\/\"},\"sameAs\":[\"https:\/\/www.facebook.com\/wirmachenauf\",\"https:\/\/x.com\/WirMachenAuf_de\"]},{\"@type\":\"Person\",\"@id\":\"https:\/\/now-news.de\/de\/#\/schema\/person\/fb534a4e865501d8b3285208df34a9b5\",\"name\":\"rtnews\",\"image\":{\"@type\":\"ImageObject\",\"inLanguage\":\"de\",\"@id\":\"https:\/\/now-news.de\/de\/#\/schema\/person\/image\/\",\"url\":\"https:\/\/secure.gravatar.com\/avatar\/82aafea7d8127119dd649515f56e2117?s=96&d=mm&r=g\",\"contentUrl\":\"https:\/\/secure.gravatar.com\/avatar\/82aafea7d8127119dd649515f56e2117?s=96&d=mm&r=g\",\"caption\":\"rtnews\"},\"url\":\"https:\/\/now-news.de\/de\/author\/rnews\/\"}]}<\/script>\n<!-- \/ Yoast SEO Premium plugin. -->","yoast_head_json":{"title":"Blackwater-Gr\u00fcnder: USA passten in Lateinamerika nicht auf \u2013 unter Trump d\u00fcrfte sich das \u00e4ndern - just-now.NEWS Deutschland","robots":{"index":"index","follow":"follow","max-snippet":"max-snippet:-1","max-image-preview":"max-image-preview:large","max-video-preview":"max-video-preview:-1"},"canonical":"https:\/\/now-news.de\/de\/deutschland\/blackwater-gruender-usa-passten-in-lateinamerika-nicht-auf-unter-trump-duerfte-sich-das-aendern\/","og_locale":"de_DE","og_type":"article","og_title":"Blackwater-Gr\u00fcnder: USA passten in Lateinamerika nicht auf \u2013 unter Trump d\u00fcrfte sich das \u00e4ndern","og_description":"Der Gr\u00fcnder des ber\u00fcchtigten Milit\u00e4runternehmens Blackwater, das jetzt unter dem Namen Academi agiert, w\u00fcnscht sich viel mehr US-Engagement in den lateinamerikanischen L\u00e4ndern. In einem Interview spricht Erik Prince \u00fcber Vertr\u00e4ge mit einigen Staaten auf dem Kontinent. Das private Sicherheits- und Milit\u00e4runternehmen Blackwater, das jetzt unter dem Namen Academi firmiert, interessiert sich zunehmend f\u00fcr Lateinamerika. Sein [&hellip;]","og_url":"https:\/\/now-news.de\/de\/deutschland\/blackwater-gruender-usa-passten-in-lateinamerika-nicht-auf-unter-trump-duerfte-sich-das-aendern\/","og_site_name":"just-now.NEWS Deutschland","article_publisher":"https:\/\/www.facebook.com\/wirmachenauf","article_published_time":"2025-07-23T11:20:09+00:00","og_image":[{"url":"https:\/\/now-news.de\/de\/wp-content\/uploads\/sites\/3\/2025\/07\/6880c120b480cc169e14eabd.jpg"}],"author":"rtnews","twitter_card":"summary_large_image","twitter_creator":"@WirMachenAuf_de","twitter_site":"@WirMachenAuf_de","twitter_misc":{"Verfasst von":"rtnews","Gesch\u00e4tzte Lesezeit":"2\u00a0Minuten"},"schema":{"@context":"https:\/\/schema.org","@graph":[{"@type":"Article","@id":"https:\/\/now-news.de\/de\/deutschland\/blackwater-gruender-usa-passten-in-lateinamerika-nicht-auf-unter-trump-duerfte-sich-das-aendern\/#article","isPartOf":{"@id":"https:\/\/now-news.de\/de\/deutschland\/blackwater-gruender-usa-passten-in-lateinamerika-nicht-auf-unter-trump-duerfte-sich-das-aendern\/"},"author":{"name":"rtnews","@id":"https:\/\/now-news.de\/de\/#\/schema\/person\/fb534a4e865501d8b3285208df34a9b5"},"headline":"Blackwater-Gr\u00fcnder: USA passten in Lateinamerika nicht auf \u2013 unter Trump d\u00fcrfte sich das \u00e4ndern","datePublished":"2025-07-23T11:20:09+00:00","dateModified":"2025-07-23T11:20:09+00:00","mainEntityOfPage":{"@id":"https:\/\/now-news.de\/de\/deutschland\/blackwater-gruender-usa-passten-in-lateinamerika-nicht-auf-unter-trump-duerfte-sich-das-aendern\/"},"wordCount":465,"commentCount":0,"publisher":{"@id":"https:\/\/now-news.de\/de\/#organization"},"image":{"@id":"https:\/\/now-news.de\/de\/deutschland\/blackwater-gruender-usa-passten-in-lateinamerika-nicht-auf-unter-trump-duerfte-sich-das-aendern\/#primaryimage"},"thumbnailUrl":"https:\/\/now-news.de\/de\/wp-content\/uploads\/sites\/3\/2025\/07\/Blackwater-Gruender-USA-passten-in-Lateinamerika-nicht-auf-\u2013-unter-Trump.jpg","keywords":["\u00e4ndern","AUF","BlackwaterGr\u00fcnder","das","d\u00fcrfte","Lateinamerika","nicht","passten","sich","trump","unter","USA"],"articleSection":["Deutschland","Russland"],"inLanguage":"de","potentialAction":[{"@type":"CommentAction","name":"Comment","target":["https:\/\/now-news.de\/de\/deutschland\/blackwater-gruender-usa-passten-in-lateinamerika-nicht-auf-unter-trump-duerfte-sich-das-aendern\/#respond"]}]},{"@type":"WebPage","@id":"https:\/\/now-news.de\/de\/deutschland\/blackwater-gruender-usa-passten-in-lateinamerika-nicht-auf-unter-trump-duerfte-sich-das-aendern\/","url":"https:\/\/now-news.de\/de\/deutschland\/blackwater-gruender-usa-passten-in-lateinamerika-nicht-auf-unter-trump-duerfte-sich-das-aendern\/","name":"Blackwater-Gr\u00fcnder: USA passten in Lateinamerika nicht auf \u2013 unter Trump d\u00fcrfte sich das \u00e4ndern - just-now.NEWS Deutschland","isPartOf":{"@id":"https:\/\/now-news.de\/de\/#website"},"primaryImageOfPage":{"@id":"https:\/\/now-news.de\/de\/deutschland\/blackwater-gruender-usa-passten-in-lateinamerika-nicht-auf-unter-trump-duerfte-sich-das-aendern\/#primaryimage"},"image":{"@id":"https:\/\/now-news.de\/de\/deutschland\/blackwater-gruender-usa-passten-in-lateinamerika-nicht-auf-unter-trump-duerfte-sich-das-aendern\/#primaryimage"},"thumbnailUrl":"https:\/\/now-news.de\/de\/wp-content\/uploads\/sites\/3\/2025\/07\/Blackwater-Gruender-USA-passten-in-Lateinamerika-nicht-auf-\u2013-unter-Trump.jpg","datePublished":"2025-07-23T11:20:09+00:00","dateModified":"2025-07-23T11:20:09+00:00","breadcrumb":{"@id":"https:\/\/now-news.de\/de\/deutschland\/blackwater-gruender-usa-passten-in-lateinamerika-nicht-auf-unter-trump-duerfte-sich-das-aendern\/#breadcrumb"},"inLanguage":"de","potentialAction":[{"@type":"ReadAction","target":["https:\/\/now-news.de\/de\/deutschland\/blackwater-gruender-usa-passten-in-lateinamerika-nicht-auf-unter-trump-duerfte-sich-das-aendern\/"]}]},{"@type":"ImageObject","inLanguage":"de","@id":"https:\/\/now-news.de\/de\/deutschland\/blackwater-gruender-usa-passten-in-lateinamerika-nicht-auf-unter-trump-duerfte-sich-das-aendern\/#primaryimage","url":"https:\/\/now-news.de\/de\/wp-content\/uploads\/sites\/3\/2025\/07\/Blackwater-Gruender-USA-passten-in-Lateinamerika-nicht-auf-\u2013-unter-Trump.jpg","contentUrl":"https:\/\/now-news.de\/de\/wp-content\/uploads\/sites\/3\/2025\/07\/Blackwater-Gruender-USA-passten-in-Lateinamerika-nicht-auf-\u2013-unter-Trump.jpg","width":460,"height":259,"caption":"Blackwater-Gr\u00fcnder: USA passten in Lateinamerika nicht auf \u2013 unter Trump d\u00fcrfte sich das \u00e4ndern"},{"@type":"BreadcrumbList","@id":"https:\/\/now-news.de\/de\/deutschland\/blackwater-gruender-usa-passten-in-lateinamerika-nicht-auf-unter-trump-duerfte-sich-das-aendern\/#breadcrumb","itemListElement":[{"@type":"ListItem","position":1,"name":"Home","item":"https:\/\/now-news.de\/de\/"},{"@type":"ListItem","position":2,"name":"Blackwater-Gr\u00fcnder: USA passten in Lateinamerika nicht auf \u2013 unter Trump d\u00fcrfte sich das \u00e4ndern"}]},{"@type":"WebSite","@id":"https:\/\/now-news.de\/de\/#website","url":"https:\/\/now-news.de\/de\/","name":"just-now.NEWS Deutschland","description":"Das Portal f\u00fcr unzensierte Nachrichten aus der Welt","publisher":{"@id":"https:\/\/now-news.de\/de\/#organization"},"potentialAction":[{"@type":"SearchAction","target":{"@type":"EntryPoint","urlTemplate":"https:\/\/now-news.de\/de\/?s={search_term_string}"},"query-input":"required name=search_term_string"}],"inLanguage":"de"},{"@type":"Organization","@id":"https:\/\/now-news.de\/de\/#organization","name":"Just Now News","url":"https:\/\/now-news.de\/de\/","logo":{"@type":"ImageObject","inLanguage":"de","@id":"https:\/\/now-news.de\/de\/#\/schema\/logo\/image\/","url":"http:\/\/just-now.news\/de\/wp-content\/uploads\/sites\/3\/2022\/04\/logo500x500.jpg","contentUrl":"http:\/\/just-now.news\/de\/wp-content\/uploads\/sites\/3\/2022\/04\/logo500x500.jpg","width":500,"height":500,"caption":"Just Now News"},"image":{"@id":"https:\/\/now-news.de\/de\/#\/schema\/logo\/image\/"},"sameAs":["https:\/\/www.facebook.com\/wirmachenauf","https:\/\/x.com\/WirMachenAuf_de"]},{"@type":"Person","@id":"https:\/\/now-news.de\/de\/#\/schema\/person\/fb534a4e865501d8b3285208df34a9b5","name":"rtnews","image":{"@type":"ImageObject","inLanguage":"de","@id":"https:\/\/now-news.de\/de\/#\/schema\/person\/image\/","url":"https:\/\/secure.gravatar.com\/avatar\/82aafea7d8127119dd649515f56e2117?s=96&d=mm&r=g","contentUrl":"https:\/\/secure.gravatar.com\/avatar\/82aafea7d8127119dd649515f56e2117?s=96&d=mm&r=g","caption":"rtnews"},"url":"https:\/\/now-news.de\/de\/author\/rnews\/"}]}},"_links":{"self":[{"href":"https:\/\/now-news.de\/de\/wp-json\/wp\/v2\/posts\/87647"}],"collection":[{"href":"https:\/\/now-news.de\/de\/wp-json\/wp\/v2\/posts"}],"about":[{"href":"https:\/\/now-news.de\/de\/wp-json\/wp\/v2\/types\/post"}],"author":[{"embeddable":true,"href":"https:\/\/now-news.de\/de\/wp-json\/wp\/v2\/users\/3"}],"replies":[{"embeddable":true,"href":"https:\/\/now-news.de\/de\/wp-json\/wp\/v2\/comments?post=87647"}],"version-history":[{"count":0,"href":"https:\/\/now-news.de\/de\/wp-json\/wp\/v2\/posts\/87647\/revisions"}],"wp:featuredmedia":[{"embeddable":true,"href":"https:\/\/now-news.de\/de\/wp-json\/wp\/v2\/media\/87648"}],"wp:attachment":[{"href":"https:\/\/now-news.de\/de\/wp-json\/wp\/v2\/media?parent=87647"}],"wp:term":[{"taxonomy":"category","embeddable":true,"href":"https:\/\/now-news.de\/de\/wp-json\/wp\/v2\/categories?post=87647"},{"taxonomy":"post_tag","embeddable":true,"href":"https:\/\/now-news.de\/de\/wp-json\/wp\/v2\/tags?post=87647"}],"curies":[{"name":"wp","href":"https:\/\/api.w.org\/{rel}","templated":true}]}}