{"id":87525,"date":"2025-07-20T19:03:04","date_gmt":"2025-07-20T17:03:04","guid":{"rendered":"https:\/\/now-news.de\/de\/deutschland\/klingbeil-eu-im-zollkrieg-mit-usa-fuer-gegenmassnahmen-bereit\/"},"modified":"2025-07-20T19:03:04","modified_gmt":"2025-07-20T17:03:04","slug":"klingbeil-eu-im-zollkrieg-mit-usa-fuer-gegenmassnahmen-bereit","status":"publish","type":"post","link":"https:\/\/now-news.de\/de\/deutschland\/klingbeil-eu-im-zollkrieg-mit-usa-fuer-gegenmassnahmen-bereit\/","title":{"rendered":"Klingbeil: EU im Zollkrieg mit USA f\u00fcr Gegenma\u00dfnahmen bereit"},"content":{"rendered":"<p><img decoding=\"async\" src=\"https:\/\/now-news.de\/de\/wp-content\/uploads\/sites\/3\/2025\/07\/687ccc9248fbef12597894a4.jpg\" \/><\/p>\n<div class=\"Text-root Text-type_1 \">\n                Bei Inkrafttreten der US-Z\u00f6lle auf EU-Importe w\u00fcrde die deutsche Wirtschaft erneut in die Rezession zur\u00fcckfallen. Dennoch m\u00fcsse man sich mit den USA nicht um jeden Preis einigen, so Klingbeil. Die EU sei jederzeit bereit, ihre Unternehmen mit entschlossenen Gegenma\u00dfnahmen zu sch\u00fctzen.\n            <\/div>\n<p><\/p>\n<div class=\"Text-root Text-type_5 ArticleView-text ViewText-root \">\n<p>Am Rande eines G20-Treffens im s\u00fcdafrikanischen Durban \u00e4u\u00dferte sich Bundesbank-Pr\u00e4sident Joachim Nagel zur Perspektive f\u00fcr die deutsche Wirtschaft. Ihm zufolge k\u00f6nnten die von US-Pr\u00e4sident Donald Trump angek\u00fcndigten Z\u00f6lle in Deutschland erneut zu einer Rezession f\u00fchren. Der US-Pr\u00e4sident hatte auf Importe aus der Europ\u00e4ischen Union Z\u00f6lle von 30 Prozent angek\u00fcndigt. Diese sollten ab dem 1. August in Kraft treten.<\/p>\n<p>Infolgedessen k\u00f6nnte noch in diesem Jahr das Bruttoinlandsprodukt zur\u00fcckgehen. Das f\u00fcr das Jahr 2026 erwartete Wachstum von 0,7 Prozent k\u00f6nnte komplett &#8220;aufgefressen werden&#8221;, zitierte das <em>Handelsblatt<\/em> den Bundesbankpr\u00e4sidenten <a rel=\"nofollow noopener\" target=\"_blank\" href=\"https:\/\/www.handelsblatt.com\/politik\/konjunktur\/konjunktur-us-zoelle-koennten-laut-bundesbank-chef-weitere-rezession-bringen\/100142611.html\">am Freitag.<\/a> Nagel erkl\u00e4rte, dass die Unternehmen auch jetzt schon eine gro\u00dfe Unsicherheit versp\u00fcren w\u00fcrden. Diese wirtschaftliche Unsicherheit sei f\u00fcr Unternehmer wie eine Art &#8220;leise Steuer&#8221;, hie\u00df es im <em>Handelsblatt<\/em>.<\/p>\n<p>Allerdings machte Nagel auch die Aussage, dass Deutschland dennoch keine Zolleinigung um jeden Preis durchf\u00fchren d\u00fcrfe. Er \u00e4u\u00dferte, wozu er die USA in dieser Situation auffordern wolle: &#8220;Und da geht auch mein Wunsch, meine Aufforderung an die US-Seite, hier nicht mit der Situation ein St\u00fcck weit zu spielen.&#8221; Falls nun eine Wirtschaftspolitik gemacht w\u00fcrde, die zu einem weltweiten Schaden f\u00fchre, gef\u00e4hrde das unser aller Wohlstand. Mit seinen Worten warnte er: Am Ende stehe &#8220;unser aller Wohlstand auf dem Spiel, wenn man hier m\u00f6glicherweise Wirtschaftspolitik macht, die global gro\u00dfen Schaden anrichten kann&#8221;.<\/p>\n<p>Dem Bericht zufolge ist die deutsche Wirtschaftsleistung in den vergangenen beiden Jahren leicht zur\u00fcckgegangen. Im ersten Quartal dieses Jahres habe das Bruttoinlandsprodukt in Deutschland wieder leicht zugelegt.<\/p>\n<p>Auch Bundesfinanzminister <a rel=\"nofollow noopener\" target=\"_blank\" href=\"https:\/\/www.handelsblatt.com\/themen\/lars-klingbeil\">Lars Klingbeil<\/a> \u00e4u\u00dferte sich in Durban zum Zollstreit. Er erkl\u00e4rte, man sei sich mit dem US-Finanzminister Scott Bessent in dem Punkt einig, dass man eine L\u00f6sung finden m\u00fcsse. Gleichzeitig machte auch Klingbeil deutlich, er wolle mit den USA keine Einigung um jeden Preis. Er sagte: &#8220;Es wird keinen Deal um jeden Preis geben.&#8221; Jederzeit sei die Europ\u00e4ische Union dazu bereit, Arbeitspl\u00e4tze und Unternehmen in der EU mit entschlossenen Gegenma\u00dfnahmen zu sch\u00fctzen. Was er konkret plant, f\u00fchrte er nicht aus.<\/p>\n<p><strong>Mehr zum Thema<\/strong>\u00a0\u2013\u00a0<a rel=\"nofollow noopener\" target=\"_blank\" href=\"https:\/\/dert.online\/meinung\/251005-nicht-alle-europaeer-wollen-us\/\">Nicht alle Europ\u00e4er wollen den US-amerikanischen Milit\u00e4r-Industrie-Komplex finanzieren<\/a><\/p>\n<div class=\"EmbedBlock-root EmbedBlock-externalVideo EmbedBlock-rumble\">\n<div class=\"VkEmbed\"><iframe class=\"lazyload\" data-src=\"https:\/\/rumble.com\/embed\/v6u72zk\" frameborder=\"0\" width=\"853\" height=\"480\" allowfullscreen><\/iframe><\/div>\n<\/div>\n<\/div>\n<p><br \/>\n<br \/><a href=\"https:\/\/de.rt.com\/inland\/251174-klingbeil-eu-im-zollkrieg-mit\/\">Source link <\/a><\/p>\n","protected":false},"excerpt":{"rendered":"<p>Bei Inkrafttreten der US-Z\u00f6lle auf EU-Importe w\u00fcrde die deutsche Wirtschaft erneut in die Rezession zur\u00fcckfallen. Dennoch m\u00fcsse man sich mit den USA nicht um jeden Preis einigen, so Klingbeil. Die EU sei jederzeit bereit, ihre Unternehmen mit entschlossenen Gegenma\u00dfnahmen zu sch\u00fctzen. Am Rande eines G20-Treffens im s\u00fcdafrikanischen Durban \u00e4u\u00dferte sich Bundesbank-Pr\u00e4sident Joachim Nagel zur Perspektive [&hellip;]<\/p>\n","protected":false},"author":3,"featured_media":87526,"comment_status":"open","ping_status":"open","sticky":false,"template":"","format":"standard","meta":{"_yoast_indexnow_last_ping":["1753031319"],"wp_automatic_camp":["217"],"505728d58e9cd441245ca782cf09bd23":["Klingbeil: EU im Zollkrieg mit USA f\u00fcr Gegenma\u00dfnahmen bereit"],"original_link":["https:\/\/de.rt.com\/inland\/251174-klingbeil-eu-im-zollkrieg-mit\/"],"_thumbnail_id":["87526"],"jnews_social_counter_last_update":["1777217362"],"_wptgpro_p2tg_sent2tg":["a:1:{i:23737;s:19:\"2025-07-20 19:09:41\";}"]},"categories":[19,23],"tags":[964,221,19240,18061,419,193,60587],"yoast_head":"<!-- This site is optimized with the Yoast SEO Premium plugin v22.7 (Yoast SEO v22.7) - https:\/\/yoast.com\/wordpress\/plugins\/seo\/ -->\n<title>Klingbeil: EU im Zollkrieg mit USA f\u00fcr Gegenma\u00dfnahmen bereit - just-now.NEWS Deutschland<\/title>\n<meta name=\"robots\" content=\"index, follow, max-snippet:-1, max-image-preview:large, max-video-preview:-1\" \/>\n<link rel=\"canonical\" href=\"https:\/\/now-news.de\/de\/deutschland\/klingbeil-eu-im-zollkrieg-mit-usa-fuer-gegenmassnahmen-bereit\/\" \/>\n<meta property=\"og:locale\" content=\"de_DE\" \/>\n<meta property=\"og:type\" content=\"article\" \/>\n<meta property=\"og:title\" content=\"Klingbeil: EU im Zollkrieg mit USA f\u00fcr Gegenma\u00dfnahmen bereit\" \/>\n<meta property=\"og:description\" content=\"Bei Inkrafttreten der US-Z\u00f6lle auf EU-Importe w\u00fcrde die deutsche Wirtschaft erneut in die Rezession zur\u00fcckfallen. Dennoch m\u00fcsse man sich mit den USA nicht um jeden Preis einigen, so Klingbeil. Die EU sei jederzeit bereit, ihre Unternehmen mit entschlossenen Gegenma\u00dfnahmen zu sch\u00fctzen. Am Rande eines G20-Treffens im s\u00fcdafrikanischen Durban \u00e4u\u00dferte sich Bundesbank-Pr\u00e4sident Joachim Nagel zur Perspektive [&hellip;]\" \/>\n<meta property=\"og:url\" content=\"https:\/\/now-news.de\/de\/deutschland\/klingbeil-eu-im-zollkrieg-mit-usa-fuer-gegenmassnahmen-bereit\/\" \/>\n<meta property=\"og:site_name\" content=\"just-now.NEWS Deutschland\" \/>\n<meta property=\"article:publisher\" content=\"https:\/\/www.facebook.com\/wirmachenauf\" \/>\n<meta property=\"article:published_time\" content=\"2025-07-20T17:03:04+00:00\" \/>\n<meta property=\"og:image\" content=\"https:\/\/now-news.de\/de\/wp-content\/uploads\/sites\/3\/2025\/07\/687ccc9248fbef12597894a4.jpg\" \/>\n<meta name=\"author\" content=\"rtnews\" \/>\n<meta name=\"twitter:card\" content=\"summary_large_image\" \/>\n<meta name=\"twitter:creator\" content=\"@WirMachenAuf_de\" \/>\n<meta name=\"twitter:site\" content=\"@WirMachenAuf_de\" \/>\n<meta name=\"twitter:label1\" content=\"Verfasst von\" \/>\n\t<meta name=\"twitter:data1\" content=\"rtnews\" \/>\n\t<meta name=\"twitter:label2\" content=\"Gesch\u00e4tzte Lesezeit\" \/>\n\t<meta name=\"twitter:data2\" content=\"2\u00a0Minuten\" \/>\n<script type=\"application\/ld+json\" class=\"yoast-schema-graph\">{\"@context\":\"https:\/\/schema.org\",\"@graph\":[{\"@type\":\"Article\",\"@id\":\"https:\/\/now-news.de\/de\/deutschland\/klingbeil-eu-im-zollkrieg-mit-usa-fuer-gegenmassnahmen-bereit\/#article\",\"isPartOf\":{\"@id\":\"https:\/\/now-news.de\/de\/deutschland\/klingbeil-eu-im-zollkrieg-mit-usa-fuer-gegenmassnahmen-bereit\/\"},\"author\":{\"name\":\"rtnews\",\"@id\":\"https:\/\/now-news.de\/de\/#\/schema\/person\/fb534a4e865501d8b3285208df34a9b5\"},\"headline\":\"Klingbeil: EU im Zollkrieg mit USA f\u00fcr Gegenma\u00dfnahmen bereit\",\"datePublished\":\"2025-07-20T17:03:04+00:00\",\"dateModified\":\"2025-07-20T17:03:04+00:00\",\"mainEntityOfPage\":{\"@id\":\"https:\/\/now-news.de\/de\/deutschland\/klingbeil-eu-im-zollkrieg-mit-usa-fuer-gegenmassnahmen-bereit\/\"},\"wordCount\":428,\"commentCount\":0,\"publisher\":{\"@id\":\"https:\/\/now-news.de\/de\/#organization\"},\"image\":{\"@id\":\"https:\/\/now-news.de\/de\/deutschland\/klingbeil-eu-im-zollkrieg-mit-usa-fuer-gegenmassnahmen-bereit\/#primaryimage\"},\"thumbnailUrl\":\"https:\/\/now-news.de\/de\/wp-content\/uploads\/sites\/3\/2025\/07\/Klingbeil-EU-im-Zollkrieg-mit-USA-fuer-Gegenmassnahmen-bereit.jpg\",\"keywords\":[\"bereit\",\"f\u00fcr\",\"Gegenma\u00dfnahmen\",\"Klingbeil\",\"mit\",\"USA\",\"Zollkrieg\"],\"articleSection\":[\"Deutschland\",\"Russland\"],\"inLanguage\":\"de\",\"potentialAction\":[{\"@type\":\"CommentAction\",\"name\":\"Comment\",\"target\":[\"https:\/\/now-news.de\/de\/deutschland\/klingbeil-eu-im-zollkrieg-mit-usa-fuer-gegenmassnahmen-bereit\/#respond\"]}]},{\"@type\":\"WebPage\",\"@id\":\"https:\/\/now-news.de\/de\/deutschland\/klingbeil-eu-im-zollkrieg-mit-usa-fuer-gegenmassnahmen-bereit\/\",\"url\":\"https:\/\/now-news.de\/de\/deutschland\/klingbeil-eu-im-zollkrieg-mit-usa-fuer-gegenmassnahmen-bereit\/\",\"name\":\"Klingbeil: EU im Zollkrieg mit USA f\u00fcr Gegenma\u00dfnahmen bereit - just-now.NEWS Deutschland\",\"isPartOf\":{\"@id\":\"https:\/\/now-news.de\/de\/#website\"},\"primaryImageOfPage\":{\"@id\":\"https:\/\/now-news.de\/de\/deutschland\/klingbeil-eu-im-zollkrieg-mit-usa-fuer-gegenmassnahmen-bereit\/#primaryimage\"},\"image\":{\"@id\":\"https:\/\/now-news.de\/de\/deutschland\/klingbeil-eu-im-zollkrieg-mit-usa-fuer-gegenmassnahmen-bereit\/#primaryimage\"},\"thumbnailUrl\":\"https:\/\/now-news.de\/de\/wp-content\/uploads\/sites\/3\/2025\/07\/Klingbeil-EU-im-Zollkrieg-mit-USA-fuer-Gegenmassnahmen-bereit.jpg\",\"datePublished\":\"2025-07-20T17:03:04+00:00\",\"dateModified\":\"2025-07-20T17:03:04+00:00\",\"breadcrumb\":{\"@id\":\"https:\/\/now-news.de\/de\/deutschland\/klingbeil-eu-im-zollkrieg-mit-usa-fuer-gegenmassnahmen-bereit\/#breadcrumb\"},\"inLanguage\":\"de\",\"potentialAction\":[{\"@type\":\"ReadAction\",\"target\":[\"https:\/\/now-news.de\/de\/deutschland\/klingbeil-eu-im-zollkrieg-mit-usa-fuer-gegenmassnahmen-bereit\/\"]}]},{\"@type\":\"ImageObject\",\"inLanguage\":\"de\",\"@id\":\"https:\/\/now-news.de\/de\/deutschland\/klingbeil-eu-im-zollkrieg-mit-usa-fuer-gegenmassnahmen-bereit\/#primaryimage\",\"url\":\"https:\/\/now-news.de\/de\/wp-content\/uploads\/sites\/3\/2025\/07\/Klingbeil-EU-im-Zollkrieg-mit-USA-fuer-Gegenmassnahmen-bereit.jpg\",\"contentUrl\":\"https:\/\/now-news.de\/de\/wp-content\/uploads\/sites\/3\/2025\/07\/Klingbeil-EU-im-Zollkrieg-mit-USA-fuer-Gegenmassnahmen-bereit.jpg\",\"width\":460,\"height\":259,\"caption\":\"Klingbeil: EU im Zollkrieg mit USA f\u00fcr Gegenma\u00dfnahmen bereit\"},{\"@type\":\"BreadcrumbList\",\"@id\":\"https:\/\/now-news.de\/de\/deutschland\/klingbeil-eu-im-zollkrieg-mit-usa-fuer-gegenmassnahmen-bereit\/#breadcrumb\",\"itemListElement\":[{\"@type\":\"ListItem\",\"position\":1,\"name\":\"Home\",\"item\":\"https:\/\/now-news.de\/de\/\"},{\"@type\":\"ListItem\",\"position\":2,\"name\":\"Klingbeil: EU im Zollkrieg mit USA f\u00fcr Gegenma\u00dfnahmen bereit\"}]},{\"@type\":\"WebSite\",\"@id\":\"https:\/\/now-news.de\/de\/#website\",\"url\":\"https:\/\/now-news.de\/de\/\",\"name\":\"just-now.NEWS Deutschland\",\"description\":\"Das Portal f\u00fcr unzensierte Nachrichten aus der Welt\",\"publisher\":{\"@id\":\"https:\/\/now-news.de\/de\/#organization\"},\"potentialAction\":[{\"@type\":\"SearchAction\",\"target\":{\"@type\":\"EntryPoint\",\"urlTemplate\":\"https:\/\/now-news.de\/de\/?s={search_term_string}\"},\"query-input\":\"required name=search_term_string\"}],\"inLanguage\":\"de\"},{\"@type\":\"Organization\",\"@id\":\"https:\/\/now-news.de\/de\/#organization\",\"name\":\"Just Now News\",\"url\":\"https:\/\/now-news.de\/de\/\",\"logo\":{\"@type\":\"ImageObject\",\"inLanguage\":\"de\",\"@id\":\"https:\/\/now-news.de\/de\/#\/schema\/logo\/image\/\",\"url\":\"http:\/\/just-now.news\/de\/wp-content\/uploads\/sites\/3\/2022\/04\/logo500x500.jpg\",\"contentUrl\":\"http:\/\/just-now.news\/de\/wp-content\/uploads\/sites\/3\/2022\/04\/logo500x500.jpg\",\"width\":500,\"height\":500,\"caption\":\"Just Now News\"},\"image\":{\"@id\":\"https:\/\/now-news.de\/de\/#\/schema\/logo\/image\/\"},\"sameAs\":[\"https:\/\/www.facebook.com\/wirmachenauf\",\"https:\/\/x.com\/WirMachenAuf_de\"]},{\"@type\":\"Person\",\"@id\":\"https:\/\/now-news.de\/de\/#\/schema\/person\/fb534a4e865501d8b3285208df34a9b5\",\"name\":\"rtnews\",\"image\":{\"@type\":\"ImageObject\",\"inLanguage\":\"de\",\"@id\":\"https:\/\/now-news.de\/de\/#\/schema\/person\/image\/\",\"url\":\"https:\/\/secure.gravatar.com\/avatar\/82aafea7d8127119dd649515f56e2117?s=96&d=mm&r=g\",\"contentUrl\":\"https:\/\/secure.gravatar.com\/avatar\/82aafea7d8127119dd649515f56e2117?s=96&d=mm&r=g\",\"caption\":\"rtnews\"},\"url\":\"https:\/\/now-news.de\/de\/author\/rnews\/\"}]}<\/script>\n<!-- \/ Yoast SEO Premium plugin. -->","yoast_head_json":{"title":"Klingbeil: EU im Zollkrieg mit USA f\u00fcr Gegenma\u00dfnahmen bereit - just-now.NEWS Deutschland","robots":{"index":"index","follow":"follow","max-snippet":"max-snippet:-1","max-image-preview":"max-image-preview:large","max-video-preview":"max-video-preview:-1"},"canonical":"https:\/\/now-news.de\/de\/deutschland\/klingbeil-eu-im-zollkrieg-mit-usa-fuer-gegenmassnahmen-bereit\/","og_locale":"de_DE","og_type":"article","og_title":"Klingbeil: EU im Zollkrieg mit USA f\u00fcr Gegenma\u00dfnahmen bereit","og_description":"Bei Inkrafttreten der US-Z\u00f6lle auf EU-Importe w\u00fcrde die deutsche Wirtschaft erneut in die Rezession zur\u00fcckfallen. Dennoch m\u00fcsse man sich mit den USA nicht um jeden Preis einigen, so Klingbeil. Die EU sei jederzeit bereit, ihre Unternehmen mit entschlossenen Gegenma\u00dfnahmen zu sch\u00fctzen. Am Rande eines G20-Treffens im s\u00fcdafrikanischen Durban \u00e4u\u00dferte sich Bundesbank-Pr\u00e4sident Joachim Nagel zur Perspektive [&hellip;]","og_url":"https:\/\/now-news.de\/de\/deutschland\/klingbeil-eu-im-zollkrieg-mit-usa-fuer-gegenmassnahmen-bereit\/","og_site_name":"just-now.NEWS Deutschland","article_publisher":"https:\/\/www.facebook.com\/wirmachenauf","article_published_time":"2025-07-20T17:03:04+00:00","og_image":[{"url":"https:\/\/now-news.de\/de\/wp-content\/uploads\/sites\/3\/2025\/07\/687ccc9248fbef12597894a4.jpg"}],"author":"rtnews","twitter_card":"summary_large_image","twitter_creator":"@WirMachenAuf_de","twitter_site":"@WirMachenAuf_de","twitter_misc":{"Verfasst von":"rtnews","Gesch\u00e4tzte Lesezeit":"2\u00a0Minuten"},"schema":{"@context":"https:\/\/schema.org","@graph":[{"@type":"Article","@id":"https:\/\/now-news.de\/de\/deutschland\/klingbeil-eu-im-zollkrieg-mit-usa-fuer-gegenmassnahmen-bereit\/#article","isPartOf":{"@id":"https:\/\/now-news.de\/de\/deutschland\/klingbeil-eu-im-zollkrieg-mit-usa-fuer-gegenmassnahmen-bereit\/"},"author":{"name":"rtnews","@id":"https:\/\/now-news.de\/de\/#\/schema\/person\/fb534a4e865501d8b3285208df34a9b5"},"headline":"Klingbeil: EU im Zollkrieg mit USA f\u00fcr Gegenma\u00dfnahmen bereit","datePublished":"2025-07-20T17:03:04+00:00","dateModified":"2025-07-20T17:03:04+00:00","mainEntityOfPage":{"@id":"https:\/\/now-news.de\/de\/deutschland\/klingbeil-eu-im-zollkrieg-mit-usa-fuer-gegenmassnahmen-bereit\/"},"wordCount":428,"commentCount":0,"publisher":{"@id":"https:\/\/now-news.de\/de\/#organization"},"image":{"@id":"https:\/\/now-news.de\/de\/deutschland\/klingbeil-eu-im-zollkrieg-mit-usa-fuer-gegenmassnahmen-bereit\/#primaryimage"},"thumbnailUrl":"https:\/\/now-news.de\/de\/wp-content\/uploads\/sites\/3\/2025\/07\/Klingbeil-EU-im-Zollkrieg-mit-USA-fuer-Gegenmassnahmen-bereit.jpg","keywords":["bereit","f\u00fcr","Gegenma\u00dfnahmen","Klingbeil","mit","USA","Zollkrieg"],"articleSection":["Deutschland","Russland"],"inLanguage":"de","potentialAction":[{"@type":"CommentAction","name":"Comment","target":["https:\/\/now-news.de\/de\/deutschland\/klingbeil-eu-im-zollkrieg-mit-usa-fuer-gegenmassnahmen-bereit\/#respond"]}]},{"@type":"WebPage","@id":"https:\/\/now-news.de\/de\/deutschland\/klingbeil-eu-im-zollkrieg-mit-usa-fuer-gegenmassnahmen-bereit\/","url":"https:\/\/now-news.de\/de\/deutschland\/klingbeil-eu-im-zollkrieg-mit-usa-fuer-gegenmassnahmen-bereit\/","name":"Klingbeil: EU im Zollkrieg mit USA f\u00fcr Gegenma\u00dfnahmen bereit - just-now.NEWS Deutschland","isPartOf":{"@id":"https:\/\/now-news.de\/de\/#website"},"primaryImageOfPage":{"@id":"https:\/\/now-news.de\/de\/deutschland\/klingbeil-eu-im-zollkrieg-mit-usa-fuer-gegenmassnahmen-bereit\/#primaryimage"},"image":{"@id":"https:\/\/now-news.de\/de\/deutschland\/klingbeil-eu-im-zollkrieg-mit-usa-fuer-gegenmassnahmen-bereit\/#primaryimage"},"thumbnailUrl":"https:\/\/now-news.de\/de\/wp-content\/uploads\/sites\/3\/2025\/07\/Klingbeil-EU-im-Zollkrieg-mit-USA-fuer-Gegenmassnahmen-bereit.jpg","datePublished":"2025-07-20T17:03:04+00:00","dateModified":"2025-07-20T17:03:04+00:00","breadcrumb":{"@id":"https:\/\/now-news.de\/de\/deutschland\/klingbeil-eu-im-zollkrieg-mit-usa-fuer-gegenmassnahmen-bereit\/#breadcrumb"},"inLanguage":"de","potentialAction":[{"@type":"ReadAction","target":["https:\/\/now-news.de\/de\/deutschland\/klingbeil-eu-im-zollkrieg-mit-usa-fuer-gegenmassnahmen-bereit\/"]}]},{"@type":"ImageObject","inLanguage":"de","@id":"https:\/\/now-news.de\/de\/deutschland\/klingbeil-eu-im-zollkrieg-mit-usa-fuer-gegenmassnahmen-bereit\/#primaryimage","url":"https:\/\/now-news.de\/de\/wp-content\/uploads\/sites\/3\/2025\/07\/Klingbeil-EU-im-Zollkrieg-mit-USA-fuer-Gegenmassnahmen-bereit.jpg","contentUrl":"https:\/\/now-news.de\/de\/wp-content\/uploads\/sites\/3\/2025\/07\/Klingbeil-EU-im-Zollkrieg-mit-USA-fuer-Gegenmassnahmen-bereit.jpg","width":460,"height":259,"caption":"Klingbeil: EU im Zollkrieg mit USA f\u00fcr Gegenma\u00dfnahmen bereit"},{"@type":"BreadcrumbList","@id":"https:\/\/now-news.de\/de\/deutschland\/klingbeil-eu-im-zollkrieg-mit-usa-fuer-gegenmassnahmen-bereit\/#breadcrumb","itemListElement":[{"@type":"ListItem","position":1,"name":"Home","item":"https:\/\/now-news.de\/de\/"},{"@type":"ListItem","position":2,"name":"Klingbeil: EU im Zollkrieg mit USA f\u00fcr Gegenma\u00dfnahmen bereit"}]},{"@type":"WebSite","@id":"https:\/\/now-news.de\/de\/#website","url":"https:\/\/now-news.de\/de\/","name":"just-now.NEWS Deutschland","description":"Das Portal f\u00fcr unzensierte Nachrichten aus der Welt","publisher":{"@id":"https:\/\/now-news.de\/de\/#organization"},"potentialAction":[{"@type":"SearchAction","target":{"@type":"EntryPoint","urlTemplate":"https:\/\/now-news.de\/de\/?s={search_term_string}"},"query-input":"required name=search_term_string"}],"inLanguage":"de"},{"@type":"Organization","@id":"https:\/\/now-news.de\/de\/#organization","name":"Just Now News","url":"https:\/\/now-news.de\/de\/","logo":{"@type":"ImageObject","inLanguage":"de","@id":"https:\/\/now-news.de\/de\/#\/schema\/logo\/image\/","url":"http:\/\/just-now.news\/de\/wp-content\/uploads\/sites\/3\/2022\/04\/logo500x500.jpg","contentUrl":"http:\/\/just-now.news\/de\/wp-content\/uploads\/sites\/3\/2022\/04\/logo500x500.jpg","width":500,"height":500,"caption":"Just Now News"},"image":{"@id":"https:\/\/now-news.de\/de\/#\/schema\/logo\/image\/"},"sameAs":["https:\/\/www.facebook.com\/wirmachenauf","https:\/\/x.com\/WirMachenAuf_de"]},{"@type":"Person","@id":"https:\/\/now-news.de\/de\/#\/schema\/person\/fb534a4e865501d8b3285208df34a9b5","name":"rtnews","image":{"@type":"ImageObject","inLanguage":"de","@id":"https:\/\/now-news.de\/de\/#\/schema\/person\/image\/","url":"https:\/\/secure.gravatar.com\/avatar\/82aafea7d8127119dd649515f56e2117?s=96&d=mm&r=g","contentUrl":"https:\/\/secure.gravatar.com\/avatar\/82aafea7d8127119dd649515f56e2117?s=96&d=mm&r=g","caption":"rtnews"},"url":"https:\/\/now-news.de\/de\/author\/rnews\/"}]}},"_links":{"self":[{"href":"https:\/\/now-news.de\/de\/wp-json\/wp\/v2\/posts\/87525"}],"collection":[{"href":"https:\/\/now-news.de\/de\/wp-json\/wp\/v2\/posts"}],"about":[{"href":"https:\/\/now-news.de\/de\/wp-json\/wp\/v2\/types\/post"}],"author":[{"embeddable":true,"href":"https:\/\/now-news.de\/de\/wp-json\/wp\/v2\/users\/3"}],"replies":[{"embeddable":true,"href":"https:\/\/now-news.de\/de\/wp-json\/wp\/v2\/comments?post=87525"}],"version-history":[{"count":0,"href":"https:\/\/now-news.de\/de\/wp-json\/wp\/v2\/posts\/87525\/revisions"}],"wp:featuredmedia":[{"embeddable":true,"href":"https:\/\/now-news.de\/de\/wp-json\/wp\/v2\/media\/87526"}],"wp:attachment":[{"href":"https:\/\/now-news.de\/de\/wp-json\/wp\/v2\/media?parent=87525"}],"wp:term":[{"taxonomy":"category","embeddable":true,"href":"https:\/\/now-news.de\/de\/wp-json\/wp\/v2\/categories?post=87525"},{"taxonomy":"post_tag","embeddable":true,"href":"https:\/\/now-news.de\/de\/wp-json\/wp\/v2\/tags?post=87525"}],"curies":[{"name":"wp","href":"https:\/\/api.w.org\/{rel}","templated":true}]}}