{"id":87501,"date":"2025-07-20T11:53:11","date_gmt":"2025-07-20T09:53:11","guid":{"rendered":"https:\/\/now-news.de\/de\/deutschland\/ab-2030-eu-plant-verbrenner-verbot-fuer-flotten-und-mietautos\/"},"modified":"2025-07-20T11:53:11","modified_gmt":"2025-07-20T09:53:11","slug":"ab-2030-eu-plant-verbrenner-verbot-fuer-flotten-und-mietautos","status":"publish","type":"post","link":"https:\/\/now-news.de\/de\/deutschland\/ab-2030-eu-plant-verbrenner-verbot-fuer-flotten-und-mietautos\/","title":{"rendered":"Ab 2030: EU plant Verbrenner-Verbot f\u00fcr Flotten und Mietautos"},"content":{"rendered":"<p><img decoding=\"async\" src=\"https:\/\/now-news.de\/de\/wp-content\/uploads\/sites\/3\/2025\/07\/687c93b948fbef07fb620f53.jpg\" \/><\/p>\n<div class=\"Text-root Text-type_1 \">\n                Die EU-Kommission plant, ab dem Jahr 2030 ein Verbrennerverbot f\u00fcr Mietwagenanbieter und Firmenflotten zu erlassen. Davon w\u00e4ren 60 Prozent des Neuwagengesch\u00e4fts betroffen.\n            <\/div>\n<p><\/p>\n<div class=\"Text-root Text-type_5 ArticleView-text ViewText-root \">\n<p>Wie die <em>Bild am Sonntag<\/em> berichtet, plant die EU-Kommission ab dem Jahr 2030 ein Verbrennerverbot f\u00fcr Mietwagenanbieter und Firmenflotten. Laut der Zeitung w\u00e4ren davon 60 Prozent des Neuwagengesch\u00e4fts betroffen. Der Rest des Absatzes entf\u00e4llt auf Privatkunden. EU-weit wurden im vergangenen Jahr 10,6 Millionen Fahrzeuge verkauft.<\/p>\n<p>Nach <em>Bild<\/em>-Informationen will die EU-Kommission die Neuregelung bereits im Sp\u00e4tsommer vorstellen und auf den parlamentarischen Weg bringen. EU-Rat und EU-Parlament m\u00fcssen anschlie\u00dfend zustimmen. Br\u00fcssel best\u00e4tigte, dass an einer Neuregelung gearbeitet wird. Zu Details wollte sich eine Sprecherin jedoch nicht \u00e4u\u00dfern.<\/p>\n<p data-selector=\"body-paragraph\" data-external-selector=\"body-elements-paragraph\" data-v-af81c750=\"\" data-v-439309db=\"\">Der Vorstand des Mietwagenanbieters Sixt, Nico Gabriel, bezeichnete das geplante Verbrennerverbot als praxisfremd. &#8220;Urlauber werden kaum noch Mietwagen nutzen, Verbraucher werden praktisch keine Fahrzeuge mehr leasen k\u00f6nnen.&#8221; In der ganzen EU fehle es schlicht an Lades\u00e4ulen. Die Folge: Letztlich d\u00fcrften Mietautos teurer werden.<\/p>\n<p>Im vergangenen Jahr wurden EU-weit 10,6 Millionen Fahrzeuge verkauft. Ein Gro\u00dfteil davon w\u00fcrde mit der neuen Regelung bereits im Jahr 2030 keine Neuzulassung mehr erhalten. Vor allem f\u00fcr Mietwagenanbieter w\u00e4re das eine folgenschwere Umstellung, die sich auf die Kosten f\u00fcr Kunden auswirken w\u00fcrde. Zuletzt haben viele Anbieter die Anzahl elektrisch betriebener Fahrzeuge reduziert.<\/p>\n<p><strong>Mehr zum Thema<\/strong> &#8211; <a rel=\"nofollow noopener\" target=\"_blank\" href=\"https:\/\/freedert.online\/meinung\/238550-billionenkredit-merz-schaltet-pluenderung-auf\/\">Billionenkredit \u2012 Merz schaltet die Pl\u00fcnderung auf Turbo<\/a><\/p>\n<div class=\"EmbedBlock-root EmbedBlock-externalVideo EmbedBlock-rumble\">\n<div class=\"VkEmbed\"><iframe class=\"lazyload\" data-src=\"https:\/\/rumble.com\/embed\/v6tt6ts\" frameborder=\"0\" width=\"853\" height=\"480\" allowfullscreen><\/iframe><\/div>\n<\/div>\n<\/div>\n<p><br \/>\n<br \/><a href=\"https:\/\/de.rt.com\/europa\/251162-ab-2030-eu-plant-verbrenner\/\">Source link <\/a><\/p>\n","protected":false},"excerpt":{"rendered":"<p>Die EU-Kommission plant, ab dem Jahr 2030 ein Verbrennerverbot f\u00fcr Mietwagenanbieter und Firmenflotten zu erlassen. Davon w\u00e4ren 60 Prozent des Neuwagengesch\u00e4fts betroffen. Wie die Bild am Sonntag berichtet, plant die EU-Kommission ab dem Jahr 2030 ein Verbrennerverbot f\u00fcr Mietwagenanbieter und Firmenflotten. Laut der Zeitung w\u00e4ren davon 60 Prozent des Neuwagengesch\u00e4fts betroffen. Der Rest des Absatzes [&hellip;]<\/p>\n","protected":false},"author":3,"featured_media":87502,"comment_status":"open","ping_status":"open","sticky":false,"template":"","format":"standard","meta":{"_yoast_indexnow_last_ping":["1753006174"],"wp_automatic_camp":["217"],"34b2c0c8168fe9edd11df05d56a5749e":["Ab 2030: EU plant Verbrenner-Verbot f\u00fcr Flotten und Mietautos"],"original_link":["https:\/\/de.rt.com\/europa\/251162-ab-2030-eu-plant-verbrenner\/"],"_thumbnail_id":["87502"],"jnews_social_counter_last_update":["1777655047"],"_wptgpro_p2tg_sent2tg":["a:1:{i:23737;s:19:\"2025-07-20 12:10:35\";}"]},"categories":[19,23],"tags":[56750,221,66484,2559,140,59490],"yoast_head":"<!-- This site is optimized with the Yoast SEO Premium plugin v22.7 (Yoast SEO v22.7) - https:\/\/yoast.com\/wordpress\/plugins\/seo\/ -->\n<title>Ab 2030: EU plant Verbrenner-Verbot f\u00fcr Flotten und Mietautos - just-now.NEWS Deutschland<\/title>\n<meta name=\"robots\" content=\"index, follow, max-snippet:-1, max-image-preview:large, max-video-preview:-1\" \/>\n<link rel=\"canonical\" href=\"https:\/\/now-news.de\/de\/deutschland\/ab-2030-eu-plant-verbrenner-verbot-fuer-flotten-und-mietautos\/\" \/>\n<meta property=\"og:locale\" content=\"de_DE\" \/>\n<meta property=\"og:type\" content=\"article\" \/>\n<meta property=\"og:title\" content=\"Ab 2030: EU plant Verbrenner-Verbot f\u00fcr Flotten und Mietautos\" \/>\n<meta property=\"og:description\" content=\"Die EU-Kommission plant, ab dem Jahr 2030 ein Verbrennerverbot f\u00fcr Mietwagenanbieter und Firmenflotten zu erlassen. Davon w\u00e4ren 60 Prozent des Neuwagengesch\u00e4fts betroffen. Wie die Bild am Sonntag berichtet, plant die EU-Kommission ab dem Jahr 2030 ein Verbrennerverbot f\u00fcr Mietwagenanbieter und Firmenflotten. Laut der Zeitung w\u00e4ren davon 60 Prozent des Neuwagengesch\u00e4fts betroffen. Der Rest des Absatzes [&hellip;]\" \/>\n<meta property=\"og:url\" content=\"https:\/\/now-news.de\/de\/deutschland\/ab-2030-eu-plant-verbrenner-verbot-fuer-flotten-und-mietautos\/\" \/>\n<meta property=\"og:site_name\" content=\"just-now.NEWS Deutschland\" \/>\n<meta property=\"article:publisher\" content=\"https:\/\/www.facebook.com\/wirmachenauf\" \/>\n<meta property=\"article:published_time\" content=\"2025-07-20T09:53:11+00:00\" \/>\n<meta property=\"og:image\" content=\"https:\/\/now-news.de\/de\/wp-content\/uploads\/sites\/3\/2025\/07\/687c93b948fbef07fb620f53.jpg\" \/>\n<meta name=\"author\" content=\"rtnews\" \/>\n<meta name=\"twitter:card\" content=\"summary_large_image\" \/>\n<meta name=\"twitter:creator\" content=\"@WirMachenAuf_de\" \/>\n<meta name=\"twitter:site\" content=\"@WirMachenAuf_de\" \/>\n<meta name=\"twitter:label1\" content=\"Verfasst von\" \/>\n\t<meta name=\"twitter:data1\" content=\"rtnews\" \/>\n\t<meta name=\"twitter:label2\" content=\"Gesch\u00e4tzte Lesezeit\" \/>\n\t<meta name=\"twitter:data2\" content=\"1\u00a0Minute\" \/>\n<script type=\"application\/ld+json\" class=\"yoast-schema-graph\">{\"@context\":\"https:\/\/schema.org\",\"@graph\":[{\"@type\":\"Article\",\"@id\":\"https:\/\/now-news.de\/de\/deutschland\/ab-2030-eu-plant-verbrenner-verbot-fuer-flotten-und-mietautos\/#article\",\"isPartOf\":{\"@id\":\"https:\/\/now-news.de\/de\/deutschland\/ab-2030-eu-plant-verbrenner-verbot-fuer-flotten-und-mietautos\/\"},\"author\":{\"name\":\"rtnews\",\"@id\":\"https:\/\/now-news.de\/de\/#\/schema\/person\/fb534a4e865501d8b3285208df34a9b5\"},\"headline\":\"Ab 2030: EU plant Verbrenner-Verbot f\u00fcr Flotten und Mietautos\",\"datePublished\":\"2025-07-20T09:53:11+00:00\",\"dateModified\":\"2025-07-20T09:53:11+00:00\",\"mainEntityOfPage\":{\"@id\":\"https:\/\/now-news.de\/de\/deutschland\/ab-2030-eu-plant-verbrenner-verbot-fuer-flotten-und-mietautos\/\"},\"wordCount\":242,\"commentCount\":0,\"publisher\":{\"@id\":\"https:\/\/now-news.de\/de\/#organization\"},\"image\":{\"@id\":\"https:\/\/now-news.de\/de\/deutschland\/ab-2030-eu-plant-verbrenner-verbot-fuer-flotten-und-mietautos\/#primaryimage\"},\"thumbnailUrl\":\"https:\/\/now-news.de\/de\/wp-content\/uploads\/sites\/3\/2025\/07\/Ab-2030-EU-plant-Verbrenner-Verbot-fuer-Flotten-und-Mietautos.jpg\",\"keywords\":[\"Flotten\",\"f\u00fcr\",\"Mietautos\",\"plant\",\"und\",\"Verbrennerverbot\"],\"articleSection\":[\"Deutschland\",\"Russland\"],\"inLanguage\":\"de\",\"potentialAction\":[{\"@type\":\"CommentAction\",\"name\":\"Comment\",\"target\":[\"https:\/\/now-news.de\/de\/deutschland\/ab-2030-eu-plant-verbrenner-verbot-fuer-flotten-und-mietautos\/#respond\"]}]},{\"@type\":\"WebPage\",\"@id\":\"https:\/\/now-news.de\/de\/deutschland\/ab-2030-eu-plant-verbrenner-verbot-fuer-flotten-und-mietautos\/\",\"url\":\"https:\/\/now-news.de\/de\/deutschland\/ab-2030-eu-plant-verbrenner-verbot-fuer-flotten-und-mietautos\/\",\"name\":\"Ab 2030: EU plant Verbrenner-Verbot f\u00fcr Flotten und Mietautos - just-now.NEWS Deutschland\",\"isPartOf\":{\"@id\":\"https:\/\/now-news.de\/de\/#website\"},\"primaryImageOfPage\":{\"@id\":\"https:\/\/now-news.de\/de\/deutschland\/ab-2030-eu-plant-verbrenner-verbot-fuer-flotten-und-mietautos\/#primaryimage\"},\"image\":{\"@id\":\"https:\/\/now-news.de\/de\/deutschland\/ab-2030-eu-plant-verbrenner-verbot-fuer-flotten-und-mietautos\/#primaryimage\"},\"thumbnailUrl\":\"https:\/\/now-news.de\/de\/wp-content\/uploads\/sites\/3\/2025\/07\/Ab-2030-EU-plant-Verbrenner-Verbot-fuer-Flotten-und-Mietautos.jpg\",\"datePublished\":\"2025-07-20T09:53:11+00:00\",\"dateModified\":\"2025-07-20T09:53:11+00:00\",\"breadcrumb\":{\"@id\":\"https:\/\/now-news.de\/de\/deutschland\/ab-2030-eu-plant-verbrenner-verbot-fuer-flotten-und-mietautos\/#breadcrumb\"},\"inLanguage\":\"de\",\"potentialAction\":[{\"@type\":\"ReadAction\",\"target\":[\"https:\/\/now-news.de\/de\/deutschland\/ab-2030-eu-plant-verbrenner-verbot-fuer-flotten-und-mietautos\/\"]}]},{\"@type\":\"ImageObject\",\"inLanguage\":\"de\",\"@id\":\"https:\/\/now-news.de\/de\/deutschland\/ab-2030-eu-plant-verbrenner-verbot-fuer-flotten-und-mietautos\/#primaryimage\",\"url\":\"https:\/\/now-news.de\/de\/wp-content\/uploads\/sites\/3\/2025\/07\/Ab-2030-EU-plant-Verbrenner-Verbot-fuer-Flotten-und-Mietautos.jpg\",\"contentUrl\":\"https:\/\/now-news.de\/de\/wp-content\/uploads\/sites\/3\/2025\/07\/Ab-2030-EU-plant-Verbrenner-Verbot-fuer-Flotten-und-Mietautos.jpg\",\"width\":460,\"height\":259,\"caption\":\"Ab 2030: EU plant Verbrenner-Verbot f\u00fcr Flotten und Mietautos\"},{\"@type\":\"BreadcrumbList\",\"@id\":\"https:\/\/now-news.de\/de\/deutschland\/ab-2030-eu-plant-verbrenner-verbot-fuer-flotten-und-mietautos\/#breadcrumb\",\"itemListElement\":[{\"@type\":\"ListItem\",\"position\":1,\"name\":\"Home\",\"item\":\"https:\/\/now-news.de\/de\/\"},{\"@type\":\"ListItem\",\"position\":2,\"name\":\"Ab 2030: EU plant Verbrenner-Verbot f\u00fcr Flotten und Mietautos\"}]},{\"@type\":\"WebSite\",\"@id\":\"https:\/\/now-news.de\/de\/#website\",\"url\":\"https:\/\/now-news.de\/de\/\",\"name\":\"just-now.NEWS Deutschland\",\"description\":\"Das Portal f\u00fcr unzensierte Nachrichten aus der Welt\",\"publisher\":{\"@id\":\"https:\/\/now-news.de\/de\/#organization\"},\"potentialAction\":[{\"@type\":\"SearchAction\",\"target\":{\"@type\":\"EntryPoint\",\"urlTemplate\":\"https:\/\/now-news.de\/de\/?s={search_term_string}\"},\"query-input\":\"required name=search_term_string\"}],\"inLanguage\":\"de\"},{\"@type\":\"Organization\",\"@id\":\"https:\/\/now-news.de\/de\/#organization\",\"name\":\"Just Now News\",\"url\":\"https:\/\/now-news.de\/de\/\",\"logo\":{\"@type\":\"ImageObject\",\"inLanguage\":\"de\",\"@id\":\"https:\/\/now-news.de\/de\/#\/schema\/logo\/image\/\",\"url\":\"http:\/\/just-now.news\/de\/wp-content\/uploads\/sites\/3\/2022\/04\/logo500x500.jpg\",\"contentUrl\":\"http:\/\/just-now.news\/de\/wp-content\/uploads\/sites\/3\/2022\/04\/logo500x500.jpg\",\"width\":500,\"height\":500,\"caption\":\"Just Now News\"},\"image\":{\"@id\":\"https:\/\/now-news.de\/de\/#\/schema\/logo\/image\/\"},\"sameAs\":[\"https:\/\/www.facebook.com\/wirmachenauf\",\"https:\/\/x.com\/WirMachenAuf_de\"]},{\"@type\":\"Person\",\"@id\":\"https:\/\/now-news.de\/de\/#\/schema\/person\/fb534a4e865501d8b3285208df34a9b5\",\"name\":\"rtnews\",\"image\":{\"@type\":\"ImageObject\",\"inLanguage\":\"de\",\"@id\":\"https:\/\/now-news.de\/de\/#\/schema\/person\/image\/\",\"url\":\"https:\/\/secure.gravatar.com\/avatar\/82aafea7d8127119dd649515f56e2117?s=96&d=mm&r=g\",\"contentUrl\":\"https:\/\/secure.gravatar.com\/avatar\/82aafea7d8127119dd649515f56e2117?s=96&d=mm&r=g\",\"caption\":\"rtnews\"},\"url\":\"https:\/\/now-news.de\/de\/author\/rnews\/\"}]}<\/script>\n<!-- \/ Yoast SEO Premium plugin. -->","yoast_head_json":{"title":"Ab 2030: EU plant Verbrenner-Verbot f\u00fcr Flotten und Mietautos - just-now.NEWS Deutschland","robots":{"index":"index","follow":"follow","max-snippet":"max-snippet:-1","max-image-preview":"max-image-preview:large","max-video-preview":"max-video-preview:-1"},"canonical":"https:\/\/now-news.de\/de\/deutschland\/ab-2030-eu-plant-verbrenner-verbot-fuer-flotten-und-mietautos\/","og_locale":"de_DE","og_type":"article","og_title":"Ab 2030: EU plant Verbrenner-Verbot f\u00fcr Flotten und Mietautos","og_description":"Die EU-Kommission plant, ab dem Jahr 2030 ein Verbrennerverbot f\u00fcr Mietwagenanbieter und Firmenflotten zu erlassen. Davon w\u00e4ren 60 Prozent des Neuwagengesch\u00e4fts betroffen. Wie die Bild am Sonntag berichtet, plant die EU-Kommission ab dem Jahr 2030 ein Verbrennerverbot f\u00fcr Mietwagenanbieter und Firmenflotten. Laut der Zeitung w\u00e4ren davon 60 Prozent des Neuwagengesch\u00e4fts betroffen. Der Rest des Absatzes [&hellip;]","og_url":"https:\/\/now-news.de\/de\/deutschland\/ab-2030-eu-plant-verbrenner-verbot-fuer-flotten-und-mietautos\/","og_site_name":"just-now.NEWS Deutschland","article_publisher":"https:\/\/www.facebook.com\/wirmachenauf","article_published_time":"2025-07-20T09:53:11+00:00","og_image":[{"url":"https:\/\/now-news.de\/de\/wp-content\/uploads\/sites\/3\/2025\/07\/687c93b948fbef07fb620f53.jpg"}],"author":"rtnews","twitter_card":"summary_large_image","twitter_creator":"@WirMachenAuf_de","twitter_site":"@WirMachenAuf_de","twitter_misc":{"Verfasst von":"rtnews","Gesch\u00e4tzte Lesezeit":"1\u00a0Minute"},"schema":{"@context":"https:\/\/schema.org","@graph":[{"@type":"Article","@id":"https:\/\/now-news.de\/de\/deutschland\/ab-2030-eu-plant-verbrenner-verbot-fuer-flotten-und-mietautos\/#article","isPartOf":{"@id":"https:\/\/now-news.de\/de\/deutschland\/ab-2030-eu-plant-verbrenner-verbot-fuer-flotten-und-mietautos\/"},"author":{"name":"rtnews","@id":"https:\/\/now-news.de\/de\/#\/schema\/person\/fb534a4e865501d8b3285208df34a9b5"},"headline":"Ab 2030: EU plant Verbrenner-Verbot f\u00fcr Flotten und Mietautos","datePublished":"2025-07-20T09:53:11+00:00","dateModified":"2025-07-20T09:53:11+00:00","mainEntityOfPage":{"@id":"https:\/\/now-news.de\/de\/deutschland\/ab-2030-eu-plant-verbrenner-verbot-fuer-flotten-und-mietautos\/"},"wordCount":242,"commentCount":0,"publisher":{"@id":"https:\/\/now-news.de\/de\/#organization"},"image":{"@id":"https:\/\/now-news.de\/de\/deutschland\/ab-2030-eu-plant-verbrenner-verbot-fuer-flotten-und-mietautos\/#primaryimage"},"thumbnailUrl":"https:\/\/now-news.de\/de\/wp-content\/uploads\/sites\/3\/2025\/07\/Ab-2030-EU-plant-Verbrenner-Verbot-fuer-Flotten-und-Mietautos.jpg","keywords":["Flotten","f\u00fcr","Mietautos","plant","und","Verbrennerverbot"],"articleSection":["Deutschland","Russland"],"inLanguage":"de","potentialAction":[{"@type":"CommentAction","name":"Comment","target":["https:\/\/now-news.de\/de\/deutschland\/ab-2030-eu-plant-verbrenner-verbot-fuer-flotten-und-mietautos\/#respond"]}]},{"@type":"WebPage","@id":"https:\/\/now-news.de\/de\/deutschland\/ab-2030-eu-plant-verbrenner-verbot-fuer-flotten-und-mietautos\/","url":"https:\/\/now-news.de\/de\/deutschland\/ab-2030-eu-plant-verbrenner-verbot-fuer-flotten-und-mietautos\/","name":"Ab 2030: EU plant Verbrenner-Verbot f\u00fcr Flotten und Mietautos - just-now.NEWS Deutschland","isPartOf":{"@id":"https:\/\/now-news.de\/de\/#website"},"primaryImageOfPage":{"@id":"https:\/\/now-news.de\/de\/deutschland\/ab-2030-eu-plant-verbrenner-verbot-fuer-flotten-und-mietautos\/#primaryimage"},"image":{"@id":"https:\/\/now-news.de\/de\/deutschland\/ab-2030-eu-plant-verbrenner-verbot-fuer-flotten-und-mietautos\/#primaryimage"},"thumbnailUrl":"https:\/\/now-news.de\/de\/wp-content\/uploads\/sites\/3\/2025\/07\/Ab-2030-EU-plant-Verbrenner-Verbot-fuer-Flotten-und-Mietautos.jpg","datePublished":"2025-07-20T09:53:11+00:00","dateModified":"2025-07-20T09:53:11+00:00","breadcrumb":{"@id":"https:\/\/now-news.de\/de\/deutschland\/ab-2030-eu-plant-verbrenner-verbot-fuer-flotten-und-mietautos\/#breadcrumb"},"inLanguage":"de","potentialAction":[{"@type":"ReadAction","target":["https:\/\/now-news.de\/de\/deutschland\/ab-2030-eu-plant-verbrenner-verbot-fuer-flotten-und-mietautos\/"]}]},{"@type":"ImageObject","inLanguage":"de","@id":"https:\/\/now-news.de\/de\/deutschland\/ab-2030-eu-plant-verbrenner-verbot-fuer-flotten-und-mietautos\/#primaryimage","url":"https:\/\/now-news.de\/de\/wp-content\/uploads\/sites\/3\/2025\/07\/Ab-2030-EU-plant-Verbrenner-Verbot-fuer-Flotten-und-Mietautos.jpg","contentUrl":"https:\/\/now-news.de\/de\/wp-content\/uploads\/sites\/3\/2025\/07\/Ab-2030-EU-plant-Verbrenner-Verbot-fuer-Flotten-und-Mietautos.jpg","width":460,"height":259,"caption":"Ab 2030: EU plant Verbrenner-Verbot f\u00fcr Flotten und Mietautos"},{"@type":"BreadcrumbList","@id":"https:\/\/now-news.de\/de\/deutschland\/ab-2030-eu-plant-verbrenner-verbot-fuer-flotten-und-mietautos\/#breadcrumb","itemListElement":[{"@type":"ListItem","position":1,"name":"Home","item":"https:\/\/now-news.de\/de\/"},{"@type":"ListItem","position":2,"name":"Ab 2030: EU plant Verbrenner-Verbot f\u00fcr Flotten und Mietautos"}]},{"@type":"WebSite","@id":"https:\/\/now-news.de\/de\/#website","url":"https:\/\/now-news.de\/de\/","name":"just-now.NEWS Deutschland","description":"Das Portal f\u00fcr unzensierte Nachrichten aus der Welt","publisher":{"@id":"https:\/\/now-news.de\/de\/#organization"},"potentialAction":[{"@type":"SearchAction","target":{"@type":"EntryPoint","urlTemplate":"https:\/\/now-news.de\/de\/?s={search_term_string}"},"query-input":"required name=search_term_string"}],"inLanguage":"de"},{"@type":"Organization","@id":"https:\/\/now-news.de\/de\/#organization","name":"Just Now News","url":"https:\/\/now-news.de\/de\/","logo":{"@type":"ImageObject","inLanguage":"de","@id":"https:\/\/now-news.de\/de\/#\/schema\/logo\/image\/","url":"http:\/\/just-now.news\/de\/wp-content\/uploads\/sites\/3\/2022\/04\/logo500x500.jpg","contentUrl":"http:\/\/just-now.news\/de\/wp-content\/uploads\/sites\/3\/2022\/04\/logo500x500.jpg","width":500,"height":500,"caption":"Just Now News"},"image":{"@id":"https:\/\/now-news.de\/de\/#\/schema\/logo\/image\/"},"sameAs":["https:\/\/www.facebook.com\/wirmachenauf","https:\/\/x.com\/WirMachenAuf_de"]},{"@type":"Person","@id":"https:\/\/now-news.de\/de\/#\/schema\/person\/fb534a4e865501d8b3285208df34a9b5","name":"rtnews","image":{"@type":"ImageObject","inLanguage":"de","@id":"https:\/\/now-news.de\/de\/#\/schema\/person\/image\/","url":"https:\/\/secure.gravatar.com\/avatar\/82aafea7d8127119dd649515f56e2117?s=96&d=mm&r=g","contentUrl":"https:\/\/secure.gravatar.com\/avatar\/82aafea7d8127119dd649515f56e2117?s=96&d=mm&r=g","caption":"rtnews"},"url":"https:\/\/now-news.de\/de\/author\/rnews\/"}]}},"_links":{"self":[{"href":"https:\/\/now-news.de\/de\/wp-json\/wp\/v2\/posts\/87501"}],"collection":[{"href":"https:\/\/now-news.de\/de\/wp-json\/wp\/v2\/posts"}],"about":[{"href":"https:\/\/now-news.de\/de\/wp-json\/wp\/v2\/types\/post"}],"author":[{"embeddable":true,"href":"https:\/\/now-news.de\/de\/wp-json\/wp\/v2\/users\/3"}],"replies":[{"embeddable":true,"href":"https:\/\/now-news.de\/de\/wp-json\/wp\/v2\/comments?post=87501"}],"version-history":[{"count":0,"href":"https:\/\/now-news.de\/de\/wp-json\/wp\/v2\/posts\/87501\/revisions"}],"wp:featuredmedia":[{"embeddable":true,"href":"https:\/\/now-news.de\/de\/wp-json\/wp\/v2\/media\/87502"}],"wp:attachment":[{"href":"https:\/\/now-news.de\/de\/wp-json\/wp\/v2\/media?parent=87501"}],"wp:term":[{"taxonomy":"category","embeddable":true,"href":"https:\/\/now-news.de\/de\/wp-json\/wp\/v2\/categories?post=87501"},{"taxonomy":"post_tag","embeddable":true,"href":"https:\/\/now-news.de\/de\/wp-json\/wp\/v2\/tags?post=87501"}],"curies":[{"name":"wp","href":"https:\/\/api.w.org\/{rel}","templated":true}]}}