{"id":8748,"date":"2022-05-24T23:03:24","date_gmt":"2022-05-24T21:03:24","guid":{"rendered":"http:\/\/just-now.news\/de\/deutschland\/amoklauf-in-texas-14-kinder-und-ein-lehrer-durch-schuesse-in-grundschule-getoetet\/"},"modified":"2022-05-24T23:03:24","modified_gmt":"2022-05-24T21:03:24","slug":"amoklauf-in-texas-14-kinder-und-ein-lehrer-durch-schuesse-in-grundschule-getoetet","status":"publish","type":"post","link":"https:\/\/now-news.de\/de\/deutschland\/amoklauf-in-texas-14-kinder-und-ein-lehrer-durch-schuesse-in-grundschule-getoetet\/","title":{"rendered":"Amoklauf in Texas: 14 Kinder und ein Lehrer durch Sch\u00fcsse in Grundschule get\u00f6tet"},"content":{"rendered":"<p><img decoding=\"async\" src=\"http:\/\/just-now.news\/de\/wp-content\/uploads\/sites\/3\/2022\/05\/628d46af48fbef2cf956f5fd.jpg\" \/><\/p>\n<div class=\"Text-root Text-type_5 ArticleView-text ViewText-root \">\n<p>Bei einem Amoklauf an\u00a0der Grundschule in Uvalde westlich der Stadt San Antonio im US-Bundesstaat Texas sind <a rel=\"nofollow noopener\" target=\"_blank\" href=\"https:\/\/edition.cnn.com\/us\/live-news\/texas-elementary-school-shooting-05-24-22\/index.html\">laut Angaben<\/a> von Gouverneur Greg Abbott 14 Kinder und ein Lehrer get\u00f6tet worden.<\/p>\n<p>Laut einer Erstmeldung der Nachrichtenagentur <em>Reuters <\/em>unter Berufung auf den TV-Sender <em>CNN <\/em>waren es zun\u00e4chst zwei Tote und mindestens 14 Verletzte. Die Zahl wurde schlie\u00dflich in einer Pressekonferenz des Gouverneurs korrigiert.\u00a0<\/p>\n<p>Als Verd\u00e4chtiger gilt ein 18-J\u00e4hriger, er wurde verhaftet. Sp\u00e4ter hie\u00df es auch der T\u00e4ter sei tot. Den Ermittlern zufolge war die Tat rassistisch motiviert\u00a0\u2013 11 der 13 Opfer waren schwarz.<\/p>\n<p><strong>Mehr zum Thema<\/strong> &#8211; <a rel=\"nofollow noopener\" target=\"_blank\" href=\"https:\/\/rtde.site\/meinung\/138963-schutze-von-buffalo-vertritt-dieselben\/\">Der Sch\u00fctze von Buffalo vertritt dieselben Ideen wie die vom Westen unterst\u00fctzten Neonazis<\/a><\/p>\n<\/p>\n<\/div>\n<p><br \/>\n<br \/><a href=\"https:\/\/de.rt.com\/nordamerika\/139304-texas-zwei-kinder-durch-schusse\/\">Source link <\/a><\/p>\n","protected":false},"excerpt":{"rendered":"<p>Bei einem Amoklauf an\u00a0der Grundschule in Uvalde westlich der Stadt San Antonio im US-Bundesstaat Texas sind laut Angaben von Gouverneur Greg Abbott 14 Kinder und ein Lehrer get\u00f6tet worden. Laut einer Erstmeldung der Nachrichtenagentur Reuters unter Berufung auf den TV-Sender CNN waren es zun\u00e4chst zwei Tote und mindestens 14 Verletzte. Die Zahl wurde schlie\u00dflich in [&hellip;]<\/p>\n","protected":false},"author":3,"featured_media":8749,"comment_status":"open","ping_status":"open","sticky":false,"template":"","format":"standard","meta":{"wp_automatic_camp":["217"],"d936d56298135124abc4e362401bd6d9":["Amoklauf in Texas: 14 Kinder und ein Lehrer durch Sch\u00fcsse in Grundschule get\u00f6tet"],"original_link":["https:\/\/de.rt.com\/nordamerika\/139304-texas-zwei-kinder-durch-schusse\/"],"_thumbnail_id":["8749"],"_wptg_p2tg_sent2tg":["2022-05-24 23:05:34"],"jnews_social_counter_last_update":["1788503203"]},"categories":[19,23],"tags":[21701,1024,357,367,16258,3567,12022,1860,2484,140],"class_list":["post-8748","post","type-post","status-publish","format-standard","has-post-thumbnail","hentry","category-deutschland","category-russland","tag-amoklauf","tag-durch","tag-ein","tag-getoetet","tag-grundschule","tag-kinder","tag-lehrer","tag-schuesse","tag-texas","tag-und"],"yoast_head":"<!-- This site is optimized with the Yoast SEO Premium plugin v22.7 (Yoast SEO v28.2) - https:\/\/yoast.com\/product\/yoast-seo-premium-wordpress\/ -->\n<title>Amoklauf in Texas: 14 Kinder und ein Lehrer durch Sch\u00fcsse in Grundschule get\u00f6tet - just-now.NEWS Deutschland<\/title>\n<meta name=\"robots\" content=\"index, follow, max-snippet:-1, max-image-preview:large, max-video-preview:-1\" \/>\n<link rel=\"canonical\" href=\"https:\/\/now-news.de\/de\/deutschland\/amoklauf-in-texas-14-kinder-und-ein-lehrer-durch-schuesse-in-grundschule-getoetet\/\" \/>\n<meta property=\"og:locale\" content=\"de_DE\" \/>\n<meta property=\"og:type\" content=\"article\" \/>\n<meta property=\"og:title\" content=\"Amoklauf in Texas: 14 Kinder und ein Lehrer durch Sch\u00fcsse in Grundschule get\u00f6tet\" \/>\n<meta property=\"og:description\" content=\"Bei einem Amoklauf an\u00a0der Grundschule in Uvalde westlich der Stadt San Antonio im US-Bundesstaat Texas sind laut Angaben von Gouverneur Greg Abbott 14 Kinder und ein Lehrer get\u00f6tet worden. Laut einer Erstmeldung der Nachrichtenagentur Reuters unter Berufung auf den TV-Sender CNN waren es zun\u00e4chst zwei Tote und mindestens 14 Verletzte. Die Zahl wurde schlie\u00dflich in [&hellip;]\" \/>\n<meta property=\"og:url\" content=\"https:\/\/now-news.de\/de\/deutschland\/amoklauf-in-texas-14-kinder-und-ein-lehrer-durch-schuesse-in-grundschule-getoetet\/\" \/>\n<meta property=\"og:site_name\" content=\"just-now.NEWS Deutschland\" \/>\n<meta property=\"article:publisher\" content=\"https:\/\/www.facebook.com\/wirmachenauf\" \/>\n<meta property=\"article:published_time\" content=\"2022-05-24T21:03:24+00:00\" \/>\n<meta property=\"og:image\" content=\"https:\/\/now-news.de\/de\/wp-content\/uploads\/sites\/3\/2022\/05\/Amoklauf-in-Texas-14-Kinder-und-ein-Lehrer-durch-Schuesse.jpg\" \/>\n\t<meta property=\"og:image:width\" content=\"460\" \/>\n\t<meta property=\"og:image:height\" content=\"259\" \/>\n\t<meta property=\"og:image:type\" content=\"image\/jpeg\" \/>\n<meta name=\"author\" content=\"rtnews\" \/>\n<meta name=\"twitter:card\" content=\"summary_large_image\" \/>\n<meta name=\"twitter:creator\" content=\"@WirMachenAuf_de\" \/>\n<meta name=\"twitter:site\" content=\"@WirMachenAuf_de\" \/>\n<meta name=\"twitter:label1\" content=\"Verfasst von\" \/>\n\t<meta name=\"twitter:data1\" content=\"rtnews\" \/>\n\t<meta name=\"twitter:label2\" content=\"Gesch\u00e4tzte Lesezeit\" \/>\n\t<meta name=\"twitter:data2\" content=\"1\u00a0Minute\" \/>\n<script type=\"application\/ld+json\" class=\"yoast-schema-graph\">{\"@context\":\"https:\\\/\\\/schema.org\",\"@graph\":[{\"@type\":\"Article\",\"@id\":\"https:\\\/\\\/now-news.de\\\/de\\\/deutschland\\\/amoklauf-in-texas-14-kinder-und-ein-lehrer-durch-schuesse-in-grundschule-getoetet\\\/#article\",\"isPartOf\":{\"@id\":\"https:\\\/\\\/now-news.de\\\/de\\\/deutschland\\\/amoklauf-in-texas-14-kinder-und-ein-lehrer-durch-schuesse-in-grundschule-getoetet\\\/\"},\"author\":{\"name\":\"rtnews\",\"@id\":\"https:\\\/\\\/now-news.de\\\/de\\\/#\\\/schema\\\/person\\\/fb534a4e865501d8b3285208df34a9b5\"},\"headline\":\"Amoklauf in Texas: 14 Kinder und ein Lehrer durch Sch\u00fcsse in Grundschule get\u00f6tet\",\"datePublished\":\"2022-05-24T21:03:24+00:00\",\"mainEntityOfPage\":{\"@id\":\"https:\\\/\\\/now-news.de\\\/de\\\/deutschland\\\/amoklauf-in-texas-14-kinder-und-ein-lehrer-durch-schuesse-in-grundschule-getoetet\\\/\"},\"wordCount\":130,\"commentCount\":0,\"publisher\":{\"@id\":\"https:\\\/\\\/now-news.de\\\/de\\\/#organization\"},\"image\":{\"@id\":\"https:\\\/\\\/now-news.de\\\/de\\\/deutschland\\\/amoklauf-in-texas-14-kinder-und-ein-lehrer-durch-schuesse-in-grundschule-getoetet\\\/#primaryimage\"},\"thumbnailUrl\":\"https:\\\/\\\/now-news.de\\\/de\\\/wp-content\\\/uploads\\\/sites\\\/3\\\/2022\\\/05\\\/Amoklauf-in-Texas-14-Kinder-und-ein-Lehrer-durch-Schuesse.jpg\",\"keywords\":[\"Amoklauf\",\"durch\",\"ein\",\"get\u00f6tet\",\"Grundschule\",\"Kinder\",\"Lehrer\",\"Sch\u00fcsse\",\"texas\",\"und\"],\"articleSection\":[\"Deutschland\",\"Russland\"],\"inLanguage\":\"de\",\"potentialAction\":[{\"@type\":\"CommentAction\",\"name\":\"Comment\",\"target\":[\"https:\\\/\\\/now-news.de\\\/de\\\/deutschland\\\/amoklauf-in-texas-14-kinder-und-ein-lehrer-durch-schuesse-in-grundschule-getoetet\\\/#respond\"]}]},{\"@type\":\"WebPage\",\"@id\":\"https:\\\/\\\/now-news.de\\\/de\\\/deutschland\\\/amoklauf-in-texas-14-kinder-und-ein-lehrer-durch-schuesse-in-grundschule-getoetet\\\/\",\"url\":\"https:\\\/\\\/now-news.de\\\/de\\\/deutschland\\\/amoklauf-in-texas-14-kinder-und-ein-lehrer-durch-schuesse-in-grundschule-getoetet\\\/\",\"name\":\"Amoklauf in Texas: 14 Kinder und ein Lehrer durch Sch\u00fcsse in Grundschule get\u00f6tet - just-now.NEWS Deutschland\",\"isPartOf\":{\"@id\":\"https:\\\/\\\/now-news.de\\\/de\\\/#website\"},\"primaryImageOfPage\":{\"@id\":\"https:\\\/\\\/now-news.de\\\/de\\\/deutschland\\\/amoklauf-in-texas-14-kinder-und-ein-lehrer-durch-schuesse-in-grundschule-getoetet\\\/#primaryimage\"},\"image\":{\"@id\":\"https:\\\/\\\/now-news.de\\\/de\\\/deutschland\\\/amoklauf-in-texas-14-kinder-und-ein-lehrer-durch-schuesse-in-grundschule-getoetet\\\/#primaryimage\"},\"thumbnailUrl\":\"https:\\\/\\\/now-news.de\\\/de\\\/wp-content\\\/uploads\\\/sites\\\/3\\\/2022\\\/05\\\/Amoklauf-in-Texas-14-Kinder-und-ein-Lehrer-durch-Schuesse.jpg\",\"datePublished\":\"2022-05-24T21:03:24+00:00\",\"breadcrumb\":{\"@id\":\"https:\\\/\\\/now-news.de\\\/de\\\/deutschland\\\/amoklauf-in-texas-14-kinder-und-ein-lehrer-durch-schuesse-in-grundschule-getoetet\\\/#breadcrumb\"},\"inLanguage\":\"de\",\"potentialAction\":[{\"@type\":\"ReadAction\",\"target\":[\"https:\\\/\\\/now-news.de\\\/de\\\/deutschland\\\/amoklauf-in-texas-14-kinder-und-ein-lehrer-durch-schuesse-in-grundschule-getoetet\\\/\"]}]},{\"@type\":\"ImageObject\",\"inLanguage\":\"de\",\"@id\":\"https:\\\/\\\/now-news.de\\\/de\\\/deutschland\\\/amoklauf-in-texas-14-kinder-und-ein-lehrer-durch-schuesse-in-grundschule-getoetet\\\/#primaryimage\",\"url\":\"https:\\\/\\\/now-news.de\\\/de\\\/wp-content\\\/uploads\\\/sites\\\/3\\\/2022\\\/05\\\/Amoklauf-in-Texas-14-Kinder-und-ein-Lehrer-durch-Schuesse.jpg\",\"contentUrl\":\"https:\\\/\\\/now-news.de\\\/de\\\/wp-content\\\/uploads\\\/sites\\\/3\\\/2022\\\/05\\\/Amoklauf-in-Texas-14-Kinder-und-ein-Lehrer-durch-Schuesse.jpg\",\"width\":460,\"height\":259,\"caption\":\"Amoklauf in Texas: 14 Kinder und ein Lehrer durch Sch\u00fcsse in Grundschule get\u00f6tet\"},{\"@type\":\"BreadcrumbList\",\"@id\":\"https:\\\/\\\/now-news.de\\\/de\\\/deutschland\\\/amoklauf-in-texas-14-kinder-und-ein-lehrer-durch-schuesse-in-grundschule-getoetet\\\/#breadcrumb\",\"itemListElement\":[{\"@type\":\"ListItem\",\"position\":1,\"name\":\"Home\",\"item\":\"https:\\\/\\\/now-news.de\\\/de\\\/\"},{\"@type\":\"ListItem\",\"position\":2,\"name\":\"Amoklauf in Texas: 14 Kinder und ein Lehrer durch Sch\u00fcsse in Grundschule get\u00f6tet\"}]},{\"@type\":\"WebSite\",\"@id\":\"https:\\\/\\\/now-news.de\\\/de\\\/#website\",\"url\":\"https:\\\/\\\/now-news.de\\\/de\\\/\",\"name\":\"just-now.NEWS Deutschland\",\"description\":\"Das Portal f\u00fcr unzensierte Nachrichten aus der Welt\",\"publisher\":{\"@id\":\"https:\\\/\\\/now-news.de\\\/de\\\/#organization\"},\"potentialAction\":[{\"@type\":\"SearchAction\",\"target\":{\"@type\":\"EntryPoint\",\"urlTemplate\":\"https:\\\/\\\/now-news.de\\\/de\\\/?s={search_term_string}\"},\"query-input\":{\"@type\":\"PropertyValueSpecification\",\"valueRequired\":true,\"valueName\":\"search_term_string\"}}],\"inLanguage\":\"de\"},{\"@type\":\"Organization\",\"@id\":\"https:\\\/\\\/now-news.de\\\/de\\\/#organization\",\"name\":\"Just Now News\",\"url\":\"https:\\\/\\\/now-news.de\\\/de\\\/\",\"logo\":{\"@type\":\"ImageObject\",\"inLanguage\":\"de\",\"@id\":\"https:\\\/\\\/now-news.de\\\/de\\\/#\\\/schema\\\/logo\\\/image\\\/\",\"url\":\"http:\\\/\\\/just-now.news\\\/de\\\/wp-content\\\/uploads\\\/sites\\\/3\\\/2022\\\/04\\\/logo500x500.jpg\",\"contentUrl\":\"http:\\\/\\\/just-now.news\\\/de\\\/wp-content\\\/uploads\\\/sites\\\/3\\\/2022\\\/04\\\/logo500x500.jpg\",\"width\":500,\"height\":500,\"caption\":\"Just Now News\"},\"image\":{\"@id\":\"https:\\\/\\\/now-news.de\\\/de\\\/#\\\/schema\\\/logo\\\/image\\\/\"},\"sameAs\":[\"https:\\\/\\\/www.facebook.com\\\/wirmachenauf\",\"https:\\\/\\\/x.com\\\/WirMachenAuf_de\"]},{\"@type\":\"Person\",\"@id\":\"https:\\\/\\\/now-news.de\\\/de\\\/#\\\/schema\\\/person\\\/fb534a4e865501d8b3285208df34a9b5\",\"name\":\"rtnews\",\"image\":{\"@type\":\"ImageObject\",\"inLanguage\":\"de\",\"@id\":\"https:\\\/\\\/secure.gravatar.com\\\/avatar\\\/358fe31b3ab5769fea05376e1953329834cd9912cf9daf607e2af3076a1b982b?s=96&d=mm&r=g\",\"url\":\"https:\\\/\\\/secure.gravatar.com\\\/avatar\\\/358fe31b3ab5769fea05376e1953329834cd9912cf9daf607e2af3076a1b982b?s=96&d=mm&r=g\",\"contentUrl\":\"https:\\\/\\\/secure.gravatar.com\\\/avatar\\\/358fe31b3ab5769fea05376e1953329834cd9912cf9daf607e2af3076a1b982b?s=96&d=mm&r=g\",\"caption\":\"rtnews\"},\"url\":\"https:\\\/\\\/now-news.de\\\/de\\\/author\\\/rnews\\\/\"}]}<\/script>\n<!-- \/ Yoast SEO Premium plugin. -->","yoast_head_json":{"title":"Amoklauf in Texas: 14 Kinder und ein Lehrer durch Sch\u00fcsse in Grundschule get\u00f6tet - just-now.NEWS Deutschland","robots":{"index":"index","follow":"follow","max-snippet":"max-snippet:-1","max-image-preview":"max-image-preview:large","max-video-preview":"max-video-preview:-1"},"canonical":"https:\/\/now-news.de\/de\/deutschland\/amoklauf-in-texas-14-kinder-und-ein-lehrer-durch-schuesse-in-grundschule-getoetet\/","og_locale":"de_DE","og_type":"article","og_title":"Amoklauf in Texas: 14 Kinder und ein Lehrer durch Sch\u00fcsse in Grundschule get\u00f6tet","og_description":"Bei einem Amoklauf an\u00a0der Grundschule in Uvalde westlich der Stadt San Antonio im US-Bundesstaat Texas sind laut Angaben von Gouverneur Greg Abbott 14 Kinder und ein Lehrer get\u00f6tet worden. Laut einer Erstmeldung der Nachrichtenagentur Reuters unter Berufung auf den TV-Sender CNN waren es zun\u00e4chst zwei Tote und mindestens 14 Verletzte. Die Zahl wurde schlie\u00dflich in [&hellip;]","og_url":"https:\/\/now-news.de\/de\/deutschland\/amoklauf-in-texas-14-kinder-und-ein-lehrer-durch-schuesse-in-grundschule-getoetet\/","og_site_name":"just-now.NEWS Deutschland","article_publisher":"https:\/\/www.facebook.com\/wirmachenauf","article_published_time":"2022-05-24T21:03:24+00:00","og_image":[{"width":460,"height":259,"url":"https:\/\/now-news.de\/de\/wp-content\/uploads\/sites\/3\/2022\/05\/Amoklauf-in-Texas-14-Kinder-und-ein-Lehrer-durch-Schuesse.jpg","type":"image\/jpeg"}],"author":"rtnews","twitter_card":"summary_large_image","twitter_creator":"@WirMachenAuf_de","twitter_site":"@WirMachenAuf_de","twitter_misc":{"Verfasst von":"rtnews","Gesch\u00e4tzte Lesezeit":"1\u00a0Minute"},"schema":{"@context":"https:\/\/schema.org","@graph":[{"@type":"Article","@id":"https:\/\/now-news.de\/de\/deutschland\/amoklauf-in-texas-14-kinder-und-ein-lehrer-durch-schuesse-in-grundschule-getoetet\/#article","isPartOf":{"@id":"https:\/\/now-news.de\/de\/deutschland\/amoklauf-in-texas-14-kinder-und-ein-lehrer-durch-schuesse-in-grundschule-getoetet\/"},"author":{"name":"rtnews","@id":"https:\/\/now-news.de\/de\/#\/schema\/person\/fb534a4e865501d8b3285208df34a9b5"},"headline":"Amoklauf in Texas: 14 Kinder und ein Lehrer durch Sch\u00fcsse in Grundschule get\u00f6tet","datePublished":"2022-05-24T21:03:24+00:00","mainEntityOfPage":{"@id":"https:\/\/now-news.de\/de\/deutschland\/amoklauf-in-texas-14-kinder-und-ein-lehrer-durch-schuesse-in-grundschule-getoetet\/"},"wordCount":130,"commentCount":0,"publisher":{"@id":"https:\/\/now-news.de\/de\/#organization"},"image":{"@id":"https:\/\/now-news.de\/de\/deutschland\/amoklauf-in-texas-14-kinder-und-ein-lehrer-durch-schuesse-in-grundschule-getoetet\/#primaryimage"},"thumbnailUrl":"https:\/\/now-news.de\/de\/wp-content\/uploads\/sites\/3\/2022\/05\/Amoklauf-in-Texas-14-Kinder-und-ein-Lehrer-durch-Schuesse.jpg","keywords":["Amoklauf","durch","ein","get\u00f6tet","Grundschule","Kinder","Lehrer","Sch\u00fcsse","texas","und"],"articleSection":["Deutschland","Russland"],"inLanguage":"de","potentialAction":[{"@type":"CommentAction","name":"Comment","target":["https:\/\/now-news.de\/de\/deutschland\/amoklauf-in-texas-14-kinder-und-ein-lehrer-durch-schuesse-in-grundschule-getoetet\/#respond"]}]},{"@type":"WebPage","@id":"https:\/\/now-news.de\/de\/deutschland\/amoklauf-in-texas-14-kinder-und-ein-lehrer-durch-schuesse-in-grundschule-getoetet\/","url":"https:\/\/now-news.de\/de\/deutschland\/amoklauf-in-texas-14-kinder-und-ein-lehrer-durch-schuesse-in-grundschule-getoetet\/","name":"Amoklauf in Texas: 14 Kinder und ein Lehrer durch Sch\u00fcsse in Grundschule get\u00f6tet - just-now.NEWS Deutschland","isPartOf":{"@id":"https:\/\/now-news.de\/de\/#website"},"primaryImageOfPage":{"@id":"https:\/\/now-news.de\/de\/deutschland\/amoklauf-in-texas-14-kinder-und-ein-lehrer-durch-schuesse-in-grundschule-getoetet\/#primaryimage"},"image":{"@id":"https:\/\/now-news.de\/de\/deutschland\/amoklauf-in-texas-14-kinder-und-ein-lehrer-durch-schuesse-in-grundschule-getoetet\/#primaryimage"},"thumbnailUrl":"https:\/\/now-news.de\/de\/wp-content\/uploads\/sites\/3\/2022\/05\/Amoklauf-in-Texas-14-Kinder-und-ein-Lehrer-durch-Schuesse.jpg","datePublished":"2022-05-24T21:03:24+00:00","breadcrumb":{"@id":"https:\/\/now-news.de\/de\/deutschland\/amoklauf-in-texas-14-kinder-und-ein-lehrer-durch-schuesse-in-grundschule-getoetet\/#breadcrumb"},"inLanguage":"de","potentialAction":[{"@type":"ReadAction","target":["https:\/\/now-news.de\/de\/deutschland\/amoklauf-in-texas-14-kinder-und-ein-lehrer-durch-schuesse-in-grundschule-getoetet\/"]}]},{"@type":"ImageObject","inLanguage":"de","@id":"https:\/\/now-news.de\/de\/deutschland\/amoklauf-in-texas-14-kinder-und-ein-lehrer-durch-schuesse-in-grundschule-getoetet\/#primaryimage","url":"https:\/\/now-news.de\/de\/wp-content\/uploads\/sites\/3\/2022\/05\/Amoklauf-in-Texas-14-Kinder-und-ein-Lehrer-durch-Schuesse.jpg","contentUrl":"https:\/\/now-news.de\/de\/wp-content\/uploads\/sites\/3\/2022\/05\/Amoklauf-in-Texas-14-Kinder-und-ein-Lehrer-durch-Schuesse.jpg","width":460,"height":259,"caption":"Amoklauf in Texas: 14 Kinder und ein Lehrer durch Sch\u00fcsse in Grundschule get\u00f6tet"},{"@type":"BreadcrumbList","@id":"https:\/\/now-news.de\/de\/deutschland\/amoklauf-in-texas-14-kinder-und-ein-lehrer-durch-schuesse-in-grundschule-getoetet\/#breadcrumb","itemListElement":[{"@type":"ListItem","position":1,"name":"Home","item":"https:\/\/now-news.de\/de\/"},{"@type":"ListItem","position":2,"name":"Amoklauf in Texas: 14 Kinder und ein Lehrer durch Sch\u00fcsse in Grundschule get\u00f6tet"}]},{"@type":"WebSite","@id":"https:\/\/now-news.de\/de\/#website","url":"https:\/\/now-news.de\/de\/","name":"just-now.NEWS Deutschland","description":"Das Portal f\u00fcr unzensierte Nachrichten aus der Welt","publisher":{"@id":"https:\/\/now-news.de\/de\/#organization"},"potentialAction":[{"@type":"SearchAction","target":{"@type":"EntryPoint","urlTemplate":"https:\/\/now-news.de\/de\/?s={search_term_string}"},"query-input":{"@type":"PropertyValueSpecification","valueRequired":true,"valueName":"search_term_string"}}],"inLanguage":"de"},{"@type":"Organization","@id":"https:\/\/now-news.de\/de\/#organization","name":"Just Now News","url":"https:\/\/now-news.de\/de\/","logo":{"@type":"ImageObject","inLanguage":"de","@id":"https:\/\/now-news.de\/de\/#\/schema\/logo\/image\/","url":"http:\/\/just-now.news\/de\/wp-content\/uploads\/sites\/3\/2022\/04\/logo500x500.jpg","contentUrl":"http:\/\/just-now.news\/de\/wp-content\/uploads\/sites\/3\/2022\/04\/logo500x500.jpg","width":500,"height":500,"caption":"Just Now News"},"image":{"@id":"https:\/\/now-news.de\/de\/#\/schema\/logo\/image\/"},"sameAs":["https:\/\/www.facebook.com\/wirmachenauf","https:\/\/x.com\/WirMachenAuf_de"]},{"@type":"Person","@id":"https:\/\/now-news.de\/de\/#\/schema\/person\/fb534a4e865501d8b3285208df34a9b5","name":"rtnews","image":{"@type":"ImageObject","inLanguage":"de","@id":"https:\/\/secure.gravatar.com\/avatar\/358fe31b3ab5769fea05376e1953329834cd9912cf9daf607e2af3076a1b982b?s=96&d=mm&r=g","url":"https:\/\/secure.gravatar.com\/avatar\/358fe31b3ab5769fea05376e1953329834cd9912cf9daf607e2af3076a1b982b?s=96&d=mm&r=g","contentUrl":"https:\/\/secure.gravatar.com\/avatar\/358fe31b3ab5769fea05376e1953329834cd9912cf9daf607e2af3076a1b982b?s=96&d=mm&r=g","caption":"rtnews"},"url":"https:\/\/now-news.de\/de\/author\/rnews\/"}]}},"_links":{"self":[{"href":"https:\/\/now-news.de\/de\/wp-json\/wp\/v2\/posts\/8748","targetHints":{"allow":["GET"]}}],"collection":[{"href":"https:\/\/now-news.de\/de\/wp-json\/wp\/v2\/posts"}],"about":[{"href":"https:\/\/now-news.de\/de\/wp-json\/wp\/v2\/types\/post"}],"author":[{"embeddable":true,"href":"https:\/\/now-news.de\/de\/wp-json\/wp\/v2\/users\/3"}],"replies":[{"embeddable":true,"href":"https:\/\/now-news.de\/de\/wp-json\/wp\/v2\/comments?post=8748"}],"version-history":[{"count":0,"href":"https:\/\/now-news.de\/de\/wp-json\/wp\/v2\/posts\/8748\/revisions"}],"wp:featuredmedia":[{"embeddable":true,"href":"https:\/\/now-news.de\/de\/wp-json\/wp\/v2\/media\/8749"}],"wp:attachment":[{"href":"https:\/\/now-news.de\/de\/wp-json\/wp\/v2\/media?parent=8748"}],"wp:term":[{"taxonomy":"category","embeddable":true,"href":"https:\/\/now-news.de\/de\/wp-json\/wp\/v2\/categories?post=8748"},{"taxonomy":"post_tag","embeddable":true,"href":"https:\/\/now-news.de\/de\/wp-json\/wp\/v2\/tags?post=8748"}],"curies":[{"name":"wp","href":"https:\/\/api.w.org\/{rel}","templated":true}]}}