{"id":87451,"date":"2025-07-19T13:31:51","date_gmt":"2025-07-19T11:31:51","guid":{"rendered":"https:\/\/now-news.de\/de\/deutschland\/stromrationierung-in-den-niederlanden-ist-warnung-fuer-deutschland\/"},"modified":"2025-07-19T13:31:51","modified_gmt":"2025-07-19T11:31:51","slug":"stromrationierung-in-den-niederlanden-ist-warnung-fuer-deutschland","status":"publish","type":"post","link":"https:\/\/now-news.de\/de\/deutschland\/stromrationierung-in-den-niederlanden-ist-warnung-fuer-deutschland\/","title":{"rendered":"Stromrationierung in den Niederlanden ist Warnung f\u00fcr Deutschland"},"content":{"rendered":"<p><img decoding=\"async\" src=\"https:\/\/now-news.de\/de\/wp-content\/uploads\/sites\/3\/2025\/07\/687b68fb48fbef0f603a01de.jpg\" \/><\/p>\n<div class=\"Text-root Text-type_1 \">\n                In den Niederlanden kommt es zu Stromrationierungen. Grund ist der schnelle Umstieg von Gas auf Strom. Das f\u00fchrt zu \u00dcberlastungen des Netzes. In Deutschland ist die Situation nicht grundlegend anders. Auch hier sind Ma\u00dfnahmen zu erwarten, die den Verbrauch von Strom reduzieren.\n            <\/div>\n<p><\/p>\n<div class=\"Text-root Text-type_5 ArticleView-text ViewText-root \">\n<p>Infolge des schnellen Ausstiegs aus fossilen Energien und der zunehmenden Elektrifizierung wird in den Niederlanden der Strom rationiert. Gro\u00dfkunden wird der Stromverbrauch zu Spitzenzeiten untersagt, den Privatkunden werden Vertr\u00e4ge mit g\u00fcnstigeren Tarifen angeboten, wenn sie ihren Verbrauch auf Zeiten au\u00dferhalb der Spitzennachfrage verschieben, <a rel=\"nofollow noopener\" target=\"_blank\" href=\"https:\/\/www.ft.com\/content\/9c7560ec-a220-4150-a35e-a79db70c0c07\">berichtet<\/a> die britische <em>Financial Times<\/em> unter Bezugnahme auf den Verband niederl\u00e4ndischer Netzbetreiber, Netbeheer Nederland.\u00a0<\/p>\n<p>Zudem startet die niederl\u00e4ndische Regierung eine Kampagne, die dazu auffordert, E-Bikes und Elektroautos au\u00dferhalb der Spitzenzeiten zu laden.\u00a0<\/p>\n<p>Ausgel\u00f6st\u00a0wurde das Stromdefizit\u00a0durch den Ausstieg aus der Gasf\u00f6rderung im Gasfeld Groningen. Dies zog einen beschleunigten Umstieg auf Strom nach sich. Allerdings ist die f\u00fcr den Umstieg notwendige Infrastruktur nicht vorhanden.\u00a0<\/p>\n<p>Trotz Ausbaus werden neue Anschl\u00fcsse ans Stromnetz\u00a0in einigen Regionen erst im Jahr 2030 zur Verf\u00fcgung stehen. Laut der niederl\u00e4ndischen Regierung werden bis 2040 Investitionen in H\u00f6he von 200 Milliarden Euro ben\u00f6tigt, um das niederl\u00e4ndische Stromnetz an den erh\u00f6hten Verbrauch anzupassen. Die Folge f\u00fcr die Verbraucher sind weiter steigende Strompreise. Dabei z\u00e4hlen die Kosten f\u00fcr Strom in den Niederlanden bereits zu den h\u00f6chsten in der EU.<\/p>\n<p>Die Lage in den Niederlanden ist zwar extrem, allerdings ist das Land mit dem Problem nicht allein. &#8220;Belgien steckt in Schwierigkeiten, Gro\u00dfbritannien ebenfalls. In Deutschland gibt es massive Probleme, weil sich die gesamte Windenergie im Norden befindet, der Strombedarf jedoch im S\u00fcden liegt&#8221;, erkl\u00e4rte eine Sprecherin des niederl\u00e4ndisch-deutschen \u00dcbertragungsnetzbetreibers TenneT.<\/p>\n<p>Ohne schnellen Ausbau des Netzes drohen in Deutschland daher \u00e4hnliche Zust\u00e4nde wie in den Niederlanden.<\/p>\n<p><strong>Mehr zum Thema<\/strong>\u00a0\u2013 <a rel=\"nofollow noopener\" target=\"_blank\" href=\"https:\/\/freedert.online\/inland\/251050-stahlbranche-schlaegt-daueralarm-hohe-energiepreise\/\">Stahl-Branche schl\u00e4gt Daueralarm \u2013 Hohe Energiepreise belasten<\/a><\/p>\n<div class=\"EmbedBlock-root EmbedBlock-externalVideo EmbedBlock-rumble\">\n<div class=\"VkEmbed\"><iframe class=\"lazyload\" data-src=\"https:\/\/rumble.com\/embed\/v6u6s5s\" frameborder=\"0\" width=\"853\" height=\"480\" allowfullscreen><\/iframe><\/div>\n<\/div>\n<\/div>\n<p><br \/>\n<br \/><a href=\"https:\/\/de.rt.com\/europa\/251109-stromrationierung-in-niederlanden-ist-warnung\/\">Source link <\/a><\/p>\n","protected":false},"excerpt":{"rendered":"<p>In den Niederlanden kommt es zu Stromrationierungen. Grund ist der schnelle Umstieg von Gas auf Strom. Das f\u00fchrt zu \u00dcberlastungen des Netzes. In Deutschland ist die Situation nicht grundlegend anders. Auch hier sind Ma\u00dfnahmen zu erwarten, die den Verbrauch von Strom reduzieren. Infolge des schnellen Ausstiegs aus fossilen Energien und der zunehmenden Elektrifizierung wird in [&hellip;]<\/p>\n","protected":false},"author":3,"featured_media":87452,"comment_status":"open","ping_status":"open","sticky":false,"template":"","format":"standard","meta":{"_yoast_indexnow_last_ping":["1752925113"],"wp_automatic_camp":["217"],"3f6205fae8247da8fd28cf8dca3660ff":["Stromrationierung in den Niederlanden ist Warnung f\u00fcr Deutschland"],"original_link":["https:\/\/de.rt.com\/europa\/251109-stromrationierung-in-niederlanden-ist-warnung\/"],"_thumbnail_id":["87452"],"jnews_social_counter_last_update":["1777594886"],"_wptgpro_p2tg_sent2tg":["a:1:{i:23737;s:19:\"2025-07-19 13:39:36\";}"]},"categories":[19,23],"tags":[48,179,221,414,26318,66460,2584],"yoast_head":"<!-- This site is optimized with the Yoast SEO Premium plugin v22.7 (Yoast SEO v22.7) - https:\/\/yoast.com\/wordpress\/plugins\/seo\/ -->\n<title>Stromrationierung in den Niederlanden ist Warnung f\u00fcr Deutschland - just-now.NEWS Deutschland<\/title>\n<meta name=\"robots\" content=\"index, follow, max-snippet:-1, max-image-preview:large, max-video-preview:-1\" \/>\n<link rel=\"canonical\" href=\"https:\/\/now-news.de\/de\/deutschland\/stromrationierung-in-den-niederlanden-ist-warnung-fuer-deutschland\/\" \/>\n<meta property=\"og:locale\" content=\"de_DE\" \/>\n<meta property=\"og:type\" content=\"article\" \/>\n<meta property=\"og:title\" content=\"Stromrationierung in den Niederlanden ist Warnung f\u00fcr Deutschland\" \/>\n<meta property=\"og:description\" content=\"In den Niederlanden kommt es zu Stromrationierungen. Grund ist der schnelle Umstieg von Gas auf Strom. Das f\u00fchrt zu \u00dcberlastungen des Netzes. In Deutschland ist die Situation nicht grundlegend anders. Auch hier sind Ma\u00dfnahmen zu erwarten, die den Verbrauch von Strom reduzieren. Infolge des schnellen Ausstiegs aus fossilen Energien und der zunehmenden Elektrifizierung wird in [&hellip;]\" \/>\n<meta property=\"og:url\" content=\"https:\/\/now-news.de\/de\/deutschland\/stromrationierung-in-den-niederlanden-ist-warnung-fuer-deutschland\/\" \/>\n<meta property=\"og:site_name\" content=\"just-now.NEWS Deutschland\" \/>\n<meta property=\"article:publisher\" content=\"https:\/\/www.facebook.com\/wirmachenauf\" \/>\n<meta property=\"article:published_time\" content=\"2025-07-19T11:31:51+00:00\" \/>\n<meta property=\"og:image\" content=\"https:\/\/now-news.de\/de\/wp-content\/uploads\/sites\/3\/2025\/07\/687b68fb48fbef0f603a01de.jpg\" \/>\n<meta name=\"author\" content=\"rtnews\" \/>\n<meta name=\"twitter:card\" content=\"summary_large_image\" \/>\n<meta name=\"twitter:creator\" content=\"@WirMachenAuf_de\" \/>\n<meta name=\"twitter:site\" content=\"@WirMachenAuf_de\" \/>\n<meta name=\"twitter:label1\" content=\"Verfasst von\" \/>\n\t<meta name=\"twitter:data1\" content=\"rtnews\" \/>\n\t<meta name=\"twitter:label2\" content=\"Gesch\u00e4tzte Lesezeit\" \/>\n\t<meta name=\"twitter:data2\" content=\"2\u00a0Minuten\" \/>\n<script type=\"application\/ld+json\" class=\"yoast-schema-graph\">{\"@context\":\"https:\/\/schema.org\",\"@graph\":[{\"@type\":\"Article\",\"@id\":\"https:\/\/now-news.de\/de\/deutschland\/stromrationierung-in-den-niederlanden-ist-warnung-fuer-deutschland\/#article\",\"isPartOf\":{\"@id\":\"https:\/\/now-news.de\/de\/deutschland\/stromrationierung-in-den-niederlanden-ist-warnung-fuer-deutschland\/\"},\"author\":{\"name\":\"rtnews\",\"@id\":\"https:\/\/now-news.de\/de\/#\/schema\/person\/fb534a4e865501d8b3285208df34a9b5\"},\"headline\":\"Stromrationierung in den Niederlanden ist Warnung f\u00fcr Deutschland\",\"datePublished\":\"2025-07-19T11:31:51+00:00\",\"dateModified\":\"2025-07-19T11:31:51+00:00\",\"mainEntityOfPage\":{\"@id\":\"https:\/\/now-news.de\/de\/deutschland\/stromrationierung-in-den-niederlanden-ist-warnung-fuer-deutschland\/\"},\"wordCount\":327,\"commentCount\":0,\"publisher\":{\"@id\":\"https:\/\/now-news.de\/de\/#organization\"},\"image\":{\"@id\":\"https:\/\/now-news.de\/de\/deutschland\/stromrationierung-in-den-niederlanden-ist-warnung-fuer-deutschland\/#primaryimage\"},\"thumbnailUrl\":\"https:\/\/now-news.de\/de\/wp-content\/uploads\/sites\/3\/2025\/07\/Stromrationierung-in-den-Niederlanden-ist-Warnung-fuer-Deutschland.jpg\",\"keywords\":[\"den\",\"Deutschland\",\"f\u00fcr\",\"ist\",\"Niederlanden\",\"Stromrationierung\",\"Warnung\"],\"articleSection\":[\"Deutschland\",\"Russland\"],\"inLanguage\":\"de\",\"potentialAction\":[{\"@type\":\"CommentAction\",\"name\":\"Comment\",\"target\":[\"https:\/\/now-news.de\/de\/deutschland\/stromrationierung-in-den-niederlanden-ist-warnung-fuer-deutschland\/#respond\"]}]},{\"@type\":\"WebPage\",\"@id\":\"https:\/\/now-news.de\/de\/deutschland\/stromrationierung-in-den-niederlanden-ist-warnung-fuer-deutschland\/\",\"url\":\"https:\/\/now-news.de\/de\/deutschland\/stromrationierung-in-den-niederlanden-ist-warnung-fuer-deutschland\/\",\"name\":\"Stromrationierung in den Niederlanden ist Warnung f\u00fcr Deutschland - just-now.NEWS Deutschland\",\"isPartOf\":{\"@id\":\"https:\/\/now-news.de\/de\/#website\"},\"primaryImageOfPage\":{\"@id\":\"https:\/\/now-news.de\/de\/deutschland\/stromrationierung-in-den-niederlanden-ist-warnung-fuer-deutschland\/#primaryimage\"},\"image\":{\"@id\":\"https:\/\/now-news.de\/de\/deutschland\/stromrationierung-in-den-niederlanden-ist-warnung-fuer-deutschland\/#primaryimage\"},\"thumbnailUrl\":\"https:\/\/now-news.de\/de\/wp-content\/uploads\/sites\/3\/2025\/07\/Stromrationierung-in-den-Niederlanden-ist-Warnung-fuer-Deutschland.jpg\",\"datePublished\":\"2025-07-19T11:31:51+00:00\",\"dateModified\":\"2025-07-19T11:31:51+00:00\",\"breadcrumb\":{\"@id\":\"https:\/\/now-news.de\/de\/deutschland\/stromrationierung-in-den-niederlanden-ist-warnung-fuer-deutschland\/#breadcrumb\"},\"inLanguage\":\"de\",\"potentialAction\":[{\"@type\":\"ReadAction\",\"target\":[\"https:\/\/now-news.de\/de\/deutschland\/stromrationierung-in-den-niederlanden-ist-warnung-fuer-deutschland\/\"]}]},{\"@type\":\"ImageObject\",\"inLanguage\":\"de\",\"@id\":\"https:\/\/now-news.de\/de\/deutschland\/stromrationierung-in-den-niederlanden-ist-warnung-fuer-deutschland\/#primaryimage\",\"url\":\"https:\/\/now-news.de\/de\/wp-content\/uploads\/sites\/3\/2025\/07\/Stromrationierung-in-den-Niederlanden-ist-Warnung-fuer-Deutschland.jpg\",\"contentUrl\":\"https:\/\/now-news.de\/de\/wp-content\/uploads\/sites\/3\/2025\/07\/Stromrationierung-in-den-Niederlanden-ist-Warnung-fuer-Deutschland.jpg\",\"width\":460,\"height\":259,\"caption\":\"Stromrationierung in den Niederlanden ist Warnung f\u00fcr Deutschland\"},{\"@type\":\"BreadcrumbList\",\"@id\":\"https:\/\/now-news.de\/de\/deutschland\/stromrationierung-in-den-niederlanden-ist-warnung-fuer-deutschland\/#breadcrumb\",\"itemListElement\":[{\"@type\":\"ListItem\",\"position\":1,\"name\":\"Home\",\"item\":\"https:\/\/now-news.de\/de\/\"},{\"@type\":\"ListItem\",\"position\":2,\"name\":\"Stromrationierung in den Niederlanden ist Warnung f\u00fcr Deutschland\"}]},{\"@type\":\"WebSite\",\"@id\":\"https:\/\/now-news.de\/de\/#website\",\"url\":\"https:\/\/now-news.de\/de\/\",\"name\":\"just-now.NEWS Deutschland\",\"description\":\"Das Portal f\u00fcr unzensierte Nachrichten aus der Welt\",\"publisher\":{\"@id\":\"https:\/\/now-news.de\/de\/#organization\"},\"potentialAction\":[{\"@type\":\"SearchAction\",\"target\":{\"@type\":\"EntryPoint\",\"urlTemplate\":\"https:\/\/now-news.de\/de\/?s={search_term_string}\"},\"query-input\":\"required name=search_term_string\"}],\"inLanguage\":\"de\"},{\"@type\":\"Organization\",\"@id\":\"https:\/\/now-news.de\/de\/#organization\",\"name\":\"Just Now News\",\"url\":\"https:\/\/now-news.de\/de\/\",\"logo\":{\"@type\":\"ImageObject\",\"inLanguage\":\"de\",\"@id\":\"https:\/\/now-news.de\/de\/#\/schema\/logo\/image\/\",\"url\":\"http:\/\/just-now.news\/de\/wp-content\/uploads\/sites\/3\/2022\/04\/logo500x500.jpg\",\"contentUrl\":\"http:\/\/just-now.news\/de\/wp-content\/uploads\/sites\/3\/2022\/04\/logo500x500.jpg\",\"width\":500,\"height\":500,\"caption\":\"Just Now News\"},\"image\":{\"@id\":\"https:\/\/now-news.de\/de\/#\/schema\/logo\/image\/\"},\"sameAs\":[\"https:\/\/www.facebook.com\/wirmachenauf\",\"https:\/\/x.com\/WirMachenAuf_de\"]},{\"@type\":\"Person\",\"@id\":\"https:\/\/now-news.de\/de\/#\/schema\/person\/fb534a4e865501d8b3285208df34a9b5\",\"name\":\"rtnews\",\"image\":{\"@type\":\"ImageObject\",\"inLanguage\":\"de\",\"@id\":\"https:\/\/now-news.de\/de\/#\/schema\/person\/image\/\",\"url\":\"https:\/\/secure.gravatar.com\/avatar\/82aafea7d8127119dd649515f56e2117?s=96&d=mm&r=g\",\"contentUrl\":\"https:\/\/secure.gravatar.com\/avatar\/82aafea7d8127119dd649515f56e2117?s=96&d=mm&r=g\",\"caption\":\"rtnews\"},\"url\":\"https:\/\/now-news.de\/de\/author\/rnews\/\"}]}<\/script>\n<!-- \/ Yoast SEO Premium plugin. -->","yoast_head_json":{"title":"Stromrationierung in den Niederlanden ist Warnung f\u00fcr Deutschland - just-now.NEWS Deutschland","robots":{"index":"index","follow":"follow","max-snippet":"max-snippet:-1","max-image-preview":"max-image-preview:large","max-video-preview":"max-video-preview:-1"},"canonical":"https:\/\/now-news.de\/de\/deutschland\/stromrationierung-in-den-niederlanden-ist-warnung-fuer-deutschland\/","og_locale":"de_DE","og_type":"article","og_title":"Stromrationierung in den Niederlanden ist Warnung f\u00fcr Deutschland","og_description":"In den Niederlanden kommt es zu Stromrationierungen. Grund ist der schnelle Umstieg von Gas auf Strom. Das f\u00fchrt zu \u00dcberlastungen des Netzes. In Deutschland ist die Situation nicht grundlegend anders. Auch hier sind Ma\u00dfnahmen zu erwarten, die den Verbrauch von Strom reduzieren. Infolge des schnellen Ausstiegs aus fossilen Energien und der zunehmenden Elektrifizierung wird in [&hellip;]","og_url":"https:\/\/now-news.de\/de\/deutschland\/stromrationierung-in-den-niederlanden-ist-warnung-fuer-deutschland\/","og_site_name":"just-now.NEWS Deutschland","article_publisher":"https:\/\/www.facebook.com\/wirmachenauf","article_published_time":"2025-07-19T11:31:51+00:00","og_image":[{"url":"https:\/\/now-news.de\/de\/wp-content\/uploads\/sites\/3\/2025\/07\/687b68fb48fbef0f603a01de.jpg"}],"author":"rtnews","twitter_card":"summary_large_image","twitter_creator":"@WirMachenAuf_de","twitter_site":"@WirMachenAuf_de","twitter_misc":{"Verfasst von":"rtnews","Gesch\u00e4tzte Lesezeit":"2\u00a0Minuten"},"schema":{"@context":"https:\/\/schema.org","@graph":[{"@type":"Article","@id":"https:\/\/now-news.de\/de\/deutschland\/stromrationierung-in-den-niederlanden-ist-warnung-fuer-deutschland\/#article","isPartOf":{"@id":"https:\/\/now-news.de\/de\/deutschland\/stromrationierung-in-den-niederlanden-ist-warnung-fuer-deutschland\/"},"author":{"name":"rtnews","@id":"https:\/\/now-news.de\/de\/#\/schema\/person\/fb534a4e865501d8b3285208df34a9b5"},"headline":"Stromrationierung in den Niederlanden ist Warnung f\u00fcr Deutschland","datePublished":"2025-07-19T11:31:51+00:00","dateModified":"2025-07-19T11:31:51+00:00","mainEntityOfPage":{"@id":"https:\/\/now-news.de\/de\/deutschland\/stromrationierung-in-den-niederlanden-ist-warnung-fuer-deutschland\/"},"wordCount":327,"commentCount":0,"publisher":{"@id":"https:\/\/now-news.de\/de\/#organization"},"image":{"@id":"https:\/\/now-news.de\/de\/deutschland\/stromrationierung-in-den-niederlanden-ist-warnung-fuer-deutschland\/#primaryimage"},"thumbnailUrl":"https:\/\/now-news.de\/de\/wp-content\/uploads\/sites\/3\/2025\/07\/Stromrationierung-in-den-Niederlanden-ist-Warnung-fuer-Deutschland.jpg","keywords":["den","Deutschland","f\u00fcr","ist","Niederlanden","Stromrationierung","Warnung"],"articleSection":["Deutschland","Russland"],"inLanguage":"de","potentialAction":[{"@type":"CommentAction","name":"Comment","target":["https:\/\/now-news.de\/de\/deutschland\/stromrationierung-in-den-niederlanden-ist-warnung-fuer-deutschland\/#respond"]}]},{"@type":"WebPage","@id":"https:\/\/now-news.de\/de\/deutschland\/stromrationierung-in-den-niederlanden-ist-warnung-fuer-deutschland\/","url":"https:\/\/now-news.de\/de\/deutschland\/stromrationierung-in-den-niederlanden-ist-warnung-fuer-deutschland\/","name":"Stromrationierung in den Niederlanden ist Warnung f\u00fcr Deutschland - just-now.NEWS Deutschland","isPartOf":{"@id":"https:\/\/now-news.de\/de\/#website"},"primaryImageOfPage":{"@id":"https:\/\/now-news.de\/de\/deutschland\/stromrationierung-in-den-niederlanden-ist-warnung-fuer-deutschland\/#primaryimage"},"image":{"@id":"https:\/\/now-news.de\/de\/deutschland\/stromrationierung-in-den-niederlanden-ist-warnung-fuer-deutschland\/#primaryimage"},"thumbnailUrl":"https:\/\/now-news.de\/de\/wp-content\/uploads\/sites\/3\/2025\/07\/Stromrationierung-in-den-Niederlanden-ist-Warnung-fuer-Deutschland.jpg","datePublished":"2025-07-19T11:31:51+00:00","dateModified":"2025-07-19T11:31:51+00:00","breadcrumb":{"@id":"https:\/\/now-news.de\/de\/deutschland\/stromrationierung-in-den-niederlanden-ist-warnung-fuer-deutschland\/#breadcrumb"},"inLanguage":"de","potentialAction":[{"@type":"ReadAction","target":["https:\/\/now-news.de\/de\/deutschland\/stromrationierung-in-den-niederlanden-ist-warnung-fuer-deutschland\/"]}]},{"@type":"ImageObject","inLanguage":"de","@id":"https:\/\/now-news.de\/de\/deutschland\/stromrationierung-in-den-niederlanden-ist-warnung-fuer-deutschland\/#primaryimage","url":"https:\/\/now-news.de\/de\/wp-content\/uploads\/sites\/3\/2025\/07\/Stromrationierung-in-den-Niederlanden-ist-Warnung-fuer-Deutschland.jpg","contentUrl":"https:\/\/now-news.de\/de\/wp-content\/uploads\/sites\/3\/2025\/07\/Stromrationierung-in-den-Niederlanden-ist-Warnung-fuer-Deutschland.jpg","width":460,"height":259,"caption":"Stromrationierung in den Niederlanden ist Warnung f\u00fcr Deutschland"},{"@type":"BreadcrumbList","@id":"https:\/\/now-news.de\/de\/deutschland\/stromrationierung-in-den-niederlanden-ist-warnung-fuer-deutschland\/#breadcrumb","itemListElement":[{"@type":"ListItem","position":1,"name":"Home","item":"https:\/\/now-news.de\/de\/"},{"@type":"ListItem","position":2,"name":"Stromrationierung in den Niederlanden ist Warnung f\u00fcr Deutschland"}]},{"@type":"WebSite","@id":"https:\/\/now-news.de\/de\/#website","url":"https:\/\/now-news.de\/de\/","name":"just-now.NEWS Deutschland","description":"Das Portal f\u00fcr unzensierte Nachrichten aus der Welt","publisher":{"@id":"https:\/\/now-news.de\/de\/#organization"},"potentialAction":[{"@type":"SearchAction","target":{"@type":"EntryPoint","urlTemplate":"https:\/\/now-news.de\/de\/?s={search_term_string}"},"query-input":"required name=search_term_string"}],"inLanguage":"de"},{"@type":"Organization","@id":"https:\/\/now-news.de\/de\/#organization","name":"Just Now News","url":"https:\/\/now-news.de\/de\/","logo":{"@type":"ImageObject","inLanguage":"de","@id":"https:\/\/now-news.de\/de\/#\/schema\/logo\/image\/","url":"http:\/\/just-now.news\/de\/wp-content\/uploads\/sites\/3\/2022\/04\/logo500x500.jpg","contentUrl":"http:\/\/just-now.news\/de\/wp-content\/uploads\/sites\/3\/2022\/04\/logo500x500.jpg","width":500,"height":500,"caption":"Just Now News"},"image":{"@id":"https:\/\/now-news.de\/de\/#\/schema\/logo\/image\/"},"sameAs":["https:\/\/www.facebook.com\/wirmachenauf","https:\/\/x.com\/WirMachenAuf_de"]},{"@type":"Person","@id":"https:\/\/now-news.de\/de\/#\/schema\/person\/fb534a4e865501d8b3285208df34a9b5","name":"rtnews","image":{"@type":"ImageObject","inLanguage":"de","@id":"https:\/\/now-news.de\/de\/#\/schema\/person\/image\/","url":"https:\/\/secure.gravatar.com\/avatar\/82aafea7d8127119dd649515f56e2117?s=96&d=mm&r=g","contentUrl":"https:\/\/secure.gravatar.com\/avatar\/82aafea7d8127119dd649515f56e2117?s=96&d=mm&r=g","caption":"rtnews"},"url":"https:\/\/now-news.de\/de\/author\/rnews\/"}]}},"_links":{"self":[{"href":"https:\/\/now-news.de\/de\/wp-json\/wp\/v2\/posts\/87451"}],"collection":[{"href":"https:\/\/now-news.de\/de\/wp-json\/wp\/v2\/posts"}],"about":[{"href":"https:\/\/now-news.de\/de\/wp-json\/wp\/v2\/types\/post"}],"author":[{"embeddable":true,"href":"https:\/\/now-news.de\/de\/wp-json\/wp\/v2\/users\/3"}],"replies":[{"embeddable":true,"href":"https:\/\/now-news.de\/de\/wp-json\/wp\/v2\/comments?post=87451"}],"version-history":[{"count":0,"href":"https:\/\/now-news.de\/de\/wp-json\/wp\/v2\/posts\/87451\/revisions"}],"wp:featuredmedia":[{"embeddable":true,"href":"https:\/\/now-news.de\/de\/wp-json\/wp\/v2\/media\/87452"}],"wp:attachment":[{"href":"https:\/\/now-news.de\/de\/wp-json\/wp\/v2\/media?parent=87451"}],"wp:term":[{"taxonomy":"category","embeddable":true,"href":"https:\/\/now-news.de\/de\/wp-json\/wp\/v2\/categories?post=87451"},{"taxonomy":"post_tag","embeddable":true,"href":"https:\/\/now-news.de\/de\/wp-json\/wp\/v2\/tags?post=87451"}],"curies":[{"name":"wp","href":"https:\/\/api.w.org\/{rel}","templated":true}]}}