{"id":87401,"date":"2025-07-18T13:38:23","date_gmt":"2025-07-18T11:38:23","guid":{"rendered":"https:\/\/now-news.de\/de\/deutschland\/fall-epstein-trump-ordnet-freigabe-der-geschworenenprotokolle-an-und-verklagt-wall-street-journal\/"},"modified":"2025-07-18T13:38:23","modified_gmt":"2025-07-18T11:38:23","slug":"fall-epstein-trump-ordnet-freigabe-der-geschworenenprotokolle-an-und-verklagt-wall-street-journal","status":"publish","type":"post","link":"https:\/\/now-news.de\/de\/deutschland\/fall-epstein-trump-ordnet-freigabe-der-geschworenenprotokolle-an-und-verklagt-wall-street-journal\/","title":{"rendered":"Fall Epstein: Trump ordnet Freigabe der Geschworenenprotokolle an und verklagt Wall Street Journal"},"content":{"rendered":"<p><img decoding=\"async\" src=\"https:\/\/now-news.de\/de\/wp-content\/uploads\/sites\/3\/2025\/07\/687a11eb48fbef13391e94f4.jpg\" \/><\/p>\n<div class=\"Text-root Text-type_1 \">\n                Nachdem er viele seiner Anh\u00e4nger mit seiner Wende im Fall Epstein gegen sich aufgebracht hat, ordnete Donald Trump nun die Freigabe eines Teils der Epstein-Akten an. Zudem will der US-Pr\u00e4sident das Wall Street Journal verklagen, das einen angeblichen Geburtstagsgru\u00df von Trump an den Sexverbrecher ver\u00f6ffentlichte.\n            <\/div>\n<p><\/p>\n<div class=\"Text-root Text-type_5 ArticleView-text ViewText-root \">\n<p>US-Pr\u00e4sident Donald Trump hat versprochen, weitere Informationen freizugeben, nachdem die Kritik am Umgang seiner Regierung mit dem Fall des verstorbenen Sexverbrechers Jeffrey Epstein einen Wendepunkt erreicht hatte.<\/p>\n<p>Nach monatelangen Zusagen, die vollst\u00e4ndigen Akten des Falles offenzulegen, teilte das Justizministerium letzte Woche in einem Memo mit, dass keine weiteren Dokumente ver\u00f6ffentlicht w\u00fcrden \u2013 und l\u00f6ste damit selbst bei einigen von Trumps engsten Anh\u00e4ngern w\u00fctende Reaktionen aus.<\/p>\n<p>&#8220;Aufgrund der l\u00e4cherlichen Menge an \u00f6ffentlicher Aufmerksamkeit, die Jeffrey Epstein zuteil wird, habe ich Generalstaatsanw\u00e4ltin Pam Bondi gebeten, vorbehaltlich der gerichtlichen Genehmigung alle relevanten Zeugenaussagen der Grand Jury zu ver\u00f6ffentlichen&#8221;, schrieb Trump am Donnerstag auf\u00a0seiner Plattform\u00a0<em>Truth Social<\/em>.<\/p>\n<div class=\"EmbedBlock-root EmbedBlock-twitter\">\n<div class=\"TwitterEmbed\">\n<blockquote class=\"twitter-tweet lazyload\" data-twitter=\"twitter-tweet\">\n<p lang=\"en\" dir=\"ltr\">President Trump\u2014we are ready to move the court tomorrow to unseal the grand jury transcripts. <a rel=\"nofollow noopener\" target=\"_blank\" href=\"https:\/\/t.co\/hOXzdTcYYB\">pic.twitter.com\/hOXzdTcYYB<\/a><\/p>\n<p>\u2014 Attorney General Pamela Bondi (@AGPamBondi) <a rel=\"nofollow noopener\" target=\"_blank\" href=\"https:\/\/twitter.com\/AGPamBondi\/status\/1946014427670851643?ref_src=twsrc%5Etfw\">July 18, 2025<\/a><\/p><\/blockquote>\n<\/div>\n<\/div>\n<p>Bondi best\u00e4tigte, dass ihr B\u00fcro &#8220;bereit ist, morgen beim Gericht die Freigabe der Geschworenenprotokolle zu beantragen&#8221;, auch wenn noch unklar sei, welche Dokumente freigegeben werden und wann.<\/p>\n<p>Epstein wurde 2019 verhaftet und des Handels mit Minderj\u00e4hrigen f\u00fcr sexuelle Zwecke angeklagt. Er soll sich jedoch in seiner New Yorker Gef\u00e4ngniszelle erh\u00e4ngt haben, bevor er vor Gericht erscheinen konnte. Seine langj\u00e4hrige Mitarbeiterin Ghislaine Maxwell wurde sp\u00e4ter wegen Verschw\u00f6rung zum sexuellen Missbrauch minderj\u00e4hriger M\u00e4dchen verurteilt und verb\u00fc\u00dft nun eine 20-j\u00e4hrige Haftstrafe.<\/p>\n<p>An der offiziellen Einstufung von Epsteins Tod als Selbstmord gibt es erhebliche Zweifel. Nicht nur viele Trump-Anh\u00e4nger gehen von einem Mord aus, mit dem verhindert werden sollte, dass Epstein\u00a0vor Gericht\u00a0\u00fcber seine prominente Kundschaft aussagen kann.\u00a0<\/p>\n<p>Die umstrittene Untersuchung des Justizministeriums kam vergangene Woche in einem Memo zu dem Schluss, dass es sich um Selbstmord handelte und es keine &#8220;Kundenliste&#8221; von Epsteins Sexhandelsring gab. Auch habe es keine Beweise f\u00fcr Erpressung gegeben. Es gebe keinen Grund, gegen nicht angeklagte Dritte zu ermitteln, hie\u00df es in dem Memo.<\/p>\n<p>Diese Ergebnisse scheinen im Widerspruch zu Bondis fr\u00fcheren \u00c4u\u00dferungen zu stehen, wonach die Kundenliste &#8220;auf [ihrem] Schreibtisch lag&#8221; und das FBI eine &#8220;Wagenladung&#8221; von Material \u00fcbergeben hatte, das &#8220;einen krank machen w\u00fcrde&#8221;. Bondi schien diese \u00c4u\u00dferungen zur\u00fcckzunehmen und stellte am Dienstag klar, dass sie sich auf Fallakten auf ihrem Schreibtisch im Allgemeinen bezog.\u00a0<\/p>\n<p>Am Mittwoch hatte Trump behauptet, nur &#8220;dumme Leute&#8221; w\u00fcrden glauben, dass die angebliche &#8220;Kundenliste&#8221; des Sexualstraft\u00e4ters kein weiterer Schwindel der Demokraten sei.<\/p>\n<p>Trump hatte die Freigabe der Protokolle angeordnet, nachdem das <em>Wall Street Journal<\/em>\u00a0(WSJ) ihn beschuldigt hatte, Epstein im Jahr 2003 einen anz\u00fcglichen Geburtstagsgru\u00df geschickt zu haben. Der Pr\u00e4sident hat gedroht, Rupert Murdoch und seine &#8220;drittklassige Zeitung&#8221; wegen Verleumdung zu verklagen.<\/p>\n<p>Der angebliche Brief sei Teil eines ledergebundenen Albums gewesen, das Ghislaine Maxwell 2003 zusammengestellt hatte, und habe eine grobe Zeichnung einer nackten Frau enthalten, so ein exklusiver Bericht, den das\u00a0<em>WSJ <\/em>am Donnerstag ver\u00f6ffentlichte.<\/p>\n<p>&#8220;Ein Paar kleiner B\u00f6gen kennzeichnet die Br\u00fcste der Frau, und die Unterschrift des zuk\u00fcnftigen Pr\u00e4sidenten ist ein verschn\u00f6rkelter Donald unterhalb ihrer Taille, der Schamhaare imitiert&#8221;, hei\u00dft es in dem Bericht, in dem nicht n\u00e4her ausgef\u00fchrt wird, wie das Blatt an die angeblich bisher unver\u00f6ffentlichte Akte des Justizministeriums gelangt ist.<\/p>\n<p>Die Zeitung r\u00e4umte ein, dass Trump die Anschuldigungen vehement bestritt, ver\u00f6ffentlichte sie aber dennoch. &#8220;Ich habe in meinem Leben noch nie ein Bild gemalt. Ich zeichne keine Bilder von Frauen. Das ist nicht meine Sprache. Es sind nicht meine Worte&#8221;, zitierte ihn das Journal.<\/p>\n<p>Einige Stunden nach Bekanntwerden der Geschichte beschuldigte Trump den Zeitungseigent\u00fcmer Murdoch und die <em>WSJ<\/em>-Redakteurin Emma Tucker, absichtlich &#8220;diffamierende L\u00fcgen&#8221; zu verbreiten.<\/p>\n<p>&#8220;Das Wall Street Journal und Rupert Murdoch pers\u00f6nlich wurden direkt von Pr\u00e4sident Donald J. Trump gewarnt, dass der angebliche Brief \u2026 eine F\u00c4LSCHUNG sei und sie verklagt w\u00fcrden, wenn sie ihn drucken&#8221;, schrieb Trump in einem Beitrag auf <em>Truth Social<\/em>.<\/p>\n<p>Er bezeichnete die &#8220;einst gro\u00dfartige&#8221; Zeitung als &#8220;ekelhaftes und schmutziges Blatt&#8221;, das verzweifelt versuche, &#8220;relevant zu bleiben&#8221;. Trump versprach, das <em>WSJ\u00a0<\/em>und Murdoch &#8220;in K\u00fcrze&#8221; zu verklagen, und verwies auf eine Reihe fr\u00fcherer erfolgreicher Klagen gegen gro\u00dfe Medienunternehmen.<\/p>\n<p><strong>Mehr zum Thema<\/strong> &#8211; <a rel=\"nofollow noopener\" target=\"_blank\" href=\"https:\/\/freedert.online\/international\/250567-epstein-akten-trump-bringt-maga\/\">Epstein-Akten: Trump bringt MAGA-Lager gegen sich auf<\/a><\/p>\n<div class=\"EmbedBlock-root EmbedBlock-externalVideo EmbedBlock-rumble\">\n<div class=\"VkEmbed\"><iframe class=\"lazyload\" data-src=\"https:\/\/rumble.com\/embed\/v6tr1gc\" frameborder=\"0\" width=\"853\" height=\"480\" allowfullscreen><\/iframe><\/div>\n<\/div>\n<\/div>\n<p><script async src=\"https:\/\/platform.twitter.com\/widgets.js\" charset=\"utf-8\"><\/script><br \/>\n<br \/><br \/>\n<br \/><a href=\"https:\/\/de.rt.com\/nordamerika\/250999-fall-epstein-trump-ordnet-freigabe\/\">Source link <\/a><\/p>\n","protected":false},"excerpt":{"rendered":"<p>Nachdem er viele seiner Anh\u00e4nger mit seiner Wende im Fall Epstein gegen sich aufgebracht hat, ordnete Donald Trump nun die Freigabe eines Teils der Epstein-Akten an. Zudem will der US-Pr\u00e4sident das Wall Street Journal verklagen, das einen angeblichen Geburtstagsgru\u00df von Trump an den Sexverbrecher ver\u00f6ffentlichte. US-Pr\u00e4sident Donald Trump hat versprochen, weitere Informationen freizugeben, nachdem die [&hellip;]<\/p>\n","protected":false},"author":3,"featured_media":87402,"comment_status":"open","ping_status":"open","sticky":false,"template":"","format":"standard","meta":{"_yoast_indexnow_last_ping":["1752841292"],"wp_automatic_camp":["217"],"8d022452bcac1c7ddb6b6040f68640cf":["Fall Epstein: Trump ordnet Freigabe der Geschworenenprotokolle an und verklagt Wall Street Journal"],"original_link":["https:\/\/de.rt.com\/nordamerika\/250999-fall-epstein-trump-ordnet-freigabe\/"],"_thumbnail_id":["87402"],"jnews_social_counter_last_update":["1777177234"],"_wptgpro_p2tg_sent2tg":["a:1:{i:23737;s:19:\"2025-07-18 14:22:31\";}"]},"categories":[19,23],"tags":[82,22205,1657,27290,66438,5558,33121,1156,1639,140,13389,5557],"yoast_head":"<!-- This site is optimized with the Yoast SEO Premium plugin v22.7 (Yoast SEO v22.7) - https:\/\/yoast.com\/wordpress\/plugins\/seo\/ -->\n<title>Fall Epstein: Trump ordnet Freigabe der Geschworenenprotokolle an und verklagt Wall Street Journal - just-now.NEWS Deutschland<\/title>\n<meta name=\"robots\" content=\"index, follow, max-snippet:-1, max-image-preview:large, max-video-preview:-1\" \/>\n<link rel=\"canonical\" href=\"https:\/\/now-news.de\/de\/deutschland\/fall-epstein-trump-ordnet-freigabe-der-geschworenenprotokolle-an-und-verklagt-wall-street-journal\/\" \/>\n<meta property=\"og:locale\" content=\"de_DE\" \/>\n<meta property=\"og:type\" content=\"article\" \/>\n<meta property=\"og:title\" content=\"Fall Epstein: Trump ordnet Freigabe der Geschworenenprotokolle an und verklagt Wall Street Journal\" \/>\n<meta property=\"og:description\" content=\"Nachdem er viele seiner Anh\u00e4nger mit seiner Wende im Fall Epstein gegen sich aufgebracht hat, ordnete Donald Trump nun die Freigabe eines Teils der Epstein-Akten an. Zudem will der US-Pr\u00e4sident das Wall Street Journal verklagen, das einen angeblichen Geburtstagsgru\u00df von Trump an den Sexverbrecher ver\u00f6ffentlichte. US-Pr\u00e4sident Donald Trump hat versprochen, weitere Informationen freizugeben, nachdem die [&hellip;]\" \/>\n<meta property=\"og:url\" content=\"https:\/\/now-news.de\/de\/deutschland\/fall-epstein-trump-ordnet-freigabe-der-geschworenenprotokolle-an-und-verklagt-wall-street-journal\/\" \/>\n<meta property=\"og:site_name\" content=\"just-now.NEWS Deutschland\" \/>\n<meta property=\"article:publisher\" content=\"https:\/\/www.facebook.com\/wirmachenauf\" \/>\n<meta property=\"article:published_time\" content=\"2025-07-18T11:38:23+00:00\" \/>\n<meta property=\"og:image\" content=\"https:\/\/now-news.de\/de\/wp-content\/uploads\/sites\/3\/2025\/07\/687a11eb48fbef13391e94f4.jpg\" \/>\n<meta name=\"author\" content=\"rtnews\" \/>\n<meta name=\"twitter:card\" content=\"summary_large_image\" \/>\n<meta name=\"twitter:creator\" content=\"@WirMachenAuf_de\" \/>\n<meta name=\"twitter:site\" content=\"@WirMachenAuf_de\" \/>\n<meta name=\"twitter:label1\" content=\"Verfasst von\" \/>\n\t<meta name=\"twitter:data1\" content=\"rtnews\" \/>\n\t<meta name=\"twitter:label2\" content=\"Gesch\u00e4tzte Lesezeit\" \/>\n\t<meta name=\"twitter:data2\" content=\"4\u00a0Minuten\" \/>\n<script type=\"application\/ld+json\" class=\"yoast-schema-graph\">{\"@context\":\"https:\/\/schema.org\",\"@graph\":[{\"@type\":\"Article\",\"@id\":\"https:\/\/now-news.de\/de\/deutschland\/fall-epstein-trump-ordnet-freigabe-der-geschworenenprotokolle-an-und-verklagt-wall-street-journal\/#article\",\"isPartOf\":{\"@id\":\"https:\/\/now-news.de\/de\/deutschland\/fall-epstein-trump-ordnet-freigabe-der-geschworenenprotokolle-an-und-verklagt-wall-street-journal\/\"},\"author\":{\"name\":\"rtnews\",\"@id\":\"https:\/\/now-news.de\/de\/#\/schema\/person\/fb534a4e865501d8b3285208df34a9b5\"},\"headline\":\"Fall Epstein: Trump ordnet Freigabe der Geschworenenprotokolle an und verklagt Wall Street Journal\",\"datePublished\":\"2025-07-18T11:38:23+00:00\",\"dateModified\":\"2025-07-18T11:38:23+00:00\",\"mainEntityOfPage\":{\"@id\":\"https:\/\/now-news.de\/de\/deutschland\/fall-epstein-trump-ordnet-freigabe-der-geschworenenprotokolle-an-und-verklagt-wall-street-journal\/\"},\"wordCount\":763,\"commentCount\":0,\"publisher\":{\"@id\":\"https:\/\/now-news.de\/de\/#organization\"},\"image\":{\"@id\":\"https:\/\/now-news.de\/de\/deutschland\/fall-epstein-trump-ordnet-freigabe-der-geschworenenprotokolle-an-und-verklagt-wall-street-journal\/#primaryimage\"},\"thumbnailUrl\":\"https:\/\/now-news.de\/de\/wp-content\/uploads\/sites\/3\/2025\/07\/Fall-Epstein-Trump-ordnet-Freigabe-der-Geschworenenprotokolle-an-und-verklagt.jpg\",\"keywords\":[\"der\",\"Epstein\",\"fall\",\"Freigabe\",\"Geschworenenprotokolle\",\"Journal\",\"ordnet\",\"Street\",\"trump\",\"und\",\"verklagt\",\"Wall\"],\"articleSection\":[\"Deutschland\",\"Russland\"],\"inLanguage\":\"de\",\"potentialAction\":[{\"@type\":\"CommentAction\",\"name\":\"Comment\",\"target\":[\"https:\/\/now-news.de\/de\/deutschland\/fall-epstein-trump-ordnet-freigabe-der-geschworenenprotokolle-an-und-verklagt-wall-street-journal\/#respond\"]}]},{\"@type\":\"WebPage\",\"@id\":\"https:\/\/now-news.de\/de\/deutschland\/fall-epstein-trump-ordnet-freigabe-der-geschworenenprotokolle-an-und-verklagt-wall-street-journal\/\",\"url\":\"https:\/\/now-news.de\/de\/deutschland\/fall-epstein-trump-ordnet-freigabe-der-geschworenenprotokolle-an-und-verklagt-wall-street-journal\/\",\"name\":\"Fall Epstein: Trump ordnet Freigabe der Geschworenenprotokolle an und verklagt Wall Street Journal - just-now.NEWS Deutschland\",\"isPartOf\":{\"@id\":\"https:\/\/now-news.de\/de\/#website\"},\"primaryImageOfPage\":{\"@id\":\"https:\/\/now-news.de\/de\/deutschland\/fall-epstein-trump-ordnet-freigabe-der-geschworenenprotokolle-an-und-verklagt-wall-street-journal\/#primaryimage\"},\"image\":{\"@id\":\"https:\/\/now-news.de\/de\/deutschland\/fall-epstein-trump-ordnet-freigabe-der-geschworenenprotokolle-an-und-verklagt-wall-street-journal\/#primaryimage\"},\"thumbnailUrl\":\"https:\/\/now-news.de\/de\/wp-content\/uploads\/sites\/3\/2025\/07\/Fall-Epstein-Trump-ordnet-Freigabe-der-Geschworenenprotokolle-an-und-verklagt.jpg\",\"datePublished\":\"2025-07-18T11:38:23+00:00\",\"dateModified\":\"2025-07-18T11:38:23+00:00\",\"breadcrumb\":{\"@id\":\"https:\/\/now-news.de\/de\/deutschland\/fall-epstein-trump-ordnet-freigabe-der-geschworenenprotokolle-an-und-verklagt-wall-street-journal\/#breadcrumb\"},\"inLanguage\":\"de\",\"potentialAction\":[{\"@type\":\"ReadAction\",\"target\":[\"https:\/\/now-news.de\/de\/deutschland\/fall-epstein-trump-ordnet-freigabe-der-geschworenenprotokolle-an-und-verklagt-wall-street-journal\/\"]}]},{\"@type\":\"ImageObject\",\"inLanguage\":\"de\",\"@id\":\"https:\/\/now-news.de\/de\/deutschland\/fall-epstein-trump-ordnet-freigabe-der-geschworenenprotokolle-an-und-verklagt-wall-street-journal\/#primaryimage\",\"url\":\"https:\/\/now-news.de\/de\/wp-content\/uploads\/sites\/3\/2025\/07\/Fall-Epstein-Trump-ordnet-Freigabe-der-Geschworenenprotokolle-an-und-verklagt.jpg\",\"contentUrl\":\"https:\/\/now-news.de\/de\/wp-content\/uploads\/sites\/3\/2025\/07\/Fall-Epstein-Trump-ordnet-Freigabe-der-Geschworenenprotokolle-an-und-verklagt.jpg\",\"width\":460,\"height\":259,\"caption\":\"Fall Epstein: Trump ordnet Freigabe der Geschworenenprotokolle an und verklagt Wall Street Journal\"},{\"@type\":\"BreadcrumbList\",\"@id\":\"https:\/\/now-news.de\/de\/deutschland\/fall-epstein-trump-ordnet-freigabe-der-geschworenenprotokolle-an-und-verklagt-wall-street-journal\/#breadcrumb\",\"itemListElement\":[{\"@type\":\"ListItem\",\"position\":1,\"name\":\"Home\",\"item\":\"https:\/\/now-news.de\/de\/\"},{\"@type\":\"ListItem\",\"position\":2,\"name\":\"Fall Epstein: Trump ordnet Freigabe der Geschworenenprotokolle an und verklagt Wall Street Journal\"}]},{\"@type\":\"WebSite\",\"@id\":\"https:\/\/now-news.de\/de\/#website\",\"url\":\"https:\/\/now-news.de\/de\/\",\"name\":\"just-now.NEWS Deutschland\",\"description\":\"Das Portal f\u00fcr unzensierte Nachrichten aus der Welt\",\"publisher\":{\"@id\":\"https:\/\/now-news.de\/de\/#organization\"},\"potentialAction\":[{\"@type\":\"SearchAction\",\"target\":{\"@type\":\"EntryPoint\",\"urlTemplate\":\"https:\/\/now-news.de\/de\/?s={search_term_string}\"},\"query-input\":\"required name=search_term_string\"}],\"inLanguage\":\"de\"},{\"@type\":\"Organization\",\"@id\":\"https:\/\/now-news.de\/de\/#organization\",\"name\":\"Just Now News\",\"url\":\"https:\/\/now-news.de\/de\/\",\"logo\":{\"@type\":\"ImageObject\",\"inLanguage\":\"de\",\"@id\":\"https:\/\/now-news.de\/de\/#\/schema\/logo\/image\/\",\"url\":\"http:\/\/just-now.news\/de\/wp-content\/uploads\/sites\/3\/2022\/04\/logo500x500.jpg\",\"contentUrl\":\"http:\/\/just-now.news\/de\/wp-content\/uploads\/sites\/3\/2022\/04\/logo500x500.jpg\",\"width\":500,\"height\":500,\"caption\":\"Just Now News\"},\"image\":{\"@id\":\"https:\/\/now-news.de\/de\/#\/schema\/logo\/image\/\"},\"sameAs\":[\"https:\/\/www.facebook.com\/wirmachenauf\",\"https:\/\/x.com\/WirMachenAuf_de\"]},{\"@type\":\"Person\",\"@id\":\"https:\/\/now-news.de\/de\/#\/schema\/person\/fb534a4e865501d8b3285208df34a9b5\",\"name\":\"rtnews\",\"image\":{\"@type\":\"ImageObject\",\"inLanguage\":\"de\",\"@id\":\"https:\/\/now-news.de\/de\/#\/schema\/person\/image\/\",\"url\":\"https:\/\/secure.gravatar.com\/avatar\/82aafea7d8127119dd649515f56e2117?s=96&d=mm&r=g\",\"contentUrl\":\"https:\/\/secure.gravatar.com\/avatar\/82aafea7d8127119dd649515f56e2117?s=96&d=mm&r=g\",\"caption\":\"rtnews\"},\"url\":\"https:\/\/now-news.de\/de\/author\/rnews\/\"}]}<\/script>\n<!-- \/ Yoast SEO Premium plugin. -->","yoast_head_json":{"title":"Fall Epstein: Trump ordnet Freigabe der Geschworenenprotokolle an und verklagt Wall Street Journal - just-now.NEWS Deutschland","robots":{"index":"index","follow":"follow","max-snippet":"max-snippet:-1","max-image-preview":"max-image-preview:large","max-video-preview":"max-video-preview:-1"},"canonical":"https:\/\/now-news.de\/de\/deutschland\/fall-epstein-trump-ordnet-freigabe-der-geschworenenprotokolle-an-und-verklagt-wall-street-journal\/","og_locale":"de_DE","og_type":"article","og_title":"Fall Epstein: Trump ordnet Freigabe der Geschworenenprotokolle an und verklagt Wall Street Journal","og_description":"Nachdem er viele seiner Anh\u00e4nger mit seiner Wende im Fall Epstein gegen sich aufgebracht hat, ordnete Donald Trump nun die Freigabe eines Teils der Epstein-Akten an. Zudem will der US-Pr\u00e4sident das Wall Street Journal verklagen, das einen angeblichen Geburtstagsgru\u00df von Trump an den Sexverbrecher ver\u00f6ffentlichte. US-Pr\u00e4sident Donald Trump hat versprochen, weitere Informationen freizugeben, nachdem die [&hellip;]","og_url":"https:\/\/now-news.de\/de\/deutschland\/fall-epstein-trump-ordnet-freigabe-der-geschworenenprotokolle-an-und-verklagt-wall-street-journal\/","og_site_name":"just-now.NEWS Deutschland","article_publisher":"https:\/\/www.facebook.com\/wirmachenauf","article_published_time":"2025-07-18T11:38:23+00:00","og_image":[{"url":"https:\/\/now-news.de\/de\/wp-content\/uploads\/sites\/3\/2025\/07\/687a11eb48fbef13391e94f4.jpg"}],"author":"rtnews","twitter_card":"summary_large_image","twitter_creator":"@WirMachenAuf_de","twitter_site":"@WirMachenAuf_de","twitter_misc":{"Verfasst von":"rtnews","Gesch\u00e4tzte Lesezeit":"4\u00a0Minuten"},"schema":{"@context":"https:\/\/schema.org","@graph":[{"@type":"Article","@id":"https:\/\/now-news.de\/de\/deutschland\/fall-epstein-trump-ordnet-freigabe-der-geschworenenprotokolle-an-und-verklagt-wall-street-journal\/#article","isPartOf":{"@id":"https:\/\/now-news.de\/de\/deutschland\/fall-epstein-trump-ordnet-freigabe-der-geschworenenprotokolle-an-und-verklagt-wall-street-journal\/"},"author":{"name":"rtnews","@id":"https:\/\/now-news.de\/de\/#\/schema\/person\/fb534a4e865501d8b3285208df34a9b5"},"headline":"Fall Epstein: Trump ordnet Freigabe der Geschworenenprotokolle an und verklagt Wall Street Journal","datePublished":"2025-07-18T11:38:23+00:00","dateModified":"2025-07-18T11:38:23+00:00","mainEntityOfPage":{"@id":"https:\/\/now-news.de\/de\/deutschland\/fall-epstein-trump-ordnet-freigabe-der-geschworenenprotokolle-an-und-verklagt-wall-street-journal\/"},"wordCount":763,"commentCount":0,"publisher":{"@id":"https:\/\/now-news.de\/de\/#organization"},"image":{"@id":"https:\/\/now-news.de\/de\/deutschland\/fall-epstein-trump-ordnet-freigabe-der-geschworenenprotokolle-an-und-verklagt-wall-street-journal\/#primaryimage"},"thumbnailUrl":"https:\/\/now-news.de\/de\/wp-content\/uploads\/sites\/3\/2025\/07\/Fall-Epstein-Trump-ordnet-Freigabe-der-Geschworenenprotokolle-an-und-verklagt.jpg","keywords":["der","Epstein","fall","Freigabe","Geschworenenprotokolle","Journal","ordnet","Street","trump","und","verklagt","Wall"],"articleSection":["Deutschland","Russland"],"inLanguage":"de","potentialAction":[{"@type":"CommentAction","name":"Comment","target":["https:\/\/now-news.de\/de\/deutschland\/fall-epstein-trump-ordnet-freigabe-der-geschworenenprotokolle-an-und-verklagt-wall-street-journal\/#respond"]}]},{"@type":"WebPage","@id":"https:\/\/now-news.de\/de\/deutschland\/fall-epstein-trump-ordnet-freigabe-der-geschworenenprotokolle-an-und-verklagt-wall-street-journal\/","url":"https:\/\/now-news.de\/de\/deutschland\/fall-epstein-trump-ordnet-freigabe-der-geschworenenprotokolle-an-und-verklagt-wall-street-journal\/","name":"Fall Epstein: Trump ordnet Freigabe der Geschworenenprotokolle an und verklagt Wall Street Journal - just-now.NEWS Deutschland","isPartOf":{"@id":"https:\/\/now-news.de\/de\/#website"},"primaryImageOfPage":{"@id":"https:\/\/now-news.de\/de\/deutschland\/fall-epstein-trump-ordnet-freigabe-der-geschworenenprotokolle-an-und-verklagt-wall-street-journal\/#primaryimage"},"image":{"@id":"https:\/\/now-news.de\/de\/deutschland\/fall-epstein-trump-ordnet-freigabe-der-geschworenenprotokolle-an-und-verklagt-wall-street-journal\/#primaryimage"},"thumbnailUrl":"https:\/\/now-news.de\/de\/wp-content\/uploads\/sites\/3\/2025\/07\/Fall-Epstein-Trump-ordnet-Freigabe-der-Geschworenenprotokolle-an-und-verklagt.jpg","datePublished":"2025-07-18T11:38:23+00:00","dateModified":"2025-07-18T11:38:23+00:00","breadcrumb":{"@id":"https:\/\/now-news.de\/de\/deutschland\/fall-epstein-trump-ordnet-freigabe-der-geschworenenprotokolle-an-und-verklagt-wall-street-journal\/#breadcrumb"},"inLanguage":"de","potentialAction":[{"@type":"ReadAction","target":["https:\/\/now-news.de\/de\/deutschland\/fall-epstein-trump-ordnet-freigabe-der-geschworenenprotokolle-an-und-verklagt-wall-street-journal\/"]}]},{"@type":"ImageObject","inLanguage":"de","@id":"https:\/\/now-news.de\/de\/deutschland\/fall-epstein-trump-ordnet-freigabe-der-geschworenenprotokolle-an-und-verklagt-wall-street-journal\/#primaryimage","url":"https:\/\/now-news.de\/de\/wp-content\/uploads\/sites\/3\/2025\/07\/Fall-Epstein-Trump-ordnet-Freigabe-der-Geschworenenprotokolle-an-und-verklagt.jpg","contentUrl":"https:\/\/now-news.de\/de\/wp-content\/uploads\/sites\/3\/2025\/07\/Fall-Epstein-Trump-ordnet-Freigabe-der-Geschworenenprotokolle-an-und-verklagt.jpg","width":460,"height":259,"caption":"Fall Epstein: Trump ordnet Freigabe der Geschworenenprotokolle an und verklagt Wall Street Journal"},{"@type":"BreadcrumbList","@id":"https:\/\/now-news.de\/de\/deutschland\/fall-epstein-trump-ordnet-freigabe-der-geschworenenprotokolle-an-und-verklagt-wall-street-journal\/#breadcrumb","itemListElement":[{"@type":"ListItem","position":1,"name":"Home","item":"https:\/\/now-news.de\/de\/"},{"@type":"ListItem","position":2,"name":"Fall Epstein: Trump ordnet Freigabe der Geschworenenprotokolle an und verklagt Wall Street Journal"}]},{"@type":"WebSite","@id":"https:\/\/now-news.de\/de\/#website","url":"https:\/\/now-news.de\/de\/","name":"just-now.NEWS Deutschland","description":"Das Portal f\u00fcr unzensierte Nachrichten aus der Welt","publisher":{"@id":"https:\/\/now-news.de\/de\/#organization"},"potentialAction":[{"@type":"SearchAction","target":{"@type":"EntryPoint","urlTemplate":"https:\/\/now-news.de\/de\/?s={search_term_string}"},"query-input":"required name=search_term_string"}],"inLanguage":"de"},{"@type":"Organization","@id":"https:\/\/now-news.de\/de\/#organization","name":"Just Now News","url":"https:\/\/now-news.de\/de\/","logo":{"@type":"ImageObject","inLanguage":"de","@id":"https:\/\/now-news.de\/de\/#\/schema\/logo\/image\/","url":"http:\/\/just-now.news\/de\/wp-content\/uploads\/sites\/3\/2022\/04\/logo500x500.jpg","contentUrl":"http:\/\/just-now.news\/de\/wp-content\/uploads\/sites\/3\/2022\/04\/logo500x500.jpg","width":500,"height":500,"caption":"Just Now News"},"image":{"@id":"https:\/\/now-news.de\/de\/#\/schema\/logo\/image\/"},"sameAs":["https:\/\/www.facebook.com\/wirmachenauf","https:\/\/x.com\/WirMachenAuf_de"]},{"@type":"Person","@id":"https:\/\/now-news.de\/de\/#\/schema\/person\/fb534a4e865501d8b3285208df34a9b5","name":"rtnews","image":{"@type":"ImageObject","inLanguage":"de","@id":"https:\/\/now-news.de\/de\/#\/schema\/person\/image\/","url":"https:\/\/secure.gravatar.com\/avatar\/82aafea7d8127119dd649515f56e2117?s=96&d=mm&r=g","contentUrl":"https:\/\/secure.gravatar.com\/avatar\/82aafea7d8127119dd649515f56e2117?s=96&d=mm&r=g","caption":"rtnews"},"url":"https:\/\/now-news.de\/de\/author\/rnews\/"}]}},"_links":{"self":[{"href":"https:\/\/now-news.de\/de\/wp-json\/wp\/v2\/posts\/87401"}],"collection":[{"href":"https:\/\/now-news.de\/de\/wp-json\/wp\/v2\/posts"}],"about":[{"href":"https:\/\/now-news.de\/de\/wp-json\/wp\/v2\/types\/post"}],"author":[{"embeddable":true,"href":"https:\/\/now-news.de\/de\/wp-json\/wp\/v2\/users\/3"}],"replies":[{"embeddable":true,"href":"https:\/\/now-news.de\/de\/wp-json\/wp\/v2\/comments?post=87401"}],"version-history":[{"count":0,"href":"https:\/\/now-news.de\/de\/wp-json\/wp\/v2\/posts\/87401\/revisions"}],"wp:featuredmedia":[{"embeddable":true,"href":"https:\/\/now-news.de\/de\/wp-json\/wp\/v2\/media\/87402"}],"wp:attachment":[{"href":"https:\/\/now-news.de\/de\/wp-json\/wp\/v2\/media?parent=87401"}],"wp:term":[{"taxonomy":"category","embeddable":true,"href":"https:\/\/now-news.de\/de\/wp-json\/wp\/v2\/categories?post=87401"},{"taxonomy":"post_tag","embeddable":true,"href":"https:\/\/now-news.de\/de\/wp-json\/wp\/v2\/tags?post=87401"}],"curies":[{"name":"wp","href":"https:\/\/api.w.org\/{rel}","templated":true}]}}