{"id":87388,"date":"2025-07-18T08:36:42","date_gmt":"2025-07-18T06:36:42","guid":{"rendered":"https:\/\/now-news.de\/de\/deutschland\/bruessel-beschliesst-mit-dem-ja-der-slowakei-das-18-sanktionspaket-gegen-russland\/"},"modified":"2025-07-18T08:36:42","modified_gmt":"2025-07-18T06:36:42","slug":"bruessel-beschliesst-mit-dem-ja-der-slowakei-das-18-sanktionspaket-gegen-russland","status":"publish","type":"post","link":"https:\/\/now-news.de\/de\/deutschland\/bruessel-beschliesst-mit-dem-ja-der-slowakei-das-18-sanktionspaket-gegen-russland\/","title":{"rendered":"Br\u00fcssel beschlie\u00dft mit dem Ja der Slowakei das 18. Sanktionspaket gegen Russland"},"content":{"rendered":"<p><img decoding=\"async\" src=\"https:\/\/now-news.de\/de\/wp-content\/uploads\/sites\/3\/2024\/05\/breaking3.jpg\" \/><\/p>\n<div class=\"Text-root Text-type_1 \">\n                Robert Fico hatte zuvor am gestrigen Abend angek\u00fcndigt, dass die Slowakei am heutigen Freitag den Weg zum 18. Paket erweiterter EU-Sanktionen gegen Russland freigeben wird. Am fr\u00fchen Morgen erfolgte die Best\u00e4tigung aus Br\u00fcssel, dass das neue Paket final beschlossen wurde.\n            <\/div>\n<p><\/p>\n<div class=\"Text-root Text-type_5 ArticleView-text ViewText-root \">\n<p>Laut Medienberichten haben sich die EU-Vertreter in Br\u00fcssel nun doch einstimmig auf das\u00a018. Sanktionspaket gegen Russland geeinigt.<\/p>\n<p>Zuvor hatte Robert Fico, Ministerpr\u00e4sident der Slowakei, am Donnerstagabend in einem Video in den sozialen Medien dar\u00fcber informiert, dass er die slowakischen Vertretern bei der Europ\u00e4ischen Union anweisen werde, am Freitag, bei der erneuten Abstimmung mit Ja zuzustimmen. Laut Ficos Aussage w\u00e4re es &#8220;kontraproduktiv, ein weiteres Sanktionspaket zu blockieren, da alle Verhandlungsoptionen mit der Europ\u00e4ischen Kommission (EK) vorerst ersch\u00f6pft sind und das Verharren in der aktuellen Position die Interessen der Slowakei gef\u00e4hrden w\u00fcrde&#8221;, so die Agentur TASR berichtend.<\/p>\n<p>Die <em>ARD<\/em>-Tagesschau sprach zuvor am sp\u00e4ten Donnerstagabend von einer &#8220;\u00fcberraschende Wende&#8221; und berichtete ebenfalls \u00fcber die Videobotschaft des slowakischen\u00a0Ministerpr\u00e4sidenten. Zu dem Nein seitens Bratislava vor drei Tagen, hei\u00dft es in dem Artikel:<\/p>\n<p><em>&#8220;Hintergrund von Ficos Blockade war ein Streit um eine EU-Verordnung, die einen v\u00f6lligen Gasimportstopp aus Russland ab 2028 zur Folge haben wird.\u00a0Am Mittwoch und Dienstag hatte die Slowakei die Verabschiedung der Sanktionen verhindert. Diese m\u00fcssen von allen 27 EU-Staaten einstimmig beschlossen werden.&#8221;<\/em><\/p>\n<p>Fico erkl\u00e4rte in seinem Statement, dass die slowakischen Vertreter das 18. Sanktionspaket insgesamt sechs Mal blockiert h\u00e4tten. Der Slowakei st\u00fcnden seiner Aussage nach &#8220;schriftliche Verpflichtungen der Europ\u00e4ischen Kommission (EK) zur Verf\u00fcgung, die von deren Pr\u00e4sidentin\u00a0Ursula von der Leyen\u00a0und dem Kollegium der Kommissare unterzeichnet wurden&#8221;, so der Artikel der TASR. Zu den Inhalten hei\u00dft es laut Fico:<\/p>\n<p><em>&#8220;Die best\u00e4tigten Garantien seitens der EU betreffen den Gaspreis und m\u00f6gliche Engp\u00e4sse, Transportgeb\u00fchren sowie die M\u00f6glichkeit, eine Krisensituation bei extrem hohen Preisen und Gasmangel herbeizuf\u00fchren, die zu Krisenl\u00f6sungen bis hin zur Aufhebung des Verbots, russisches Gas zu importieren, f\u00fchren k\u00f6nnte.&#8221;<\/em><\/p>\n<p><em>Mehr Informationen in K\u00fcrze&#8230;<\/em><\/p>\n<\/p>\n<\/div>\n<p><br \/>\n<br \/><a href=\"https:\/\/de.rt.com\/europa\/250988-bruessel-beschliesst-mit-ja-slowakei\/\">Source link <\/a><\/p>\n","protected":false},"excerpt":{"rendered":"<p>Robert Fico hatte zuvor am gestrigen Abend angek\u00fcndigt, dass die Slowakei am heutigen Freitag den Weg zum 18. Paket erweiterter EU-Sanktionen gegen Russland freigeben wird. Am fr\u00fchen Morgen erfolgte die Best\u00e4tigung aus Br\u00fcssel, dass das neue Paket final beschlossen wurde. Laut Medienberichten haben sich die EU-Vertreter in Br\u00fcssel nun doch einstimmig auf das\u00a018. Sanktionspaket gegen [&hellip;]<\/p>\n","protected":false},"author":3,"featured_media":58637,"comment_status":"open","ping_status":"open","sticky":false,"template":"","format":"standard","meta":{"_yoast_indexnow_last_ping":["1752821075"],"wp_automatic_camp":["217"],"298243647976ec6da952a38867f9e987":["Br\u00fcssel beschlie\u00dft mit dem Ja der Slowakei das 18. Sanktionspaket gegen Russland"],"original_link":["https:\/\/de.rt.com\/europa\/250988-bruessel-beschliesst-mit-ja-slowakei\/"],"_thumbnail_id":["58637"],"jnews_social_counter_last_update":["1776885088"],"_wptgpro_p2tg_sent2tg":["a:1:{i:23737;s:19:\"2025-07-18 08:45:35\";}"]},"categories":[19,23],"tags":[4228,17026,427,134,82,278,419,126,33784,41775],"yoast_head":"<!-- This site is optimized with the Yoast SEO Premium plugin v22.7 (Yoast SEO v22.7) - https:\/\/yoast.com\/wordpress\/plugins\/seo\/ -->\n<title>Br\u00fcssel beschlie\u00dft mit dem Ja der Slowakei das 18. Sanktionspaket gegen Russland - just-now.NEWS Deutschland<\/title>\n<meta name=\"robots\" content=\"index, follow, max-snippet:-1, max-image-preview:large, max-video-preview:-1\" \/>\n<link rel=\"canonical\" href=\"https:\/\/now-news.de\/de\/deutschland\/bruessel-beschliesst-mit-dem-ja-der-slowakei-das-18-sanktionspaket-gegen-russland\/\" \/>\n<meta property=\"og:locale\" content=\"de_DE\" \/>\n<meta property=\"og:type\" content=\"article\" \/>\n<meta property=\"og:title\" content=\"Br\u00fcssel beschlie\u00dft mit dem Ja der Slowakei das 18. Sanktionspaket gegen Russland\" \/>\n<meta property=\"og:description\" content=\"Robert Fico hatte zuvor am gestrigen Abend angek\u00fcndigt, dass die Slowakei am heutigen Freitag den Weg zum 18. Paket erweiterter EU-Sanktionen gegen Russland freigeben wird. Am fr\u00fchen Morgen erfolgte die Best\u00e4tigung aus Br\u00fcssel, dass das neue Paket final beschlossen wurde. Laut Medienberichten haben sich die EU-Vertreter in Br\u00fcssel nun doch einstimmig auf das\u00a018. Sanktionspaket gegen [&hellip;]\" \/>\n<meta property=\"og:url\" content=\"https:\/\/now-news.de\/de\/deutschland\/bruessel-beschliesst-mit-dem-ja-der-slowakei-das-18-sanktionspaket-gegen-russland\/\" \/>\n<meta property=\"og:site_name\" content=\"just-now.NEWS Deutschland\" \/>\n<meta property=\"article:publisher\" content=\"https:\/\/www.facebook.com\/wirmachenauf\" \/>\n<meta property=\"article:published_time\" content=\"2025-07-18T06:36:42+00:00\" \/>\n<meta property=\"og:image\" content=\"https:\/\/now-news.de\/de\/wp-content\/uploads\/sites\/3\/2024\/05\/breaking3.jpg\" \/>\n<meta name=\"author\" content=\"rtnews\" \/>\n<meta name=\"twitter:card\" content=\"summary_large_image\" \/>\n<meta name=\"twitter:creator\" content=\"@WirMachenAuf_de\" \/>\n<meta name=\"twitter:site\" content=\"@WirMachenAuf_de\" \/>\n<meta name=\"twitter:label1\" content=\"Verfasst von\" \/>\n\t<meta name=\"twitter:data1\" content=\"rtnews\" \/>\n\t<meta name=\"twitter:label2\" content=\"Gesch\u00e4tzte Lesezeit\" \/>\n\t<meta name=\"twitter:data2\" content=\"2\u00a0Minuten\" \/>\n<script type=\"application\/ld+json\" class=\"yoast-schema-graph\">{\"@context\":\"https:\/\/schema.org\",\"@graph\":[{\"@type\":\"Article\",\"@id\":\"https:\/\/now-news.de\/de\/deutschland\/bruessel-beschliesst-mit-dem-ja-der-slowakei-das-18-sanktionspaket-gegen-russland\/#article\",\"isPartOf\":{\"@id\":\"https:\/\/now-news.de\/de\/deutschland\/bruessel-beschliesst-mit-dem-ja-der-slowakei-das-18-sanktionspaket-gegen-russland\/\"},\"author\":{\"name\":\"rtnews\",\"@id\":\"https:\/\/now-news.de\/de\/#\/schema\/person\/fb534a4e865501d8b3285208df34a9b5\"},\"headline\":\"Br\u00fcssel beschlie\u00dft mit dem Ja der Slowakei das 18. Sanktionspaket gegen Russland\",\"datePublished\":\"2025-07-18T06:36:42+00:00\",\"dateModified\":\"2025-07-18T06:36:42+00:00\",\"mainEntityOfPage\":{\"@id\":\"https:\/\/now-news.de\/de\/deutschland\/bruessel-beschliesst-mit-dem-ja-der-slowakei-das-18-sanktionspaket-gegen-russland\/\"},\"wordCount\":360,\"commentCount\":0,\"publisher\":{\"@id\":\"https:\/\/now-news.de\/de\/#organization\"},\"image\":{\"@id\":\"https:\/\/now-news.de\/de\/deutschland\/bruessel-beschliesst-mit-dem-ja-der-slowakei-das-18-sanktionspaket-gegen-russland\/#primaryimage\"},\"thumbnailUrl\":\"https:\/\/now-news.de\/de\/wp-content\/uploads\/sites\/3\/2024\/05\/China-beginnt-mit-Umzingelungsuebungen-rund-um-Taiwan.jpg\",\"keywords\":[\"beschlie\u00dft\",\"Br\u00fcssel\",\"das\",\"DEM\",\"der\",\"gegen\",\"mit\",\"russland\",\"Sanktionspaket\",\"Slowakei\"],\"articleSection\":[\"Deutschland\",\"Russland\"],\"inLanguage\":\"de\",\"potentialAction\":[{\"@type\":\"CommentAction\",\"name\":\"Comment\",\"target\":[\"https:\/\/now-news.de\/de\/deutschland\/bruessel-beschliesst-mit-dem-ja-der-slowakei-das-18-sanktionspaket-gegen-russland\/#respond\"]}]},{\"@type\":\"WebPage\",\"@id\":\"https:\/\/now-news.de\/de\/deutschland\/bruessel-beschliesst-mit-dem-ja-der-slowakei-das-18-sanktionspaket-gegen-russland\/\",\"url\":\"https:\/\/now-news.de\/de\/deutschland\/bruessel-beschliesst-mit-dem-ja-der-slowakei-das-18-sanktionspaket-gegen-russland\/\",\"name\":\"Br\u00fcssel beschlie\u00dft mit dem Ja der Slowakei das 18. Sanktionspaket gegen Russland - just-now.NEWS Deutschland\",\"isPartOf\":{\"@id\":\"https:\/\/now-news.de\/de\/#website\"},\"primaryImageOfPage\":{\"@id\":\"https:\/\/now-news.de\/de\/deutschland\/bruessel-beschliesst-mit-dem-ja-der-slowakei-das-18-sanktionspaket-gegen-russland\/#primaryimage\"},\"image\":{\"@id\":\"https:\/\/now-news.de\/de\/deutschland\/bruessel-beschliesst-mit-dem-ja-der-slowakei-das-18-sanktionspaket-gegen-russland\/#primaryimage\"},\"thumbnailUrl\":\"https:\/\/now-news.de\/de\/wp-content\/uploads\/sites\/3\/2024\/05\/China-beginnt-mit-Umzingelungsuebungen-rund-um-Taiwan.jpg\",\"datePublished\":\"2025-07-18T06:36:42+00:00\",\"dateModified\":\"2025-07-18T06:36:42+00:00\",\"breadcrumb\":{\"@id\":\"https:\/\/now-news.de\/de\/deutschland\/bruessel-beschliesst-mit-dem-ja-der-slowakei-das-18-sanktionspaket-gegen-russland\/#breadcrumb\"},\"inLanguage\":\"de\",\"potentialAction\":[{\"@type\":\"ReadAction\",\"target\":[\"https:\/\/now-news.de\/de\/deutschland\/bruessel-beschliesst-mit-dem-ja-der-slowakei-das-18-sanktionspaket-gegen-russland\/\"]}]},{\"@type\":\"ImageObject\",\"inLanguage\":\"de\",\"@id\":\"https:\/\/now-news.de\/de\/deutschland\/bruessel-beschliesst-mit-dem-ja-der-slowakei-das-18-sanktionspaket-gegen-russland\/#primaryimage\",\"url\":\"https:\/\/now-news.de\/de\/wp-content\/uploads\/sites\/3\/2024\/05\/China-beginnt-mit-Umzingelungsuebungen-rund-um-Taiwan.jpg\",\"contentUrl\":\"https:\/\/now-news.de\/de\/wp-content\/uploads\/sites\/3\/2024\/05\/China-beginnt-mit-Umzingelungsuebungen-rund-um-Taiwan.jpg\",\"width\":460,\"height\":259,\"caption\":\"China beginnt mit Umzingelungs\u00fcbungen rund um Taiwan\"},{\"@type\":\"BreadcrumbList\",\"@id\":\"https:\/\/now-news.de\/de\/deutschland\/bruessel-beschliesst-mit-dem-ja-der-slowakei-das-18-sanktionspaket-gegen-russland\/#breadcrumb\",\"itemListElement\":[{\"@type\":\"ListItem\",\"position\":1,\"name\":\"Home\",\"item\":\"https:\/\/now-news.de\/de\/\"},{\"@type\":\"ListItem\",\"position\":2,\"name\":\"Br\u00fcssel beschlie\u00dft mit dem Ja der Slowakei das 18. Sanktionspaket gegen Russland\"}]},{\"@type\":\"WebSite\",\"@id\":\"https:\/\/now-news.de\/de\/#website\",\"url\":\"https:\/\/now-news.de\/de\/\",\"name\":\"just-now.NEWS Deutschland\",\"description\":\"Das Portal f\u00fcr unzensierte Nachrichten aus der Welt\",\"publisher\":{\"@id\":\"https:\/\/now-news.de\/de\/#organization\"},\"potentialAction\":[{\"@type\":\"SearchAction\",\"target\":{\"@type\":\"EntryPoint\",\"urlTemplate\":\"https:\/\/now-news.de\/de\/?s={search_term_string}\"},\"query-input\":\"required name=search_term_string\"}],\"inLanguage\":\"de\"},{\"@type\":\"Organization\",\"@id\":\"https:\/\/now-news.de\/de\/#organization\",\"name\":\"Just Now News\",\"url\":\"https:\/\/now-news.de\/de\/\",\"logo\":{\"@type\":\"ImageObject\",\"inLanguage\":\"de\",\"@id\":\"https:\/\/now-news.de\/de\/#\/schema\/logo\/image\/\",\"url\":\"http:\/\/just-now.news\/de\/wp-content\/uploads\/sites\/3\/2022\/04\/logo500x500.jpg\",\"contentUrl\":\"http:\/\/just-now.news\/de\/wp-content\/uploads\/sites\/3\/2022\/04\/logo500x500.jpg\",\"width\":500,\"height\":500,\"caption\":\"Just Now News\"},\"image\":{\"@id\":\"https:\/\/now-news.de\/de\/#\/schema\/logo\/image\/\"},\"sameAs\":[\"https:\/\/www.facebook.com\/wirmachenauf\",\"https:\/\/x.com\/WirMachenAuf_de\"]},{\"@type\":\"Person\",\"@id\":\"https:\/\/now-news.de\/de\/#\/schema\/person\/fb534a4e865501d8b3285208df34a9b5\",\"name\":\"rtnews\",\"image\":{\"@type\":\"ImageObject\",\"inLanguage\":\"de\",\"@id\":\"https:\/\/now-news.de\/de\/#\/schema\/person\/image\/\",\"url\":\"https:\/\/secure.gravatar.com\/avatar\/82aafea7d8127119dd649515f56e2117?s=96&d=mm&r=g\",\"contentUrl\":\"https:\/\/secure.gravatar.com\/avatar\/82aafea7d8127119dd649515f56e2117?s=96&d=mm&r=g\",\"caption\":\"rtnews\"},\"url\":\"https:\/\/now-news.de\/de\/author\/rnews\/\"}]}<\/script>\n<!-- \/ Yoast SEO Premium plugin. -->","yoast_head_json":{"title":"Br\u00fcssel beschlie\u00dft mit dem Ja der Slowakei das 18. Sanktionspaket gegen Russland - just-now.NEWS Deutschland","robots":{"index":"index","follow":"follow","max-snippet":"max-snippet:-1","max-image-preview":"max-image-preview:large","max-video-preview":"max-video-preview:-1"},"canonical":"https:\/\/now-news.de\/de\/deutschland\/bruessel-beschliesst-mit-dem-ja-der-slowakei-das-18-sanktionspaket-gegen-russland\/","og_locale":"de_DE","og_type":"article","og_title":"Br\u00fcssel beschlie\u00dft mit dem Ja der Slowakei das 18. Sanktionspaket gegen Russland","og_description":"Robert Fico hatte zuvor am gestrigen Abend angek\u00fcndigt, dass die Slowakei am heutigen Freitag den Weg zum 18. Paket erweiterter EU-Sanktionen gegen Russland freigeben wird. Am fr\u00fchen Morgen erfolgte die Best\u00e4tigung aus Br\u00fcssel, dass das neue Paket final beschlossen wurde. Laut Medienberichten haben sich die EU-Vertreter in Br\u00fcssel nun doch einstimmig auf das\u00a018. Sanktionspaket gegen [&hellip;]","og_url":"https:\/\/now-news.de\/de\/deutschland\/bruessel-beschliesst-mit-dem-ja-der-slowakei-das-18-sanktionspaket-gegen-russland\/","og_site_name":"just-now.NEWS Deutschland","article_publisher":"https:\/\/www.facebook.com\/wirmachenauf","article_published_time":"2025-07-18T06:36:42+00:00","og_image":[{"url":"https:\/\/now-news.de\/de\/wp-content\/uploads\/sites\/3\/2024\/05\/breaking3.jpg"}],"author":"rtnews","twitter_card":"summary_large_image","twitter_creator":"@WirMachenAuf_de","twitter_site":"@WirMachenAuf_de","twitter_misc":{"Verfasst von":"rtnews","Gesch\u00e4tzte Lesezeit":"2\u00a0Minuten"},"schema":{"@context":"https:\/\/schema.org","@graph":[{"@type":"Article","@id":"https:\/\/now-news.de\/de\/deutschland\/bruessel-beschliesst-mit-dem-ja-der-slowakei-das-18-sanktionspaket-gegen-russland\/#article","isPartOf":{"@id":"https:\/\/now-news.de\/de\/deutschland\/bruessel-beschliesst-mit-dem-ja-der-slowakei-das-18-sanktionspaket-gegen-russland\/"},"author":{"name":"rtnews","@id":"https:\/\/now-news.de\/de\/#\/schema\/person\/fb534a4e865501d8b3285208df34a9b5"},"headline":"Br\u00fcssel beschlie\u00dft mit dem Ja der Slowakei das 18. Sanktionspaket gegen Russland","datePublished":"2025-07-18T06:36:42+00:00","dateModified":"2025-07-18T06:36:42+00:00","mainEntityOfPage":{"@id":"https:\/\/now-news.de\/de\/deutschland\/bruessel-beschliesst-mit-dem-ja-der-slowakei-das-18-sanktionspaket-gegen-russland\/"},"wordCount":360,"commentCount":0,"publisher":{"@id":"https:\/\/now-news.de\/de\/#organization"},"image":{"@id":"https:\/\/now-news.de\/de\/deutschland\/bruessel-beschliesst-mit-dem-ja-der-slowakei-das-18-sanktionspaket-gegen-russland\/#primaryimage"},"thumbnailUrl":"https:\/\/now-news.de\/de\/wp-content\/uploads\/sites\/3\/2024\/05\/China-beginnt-mit-Umzingelungsuebungen-rund-um-Taiwan.jpg","keywords":["beschlie\u00dft","Br\u00fcssel","das","DEM","der","gegen","mit","russland","Sanktionspaket","Slowakei"],"articleSection":["Deutschland","Russland"],"inLanguage":"de","potentialAction":[{"@type":"CommentAction","name":"Comment","target":["https:\/\/now-news.de\/de\/deutschland\/bruessel-beschliesst-mit-dem-ja-der-slowakei-das-18-sanktionspaket-gegen-russland\/#respond"]}]},{"@type":"WebPage","@id":"https:\/\/now-news.de\/de\/deutschland\/bruessel-beschliesst-mit-dem-ja-der-slowakei-das-18-sanktionspaket-gegen-russland\/","url":"https:\/\/now-news.de\/de\/deutschland\/bruessel-beschliesst-mit-dem-ja-der-slowakei-das-18-sanktionspaket-gegen-russland\/","name":"Br\u00fcssel beschlie\u00dft mit dem Ja der Slowakei das 18. Sanktionspaket gegen Russland - just-now.NEWS Deutschland","isPartOf":{"@id":"https:\/\/now-news.de\/de\/#website"},"primaryImageOfPage":{"@id":"https:\/\/now-news.de\/de\/deutschland\/bruessel-beschliesst-mit-dem-ja-der-slowakei-das-18-sanktionspaket-gegen-russland\/#primaryimage"},"image":{"@id":"https:\/\/now-news.de\/de\/deutschland\/bruessel-beschliesst-mit-dem-ja-der-slowakei-das-18-sanktionspaket-gegen-russland\/#primaryimage"},"thumbnailUrl":"https:\/\/now-news.de\/de\/wp-content\/uploads\/sites\/3\/2024\/05\/China-beginnt-mit-Umzingelungsuebungen-rund-um-Taiwan.jpg","datePublished":"2025-07-18T06:36:42+00:00","dateModified":"2025-07-18T06:36:42+00:00","breadcrumb":{"@id":"https:\/\/now-news.de\/de\/deutschland\/bruessel-beschliesst-mit-dem-ja-der-slowakei-das-18-sanktionspaket-gegen-russland\/#breadcrumb"},"inLanguage":"de","potentialAction":[{"@type":"ReadAction","target":["https:\/\/now-news.de\/de\/deutschland\/bruessel-beschliesst-mit-dem-ja-der-slowakei-das-18-sanktionspaket-gegen-russland\/"]}]},{"@type":"ImageObject","inLanguage":"de","@id":"https:\/\/now-news.de\/de\/deutschland\/bruessel-beschliesst-mit-dem-ja-der-slowakei-das-18-sanktionspaket-gegen-russland\/#primaryimage","url":"https:\/\/now-news.de\/de\/wp-content\/uploads\/sites\/3\/2024\/05\/China-beginnt-mit-Umzingelungsuebungen-rund-um-Taiwan.jpg","contentUrl":"https:\/\/now-news.de\/de\/wp-content\/uploads\/sites\/3\/2024\/05\/China-beginnt-mit-Umzingelungsuebungen-rund-um-Taiwan.jpg","width":460,"height":259,"caption":"China beginnt mit Umzingelungs\u00fcbungen rund um Taiwan"},{"@type":"BreadcrumbList","@id":"https:\/\/now-news.de\/de\/deutschland\/bruessel-beschliesst-mit-dem-ja-der-slowakei-das-18-sanktionspaket-gegen-russland\/#breadcrumb","itemListElement":[{"@type":"ListItem","position":1,"name":"Home","item":"https:\/\/now-news.de\/de\/"},{"@type":"ListItem","position":2,"name":"Br\u00fcssel beschlie\u00dft mit dem Ja der Slowakei das 18. Sanktionspaket gegen Russland"}]},{"@type":"WebSite","@id":"https:\/\/now-news.de\/de\/#website","url":"https:\/\/now-news.de\/de\/","name":"just-now.NEWS Deutschland","description":"Das Portal f\u00fcr unzensierte Nachrichten aus der Welt","publisher":{"@id":"https:\/\/now-news.de\/de\/#organization"},"potentialAction":[{"@type":"SearchAction","target":{"@type":"EntryPoint","urlTemplate":"https:\/\/now-news.de\/de\/?s={search_term_string}"},"query-input":"required name=search_term_string"}],"inLanguage":"de"},{"@type":"Organization","@id":"https:\/\/now-news.de\/de\/#organization","name":"Just Now News","url":"https:\/\/now-news.de\/de\/","logo":{"@type":"ImageObject","inLanguage":"de","@id":"https:\/\/now-news.de\/de\/#\/schema\/logo\/image\/","url":"http:\/\/just-now.news\/de\/wp-content\/uploads\/sites\/3\/2022\/04\/logo500x500.jpg","contentUrl":"http:\/\/just-now.news\/de\/wp-content\/uploads\/sites\/3\/2022\/04\/logo500x500.jpg","width":500,"height":500,"caption":"Just Now News"},"image":{"@id":"https:\/\/now-news.de\/de\/#\/schema\/logo\/image\/"},"sameAs":["https:\/\/www.facebook.com\/wirmachenauf","https:\/\/x.com\/WirMachenAuf_de"]},{"@type":"Person","@id":"https:\/\/now-news.de\/de\/#\/schema\/person\/fb534a4e865501d8b3285208df34a9b5","name":"rtnews","image":{"@type":"ImageObject","inLanguage":"de","@id":"https:\/\/now-news.de\/de\/#\/schema\/person\/image\/","url":"https:\/\/secure.gravatar.com\/avatar\/82aafea7d8127119dd649515f56e2117?s=96&d=mm&r=g","contentUrl":"https:\/\/secure.gravatar.com\/avatar\/82aafea7d8127119dd649515f56e2117?s=96&d=mm&r=g","caption":"rtnews"},"url":"https:\/\/now-news.de\/de\/author\/rnews\/"}]}},"_links":{"self":[{"href":"https:\/\/now-news.de\/de\/wp-json\/wp\/v2\/posts\/87388"}],"collection":[{"href":"https:\/\/now-news.de\/de\/wp-json\/wp\/v2\/posts"}],"about":[{"href":"https:\/\/now-news.de\/de\/wp-json\/wp\/v2\/types\/post"}],"author":[{"embeddable":true,"href":"https:\/\/now-news.de\/de\/wp-json\/wp\/v2\/users\/3"}],"replies":[{"embeddable":true,"href":"https:\/\/now-news.de\/de\/wp-json\/wp\/v2\/comments?post=87388"}],"version-history":[{"count":0,"href":"https:\/\/now-news.de\/de\/wp-json\/wp\/v2\/posts\/87388\/revisions"}],"wp:featuredmedia":[{"embeddable":true,"href":"https:\/\/now-news.de\/de\/wp-json\/wp\/v2\/media\/58637"}],"wp:attachment":[{"href":"https:\/\/now-news.de\/de\/wp-json\/wp\/v2\/media?parent=87388"}],"wp:term":[{"taxonomy":"category","embeddable":true,"href":"https:\/\/now-news.de\/de\/wp-json\/wp\/v2\/categories?post=87388"},{"taxonomy":"post_tag","embeddable":true,"href":"https:\/\/now-news.de\/de\/wp-json\/wp\/v2\/tags?post=87388"}],"curies":[{"name":"wp","href":"https:\/\/api.w.org\/{rel}","templated":true}]}}