{"id":87356,"date":"2025-07-17T18:38:06","date_gmt":"2025-07-17T16:38:06","guid":{"rendered":"https:\/\/now-news.de\/de\/deutschland\/frankreich-milliarden-fuers-militaer-aber-feiertagsstreichung-und-sozialkuerzungen\/"},"modified":"2025-07-17T18:38:06","modified_gmt":"2025-07-17T16:38:06","slug":"frankreich-milliarden-fuers-militaer-aber-feiertagsstreichung-und-sozialkuerzungen","status":"publish","type":"post","link":"https:\/\/now-news.de\/de\/deutschland\/frankreich-milliarden-fuers-militaer-aber-feiertagsstreichung-und-sozialkuerzungen\/","title":{"rendered":"Frankreich: Milliarden f\u00fcrs Milit\u00e4r &#8211; aber Feiertagsstreichung und Sozialk\u00fcrzungen"},"content":{"rendered":"<p><img decoding=\"async\" src=\"https:\/\/now-news.de\/de\/wp-content\/uploads\/sites\/3\/2025\/07\/6878b02ab480cc032722a4de.JPG\" \/><\/p>\n<div class=\"Text-root Text-type_1 \">\n                Deutschlands Nachbar Frankreich konfrontiert seine B\u00fcrger ebenfalls mit der aktuellen EU-Politik. Neben massiven Investitionen ins Milit\u00e4r erfolgen Einsparungen im Sozialsystem. Frankreichs Premierminister Bayrou k\u00fcndigte nun wegen der &#8220;Staatsschuldenkrise&#8221; unter anderem die Streichung von Feiertagen und Urlaubstagen an.\n            <\/div>\n<p><\/p>\n<div class=\"Text-root Text-type_5 ArticleView-text ViewText-root \">\n<p>Der amtierende franz\u00f6sische\u00a0Premierminister Fran\u00e7ois Bayrou\u00a0hat am Dienstag dieser Woche die wichtigsten kommenden Leitlinien der Macron-Administration vorgestellt, die\u00a0vermeintlich\u00a0darauf abzielen, die aktuelle Staatsverschuldung bis 2026 um 43,8 Milliarden Euro zu reduzieren. Vordergr\u00fcndig betroffen und Leidtragende der angek\u00fcndigten K\u00fcrzungen sind mal wieder die B\u00fcrger. Demgegen\u00fcber k\u00fcndigte Frankreichs Pr\u00e4sident Macron parallel an, die\u00a0Verteidigungsausgaben des Landes bis 2027 auf 64 Milliarden Euro erh\u00f6hen.<\/p>\n<p>Premierminister Fran\u00e7ois Bayrou verk\u00fcndete in dieser Woche sp\u00fcrbare Einschnitte im bereits anstrengenden Dasein vieler Franzosen: Unter anderem seien Urlaubsk\u00fcrzungen, das Einfrieren von Sozialleistungen und finanzielle Einschnitte in Milliardenh\u00f6he bei der Gesundheitsversorgung vorgesehen.\u00a0Die franz\u00f6sische Zeitung <em>Le Monde<\/em> fasst zu den Regierungspl\u00e4nen <a rel=\"nofollow noopener\" target=\"_blank\" href=\"https:\/\/www.lemonde.fr\/politique\/live\/2025\/07\/16\/en-direct-budget-2026-on-ne-peut-plus-vivre-sur-le-train-de-vie-sur-lequel-nous-avons-vecu-reagit-bruno-retailleau_6621361_823448.html\">zusammen<\/a>:<\/p>\n<p><em>&#8220;Fran\u00e7ois Bayrou ergriff am Dienstag, dem 15. Juli, ausf\u00fchrlich das Wort, um die von seiner Regierung geplanten Anstrengungen zur Verringerung des Staatsdefizits im Jahr 2026 anzuk\u00fcndigen, die sich auf 43,8 Mrd. Euro belaufen sollen, also mehr als die urspr\u00fcnglich genannten 40 Mrd. Euro.\u00a0Der Premierminister warnte dabei, dass &#8216;alle B\u00fcrger sich an den Anstrengungen zur Sanierung der Staatsausgaben beteiligen&#8217; m\u00fcssten.&#8221;<\/em><\/p>\n<p>Bayrou rechtfertigte das Vorgehen mit einer &#8220;drohenden\u00a0Staatsschuldenkrise wie in Griechenland&#8221;. Mehr als staatstragend erkl\u00e4rte der Minister laut Medien vor Journalisten:<\/p>\n<p><em>&#8220;Es gibt Momente in der Geschichte der V\u00f6lker, in denen sie sich mit sich selbst treffen, und dieser Moment ist ein\u00a0solcher,\u00a0dies ist unser Moment der Wahrheit. Die \u00dcberschuldung, die das Land dazu zwingt jeden Monat Kredite aufzunehmen, um die Renten zu zahlen oder die Geh\u00e4lter der Beamten zu bezahlen, ist ein Fluch, der keinen Ausweg hat.&#8221;<\/em><\/p>\n<div class=\"EmbedBlock-root EmbedBlock-twitter\">\n<div class=\"TwitterEmbed\">\n<blockquote class=\"twitter-tweet lazyload\" data-twitter=\"twitter-tweet\">\n<p lang=\"fr\" dir=\"ltr\">Budget 2026: &#8220;Je propose que 2 jours f\u00e9ri\u00e9s soit supprim\u00e9s, je cite comme exemple le Lundi de P\u00e2ques et le 8-Mai&#8221; <a rel=\"nofollow noopener\" target=\"_blank\" href=\"https:\/\/t.co\/WZ5ZqKhz42\">pic.twitter.com\/WZ5ZqKhz42<\/a><\/p>\n<p>\u2014 BFMTV (@BFMTV) <a rel=\"nofollow noopener\" target=\"_blank\" href=\"https:\/\/twitter.com\/BFMTV\/status\/1945139377702580372?ref_src=twsrc%5Etfw\">July 15, 2025<\/a><\/p><\/blockquote>\n<\/div>\n<\/div>\n<p>Laut Vorstellungen der Politik sollen daher die Rentenzahlungen\u00a0und Sozialausgaben im kommenden Jahr vorerst auf dem Niveau von 2025 eingefroren und\u00a0nicht an die Inflation angepasst werden, was folglich\u00a0einer K\u00fcrzung gleichkommt.\u00a0 Der Minister will zudem &#8220;eine Regel einf\u00fchren, nach der in den kommenden Jahren nicht jeder dritte Beamte, der in den Ruhestand geht, (\u2026) ersetzt wird.&#8221; Ebenso\u00a0wurde ein sogenanntes &#8220;wei\u00dfes Jahr f\u00fcr Sozialleistungen&#8221; angek\u00fcndigt, einschlie\u00dflich der Altersrenten. Dies bedeutet, dass diese ebenfalls eingefroren und nicht an die Inflationsrate angepasst werden. Rentnern wird au\u00dferdem die Steuerbefreiung f\u00fcr Werbungskosten gestrichen, so Medien <a rel=\"nofollow noopener\" target=\"_blank\" href=\"https:\/\/www.rtl.be\/actu\/monde\/france\/suppression-de-jours-feries-gel-des-retraites-et-des-prestations-sociales-les\/2025-07-15\/article\/756628\">zusammenfassend<\/a>.<\/p>\n<p>Neben weiteren K\u00fcrzungen im Sozialbereich werde final &#8220;auch die Abschaffung von zwei Feiertagen vorgesehen, so zum Beispiel der &#8216;Ostermontag&#8217; und der &#8216;8. Mai&#8217;, um die seiner Meinung nach unzureichende Wirtschaftst\u00e4tigkeit in Frankreich anzukurbeln&#8221;, so <em>Le Monde<\/em> darlegend. Bayrou versicherte demnach vor der Presse, dass seine Entscheidungen so getroffen worden seien, um &#8220;alle einzubeziehen, ohne R\u00fccksicht auf irgendwelche pers\u00f6nlichen oder kategorialen Interessen.&#8221;<\/p>\n<p>Ausgehend von umgehender Kritik seitens der Opposition erkl\u00e4rte Pr\u00e4sident Macron vor Journalisten, dass er &#8220;alle politischen Kr\u00e4fte&#8221; auffordere, &#8220;andere Ideen&#8221; vorzuschlagen, und wenn diese &#8220;intelligenter seien&#8221;, werde der Premierminister &#8220;sie entgegennehmen&#8221;. W\u00f6rtlich erkl\u00e4rte Macron, dass den Pl\u00e4nen seines Ministers &#8220;die Tugend des Mutes, der K\u00fchnheit und der Klarheit&#8221; innewohne.<\/p>\n<p>Am vergangenen Sonntag, dem Vorabend des franz\u00f6sischen Nationalfeiertags, <a rel=\"nofollow noopener\" target=\"_blank\" href=\"https:\/\/www.radiofrance.fr\/franceinfo\/podcasts\/le-decryptage-eco\/emmanuel-macron-veut-64-milliards-d-euros-pour-la-defense-d-ici-2027-ou-trouver-l-argent-alors-que-les-finances-publiques-sont-dans-le-rouge-9219872\">verk\u00fcndete<\/a> der franz\u00f6sische Pr\u00e4sident parallel zu den sich anbahnenden Sparpl\u00e4nen seiner Regierung, dass &#8220;wir im Jahr 2027 64 Milliarden Euro f\u00fcr unsere Verteidigung ausgeben werden.&#8221; Laut franz\u00f6sischen Medien\u00a0sei die Verdoppelung des Milit\u00e4rbudgets eigentlich erst f\u00fcr das Jahr 2030 geplant gewesen. Die Verteidigungsausgaben w\u00fcrden sich damit im Vergleich zum Jahr 2017 verdoppeln.\u00a0<\/p>\n<p>Mit der vorgesehenen Erh\u00f6hung werde Frankreich &#8220;den gestiegenen Bedrohungen begegnen, die von Russland \u00fcber Terrorismus bis zu Cyberangriffen reichen&#8221;, so Macron in seiner Rede. Der franz\u00f6sische Verteidigungshaushalt im Jahr 2025 umfasst 50,5 Milliarden Euro.\u00a0<\/p>\n<p><strong>Mehr zum Thema &#8211;<\/strong>\u00a0<a rel=\"nofollow noopener\" target=\"_blank\" href=\"https:\/\/freedert.online\/europa\/250760-prophezeiung-zum-nationalfeiertag-frankreich-rechnet\/\">Prophezeiung zum Nationalfeiertag: Frankreich rechnet mit gro\u00dfem Krieg in Europa bis 2030<\/a><\/p>\n<div class=\"EmbedBlock-root EmbedBlock-externalVideo EmbedBlock-rumble\">\n<div class=\"VkEmbed\"><iframe class=\"lazyload\" data-src=\"https:\/\/rumble.com\/embed\/v6typio\" frameborder=\"0\" width=\"853\" height=\"480\" allowfullscreen><\/iframe><\/div>\n<\/div>\n<\/div>\n<p><script async src=\"https:\/\/platform.twitter.com\/widgets.js\" charset=\"utf-8\"><\/script><br \/>\n<br \/><br \/>\n<br \/><a href=\"https:\/\/de.rt.com\/europa\/250900-frankreich-milliarden-fuers-militaer-contra\/\">Source link <\/a><\/p>\n","protected":false},"excerpt":{"rendered":"<p>Deutschlands Nachbar Frankreich konfrontiert seine B\u00fcrger ebenfalls mit der aktuellen EU-Politik. Neben massiven Investitionen ins Milit\u00e4r erfolgen Einsparungen im Sozialsystem. Frankreichs Premierminister Bayrou k\u00fcndigte nun wegen der &#8220;Staatsschuldenkrise&#8221; unter anderem die Streichung von Feiertagen und Urlaubstagen an. Der amtierende franz\u00f6sische\u00a0Premierminister Fran\u00e7ois Bayrou\u00a0hat am Dienstag dieser Woche die wichtigsten kommenden Leitlinien der Macron-Administration vorgestellt, die\u00a0vermeintlich\u00a0darauf abzielen, [&hellip;]<\/p>\n","protected":false},"author":3,"featured_media":87357,"comment_status":"open","ping_status":"open","sticky":false,"template":"","format":"standard","meta":{"_yoast_indexnow_last_ping":["1752770881"],"wp_automatic_camp":["217"],"20d531ba2d4b988232ec9cc1018aff65":["Frankreich: Milliarden f\u00fcrs Milit\u00e4r - aber Feiertagsstreichung und Sozialk\u00fcrzungen"],"original_link":["https:\/\/de.rt.com\/europa\/250900-frankreich-milliarden-fuers-militaer-contra\/"],"_thumbnail_id":["87357"],"jnews_social_counter_last_update":["1777567021"],"_wptgpro_p2tg_sent2tg":["a:1:{i:23737;s:19:\"2025-07-17 18:49:07\";}"]},"categories":[19,23],"tags":[2205,66422,3320,34754,4029,1004,47465,140],"yoast_head":"<!-- This site is optimized with the Yoast SEO Premium plugin v22.7 (Yoast SEO v22.7) - https:\/\/yoast.com\/wordpress\/plugins\/seo\/ -->\n<title>Frankreich: Milliarden f\u00fcrs Milit\u00e4r - aber Feiertagsstreichung und Sozialk\u00fcrzungen - just-now.NEWS Deutschland<\/title>\n<meta name=\"robots\" content=\"index, follow, max-snippet:-1, max-image-preview:large, max-video-preview:-1\" \/>\n<link rel=\"canonical\" href=\"https:\/\/now-news.de\/de\/deutschland\/frankreich-milliarden-fuers-militaer-aber-feiertagsstreichung-und-sozialkuerzungen\/\" \/>\n<meta property=\"og:locale\" content=\"de_DE\" \/>\n<meta property=\"og:type\" content=\"article\" \/>\n<meta property=\"og:title\" content=\"Frankreich: Milliarden f\u00fcrs Milit\u00e4r - aber Feiertagsstreichung und Sozialk\u00fcrzungen\" \/>\n<meta property=\"og:description\" content=\"Deutschlands Nachbar Frankreich konfrontiert seine B\u00fcrger ebenfalls mit der aktuellen EU-Politik. Neben massiven Investitionen ins Milit\u00e4r erfolgen Einsparungen im Sozialsystem. Frankreichs Premierminister Bayrou k\u00fcndigte nun wegen der &#8220;Staatsschuldenkrise&#8221; unter anderem die Streichung von Feiertagen und Urlaubstagen an. Der amtierende franz\u00f6sische\u00a0Premierminister Fran\u00e7ois Bayrou\u00a0hat am Dienstag dieser Woche die wichtigsten kommenden Leitlinien der Macron-Administration vorgestellt, die\u00a0vermeintlich\u00a0darauf abzielen, [&hellip;]\" \/>\n<meta property=\"og:url\" content=\"https:\/\/now-news.de\/de\/deutschland\/frankreich-milliarden-fuers-militaer-aber-feiertagsstreichung-und-sozialkuerzungen\/\" \/>\n<meta property=\"og:site_name\" content=\"just-now.NEWS Deutschland\" \/>\n<meta property=\"article:publisher\" content=\"https:\/\/www.facebook.com\/wirmachenauf\" \/>\n<meta property=\"article:published_time\" content=\"2025-07-17T16:38:06+00:00\" \/>\n<meta property=\"og:image\" content=\"https:\/\/now-news.de\/de\/wp-content\/uploads\/sites\/3\/2025\/07\/6878b02ab480cc032722a4de.JPG\" \/>\n<meta name=\"author\" content=\"rtnews\" \/>\n<meta name=\"twitter:card\" content=\"summary_large_image\" \/>\n<meta name=\"twitter:creator\" content=\"@WirMachenAuf_de\" \/>\n<meta name=\"twitter:site\" content=\"@WirMachenAuf_de\" \/>\n<meta name=\"twitter:label1\" content=\"Verfasst von\" \/>\n\t<meta name=\"twitter:data1\" content=\"rtnews\" \/>\n\t<meta name=\"twitter:label2\" content=\"Gesch\u00e4tzte Lesezeit\" \/>\n\t<meta name=\"twitter:data2\" content=\"3\u00a0Minuten\" \/>\n<script type=\"application\/ld+json\" class=\"yoast-schema-graph\">{\"@context\":\"https:\/\/schema.org\",\"@graph\":[{\"@type\":\"Article\",\"@id\":\"https:\/\/now-news.de\/de\/deutschland\/frankreich-milliarden-fuers-militaer-aber-feiertagsstreichung-und-sozialkuerzungen\/#article\",\"isPartOf\":{\"@id\":\"https:\/\/now-news.de\/de\/deutschland\/frankreich-milliarden-fuers-militaer-aber-feiertagsstreichung-und-sozialkuerzungen\/\"},\"author\":{\"name\":\"rtnews\",\"@id\":\"https:\/\/now-news.de\/de\/#\/schema\/person\/fb534a4e865501d8b3285208df34a9b5\"},\"headline\":\"Frankreich: Milliarden f\u00fcrs Milit\u00e4r &#8211; aber Feiertagsstreichung und Sozialk\u00fcrzungen\",\"datePublished\":\"2025-07-17T16:38:06+00:00\",\"dateModified\":\"2025-07-17T16:38:06+00:00\",\"mainEntityOfPage\":{\"@id\":\"https:\/\/now-news.de\/de\/deutschland\/frankreich-milliarden-fuers-militaer-aber-feiertagsstreichung-und-sozialkuerzungen\/\"},\"wordCount\":683,\"commentCount\":0,\"publisher\":{\"@id\":\"https:\/\/now-news.de\/de\/#organization\"},\"image\":{\"@id\":\"https:\/\/now-news.de\/de\/deutschland\/frankreich-milliarden-fuers-militaer-aber-feiertagsstreichung-und-sozialkuerzungen\/#primaryimage\"},\"thumbnailUrl\":\"https:\/\/now-news.de\/de\/wp-content\/uploads\/sites\/3\/2025\/07\/Frankreich-Milliarden-fuers-Militaer-aber-Feiertagsstreichung-und-Sozialkuerzungen.JPG\",\"keywords\":[\"aber\",\"Feiertagsstreichung\",\"Frankreich\",\"f\u00fcrs\",\"Milit\u00e4r\",\"Milliarden\",\"Sozialk\u00fcrzungen\",\"und\"],\"articleSection\":[\"Deutschland\",\"Russland\"],\"inLanguage\":\"de\",\"potentialAction\":[{\"@type\":\"CommentAction\",\"name\":\"Comment\",\"target\":[\"https:\/\/now-news.de\/de\/deutschland\/frankreich-milliarden-fuers-militaer-aber-feiertagsstreichung-und-sozialkuerzungen\/#respond\"]}]},{\"@type\":\"WebPage\",\"@id\":\"https:\/\/now-news.de\/de\/deutschland\/frankreich-milliarden-fuers-militaer-aber-feiertagsstreichung-und-sozialkuerzungen\/\",\"url\":\"https:\/\/now-news.de\/de\/deutschland\/frankreich-milliarden-fuers-militaer-aber-feiertagsstreichung-und-sozialkuerzungen\/\",\"name\":\"Frankreich: Milliarden f\u00fcrs Milit\u00e4r - aber Feiertagsstreichung und Sozialk\u00fcrzungen - just-now.NEWS Deutschland\",\"isPartOf\":{\"@id\":\"https:\/\/now-news.de\/de\/#website\"},\"primaryImageOfPage\":{\"@id\":\"https:\/\/now-news.de\/de\/deutschland\/frankreich-milliarden-fuers-militaer-aber-feiertagsstreichung-und-sozialkuerzungen\/#primaryimage\"},\"image\":{\"@id\":\"https:\/\/now-news.de\/de\/deutschland\/frankreich-milliarden-fuers-militaer-aber-feiertagsstreichung-und-sozialkuerzungen\/#primaryimage\"},\"thumbnailUrl\":\"https:\/\/now-news.de\/de\/wp-content\/uploads\/sites\/3\/2025\/07\/Frankreich-Milliarden-fuers-Militaer-aber-Feiertagsstreichung-und-Sozialkuerzungen.JPG\",\"datePublished\":\"2025-07-17T16:38:06+00:00\",\"dateModified\":\"2025-07-17T16:38:06+00:00\",\"breadcrumb\":{\"@id\":\"https:\/\/now-news.de\/de\/deutschland\/frankreich-milliarden-fuers-militaer-aber-feiertagsstreichung-und-sozialkuerzungen\/#breadcrumb\"},\"inLanguage\":\"de\",\"potentialAction\":[{\"@type\":\"ReadAction\",\"target\":[\"https:\/\/now-news.de\/de\/deutschland\/frankreich-milliarden-fuers-militaer-aber-feiertagsstreichung-und-sozialkuerzungen\/\"]}]},{\"@type\":\"ImageObject\",\"inLanguage\":\"de\",\"@id\":\"https:\/\/now-news.de\/de\/deutschland\/frankreich-milliarden-fuers-militaer-aber-feiertagsstreichung-und-sozialkuerzungen\/#primaryimage\",\"url\":\"https:\/\/now-news.de\/de\/wp-content\/uploads\/sites\/3\/2025\/07\/Frankreich-Milliarden-fuers-Militaer-aber-Feiertagsstreichung-und-Sozialkuerzungen.JPG\",\"contentUrl\":\"https:\/\/now-news.de\/de\/wp-content\/uploads\/sites\/3\/2025\/07\/Frankreich-Milliarden-fuers-Militaer-aber-Feiertagsstreichung-und-Sozialkuerzungen.JPG\",\"width\":460,\"height\":259,\"caption\":\"Frankreich: Milliarden f\u00fcrs Milit\u00e4r - aber Feiertagsstreichung und Sozialk\u00fcrzungen\"},{\"@type\":\"BreadcrumbList\",\"@id\":\"https:\/\/now-news.de\/de\/deutschland\/frankreich-milliarden-fuers-militaer-aber-feiertagsstreichung-und-sozialkuerzungen\/#breadcrumb\",\"itemListElement\":[{\"@type\":\"ListItem\",\"position\":1,\"name\":\"Home\",\"item\":\"https:\/\/now-news.de\/de\/\"},{\"@type\":\"ListItem\",\"position\":2,\"name\":\"Frankreich: Milliarden f\u00fcrs Milit\u00e4r &#8211; aber Feiertagsstreichung und Sozialk\u00fcrzungen\"}]},{\"@type\":\"WebSite\",\"@id\":\"https:\/\/now-news.de\/de\/#website\",\"url\":\"https:\/\/now-news.de\/de\/\",\"name\":\"just-now.NEWS Deutschland\",\"description\":\"Das Portal f\u00fcr unzensierte Nachrichten aus der Welt\",\"publisher\":{\"@id\":\"https:\/\/now-news.de\/de\/#organization\"},\"potentialAction\":[{\"@type\":\"SearchAction\",\"target\":{\"@type\":\"EntryPoint\",\"urlTemplate\":\"https:\/\/now-news.de\/de\/?s={search_term_string}\"},\"query-input\":\"required name=search_term_string\"}],\"inLanguage\":\"de\"},{\"@type\":\"Organization\",\"@id\":\"https:\/\/now-news.de\/de\/#organization\",\"name\":\"Just Now News\",\"url\":\"https:\/\/now-news.de\/de\/\",\"logo\":{\"@type\":\"ImageObject\",\"inLanguage\":\"de\",\"@id\":\"https:\/\/now-news.de\/de\/#\/schema\/logo\/image\/\",\"url\":\"http:\/\/just-now.news\/de\/wp-content\/uploads\/sites\/3\/2022\/04\/logo500x500.jpg\",\"contentUrl\":\"http:\/\/just-now.news\/de\/wp-content\/uploads\/sites\/3\/2022\/04\/logo500x500.jpg\",\"width\":500,\"height\":500,\"caption\":\"Just Now News\"},\"image\":{\"@id\":\"https:\/\/now-news.de\/de\/#\/schema\/logo\/image\/\"},\"sameAs\":[\"https:\/\/www.facebook.com\/wirmachenauf\",\"https:\/\/x.com\/WirMachenAuf_de\"]},{\"@type\":\"Person\",\"@id\":\"https:\/\/now-news.de\/de\/#\/schema\/person\/fb534a4e865501d8b3285208df34a9b5\",\"name\":\"rtnews\",\"image\":{\"@type\":\"ImageObject\",\"inLanguage\":\"de\",\"@id\":\"https:\/\/now-news.de\/de\/#\/schema\/person\/image\/\",\"url\":\"https:\/\/secure.gravatar.com\/avatar\/82aafea7d8127119dd649515f56e2117?s=96&d=mm&r=g\",\"contentUrl\":\"https:\/\/secure.gravatar.com\/avatar\/82aafea7d8127119dd649515f56e2117?s=96&d=mm&r=g\",\"caption\":\"rtnews\"},\"url\":\"https:\/\/now-news.de\/de\/author\/rnews\/\"}]}<\/script>\n<!-- \/ Yoast SEO Premium plugin. -->","yoast_head_json":{"title":"Frankreich: Milliarden f\u00fcrs Milit\u00e4r - aber Feiertagsstreichung und Sozialk\u00fcrzungen - just-now.NEWS Deutschland","robots":{"index":"index","follow":"follow","max-snippet":"max-snippet:-1","max-image-preview":"max-image-preview:large","max-video-preview":"max-video-preview:-1"},"canonical":"https:\/\/now-news.de\/de\/deutschland\/frankreich-milliarden-fuers-militaer-aber-feiertagsstreichung-und-sozialkuerzungen\/","og_locale":"de_DE","og_type":"article","og_title":"Frankreich: Milliarden f\u00fcrs Milit\u00e4r - aber Feiertagsstreichung und Sozialk\u00fcrzungen","og_description":"Deutschlands Nachbar Frankreich konfrontiert seine B\u00fcrger ebenfalls mit der aktuellen EU-Politik. Neben massiven Investitionen ins Milit\u00e4r erfolgen Einsparungen im Sozialsystem. Frankreichs Premierminister Bayrou k\u00fcndigte nun wegen der &#8220;Staatsschuldenkrise&#8221; unter anderem die Streichung von Feiertagen und Urlaubstagen an. Der amtierende franz\u00f6sische\u00a0Premierminister Fran\u00e7ois Bayrou\u00a0hat am Dienstag dieser Woche die wichtigsten kommenden Leitlinien der Macron-Administration vorgestellt, die\u00a0vermeintlich\u00a0darauf abzielen, [&hellip;]","og_url":"https:\/\/now-news.de\/de\/deutschland\/frankreich-milliarden-fuers-militaer-aber-feiertagsstreichung-und-sozialkuerzungen\/","og_site_name":"just-now.NEWS Deutschland","article_publisher":"https:\/\/www.facebook.com\/wirmachenauf","article_published_time":"2025-07-17T16:38:06+00:00","og_image":[{"url":"https:\/\/now-news.de\/de\/wp-content\/uploads\/sites\/3\/2025\/07\/6878b02ab480cc032722a4de.JPG"}],"author":"rtnews","twitter_card":"summary_large_image","twitter_creator":"@WirMachenAuf_de","twitter_site":"@WirMachenAuf_de","twitter_misc":{"Verfasst von":"rtnews","Gesch\u00e4tzte Lesezeit":"3\u00a0Minuten"},"schema":{"@context":"https:\/\/schema.org","@graph":[{"@type":"Article","@id":"https:\/\/now-news.de\/de\/deutschland\/frankreich-milliarden-fuers-militaer-aber-feiertagsstreichung-und-sozialkuerzungen\/#article","isPartOf":{"@id":"https:\/\/now-news.de\/de\/deutschland\/frankreich-milliarden-fuers-militaer-aber-feiertagsstreichung-und-sozialkuerzungen\/"},"author":{"name":"rtnews","@id":"https:\/\/now-news.de\/de\/#\/schema\/person\/fb534a4e865501d8b3285208df34a9b5"},"headline":"Frankreich: Milliarden f\u00fcrs Milit\u00e4r &#8211; aber Feiertagsstreichung und Sozialk\u00fcrzungen","datePublished":"2025-07-17T16:38:06+00:00","dateModified":"2025-07-17T16:38:06+00:00","mainEntityOfPage":{"@id":"https:\/\/now-news.de\/de\/deutschland\/frankreich-milliarden-fuers-militaer-aber-feiertagsstreichung-und-sozialkuerzungen\/"},"wordCount":683,"commentCount":0,"publisher":{"@id":"https:\/\/now-news.de\/de\/#organization"},"image":{"@id":"https:\/\/now-news.de\/de\/deutschland\/frankreich-milliarden-fuers-militaer-aber-feiertagsstreichung-und-sozialkuerzungen\/#primaryimage"},"thumbnailUrl":"https:\/\/now-news.de\/de\/wp-content\/uploads\/sites\/3\/2025\/07\/Frankreich-Milliarden-fuers-Militaer-aber-Feiertagsstreichung-und-Sozialkuerzungen.JPG","keywords":["aber","Feiertagsstreichung","Frankreich","f\u00fcrs","Milit\u00e4r","Milliarden","Sozialk\u00fcrzungen","und"],"articleSection":["Deutschland","Russland"],"inLanguage":"de","potentialAction":[{"@type":"CommentAction","name":"Comment","target":["https:\/\/now-news.de\/de\/deutschland\/frankreich-milliarden-fuers-militaer-aber-feiertagsstreichung-und-sozialkuerzungen\/#respond"]}]},{"@type":"WebPage","@id":"https:\/\/now-news.de\/de\/deutschland\/frankreich-milliarden-fuers-militaer-aber-feiertagsstreichung-und-sozialkuerzungen\/","url":"https:\/\/now-news.de\/de\/deutschland\/frankreich-milliarden-fuers-militaer-aber-feiertagsstreichung-und-sozialkuerzungen\/","name":"Frankreich: Milliarden f\u00fcrs Milit\u00e4r - aber Feiertagsstreichung und Sozialk\u00fcrzungen - just-now.NEWS Deutschland","isPartOf":{"@id":"https:\/\/now-news.de\/de\/#website"},"primaryImageOfPage":{"@id":"https:\/\/now-news.de\/de\/deutschland\/frankreich-milliarden-fuers-militaer-aber-feiertagsstreichung-und-sozialkuerzungen\/#primaryimage"},"image":{"@id":"https:\/\/now-news.de\/de\/deutschland\/frankreich-milliarden-fuers-militaer-aber-feiertagsstreichung-und-sozialkuerzungen\/#primaryimage"},"thumbnailUrl":"https:\/\/now-news.de\/de\/wp-content\/uploads\/sites\/3\/2025\/07\/Frankreich-Milliarden-fuers-Militaer-aber-Feiertagsstreichung-und-Sozialkuerzungen.JPG","datePublished":"2025-07-17T16:38:06+00:00","dateModified":"2025-07-17T16:38:06+00:00","breadcrumb":{"@id":"https:\/\/now-news.de\/de\/deutschland\/frankreich-milliarden-fuers-militaer-aber-feiertagsstreichung-und-sozialkuerzungen\/#breadcrumb"},"inLanguage":"de","potentialAction":[{"@type":"ReadAction","target":["https:\/\/now-news.de\/de\/deutschland\/frankreich-milliarden-fuers-militaer-aber-feiertagsstreichung-und-sozialkuerzungen\/"]}]},{"@type":"ImageObject","inLanguage":"de","@id":"https:\/\/now-news.de\/de\/deutschland\/frankreich-milliarden-fuers-militaer-aber-feiertagsstreichung-und-sozialkuerzungen\/#primaryimage","url":"https:\/\/now-news.de\/de\/wp-content\/uploads\/sites\/3\/2025\/07\/Frankreich-Milliarden-fuers-Militaer-aber-Feiertagsstreichung-und-Sozialkuerzungen.JPG","contentUrl":"https:\/\/now-news.de\/de\/wp-content\/uploads\/sites\/3\/2025\/07\/Frankreich-Milliarden-fuers-Militaer-aber-Feiertagsstreichung-und-Sozialkuerzungen.JPG","width":460,"height":259,"caption":"Frankreich: Milliarden f\u00fcrs Milit\u00e4r - aber Feiertagsstreichung und Sozialk\u00fcrzungen"},{"@type":"BreadcrumbList","@id":"https:\/\/now-news.de\/de\/deutschland\/frankreich-milliarden-fuers-militaer-aber-feiertagsstreichung-und-sozialkuerzungen\/#breadcrumb","itemListElement":[{"@type":"ListItem","position":1,"name":"Home","item":"https:\/\/now-news.de\/de\/"},{"@type":"ListItem","position":2,"name":"Frankreich: Milliarden f\u00fcrs Milit\u00e4r &#8211; aber Feiertagsstreichung und Sozialk\u00fcrzungen"}]},{"@type":"WebSite","@id":"https:\/\/now-news.de\/de\/#website","url":"https:\/\/now-news.de\/de\/","name":"just-now.NEWS Deutschland","description":"Das Portal f\u00fcr unzensierte Nachrichten aus der Welt","publisher":{"@id":"https:\/\/now-news.de\/de\/#organization"},"potentialAction":[{"@type":"SearchAction","target":{"@type":"EntryPoint","urlTemplate":"https:\/\/now-news.de\/de\/?s={search_term_string}"},"query-input":"required name=search_term_string"}],"inLanguage":"de"},{"@type":"Organization","@id":"https:\/\/now-news.de\/de\/#organization","name":"Just Now News","url":"https:\/\/now-news.de\/de\/","logo":{"@type":"ImageObject","inLanguage":"de","@id":"https:\/\/now-news.de\/de\/#\/schema\/logo\/image\/","url":"http:\/\/just-now.news\/de\/wp-content\/uploads\/sites\/3\/2022\/04\/logo500x500.jpg","contentUrl":"http:\/\/just-now.news\/de\/wp-content\/uploads\/sites\/3\/2022\/04\/logo500x500.jpg","width":500,"height":500,"caption":"Just Now News"},"image":{"@id":"https:\/\/now-news.de\/de\/#\/schema\/logo\/image\/"},"sameAs":["https:\/\/www.facebook.com\/wirmachenauf","https:\/\/x.com\/WirMachenAuf_de"]},{"@type":"Person","@id":"https:\/\/now-news.de\/de\/#\/schema\/person\/fb534a4e865501d8b3285208df34a9b5","name":"rtnews","image":{"@type":"ImageObject","inLanguage":"de","@id":"https:\/\/now-news.de\/de\/#\/schema\/person\/image\/","url":"https:\/\/secure.gravatar.com\/avatar\/82aafea7d8127119dd649515f56e2117?s=96&d=mm&r=g","contentUrl":"https:\/\/secure.gravatar.com\/avatar\/82aafea7d8127119dd649515f56e2117?s=96&d=mm&r=g","caption":"rtnews"},"url":"https:\/\/now-news.de\/de\/author\/rnews\/"}]}},"_links":{"self":[{"href":"https:\/\/now-news.de\/de\/wp-json\/wp\/v2\/posts\/87356"}],"collection":[{"href":"https:\/\/now-news.de\/de\/wp-json\/wp\/v2\/posts"}],"about":[{"href":"https:\/\/now-news.de\/de\/wp-json\/wp\/v2\/types\/post"}],"author":[{"embeddable":true,"href":"https:\/\/now-news.de\/de\/wp-json\/wp\/v2\/users\/3"}],"replies":[{"embeddable":true,"href":"https:\/\/now-news.de\/de\/wp-json\/wp\/v2\/comments?post=87356"}],"version-history":[{"count":0,"href":"https:\/\/now-news.de\/de\/wp-json\/wp\/v2\/posts\/87356\/revisions"}],"wp:featuredmedia":[{"embeddable":true,"href":"https:\/\/now-news.de\/de\/wp-json\/wp\/v2\/media\/87357"}],"wp:attachment":[{"href":"https:\/\/now-news.de\/de\/wp-json\/wp\/v2\/media?parent=87356"}],"wp:term":[{"taxonomy":"category","embeddable":true,"href":"https:\/\/now-news.de\/de\/wp-json\/wp\/v2\/categories?post=87356"},{"taxonomy":"post_tag","embeddable":true,"href":"https:\/\/now-news.de\/de\/wp-json\/wp\/v2\/tags?post=87356"}],"curies":[{"name":"wp","href":"https:\/\/api.w.org\/{rel}","templated":true}]}}