{"id":8726,"date":"2022-05-24T19:21:04","date_gmt":"2022-05-24T17:21:04","guid":{"rendered":"http:\/\/just-now.news\/de\/deutschland\/brandenburger-linksfraktion-fordert-erhalt-der-pck-raffinerie-in-schwedt\/"},"modified":"2022-05-24T19:21:04","modified_gmt":"2022-05-24T17:21:04","slug":"brandenburger-linksfraktion-fordert-erhalt-der-pck-raffinerie-in-schwedt","status":"publish","type":"post","link":"https:\/\/now-news.de\/de\/deutschland\/brandenburger-linksfraktion-fordert-erhalt-der-pck-raffinerie-in-schwedt\/","title":{"rendered":"Brandenburger Linksfraktion fordert Erhalt der PCK-Raffinerie in Schwedt"},"content":{"rendered":"<div class=\"Text-root Text-type_5 ArticleView-text ViewText-root \">\n<p>Die Linksfraktion im Brandenburger Landtag fordert verbindliche Garantien f\u00fcr die PCK-Raffinerie in Schwedt. Der Fraktionsvorsitzende Sebastian Walter sagte am Montag gegen\u00fcber dem <em>rbb<\/em>:<\/p>\n<blockquote>\n<p><em>&#8220;Es ist nicht die Zeit f\u00fcr &#8216;vielleicht&#8217; und auch nicht f\u00fcr &#8216;kann&#8217;. Sondern es ist die Zeit daf\u00fcr, dass wir deutlich machen: Der Standort in Schwedt muss erhalten bleiben.&#8221;<\/em><\/p>\n<\/blockquote>\n<div class=\"ReadMore-root Section-root Section-is1to3-xs_is1to1\" data-widgets=\"ReadMore\" data-has-alias>\n<div class=\"Section-container Section-isRow-isTop-isWrap\">\n<article class=\"Card-root Card-is1to1 \">\n<div class=\"Card-imageWrap\">\n<div class=\"Card-picture\">\n<picture class=\"Picture-root Picture-default\"><!--[if IE 9]><video style=\"display: none;\"><![endif]--><source media=\"(-webkit-min-device-pixel-ratio: 2) and (min-resolution: 120dpi)\" data-srcset=\" \nhttp:\/\/just-now.news\/de\/wp-content\/uploads\/sites\/3\/2022\/05\/628690cb48fbef48145125d7.jpg 850w,\n                http:\/\/just-now.news\/de\/wp-content\/uploads\/sites\/3\/2022\/05\/1653136800_102_628690cb48fbef48145125d7.jpg 1960w,\n            \" ><source data-srcset=\" \nhttp:\/\/just-now.news\/de\/wp-content\/uploads\/sites\/3\/2022\/05\/628690cb48fbef48145125d7.jpg 460w,\n              http:\/\/just-now.news\/de\/wp-content\/uploads\/sites\/3\/2022\/05\/1653136800_102_628690cb48fbef48145125d7.jpg 980w,\n            \" ><!--[if IE 9]><\/video><![endif]--><img decoding=\"async\" data- src=\"data:image\/png;base64,iVBORw0KGgoAAAANSUhEUgAAABAAAAAJCAQAAACRI2S5AAAAEElEQVR42mNkIAAYRxWAAQAG9gAKqv6+AwAAAABJRU5ErkJggg==\" class=\"Picture-root Picture-default lazyload\" data-src=\"http:\/\/just-now.news\/de\/wp-content\/uploads\/sites\/3\/2022\/05\/628690cb48fbef48145125d7.jpg\" alt=\"Euractiv: EU gehen die Sanktionsm\u00f6glichkeiten gegen Russland aus\"><\/source><\/source><\/picture><!-- noscript pattern --><noscript><img decoding=\"async\" src=\"http:\/\/just-now.news\/de\/wp-content\/uploads\/sites\/3\/2022\/05\/1653136800_102_628690cb48fbef48145125d7.jpg\" alt=\"Euractiv: EU gehen die Sanktionsm\u00f6glichkeiten gegen Russland aus\"><\/noscript>    <\/div><\/div>\n<div class=\"Card-contentWrap\">\n<div class=\"Card-content\">\n<div class=\"Card-title\">\n<div class=\"HeaderNews-root HeaderNews-type_6 \">\n<p>            <a rel=\"nofollow noopener\" target=\"_blank\" href=\"https:\/\/de.rt.com\/europa\/138921-euractiv-eu-gehen-sanktionsmoglichkeiten-gegen\/\" class=\"Link-root Link-isFullCard \"><br \/>\n                Euractiv: EU gehen die Sanktionsm\u00f6glichkeiten gegen Russland aus<br \/>\n            <\/a><\/p><\/div><\/div><\/div><\/div>\n<\/article>\n<\/div><\/div>\n<p>Walter kritisierte, dass es von Bundeswirtschaftsminister Robert Habeck (B\u00fcndnis 90\/Die Gr\u00fcnen) und dem Brandenburger Ministerpr\u00e4sidenten Dietmar Woidke (SPD) bisher keine verbindlichen Zusagen f\u00fcr die Raffinerie gab. Habeck und Woidke hatten zwar darauf hingewiesen, dass man auf Bundes- und L\u00e4nderebene an L\u00f6sungen arbeite. Dies gehe der Linksfraktion jedoch nicht weit genug:<\/p>\n<blockquote>\n<p><em>&#8220;Es geht hier nicht nur um warme Worte, sondern es geht um Garantien.&#8221;<\/em><\/p>\n<\/blockquote>\n<p>Seit Montag demonstriert die Linksfraktion des Landtages auch mit Gro\u00dfplakaten in Schwedt f\u00fcr den Erhalt des Standorts und f\u00fcr die Sicherstellung der Lohnzahlungen der rund 1.200 Besch\u00e4ftigten.<\/p>\n<p>Hintergrund der Debatte ist, dass die PCK-Raffinerie mehrheitlich der Tochter des russischen Gaskonzerns Rosneft geh\u00f6rt. In der Raffinerie wird seit 60 Jahren russisches Erd\u00f6l verarbeitet, das \u00fcber die Druschba-Pipeline nach Schwedt gepumpt wird. Nun wird bef\u00fcrchtet, dass der Standort mit einem EU-Embargo gegen russisches Erd\u00f6l vor dem Aus steht. Habeck und Woidke hatten mehrfach versichert, die PCK-Raffinerie in Schwedt erhalten zu wollen. Dort sollen m\u00f6glicherweise alternative Erd\u00f6le verarbeitet werden, die \u00fcber Rostock oder Polen nach Schwedt geliefert werden k\u00f6nnten.<\/p>\n<div class=\"ReadMore-root Section-root Section-is1to3-xs_is1to1\" data-widgets=\"ReadMore\" data-has-alias>\n<div class=\"Section-container Section-isRow-isTop-isWrap\">\n<article class=\"Card-root Card-is1to1 \">\n<div class=\"Card-imageWrap\">\n<div class=\"Card-picture\">\n<picture class=\"Picture-root Picture-default\"><!--[if IE 9]><video style=\"display: none;\"><![endif]--><source media=\"(-webkit-min-device-pixel-ratio: 2) and (min-resolution: 120dpi)\" data-srcset=\" \nhttp:\/\/just-now.news\/de\/wp-content\/uploads\/sites\/3\/2022\/05\/627d33d148fbef3be92fd8eb.jpg 850w,\n                http:\/\/just-now.news\/de\/wp-content\/uploads\/sites\/3\/2022\/05\/Raffinerie-Schwedt-Rosneft-Deutschland-offen-fuer-Verarbeitung-von-nicht-russischem-Oel.jpg 1960w,\n            \" ><source data-srcset=\" \nhttp:\/\/just-now.news\/de\/wp-content\/uploads\/sites\/3\/2022\/05\/627d33d148fbef3be92fd8eb.jpg 460w,\n              http:\/\/just-now.news\/de\/wp-content\/uploads\/sites\/3\/2022\/05\/Raffinerie-Schwedt-Rosneft-Deutschland-offen-fuer-Verarbeitung-von-nicht-russischem-Oel.jpg 980w,\n            \" ><!--[if IE 9]><\/video><![endif]--><img decoding=\"async\" data- src=\"data:image\/png;base64,iVBORw0KGgoAAAANSUhEUgAAABAAAAAJCAQAAACRI2S5AAAAEElEQVR42mNkIAAYRxWAAQAG9gAKqv6+AwAAAABJRU5ErkJggg==\" class=\"Picture-root Picture-default lazyload\" data-src=\"http:\/\/just-now.news\/de\/wp-content\/uploads\/sites\/3\/2022\/05\/627d33d148fbef3be92fd8eb.jpg\" alt=\"Raffinerie Schwedt: Rosneft Deutschland offen f\u00fcr Verarbeitung von nicht-russischem \u00d6l\"><\/source><\/source><\/picture><!-- noscript pattern --><noscript><img decoding=\"async\" src=\"http:\/\/just-now.news\/de\/wp-content\/uploads\/sites\/3\/2022\/05\/Raffinerie-Schwedt-Rosneft-Deutschland-offen-fuer-Verarbeitung-von-nicht-russischem-Oel.jpg\" alt=\"Raffinerie Schwedt: Rosneft Deutschland offen f\u00fcr Verarbeitung von nicht-russischem \u00d6l\"><\/noscript>    <\/div><\/div>\n<div class=\"Card-contentWrap\">\n<div class=\"Card-content\">\n<div class=\"Card-title\">\n<div class=\"HeaderNews-root HeaderNews-type_6 \">\n<p>            <a rel=\"nofollow noopener\" target=\"_blank\" href=\"https:\/\/de.rt.com\/inland\/138308-raffinerie-schwedt-rosneft-deutschland-offen\/\" class=\"Link-root Link-isFullCard \"><br \/>\n                Raffinerie Schwedt: Rosneft Deutschland offen f\u00fcr Verarbeitung von nicht-russischem \u00d6l<br \/>\n            <\/a><\/p><\/div><\/div><\/div><\/div>\n<\/article>\n<\/div><\/div>\n<p>Im Wesentlichen stellt die Linke drei Forderungen: Zun\u00e4chst soll die Politik eine verbindliche Besch\u00e4ftigungs- und Lohngarantie aussprechen, unabh\u00e4ngig davon, ob eine Treuhandgesellschaft eingef\u00fchrt wird oder ein neuer Investor kommt. In einer Pressemitteilung der Fraktion hei\u00dft es, dass es um den Erhalt industrieller Kerne in Ostdeutschland gehe. Tausende weitere Arbeitspl\u00e4tze in der Region w\u00fcrden von der Raffinerie abh\u00e4ngen.<\/p>\n<p>Des Weiteren m\u00fcsse die gesamte Transformation finanziell abgesichert werden. Als dritter Punkt m\u00fcssen &#8220;die steigenden Energiekosten, die jetzt f\u00fcr Gesamtdeutschland drohen, staatlich abgesichert werden&#8221;. Es k\u00f6nne nicht sein, dass die Politik dies auf dem R\u00fccken der Autofahrer und Pendler austrage.<\/p>\n<p><strong>Mehr zum Thema &#8211;<\/strong>\u00a0<a rel=\"nofollow noopener\" target=\"_blank\" href=\"https:\/\/test.rtde.tech\/meinung\/138384-nato-oliv-habeck-wird-deutschland\/\">NATO-oliv-Habeck wird Deutschland ruinieren<\/a><\/p>\n<\/p>\n<\/div>\n<p><br \/>\n<br \/><a href=\"https:\/\/de.rt.com\/inland\/139203-brandenburger-linksfraktion-fordert-erhalt-pck\/\">Source link <\/a><\/p>\n","protected":false},"excerpt":{"rendered":"<p>Die Linksfraktion im Brandenburger Landtag fordert verbindliche Garantien f\u00fcr die PCK-Raffinerie in Schwedt. Der Fraktionsvorsitzende Sebastian Walter sagte am Montag gegen\u00fcber dem rbb: &#8220;Es ist nicht die Zeit f\u00fcr &#8216;vielleicht&#8217; und auch nicht f\u00fcr &#8216;kann&#8217;. Sondern es ist die Zeit daf\u00fcr, dass wir deutlich machen: Der Standort in Schwedt muss erhalten bleiben.&#8221; Euractiv: EU gehen [&hellip;]<\/p>\n","protected":false},"author":3,"featured_media":8727,"comment_status":"open","ping_status":"open","sticky":false,"template":"","format":"standard","meta":{"wp_automatic_camp":["217"],"89f3e0d7e8eb2a7f58fdf041c7b0c63d":["Brandenburger Linksfraktion fordert Erhalt der PCK-Raffinerie in Schwedt"],"original_link":["https:\/\/de.rt.com\/inland\/139203-brandenburger-linksfraktion-fordert-erhalt-pck\/"],"_thumbnail_id":["8727"],"_wptg_p2tg_sent2tg":["2022-05-24 19:37:42"],"jnews_social_counter_last_update":["1777571059"]},"categories":[19,23],"tags":[21665,82,822,355,21666,21667,19520],"yoast_head":"<!-- This site is optimized with the Yoast SEO Premium plugin v22.7 (Yoast SEO v22.7) - https:\/\/yoast.com\/wordpress\/plugins\/seo\/ -->\n<title>Brandenburger Linksfraktion fordert Erhalt der PCK-Raffinerie in Schwedt - just-now.NEWS Deutschland<\/title>\n<meta name=\"robots\" content=\"index, follow, max-snippet:-1, max-image-preview:large, max-video-preview:-1\" \/>\n<link rel=\"canonical\" href=\"https:\/\/now-news.de\/de\/deutschland\/brandenburger-linksfraktion-fordert-erhalt-der-pck-raffinerie-in-schwedt\/\" \/>\n<meta property=\"og:locale\" content=\"de_DE\" \/>\n<meta property=\"og:type\" content=\"article\" \/>\n<meta property=\"og:title\" content=\"Brandenburger Linksfraktion fordert Erhalt der PCK-Raffinerie in Schwedt\" \/>\n<meta property=\"og:description\" content=\"Die Linksfraktion im Brandenburger Landtag fordert verbindliche Garantien f\u00fcr die PCK-Raffinerie in Schwedt. Der Fraktionsvorsitzende Sebastian Walter sagte am Montag gegen\u00fcber dem rbb: &#8220;Es ist nicht die Zeit f\u00fcr &#8216;vielleicht&#8217; und auch nicht f\u00fcr &#8216;kann&#8217;. Sondern es ist die Zeit daf\u00fcr, dass wir deutlich machen: Der Standort in Schwedt muss erhalten bleiben.&#8221; Euractiv: EU gehen [&hellip;]\" \/>\n<meta property=\"og:url\" content=\"https:\/\/now-news.de\/de\/deutschland\/brandenburger-linksfraktion-fordert-erhalt-der-pck-raffinerie-in-schwedt\/\" \/>\n<meta property=\"og:site_name\" content=\"just-now.NEWS Deutschland\" \/>\n<meta property=\"article:publisher\" content=\"https:\/\/www.facebook.com\/wirmachenauf\" \/>\n<meta property=\"article:published_time\" content=\"2022-05-24T17:21:04+00:00\" \/>\n<meta property=\"og:image\" content=\"https:\/\/now-news.de\/de\/wp-content\/uploads\/sites\/3\/2022\/05\/Brandenburger-Linksfraktion-fordert-Erhalt-der-PCK-Raffinerie-in-Schwedt.jpg\" \/>\n\t<meta property=\"og:image:width\" content=\"460\" \/>\n\t<meta property=\"og:image:height\" content=\"259\" \/>\n\t<meta property=\"og:image:type\" content=\"image\/jpeg\" \/>\n<meta name=\"author\" content=\"rtnews\" \/>\n<meta name=\"twitter:card\" content=\"summary_large_image\" \/>\n<meta name=\"twitter:creator\" content=\"@WirMachenAuf_de\" \/>\n<meta name=\"twitter:site\" content=\"@WirMachenAuf_de\" \/>\n<meta name=\"twitter:label1\" content=\"Verfasst von\" \/>\n\t<meta name=\"twitter:data1\" content=\"rtnews\" \/>\n\t<meta name=\"twitter:label2\" content=\"Gesch\u00e4tzte Lesezeit\" \/>\n\t<meta name=\"twitter:data2\" content=\"2\u00a0Minuten\" \/>\n<script type=\"application\/ld+json\" class=\"yoast-schema-graph\">{\"@context\":\"https:\/\/schema.org\",\"@graph\":[{\"@type\":\"Article\",\"@id\":\"https:\/\/now-news.de\/de\/deutschland\/brandenburger-linksfraktion-fordert-erhalt-der-pck-raffinerie-in-schwedt\/#article\",\"isPartOf\":{\"@id\":\"https:\/\/now-news.de\/de\/deutschland\/brandenburger-linksfraktion-fordert-erhalt-der-pck-raffinerie-in-schwedt\/\"},\"author\":{\"name\":\"rtnews\",\"@id\":\"https:\/\/now-news.de\/de\/#\/schema\/person\/fb534a4e865501d8b3285208df34a9b5\"},\"headline\":\"Brandenburger Linksfraktion fordert Erhalt der PCK-Raffinerie in Schwedt\",\"datePublished\":\"2022-05-24T17:21:04+00:00\",\"dateModified\":\"2022-05-24T17:21:04+00:00\",\"mainEntityOfPage\":{\"@id\":\"https:\/\/now-news.de\/de\/deutschland\/brandenburger-linksfraktion-fordert-erhalt-der-pck-raffinerie-in-schwedt\/\"},\"wordCount\":390,\"commentCount\":0,\"publisher\":{\"@id\":\"https:\/\/now-news.de\/de\/#organization\"},\"image\":{\"@id\":\"https:\/\/now-news.de\/de\/deutschland\/brandenburger-linksfraktion-fordert-erhalt-der-pck-raffinerie-in-schwedt\/#primaryimage\"},\"thumbnailUrl\":\"https:\/\/now-news.de\/de\/wp-content\/uploads\/sites\/3\/2022\/05\/Brandenburger-Linksfraktion-fordert-Erhalt-der-PCK-Raffinerie-in-Schwedt.jpg\",\"keywords\":[\"Brandenburger\",\"der\",\"erh\u00e4lt\",\"fordert\",\"Linksfraktion\",\"PCKRaffinerie\",\"Schwedt\"],\"articleSection\":[\"Deutschland\",\"Russland\"],\"inLanguage\":\"de\",\"potentialAction\":[{\"@type\":\"CommentAction\",\"name\":\"Comment\",\"target\":[\"https:\/\/now-news.de\/de\/deutschland\/brandenburger-linksfraktion-fordert-erhalt-der-pck-raffinerie-in-schwedt\/#respond\"]}]},{\"@type\":\"WebPage\",\"@id\":\"https:\/\/now-news.de\/de\/deutschland\/brandenburger-linksfraktion-fordert-erhalt-der-pck-raffinerie-in-schwedt\/\",\"url\":\"https:\/\/now-news.de\/de\/deutschland\/brandenburger-linksfraktion-fordert-erhalt-der-pck-raffinerie-in-schwedt\/\",\"name\":\"Brandenburger Linksfraktion fordert Erhalt der PCK-Raffinerie in Schwedt - just-now.NEWS Deutschland\",\"isPartOf\":{\"@id\":\"https:\/\/now-news.de\/de\/#website\"},\"primaryImageOfPage\":{\"@id\":\"https:\/\/now-news.de\/de\/deutschland\/brandenburger-linksfraktion-fordert-erhalt-der-pck-raffinerie-in-schwedt\/#primaryimage\"},\"image\":{\"@id\":\"https:\/\/now-news.de\/de\/deutschland\/brandenburger-linksfraktion-fordert-erhalt-der-pck-raffinerie-in-schwedt\/#primaryimage\"},\"thumbnailUrl\":\"https:\/\/now-news.de\/de\/wp-content\/uploads\/sites\/3\/2022\/05\/Brandenburger-Linksfraktion-fordert-Erhalt-der-PCK-Raffinerie-in-Schwedt.jpg\",\"datePublished\":\"2022-05-24T17:21:04+00:00\",\"dateModified\":\"2022-05-24T17:21:04+00:00\",\"breadcrumb\":{\"@id\":\"https:\/\/now-news.de\/de\/deutschland\/brandenburger-linksfraktion-fordert-erhalt-der-pck-raffinerie-in-schwedt\/#breadcrumb\"},\"inLanguage\":\"de\",\"potentialAction\":[{\"@type\":\"ReadAction\",\"target\":[\"https:\/\/now-news.de\/de\/deutschland\/brandenburger-linksfraktion-fordert-erhalt-der-pck-raffinerie-in-schwedt\/\"]}]},{\"@type\":\"ImageObject\",\"inLanguage\":\"de\",\"@id\":\"https:\/\/now-news.de\/de\/deutschland\/brandenburger-linksfraktion-fordert-erhalt-der-pck-raffinerie-in-schwedt\/#primaryimage\",\"url\":\"https:\/\/now-news.de\/de\/wp-content\/uploads\/sites\/3\/2022\/05\/Brandenburger-Linksfraktion-fordert-Erhalt-der-PCK-Raffinerie-in-Schwedt.jpg\",\"contentUrl\":\"https:\/\/now-news.de\/de\/wp-content\/uploads\/sites\/3\/2022\/05\/Brandenburger-Linksfraktion-fordert-Erhalt-der-PCK-Raffinerie-in-Schwedt.jpg\",\"width\":460,\"height\":259,\"caption\":\"Euractiv: EU gehen die Sanktionsm\u00f6glichkeiten gegen Russland aus\"},{\"@type\":\"BreadcrumbList\",\"@id\":\"https:\/\/now-news.de\/de\/deutschland\/brandenburger-linksfraktion-fordert-erhalt-der-pck-raffinerie-in-schwedt\/#breadcrumb\",\"itemListElement\":[{\"@type\":\"ListItem\",\"position\":1,\"name\":\"Home\",\"item\":\"https:\/\/now-news.de\/de\/\"},{\"@type\":\"ListItem\",\"position\":2,\"name\":\"Brandenburger Linksfraktion fordert Erhalt der PCK-Raffinerie in Schwedt\"}]},{\"@type\":\"WebSite\",\"@id\":\"https:\/\/now-news.de\/de\/#website\",\"url\":\"https:\/\/now-news.de\/de\/\",\"name\":\"just-now.NEWS Deutschland\",\"description\":\"Das Portal f\u00fcr unzensierte Nachrichten aus der Welt\",\"publisher\":{\"@id\":\"https:\/\/now-news.de\/de\/#organization\"},\"potentialAction\":[{\"@type\":\"SearchAction\",\"target\":{\"@type\":\"EntryPoint\",\"urlTemplate\":\"https:\/\/now-news.de\/de\/?s={search_term_string}\"},\"query-input\":\"required name=search_term_string\"}],\"inLanguage\":\"de\"},{\"@type\":\"Organization\",\"@id\":\"https:\/\/now-news.de\/de\/#organization\",\"name\":\"Just Now News\",\"url\":\"https:\/\/now-news.de\/de\/\",\"logo\":{\"@type\":\"ImageObject\",\"inLanguage\":\"de\",\"@id\":\"https:\/\/now-news.de\/de\/#\/schema\/logo\/image\/\",\"url\":\"http:\/\/just-now.news\/de\/wp-content\/uploads\/sites\/3\/2022\/04\/logo500x500.jpg\",\"contentUrl\":\"http:\/\/just-now.news\/de\/wp-content\/uploads\/sites\/3\/2022\/04\/logo500x500.jpg\",\"width\":500,\"height\":500,\"caption\":\"Just Now News\"},\"image\":{\"@id\":\"https:\/\/now-news.de\/de\/#\/schema\/logo\/image\/\"},\"sameAs\":[\"https:\/\/www.facebook.com\/wirmachenauf\",\"https:\/\/x.com\/WirMachenAuf_de\"]},{\"@type\":\"Person\",\"@id\":\"https:\/\/now-news.de\/de\/#\/schema\/person\/fb534a4e865501d8b3285208df34a9b5\",\"name\":\"rtnews\",\"image\":{\"@type\":\"ImageObject\",\"inLanguage\":\"de\",\"@id\":\"https:\/\/now-news.de\/de\/#\/schema\/person\/image\/\",\"url\":\"https:\/\/secure.gravatar.com\/avatar\/82aafea7d8127119dd649515f56e2117?s=96&d=mm&r=g\",\"contentUrl\":\"https:\/\/secure.gravatar.com\/avatar\/82aafea7d8127119dd649515f56e2117?s=96&d=mm&r=g\",\"caption\":\"rtnews\"},\"url\":\"https:\/\/now-news.de\/de\/author\/rnews\/\"}]}<\/script>\n<!-- \/ Yoast SEO Premium plugin. -->","yoast_head_json":{"title":"Brandenburger Linksfraktion fordert Erhalt der PCK-Raffinerie in Schwedt - just-now.NEWS Deutschland","robots":{"index":"index","follow":"follow","max-snippet":"max-snippet:-1","max-image-preview":"max-image-preview:large","max-video-preview":"max-video-preview:-1"},"canonical":"https:\/\/now-news.de\/de\/deutschland\/brandenburger-linksfraktion-fordert-erhalt-der-pck-raffinerie-in-schwedt\/","og_locale":"de_DE","og_type":"article","og_title":"Brandenburger Linksfraktion fordert Erhalt der PCK-Raffinerie in Schwedt","og_description":"Die Linksfraktion im Brandenburger Landtag fordert verbindliche Garantien f\u00fcr die PCK-Raffinerie in Schwedt. Der Fraktionsvorsitzende Sebastian Walter sagte am Montag gegen\u00fcber dem rbb: &#8220;Es ist nicht die Zeit f\u00fcr &#8216;vielleicht&#8217; und auch nicht f\u00fcr &#8216;kann&#8217;. Sondern es ist die Zeit daf\u00fcr, dass wir deutlich machen: Der Standort in Schwedt muss erhalten bleiben.&#8221; Euractiv: EU gehen [&hellip;]","og_url":"https:\/\/now-news.de\/de\/deutschland\/brandenburger-linksfraktion-fordert-erhalt-der-pck-raffinerie-in-schwedt\/","og_site_name":"just-now.NEWS Deutschland","article_publisher":"https:\/\/www.facebook.com\/wirmachenauf","article_published_time":"2022-05-24T17:21:04+00:00","og_image":[{"width":460,"height":259,"url":"https:\/\/now-news.de\/de\/wp-content\/uploads\/sites\/3\/2022\/05\/Brandenburger-Linksfraktion-fordert-Erhalt-der-PCK-Raffinerie-in-Schwedt.jpg","type":"image\/jpeg"}],"author":"rtnews","twitter_card":"summary_large_image","twitter_creator":"@WirMachenAuf_de","twitter_site":"@WirMachenAuf_de","twitter_misc":{"Verfasst von":"rtnews","Gesch\u00e4tzte Lesezeit":"2\u00a0Minuten"},"schema":{"@context":"https:\/\/schema.org","@graph":[{"@type":"Article","@id":"https:\/\/now-news.de\/de\/deutschland\/brandenburger-linksfraktion-fordert-erhalt-der-pck-raffinerie-in-schwedt\/#article","isPartOf":{"@id":"https:\/\/now-news.de\/de\/deutschland\/brandenburger-linksfraktion-fordert-erhalt-der-pck-raffinerie-in-schwedt\/"},"author":{"name":"rtnews","@id":"https:\/\/now-news.de\/de\/#\/schema\/person\/fb534a4e865501d8b3285208df34a9b5"},"headline":"Brandenburger Linksfraktion fordert Erhalt der PCK-Raffinerie in Schwedt","datePublished":"2022-05-24T17:21:04+00:00","dateModified":"2022-05-24T17:21:04+00:00","mainEntityOfPage":{"@id":"https:\/\/now-news.de\/de\/deutschland\/brandenburger-linksfraktion-fordert-erhalt-der-pck-raffinerie-in-schwedt\/"},"wordCount":390,"commentCount":0,"publisher":{"@id":"https:\/\/now-news.de\/de\/#organization"},"image":{"@id":"https:\/\/now-news.de\/de\/deutschland\/brandenburger-linksfraktion-fordert-erhalt-der-pck-raffinerie-in-schwedt\/#primaryimage"},"thumbnailUrl":"https:\/\/now-news.de\/de\/wp-content\/uploads\/sites\/3\/2022\/05\/Brandenburger-Linksfraktion-fordert-Erhalt-der-PCK-Raffinerie-in-Schwedt.jpg","keywords":["Brandenburger","der","erh\u00e4lt","fordert","Linksfraktion","PCKRaffinerie","Schwedt"],"articleSection":["Deutschland","Russland"],"inLanguage":"de","potentialAction":[{"@type":"CommentAction","name":"Comment","target":["https:\/\/now-news.de\/de\/deutschland\/brandenburger-linksfraktion-fordert-erhalt-der-pck-raffinerie-in-schwedt\/#respond"]}]},{"@type":"WebPage","@id":"https:\/\/now-news.de\/de\/deutschland\/brandenburger-linksfraktion-fordert-erhalt-der-pck-raffinerie-in-schwedt\/","url":"https:\/\/now-news.de\/de\/deutschland\/brandenburger-linksfraktion-fordert-erhalt-der-pck-raffinerie-in-schwedt\/","name":"Brandenburger Linksfraktion fordert Erhalt der PCK-Raffinerie in Schwedt - just-now.NEWS Deutschland","isPartOf":{"@id":"https:\/\/now-news.de\/de\/#website"},"primaryImageOfPage":{"@id":"https:\/\/now-news.de\/de\/deutschland\/brandenburger-linksfraktion-fordert-erhalt-der-pck-raffinerie-in-schwedt\/#primaryimage"},"image":{"@id":"https:\/\/now-news.de\/de\/deutschland\/brandenburger-linksfraktion-fordert-erhalt-der-pck-raffinerie-in-schwedt\/#primaryimage"},"thumbnailUrl":"https:\/\/now-news.de\/de\/wp-content\/uploads\/sites\/3\/2022\/05\/Brandenburger-Linksfraktion-fordert-Erhalt-der-PCK-Raffinerie-in-Schwedt.jpg","datePublished":"2022-05-24T17:21:04+00:00","dateModified":"2022-05-24T17:21:04+00:00","breadcrumb":{"@id":"https:\/\/now-news.de\/de\/deutschland\/brandenburger-linksfraktion-fordert-erhalt-der-pck-raffinerie-in-schwedt\/#breadcrumb"},"inLanguage":"de","potentialAction":[{"@type":"ReadAction","target":["https:\/\/now-news.de\/de\/deutschland\/brandenburger-linksfraktion-fordert-erhalt-der-pck-raffinerie-in-schwedt\/"]}]},{"@type":"ImageObject","inLanguage":"de","@id":"https:\/\/now-news.de\/de\/deutschland\/brandenburger-linksfraktion-fordert-erhalt-der-pck-raffinerie-in-schwedt\/#primaryimage","url":"https:\/\/now-news.de\/de\/wp-content\/uploads\/sites\/3\/2022\/05\/Brandenburger-Linksfraktion-fordert-Erhalt-der-PCK-Raffinerie-in-Schwedt.jpg","contentUrl":"https:\/\/now-news.de\/de\/wp-content\/uploads\/sites\/3\/2022\/05\/Brandenburger-Linksfraktion-fordert-Erhalt-der-PCK-Raffinerie-in-Schwedt.jpg","width":460,"height":259,"caption":"Euractiv: EU gehen die Sanktionsm\u00f6glichkeiten gegen Russland aus"},{"@type":"BreadcrumbList","@id":"https:\/\/now-news.de\/de\/deutschland\/brandenburger-linksfraktion-fordert-erhalt-der-pck-raffinerie-in-schwedt\/#breadcrumb","itemListElement":[{"@type":"ListItem","position":1,"name":"Home","item":"https:\/\/now-news.de\/de\/"},{"@type":"ListItem","position":2,"name":"Brandenburger Linksfraktion fordert Erhalt der PCK-Raffinerie in Schwedt"}]},{"@type":"WebSite","@id":"https:\/\/now-news.de\/de\/#website","url":"https:\/\/now-news.de\/de\/","name":"just-now.NEWS Deutschland","description":"Das Portal f\u00fcr unzensierte Nachrichten aus der Welt","publisher":{"@id":"https:\/\/now-news.de\/de\/#organization"},"potentialAction":[{"@type":"SearchAction","target":{"@type":"EntryPoint","urlTemplate":"https:\/\/now-news.de\/de\/?s={search_term_string}"},"query-input":"required name=search_term_string"}],"inLanguage":"de"},{"@type":"Organization","@id":"https:\/\/now-news.de\/de\/#organization","name":"Just Now News","url":"https:\/\/now-news.de\/de\/","logo":{"@type":"ImageObject","inLanguage":"de","@id":"https:\/\/now-news.de\/de\/#\/schema\/logo\/image\/","url":"http:\/\/just-now.news\/de\/wp-content\/uploads\/sites\/3\/2022\/04\/logo500x500.jpg","contentUrl":"http:\/\/just-now.news\/de\/wp-content\/uploads\/sites\/3\/2022\/04\/logo500x500.jpg","width":500,"height":500,"caption":"Just Now News"},"image":{"@id":"https:\/\/now-news.de\/de\/#\/schema\/logo\/image\/"},"sameAs":["https:\/\/www.facebook.com\/wirmachenauf","https:\/\/x.com\/WirMachenAuf_de"]},{"@type":"Person","@id":"https:\/\/now-news.de\/de\/#\/schema\/person\/fb534a4e865501d8b3285208df34a9b5","name":"rtnews","image":{"@type":"ImageObject","inLanguage":"de","@id":"https:\/\/now-news.de\/de\/#\/schema\/person\/image\/","url":"https:\/\/secure.gravatar.com\/avatar\/82aafea7d8127119dd649515f56e2117?s=96&d=mm&r=g","contentUrl":"https:\/\/secure.gravatar.com\/avatar\/82aafea7d8127119dd649515f56e2117?s=96&d=mm&r=g","caption":"rtnews"},"url":"https:\/\/now-news.de\/de\/author\/rnews\/"}]}},"_links":{"self":[{"href":"https:\/\/now-news.de\/de\/wp-json\/wp\/v2\/posts\/8726"}],"collection":[{"href":"https:\/\/now-news.de\/de\/wp-json\/wp\/v2\/posts"}],"about":[{"href":"https:\/\/now-news.de\/de\/wp-json\/wp\/v2\/types\/post"}],"author":[{"embeddable":true,"href":"https:\/\/now-news.de\/de\/wp-json\/wp\/v2\/users\/3"}],"replies":[{"embeddable":true,"href":"https:\/\/now-news.de\/de\/wp-json\/wp\/v2\/comments?post=8726"}],"version-history":[{"count":0,"href":"https:\/\/now-news.de\/de\/wp-json\/wp\/v2\/posts\/8726\/revisions"}],"wp:featuredmedia":[{"embeddable":true,"href":"https:\/\/now-news.de\/de\/wp-json\/wp\/v2\/media\/8727"}],"wp:attachment":[{"href":"https:\/\/now-news.de\/de\/wp-json\/wp\/v2\/media?parent=8726"}],"wp:term":[{"taxonomy":"category","embeddable":true,"href":"https:\/\/now-news.de\/de\/wp-json\/wp\/v2\/categories?post=8726"},{"taxonomy":"post_tag","embeddable":true,"href":"https:\/\/now-news.de\/de\/wp-json\/wp\/v2\/tags?post=8726"}],"curies":[{"name":"wp","href":"https:\/\/api.w.org\/{rel}","templated":true}]}}