{"id":87235,"date":"2025-07-15T18:40:11","date_gmt":"2025-07-15T16:40:11","guid":{"rendered":"https:\/\/now-news.de\/de\/deutschland\/syrien-gewalteskalation-zwischen-drusen-und-beduinen-im-suedwesten-des-landes\/"},"modified":"2025-07-15T18:40:11","modified_gmt":"2025-07-15T16:40:11","slug":"syrien-gewalteskalation-zwischen-drusen-und-beduinen-im-suedwesten-des-landes","status":"publish","type":"post","link":"https:\/\/now-news.de\/de\/deutschland\/syrien-gewalteskalation-zwischen-drusen-und-beduinen-im-suedwesten-des-landes\/","title":{"rendered":"Syrien: Gewalteskalation zwischen Drusen und Beduinen im S\u00fcdwesten des Landes"},"content":{"rendered":"<p><img decoding=\"async\" src=\"https:\/\/now-news.de\/de\/wp-content\/uploads\/sites\/3\/2025\/07\/6876051448fbef3c472595b7.jpg\" \/><\/p>\n<div class=\"Text-root Text-type_1 \">\n                Nach Dutzenden Toten und bis zu 100 Verletzten gab das syrische Verteidigungsministerium am Montag bekannt, dass es mit der Verlegung von Milit\u00e4reinheiten in die s\u00fcdliche Provinz as-Suwaid begonnen habe. Zuvor eskalierten \u00fcber Wochen rivalisierende K\u00e4mpfe zwischen dort beheimateten Drusen und Beduinengruppen.\n            <\/div>\n<p><\/p>\n<div class=\"Text-root Text-type_5 ArticleView-text ViewText-root \">\n<p>Lokalen Medienberichten zufolge wurden bei bewaffneten Zusammenst\u00f6\u00dfen zwischen sunnitischen Beduinenst\u00e4mmen und drusischen Milizen im S\u00fcden Syriens Dutzende Menschen get\u00f6tet und bis zu 100 Bewohner der Region verletzt. Die j\u00fcngste Gewaltwelle brach demnach am Sonntag in einer mehrheitlich von\u00a0Drusen bewohnten Stadt in der Provinz as-Suwaid aus.\u00a0Nach Angaben des syrischen Innenministeriums wurden milit\u00e4rische Sicherheitskr\u00e4fte eingesetzt, um vorerst die Ruhe wiederherzustellen. Zu Wochenbeginn flammten jedoch die K\u00e4mpfe in den westlichen Teilen der Provinz\u00a0erneut auf.<\/p>\n<p>Nach dem Sturz der Assad-Regierung Anfang Dezember\u00a02024\u00a0kommt Syrien weiterhin nicht zur Ruhe, dies ausgehend von eskalierenden Ereignissen verfeindeter Gruppen unterschiedlicher Religionszugeh\u00f6rigkeit und jeweiliger, vormaliger Positionierungen zu den alten Machthabern. Die vorerst letzten\u00a0gewaltt\u00e4tigen Vorf\u00e4lle mit Toten und Verletzten <a rel=\"nofollow noopener\" target=\"_blank\" href=\"https:\/\/www.aljazeera.com\/news\/2025\/5\/9\/syrias-druze-divided-as-sectarian-tensions-linger-after-violence\">ergaben sich<\/a> in der Region vor rund zehn Wochen. Laut Mitteilung\u00a0des syrischen Innenministeriums wurden nun allein in der vergangenen Woche bei K\u00e4mpfen zwischen Beduinenst\u00e4mmen und lokalen K\u00e4mpfern in der \u00fcberwiegend drusischen Stadt Suweida, gelegen in der s\u00fcdwestlichen Provinz as-Suwaid, mehr als 30 Menschen get\u00f6tet und 100 weitere verletzt.<\/p>\n<p>An dem Konflikt ist auch Israel indirekt beteiligt. Im Mai hie\u00df es seitens der Netanjahu-Administration, dass die Regierung &#8220;einen R\u00fcckzug der [syrischen] Streitkr\u00e4fte aus dem S\u00fcden von Damaskus und eine Gef\u00e4hrdung der drusischen Gemeinschaft nicht zulassen wird&#8221;, so die gemeinsame Erkl\u00e4rung von Premierminister Benjamin Netanjahu sowie Verteidigungsminister Israel Katz (<em>RT DE<\/em>\u00a0<a rel=\"nofollow noopener\" target=\"_blank\" href=\"https:\/\/freedert.online\/der-nahe-osten\/243918-israel-greift-ziele-unweit-syrischen\/\">berichtete<\/a>).\u00a0Israel, das Syrien mehrfach in den vergangenen Monaten unter dem Vorwand angegriffen hat, die Drusen zu sch\u00fctzen, hat nach eigenen Angaben aktuell mehrere Panzer der IDF auf den Weg nach Suweida entsandt.\u00a0In Syrien leben drusische Bewohner haupts\u00e4chlich in der s\u00fcdlichen Provinz\u00a0as-Suwaid und einigen Vororten von Damaskus.\u00a0<\/p>\n<p>Der\u00a0amtierender Gouverneur von Suweida sowie mehrere hochrangige drusische Geistliche riefen laut arabischen Medien die Bev\u00f6lkerung zur Ruhe auf. Sie forderten zugleich ein entschlosseneres Eingreifen der Zentralregierung in Damaskus. In einer laut<em> Al Jazeera<\/em> offiziellen\u00a0Erkl\u00e4rung aus Damaskus hei\u00dft es seitens der \u00dcbergangsregierung:<\/p>\n<p><em>&#8220;In diesem Zusammenhang best\u00e4tigt das Innenministerium, dass Einheiten seiner Streitkr\u00e4fte in Abstimmung mit dem Verteidigungsministerium direkt in der Region intervenieren werden, um den Konflikt zu l\u00f6sen, die Zusammenst\u00f6\u00dfe zu beenden, die Sicherheit zu gew\u00e4hrleisten, die Verantwortlichen f\u00fcr die Ereignisse zu verfolgen und sie der zust\u00e4ndigen Justiz zu \u00fcbergeben.&#8221;<\/em><\/p>\n<p>Medienberichten zufolge \u00fcbernahmen die syrischen Streitkr\u00e4fte am Montag umgehend die Kontrolle \u00fcber das drusische Dorf Al-Mazraa, wo sich demnach auch Beduinenk\u00e4mpfer aufhielten. Die genaue Zahl der Todesopfer bei diesen j\u00fcngsten\u00a0Zusammenst\u00f6\u00dfen\u00a0ist dabei weiterhin unklar. Unbest\u00e4tigten Angaben zufolge hei\u00dft es, dass &#8220;Dutzende Menschen&#8221; bei den j\u00fcngsten K\u00e4mpfen ums Leben gekommen und \u00fcber 200 verwundet worden seien.<\/p>\n<p><strong>Mehr zum Thema &#8211;<\/strong>\u00a0<a rel=\"nofollow noopener\" target=\"_blank\" href=\"https:\/\/freedert.online\/der-nahe-osten\/250200-pakt-gegen-iran-syrischer-machthaber\/\">Ein Pakt gegen Iran: Syrischer Machthaber stimmt sich mit Israels Sicherheitsberater ab<\/a><\/p>\n<div class=\"EmbedBlock-root EmbedBlock-externalVideo EmbedBlock-rumble\">\n<div class=\"VkEmbed\"><iframe class=\"lazyload\" data-src=\"https:\/\/rumble.com\/embed\/v6te2nt\" frameborder=\"0\" width=\"853\" height=\"480\" allowfullscreen><\/iframe><\/div>\n<\/div>\n<\/div>\n<p><br \/>\n<br \/><a href=\"https:\/\/de.rt.com\/der-nahe-osten\/250698-syrien-gewalteskalation-zwischen-drusen-und\/\">Source link <\/a><\/p>\n","protected":false},"excerpt":{"rendered":"<p>Nach Dutzenden Toten und bis zu 100 Verletzten gab das syrische Verteidigungsministerium am Montag bekannt, dass es mit der Verlegung von Milit\u00e4reinheiten in die s\u00fcdliche Provinz as-Suwaid begonnen habe. Zuvor eskalierten \u00fcber Wochen rivalisierende K\u00e4mpfe zwischen dort beheimateten Drusen und Beduinengruppen. Lokalen Medienberichten zufolge wurden bei bewaffneten Zusammenst\u00f6\u00dfen zwischen sunnitischen Beduinenst\u00e4mmen und drusischen Milizen im [&hellip;]<\/p>\n","protected":false},"author":3,"featured_media":87236,"comment_status":"open","ping_status":"open","sticky":false,"template":"","format":"standard","meta":{"_yoast_indexnow_last_ping":["1752597839"],"wp_automatic_camp":["217"],"b1d07adc48bbbdd1ab6cb30502c49226":["Syrien: Gewalteskalation zwischen Drusen und Beduinen im S\u00fcdwesten des Landes"],"original_link":["https:\/\/de.rt.com\/der-nahe-osten\/250698-syrien-gewalteskalation-zwischen-drusen-und\/"],"_thumbnail_id":["87236"],"jnews_social_counter_last_update":["1777651004"],"_wptgpro_p2tg_sent2tg":["a:1:{i:23737;s:19:\"2025-07-15 18:45:12\";}"]},"categories":[19,23],"tags":[66375,583,66374,50953,1725,19659,783,140,436],"yoast_head":"<!-- This site is optimized with the Yoast SEO Premium plugin v22.7 (Yoast SEO v22.7) - https:\/\/yoast.com\/wordpress\/plugins\/seo\/ -->\n<title>Syrien: Gewalteskalation zwischen Drusen und Beduinen im S\u00fcdwesten des Landes - just-now.NEWS Deutschland<\/title>\n<meta name=\"robots\" content=\"index, follow, max-snippet:-1, max-image-preview:large, max-video-preview:-1\" \/>\n<link rel=\"canonical\" href=\"https:\/\/now-news.de\/de\/deutschland\/syrien-gewalteskalation-zwischen-drusen-und-beduinen-im-suedwesten-des-landes\/\" \/>\n<meta property=\"og:locale\" content=\"de_DE\" \/>\n<meta property=\"og:type\" content=\"article\" \/>\n<meta property=\"og:title\" content=\"Syrien: Gewalteskalation zwischen Drusen und Beduinen im S\u00fcdwesten des Landes\" \/>\n<meta property=\"og:description\" content=\"Nach Dutzenden Toten und bis zu 100 Verletzten gab das syrische Verteidigungsministerium am Montag bekannt, dass es mit der Verlegung von Milit\u00e4reinheiten in die s\u00fcdliche Provinz as-Suwaid begonnen habe. Zuvor eskalierten \u00fcber Wochen rivalisierende K\u00e4mpfe zwischen dort beheimateten Drusen und Beduinengruppen. Lokalen Medienberichten zufolge wurden bei bewaffneten Zusammenst\u00f6\u00dfen zwischen sunnitischen Beduinenst\u00e4mmen und drusischen Milizen im [&hellip;]\" \/>\n<meta property=\"og:url\" content=\"https:\/\/now-news.de\/de\/deutschland\/syrien-gewalteskalation-zwischen-drusen-und-beduinen-im-suedwesten-des-landes\/\" \/>\n<meta property=\"og:site_name\" content=\"just-now.NEWS Deutschland\" \/>\n<meta property=\"article:publisher\" content=\"https:\/\/www.facebook.com\/wirmachenauf\" \/>\n<meta property=\"article:published_time\" content=\"2025-07-15T16:40:11+00:00\" \/>\n<meta property=\"og:image\" content=\"https:\/\/now-news.de\/de\/wp-content\/uploads\/sites\/3\/2025\/07\/6876051448fbef3c472595b7.jpg\" \/>\n<meta name=\"author\" content=\"rtnews\" \/>\n<meta name=\"twitter:card\" content=\"summary_large_image\" \/>\n<meta name=\"twitter:creator\" content=\"@WirMachenAuf_de\" \/>\n<meta name=\"twitter:site\" content=\"@WirMachenAuf_de\" \/>\n<meta name=\"twitter:label1\" content=\"Verfasst von\" \/>\n\t<meta name=\"twitter:data1\" content=\"rtnews\" \/>\n\t<meta name=\"twitter:label2\" content=\"Gesch\u00e4tzte Lesezeit\" \/>\n\t<meta name=\"twitter:data2\" content=\"3\u00a0Minuten\" \/>\n<script type=\"application\/ld+json\" class=\"yoast-schema-graph\">{\"@context\":\"https:\/\/schema.org\",\"@graph\":[{\"@type\":\"Article\",\"@id\":\"https:\/\/now-news.de\/de\/deutschland\/syrien-gewalteskalation-zwischen-drusen-und-beduinen-im-suedwesten-des-landes\/#article\",\"isPartOf\":{\"@id\":\"https:\/\/now-news.de\/de\/deutschland\/syrien-gewalteskalation-zwischen-drusen-und-beduinen-im-suedwesten-des-landes\/\"},\"author\":{\"name\":\"rtnews\",\"@id\":\"https:\/\/now-news.de\/de\/#\/schema\/person\/fb534a4e865501d8b3285208df34a9b5\"},\"headline\":\"Syrien: Gewalteskalation zwischen Drusen und Beduinen im S\u00fcdwesten des Landes\",\"datePublished\":\"2025-07-15T16:40:11+00:00\",\"dateModified\":\"2025-07-15T16:40:11+00:00\",\"mainEntityOfPage\":{\"@id\":\"https:\/\/now-news.de\/de\/deutschland\/syrien-gewalteskalation-zwischen-drusen-und-beduinen-im-suedwesten-des-landes\/\"},\"wordCount\":520,\"commentCount\":0,\"publisher\":{\"@id\":\"https:\/\/now-news.de\/de\/#organization\"},\"image\":{\"@id\":\"https:\/\/now-news.de\/de\/deutschland\/syrien-gewalteskalation-zwischen-drusen-und-beduinen-im-suedwesten-des-landes\/#primaryimage\"},\"thumbnailUrl\":\"https:\/\/now-news.de\/de\/wp-content\/uploads\/sites\/3\/2025\/07\/Syrien-Gewalteskalation-zwischen-Drusen-und-Beduinen-im-Suedwesten-des-Landes.jpg\",\"keywords\":[\"Beduinen\",\"des\",\"Drusen\",\"Gewalteskalation\",\"Landes\",\"S\u00fcdwesten\",\"Syrien\",\"und\",\"zwischen\"],\"articleSection\":[\"Deutschland\",\"Russland\"],\"inLanguage\":\"de\",\"potentialAction\":[{\"@type\":\"CommentAction\",\"name\":\"Comment\",\"target\":[\"https:\/\/now-news.de\/de\/deutschland\/syrien-gewalteskalation-zwischen-drusen-und-beduinen-im-suedwesten-des-landes\/#respond\"]}]},{\"@type\":\"WebPage\",\"@id\":\"https:\/\/now-news.de\/de\/deutschland\/syrien-gewalteskalation-zwischen-drusen-und-beduinen-im-suedwesten-des-landes\/\",\"url\":\"https:\/\/now-news.de\/de\/deutschland\/syrien-gewalteskalation-zwischen-drusen-und-beduinen-im-suedwesten-des-landes\/\",\"name\":\"Syrien: Gewalteskalation zwischen Drusen und Beduinen im S\u00fcdwesten des Landes - just-now.NEWS Deutschland\",\"isPartOf\":{\"@id\":\"https:\/\/now-news.de\/de\/#website\"},\"primaryImageOfPage\":{\"@id\":\"https:\/\/now-news.de\/de\/deutschland\/syrien-gewalteskalation-zwischen-drusen-und-beduinen-im-suedwesten-des-landes\/#primaryimage\"},\"image\":{\"@id\":\"https:\/\/now-news.de\/de\/deutschland\/syrien-gewalteskalation-zwischen-drusen-und-beduinen-im-suedwesten-des-landes\/#primaryimage\"},\"thumbnailUrl\":\"https:\/\/now-news.de\/de\/wp-content\/uploads\/sites\/3\/2025\/07\/Syrien-Gewalteskalation-zwischen-Drusen-und-Beduinen-im-Suedwesten-des-Landes.jpg\",\"datePublished\":\"2025-07-15T16:40:11+00:00\",\"dateModified\":\"2025-07-15T16:40:11+00:00\",\"breadcrumb\":{\"@id\":\"https:\/\/now-news.de\/de\/deutschland\/syrien-gewalteskalation-zwischen-drusen-und-beduinen-im-suedwesten-des-landes\/#breadcrumb\"},\"inLanguage\":\"de\",\"potentialAction\":[{\"@type\":\"ReadAction\",\"target\":[\"https:\/\/now-news.de\/de\/deutschland\/syrien-gewalteskalation-zwischen-drusen-und-beduinen-im-suedwesten-des-landes\/\"]}]},{\"@type\":\"ImageObject\",\"inLanguage\":\"de\",\"@id\":\"https:\/\/now-news.de\/de\/deutschland\/syrien-gewalteskalation-zwischen-drusen-und-beduinen-im-suedwesten-des-landes\/#primaryimage\",\"url\":\"https:\/\/now-news.de\/de\/wp-content\/uploads\/sites\/3\/2025\/07\/Syrien-Gewalteskalation-zwischen-Drusen-und-Beduinen-im-Suedwesten-des-Landes.jpg\",\"contentUrl\":\"https:\/\/now-news.de\/de\/wp-content\/uploads\/sites\/3\/2025\/07\/Syrien-Gewalteskalation-zwischen-Drusen-und-Beduinen-im-Suedwesten-des-Landes.jpg\",\"width\":460,\"height\":259,\"caption\":\"Syrien: Gewalteskalation zwischen Drusen und Beduinen im S\u00fcdwesten des Landes\"},{\"@type\":\"BreadcrumbList\",\"@id\":\"https:\/\/now-news.de\/de\/deutschland\/syrien-gewalteskalation-zwischen-drusen-und-beduinen-im-suedwesten-des-landes\/#breadcrumb\",\"itemListElement\":[{\"@type\":\"ListItem\",\"position\":1,\"name\":\"Home\",\"item\":\"https:\/\/now-news.de\/de\/\"},{\"@type\":\"ListItem\",\"position\":2,\"name\":\"Syrien: Gewalteskalation zwischen Drusen und Beduinen im S\u00fcdwesten des Landes\"}]},{\"@type\":\"WebSite\",\"@id\":\"https:\/\/now-news.de\/de\/#website\",\"url\":\"https:\/\/now-news.de\/de\/\",\"name\":\"just-now.NEWS Deutschland\",\"description\":\"Das Portal f\u00fcr unzensierte Nachrichten aus der Welt\",\"publisher\":{\"@id\":\"https:\/\/now-news.de\/de\/#organization\"},\"potentialAction\":[{\"@type\":\"SearchAction\",\"target\":{\"@type\":\"EntryPoint\",\"urlTemplate\":\"https:\/\/now-news.de\/de\/?s={search_term_string}\"},\"query-input\":\"required name=search_term_string\"}],\"inLanguage\":\"de\"},{\"@type\":\"Organization\",\"@id\":\"https:\/\/now-news.de\/de\/#organization\",\"name\":\"Just Now News\",\"url\":\"https:\/\/now-news.de\/de\/\",\"logo\":{\"@type\":\"ImageObject\",\"inLanguage\":\"de\",\"@id\":\"https:\/\/now-news.de\/de\/#\/schema\/logo\/image\/\",\"url\":\"http:\/\/just-now.news\/de\/wp-content\/uploads\/sites\/3\/2022\/04\/logo500x500.jpg\",\"contentUrl\":\"http:\/\/just-now.news\/de\/wp-content\/uploads\/sites\/3\/2022\/04\/logo500x500.jpg\",\"width\":500,\"height\":500,\"caption\":\"Just Now News\"},\"image\":{\"@id\":\"https:\/\/now-news.de\/de\/#\/schema\/logo\/image\/\"},\"sameAs\":[\"https:\/\/www.facebook.com\/wirmachenauf\",\"https:\/\/x.com\/WirMachenAuf_de\"]},{\"@type\":\"Person\",\"@id\":\"https:\/\/now-news.de\/de\/#\/schema\/person\/fb534a4e865501d8b3285208df34a9b5\",\"name\":\"rtnews\",\"image\":{\"@type\":\"ImageObject\",\"inLanguage\":\"de\",\"@id\":\"https:\/\/now-news.de\/de\/#\/schema\/person\/image\/\",\"url\":\"https:\/\/secure.gravatar.com\/avatar\/82aafea7d8127119dd649515f56e2117?s=96&d=mm&r=g\",\"contentUrl\":\"https:\/\/secure.gravatar.com\/avatar\/82aafea7d8127119dd649515f56e2117?s=96&d=mm&r=g\",\"caption\":\"rtnews\"},\"url\":\"https:\/\/now-news.de\/de\/author\/rnews\/\"}]}<\/script>\n<!-- \/ Yoast SEO Premium plugin. -->","yoast_head_json":{"title":"Syrien: Gewalteskalation zwischen Drusen und Beduinen im S\u00fcdwesten des Landes - just-now.NEWS Deutschland","robots":{"index":"index","follow":"follow","max-snippet":"max-snippet:-1","max-image-preview":"max-image-preview:large","max-video-preview":"max-video-preview:-1"},"canonical":"https:\/\/now-news.de\/de\/deutschland\/syrien-gewalteskalation-zwischen-drusen-und-beduinen-im-suedwesten-des-landes\/","og_locale":"de_DE","og_type":"article","og_title":"Syrien: Gewalteskalation zwischen Drusen und Beduinen im S\u00fcdwesten des Landes","og_description":"Nach Dutzenden Toten und bis zu 100 Verletzten gab das syrische Verteidigungsministerium am Montag bekannt, dass es mit der Verlegung von Milit\u00e4reinheiten in die s\u00fcdliche Provinz as-Suwaid begonnen habe. Zuvor eskalierten \u00fcber Wochen rivalisierende K\u00e4mpfe zwischen dort beheimateten Drusen und Beduinengruppen. Lokalen Medienberichten zufolge wurden bei bewaffneten Zusammenst\u00f6\u00dfen zwischen sunnitischen Beduinenst\u00e4mmen und drusischen Milizen im [&hellip;]","og_url":"https:\/\/now-news.de\/de\/deutschland\/syrien-gewalteskalation-zwischen-drusen-und-beduinen-im-suedwesten-des-landes\/","og_site_name":"just-now.NEWS Deutschland","article_publisher":"https:\/\/www.facebook.com\/wirmachenauf","article_published_time":"2025-07-15T16:40:11+00:00","og_image":[{"url":"https:\/\/now-news.de\/de\/wp-content\/uploads\/sites\/3\/2025\/07\/6876051448fbef3c472595b7.jpg"}],"author":"rtnews","twitter_card":"summary_large_image","twitter_creator":"@WirMachenAuf_de","twitter_site":"@WirMachenAuf_de","twitter_misc":{"Verfasst von":"rtnews","Gesch\u00e4tzte Lesezeit":"3\u00a0Minuten"},"schema":{"@context":"https:\/\/schema.org","@graph":[{"@type":"Article","@id":"https:\/\/now-news.de\/de\/deutschland\/syrien-gewalteskalation-zwischen-drusen-und-beduinen-im-suedwesten-des-landes\/#article","isPartOf":{"@id":"https:\/\/now-news.de\/de\/deutschland\/syrien-gewalteskalation-zwischen-drusen-und-beduinen-im-suedwesten-des-landes\/"},"author":{"name":"rtnews","@id":"https:\/\/now-news.de\/de\/#\/schema\/person\/fb534a4e865501d8b3285208df34a9b5"},"headline":"Syrien: Gewalteskalation zwischen Drusen und Beduinen im S\u00fcdwesten des Landes","datePublished":"2025-07-15T16:40:11+00:00","dateModified":"2025-07-15T16:40:11+00:00","mainEntityOfPage":{"@id":"https:\/\/now-news.de\/de\/deutschland\/syrien-gewalteskalation-zwischen-drusen-und-beduinen-im-suedwesten-des-landes\/"},"wordCount":520,"commentCount":0,"publisher":{"@id":"https:\/\/now-news.de\/de\/#organization"},"image":{"@id":"https:\/\/now-news.de\/de\/deutschland\/syrien-gewalteskalation-zwischen-drusen-und-beduinen-im-suedwesten-des-landes\/#primaryimage"},"thumbnailUrl":"https:\/\/now-news.de\/de\/wp-content\/uploads\/sites\/3\/2025\/07\/Syrien-Gewalteskalation-zwischen-Drusen-und-Beduinen-im-Suedwesten-des-Landes.jpg","keywords":["Beduinen","des","Drusen","Gewalteskalation","Landes","S\u00fcdwesten","Syrien","und","zwischen"],"articleSection":["Deutschland","Russland"],"inLanguage":"de","potentialAction":[{"@type":"CommentAction","name":"Comment","target":["https:\/\/now-news.de\/de\/deutschland\/syrien-gewalteskalation-zwischen-drusen-und-beduinen-im-suedwesten-des-landes\/#respond"]}]},{"@type":"WebPage","@id":"https:\/\/now-news.de\/de\/deutschland\/syrien-gewalteskalation-zwischen-drusen-und-beduinen-im-suedwesten-des-landes\/","url":"https:\/\/now-news.de\/de\/deutschland\/syrien-gewalteskalation-zwischen-drusen-und-beduinen-im-suedwesten-des-landes\/","name":"Syrien: Gewalteskalation zwischen Drusen und Beduinen im S\u00fcdwesten des Landes - just-now.NEWS Deutschland","isPartOf":{"@id":"https:\/\/now-news.de\/de\/#website"},"primaryImageOfPage":{"@id":"https:\/\/now-news.de\/de\/deutschland\/syrien-gewalteskalation-zwischen-drusen-und-beduinen-im-suedwesten-des-landes\/#primaryimage"},"image":{"@id":"https:\/\/now-news.de\/de\/deutschland\/syrien-gewalteskalation-zwischen-drusen-und-beduinen-im-suedwesten-des-landes\/#primaryimage"},"thumbnailUrl":"https:\/\/now-news.de\/de\/wp-content\/uploads\/sites\/3\/2025\/07\/Syrien-Gewalteskalation-zwischen-Drusen-und-Beduinen-im-Suedwesten-des-Landes.jpg","datePublished":"2025-07-15T16:40:11+00:00","dateModified":"2025-07-15T16:40:11+00:00","breadcrumb":{"@id":"https:\/\/now-news.de\/de\/deutschland\/syrien-gewalteskalation-zwischen-drusen-und-beduinen-im-suedwesten-des-landes\/#breadcrumb"},"inLanguage":"de","potentialAction":[{"@type":"ReadAction","target":["https:\/\/now-news.de\/de\/deutschland\/syrien-gewalteskalation-zwischen-drusen-und-beduinen-im-suedwesten-des-landes\/"]}]},{"@type":"ImageObject","inLanguage":"de","@id":"https:\/\/now-news.de\/de\/deutschland\/syrien-gewalteskalation-zwischen-drusen-und-beduinen-im-suedwesten-des-landes\/#primaryimage","url":"https:\/\/now-news.de\/de\/wp-content\/uploads\/sites\/3\/2025\/07\/Syrien-Gewalteskalation-zwischen-Drusen-und-Beduinen-im-Suedwesten-des-Landes.jpg","contentUrl":"https:\/\/now-news.de\/de\/wp-content\/uploads\/sites\/3\/2025\/07\/Syrien-Gewalteskalation-zwischen-Drusen-und-Beduinen-im-Suedwesten-des-Landes.jpg","width":460,"height":259,"caption":"Syrien: Gewalteskalation zwischen Drusen und Beduinen im S\u00fcdwesten des Landes"},{"@type":"BreadcrumbList","@id":"https:\/\/now-news.de\/de\/deutschland\/syrien-gewalteskalation-zwischen-drusen-und-beduinen-im-suedwesten-des-landes\/#breadcrumb","itemListElement":[{"@type":"ListItem","position":1,"name":"Home","item":"https:\/\/now-news.de\/de\/"},{"@type":"ListItem","position":2,"name":"Syrien: Gewalteskalation zwischen Drusen und Beduinen im S\u00fcdwesten des Landes"}]},{"@type":"WebSite","@id":"https:\/\/now-news.de\/de\/#website","url":"https:\/\/now-news.de\/de\/","name":"just-now.NEWS Deutschland","description":"Das Portal f\u00fcr unzensierte Nachrichten aus der Welt","publisher":{"@id":"https:\/\/now-news.de\/de\/#organization"},"potentialAction":[{"@type":"SearchAction","target":{"@type":"EntryPoint","urlTemplate":"https:\/\/now-news.de\/de\/?s={search_term_string}"},"query-input":"required name=search_term_string"}],"inLanguage":"de"},{"@type":"Organization","@id":"https:\/\/now-news.de\/de\/#organization","name":"Just Now News","url":"https:\/\/now-news.de\/de\/","logo":{"@type":"ImageObject","inLanguage":"de","@id":"https:\/\/now-news.de\/de\/#\/schema\/logo\/image\/","url":"http:\/\/just-now.news\/de\/wp-content\/uploads\/sites\/3\/2022\/04\/logo500x500.jpg","contentUrl":"http:\/\/just-now.news\/de\/wp-content\/uploads\/sites\/3\/2022\/04\/logo500x500.jpg","width":500,"height":500,"caption":"Just Now News"},"image":{"@id":"https:\/\/now-news.de\/de\/#\/schema\/logo\/image\/"},"sameAs":["https:\/\/www.facebook.com\/wirmachenauf","https:\/\/x.com\/WirMachenAuf_de"]},{"@type":"Person","@id":"https:\/\/now-news.de\/de\/#\/schema\/person\/fb534a4e865501d8b3285208df34a9b5","name":"rtnews","image":{"@type":"ImageObject","inLanguage":"de","@id":"https:\/\/now-news.de\/de\/#\/schema\/person\/image\/","url":"https:\/\/secure.gravatar.com\/avatar\/82aafea7d8127119dd649515f56e2117?s=96&d=mm&r=g","contentUrl":"https:\/\/secure.gravatar.com\/avatar\/82aafea7d8127119dd649515f56e2117?s=96&d=mm&r=g","caption":"rtnews"},"url":"https:\/\/now-news.de\/de\/author\/rnews\/"}]}},"_links":{"self":[{"href":"https:\/\/now-news.de\/de\/wp-json\/wp\/v2\/posts\/87235"}],"collection":[{"href":"https:\/\/now-news.de\/de\/wp-json\/wp\/v2\/posts"}],"about":[{"href":"https:\/\/now-news.de\/de\/wp-json\/wp\/v2\/types\/post"}],"author":[{"embeddable":true,"href":"https:\/\/now-news.de\/de\/wp-json\/wp\/v2\/users\/3"}],"replies":[{"embeddable":true,"href":"https:\/\/now-news.de\/de\/wp-json\/wp\/v2\/comments?post=87235"}],"version-history":[{"count":0,"href":"https:\/\/now-news.de\/de\/wp-json\/wp\/v2\/posts\/87235\/revisions"}],"wp:featuredmedia":[{"embeddable":true,"href":"https:\/\/now-news.de\/de\/wp-json\/wp\/v2\/media\/87236"}],"wp:attachment":[{"href":"https:\/\/now-news.de\/de\/wp-json\/wp\/v2\/media?parent=87235"}],"wp:term":[{"taxonomy":"category","embeddable":true,"href":"https:\/\/now-news.de\/de\/wp-json\/wp\/v2\/categories?post=87235"},{"taxonomy":"post_tag","embeddable":true,"href":"https:\/\/now-news.de\/de\/wp-json\/wp\/v2\/tags?post=87235"}],"curies":[{"name":"wp","href":"https:\/\/api.w.org\/{rel}","templated":true}]}}