{"id":87182,"date":"2025-07-14T19:29:32","date_gmt":"2025-07-14T17:29:32","guid":{"rendered":"https:\/\/now-news.de\/de\/deutschland\/rationaler-handelskrieg-was-bringen-trumps-30-prozentige-zoelle-auf-waren-aus-der-eu-und-mexiko\/"},"modified":"2025-07-14T19:29:32","modified_gmt":"2025-07-14T17:29:32","slug":"rationaler-handelskrieg-was-bringen-trumps-30-prozentige-zoelle-auf-waren-aus-der-eu-und-mexiko","status":"publish","type":"post","link":"https:\/\/now-news.de\/de\/deutschland\/rationaler-handelskrieg-was-bringen-trumps-30-prozentige-zoelle-auf-waren-aus-der-eu-und-mexiko\/","title":{"rendered":"&quot;Rationaler Handelskrieg&quot;: Was bringen Trumps 30-prozentige Z\u00f6lle auf Waren aus der EU und Mexiko?"},"content":{"rendered":"<p><img decoding=\"async\" src=\"https:\/\/now-news.de\/de\/wp-content\/uploads\/sites\/3\/2025\/07\/6874ed9b48fbef388473e1d4.png\" \/><\/p>\n<div class=\"Text-root Text-type_1 \">\n                US-Pr\u00e4sident Donald Trump hat angek\u00fcndigt, ab dem 1. August Z\u00f6lle in H\u00f6he von 30 Prozent auf Importe aus Mexiko und der EU zu erheben. Dabei drohte er mit einer weiteren Erh\u00f6hung, sollten diese L\u00e4nder Gegenma\u00dfnahmen ergreifen.\n            <\/div>\n<p><\/p>\n<div class=\"Text-root Text-type_5 ArticleView-text ViewText-root \">\n<p><em>Von Anastasija Stepanowa und Polina Poletajewa<\/em><\/p>\n<p>Waren, die aus L\u00e4ndern der Europ\u00e4ischen Union und Mexiko in die USA importiert werden, werden ab dem 1. August mit Z\u00f6llen in H\u00f6he von 30 Prozent belegt. Dies gab US-Pr\u00e4sident Donald Trump bekannt, indem er im sozialen Netzwerk Truth Social offizielle Briefe an die Pr\u00e4sidentin der Europ\u00e4ischen Kommission Ursula von der Leyen und die Pr\u00e4sidentin Mexikos Claudia Sheinbaum ver\u00f6ffentlichte. In der Erkl\u00e4rung an die Chefin der EU-Kommission hei\u00dft es:<\/p>\n<p><em>&#8220;Ab dem 1. August werden wir von der EU einen Zoll in H\u00f6he von 30 Prozent auf ihre in die USA gelieferten Waren erheben, unabh\u00e4ngig von allen sektoralen Z\u00f6llen.&#8221;<\/em><\/p>\n<p>Sollte die EU beschlie\u00dfen, ihre Z\u00f6lle auf US-amerikanische Waren zu erh\u00f6hen, w\u00fcrden die USA diesen Betrag zu ihren 30-prozentigen Z\u00f6llen hinzurechnen, so der US-Pr\u00e4sident.<\/p>\n<p>Laut Trump bedrohe das Handelsbilanzdefizit gegen\u00fcber der EU die US-amerikanische Wirtschaft und die nationale Sicherheit, und &#8220;30 Prozent sind viel weniger als n\u00f6tig, um die Ungleichheit zu beseitigen&#8221;. Er versicherte, dass Washington die Z\u00f6lle aufheben werde, wenn europ\u00e4ische Unternehmen ihre Produktion in den USA lokalisieren w\u00fcrden.<\/p>\n<p>\u00c4hnliche Bedingungen wurden Mexiko gestellt. In einem Brief an seine mexikanische Amtskollegin begr\u00fcndete Trump die Einf\u00fchrung neuer Z\u00f6lle damit, dass Mexiko nicht in der Lage gewesen sei, die Kartelle und die Fentanyl-Krise in den USA zu stoppen. Nach Ansicht des US-amerikanischen Staatschefs tue Mexiko trotz aller Bem\u00fchungen zum Schutz der gemeinsamen Grenze &#8220;nicht genug&#8221;.<\/p>\n<p>Ursula von der Leyen reagierte umgehend auf Trumps Entscheidung. In einer offiziellen Erkl\u00e4rung der EU-Kommissionspr\u00e4sidentin hei\u00dft es, dass die Einf\u00fchrung von 30-prozentigen Z\u00f6llen die wichtigsten transatlantischen Lieferketten beeintr\u00e4chtigen und Unternehmen und Verbrauchern auf beiden Seiten des Atlantiks Schaden zuf\u00fcgen w\u00fcrde. Sie versprach:<\/p>\n<p><em>&#8220;Wir sind weiterhin bereit, bis zum 1. August an einer Einigung zu arbeiten. Gleichzeitig werden wir alle notwendigen Schritte zum Schutz der Interessen der EU unternehmen, einschlie\u00dflich der Verh\u00e4ngung angemessener Gegenma\u00dfnahmen, falls erforderlich.&#8221;<\/em><\/p>\n<p>Anfang dieser Woche verschickte der Chef des Wei\u00dfen Hauses \u00e4hnliche Mitteilungen an 14 weitere L\u00e4nder. F\u00fcr jedes dieser L\u00e4nder wird der Zollsatz ab dem 1. August zwischen 25 und 40 Prozent betragen. Au\u00dferdem hat Trump 35-prozentige Z\u00f6lle f\u00fcr kanadische Produkte angek\u00fcndigt.<\/p>\n<p><strong>Wird die &#8220;Einsch\u00fcchterungstaktik&#8221; funktionieren?<\/strong><\/p>\n<p>Der Politologe Juri Swetow meint, die Entscheidung des Wei\u00dfen Hauses, 30-prozentige Z\u00f6lle zu verh\u00e4ngen, entspreche Trumps Wunsch, seine Handelspartner einzusch\u00fcchtern. Der Experte erkl\u00e4rt:<\/p>\n<p><em>&#8220;Er hat sich f\u00fcr eine Strategie entschieden, alle Handelspartner der Vereinigten Staaten einzusch\u00fcchtern. Er hat eine Theorie aufgestellt, die bei den US-amerikanischen W\u00e4hlern gro\u00dfen Anklang findet: Es gibt den gr\u00f6\u00dften Markt der Welt \u2013 die USA \u2013 und jeder, der auf diesem Markt handelt, muss sich mit moderaten Gewinnen begn\u00fcgen. Ihm scheint es, dass alle L\u00e4nder Gewinne erzielen und die Vereinigten Staaten dadurch Schaden erleiden.&#8221;<\/em><\/p>\n<p>Dabei stellt er fest, dass diese &#8220;Einsch\u00fcchterungstaktik&#8221; bei einigen L\u00e4ndern schon funktioniert habe. Swetow f\u00fcgt hinzu:<\/p>\n<p><em>&#8220;Nehmen wir zum Beispiel Gro\u00dfbritannien, das immerhin der wichtigste Verb\u00fcndete der US-Amerikaner ist. (Trump) unterzeichnete mit Premierminister Starmer ein Abkommen, und Gro\u00dfbritannien akzeptierte die Bedingungen. In gewisser Weise sind auch Zugest\u00e4ndnisse seitens Kanadas zu beobachten. Mexiko schien zun\u00e4chst entgegenzukommen, begann dann aber, sich zu weigern. Und was die Europ\u00e4ische Union angeht, so scheint mir, dass Trump sich einfach \u00fcber sie lustig macht.&#8221;<\/em><\/p>\n<p>Wie sehr diese Z\u00f6lle den US-Amerikanern selbst schaden werden, bleibe jedoch abzuwarten. Der Politologe erinnert:<\/p>\n<p><em>&#8220;Trump hat China Z\u00f6lle von fast 200 Prozent angek\u00fcndigt, woraufhin die Chinesen ihre eigenen Z\u00f6lle einf\u00fchrt und sich geweigert haben, Seltenerdmetalle in die Vereinigten Staaten zu liefern. Die US-Amerikaner haben sofort einen R\u00fcckzieher gemacht und ihre Forderungen gesenkt.&#8221;<\/em><\/p>\n<p>Angesichts der j\u00fcngsten Ereignisse erinnert Swetow auch an die &#8220;kleine \u00dcberraschung&#8221;, die der US-amerikanische Pr\u00e4sident Russland am Montag versprochen hatte. Nach Ansicht des Experten unterh\u00e4lt Moskau derzeit nur minimale Handelsbeziehungen zu Washington. Dar\u00fcber hinaus sei es durch zahlreiche Sanktionen gegen \u00dcberraschungen jeglicher Art &#8220;abgeh\u00e4rtet&#8221;.<\/p>\n<p><strong>Beziehungen zu Europa<\/strong><\/p>\n<p>Einige Analysten sehen in Trumps Vorgehen einen neuen Handelskrieg, insbesondere zwischen Europa und den USA. So erinnert Konstantin Blochin, wissenschaftlicher Mitarbeiter des Zentrums f\u00fcr Sicherheitsforschung der Russischen Akademie der Wissenschaften und Politologe mit Schwerpunkt USA, in einem Gespr\u00e4ch mit\u00a0<em>RT<\/em>\u00a0daran, dass die Beziehungen zwischen Trump und der EU von Anfang an alles andere als reibungslos waren. Der Experte meint:<\/p>\n<p><em>&#8220;Von Beginn an hasste die Eurob\u00fcrokratie Trump, und Trump verachtete sie. Und sein Hauptziel ist es, die Beziehungen zu \u00fcberdenken, die aus dem stillschweigenden B\u00fcndnis seit dem Ende des Zweiten Weltkriegs entstanden sind.&#8221;<\/em><\/p>\n<p>Seiner Meinung nach zeuge die Politik der US-amerikanischen Regierung eindeutig davon, dass der Chef des Wei\u00dfen Hauses tats\u00e4chlich beabsichtigt, &#8220;einen rationaleren Handelskrieg zu f\u00fchren&#8221;. Der Analyst erkl\u00e4rt:<\/p>\n<p><em>&#8220;Es ist offensichtlich, dass wir heute in einer miteinander vernetzten Welt leben. Alle Volkswirtschaften sind, bildlich gesprochen, miteinander verbunden. Und wenn man einen bestimmten Bereich angreift, kann man damit auch sich selbst schaden und einen Bumerang-Effekt erzielen. Deshalb suchen (die USA) nach Wirtschaftssektoren, die sie angreifen k\u00f6nnen, ohne einen Bumerang-Effekt zu erreichen.&#8221;<\/em><\/p>\n<p>Blochin schlie\u00dft nicht aus, dass Trump w\u00e4hrend seiner gesamten Amtszeit weiterhin Druck auf Europa aus\u00fcben werde.<\/p>\n<p>In letzter Zeit nehmen die Spannungen zwischen der EU und den USA weiter zu: Die Europ\u00e4er sind ernsthaft besorgt \u00fcber die unterschiedlichen Positionen Washingtons und Br\u00fcssels zu einer Reihe von Problemen. Bei seiner Rede auf der Konferenz zum Wiederaufbau der Ukraine in dieser Woche richtete Bundeskanzler Friedrich Merz eine separate Botschaft an Donald Trump und Washington. Merz erkl\u00e4rte:<\/p>\n<p><em>&#8220;Bleiben Sie bei uns und bei den Europ\u00e4ern. Wir sind auf einer Wellenl\u00e4nge und streben nach einer stabilen politischen Ordnung in dieser Welt.&#8221;<\/em><\/p>\n<p>Er forderte Trump auf, &#8220;auf der Seite der gemeinsamen Geschichte&#8221; mit der EU zu bleiben.<\/p>\n<p>Westliche Medien berichten unterdessen, dass die europ\u00e4ischen Hauptst\u00e4dte aufgrund der j\u00fcngsten politischen Wendungen der US-Regierung in Bezug auf die Ukraine unter Schock st\u00fcnden und sich fragen w\u00fcrden, wer im Pentagon eigentlich das Sagen hat.<\/p>\n<p><strong>Mehr zum Thema<\/strong> \u2013\u00a0<a rel=\"nofollow noopener\" target=\"_blank\" href=\"https:\/\/freedert.online\/international\/video\/250347-habe-zwei-botschaften-merz-appelliert-putin-trump\/\">&#8220;Habe zwei Botschaften&#8221; \u2013 Merz appelliert an Putin und Trump<\/a><\/p>\n<div class=\"EmbedBlock-root EmbedBlock-externalVideo EmbedBlock-rumble\">\n<div class=\"VkEmbed\"><iframe class=\"lazyload\" data-src=\"https:\/\/rumble.com\/embed\/v6typio\" frameborder=\"0\" width=\"853\" height=\"480\" allowfullscreen><\/iframe><\/div>\n<\/div>\n<\/div>\n<p><br \/>\n<br \/><a href=\"https:\/\/de.rt.com\/wirtschaft\/250640-rationaler-handelskrieg-was-bringen-trumps\/\">Source link <\/a><\/p>\n","protected":false},"excerpt":{"rendered":"<p>US-Pr\u00e4sident Donald Trump hat angek\u00fcndigt, ab dem 1. August Z\u00f6lle in H\u00f6he von 30 Prozent auf Importe aus Mexiko und der EU zu erheben. Dabei drohte er mit einer weiteren Erh\u00f6hung, sollten diese L\u00e4nder Gegenma\u00dfnahmen ergreifen. Von Anastasija Stepanowa und Polina Poletajewa Waren, die aus L\u00e4ndern der Europ\u00e4ischen Union und Mexiko in die USA importiert [&hellip;]<\/p>\n","protected":false},"author":3,"featured_media":87183,"comment_status":"open","ping_status":"open","sticky":false,"template":"","format":"standard","meta":{"_yoast_indexnow_last_ping":["1752514769"],"wp_automatic_camp":["217"],"408b6f30a280a2893cc546d05801113f":["&quot;Rationaler Handelskrieg&quot;: Was bringen Trumps 30-prozentige Z\u00f6lle auf Waren aus der EU und Mexiko?"],"original_link":["https:\/\/de.rt.com\/wirtschaft\/250640-rationaler-handelskrieg-was-bringen-trumps\/"],"_thumbnail_id":["87183"],"jnews_social_counter_last_update":["1777371865"],"_wptgpro_p2tg_sent2tg":["a:1:{i:23737;s:19:\"2025-07-14 19:40:30\";}"]},"categories":[19,23],"tags":[66357,133,679,16610,82,66356,543,66355,317,140,6518,21429],"yoast_head":"<!-- This site is optimized with the Yoast SEO Premium plugin v22.7 (Yoast SEO v22.7) - https:\/\/yoast.com\/wordpress\/plugins\/seo\/ -->\n<title>&quot;Rationaler Handelskrieg&quot;: Was bringen Trumps 30-prozentige Z\u00f6lle auf Waren aus der EU und Mexiko? - just-now.NEWS Deutschland<\/title>\n<meta name=\"robots\" content=\"index, follow, max-snippet:-1, max-image-preview:large, max-video-preview:-1\" \/>\n<link rel=\"canonical\" href=\"https:\/\/now-news.de\/de\/deutschland\/rationaler-handelskrieg-was-bringen-trumps-30-prozentige-zoelle-auf-waren-aus-der-eu-und-mexiko\/\" \/>\n<meta property=\"og:locale\" content=\"de_DE\" \/>\n<meta property=\"og:type\" content=\"article\" \/>\n<meta property=\"og:title\" content=\"&quot;Rationaler Handelskrieg&quot;: Was bringen Trumps 30-prozentige Z\u00f6lle auf Waren aus der EU und Mexiko?\" \/>\n<meta property=\"og:description\" content=\"US-Pr\u00e4sident Donald Trump hat angek\u00fcndigt, ab dem 1. August Z\u00f6lle in H\u00f6he von 30 Prozent auf Importe aus Mexiko und der EU zu erheben. Dabei drohte er mit einer weiteren Erh\u00f6hung, sollten diese L\u00e4nder Gegenma\u00dfnahmen ergreifen. Von Anastasija Stepanowa und Polina Poletajewa Waren, die aus L\u00e4ndern der Europ\u00e4ischen Union und Mexiko in die USA importiert [&hellip;]\" \/>\n<meta property=\"og:url\" content=\"https:\/\/now-news.de\/de\/deutschland\/rationaler-handelskrieg-was-bringen-trumps-30-prozentige-zoelle-auf-waren-aus-der-eu-und-mexiko\/\" \/>\n<meta property=\"og:site_name\" content=\"just-now.NEWS Deutschland\" \/>\n<meta property=\"article:publisher\" content=\"https:\/\/www.facebook.com\/wirmachenauf\" \/>\n<meta property=\"article:published_time\" content=\"2025-07-14T17:29:32+00:00\" \/>\n<meta property=\"og:image\" content=\"https:\/\/now-news.de\/de\/wp-content\/uploads\/sites\/3\/2025\/07\/6874ed9b48fbef388473e1d4.png\" \/>\n<meta name=\"author\" content=\"rtnews\" \/>\n<meta name=\"twitter:card\" content=\"summary_large_image\" \/>\n<meta name=\"twitter:creator\" content=\"@WirMachenAuf_de\" \/>\n<meta name=\"twitter:site\" content=\"@WirMachenAuf_de\" \/>\n<meta name=\"twitter:label1\" content=\"Verfasst von\" \/>\n\t<meta name=\"twitter:data1\" content=\"rtnews\" \/>\n\t<meta name=\"twitter:label2\" content=\"Gesch\u00e4tzte Lesezeit\" \/>\n\t<meta name=\"twitter:data2\" content=\"5\u00a0Minuten\" \/>\n<script type=\"application\/ld+json\" class=\"yoast-schema-graph\">{\"@context\":\"https:\/\/schema.org\",\"@graph\":[{\"@type\":\"Article\",\"@id\":\"https:\/\/now-news.de\/de\/deutschland\/rationaler-handelskrieg-was-bringen-trumps-30-prozentige-zoelle-auf-waren-aus-der-eu-und-mexiko\/#article\",\"isPartOf\":{\"@id\":\"https:\/\/now-news.de\/de\/deutschland\/rationaler-handelskrieg-was-bringen-trumps-30-prozentige-zoelle-auf-waren-aus-der-eu-und-mexiko\/\"},\"author\":{\"name\":\"rtnews\",\"@id\":\"https:\/\/now-news.de\/de\/#\/schema\/person\/fb534a4e865501d8b3285208df34a9b5\"},\"headline\":\"&quot;Rationaler Handelskrieg&quot;: Was bringen Trumps 30-prozentige Z\u00f6lle auf Waren aus der EU und Mexiko?\",\"datePublished\":\"2025-07-14T17:29:32+00:00\",\"dateModified\":\"2025-07-14T17:29:32+00:00\",\"mainEntityOfPage\":{\"@id\":\"https:\/\/now-news.de\/de\/deutschland\/rationaler-handelskrieg-was-bringen-trumps-30-prozentige-zoelle-auf-waren-aus-der-eu-und-mexiko\/\"},\"wordCount\":1095,\"commentCount\":0,\"publisher\":{\"@id\":\"https:\/\/now-news.de\/de\/#organization\"},\"image\":{\"@id\":\"https:\/\/now-news.de\/de\/deutschland\/rationaler-handelskrieg-was-bringen-trumps-30-prozentige-zoelle-auf-waren-aus-der-eu-und-mexiko\/#primaryimage\"},\"thumbnailUrl\":\"https:\/\/now-news.de\/de\/wp-content\/uploads\/sites\/3\/2025\/07\/quotRationaler-Handelskriegquot-Was-bringen-Trumps-30-prozentige-Zoelle-auf-Waren-aus.png\",\"keywords\":[\"30prozentige\",\"AUF\",\"aus\",\"bringen\",\"der\",\"Handelskriegquot\",\"Mexiko\",\"quotRationaler\",\"Trumps\",\"und\",\"waren\",\"Z\u00f6lle\"],\"articleSection\":[\"Deutschland\",\"Russland\"],\"inLanguage\":\"de\",\"potentialAction\":[{\"@type\":\"CommentAction\",\"name\":\"Comment\",\"target\":[\"https:\/\/now-news.de\/de\/deutschland\/rationaler-handelskrieg-was-bringen-trumps-30-prozentige-zoelle-auf-waren-aus-der-eu-und-mexiko\/#respond\"]}]},{\"@type\":\"WebPage\",\"@id\":\"https:\/\/now-news.de\/de\/deutschland\/rationaler-handelskrieg-was-bringen-trumps-30-prozentige-zoelle-auf-waren-aus-der-eu-und-mexiko\/\",\"url\":\"https:\/\/now-news.de\/de\/deutschland\/rationaler-handelskrieg-was-bringen-trumps-30-prozentige-zoelle-auf-waren-aus-der-eu-und-mexiko\/\",\"name\":\"&quot;Rationaler Handelskrieg&quot;: Was bringen Trumps 30-prozentige Z\u00f6lle auf Waren aus der EU und Mexiko? - just-now.NEWS Deutschland\",\"isPartOf\":{\"@id\":\"https:\/\/now-news.de\/de\/#website\"},\"primaryImageOfPage\":{\"@id\":\"https:\/\/now-news.de\/de\/deutschland\/rationaler-handelskrieg-was-bringen-trumps-30-prozentige-zoelle-auf-waren-aus-der-eu-und-mexiko\/#primaryimage\"},\"image\":{\"@id\":\"https:\/\/now-news.de\/de\/deutschland\/rationaler-handelskrieg-was-bringen-trumps-30-prozentige-zoelle-auf-waren-aus-der-eu-und-mexiko\/#primaryimage\"},\"thumbnailUrl\":\"https:\/\/now-news.de\/de\/wp-content\/uploads\/sites\/3\/2025\/07\/quotRationaler-Handelskriegquot-Was-bringen-Trumps-30-prozentige-Zoelle-auf-Waren-aus.png\",\"datePublished\":\"2025-07-14T17:29:32+00:00\",\"dateModified\":\"2025-07-14T17:29:32+00:00\",\"breadcrumb\":{\"@id\":\"https:\/\/now-news.de\/de\/deutschland\/rationaler-handelskrieg-was-bringen-trumps-30-prozentige-zoelle-auf-waren-aus-der-eu-und-mexiko\/#breadcrumb\"},\"inLanguage\":\"de\",\"potentialAction\":[{\"@type\":\"ReadAction\",\"target\":[\"https:\/\/now-news.de\/de\/deutschland\/rationaler-handelskrieg-was-bringen-trumps-30-prozentige-zoelle-auf-waren-aus-der-eu-und-mexiko\/\"]}]},{\"@type\":\"ImageObject\",\"inLanguage\":\"de\",\"@id\":\"https:\/\/now-news.de\/de\/deutschland\/rationaler-handelskrieg-was-bringen-trumps-30-prozentige-zoelle-auf-waren-aus-der-eu-und-mexiko\/#primaryimage\",\"url\":\"https:\/\/now-news.de\/de\/wp-content\/uploads\/sites\/3\/2025\/07\/quotRationaler-Handelskriegquot-Was-bringen-Trumps-30-prozentige-Zoelle-auf-Waren-aus.png\",\"contentUrl\":\"https:\/\/now-news.de\/de\/wp-content\/uploads\/sites\/3\/2025\/07\/quotRationaler-Handelskriegquot-Was-bringen-Trumps-30-prozentige-Zoelle-auf-Waren-aus.png\",\"width\":460,\"height\":259,\"caption\":\"&quot;Rationaler Handelskrieg&quot;: Was bringen Trumps 30-prozentige Z\u00f6lle auf Waren aus der EU und Mexiko?\"},{\"@type\":\"BreadcrumbList\",\"@id\":\"https:\/\/now-news.de\/de\/deutschland\/rationaler-handelskrieg-was-bringen-trumps-30-prozentige-zoelle-auf-waren-aus-der-eu-und-mexiko\/#breadcrumb\",\"itemListElement\":[{\"@type\":\"ListItem\",\"position\":1,\"name\":\"Home\",\"item\":\"https:\/\/now-news.de\/de\/\"},{\"@type\":\"ListItem\",\"position\":2,\"name\":\"&quot;Rationaler Handelskrieg&quot;: Was bringen Trumps 30-prozentige Z\u00f6lle auf Waren aus der EU und Mexiko?\"}]},{\"@type\":\"WebSite\",\"@id\":\"https:\/\/now-news.de\/de\/#website\",\"url\":\"https:\/\/now-news.de\/de\/\",\"name\":\"just-now.NEWS Deutschland\",\"description\":\"Das Portal f\u00fcr unzensierte Nachrichten aus der Welt\",\"publisher\":{\"@id\":\"https:\/\/now-news.de\/de\/#organization\"},\"potentialAction\":[{\"@type\":\"SearchAction\",\"target\":{\"@type\":\"EntryPoint\",\"urlTemplate\":\"https:\/\/now-news.de\/de\/?s={search_term_string}\"},\"query-input\":\"required name=search_term_string\"}],\"inLanguage\":\"de\"},{\"@type\":\"Organization\",\"@id\":\"https:\/\/now-news.de\/de\/#organization\",\"name\":\"Just Now News\",\"url\":\"https:\/\/now-news.de\/de\/\",\"logo\":{\"@type\":\"ImageObject\",\"inLanguage\":\"de\",\"@id\":\"https:\/\/now-news.de\/de\/#\/schema\/logo\/image\/\",\"url\":\"http:\/\/just-now.news\/de\/wp-content\/uploads\/sites\/3\/2022\/04\/logo500x500.jpg\",\"contentUrl\":\"http:\/\/just-now.news\/de\/wp-content\/uploads\/sites\/3\/2022\/04\/logo500x500.jpg\",\"width\":500,\"height\":500,\"caption\":\"Just Now News\"},\"image\":{\"@id\":\"https:\/\/now-news.de\/de\/#\/schema\/logo\/image\/\"},\"sameAs\":[\"https:\/\/www.facebook.com\/wirmachenauf\",\"https:\/\/x.com\/WirMachenAuf_de\"]},{\"@type\":\"Person\",\"@id\":\"https:\/\/now-news.de\/de\/#\/schema\/person\/fb534a4e865501d8b3285208df34a9b5\",\"name\":\"rtnews\",\"image\":{\"@type\":\"ImageObject\",\"inLanguage\":\"de\",\"@id\":\"https:\/\/now-news.de\/de\/#\/schema\/person\/image\/\",\"url\":\"https:\/\/secure.gravatar.com\/avatar\/82aafea7d8127119dd649515f56e2117?s=96&d=mm&r=g\",\"contentUrl\":\"https:\/\/secure.gravatar.com\/avatar\/82aafea7d8127119dd649515f56e2117?s=96&d=mm&r=g\",\"caption\":\"rtnews\"},\"url\":\"https:\/\/now-news.de\/de\/author\/rnews\/\"}]}<\/script>\n<!-- \/ Yoast SEO Premium plugin. -->","yoast_head_json":{"title":"&quot;Rationaler Handelskrieg&quot;: Was bringen Trumps 30-prozentige Z\u00f6lle auf Waren aus der EU und Mexiko? - just-now.NEWS Deutschland","robots":{"index":"index","follow":"follow","max-snippet":"max-snippet:-1","max-image-preview":"max-image-preview:large","max-video-preview":"max-video-preview:-1"},"canonical":"https:\/\/now-news.de\/de\/deutschland\/rationaler-handelskrieg-was-bringen-trumps-30-prozentige-zoelle-auf-waren-aus-der-eu-und-mexiko\/","og_locale":"de_DE","og_type":"article","og_title":"&quot;Rationaler Handelskrieg&quot;: Was bringen Trumps 30-prozentige Z\u00f6lle auf Waren aus der EU und Mexiko?","og_description":"US-Pr\u00e4sident Donald Trump hat angek\u00fcndigt, ab dem 1. August Z\u00f6lle in H\u00f6he von 30 Prozent auf Importe aus Mexiko und der EU zu erheben. Dabei drohte er mit einer weiteren Erh\u00f6hung, sollten diese L\u00e4nder Gegenma\u00dfnahmen ergreifen. Von Anastasija Stepanowa und Polina Poletajewa Waren, die aus L\u00e4ndern der Europ\u00e4ischen Union und Mexiko in die USA importiert [&hellip;]","og_url":"https:\/\/now-news.de\/de\/deutschland\/rationaler-handelskrieg-was-bringen-trumps-30-prozentige-zoelle-auf-waren-aus-der-eu-und-mexiko\/","og_site_name":"just-now.NEWS Deutschland","article_publisher":"https:\/\/www.facebook.com\/wirmachenauf","article_published_time":"2025-07-14T17:29:32+00:00","og_image":[{"url":"https:\/\/now-news.de\/de\/wp-content\/uploads\/sites\/3\/2025\/07\/6874ed9b48fbef388473e1d4.png"}],"author":"rtnews","twitter_card":"summary_large_image","twitter_creator":"@WirMachenAuf_de","twitter_site":"@WirMachenAuf_de","twitter_misc":{"Verfasst von":"rtnews","Gesch\u00e4tzte Lesezeit":"5\u00a0Minuten"},"schema":{"@context":"https:\/\/schema.org","@graph":[{"@type":"Article","@id":"https:\/\/now-news.de\/de\/deutschland\/rationaler-handelskrieg-was-bringen-trumps-30-prozentige-zoelle-auf-waren-aus-der-eu-und-mexiko\/#article","isPartOf":{"@id":"https:\/\/now-news.de\/de\/deutschland\/rationaler-handelskrieg-was-bringen-trumps-30-prozentige-zoelle-auf-waren-aus-der-eu-und-mexiko\/"},"author":{"name":"rtnews","@id":"https:\/\/now-news.de\/de\/#\/schema\/person\/fb534a4e865501d8b3285208df34a9b5"},"headline":"&quot;Rationaler Handelskrieg&quot;: Was bringen Trumps 30-prozentige Z\u00f6lle auf Waren aus der EU und Mexiko?","datePublished":"2025-07-14T17:29:32+00:00","dateModified":"2025-07-14T17:29:32+00:00","mainEntityOfPage":{"@id":"https:\/\/now-news.de\/de\/deutschland\/rationaler-handelskrieg-was-bringen-trumps-30-prozentige-zoelle-auf-waren-aus-der-eu-und-mexiko\/"},"wordCount":1095,"commentCount":0,"publisher":{"@id":"https:\/\/now-news.de\/de\/#organization"},"image":{"@id":"https:\/\/now-news.de\/de\/deutschland\/rationaler-handelskrieg-was-bringen-trumps-30-prozentige-zoelle-auf-waren-aus-der-eu-und-mexiko\/#primaryimage"},"thumbnailUrl":"https:\/\/now-news.de\/de\/wp-content\/uploads\/sites\/3\/2025\/07\/quotRationaler-Handelskriegquot-Was-bringen-Trumps-30-prozentige-Zoelle-auf-Waren-aus.png","keywords":["30prozentige","AUF","aus","bringen","der","Handelskriegquot","Mexiko","quotRationaler","Trumps","und","waren","Z\u00f6lle"],"articleSection":["Deutschland","Russland"],"inLanguage":"de","potentialAction":[{"@type":"CommentAction","name":"Comment","target":["https:\/\/now-news.de\/de\/deutschland\/rationaler-handelskrieg-was-bringen-trumps-30-prozentige-zoelle-auf-waren-aus-der-eu-und-mexiko\/#respond"]}]},{"@type":"WebPage","@id":"https:\/\/now-news.de\/de\/deutschland\/rationaler-handelskrieg-was-bringen-trumps-30-prozentige-zoelle-auf-waren-aus-der-eu-und-mexiko\/","url":"https:\/\/now-news.de\/de\/deutschland\/rationaler-handelskrieg-was-bringen-trumps-30-prozentige-zoelle-auf-waren-aus-der-eu-und-mexiko\/","name":"&quot;Rationaler Handelskrieg&quot;: Was bringen Trumps 30-prozentige Z\u00f6lle auf Waren aus der EU und Mexiko? - just-now.NEWS Deutschland","isPartOf":{"@id":"https:\/\/now-news.de\/de\/#website"},"primaryImageOfPage":{"@id":"https:\/\/now-news.de\/de\/deutschland\/rationaler-handelskrieg-was-bringen-trumps-30-prozentige-zoelle-auf-waren-aus-der-eu-und-mexiko\/#primaryimage"},"image":{"@id":"https:\/\/now-news.de\/de\/deutschland\/rationaler-handelskrieg-was-bringen-trumps-30-prozentige-zoelle-auf-waren-aus-der-eu-und-mexiko\/#primaryimage"},"thumbnailUrl":"https:\/\/now-news.de\/de\/wp-content\/uploads\/sites\/3\/2025\/07\/quotRationaler-Handelskriegquot-Was-bringen-Trumps-30-prozentige-Zoelle-auf-Waren-aus.png","datePublished":"2025-07-14T17:29:32+00:00","dateModified":"2025-07-14T17:29:32+00:00","breadcrumb":{"@id":"https:\/\/now-news.de\/de\/deutschland\/rationaler-handelskrieg-was-bringen-trumps-30-prozentige-zoelle-auf-waren-aus-der-eu-und-mexiko\/#breadcrumb"},"inLanguage":"de","potentialAction":[{"@type":"ReadAction","target":["https:\/\/now-news.de\/de\/deutschland\/rationaler-handelskrieg-was-bringen-trumps-30-prozentige-zoelle-auf-waren-aus-der-eu-und-mexiko\/"]}]},{"@type":"ImageObject","inLanguage":"de","@id":"https:\/\/now-news.de\/de\/deutschland\/rationaler-handelskrieg-was-bringen-trumps-30-prozentige-zoelle-auf-waren-aus-der-eu-und-mexiko\/#primaryimage","url":"https:\/\/now-news.de\/de\/wp-content\/uploads\/sites\/3\/2025\/07\/quotRationaler-Handelskriegquot-Was-bringen-Trumps-30-prozentige-Zoelle-auf-Waren-aus.png","contentUrl":"https:\/\/now-news.de\/de\/wp-content\/uploads\/sites\/3\/2025\/07\/quotRationaler-Handelskriegquot-Was-bringen-Trumps-30-prozentige-Zoelle-auf-Waren-aus.png","width":460,"height":259,"caption":"&quot;Rationaler Handelskrieg&quot;: Was bringen Trumps 30-prozentige Z\u00f6lle auf Waren aus der EU und Mexiko?"},{"@type":"BreadcrumbList","@id":"https:\/\/now-news.de\/de\/deutschland\/rationaler-handelskrieg-was-bringen-trumps-30-prozentige-zoelle-auf-waren-aus-der-eu-und-mexiko\/#breadcrumb","itemListElement":[{"@type":"ListItem","position":1,"name":"Home","item":"https:\/\/now-news.de\/de\/"},{"@type":"ListItem","position":2,"name":"&quot;Rationaler Handelskrieg&quot;: Was bringen Trumps 30-prozentige Z\u00f6lle auf Waren aus der EU und Mexiko?"}]},{"@type":"WebSite","@id":"https:\/\/now-news.de\/de\/#website","url":"https:\/\/now-news.de\/de\/","name":"just-now.NEWS Deutschland","description":"Das Portal f\u00fcr unzensierte Nachrichten aus der Welt","publisher":{"@id":"https:\/\/now-news.de\/de\/#organization"},"potentialAction":[{"@type":"SearchAction","target":{"@type":"EntryPoint","urlTemplate":"https:\/\/now-news.de\/de\/?s={search_term_string}"},"query-input":"required name=search_term_string"}],"inLanguage":"de"},{"@type":"Organization","@id":"https:\/\/now-news.de\/de\/#organization","name":"Just Now News","url":"https:\/\/now-news.de\/de\/","logo":{"@type":"ImageObject","inLanguage":"de","@id":"https:\/\/now-news.de\/de\/#\/schema\/logo\/image\/","url":"http:\/\/just-now.news\/de\/wp-content\/uploads\/sites\/3\/2022\/04\/logo500x500.jpg","contentUrl":"http:\/\/just-now.news\/de\/wp-content\/uploads\/sites\/3\/2022\/04\/logo500x500.jpg","width":500,"height":500,"caption":"Just Now News"},"image":{"@id":"https:\/\/now-news.de\/de\/#\/schema\/logo\/image\/"},"sameAs":["https:\/\/www.facebook.com\/wirmachenauf","https:\/\/x.com\/WirMachenAuf_de"]},{"@type":"Person","@id":"https:\/\/now-news.de\/de\/#\/schema\/person\/fb534a4e865501d8b3285208df34a9b5","name":"rtnews","image":{"@type":"ImageObject","inLanguage":"de","@id":"https:\/\/now-news.de\/de\/#\/schema\/person\/image\/","url":"https:\/\/secure.gravatar.com\/avatar\/82aafea7d8127119dd649515f56e2117?s=96&d=mm&r=g","contentUrl":"https:\/\/secure.gravatar.com\/avatar\/82aafea7d8127119dd649515f56e2117?s=96&d=mm&r=g","caption":"rtnews"},"url":"https:\/\/now-news.de\/de\/author\/rnews\/"}]}},"_links":{"self":[{"href":"https:\/\/now-news.de\/de\/wp-json\/wp\/v2\/posts\/87182"}],"collection":[{"href":"https:\/\/now-news.de\/de\/wp-json\/wp\/v2\/posts"}],"about":[{"href":"https:\/\/now-news.de\/de\/wp-json\/wp\/v2\/types\/post"}],"author":[{"embeddable":true,"href":"https:\/\/now-news.de\/de\/wp-json\/wp\/v2\/users\/3"}],"replies":[{"embeddable":true,"href":"https:\/\/now-news.de\/de\/wp-json\/wp\/v2\/comments?post=87182"}],"version-history":[{"count":0,"href":"https:\/\/now-news.de\/de\/wp-json\/wp\/v2\/posts\/87182\/revisions"}],"wp:featuredmedia":[{"embeddable":true,"href":"https:\/\/now-news.de\/de\/wp-json\/wp\/v2\/media\/87183"}],"wp:attachment":[{"href":"https:\/\/now-news.de\/de\/wp-json\/wp\/v2\/media?parent=87182"}],"wp:term":[{"taxonomy":"category","embeddable":true,"href":"https:\/\/now-news.de\/de\/wp-json\/wp\/v2\/categories?post=87182"},{"taxonomy":"post_tag","embeddable":true,"href":"https:\/\/now-news.de\/de\/wp-json\/wp\/v2\/tags?post=87182"}],"curies":[{"name":"wp","href":"https:\/\/api.w.org\/{rel}","templated":true}]}}