{"id":87157,"date":"2025-07-14T14:39:43","date_gmt":"2025-07-14T12:39:43","guid":{"rendered":"https:\/\/now-news.de\/de\/deutschland\/bundespraesident-steinmeier-fordert-allgemeine-wehrpflicht-im-krieg-braucht-man-mehr-soldaten\/"},"modified":"2025-07-14T14:39:43","modified_gmt":"2025-07-14T12:39:43","slug":"bundespraesident-steinmeier-fordert-allgemeine-wehrpflicht-im-krieg-braucht-man-mehr-soldaten","status":"publish","type":"post","link":"https:\/\/now-news.de\/de\/deutschland\/bundespraesident-steinmeier-fordert-allgemeine-wehrpflicht-im-krieg-braucht-man-mehr-soldaten\/","title":{"rendered":"Bundespr\u00e4sident Steinmeier fordert allgemeine Wehrpflicht \u2013 Im Krieg braucht man mehr Soldaten"},"content":{"rendered":"<p><img decoding=\"async\" src=\"https:\/\/now-news.de\/de\/wp-content\/uploads\/sites\/3\/2025\/07\/6874c59ab480cc5bc01478ea.jpg\" \/><\/p>\n<div class=\"Text-root Text-type_1 \">\n                Deutschland m\u00fcsse sich angesichts zunehmender Bedrohungen in Europa besser sch\u00fctzen, erkl\u00e4rte Steinmeier. Daf\u00fcr br\u00e4uchten wir jetzt eine f\u00fcr junge Menschen attraktive Bundeswehr. Im August ber\u00e4t das Kabinett \u00fcber die Wiedereinf\u00fchrung der Wehrpflicht ab dem Jahr 2026, die auch Frauen einschlie\u00dft.\n            <\/div>\n<p><\/p>\n<div class=\"Text-root Text-type_5 ArticleView-text ViewText-root \">\n<p>Bundespr\u00e4sident Frank-Walter Steinmeier forderte eine bundesweite Debatte \u00fcber die Wiedereinf\u00fchrung der Wehrpflicht. Angesichts zunehmender Sicherheitsbedrohungen in Europa m\u00fcsse Berlin seine Streitkr\u00e4fte st\u00e4rken.<\/p>\n<p>Die Wehrpflicht wurde in Deutschland im Jahr 2011 ausgesetzt. Der rechtliche Rahmen f\u00fcr die Wehrpflicht ist demzufolge inaktiv, kann aber mit einer einfachen parlamentarischen Mehrheit reaktiviert werden. F\u00fcr eine R\u00fcckkehr in vollem Umfang, die zudem auch Frauen einschlie\u00dft, w\u00e4re jedoch eine \u00c4nderung der Verfassung erforderlich.<\/p>\n<p>Im\u00a0<a rel=\"nofollow noopener\" target=\"_blank\" href=\"https:\/\/www.zdfheute.de\/video\/berlin-direkt\/sommerinterview-steinmeier-wehrpflicht-100.html\">ZDF-Sommerinterview<\/a> sagte Steinmeier am Sonntag, er sei f\u00fcr die Wiedereinf\u00fchrung der Wehrpflicht. Deutschland m\u00fcsse sich darauf vorbereiten, dass die freiwillige Einberufung den Personalbedarf der Armee nicht decken werde. Aufgrund der ver\u00e4nderten Sicherheitslage in Europa m\u00fcsse Deutschland sich nun besser sch\u00fctzen. Anders gesagt, es f\u00e4nde ein Krieg statt und daf\u00fcr br\u00e4uchte Deutschland mehr Soldaten. Steinmeier erkl\u00e4rte: &#8220;Ich bin ein Vertreter der Wehrpflicht, weil ich glaube, dass mit der ver\u00e4nderten Sicherheitslage in Europa, mit der Tatsache, dass ein Krieg stattfindet, und mit den Schlussfolgerungen, die wir daraus gezogen haben, um uns besser zu sch\u00fctzen, auch die personelle Ausstattung der Bundeswehr angepasst werden muss.&#8221;<\/p>\n<p><strong>Wir brauchen eine f\u00fcr junge Menschen attraktive Bundeswehr<\/strong>\u00a0<\/p>\n<p>Er schlie\u00dfe sich der Aussage von Verteidigungsminister Boris Pistorius an. Dieser habe festgestellt, dass wir jetzt eine attraktive Bundeswehr br\u00e4uchten, die auch junge Menschen anziehe. Au\u00dferdem unterst\u00fctzte er Pistorius Vorschlag, die Truppenst\u00e4rke zu erh\u00f6hen und ein Reserveheer zu schaffen. Der Plan zielt auf etwa 5.000 freiwillige Rekruten pro Jahr ab, die bis zum Jahr 2029 auf 30.000 ansteigen sollen.<\/p>\n<p>Im August wird das Kabinett \u00fcber einen Gesetzesentwurf beraten, der Anfang des Jahres 2026 in Kraft treten k\u00f6nnte. Demnach soll die Wehrpflicht automatisch wieder eingef\u00fchrt werden, wenn sich nicht gen\u00fcgend Freiwillige melden. Gegen\u00fcber dem <em>ZDF<\/em> erl\u00e4uterte Steinmeier eine andere Form der Wehrpflicht, die dann auch Frauen betr\u00e4fe: &#8220;Wir brauchen diese Debatte jetzt, am besten mit einem positiven Ergebnis, damit wir, wenn es nicht gen\u00fcgend Freiwillige gibt, wahrscheinlich zu einer anderen Form der Wehrpflicht zur\u00fcckkehren als der, die wir bereits abgeschafft haben.&#8221;<\/p>\n<p>Seit der Eskalation des Ukraine-Konflikts im Februar 2022 arbeitet Deutschland an einer St\u00e4rkung seiner Streitkr\u00e4fte und begr\u00fcndet dies mit der von Russland ausgehenden Sicherheitsbedrohung. Moskau hat Behauptungen, es plane einen Angriff auf NATO-Staaten, als &#8220;Unsinn&#8221; zur\u00fcckgewiesen. Es wirft den westlichen Staats- und Regierungschefs vor, ihre B\u00fcrger absichtlich zu beunruhigen, um h\u00f6here Verteidigungshaushalte zu rechtfertigen.<\/p>\n<p><strong>Mehr zum Thema<\/strong>\u00a0\u2013\u00a0<a rel=\"nofollow noopener\" target=\"_blank\" href=\"https:\/\/dert.online\/inland\/250080-medienbericht-tritt-wehrpflicht-ab-2026\/\">Medienbericht: Tritt Wehrpflicht ab 2026 in Kraft? <\/a><\/p>\n<div class=\"EmbedBlock-root EmbedBlock-externalVideo EmbedBlock-rumble\">\n<div class=\"VkEmbed\"><iframe class=\"lazyload\" data-src=\"https:\/\/rumble.com\/embed\/v6tx6yw\" frameborder=\"0\" width=\"853\" height=\"480\" allowfullscreen><\/iframe><\/div>\n<\/div>\n<\/div>\n<p><br \/>\n<br \/><a href=\"https:\/\/de.rt.com\/inland\/250618-bundespraesident-steinmeier-fordert-allgemeine-wehrpflicht\/\">Source link <\/a><\/p>\n","protected":false},"excerpt":{"rendered":"<p>Deutschland m\u00fcsse sich angesichts zunehmender Bedrohungen in Europa besser sch\u00fctzen, erkl\u00e4rte Steinmeier. Daf\u00fcr br\u00e4uchten wir jetzt eine f\u00fcr junge Menschen attraktive Bundeswehr. Im August ber\u00e4t das Kabinett \u00fcber die Wiedereinf\u00fchrung der Wehrpflicht ab dem Jahr 2026, die auch Frauen einschlie\u00dft. Bundespr\u00e4sident Frank-Walter Steinmeier forderte eine bundesweite Debatte \u00fcber die Wiedereinf\u00fchrung der Wehrpflicht. Angesichts zunehmender Sicherheitsbedrohungen [&hellip;]<\/p>\n","protected":false},"author":3,"featured_media":87158,"comment_status":"open","ping_status":"open","sticky":false,"template":"","format":"standard","meta":{"_yoast_indexnow_last_ping":["1752497366"],"wp_automatic_camp":["217"],"9d576f34d225e619ea02838010326b8c":["Bundespr\u00e4sident Steinmeier fordert allgemeine Wehrpflicht \u2013 Im Krieg braucht man mehr Soldaten"],"original_link":["https:\/\/de.rt.com\/inland\/250618-bundespraesident-steinmeier-fordert-allgemeine-wehrpflicht\/"],"_thumbnail_id":["87158"],"jnews_social_counter_last_update":["1777617705"],"_wptgpro_p2tg_sent2tg":["a:1:{i:23737;s:19:\"2025-07-14 14:50:27\";}"]},"categories":[19,23],"tags":[42822,8879,29537,355,130,3676,2063,2333,1723,31451],"yoast_head":"<!-- This site is optimized with the Yoast SEO Premium plugin v22.7 (Yoast SEO v22.7) - https:\/\/yoast.com\/wordpress\/plugins\/seo\/ -->\n<title>Bundespr\u00e4sident Steinmeier fordert allgemeine Wehrpflicht \u2013 Im Krieg braucht man mehr Soldaten - just-now.NEWS Deutschland<\/title>\n<meta name=\"robots\" content=\"index, follow, max-snippet:-1, max-image-preview:large, max-video-preview:-1\" \/>\n<link rel=\"canonical\" href=\"https:\/\/now-news.de\/de\/deutschland\/bundespraesident-steinmeier-fordert-allgemeine-wehrpflicht-im-krieg-braucht-man-mehr-soldaten\/\" \/>\n<meta property=\"og:locale\" content=\"de_DE\" \/>\n<meta property=\"og:type\" content=\"article\" \/>\n<meta property=\"og:title\" content=\"Bundespr\u00e4sident Steinmeier fordert allgemeine Wehrpflicht \u2013 Im Krieg braucht man mehr Soldaten\" \/>\n<meta property=\"og:description\" content=\"Deutschland m\u00fcsse sich angesichts zunehmender Bedrohungen in Europa besser sch\u00fctzen, erkl\u00e4rte Steinmeier. Daf\u00fcr br\u00e4uchten wir jetzt eine f\u00fcr junge Menschen attraktive Bundeswehr. Im August ber\u00e4t das Kabinett \u00fcber die Wiedereinf\u00fchrung der Wehrpflicht ab dem Jahr 2026, die auch Frauen einschlie\u00dft. Bundespr\u00e4sident Frank-Walter Steinmeier forderte eine bundesweite Debatte \u00fcber die Wiedereinf\u00fchrung der Wehrpflicht. Angesichts zunehmender Sicherheitsbedrohungen [&hellip;]\" \/>\n<meta property=\"og:url\" content=\"https:\/\/now-news.de\/de\/deutschland\/bundespraesident-steinmeier-fordert-allgemeine-wehrpflicht-im-krieg-braucht-man-mehr-soldaten\/\" \/>\n<meta property=\"og:site_name\" content=\"just-now.NEWS Deutschland\" \/>\n<meta property=\"article:publisher\" content=\"https:\/\/www.facebook.com\/wirmachenauf\" \/>\n<meta property=\"article:published_time\" content=\"2025-07-14T12:39:43+00:00\" \/>\n<meta property=\"og:image\" content=\"https:\/\/now-news.de\/de\/wp-content\/uploads\/sites\/3\/2025\/07\/6874c59ab480cc5bc01478ea.jpg\" \/>\n<meta name=\"author\" content=\"rtnews\" \/>\n<meta name=\"twitter:card\" content=\"summary_large_image\" \/>\n<meta name=\"twitter:creator\" content=\"@WirMachenAuf_de\" \/>\n<meta name=\"twitter:site\" content=\"@WirMachenAuf_de\" \/>\n<meta name=\"twitter:label1\" content=\"Verfasst von\" \/>\n\t<meta name=\"twitter:data1\" content=\"rtnews\" \/>\n\t<meta name=\"twitter:label2\" content=\"Gesch\u00e4tzte Lesezeit\" \/>\n\t<meta name=\"twitter:data2\" content=\"2\u00a0Minuten\" \/>\n<script type=\"application\/ld+json\" class=\"yoast-schema-graph\">{\"@context\":\"https:\/\/schema.org\",\"@graph\":[{\"@type\":\"Article\",\"@id\":\"https:\/\/now-news.de\/de\/deutschland\/bundespraesident-steinmeier-fordert-allgemeine-wehrpflicht-im-krieg-braucht-man-mehr-soldaten\/#article\",\"isPartOf\":{\"@id\":\"https:\/\/now-news.de\/de\/deutschland\/bundespraesident-steinmeier-fordert-allgemeine-wehrpflicht-im-krieg-braucht-man-mehr-soldaten\/\"},\"author\":{\"name\":\"rtnews\",\"@id\":\"https:\/\/now-news.de\/de\/#\/schema\/person\/fb534a4e865501d8b3285208df34a9b5\"},\"headline\":\"Bundespr\u00e4sident Steinmeier fordert allgemeine Wehrpflicht \u2013 Im Krieg braucht man mehr Soldaten\",\"datePublished\":\"2025-07-14T12:39:43+00:00\",\"dateModified\":\"2025-07-14T12:39:43+00:00\",\"mainEntityOfPage\":{\"@id\":\"https:\/\/now-news.de\/de\/deutschland\/bundespraesident-steinmeier-fordert-allgemeine-wehrpflicht-im-krieg-braucht-man-mehr-soldaten\/\"},\"wordCount\":480,\"commentCount\":0,\"publisher\":{\"@id\":\"https:\/\/now-news.de\/de\/#organization\"},\"image\":{\"@id\":\"https:\/\/now-news.de\/de\/deutschland\/bundespraesident-steinmeier-fordert-allgemeine-wehrpflicht-im-krieg-braucht-man-mehr-soldaten\/#primaryimage\"},\"thumbnailUrl\":\"https:\/\/now-news.de\/de\/wp-content\/uploads\/sites\/3\/2025\/07\/Bundespraesident-Steinmeier-fordert-allgemeine-Wehrpflicht-\u2013-Im-Krieg-braucht-man.jpg\",\"keywords\":[\"allgemeine\",\"braucht\",\"Bundespr\u00e4sident\",\"fordert\",\"krieg\",\"Man\",\"mehr\",\"Soldaten\",\"Steinmeier\",\"Wehrpflicht\"],\"articleSection\":[\"Deutschland\",\"Russland\"],\"inLanguage\":\"de\",\"potentialAction\":[{\"@type\":\"CommentAction\",\"name\":\"Comment\",\"target\":[\"https:\/\/now-news.de\/de\/deutschland\/bundespraesident-steinmeier-fordert-allgemeine-wehrpflicht-im-krieg-braucht-man-mehr-soldaten\/#respond\"]}]},{\"@type\":\"WebPage\",\"@id\":\"https:\/\/now-news.de\/de\/deutschland\/bundespraesident-steinmeier-fordert-allgemeine-wehrpflicht-im-krieg-braucht-man-mehr-soldaten\/\",\"url\":\"https:\/\/now-news.de\/de\/deutschland\/bundespraesident-steinmeier-fordert-allgemeine-wehrpflicht-im-krieg-braucht-man-mehr-soldaten\/\",\"name\":\"Bundespr\u00e4sident Steinmeier fordert allgemeine Wehrpflicht \u2013 Im Krieg braucht man mehr Soldaten - just-now.NEWS Deutschland\",\"isPartOf\":{\"@id\":\"https:\/\/now-news.de\/de\/#website\"},\"primaryImageOfPage\":{\"@id\":\"https:\/\/now-news.de\/de\/deutschland\/bundespraesident-steinmeier-fordert-allgemeine-wehrpflicht-im-krieg-braucht-man-mehr-soldaten\/#primaryimage\"},\"image\":{\"@id\":\"https:\/\/now-news.de\/de\/deutschland\/bundespraesident-steinmeier-fordert-allgemeine-wehrpflicht-im-krieg-braucht-man-mehr-soldaten\/#primaryimage\"},\"thumbnailUrl\":\"https:\/\/now-news.de\/de\/wp-content\/uploads\/sites\/3\/2025\/07\/Bundespraesident-Steinmeier-fordert-allgemeine-Wehrpflicht-\u2013-Im-Krieg-braucht-man.jpg\",\"datePublished\":\"2025-07-14T12:39:43+00:00\",\"dateModified\":\"2025-07-14T12:39:43+00:00\",\"breadcrumb\":{\"@id\":\"https:\/\/now-news.de\/de\/deutschland\/bundespraesident-steinmeier-fordert-allgemeine-wehrpflicht-im-krieg-braucht-man-mehr-soldaten\/#breadcrumb\"},\"inLanguage\":\"de\",\"potentialAction\":[{\"@type\":\"ReadAction\",\"target\":[\"https:\/\/now-news.de\/de\/deutschland\/bundespraesident-steinmeier-fordert-allgemeine-wehrpflicht-im-krieg-braucht-man-mehr-soldaten\/\"]}]},{\"@type\":\"ImageObject\",\"inLanguage\":\"de\",\"@id\":\"https:\/\/now-news.de\/de\/deutschland\/bundespraesident-steinmeier-fordert-allgemeine-wehrpflicht-im-krieg-braucht-man-mehr-soldaten\/#primaryimage\",\"url\":\"https:\/\/now-news.de\/de\/wp-content\/uploads\/sites\/3\/2025\/07\/Bundespraesident-Steinmeier-fordert-allgemeine-Wehrpflicht-\u2013-Im-Krieg-braucht-man.jpg\",\"contentUrl\":\"https:\/\/now-news.de\/de\/wp-content\/uploads\/sites\/3\/2025\/07\/Bundespraesident-Steinmeier-fordert-allgemeine-Wehrpflicht-\u2013-Im-Krieg-braucht-man.jpg\",\"width\":460,\"height\":259,\"caption\":\"Bundespr\u00e4sident Steinmeier fordert allgemeine Wehrpflicht \u2013 Im Krieg braucht man mehr Soldaten\"},{\"@type\":\"BreadcrumbList\",\"@id\":\"https:\/\/now-news.de\/de\/deutschland\/bundespraesident-steinmeier-fordert-allgemeine-wehrpflicht-im-krieg-braucht-man-mehr-soldaten\/#breadcrumb\",\"itemListElement\":[{\"@type\":\"ListItem\",\"position\":1,\"name\":\"Home\",\"item\":\"https:\/\/now-news.de\/de\/\"},{\"@type\":\"ListItem\",\"position\":2,\"name\":\"Bundespr\u00e4sident Steinmeier fordert allgemeine Wehrpflicht \u2013 Im Krieg braucht man mehr Soldaten\"}]},{\"@type\":\"WebSite\",\"@id\":\"https:\/\/now-news.de\/de\/#website\",\"url\":\"https:\/\/now-news.de\/de\/\",\"name\":\"just-now.NEWS Deutschland\",\"description\":\"Das Portal f\u00fcr unzensierte Nachrichten aus der Welt\",\"publisher\":{\"@id\":\"https:\/\/now-news.de\/de\/#organization\"},\"potentialAction\":[{\"@type\":\"SearchAction\",\"target\":{\"@type\":\"EntryPoint\",\"urlTemplate\":\"https:\/\/now-news.de\/de\/?s={search_term_string}\"},\"query-input\":\"required name=search_term_string\"}],\"inLanguage\":\"de\"},{\"@type\":\"Organization\",\"@id\":\"https:\/\/now-news.de\/de\/#organization\",\"name\":\"Just Now News\",\"url\":\"https:\/\/now-news.de\/de\/\",\"logo\":{\"@type\":\"ImageObject\",\"inLanguage\":\"de\",\"@id\":\"https:\/\/now-news.de\/de\/#\/schema\/logo\/image\/\",\"url\":\"http:\/\/just-now.news\/de\/wp-content\/uploads\/sites\/3\/2022\/04\/logo500x500.jpg\",\"contentUrl\":\"http:\/\/just-now.news\/de\/wp-content\/uploads\/sites\/3\/2022\/04\/logo500x500.jpg\",\"width\":500,\"height\":500,\"caption\":\"Just Now News\"},\"image\":{\"@id\":\"https:\/\/now-news.de\/de\/#\/schema\/logo\/image\/\"},\"sameAs\":[\"https:\/\/www.facebook.com\/wirmachenauf\",\"https:\/\/x.com\/WirMachenAuf_de\"]},{\"@type\":\"Person\",\"@id\":\"https:\/\/now-news.de\/de\/#\/schema\/person\/fb534a4e865501d8b3285208df34a9b5\",\"name\":\"rtnews\",\"image\":{\"@type\":\"ImageObject\",\"inLanguage\":\"de\",\"@id\":\"https:\/\/now-news.de\/de\/#\/schema\/person\/image\/\",\"url\":\"https:\/\/secure.gravatar.com\/avatar\/82aafea7d8127119dd649515f56e2117?s=96&d=mm&r=g\",\"contentUrl\":\"https:\/\/secure.gravatar.com\/avatar\/82aafea7d8127119dd649515f56e2117?s=96&d=mm&r=g\",\"caption\":\"rtnews\"},\"url\":\"https:\/\/now-news.de\/de\/author\/rnews\/\"}]}<\/script>\n<!-- \/ Yoast SEO Premium plugin. -->","yoast_head_json":{"title":"Bundespr\u00e4sident Steinmeier fordert allgemeine Wehrpflicht \u2013 Im Krieg braucht man mehr Soldaten - just-now.NEWS Deutschland","robots":{"index":"index","follow":"follow","max-snippet":"max-snippet:-1","max-image-preview":"max-image-preview:large","max-video-preview":"max-video-preview:-1"},"canonical":"https:\/\/now-news.de\/de\/deutschland\/bundespraesident-steinmeier-fordert-allgemeine-wehrpflicht-im-krieg-braucht-man-mehr-soldaten\/","og_locale":"de_DE","og_type":"article","og_title":"Bundespr\u00e4sident Steinmeier fordert allgemeine Wehrpflicht \u2013 Im Krieg braucht man mehr Soldaten","og_description":"Deutschland m\u00fcsse sich angesichts zunehmender Bedrohungen in Europa besser sch\u00fctzen, erkl\u00e4rte Steinmeier. Daf\u00fcr br\u00e4uchten wir jetzt eine f\u00fcr junge Menschen attraktive Bundeswehr. Im August ber\u00e4t das Kabinett \u00fcber die Wiedereinf\u00fchrung der Wehrpflicht ab dem Jahr 2026, die auch Frauen einschlie\u00dft. Bundespr\u00e4sident Frank-Walter Steinmeier forderte eine bundesweite Debatte \u00fcber die Wiedereinf\u00fchrung der Wehrpflicht. Angesichts zunehmender Sicherheitsbedrohungen [&hellip;]","og_url":"https:\/\/now-news.de\/de\/deutschland\/bundespraesident-steinmeier-fordert-allgemeine-wehrpflicht-im-krieg-braucht-man-mehr-soldaten\/","og_site_name":"just-now.NEWS Deutschland","article_publisher":"https:\/\/www.facebook.com\/wirmachenauf","article_published_time":"2025-07-14T12:39:43+00:00","og_image":[{"url":"https:\/\/now-news.de\/de\/wp-content\/uploads\/sites\/3\/2025\/07\/6874c59ab480cc5bc01478ea.jpg"}],"author":"rtnews","twitter_card":"summary_large_image","twitter_creator":"@WirMachenAuf_de","twitter_site":"@WirMachenAuf_de","twitter_misc":{"Verfasst von":"rtnews","Gesch\u00e4tzte Lesezeit":"2\u00a0Minuten"},"schema":{"@context":"https:\/\/schema.org","@graph":[{"@type":"Article","@id":"https:\/\/now-news.de\/de\/deutschland\/bundespraesident-steinmeier-fordert-allgemeine-wehrpflicht-im-krieg-braucht-man-mehr-soldaten\/#article","isPartOf":{"@id":"https:\/\/now-news.de\/de\/deutschland\/bundespraesident-steinmeier-fordert-allgemeine-wehrpflicht-im-krieg-braucht-man-mehr-soldaten\/"},"author":{"name":"rtnews","@id":"https:\/\/now-news.de\/de\/#\/schema\/person\/fb534a4e865501d8b3285208df34a9b5"},"headline":"Bundespr\u00e4sident Steinmeier fordert allgemeine Wehrpflicht \u2013 Im Krieg braucht man mehr Soldaten","datePublished":"2025-07-14T12:39:43+00:00","dateModified":"2025-07-14T12:39:43+00:00","mainEntityOfPage":{"@id":"https:\/\/now-news.de\/de\/deutschland\/bundespraesident-steinmeier-fordert-allgemeine-wehrpflicht-im-krieg-braucht-man-mehr-soldaten\/"},"wordCount":480,"commentCount":0,"publisher":{"@id":"https:\/\/now-news.de\/de\/#organization"},"image":{"@id":"https:\/\/now-news.de\/de\/deutschland\/bundespraesident-steinmeier-fordert-allgemeine-wehrpflicht-im-krieg-braucht-man-mehr-soldaten\/#primaryimage"},"thumbnailUrl":"https:\/\/now-news.de\/de\/wp-content\/uploads\/sites\/3\/2025\/07\/Bundespraesident-Steinmeier-fordert-allgemeine-Wehrpflicht-\u2013-Im-Krieg-braucht-man.jpg","keywords":["allgemeine","braucht","Bundespr\u00e4sident","fordert","krieg","Man","mehr","Soldaten","Steinmeier","Wehrpflicht"],"articleSection":["Deutschland","Russland"],"inLanguage":"de","potentialAction":[{"@type":"CommentAction","name":"Comment","target":["https:\/\/now-news.de\/de\/deutschland\/bundespraesident-steinmeier-fordert-allgemeine-wehrpflicht-im-krieg-braucht-man-mehr-soldaten\/#respond"]}]},{"@type":"WebPage","@id":"https:\/\/now-news.de\/de\/deutschland\/bundespraesident-steinmeier-fordert-allgemeine-wehrpflicht-im-krieg-braucht-man-mehr-soldaten\/","url":"https:\/\/now-news.de\/de\/deutschland\/bundespraesident-steinmeier-fordert-allgemeine-wehrpflicht-im-krieg-braucht-man-mehr-soldaten\/","name":"Bundespr\u00e4sident Steinmeier fordert allgemeine Wehrpflicht \u2013 Im Krieg braucht man mehr Soldaten - just-now.NEWS Deutschland","isPartOf":{"@id":"https:\/\/now-news.de\/de\/#website"},"primaryImageOfPage":{"@id":"https:\/\/now-news.de\/de\/deutschland\/bundespraesident-steinmeier-fordert-allgemeine-wehrpflicht-im-krieg-braucht-man-mehr-soldaten\/#primaryimage"},"image":{"@id":"https:\/\/now-news.de\/de\/deutschland\/bundespraesident-steinmeier-fordert-allgemeine-wehrpflicht-im-krieg-braucht-man-mehr-soldaten\/#primaryimage"},"thumbnailUrl":"https:\/\/now-news.de\/de\/wp-content\/uploads\/sites\/3\/2025\/07\/Bundespraesident-Steinmeier-fordert-allgemeine-Wehrpflicht-\u2013-Im-Krieg-braucht-man.jpg","datePublished":"2025-07-14T12:39:43+00:00","dateModified":"2025-07-14T12:39:43+00:00","breadcrumb":{"@id":"https:\/\/now-news.de\/de\/deutschland\/bundespraesident-steinmeier-fordert-allgemeine-wehrpflicht-im-krieg-braucht-man-mehr-soldaten\/#breadcrumb"},"inLanguage":"de","potentialAction":[{"@type":"ReadAction","target":["https:\/\/now-news.de\/de\/deutschland\/bundespraesident-steinmeier-fordert-allgemeine-wehrpflicht-im-krieg-braucht-man-mehr-soldaten\/"]}]},{"@type":"ImageObject","inLanguage":"de","@id":"https:\/\/now-news.de\/de\/deutschland\/bundespraesident-steinmeier-fordert-allgemeine-wehrpflicht-im-krieg-braucht-man-mehr-soldaten\/#primaryimage","url":"https:\/\/now-news.de\/de\/wp-content\/uploads\/sites\/3\/2025\/07\/Bundespraesident-Steinmeier-fordert-allgemeine-Wehrpflicht-\u2013-Im-Krieg-braucht-man.jpg","contentUrl":"https:\/\/now-news.de\/de\/wp-content\/uploads\/sites\/3\/2025\/07\/Bundespraesident-Steinmeier-fordert-allgemeine-Wehrpflicht-\u2013-Im-Krieg-braucht-man.jpg","width":460,"height":259,"caption":"Bundespr\u00e4sident Steinmeier fordert allgemeine Wehrpflicht \u2013 Im Krieg braucht man mehr Soldaten"},{"@type":"BreadcrumbList","@id":"https:\/\/now-news.de\/de\/deutschland\/bundespraesident-steinmeier-fordert-allgemeine-wehrpflicht-im-krieg-braucht-man-mehr-soldaten\/#breadcrumb","itemListElement":[{"@type":"ListItem","position":1,"name":"Home","item":"https:\/\/now-news.de\/de\/"},{"@type":"ListItem","position":2,"name":"Bundespr\u00e4sident Steinmeier fordert allgemeine Wehrpflicht \u2013 Im Krieg braucht man mehr Soldaten"}]},{"@type":"WebSite","@id":"https:\/\/now-news.de\/de\/#website","url":"https:\/\/now-news.de\/de\/","name":"just-now.NEWS Deutschland","description":"Das Portal f\u00fcr unzensierte Nachrichten aus der Welt","publisher":{"@id":"https:\/\/now-news.de\/de\/#organization"},"potentialAction":[{"@type":"SearchAction","target":{"@type":"EntryPoint","urlTemplate":"https:\/\/now-news.de\/de\/?s={search_term_string}"},"query-input":"required name=search_term_string"}],"inLanguage":"de"},{"@type":"Organization","@id":"https:\/\/now-news.de\/de\/#organization","name":"Just Now News","url":"https:\/\/now-news.de\/de\/","logo":{"@type":"ImageObject","inLanguage":"de","@id":"https:\/\/now-news.de\/de\/#\/schema\/logo\/image\/","url":"http:\/\/just-now.news\/de\/wp-content\/uploads\/sites\/3\/2022\/04\/logo500x500.jpg","contentUrl":"http:\/\/just-now.news\/de\/wp-content\/uploads\/sites\/3\/2022\/04\/logo500x500.jpg","width":500,"height":500,"caption":"Just Now News"},"image":{"@id":"https:\/\/now-news.de\/de\/#\/schema\/logo\/image\/"},"sameAs":["https:\/\/www.facebook.com\/wirmachenauf","https:\/\/x.com\/WirMachenAuf_de"]},{"@type":"Person","@id":"https:\/\/now-news.de\/de\/#\/schema\/person\/fb534a4e865501d8b3285208df34a9b5","name":"rtnews","image":{"@type":"ImageObject","inLanguage":"de","@id":"https:\/\/now-news.de\/de\/#\/schema\/person\/image\/","url":"https:\/\/secure.gravatar.com\/avatar\/82aafea7d8127119dd649515f56e2117?s=96&d=mm&r=g","contentUrl":"https:\/\/secure.gravatar.com\/avatar\/82aafea7d8127119dd649515f56e2117?s=96&d=mm&r=g","caption":"rtnews"},"url":"https:\/\/now-news.de\/de\/author\/rnews\/"}]}},"_links":{"self":[{"href":"https:\/\/now-news.de\/de\/wp-json\/wp\/v2\/posts\/87157"}],"collection":[{"href":"https:\/\/now-news.de\/de\/wp-json\/wp\/v2\/posts"}],"about":[{"href":"https:\/\/now-news.de\/de\/wp-json\/wp\/v2\/types\/post"}],"author":[{"embeddable":true,"href":"https:\/\/now-news.de\/de\/wp-json\/wp\/v2\/users\/3"}],"replies":[{"embeddable":true,"href":"https:\/\/now-news.de\/de\/wp-json\/wp\/v2\/comments?post=87157"}],"version-history":[{"count":0,"href":"https:\/\/now-news.de\/de\/wp-json\/wp\/v2\/posts\/87157\/revisions"}],"wp:featuredmedia":[{"embeddable":true,"href":"https:\/\/now-news.de\/de\/wp-json\/wp\/v2\/media\/87158"}],"wp:attachment":[{"href":"https:\/\/now-news.de\/de\/wp-json\/wp\/v2\/media?parent=87157"}],"wp:term":[{"taxonomy":"category","embeddable":true,"href":"https:\/\/now-news.de\/de\/wp-json\/wp\/v2\/categories?post=87157"},{"taxonomy":"post_tag","embeddable":true,"href":"https:\/\/now-news.de\/de\/wp-json\/wp\/v2\/tags?post=87157"}],"curies":[{"name":"wp","href":"https:\/\/api.w.org\/{rel}","templated":true}]}}