{"id":87123,"date":"2025-07-13T20:08:57","date_gmt":"2025-07-13T18:08:57","guid":{"rendered":"https:\/\/now-news.de\/de\/deutschland\/ungewissheit-um-die-ukraine-versetzt-europa-in-aufregung\/"},"modified":"2025-07-13T20:08:57","modified_gmt":"2025-07-13T18:08:57","slug":"ungewissheit-um-die-ukraine-versetzt-europa-in-aufregung","status":"publish","type":"post","link":"https:\/\/now-news.de\/de\/deutschland\/ungewissheit-um-die-ukraine-versetzt-europa-in-aufregung\/","title":{"rendered":"Ungewissheit um die Ukraine versetzt Europa in Aufregung"},"content":{"rendered":"<p><img decoding=\"async\" src=\"https:\/\/now-news.de\/de\/wp-content\/uploads\/sites\/3\/2025\/07\/68738be5b480cc1f692a791f.jpg\" \/><\/p>\n<div class=\"Text-root Text-type_1 \">\n                Polens Pr\u00e4sident Andrzej Duda hat den wichtigsten Kanal f\u00fcr Waffenlieferungen an die Ukraine geschlossen. Estlands Au\u00dfenministerium hat versprochen, ein neues Paket antirussischer EU-Sanktionen zu blockieren. Haben diese L\u00e4nder ihre eigene Politik auf den Kopf gestellt?\n            <\/div>\n<p><\/p>\n<div class=\"Text-root Text-type_5 ArticleView-text ViewText-root \">\n<p><em>Von Dmitri Bawyrin<\/em><strong><\/strong><\/p>\n<blockquote>\n<p><em>&#8220;Es\u00a0geh\u00f6rt\u00a0nicht ihnen.\u00a0Es\u00a0geh\u00f6rt uns.\u00a0Und wenn jemandem etwas nicht passt, dann machen wir den Flughafen dicht und sagen\u00a0auf Wiedersehen. Wir haben dann eben Renovierungsarbeiten&#8221;,<\/em><strong><\/strong><\/p>\n<\/blockquote>\n<p>verk\u00fcndete der polnische Pr\u00e4sident Andrzej Duda und bezog sich dabei auf den Flughafen in Jasionka bei Rzesz\u00f3w. Einigen Quellen zufolge werden bis zu 95 Prozent der Milit\u00e4rhilfe, die die NATO-L\u00e4nder an die Ukraine schickt, \u00fcber diesen Flughafen abgewickelt.<strong><\/strong><\/p>\n<p>Der Grund f\u00fcr diese drastischen Ma\u00dfnahmen ist, dass polnische Vertreter nicht zu einigen &#8220;sehr wichtigen internationalen Veranstaltungen&#8221; eingeladen wurden, bei denen Waffenlieferungen \u00fcber polnisches Territorium diskutiert wurden. W\u00e4hrend des Gespr\u00e4chs mit den polnischen konservativen Medien\u00a0<em>Otwarta Konserwa<\/em>,\u00a0<em>Klub Jagiello\u0144ski<\/em>\u00a0und\u00a0<em>Nowy \u0141ad<\/em><em>\u00a0<\/em>brach Duda ab:<strong><\/strong><\/p>\n<blockquote>\n<p><em>&#8220;Ich halte das f\u00fcr einen Skandal.&#8221;<\/em><strong><\/strong><\/p>\n<\/blockquote>\n<p>Damit Polens Stimme geh\u00f6rt wird, sind die Polen bereit, die ukrainischen Streitkr\u00e4fte auf Hungerkuren zu setzen und damit das Ende der Feindseligkeiten in der Ukraine n\u00e4her zu r\u00fccken, da diese h\u00f6chstwahrscheinlich aufgrund der Ersch\u00f6pfung der ukrainischen Armee enden werden.<strong><\/strong><\/p>\n<p>Das ist wirklich erstaunlich, wenn man bedenkt, wie sehr man Russland in Warschau hasst (Pr\u00e4sident Duda pers\u00f6nlich hasst es sehr) und wie sehr man Kiew w\u00e4hrend des Konflikts zujubelte. Aber die estnischen Beh\u00f6rden\u00a0\u2013 ein Land, das noch hasserf\u00fcllter ist als Polen \u2013 \u00fcberraschten noch mehr, als sie versprachen, das neue, bereits 18. Paket von Sanktionen gegen Russland zu blockieren.<strong><\/strong><\/p>\n<p>Estlands Au\u00dfenminister Margus Tsahkna schockierte die \u00d6ffentlichkeit mit dieser Nachricht am Vorabend eines Treffens mit seinen EU-Kollegen, bei dem sie versuchen werden, die Restriktionen noch einmal zu billigen.<strong><\/strong><\/p>\n<p>W\u00fcrden Warschau und Tallinn in der gegenw\u00e4rtigen Konfrontation f\u00fcr uns spielen, wie zu Zeiten der UdSSR, der Warschauer Vertragsorganisation und des RGW (Rat f\u00fcr gegenseitige Wirtschaftshilfe), w\u00fcrde Russland fast gewinnen, denn die Zukunft der Ukraine h\u00e4ngt entscheidend von europ\u00e4ischen Lieferungen und Sanktionen ab. Aber sie sind kategorisch gegen uns, und ihre Beh\u00f6rden sind etwa zur H\u00e4lfte verr\u00fcckt geworden: Dudas Handlungen sind mehr oder weniger nachvollziehbar, aber Tsahknas \u2013 er ist wirklich wahnsinnig.<strong><\/strong><\/p>\n<p>Streng genommen steckt hinter den Worten des polnischen Pr\u00e4sidenten \u00fcberhaupt keine Handlung. Es war eine Art Humor \u2013 eine Beschreibung einer hypothetischen Situation, die einige Journalisten w\u00f6rtlich auslegten. Niemand h\u00e4tte zugelassen, dass Duda, diese &#8220;lahme Ente&#8221;, den Flughafen schlie\u00dft: Es bleibt weniger als ein Monat bis zum Wechsel des Pr\u00e4sidenten in Polen.<strong><\/strong><\/p>\n<p>Hinzu kommt, dass Karol Nawrocki, der das Land im August f\u00fchren wird, Dudas ideologischer Verb\u00fcndeter, ein klerikaler Nationalist. Und es ist das Nationalgef\u00fchl, das in Duda spricht. Das nennt man Hybris.<strong><\/strong><\/p>\n<p>Die Polen versuchen, die Aufmerksamkeit des Westens auf sich zu ziehen, weil sie denken, dass sie sie verdienen. Ihre Wirtschaft ist nach heutigen europ\u00e4ischen Ma\u00dfst\u00e4ben vorbildlich, sie geben viel f\u00fcr die Landesverteidigung aus und haben nach Meinung einiger unabh\u00e4ngiger Experten die kampfst\u00e4rkste Armee in der EU.<strong><\/strong><\/p>\n<p>Doch Duda, Nawrocki, ihre Partei &#8220;Recht und Gerechtigkeit&#8221; und ihr &#8220;grauer Kardinal&#8221; Jaros\u0142aw Kaczy\u0144ski werden in Br\u00fcssel mit einer distanzierten und negativen Haltung betrachtet \u2013 als Obskurantisten und Euroskeptiker. Sie ziehen es vor, mit Warschau \u00fcber Premierminister Donald Tusk zusammenzuarbeiten, der ebenfalls schwierig ist (schlie\u00dflich ist er Pole), aber ein Mann der Europ\u00e4ischen Kommission.<strong><\/strong><\/p>\n<p>Au\u00dferdem wehren sich die Granden der EU \u2013 Frankreich und Deutschland \u2013 gegen den Aufstieg Polens an die Spitze. So ist es zu Drohungen gekommen:<\/p>\n<blockquote>\n<p><em>&#8220;Wenn Sie dem Gentleman nicht die Hand k\u00fcssen, wie Sie es sollten, werden wir die Ukraine zu einer milit\u00e4rischen Niederlage verurteilen, da die einzige Sorge des Westens darin besteht, dass sie nicht verliert.&#8221;<\/em><strong><\/strong><\/p>\n<\/blockquote>\n<p>Es ist bezeichnend und wichtig, dass es die Ukraine ist, die Gegenstand von Verhandlungen und polnischen Drohungen ist; dies ist eine Bewegung in die richtige Richtung. Noch im letzten Jahr war die Ukraine in Europa etwas Heiliges, und ihr in irgendeiner Weise zu helfen, wurde als ehrenvolle Pflicht angesehen. Aber nach dem Machtwechsel in den Vereinigten Staaten wird die Politik neu organisiert.<strong><\/strong><\/p>\n<p>Wenn Donald Trump finanziell von dem Konflikt profitieren will, indem er Waffen an Kiew verkauft und ukrainische Seltenerdmetalle entwickelt, warum sollten die Polen dann schlechter sein? So ungef\u00e4hr denkt man in Warschau, wenn es um den scheidenden oder neuen Pr\u00e4sidenten geht.<strong><\/strong><\/p>\n<p>Nawrocki ist in dieser Hinsicht noch vielversprechender \u2013 frech und unausstehlich. Mit seinen Kapriolen wird er den Br\u00fcsseler B\u00fcrokraten und Wladimir Selenskij pers\u00f6nlich zweifellos viele unangenehme Momente bescheren. Fr\u00fcher haben sie den Staub aus der Ukraine geblasen, aber jetzt versucht jeder, der mutig ist, ein St\u00fcck zu ergattern und seinen eigenen Profit zu machen.<strong><\/strong><\/p>\n<p>Was die estnische F\u00fchrung betrifft, so ist sie nicht nur mutig \u2013 sie ist verr\u00fcckt, und daran besteht schon lange kein Zweifel mehr. Und Leute wie Margus Tsahkna sind in ihrer Verr\u00fccktheit einfach gef\u00e4hrlich.<strong><\/strong><\/p>\n<p>Diese Person ist in Russland aufgrund ihrer Mittelm\u00e4\u00dfigkeit kaum bekannt. Er ist das \u00fcbliche Produkt negativer Farmauslese: Fr\u00fcher war er Nationalist, jetzt ist er Liberaler, immer ein Russenhasser und Anh\u00e4nger der &#8220;Reformpartei&#8221;, die in Estland die Partei der Macht, der Elite und der Partei von Kaja Kallas ist.<strong><\/strong><\/p>\n<p>Unter ihr, als Premierministerin, wurde Tsahkna Chef des Au\u00dfenministeriums und hat dieses Amt immer noch inne. Er ist genauso klug und charmant wie seine ehemalige Chefin (etwa auf dem Niveau eines baltischen Herings), aber intelligenter, weshalb er nicht ber\u00fchmt wurde. W\u00e4hrend die \u00c4u\u00dferungen von Kallas sofort ins Auge fallen (sie sind sogar skandal\u00f6s), ist Tsahkna h\u00f6flich, was den Eindruck t\u00f6tet, er sei aus einer Irrenanstalt entkommen.<strong><\/strong><\/p>\n<p>Diesmal versprach der Este, das 18. antirussische Sanktionspaket zu blockieren, wenn es nicht eine Senkung der sogenannten Obergrenze f\u00fcr den russischen \u00d6lpreis von 60 auf 45 Dollar pro Barrel vorsieht. Mit anderen Worten: Estland, mit weniger als 1,5 Millionen Einwohnern, glaubt, es k\u00f6nne die \u00d6lbeschaffungspolitik der 450 Millionen Einwohner z\u00e4hlenden Europ\u00e4ischen Union mit einem estnischen Gesicht bestimmen, und dieses Gesicht wird nicht zerbrechen.<strong><\/strong><\/p>\n<p>Aber das ist noch kein Wahnsinn, das ist nur die estnische Version von Hybris. Wahnsinnig sind Tsahknas Motive: Offenbar will er eine Seeblockade mit Russland spielen.<strong><\/strong><\/p>\n<p>Im Mai versuchten die Esten, in neutrale Gew\u00e4sser vorzudringen und einen Tanker zu entern, von dem sie annahmen, dass er nicht genehmigtes russisches \u00d6l transportierte. Um die Esten abzuk\u00fchlen, musste die russische Kampffliegerei in die Luft gehen. Die Esten zogen sich zur\u00fcck, aber seither wollen sie sich r\u00e4chen und suchen nach einem Vorwand, und die aktuellen \u00d6lpreise geben keinen Vorwand: Nach dem Ende des zw\u00f6lft\u00e4gigen israelischen Angriffs auf Iran sind sie merklich gesunken.<strong><\/strong><\/p>\n<p>Im Allgemeinen ist es nicht nur eine Frage des Egos und des Wunsches, in dem Moment, in dem die EU ihre &#8220;Obergrenze f\u00fcr russische \u00d6lpreise&#8221; senkt, zu sagen:<\/p>\n<blockquote>\n<p><em>&#8220;Das ist das Verdienst unserer Beharrlichkeit.&#8221;<\/em><strong><\/strong><\/p>\n<\/blockquote>\n<p>Die Europ\u00e4ische Union wird ihre erkl\u00e4rten Ziele ohnehin nicht erreichen und ihre eigene finanzielle Situation verschlechtern, aber die Tatsache, dass die Esten wieder somalische Piraten spielen werden, sollte traurig stimmen.<strong><\/strong><\/p>\n<p>Immerhin k\u00f6nnen sie das Spiel mitspielen. Je verr\u00fcckter die baltischen Projekte werden, desto wahrscheinlicher wird es, dass sie einen Krieg zwischen Russland und der NATO provozieren. Aus irgendeinem Grund sind sie beruhigt, wenn sie Panzerabwehr-Igel und Minenfelder entlang der russischen Grenze installieren, obwohl Raketen und Drohnen durch die Luft fliegen.<strong><\/strong><\/p>\n<p>Sie sollten vorsichtig sein.<strong><\/strong><\/p>\n<p><em>\u00dcbersetzt aus dem\u00a0<\/em><a rel=\"nofollow noopener\" target=\"_blank\" href=\"https:\/\/vz.ru\/politics\/2025\/7\/11\/1344582.html\"><em>Russischen<\/em><\/a><em>. Der Artikel ist zuerst am 11. Juli 2025 auf der Website der Zeitung Wsgljad erschienen.<\/em><strong><\/strong><\/p>\n<p><strong><em>Dmitri Bawyrin<\/em><\/strong><em>\u00a0ist Analyst bei der Zeitung Wsgljad.<\/em><\/p>\n<p><strong>Mehr zum Thema<\/strong>\u00a0\u2013 <a rel=\"nofollow noopener\" target=\"_blank\" href=\"https:\/\/freedert.online\/international\/250553-untergrundkaempfer-kiew-verweigert-familien-gefallener\/\">Untergrundk\u00e4mpfer: Kiew verweigert Familien gefallener Soldaten Entsch\u00e4digung<\/a><\/p>\n<\/div>\n<p><br \/>\n<br \/><a href=\"https:\/\/de.rt.com\/europa\/250559-ungewissheit-um-ukraine-versetzt-europa\/\">Source link <\/a><\/p>\n","protected":false},"excerpt":{"rendered":"<p>Polens Pr\u00e4sident Andrzej Duda hat den wichtigsten Kanal f\u00fcr Waffenlieferungen an die Ukraine geschlossen. Estlands Au\u00dfenministerium hat versprochen, ein neues Paket antirussischer EU-Sanktionen zu blockieren. Haben diese L\u00e4nder ihre eigene Politik auf den Kopf gestellt? Von Dmitri Bawyrin &#8220;Es\u00a0geh\u00f6rt\u00a0nicht ihnen.\u00a0Es\u00a0geh\u00f6rt uns.\u00a0Und wenn jemandem etwas nicht passt, dann machen wir den Flughafen dicht und sagen\u00a0auf Wiedersehen. [&hellip;]<\/p>\n","protected":false},"author":3,"featured_media":87124,"comment_status":"open","ping_status":"open","sticky":false,"template":"","format":"standard","meta":{"_yoast_indexnow_last_ping":["1752430813"],"wp_automatic_camp":["217"],"390105e651df8e34685c23415fdefcf0":["Ungewissheit um die Ukraine versetzt Europa in Aufregung"],"original_link":["https:\/\/de.rt.com\/europa\/250559-ungewissheit-um-ukraine-versetzt-europa\/"],"_thumbnail_id":["87124"],"jnews_social_counter_last_update":["1777590221"],"_wptgpro_p2tg_sent2tg":["a:1:{i:23737;s:19:\"2025-07-13 20:21:14\";}"]},"categories":[19,23],"tags":[18709,45,1370,127,64960,9171],"yoast_head":"<!-- This site is optimized with the Yoast SEO Premium plugin v22.7 (Yoast SEO v22.7) - https:\/\/yoast.com\/wordpress\/plugins\/seo\/ -->\n<title>Ungewissheit um die Ukraine versetzt Europa in Aufregung - just-now.NEWS Deutschland<\/title>\n<meta name=\"robots\" content=\"index, follow, max-snippet:-1, max-image-preview:large, max-video-preview:-1\" \/>\n<link rel=\"canonical\" href=\"https:\/\/now-news.de\/de\/deutschland\/ungewissheit-um-die-ukraine-versetzt-europa-in-aufregung\/\" \/>\n<meta property=\"og:locale\" content=\"de_DE\" \/>\n<meta property=\"og:type\" content=\"article\" \/>\n<meta property=\"og:title\" content=\"Ungewissheit um die Ukraine versetzt Europa in Aufregung\" \/>\n<meta property=\"og:description\" content=\"Polens Pr\u00e4sident Andrzej Duda hat den wichtigsten Kanal f\u00fcr Waffenlieferungen an die Ukraine geschlossen. Estlands Au\u00dfenministerium hat versprochen, ein neues Paket antirussischer EU-Sanktionen zu blockieren. Haben diese L\u00e4nder ihre eigene Politik auf den Kopf gestellt? Von Dmitri Bawyrin &#8220;Es\u00a0geh\u00f6rt\u00a0nicht ihnen.\u00a0Es\u00a0geh\u00f6rt uns.\u00a0Und wenn jemandem etwas nicht passt, dann machen wir den Flughafen dicht und sagen\u00a0auf Wiedersehen. [&hellip;]\" \/>\n<meta property=\"og:url\" content=\"https:\/\/now-news.de\/de\/deutschland\/ungewissheit-um-die-ukraine-versetzt-europa-in-aufregung\/\" \/>\n<meta property=\"og:site_name\" content=\"just-now.NEWS Deutschland\" \/>\n<meta property=\"article:publisher\" content=\"https:\/\/www.facebook.com\/wirmachenauf\" \/>\n<meta property=\"article:published_time\" content=\"2025-07-13T18:08:57+00:00\" \/>\n<meta property=\"og:image\" content=\"https:\/\/now-news.de\/de\/wp-content\/uploads\/sites\/3\/2025\/07\/68738be5b480cc1f692a791f.jpg\" \/>\n<meta name=\"author\" content=\"rtnews\" \/>\n<meta name=\"twitter:card\" content=\"summary_large_image\" \/>\n<meta name=\"twitter:creator\" content=\"@WirMachenAuf_de\" \/>\n<meta name=\"twitter:site\" content=\"@WirMachenAuf_de\" \/>\n<meta name=\"twitter:label1\" content=\"Verfasst von\" \/>\n\t<meta name=\"twitter:data1\" content=\"rtnews\" \/>\n\t<meta name=\"twitter:label2\" content=\"Gesch\u00e4tzte Lesezeit\" \/>\n\t<meta name=\"twitter:data2\" content=\"7\u00a0Minuten\" \/>\n<script type=\"application\/ld+json\" class=\"yoast-schema-graph\">{\"@context\":\"https:\/\/schema.org\",\"@graph\":[{\"@type\":\"Article\",\"@id\":\"https:\/\/now-news.de\/de\/deutschland\/ungewissheit-um-die-ukraine-versetzt-europa-in-aufregung\/#article\",\"isPartOf\":{\"@id\":\"https:\/\/now-news.de\/de\/deutschland\/ungewissheit-um-die-ukraine-versetzt-europa-in-aufregung\/\"},\"author\":{\"name\":\"rtnews\",\"@id\":\"https:\/\/now-news.de\/de\/#\/schema\/person\/fb534a4e865501d8b3285208df34a9b5\"},\"headline\":\"Ungewissheit um die Ukraine versetzt Europa in Aufregung\",\"datePublished\":\"2025-07-13T18:08:57+00:00\",\"dateModified\":\"2025-07-13T18:08:57+00:00\",\"mainEntityOfPage\":{\"@id\":\"https:\/\/now-news.de\/de\/deutschland\/ungewissheit-um-die-ukraine-versetzt-europa-in-aufregung\/\"},\"wordCount\":1309,\"commentCount\":0,\"publisher\":{\"@id\":\"https:\/\/now-news.de\/de\/#organization\"},\"image\":{\"@id\":\"https:\/\/now-news.de\/de\/deutschland\/ungewissheit-um-die-ukraine-versetzt-europa-in-aufregung\/#primaryimage\"},\"thumbnailUrl\":\"https:\/\/now-news.de\/de\/wp-content\/uploads\/sites\/3\/2025\/07\/Ungewissheit-um-die-Ukraine-versetzt-Europa-in-Aufregung.jpg\",\"keywords\":[\"Aufregung\",\"die\",\"Europa\",\"ukraine\",\"Ungewissheit\",\"versetzt\"],\"articleSection\":[\"Deutschland\",\"Russland\"],\"inLanguage\":\"de\",\"potentialAction\":[{\"@type\":\"CommentAction\",\"name\":\"Comment\",\"target\":[\"https:\/\/now-news.de\/de\/deutschland\/ungewissheit-um-die-ukraine-versetzt-europa-in-aufregung\/#respond\"]}]},{\"@type\":\"WebPage\",\"@id\":\"https:\/\/now-news.de\/de\/deutschland\/ungewissheit-um-die-ukraine-versetzt-europa-in-aufregung\/\",\"url\":\"https:\/\/now-news.de\/de\/deutschland\/ungewissheit-um-die-ukraine-versetzt-europa-in-aufregung\/\",\"name\":\"Ungewissheit um die Ukraine versetzt Europa in Aufregung - just-now.NEWS Deutschland\",\"isPartOf\":{\"@id\":\"https:\/\/now-news.de\/de\/#website\"},\"primaryImageOfPage\":{\"@id\":\"https:\/\/now-news.de\/de\/deutschland\/ungewissheit-um-die-ukraine-versetzt-europa-in-aufregung\/#primaryimage\"},\"image\":{\"@id\":\"https:\/\/now-news.de\/de\/deutschland\/ungewissheit-um-die-ukraine-versetzt-europa-in-aufregung\/#primaryimage\"},\"thumbnailUrl\":\"https:\/\/now-news.de\/de\/wp-content\/uploads\/sites\/3\/2025\/07\/Ungewissheit-um-die-Ukraine-versetzt-Europa-in-Aufregung.jpg\",\"datePublished\":\"2025-07-13T18:08:57+00:00\",\"dateModified\":\"2025-07-13T18:08:57+00:00\",\"breadcrumb\":{\"@id\":\"https:\/\/now-news.de\/de\/deutschland\/ungewissheit-um-die-ukraine-versetzt-europa-in-aufregung\/#breadcrumb\"},\"inLanguage\":\"de\",\"potentialAction\":[{\"@type\":\"ReadAction\",\"target\":[\"https:\/\/now-news.de\/de\/deutschland\/ungewissheit-um-die-ukraine-versetzt-europa-in-aufregung\/\"]}]},{\"@type\":\"ImageObject\",\"inLanguage\":\"de\",\"@id\":\"https:\/\/now-news.de\/de\/deutschland\/ungewissheit-um-die-ukraine-versetzt-europa-in-aufregung\/#primaryimage\",\"url\":\"https:\/\/now-news.de\/de\/wp-content\/uploads\/sites\/3\/2025\/07\/Ungewissheit-um-die-Ukraine-versetzt-Europa-in-Aufregung.jpg\",\"contentUrl\":\"https:\/\/now-news.de\/de\/wp-content\/uploads\/sites\/3\/2025\/07\/Ungewissheit-um-die-Ukraine-versetzt-Europa-in-Aufregung.jpg\",\"width\":460,\"height\":259,\"caption\":\"Ungewissheit um die Ukraine versetzt Europa in Aufregung\"},{\"@type\":\"BreadcrumbList\",\"@id\":\"https:\/\/now-news.de\/de\/deutschland\/ungewissheit-um-die-ukraine-versetzt-europa-in-aufregung\/#breadcrumb\",\"itemListElement\":[{\"@type\":\"ListItem\",\"position\":1,\"name\":\"Home\",\"item\":\"https:\/\/now-news.de\/de\/\"},{\"@type\":\"ListItem\",\"position\":2,\"name\":\"Ungewissheit um die Ukraine versetzt Europa in Aufregung\"}]},{\"@type\":\"WebSite\",\"@id\":\"https:\/\/now-news.de\/de\/#website\",\"url\":\"https:\/\/now-news.de\/de\/\",\"name\":\"just-now.NEWS Deutschland\",\"description\":\"Das Portal f\u00fcr unzensierte Nachrichten aus der Welt\",\"publisher\":{\"@id\":\"https:\/\/now-news.de\/de\/#organization\"},\"potentialAction\":[{\"@type\":\"SearchAction\",\"target\":{\"@type\":\"EntryPoint\",\"urlTemplate\":\"https:\/\/now-news.de\/de\/?s={search_term_string}\"},\"query-input\":\"required name=search_term_string\"}],\"inLanguage\":\"de\"},{\"@type\":\"Organization\",\"@id\":\"https:\/\/now-news.de\/de\/#organization\",\"name\":\"Just Now News\",\"url\":\"https:\/\/now-news.de\/de\/\",\"logo\":{\"@type\":\"ImageObject\",\"inLanguage\":\"de\",\"@id\":\"https:\/\/now-news.de\/de\/#\/schema\/logo\/image\/\",\"url\":\"http:\/\/just-now.news\/de\/wp-content\/uploads\/sites\/3\/2022\/04\/logo500x500.jpg\",\"contentUrl\":\"http:\/\/just-now.news\/de\/wp-content\/uploads\/sites\/3\/2022\/04\/logo500x500.jpg\",\"width\":500,\"height\":500,\"caption\":\"Just Now News\"},\"image\":{\"@id\":\"https:\/\/now-news.de\/de\/#\/schema\/logo\/image\/\"},\"sameAs\":[\"https:\/\/www.facebook.com\/wirmachenauf\",\"https:\/\/x.com\/WirMachenAuf_de\"]},{\"@type\":\"Person\",\"@id\":\"https:\/\/now-news.de\/de\/#\/schema\/person\/fb534a4e865501d8b3285208df34a9b5\",\"name\":\"rtnews\",\"image\":{\"@type\":\"ImageObject\",\"inLanguage\":\"de\",\"@id\":\"https:\/\/now-news.de\/de\/#\/schema\/person\/image\/\",\"url\":\"https:\/\/secure.gravatar.com\/avatar\/82aafea7d8127119dd649515f56e2117?s=96&d=mm&r=g\",\"contentUrl\":\"https:\/\/secure.gravatar.com\/avatar\/82aafea7d8127119dd649515f56e2117?s=96&d=mm&r=g\",\"caption\":\"rtnews\"},\"url\":\"https:\/\/now-news.de\/de\/author\/rnews\/\"}]}<\/script>\n<!-- \/ Yoast SEO Premium plugin. -->","yoast_head_json":{"title":"Ungewissheit um die Ukraine versetzt Europa in Aufregung - just-now.NEWS Deutschland","robots":{"index":"index","follow":"follow","max-snippet":"max-snippet:-1","max-image-preview":"max-image-preview:large","max-video-preview":"max-video-preview:-1"},"canonical":"https:\/\/now-news.de\/de\/deutschland\/ungewissheit-um-die-ukraine-versetzt-europa-in-aufregung\/","og_locale":"de_DE","og_type":"article","og_title":"Ungewissheit um die Ukraine versetzt Europa in Aufregung","og_description":"Polens Pr\u00e4sident Andrzej Duda hat den wichtigsten Kanal f\u00fcr Waffenlieferungen an die Ukraine geschlossen. Estlands Au\u00dfenministerium hat versprochen, ein neues Paket antirussischer EU-Sanktionen zu blockieren. Haben diese L\u00e4nder ihre eigene Politik auf den Kopf gestellt? Von Dmitri Bawyrin &#8220;Es\u00a0geh\u00f6rt\u00a0nicht ihnen.\u00a0Es\u00a0geh\u00f6rt uns.\u00a0Und wenn jemandem etwas nicht passt, dann machen wir den Flughafen dicht und sagen\u00a0auf Wiedersehen. [&hellip;]","og_url":"https:\/\/now-news.de\/de\/deutschland\/ungewissheit-um-die-ukraine-versetzt-europa-in-aufregung\/","og_site_name":"just-now.NEWS Deutschland","article_publisher":"https:\/\/www.facebook.com\/wirmachenauf","article_published_time":"2025-07-13T18:08:57+00:00","og_image":[{"url":"https:\/\/now-news.de\/de\/wp-content\/uploads\/sites\/3\/2025\/07\/68738be5b480cc1f692a791f.jpg"}],"author":"rtnews","twitter_card":"summary_large_image","twitter_creator":"@WirMachenAuf_de","twitter_site":"@WirMachenAuf_de","twitter_misc":{"Verfasst von":"rtnews","Gesch\u00e4tzte Lesezeit":"7\u00a0Minuten"},"schema":{"@context":"https:\/\/schema.org","@graph":[{"@type":"Article","@id":"https:\/\/now-news.de\/de\/deutschland\/ungewissheit-um-die-ukraine-versetzt-europa-in-aufregung\/#article","isPartOf":{"@id":"https:\/\/now-news.de\/de\/deutschland\/ungewissheit-um-die-ukraine-versetzt-europa-in-aufregung\/"},"author":{"name":"rtnews","@id":"https:\/\/now-news.de\/de\/#\/schema\/person\/fb534a4e865501d8b3285208df34a9b5"},"headline":"Ungewissheit um die Ukraine versetzt Europa in Aufregung","datePublished":"2025-07-13T18:08:57+00:00","dateModified":"2025-07-13T18:08:57+00:00","mainEntityOfPage":{"@id":"https:\/\/now-news.de\/de\/deutschland\/ungewissheit-um-die-ukraine-versetzt-europa-in-aufregung\/"},"wordCount":1309,"commentCount":0,"publisher":{"@id":"https:\/\/now-news.de\/de\/#organization"},"image":{"@id":"https:\/\/now-news.de\/de\/deutschland\/ungewissheit-um-die-ukraine-versetzt-europa-in-aufregung\/#primaryimage"},"thumbnailUrl":"https:\/\/now-news.de\/de\/wp-content\/uploads\/sites\/3\/2025\/07\/Ungewissheit-um-die-Ukraine-versetzt-Europa-in-Aufregung.jpg","keywords":["Aufregung","die","Europa","ukraine","Ungewissheit","versetzt"],"articleSection":["Deutschland","Russland"],"inLanguage":"de","potentialAction":[{"@type":"CommentAction","name":"Comment","target":["https:\/\/now-news.de\/de\/deutschland\/ungewissheit-um-die-ukraine-versetzt-europa-in-aufregung\/#respond"]}]},{"@type":"WebPage","@id":"https:\/\/now-news.de\/de\/deutschland\/ungewissheit-um-die-ukraine-versetzt-europa-in-aufregung\/","url":"https:\/\/now-news.de\/de\/deutschland\/ungewissheit-um-die-ukraine-versetzt-europa-in-aufregung\/","name":"Ungewissheit um die Ukraine versetzt Europa in Aufregung - just-now.NEWS Deutschland","isPartOf":{"@id":"https:\/\/now-news.de\/de\/#website"},"primaryImageOfPage":{"@id":"https:\/\/now-news.de\/de\/deutschland\/ungewissheit-um-die-ukraine-versetzt-europa-in-aufregung\/#primaryimage"},"image":{"@id":"https:\/\/now-news.de\/de\/deutschland\/ungewissheit-um-die-ukraine-versetzt-europa-in-aufregung\/#primaryimage"},"thumbnailUrl":"https:\/\/now-news.de\/de\/wp-content\/uploads\/sites\/3\/2025\/07\/Ungewissheit-um-die-Ukraine-versetzt-Europa-in-Aufregung.jpg","datePublished":"2025-07-13T18:08:57+00:00","dateModified":"2025-07-13T18:08:57+00:00","breadcrumb":{"@id":"https:\/\/now-news.de\/de\/deutschland\/ungewissheit-um-die-ukraine-versetzt-europa-in-aufregung\/#breadcrumb"},"inLanguage":"de","potentialAction":[{"@type":"ReadAction","target":["https:\/\/now-news.de\/de\/deutschland\/ungewissheit-um-die-ukraine-versetzt-europa-in-aufregung\/"]}]},{"@type":"ImageObject","inLanguage":"de","@id":"https:\/\/now-news.de\/de\/deutschland\/ungewissheit-um-die-ukraine-versetzt-europa-in-aufregung\/#primaryimage","url":"https:\/\/now-news.de\/de\/wp-content\/uploads\/sites\/3\/2025\/07\/Ungewissheit-um-die-Ukraine-versetzt-Europa-in-Aufregung.jpg","contentUrl":"https:\/\/now-news.de\/de\/wp-content\/uploads\/sites\/3\/2025\/07\/Ungewissheit-um-die-Ukraine-versetzt-Europa-in-Aufregung.jpg","width":460,"height":259,"caption":"Ungewissheit um die Ukraine versetzt Europa in Aufregung"},{"@type":"BreadcrumbList","@id":"https:\/\/now-news.de\/de\/deutschland\/ungewissheit-um-die-ukraine-versetzt-europa-in-aufregung\/#breadcrumb","itemListElement":[{"@type":"ListItem","position":1,"name":"Home","item":"https:\/\/now-news.de\/de\/"},{"@type":"ListItem","position":2,"name":"Ungewissheit um die Ukraine versetzt Europa in Aufregung"}]},{"@type":"WebSite","@id":"https:\/\/now-news.de\/de\/#website","url":"https:\/\/now-news.de\/de\/","name":"just-now.NEWS Deutschland","description":"Das Portal f\u00fcr unzensierte Nachrichten aus der Welt","publisher":{"@id":"https:\/\/now-news.de\/de\/#organization"},"potentialAction":[{"@type":"SearchAction","target":{"@type":"EntryPoint","urlTemplate":"https:\/\/now-news.de\/de\/?s={search_term_string}"},"query-input":"required name=search_term_string"}],"inLanguage":"de"},{"@type":"Organization","@id":"https:\/\/now-news.de\/de\/#organization","name":"Just Now News","url":"https:\/\/now-news.de\/de\/","logo":{"@type":"ImageObject","inLanguage":"de","@id":"https:\/\/now-news.de\/de\/#\/schema\/logo\/image\/","url":"http:\/\/just-now.news\/de\/wp-content\/uploads\/sites\/3\/2022\/04\/logo500x500.jpg","contentUrl":"http:\/\/just-now.news\/de\/wp-content\/uploads\/sites\/3\/2022\/04\/logo500x500.jpg","width":500,"height":500,"caption":"Just Now News"},"image":{"@id":"https:\/\/now-news.de\/de\/#\/schema\/logo\/image\/"},"sameAs":["https:\/\/www.facebook.com\/wirmachenauf","https:\/\/x.com\/WirMachenAuf_de"]},{"@type":"Person","@id":"https:\/\/now-news.de\/de\/#\/schema\/person\/fb534a4e865501d8b3285208df34a9b5","name":"rtnews","image":{"@type":"ImageObject","inLanguage":"de","@id":"https:\/\/now-news.de\/de\/#\/schema\/person\/image\/","url":"https:\/\/secure.gravatar.com\/avatar\/82aafea7d8127119dd649515f56e2117?s=96&d=mm&r=g","contentUrl":"https:\/\/secure.gravatar.com\/avatar\/82aafea7d8127119dd649515f56e2117?s=96&d=mm&r=g","caption":"rtnews"},"url":"https:\/\/now-news.de\/de\/author\/rnews\/"}]}},"_links":{"self":[{"href":"https:\/\/now-news.de\/de\/wp-json\/wp\/v2\/posts\/87123"}],"collection":[{"href":"https:\/\/now-news.de\/de\/wp-json\/wp\/v2\/posts"}],"about":[{"href":"https:\/\/now-news.de\/de\/wp-json\/wp\/v2\/types\/post"}],"author":[{"embeddable":true,"href":"https:\/\/now-news.de\/de\/wp-json\/wp\/v2\/users\/3"}],"replies":[{"embeddable":true,"href":"https:\/\/now-news.de\/de\/wp-json\/wp\/v2\/comments?post=87123"}],"version-history":[{"count":0,"href":"https:\/\/now-news.de\/de\/wp-json\/wp\/v2\/posts\/87123\/revisions"}],"wp:featuredmedia":[{"embeddable":true,"href":"https:\/\/now-news.de\/de\/wp-json\/wp\/v2\/media\/87124"}],"wp:attachment":[{"href":"https:\/\/now-news.de\/de\/wp-json\/wp\/v2\/media?parent=87123"}],"wp:term":[{"taxonomy":"category","embeddable":true,"href":"https:\/\/now-news.de\/de\/wp-json\/wp\/v2\/categories?post=87123"},{"taxonomy":"post_tag","embeddable":true,"href":"https:\/\/now-news.de\/de\/wp-json\/wp\/v2\/tags?post=87123"}],"curies":[{"name":"wp","href":"https:\/\/api.w.org\/{rel}","templated":true}]}}