{"id":87111,"date":"2025-07-13T16:58:15","date_gmt":"2025-07-13T14:58:15","guid":{"rendered":"https:\/\/now-news.de\/de\/deutschland\/aufbaufonds-ukraine-zieht-europa-in-ein-neues-finanzloch\/"},"modified":"2025-07-13T16:58:15","modified_gmt":"2025-07-13T14:58:15","slug":"aufbaufonds-ukraine-zieht-europa-in-ein-neues-finanzloch","status":"publish","type":"post","link":"https:\/\/now-news.de\/de\/deutschland\/aufbaufonds-ukraine-zieht-europa-in-ein-neues-finanzloch\/","title":{"rendered":"Aufbaufonds: Ukraine zieht Europa in ein neues Finanzloch"},"content":{"rendered":"<p><img decoding=\"async\" src=\"https:\/\/now-news.de\/de\/wp-content\/uploads\/sites\/3\/2025\/07\/6870d7b5b480cc68820d4935.jpg\" \/><\/p>\n<div class=\"Text-root Text-type_1 \">\n                In Europa wurde die Gr\u00fcndung des Fonds &#8220;Equity&#8221; f\u00fcr den Wiederaufbau der Ukraine angek\u00fcndigt. Wie auf der Geberkonferenz f\u00fcr Kiew in Rom erkl\u00e4rt wurde, sollen insgesamt rund zehn Milliarden Euro an Investitionen mobilisiert werden.\n            <\/div>\n<p><\/p>\n<div class=\"Text-root Text-type_5 ArticleView-text ViewText-root \">\n<p><em>Von Andrei Restschikow<\/em><\/p>\n<p>Die Pr\u00e4sidentin der Europ\u00e4ischen Kommission, Ursula von der Leyen, hat am Donnerstag die Einrichtung eines europ\u00e4ischen Fonds f\u00fcr den Wiederaufbau der Ukraine angek\u00fcndigt. Wie die italienische Ministerpr\u00e4sidentin Giorgia Meloni erkl\u00e4rte, erhielt der neue Fonds den Namen &#8220;Equity&#8221; (Gerechtigkeit). Er wurde unter Einbeziehung Italiens, Deutschlands, Frankreichs, Polens und der Europ\u00e4ischen Investitionsbank gegr\u00fcndet und soll als Instrument dienen, um Investitionen in die ukrainische Wirtschaft anzuziehen und Kiew zu unterst\u00fctzen.<\/p>\n<p>Das Anfangskapital des Fonds wird 220 Millionen Euro betragen, und bis 2026 sollen 500 Millionen Euro aufgebracht werden. Au\u00dferdem wurde in Rom ein neues Paket von Vereinbarungen mit internationalen und staatlichen Finanzinstituten zur Unterst\u00fctzung der Wiederaufbau- und Sanierungsbem\u00fchungen der Ukraine in H\u00f6he von 2,3 Milliarden Euro vorgestellt.<\/p>\n<p>Von diesen Mitteln sollen 1,8 Milliarden Euro in Form von Kreditgarantien und der Rest in Form von Zusch\u00fcssen bereitgestellt werden. Von der Leyen verk\u00fcndete am ersten Tag der Konferenz zum Wiederaufbau der Ukraine in Rom:<\/p>\n<p><em>&#8220;Die Zusch\u00fcsse und Kreditgarantien, die wir heute unterzeichnet haben, sollen bis zu zehn Milliarden Euro an privaten Investitionen in die Ukraine bringen.&#8221;<\/em><\/p>\n<p>Die Europ\u00e4ische Kommission hofft, dass diese Mittel dazu beitragen werden, zerst\u00f6rte Objekte wiederaufzubauen und die wirtschaftliche Stabilit\u00e4t des Landes zu sichern. Von der Leyen rief auch Vertreter der europ\u00e4ischen Wirtschaft dazu auf, bereits jetzt in die Ukraine zu investieren, und betonte die Bedeutung privater Investitionen f\u00fcr die zuk\u00fcnftige Entwicklung der Region.<\/p>\n<p>Die Pr\u00e4sidentin der Europ\u00e4ischen Kommission bezeichnete Europa als den gr\u00f6\u00dften Geldgeber Kiews und erinnerte daran, dass die Europ\u00e4ische Union der Ukraine fast 165 Milliarden Euro an Unterst\u00fctzung gew\u00e4hrt habe und in diesem Jahr 84 Prozent der Au\u00dfenfinanzierung des Landes \u00fcbernehmen wolle.<\/p>\n<p>Au\u00dferdem hat die Europ\u00e4ische Kommission angek\u00fcndigt, der Ukraine im Rahmen der sechsten Tranche des Makrofinanzhilfepakets, dessen Gesamtvolumen schon mehr als 18 Milliarden Euro betr\u00e4gt, eine Milliarde Euro zur Verf\u00fcgung zu stellen. Gleichzeitig haben die europ\u00e4ischen Verb\u00fcndeten die \u00dcberweisung von mehr als drei Milliarden Euro aus dem Fonds zur Unterst\u00fctzung der Ukraine genehmigt.<\/p>\n<p>Zuvor hatte der ukrainische Ministerpr\u00e4sident Denis Schmygal, der ebenfalls an dieser Konferenz teilnahm, mitgeteilt, dass f\u00fcr den Wiederaufbau des Landes innerhalb von 14 Jahren etwa eine Billion US-Dollar ben\u00f6tigt werden, die Kiew durch die Beschlagnahmung eingefrorener russischer Verm\u00f6genswerte, eine Steuer auf den Export russischer Rohstoffe und europ\u00e4ische Investitionen zu beschaffen gedenkt.<\/p>\n<p>Das von Schmygal vorgestellte Konzept sieht die Einrichtung von zwei Fonds vor. Der Erste davon soll der &#8220;Ukraine Fonds&#8221; mit einem Volumen von 540 Milliarden US-Dollar sein, dessen Mittel f\u00fcr den Wiederaufbau verwendet werden sollen. Der Zweite soll der Europ\u00e4ische Strukturfonds zur Unterst\u00fctzung der Ukraine mit einem Volumen von 460 Milliarden US-Dollar werden. Er soll als Plattform f\u00fcr Investitionen des privaten Sektors in die ukrainische Produktion dienen.<\/p>\n<p>Die russische Botschaft in Italien hat die Ziele der Konferenz in Rom scharf verurteilt und den Organisatoren vorgeworfen, sie wollten die milit\u00e4rische Unterst\u00fctzung f\u00fcr Kiew aufrechterhalten, anstatt den Konflikt zu beenden. Die Diplomaten wiesen darauf hin, dass sich die westlichen L\u00e4nder auf die Folgen des Konflikts konzentrieren, statt sich mit der Suche nach Frieden und der Beseitigung der Ursachen des Konflikts zu besch\u00e4ftigen, wodurch sie ihr Streben nach Dominanz und ihre Gier demonstrieren.<\/p>\n<p>Die Botschaft betonte, dass die erheblichen Summen, die f\u00fcr die Organisation der Konferenz und die milit\u00e4rische Hilfe ausgegeben wurden, das Leid der Zivilbev\u00f6lkerung in der Ukraine nur noch verst\u00e4rken, w\u00e4hrend im Westen behauptet wird, dass Mittel f\u00fcr den Wiederaufbau des Landes gesammelt werden.<\/p>\n<p>Die diplomatische Vertretung f\u00fcgte hinzu, dass ein erheblicher Teil der von den USA und der EU f\u00fcr die milit\u00e4rische Unterst\u00fctzung der Ukraine bereitgestellten Mittel, die auf \u00fcber 150 Milliarden Euro gesch\u00e4tzt werden, nicht bestimmungsgem\u00e4\u00df verwendet wird und in den Taschen von Beamten landet. Die Botschaft \u00e4u\u00dferte die Meinung, dass auch f\u00fcr die Betr\u00e4ge, die nach den Ergebnissen der Konferenz in Rom angek\u00fcndigt werden, die gleichen Risiken gelten.<\/p>\n<p>Nach Ansicht der Botschaft hat sich die westliche Unterst\u00fctzung f\u00fcr die Ukraine bereits zu einem finanziellen Loch nicht nur f\u00fcr die westlichen L\u00e4nder, sondern auch f\u00fcr die Weltwirtschaft entwickelt, zum Nachteil der internen Programme und Verpflichtungen gegen\u00fcber den L\u00e4ndern des S\u00fcdens und Ostens.<\/p>\n<p>Es sei darauf hingewiesen, dass das US-amerikanische Unternehmen BlackRock auf derselben Konferenz die Gr\u00fcndung eines milliardenschweren Investmentfonds zur Finanzierung des Wiederaufbaus der Ukraine ank\u00fcndigen wollte. Laut <em>Bloomberg<\/em> habe BlackRock jedoch bereits zu Beginn des Jahres die Suche nach Investoren eingestellt.<\/p>\n<p>Dies geschah nach dem Sieg von Donald Trump bei den US-Pr\u00e4sidentschaftswahlen. Die Investoren verloren das Interesse an dem Projekt &#8220;aufgrund der wachsenden Unsicherheit \u00fcber die Zukunft der Ukraine&#8221;. Von den geplanten 15 Milliarden US-Dollar konnten nur Investitionen in H\u00f6he von 500 Millionen US-Dollar gesichert werden.<\/p>\n<p>Wenn die Europ\u00e4er davon sprechen, dass sie Mittel sammeln und diese dann in der Ukraine ausgeben werden, wisse man, dass der L\u00f6wenanteil dieser Projekte von niemandem umgesetzt werden w\u00fcrde, meint der Politologe Wladimir Kornilow. Er erinnert an die nicht eingehaltenen Versprechen der italienischen Beh\u00f6rden, das zerst\u00f6rte Theatergeb\u00e4ude in Mariupol wiederaufzubauen:<\/p>\n<p><em>&#8220;Der italienische Kulturminister verk\u00fcndete lautstark, dass Italien dieses Theater wiederaufbauen werde, da &#8216;die Kunst dem Volk geh\u00f6rt&#8217;. Hat jemand italienische Ingenieure, Architekten und Bauarbeiter bei den Wiederaufbauarbeiten in Mariupol gesehen? Hat Italien Mittel f\u00fcr den Wiederaufbau dieses Theaters bereitgestellt? Das hei\u00dft, wir h\u00f6ren jetzt dieselben vollmundigen Versprechungen, die in ein oder zwei Jahren vergessen sein werden.&#8221;<\/em><\/p>\n<p>Dar\u00fcber hinaus beeilen sich die EU-L\u00e4nder auch nicht, auf dem von der ukrainischen Armee kontrollierten Gebiet des Landes irgendetwas zu sanieren oder zu bauen. Kleine Zusch\u00fcsse werden gelegentlich von Beamten auf kommunaler Ebene in Anspruch genommen, aber weder in kleinen noch in gro\u00dfen St\u00e4dten der Ukraine wird systematisch in dieser Richtung gearbeitet.<\/p>\n<p>Denis Denissow, Experte der Finanzuniversit\u00e4t der russischen Regierung, erg\u00e4nzt, dass eine Reihe von Vorgaben in den europ\u00e4ischen B\u00fcrokratiestrukturen es nicht zulassen w\u00fcrden, Geld offen zu veruntreuen, wobei die Einrichtung des Fonds &#8220;Equity&#8221; indirekt mit der Fortsetzung des Krieges zusammenh\u00e4nge. Er betont:<\/p>\n<p><em>&#8220;Ein solches Projekt k\u00f6nnte von der politischen Elite der Ukraine als weitere Best\u00e4tigung daf\u00fcr angesehen werden, dass die Fortsetzung des Konflikts ein Schritt in die richtige Richtung ist. Angesichts des Investitionsvolumens sind die ukrainischen Beh\u00f6rden nat\u00fcrlich daran interessiert, eine Politik der Fortsetzung des Konflikts zu verfolgen.&#8221;<\/em><\/p>\n<p>Die Experten sind sich auch einig, dass Pl\u00e4ne f\u00fcr den Wiederaufbau der Ukraine bis zu dem Zeitpunkt des Endes des Konflikts nicht realisierbar seien. Laut Denissow &#8220;gibt es enorme Unsicherheiten dar\u00fcber, wie dieser Konflikt ausgehen wird&#8221;. Derzeit k\u00f6nne niemand sagen, wie dieses Projekt potenziell funktionieren werde.<\/p>\n<p>Wichtig ist auch, dass die Versprechen zum Wiederaufbau in erster Linie dazu dienen, die Ukrainer moralisch zu unterst\u00fctzen, betont Kornilow. Er erkl\u00e4rt weiter:<\/p>\n<p><em>&#8220;Wie die j\u00fcngsten Meinungsumfragen in der Ukraine zeigen, hat sich der Anteil der Menschen, die an eine bl\u00fchende Zukunft des Landes als Teil der EU glauben, mehr als halbiert \u2013 von \u00fcber 88 auf 43 Prozent. Und fast die H\u00e4lfte der Bev\u00f6lkerung glaubt, dass die Ukraine in zehn Jahren ein zerst\u00f6rtes Land sein wird, aus dem die Bev\u00f6lkerung flieht. Dementsprechend reagiert Europa auf diese pessimistischen Erwartungen der Ukrainer und m\u00f6chte den Optimismus doch noch steigern.&#8221;<\/em><\/p>\n<p>Was Schmygals Bittgesuch um eine Billion US-Dollar betrifft, erinnert Kornilow daran, wie die Ukraine noch vor dem Jahr 2014 mehrere Milliarden US-Dollar vom Westen und von Russland &#8220;erbettelt&#8221; habe. Er sagt:<\/p>\n<p><em>&#8220;Nun operieren sie mit viel gr\u00f6\u00dferen Summen. Der Appetit kam\u00a0beim Essen. Die Ukraine hat sich schon lange als schwarzes Loch empfunden, in das man Dutzende von Milliarden stecken kann, und jetzt wird in Kiew in Billionen-Gr\u00f6\u00dfenordnungen gedacht.&#8221;<\/em><\/p>\n<p>An die Forderungen der Ukraine sollte man sich schon gew\u00f6hnen, meint Denissow. Der Appetit der Vertreter der politisch-wirtschaftlichen Elite des Landes w\u00fcrde angesichts der praktisch unbegrenzten Tranchen und Zusch\u00fcsse aus dem Westen weiterwachsen. Dies sei jedoch das Problem der Partner Kiews, die diese Projekte finanzieren und damit die ukrainische Elite zur Fortsetzung des Konflikts provozieren, betont der Experte.<\/p>\n<p><em>\u00dcbersetzt aus dem <a rel=\"nofollow noopener\" target=\"_blank\" href=\"https:\/\/vz.ru\/world\/2025\/7\/10\/1344445.html\">Russischen<\/a>. Der Artikel ist am 10. Juli 2025 zuerst auf der Webseite der Zeitung Wsgljad erschienen.<\/em><\/p>\n<p><em><strong>Andrei Restschikow<\/strong> ist Analyst bei der Zeitung Wsgljad.<\/em><\/p>\n<p><strong>Mehr zum Thema<\/strong> \u2013\u00a0<a rel=\"nofollow noopener\" target=\"_blank\" href=\"https:\/\/freedert.online\/meinung\/250151-warnung-ukraine-kann-noch-verlieren\/\">Warnung aus Washington: &#8220;Die Ukraine kann noch verlieren&#8221; <\/a><\/p>\n<div class=\"EmbedBlock-root EmbedBlock-externalVideo EmbedBlock-rumble\">\n<div class=\"VkEmbed\"><iframe class=\"lazyload\" data-src=\"https:\/\/rumble.com\/embed\/v6tselo\" frameborder=\"0\" width=\"853\" height=\"480\" allowfullscreen><\/iframe><\/div>\n<\/div>\n<\/div>\n<p><br \/>\n<br \/><a href=\"https:\/\/de.rt.com\/europa\/250397-ukraine-zieht-europa-in-neues\/\">Source link <\/a><\/p>\n","protected":false},"excerpt":{"rendered":"<p>In Europa wurde die Gr\u00fcndung des Fonds &#8220;Equity&#8221; f\u00fcr den Wiederaufbau der Ukraine angek\u00fcndigt. Wie auf der Geberkonferenz f\u00fcr Kiew in Rom erkl\u00e4rt wurde, sollen insgesamt rund zehn Milliarden Euro an Investitionen mobilisiert werden. Von Andrei Restschikow Die Pr\u00e4sidentin der Europ\u00e4ischen Kommission, Ursula von der Leyen, hat am Donnerstag die Einrichtung eines europ\u00e4ischen Fonds f\u00fcr [&hellip;]<\/p>\n","protected":false},"author":3,"featured_media":87112,"comment_status":"open","ping_status":"open","sticky":false,"template":"","format":"standard","meta":{"_yoast_indexnow_last_ping":["1752421193"],"wp_automatic_camp":["217"],"e9759a2f3504af010d040fc5343c0648":["Aufbaufonds: Ukraine zieht Europa in ein neues Finanzloch"],"original_link":["https:\/\/de.rt.com\/europa\/250397-ukraine-zieht-europa-in-neues\/"],"_thumbnail_id":["87112"],"jnews_social_counter_last_update":["1777262603"],"_wptgpro_p2tg_sent2tg":["a:1:{i:23737;s:19:\"2025-07-13 17:40:56\";}"]},"categories":[19,23],"tags":[66321,357,1370,61316,5324,127,20511],"yoast_head":"<!-- This site is optimized with the Yoast SEO Premium plugin v22.7 (Yoast SEO v22.7) - https:\/\/yoast.com\/wordpress\/plugins\/seo\/ -->\n<title>Aufbaufonds: Ukraine zieht Europa in ein neues Finanzloch - just-now.NEWS Deutschland<\/title>\n<meta name=\"robots\" content=\"index, follow, max-snippet:-1, max-image-preview:large, max-video-preview:-1\" \/>\n<link rel=\"canonical\" href=\"https:\/\/now-news.de\/de\/deutschland\/aufbaufonds-ukraine-zieht-europa-in-ein-neues-finanzloch\/\" \/>\n<meta property=\"og:locale\" content=\"de_DE\" \/>\n<meta property=\"og:type\" content=\"article\" \/>\n<meta property=\"og:title\" content=\"Aufbaufonds: Ukraine zieht Europa in ein neues Finanzloch\" \/>\n<meta property=\"og:description\" content=\"In Europa wurde die Gr\u00fcndung des Fonds &#8220;Equity&#8221; f\u00fcr den Wiederaufbau der Ukraine angek\u00fcndigt. Wie auf der Geberkonferenz f\u00fcr Kiew in Rom erkl\u00e4rt wurde, sollen insgesamt rund zehn Milliarden Euro an Investitionen mobilisiert werden. Von Andrei Restschikow Die Pr\u00e4sidentin der Europ\u00e4ischen Kommission, Ursula von der Leyen, hat am Donnerstag die Einrichtung eines europ\u00e4ischen Fonds f\u00fcr [&hellip;]\" \/>\n<meta property=\"og:url\" content=\"https:\/\/now-news.de\/de\/deutschland\/aufbaufonds-ukraine-zieht-europa-in-ein-neues-finanzloch\/\" \/>\n<meta property=\"og:site_name\" content=\"just-now.NEWS Deutschland\" \/>\n<meta property=\"article:publisher\" content=\"https:\/\/www.facebook.com\/wirmachenauf\" \/>\n<meta property=\"article:published_time\" content=\"2025-07-13T14:58:15+00:00\" \/>\n<meta property=\"og:image\" content=\"https:\/\/now-news.de\/de\/wp-content\/uploads\/sites\/3\/2025\/07\/6870d7b5b480cc68820d4935.jpg\" \/>\n<meta name=\"author\" content=\"rtnews\" \/>\n<meta name=\"twitter:card\" content=\"summary_large_image\" \/>\n<meta name=\"twitter:creator\" content=\"@WirMachenAuf_de\" \/>\n<meta name=\"twitter:site\" content=\"@WirMachenAuf_de\" \/>\n<meta name=\"twitter:label1\" content=\"Verfasst von\" \/>\n\t<meta name=\"twitter:data1\" content=\"rtnews\" \/>\n\t<meta name=\"twitter:label2\" content=\"Gesch\u00e4tzte Lesezeit\" \/>\n\t<meta name=\"twitter:data2\" content=\"7\u00a0Minuten\" \/>\n<script type=\"application\/ld+json\" class=\"yoast-schema-graph\">{\"@context\":\"https:\/\/schema.org\",\"@graph\":[{\"@type\":\"Article\",\"@id\":\"https:\/\/now-news.de\/de\/deutschland\/aufbaufonds-ukraine-zieht-europa-in-ein-neues-finanzloch\/#article\",\"isPartOf\":{\"@id\":\"https:\/\/now-news.de\/de\/deutschland\/aufbaufonds-ukraine-zieht-europa-in-ein-neues-finanzloch\/\"},\"author\":{\"name\":\"rtnews\",\"@id\":\"https:\/\/now-news.de\/de\/#\/schema\/person\/fb534a4e865501d8b3285208df34a9b5\"},\"headline\":\"Aufbaufonds: Ukraine zieht Europa in ein neues Finanzloch\",\"datePublished\":\"2025-07-13T14:58:15+00:00\",\"dateModified\":\"2025-07-13T14:58:15+00:00\",\"mainEntityOfPage\":{\"@id\":\"https:\/\/now-news.de\/de\/deutschland\/aufbaufonds-ukraine-zieht-europa-in-ein-neues-finanzloch\/\"},\"wordCount\":1455,\"commentCount\":0,\"publisher\":{\"@id\":\"https:\/\/now-news.de\/de\/#organization\"},\"image\":{\"@id\":\"https:\/\/now-news.de\/de\/deutschland\/aufbaufonds-ukraine-zieht-europa-in-ein-neues-finanzloch\/#primaryimage\"},\"thumbnailUrl\":\"https:\/\/now-news.de\/de\/wp-content\/uploads\/sites\/3\/2025\/07\/Aufbaufonds-Ukraine-zieht-Europa-in-ein-neues-Finanzloch.jpg\",\"keywords\":[\"Aufbaufonds\",\"ein\",\"Europa\",\"Finanzloch\",\"neues\",\"ukraine\",\"zieht\"],\"articleSection\":[\"Deutschland\",\"Russland\"],\"inLanguage\":\"de\",\"potentialAction\":[{\"@type\":\"CommentAction\",\"name\":\"Comment\",\"target\":[\"https:\/\/now-news.de\/de\/deutschland\/aufbaufonds-ukraine-zieht-europa-in-ein-neues-finanzloch\/#respond\"]}]},{\"@type\":\"WebPage\",\"@id\":\"https:\/\/now-news.de\/de\/deutschland\/aufbaufonds-ukraine-zieht-europa-in-ein-neues-finanzloch\/\",\"url\":\"https:\/\/now-news.de\/de\/deutschland\/aufbaufonds-ukraine-zieht-europa-in-ein-neues-finanzloch\/\",\"name\":\"Aufbaufonds: Ukraine zieht Europa in ein neues Finanzloch - just-now.NEWS Deutschland\",\"isPartOf\":{\"@id\":\"https:\/\/now-news.de\/de\/#website\"},\"primaryImageOfPage\":{\"@id\":\"https:\/\/now-news.de\/de\/deutschland\/aufbaufonds-ukraine-zieht-europa-in-ein-neues-finanzloch\/#primaryimage\"},\"image\":{\"@id\":\"https:\/\/now-news.de\/de\/deutschland\/aufbaufonds-ukraine-zieht-europa-in-ein-neues-finanzloch\/#primaryimage\"},\"thumbnailUrl\":\"https:\/\/now-news.de\/de\/wp-content\/uploads\/sites\/3\/2025\/07\/Aufbaufonds-Ukraine-zieht-Europa-in-ein-neues-Finanzloch.jpg\",\"datePublished\":\"2025-07-13T14:58:15+00:00\",\"dateModified\":\"2025-07-13T14:58:15+00:00\",\"breadcrumb\":{\"@id\":\"https:\/\/now-news.de\/de\/deutschland\/aufbaufonds-ukraine-zieht-europa-in-ein-neues-finanzloch\/#breadcrumb\"},\"inLanguage\":\"de\",\"potentialAction\":[{\"@type\":\"ReadAction\",\"target\":[\"https:\/\/now-news.de\/de\/deutschland\/aufbaufonds-ukraine-zieht-europa-in-ein-neues-finanzloch\/\"]}]},{\"@type\":\"ImageObject\",\"inLanguage\":\"de\",\"@id\":\"https:\/\/now-news.de\/de\/deutschland\/aufbaufonds-ukraine-zieht-europa-in-ein-neues-finanzloch\/#primaryimage\",\"url\":\"https:\/\/now-news.de\/de\/wp-content\/uploads\/sites\/3\/2025\/07\/Aufbaufonds-Ukraine-zieht-Europa-in-ein-neues-Finanzloch.jpg\",\"contentUrl\":\"https:\/\/now-news.de\/de\/wp-content\/uploads\/sites\/3\/2025\/07\/Aufbaufonds-Ukraine-zieht-Europa-in-ein-neues-Finanzloch.jpg\",\"width\":460,\"height\":259,\"caption\":\"Aufbaufonds: Ukraine zieht Europa in ein neues Finanzloch\"},{\"@type\":\"BreadcrumbList\",\"@id\":\"https:\/\/now-news.de\/de\/deutschland\/aufbaufonds-ukraine-zieht-europa-in-ein-neues-finanzloch\/#breadcrumb\",\"itemListElement\":[{\"@type\":\"ListItem\",\"position\":1,\"name\":\"Home\",\"item\":\"https:\/\/now-news.de\/de\/\"},{\"@type\":\"ListItem\",\"position\":2,\"name\":\"Aufbaufonds: Ukraine zieht Europa in ein neues Finanzloch\"}]},{\"@type\":\"WebSite\",\"@id\":\"https:\/\/now-news.de\/de\/#website\",\"url\":\"https:\/\/now-news.de\/de\/\",\"name\":\"just-now.NEWS Deutschland\",\"description\":\"Das Portal f\u00fcr unzensierte Nachrichten aus der Welt\",\"publisher\":{\"@id\":\"https:\/\/now-news.de\/de\/#organization\"},\"potentialAction\":[{\"@type\":\"SearchAction\",\"target\":{\"@type\":\"EntryPoint\",\"urlTemplate\":\"https:\/\/now-news.de\/de\/?s={search_term_string}\"},\"query-input\":\"required name=search_term_string\"}],\"inLanguage\":\"de\"},{\"@type\":\"Organization\",\"@id\":\"https:\/\/now-news.de\/de\/#organization\",\"name\":\"Just Now News\",\"url\":\"https:\/\/now-news.de\/de\/\",\"logo\":{\"@type\":\"ImageObject\",\"inLanguage\":\"de\",\"@id\":\"https:\/\/now-news.de\/de\/#\/schema\/logo\/image\/\",\"url\":\"http:\/\/just-now.news\/de\/wp-content\/uploads\/sites\/3\/2022\/04\/logo500x500.jpg\",\"contentUrl\":\"http:\/\/just-now.news\/de\/wp-content\/uploads\/sites\/3\/2022\/04\/logo500x500.jpg\",\"width\":500,\"height\":500,\"caption\":\"Just Now News\"},\"image\":{\"@id\":\"https:\/\/now-news.de\/de\/#\/schema\/logo\/image\/\"},\"sameAs\":[\"https:\/\/www.facebook.com\/wirmachenauf\",\"https:\/\/x.com\/WirMachenAuf_de\"]},{\"@type\":\"Person\",\"@id\":\"https:\/\/now-news.de\/de\/#\/schema\/person\/fb534a4e865501d8b3285208df34a9b5\",\"name\":\"rtnews\",\"image\":{\"@type\":\"ImageObject\",\"inLanguage\":\"de\",\"@id\":\"https:\/\/now-news.de\/de\/#\/schema\/person\/image\/\",\"url\":\"https:\/\/secure.gravatar.com\/avatar\/82aafea7d8127119dd649515f56e2117?s=96&d=mm&r=g\",\"contentUrl\":\"https:\/\/secure.gravatar.com\/avatar\/82aafea7d8127119dd649515f56e2117?s=96&d=mm&r=g\",\"caption\":\"rtnews\"},\"url\":\"https:\/\/now-news.de\/de\/author\/rnews\/\"}]}<\/script>\n<!-- \/ Yoast SEO Premium plugin. -->","yoast_head_json":{"title":"Aufbaufonds: Ukraine zieht Europa in ein neues Finanzloch - just-now.NEWS Deutschland","robots":{"index":"index","follow":"follow","max-snippet":"max-snippet:-1","max-image-preview":"max-image-preview:large","max-video-preview":"max-video-preview:-1"},"canonical":"https:\/\/now-news.de\/de\/deutschland\/aufbaufonds-ukraine-zieht-europa-in-ein-neues-finanzloch\/","og_locale":"de_DE","og_type":"article","og_title":"Aufbaufonds: Ukraine zieht Europa in ein neues Finanzloch","og_description":"In Europa wurde die Gr\u00fcndung des Fonds &#8220;Equity&#8221; f\u00fcr den Wiederaufbau der Ukraine angek\u00fcndigt. Wie auf der Geberkonferenz f\u00fcr Kiew in Rom erkl\u00e4rt wurde, sollen insgesamt rund zehn Milliarden Euro an Investitionen mobilisiert werden. Von Andrei Restschikow Die Pr\u00e4sidentin der Europ\u00e4ischen Kommission, Ursula von der Leyen, hat am Donnerstag die Einrichtung eines europ\u00e4ischen Fonds f\u00fcr [&hellip;]","og_url":"https:\/\/now-news.de\/de\/deutschland\/aufbaufonds-ukraine-zieht-europa-in-ein-neues-finanzloch\/","og_site_name":"just-now.NEWS Deutschland","article_publisher":"https:\/\/www.facebook.com\/wirmachenauf","article_published_time":"2025-07-13T14:58:15+00:00","og_image":[{"url":"https:\/\/now-news.de\/de\/wp-content\/uploads\/sites\/3\/2025\/07\/6870d7b5b480cc68820d4935.jpg"}],"author":"rtnews","twitter_card":"summary_large_image","twitter_creator":"@WirMachenAuf_de","twitter_site":"@WirMachenAuf_de","twitter_misc":{"Verfasst von":"rtnews","Gesch\u00e4tzte Lesezeit":"7\u00a0Minuten"},"schema":{"@context":"https:\/\/schema.org","@graph":[{"@type":"Article","@id":"https:\/\/now-news.de\/de\/deutschland\/aufbaufonds-ukraine-zieht-europa-in-ein-neues-finanzloch\/#article","isPartOf":{"@id":"https:\/\/now-news.de\/de\/deutschland\/aufbaufonds-ukraine-zieht-europa-in-ein-neues-finanzloch\/"},"author":{"name":"rtnews","@id":"https:\/\/now-news.de\/de\/#\/schema\/person\/fb534a4e865501d8b3285208df34a9b5"},"headline":"Aufbaufonds: Ukraine zieht Europa in ein neues Finanzloch","datePublished":"2025-07-13T14:58:15+00:00","dateModified":"2025-07-13T14:58:15+00:00","mainEntityOfPage":{"@id":"https:\/\/now-news.de\/de\/deutschland\/aufbaufonds-ukraine-zieht-europa-in-ein-neues-finanzloch\/"},"wordCount":1455,"commentCount":0,"publisher":{"@id":"https:\/\/now-news.de\/de\/#organization"},"image":{"@id":"https:\/\/now-news.de\/de\/deutschland\/aufbaufonds-ukraine-zieht-europa-in-ein-neues-finanzloch\/#primaryimage"},"thumbnailUrl":"https:\/\/now-news.de\/de\/wp-content\/uploads\/sites\/3\/2025\/07\/Aufbaufonds-Ukraine-zieht-Europa-in-ein-neues-Finanzloch.jpg","keywords":["Aufbaufonds","ein","Europa","Finanzloch","neues","ukraine","zieht"],"articleSection":["Deutschland","Russland"],"inLanguage":"de","potentialAction":[{"@type":"CommentAction","name":"Comment","target":["https:\/\/now-news.de\/de\/deutschland\/aufbaufonds-ukraine-zieht-europa-in-ein-neues-finanzloch\/#respond"]}]},{"@type":"WebPage","@id":"https:\/\/now-news.de\/de\/deutschland\/aufbaufonds-ukraine-zieht-europa-in-ein-neues-finanzloch\/","url":"https:\/\/now-news.de\/de\/deutschland\/aufbaufonds-ukraine-zieht-europa-in-ein-neues-finanzloch\/","name":"Aufbaufonds: Ukraine zieht Europa in ein neues Finanzloch - just-now.NEWS Deutschland","isPartOf":{"@id":"https:\/\/now-news.de\/de\/#website"},"primaryImageOfPage":{"@id":"https:\/\/now-news.de\/de\/deutschland\/aufbaufonds-ukraine-zieht-europa-in-ein-neues-finanzloch\/#primaryimage"},"image":{"@id":"https:\/\/now-news.de\/de\/deutschland\/aufbaufonds-ukraine-zieht-europa-in-ein-neues-finanzloch\/#primaryimage"},"thumbnailUrl":"https:\/\/now-news.de\/de\/wp-content\/uploads\/sites\/3\/2025\/07\/Aufbaufonds-Ukraine-zieht-Europa-in-ein-neues-Finanzloch.jpg","datePublished":"2025-07-13T14:58:15+00:00","dateModified":"2025-07-13T14:58:15+00:00","breadcrumb":{"@id":"https:\/\/now-news.de\/de\/deutschland\/aufbaufonds-ukraine-zieht-europa-in-ein-neues-finanzloch\/#breadcrumb"},"inLanguage":"de","potentialAction":[{"@type":"ReadAction","target":["https:\/\/now-news.de\/de\/deutschland\/aufbaufonds-ukraine-zieht-europa-in-ein-neues-finanzloch\/"]}]},{"@type":"ImageObject","inLanguage":"de","@id":"https:\/\/now-news.de\/de\/deutschland\/aufbaufonds-ukraine-zieht-europa-in-ein-neues-finanzloch\/#primaryimage","url":"https:\/\/now-news.de\/de\/wp-content\/uploads\/sites\/3\/2025\/07\/Aufbaufonds-Ukraine-zieht-Europa-in-ein-neues-Finanzloch.jpg","contentUrl":"https:\/\/now-news.de\/de\/wp-content\/uploads\/sites\/3\/2025\/07\/Aufbaufonds-Ukraine-zieht-Europa-in-ein-neues-Finanzloch.jpg","width":460,"height":259,"caption":"Aufbaufonds: Ukraine zieht Europa in ein neues Finanzloch"},{"@type":"BreadcrumbList","@id":"https:\/\/now-news.de\/de\/deutschland\/aufbaufonds-ukraine-zieht-europa-in-ein-neues-finanzloch\/#breadcrumb","itemListElement":[{"@type":"ListItem","position":1,"name":"Home","item":"https:\/\/now-news.de\/de\/"},{"@type":"ListItem","position":2,"name":"Aufbaufonds: Ukraine zieht Europa in ein neues Finanzloch"}]},{"@type":"WebSite","@id":"https:\/\/now-news.de\/de\/#website","url":"https:\/\/now-news.de\/de\/","name":"just-now.NEWS Deutschland","description":"Das Portal f\u00fcr unzensierte Nachrichten aus der Welt","publisher":{"@id":"https:\/\/now-news.de\/de\/#organization"},"potentialAction":[{"@type":"SearchAction","target":{"@type":"EntryPoint","urlTemplate":"https:\/\/now-news.de\/de\/?s={search_term_string}"},"query-input":"required name=search_term_string"}],"inLanguage":"de"},{"@type":"Organization","@id":"https:\/\/now-news.de\/de\/#organization","name":"Just Now News","url":"https:\/\/now-news.de\/de\/","logo":{"@type":"ImageObject","inLanguage":"de","@id":"https:\/\/now-news.de\/de\/#\/schema\/logo\/image\/","url":"http:\/\/just-now.news\/de\/wp-content\/uploads\/sites\/3\/2022\/04\/logo500x500.jpg","contentUrl":"http:\/\/just-now.news\/de\/wp-content\/uploads\/sites\/3\/2022\/04\/logo500x500.jpg","width":500,"height":500,"caption":"Just Now News"},"image":{"@id":"https:\/\/now-news.de\/de\/#\/schema\/logo\/image\/"},"sameAs":["https:\/\/www.facebook.com\/wirmachenauf","https:\/\/x.com\/WirMachenAuf_de"]},{"@type":"Person","@id":"https:\/\/now-news.de\/de\/#\/schema\/person\/fb534a4e865501d8b3285208df34a9b5","name":"rtnews","image":{"@type":"ImageObject","inLanguage":"de","@id":"https:\/\/now-news.de\/de\/#\/schema\/person\/image\/","url":"https:\/\/secure.gravatar.com\/avatar\/82aafea7d8127119dd649515f56e2117?s=96&d=mm&r=g","contentUrl":"https:\/\/secure.gravatar.com\/avatar\/82aafea7d8127119dd649515f56e2117?s=96&d=mm&r=g","caption":"rtnews"},"url":"https:\/\/now-news.de\/de\/author\/rnews\/"}]}},"_links":{"self":[{"href":"https:\/\/now-news.de\/de\/wp-json\/wp\/v2\/posts\/87111"}],"collection":[{"href":"https:\/\/now-news.de\/de\/wp-json\/wp\/v2\/posts"}],"about":[{"href":"https:\/\/now-news.de\/de\/wp-json\/wp\/v2\/types\/post"}],"author":[{"embeddable":true,"href":"https:\/\/now-news.de\/de\/wp-json\/wp\/v2\/users\/3"}],"replies":[{"embeddable":true,"href":"https:\/\/now-news.de\/de\/wp-json\/wp\/v2\/comments?post=87111"}],"version-history":[{"count":0,"href":"https:\/\/now-news.de\/de\/wp-json\/wp\/v2\/posts\/87111\/revisions"}],"wp:featuredmedia":[{"embeddable":true,"href":"https:\/\/now-news.de\/de\/wp-json\/wp\/v2\/media\/87112"}],"wp:attachment":[{"href":"https:\/\/now-news.de\/de\/wp-json\/wp\/v2\/media?parent=87111"}],"wp:term":[{"taxonomy":"category","embeddable":true,"href":"https:\/\/now-news.de\/de\/wp-json\/wp\/v2\/categories?post=87111"},{"taxonomy":"post_tag","embeddable":true,"href":"https:\/\/now-news.de\/de\/wp-json\/wp\/v2\/tags?post=87111"}],"curies":[{"name":"wp","href":"https:\/\/api.w.org\/{rel}","templated":true}]}}