{"id":87081,"date":"2025-07-12T21:24:15","date_gmt":"2025-07-12T19:24:15","guid":{"rendered":"https:\/\/now-news.de\/de\/deutschland\/aussenminister-wadephul-macht-sich-sorgen-um-inhaftierten-linksextremen-in-ungarn\/"},"modified":"2025-07-12T21:24:15","modified_gmt":"2025-07-12T19:24:15","slug":"aussenminister-wadephul-macht-sich-sorgen-um-inhaftierten-linksextremen-in-ungarn","status":"publish","type":"post","link":"https:\/\/now-news.de\/de\/deutschland\/aussenminister-wadephul-macht-sich-sorgen-um-inhaftierten-linksextremen-in-ungarn\/","title":{"rendered":"Au\u00dfenminister Wadephul macht sich Sorgen um inhaftierten Linksextremen in Ungarn"},"content":{"rendered":"<p><img decoding=\"async\" src=\"https:\/\/now-news.de\/de\/wp-content\/uploads\/sites\/3\/2025\/07\/68720a6d48fbef37fc6ba349.JPG\" \/><\/p>\n<div class=\"Text-root Text-type_1 \">\n                Deutsche Medien und Politiker aus dem linken Spektrum solidarisieren sich seit Monaten mit einem inhaftierten Linksextremen. Der 24-J\u00e4hrige wurde nach Ungarn ausgeliefert, da er mutma\u00dfliches Mitglied der gewaltt\u00e4tigen &#8220;Hammerbande&#8221; ist. Der Inhaftierte befindet sich im Hungerstreik. Nun schaltet sich das Ausw\u00e4rtige Amt ein.\n            <\/div>\n<p><\/p>\n<div class=\"Text-root Text-type_5 ArticleView-text ViewText-root \">\n<p>Die Festnahme und Auslieferung eines linksextremen Gewaltt\u00e4ters entwickelt sich immer mehr zu einem Politikum zwischen Berlin und Budapest. In dem Fall geht es um einen ausgelieferten Linksextremen, den 24-j\u00e4hrigen\u00a0Simeon &#8216;Maja&#8217; T., der sich seit seiner Inhaftierung als &#8220;non-bin\u00e4r&#8221; bezeichnet. T. befindet sich aktuell in einem Hungerstreik und fordert seine R\u00fcckkehr nach Deutschland. Parallel engagiert sich unter medialer Aufmerksamkeit der Vater f\u00fcr eine R\u00fcckf\u00fchrung in ein deutsches Gef\u00e4ngnis. Solidarische Unterst\u00fctzung erf\u00e4hrt der Angeklagte dabei aus den Reihen der Gr\u00fcnen, der Linken und der SPD. Nun will sich Au\u00dfenminister Wadephul pers\u00f6nlich in den Fall einschalten.<\/p>\n<p>Simeon &#8216;Maja&#8217; T. ist nachweislich Mitglied der gewaltt\u00e4tigen, medial als &#8220;Hammerbande&#8221; bezeichneten Gruppierung, die durch ihre Brutalit\u00e4t bei Angriffen auf &#8220;Rechte&#8221; f\u00fcr Schlagzeilen sorgte.\u00a0T. wurde im Dezember 2023 in Berlin verhaftet und im Juni 2024 nach Ungarn ausgeliefert. In den deutschen Medien wird dabei \u00fcber den Gewaltt\u00e4ter nur unter seinen &#8220;non-bin\u00e4ren&#8221; Namen Maja T. berichtet. Der 24-J\u00e4hrige befindet sich\u00a0seit rund vier Wochen im Hungerstreik. Laut Angaben aus dem Familienumfeld habe er dabei bereits 14 Kilo abgenommen. <em>Der Spiegel<\/em> berichtete am 10. Juli (Bezahlschranke):<\/p>\n<p><em>&#8220;Maja T. soll Herzschrittmacher eingesetzt werden \u2013 Der Gesundheitszustand der in Ungarn inhaftierten Maja T. soll sich nach Spiegel-Informationen massiv verschlechtert haben. Die \u00c4rzte wollen offenbar eingreifen, weil T. Organsch\u00e4den drohen.&#8221;<\/em><\/p>\n<p>Laut einem aktuellen Artikel des SPD-nahen <em>Redaktionsnetzwerk Deutschland<\/em>\u00a0(RND) w\u00fcrde daher der &#8220;Druck auf Au\u00dfenminister Wadephul, Maja T. zur\u00fcckzuholen, wachsen&#8221;. Der &#8220;queerpolitische Sprecher&#8221; der SPD-Fraktion, Falko Dro\u00dfmann, erkl\u00e4rte dazu in einem <a rel=\"nofollow noopener\" target=\"_blank\" href=\"https:\/\/taz.de\/Inhaftierte-Aktivistin-in-Ungarn\/!6100301\/\">Artikel<\/a>\u00a0der Berliner <em>taz<\/em>:<\/p>\n<p><em>&#8220;Die SPD-Bundestagsfraktion verfolgt die Situation von Maja T. in Ungarn mit gro\u00dfer Sorge.\u00a0Wir erwarten vom Ausw\u00e4rtigen Amt, dass unsere Botschafterin in Ungarn endlich pers\u00f6nlich Kontakt zu Maja T. aufnimmt und dass unser Au\u00dfenminister alles daf\u00fcr tut, den Forderungen des Bundesverfassungsgerichtes nachzukommen.&#8221;<\/em><\/p>\n<p>Laut Dro\u00dfmann w\u00fcrden die\u00a0Haftbedingungen von T. in Ungarn in Bezug auf &#8220;die Frage eines fairen rechtsstaatlichen Verfahrens erhebliche Zweifel aufwerfen&#8221;. Und weiter:<\/p>\n<p><em>&#8220;Es ist die Pflicht des Ausw\u00e4rtigen Amtes, sich um unrechtm\u00e4\u00dfig inhaftierte Deutsche zu k\u00fcmmern \u2013 eigentlich auch ohne gesonderte Weisung des Bundesverfassungsgerichtes.&#8221;<\/em><\/p>\n<p>Die<em> ARD<\/em>-Tagesschau <a rel=\"nofollow noopener\" target=\"_blank\" href=\"https:\/\/www.tagesschau.de\/ausland\/europa\/maja-t-haftbedingungen-ungarn-aussenamt-100.html\">berichtet<\/a> nun \u00fcber die Wahrnehmung im politischen Berlin, dass sich der deutsche Au\u00dfenminister &#8220;f\u00fcr\u00a0bessere Haftbedingungen von Maja T. einsetzen will&#8221;. Demnach habe das Ausw\u00e4rtige Amt gegen\u00fcber dem <em>RND<\/em> best\u00e4tigt, dass\u00a0&#8220;Wadephul\u00a0neue Gespr\u00e4che mit der Regierung in Budapest angek\u00fcndigt hat&#8221;. Der Chef des Ausw\u00e4rtigen Amtes wird mit den Worten zitiert:<\/p>\n<p><em>&#8220;Wir werden in dieser Sache kommende Woche erneut in Ungarn vorstellig werden.&#8221;<\/em><\/p>\n<p>Das Ausw\u00e4rtige Amt habe laut Angaben\u00a0der<em> taz<\/em> zuletzt erkl\u00e4rt, &#8220;sich &#8216;hochrangig&#8217; f\u00fcr Maja T. einzusetzen&#8221;. T. werde demnach bereits in Ungarn &#8220;konsularisch betreut, man setze sich f\u00fcr bessere Haftbedingungen und eine angemessene medizinische Versorgung ein&#8221;. In dem <em>RND<\/em>-Artikel hei\u00dft es zu den Entwicklungen:<\/p>\n<p><em>&#8220;\u00dcber eine R\u00fcck\u00fcberstellung nach Deutschland m\u00fcssten aber ungarische Gerichte entscheiden. Der Prozess gegen T. befindet sich dem Blatt zufolge derzeit allerdings in einer Sommerpause bis September.&#8221;<\/em><\/p>\n<p>Eine kritische Wahrnehmung zu der auff\u00e4lligen Solidarit\u00e4tswelle seitens der Politik (<em>RT DE<\/em>\u00a0<a rel=\"nofollow noopener\" target=\"_blank\" href=\"https:\/\/freedert.online\/inland\/216478-unwuerdige-haftbedingungen-politiker-linken-besuchen\/\">berichtete<\/a>)\u00a0findet sich in einem<a rel=\"nofollow noopener\" target=\"_blank\" href=\"https:\/\/www.berliner-zeitung.de\/mensch-metropole\/sind-hiebe-auf-den-hinterkopf-keine-straftat-wie-die-linke-maja-t-verteidigt-li.2338950\"> Artikel<\/a> der <em>Berliner Zeitung<\/em> vom 9. Juli (Bezahlschranke). So lautet die Frage:<\/p>\n<p><em>&#8220;Sind Hiebe auf den Hinterkopf keine Straftat? Wie Die Linke Maja T. verteidigt.\u00a0Darf man schon mal zulangen, wenn es um die antifaschistische Sache geht? N\u00f6, findet unser Kolumnist. Und staunt \u00fcber grobe Worte des Linke-Politikers Schirdewan.&#8221;<\/em><\/p>\n<p>Der Gewaltt\u00e4ter erf\u00e4hrt von Beginn an seiner Inhaftierung in Ungarn aktive Solidarit\u00e4t durch die Gr\u00fcnen-Politikerin Karin G\u00f6ring-Eckhardt, die Ende Juni extra nach\u00a0Budapest reiste, um ihn in der Haft zu besuchen.<\/p>\n<div class=\"EmbedBlock-root EmbedBlock-twitter\">\n<div class=\"TwitterEmbed\">\n<blockquote class=\"twitter-tweet lazyload\" data-twitter=\"twitter-tweet\">\n<p lang=\"de\" dir=\"ltr\">Seit einem Jahr sitzt Maja T. hier in Ungarn unter menschenunw\u00fcrdigen Bedingungen in Haft. Maja T. wurde unrechtens an Ungarn \u00fcberstellt. Wir fordern die schnelle R\u00fcck\u00fcberstellung nach Deutschland &#8211; f\u00fcr ein faires, rechtsstaatliches Verfahren. <a rel=\"nofollow noopener\" target=\"_blank\" href=\"https:\/\/t.co\/PXHvHoH8VS\">pic.twitter.com\/PXHvHoH8VS<\/a><\/p>\n<p>\u2014 Katrin G\u00f6ring-Eckardt (@GoeringEckardt) <a rel=\"nofollow noopener\" target=\"_blank\" href=\"https:\/\/twitter.com\/GoeringEckardt\/status\/1938912720427872407?ref_src=twsrc%5Etfw\">June 28, 2025<\/a><\/p><\/blockquote>\n<\/div>\n<\/div>\n<p>Das <em>Compact<\/em>-Magazin <a rel=\"nofollow noopener\" target=\"_blank\" href=\"https:\/\/www.youtube.com\/watch?v=nCUultM2lqg\">recherchierte<\/a>, dass sich an dem Haus des Wahlkreisb\u00fcros von\u00a0G\u00f6ring-Eckhard in Jena, neben weiteren Gr\u00fcnen- und &#8220;Antifa-Organisationen&#8221;, auch der Briefkasten f\u00fcr &#8220;Solidarit\u00e4ts-Post&#8221; an T. befindet.\u00a0<\/p>\n<p><strong>Mehr zum Thema <\/strong>\u2013\u00a0<a rel=\"nofollow noopener\" target=\"_blank\" href=\"https:\/\/freedert.online\/meinung\/249633-ob-simeon-oder-maja-auf\/\">Ob Simeon oder Maja \u2013 auf jeden Fall ein falscher Held<\/a><\/p>\n<div class=\"EmbedBlock-root EmbedBlock-externalVideo EmbedBlock-rumble\">\n<div class=\"VkEmbed\"><iframe class=\"lazyload\" data-src=\"https:\/\/rumble.com\/embed\/v6o22us\" frameborder=\"0\" width=\"853\" height=\"480\" allowfullscreen><\/iframe><\/div>\n<\/div>\n<\/div>\n<p><script async src=\"https:\/\/platform.twitter.com\/widgets.js\" charset=\"utf-8\"><\/script><br \/>\n<br \/><br \/>\n<br \/><a href=\"https:\/\/de.rt.com\/inland\/250479-aussenminister-wadephul-macht-sich-sorgen\/\">Source link <\/a><\/p>\n","protected":false},"excerpt":{"rendered":"<p>Deutsche Medien und Politiker aus dem linken Spektrum solidarisieren sich seit Monaten mit einem inhaftierten Linksextremen. Der 24-J\u00e4hrige wurde nach Ungarn ausgeliefert, da er mutma\u00dfliches Mitglied der gewaltt\u00e4tigen &#8220;Hammerbande&#8221; ist. Der Inhaftierte befindet sich im Hungerstreik. Nun schaltet sich das Ausw\u00e4rtige Amt ein. Die Festnahme und Auslieferung eines linksextremen Gewaltt\u00e4ters entwickelt sich immer mehr zu [&hellip;]<\/p>\n","protected":false},"author":3,"featured_media":87082,"comment_status":"open","ping_status":"open","sticky":false,"template":"","format":"standard","meta":{"_yoast_indexnow_last_ping":["1752351775"],"wp_automatic_camp":["217"],"80ffc80df375fca6b7fcfc62a8a8688b":["Au\u00dfenminister Wadephul macht sich Sorgen um inhaftierten Linksextremen in Ungarn"],"original_link":["https:\/\/de.rt.com\/inland\/250479-aussenminister-wadephul-macht-sich-sorgen\/"],"_thumbnail_id":["87082"],"jnews_social_counter_last_update":["1777371697"],"_wptgpro_p2tg_sent2tg":["a:1:{i:23737;s:19:\"2025-07-12 22:24:03\";}"]},"categories":[19,23],"tags":[13830,33635,20821,4847,434,23659,11664,64588],"yoast_head":"<!-- This site is optimized with the Yoast SEO Premium plugin v22.7 (Yoast SEO v22.7) - https:\/\/yoast.com\/wordpress\/plugins\/seo\/ -->\n<title>Au\u00dfenminister Wadephul macht sich Sorgen um inhaftierten Linksextremen in Ungarn - just-now.NEWS Deutschland<\/title>\n<meta name=\"robots\" content=\"index, follow, max-snippet:-1, max-image-preview:large, max-video-preview:-1\" \/>\n<link rel=\"canonical\" href=\"https:\/\/now-news.de\/de\/deutschland\/aussenminister-wadephul-macht-sich-sorgen-um-inhaftierten-linksextremen-in-ungarn\/\" \/>\n<meta property=\"og:locale\" content=\"de_DE\" \/>\n<meta property=\"og:type\" content=\"article\" \/>\n<meta property=\"og:title\" content=\"Au\u00dfenminister Wadephul macht sich Sorgen um inhaftierten Linksextremen in Ungarn\" \/>\n<meta property=\"og:description\" content=\"Deutsche Medien und Politiker aus dem linken Spektrum solidarisieren sich seit Monaten mit einem inhaftierten Linksextremen. Der 24-J\u00e4hrige wurde nach Ungarn ausgeliefert, da er mutma\u00dfliches Mitglied der gewaltt\u00e4tigen &#8220;Hammerbande&#8221; ist. Der Inhaftierte befindet sich im Hungerstreik. Nun schaltet sich das Ausw\u00e4rtige Amt ein. Die Festnahme und Auslieferung eines linksextremen Gewaltt\u00e4ters entwickelt sich immer mehr zu [&hellip;]\" \/>\n<meta property=\"og:url\" content=\"https:\/\/now-news.de\/de\/deutschland\/aussenminister-wadephul-macht-sich-sorgen-um-inhaftierten-linksextremen-in-ungarn\/\" \/>\n<meta property=\"og:site_name\" content=\"just-now.NEWS Deutschland\" \/>\n<meta property=\"article:publisher\" content=\"https:\/\/www.facebook.com\/wirmachenauf\" \/>\n<meta property=\"article:published_time\" content=\"2025-07-12T19:24:15+00:00\" \/>\n<meta property=\"og:image\" content=\"https:\/\/now-news.de\/de\/wp-content\/uploads\/sites\/3\/2025\/07\/68720a6d48fbef37fc6ba349.JPG\" \/>\n<meta name=\"author\" content=\"rtnews\" \/>\n<meta name=\"twitter:card\" content=\"summary_large_image\" \/>\n<meta name=\"twitter:creator\" content=\"@WirMachenAuf_de\" \/>\n<meta name=\"twitter:site\" content=\"@WirMachenAuf_de\" \/>\n<meta name=\"twitter:label1\" content=\"Verfasst von\" \/>\n\t<meta name=\"twitter:data1\" content=\"rtnews\" \/>\n\t<meta name=\"twitter:label2\" content=\"Gesch\u00e4tzte Lesezeit\" \/>\n\t<meta name=\"twitter:data2\" content=\"4\u00a0Minuten\" \/>\n<script type=\"application\/ld+json\" class=\"yoast-schema-graph\">{\"@context\":\"https:\/\/schema.org\",\"@graph\":[{\"@type\":\"Article\",\"@id\":\"https:\/\/now-news.de\/de\/deutschland\/aussenminister-wadephul-macht-sich-sorgen-um-inhaftierten-linksextremen-in-ungarn\/#article\",\"isPartOf\":{\"@id\":\"https:\/\/now-news.de\/de\/deutschland\/aussenminister-wadephul-macht-sich-sorgen-um-inhaftierten-linksextremen-in-ungarn\/\"},\"author\":{\"name\":\"rtnews\",\"@id\":\"https:\/\/now-news.de\/de\/#\/schema\/person\/fb534a4e865501d8b3285208df34a9b5\"},\"headline\":\"Au\u00dfenminister Wadephul macht sich Sorgen um inhaftierten Linksextremen in Ungarn\",\"datePublished\":\"2025-07-12T19:24:15+00:00\",\"dateModified\":\"2025-07-12T19:24:15+00:00\",\"mainEntityOfPage\":{\"@id\":\"https:\/\/now-news.de\/de\/deutschland\/aussenminister-wadephul-macht-sich-sorgen-um-inhaftierten-linksextremen-in-ungarn\/\"},\"wordCount\":769,\"commentCount\":0,\"publisher\":{\"@id\":\"https:\/\/now-news.de\/de\/#organization\"},\"image\":{\"@id\":\"https:\/\/now-news.de\/de\/deutschland\/aussenminister-wadephul-macht-sich-sorgen-um-inhaftierten-linksextremen-in-ungarn\/#primaryimage\"},\"thumbnailUrl\":\"https:\/\/now-news.de\/de\/wp-content\/uploads\/sites\/3\/2025\/07\/Aussenminister-Wadephul-macht-sich-Sorgen-um-inhaftierten-Linksextremen-in-Ungarn.JPG\",\"keywords\":[\"Au\u00dfenminister\",\"inhaftierten\",\"linksextremen\",\"Macht\",\"sich\",\"sorgen\",\"Ungarn\",\"Wadephul\"],\"articleSection\":[\"Deutschland\",\"Russland\"],\"inLanguage\":\"de\",\"potentialAction\":[{\"@type\":\"CommentAction\",\"name\":\"Comment\",\"target\":[\"https:\/\/now-news.de\/de\/deutschland\/aussenminister-wadephul-macht-sich-sorgen-um-inhaftierten-linksextremen-in-ungarn\/#respond\"]}]},{\"@type\":\"WebPage\",\"@id\":\"https:\/\/now-news.de\/de\/deutschland\/aussenminister-wadephul-macht-sich-sorgen-um-inhaftierten-linksextremen-in-ungarn\/\",\"url\":\"https:\/\/now-news.de\/de\/deutschland\/aussenminister-wadephul-macht-sich-sorgen-um-inhaftierten-linksextremen-in-ungarn\/\",\"name\":\"Au\u00dfenminister Wadephul macht sich Sorgen um inhaftierten Linksextremen in Ungarn - just-now.NEWS Deutschland\",\"isPartOf\":{\"@id\":\"https:\/\/now-news.de\/de\/#website\"},\"primaryImageOfPage\":{\"@id\":\"https:\/\/now-news.de\/de\/deutschland\/aussenminister-wadephul-macht-sich-sorgen-um-inhaftierten-linksextremen-in-ungarn\/#primaryimage\"},\"image\":{\"@id\":\"https:\/\/now-news.de\/de\/deutschland\/aussenminister-wadephul-macht-sich-sorgen-um-inhaftierten-linksextremen-in-ungarn\/#primaryimage\"},\"thumbnailUrl\":\"https:\/\/now-news.de\/de\/wp-content\/uploads\/sites\/3\/2025\/07\/Aussenminister-Wadephul-macht-sich-Sorgen-um-inhaftierten-Linksextremen-in-Ungarn.JPG\",\"datePublished\":\"2025-07-12T19:24:15+00:00\",\"dateModified\":\"2025-07-12T19:24:15+00:00\",\"breadcrumb\":{\"@id\":\"https:\/\/now-news.de\/de\/deutschland\/aussenminister-wadephul-macht-sich-sorgen-um-inhaftierten-linksextremen-in-ungarn\/#breadcrumb\"},\"inLanguage\":\"de\",\"potentialAction\":[{\"@type\":\"ReadAction\",\"target\":[\"https:\/\/now-news.de\/de\/deutschland\/aussenminister-wadephul-macht-sich-sorgen-um-inhaftierten-linksextremen-in-ungarn\/\"]}]},{\"@type\":\"ImageObject\",\"inLanguage\":\"de\",\"@id\":\"https:\/\/now-news.de\/de\/deutschland\/aussenminister-wadephul-macht-sich-sorgen-um-inhaftierten-linksextremen-in-ungarn\/#primaryimage\",\"url\":\"https:\/\/now-news.de\/de\/wp-content\/uploads\/sites\/3\/2025\/07\/Aussenminister-Wadephul-macht-sich-Sorgen-um-inhaftierten-Linksextremen-in-Ungarn.JPG\",\"contentUrl\":\"https:\/\/now-news.de\/de\/wp-content\/uploads\/sites\/3\/2025\/07\/Aussenminister-Wadephul-macht-sich-Sorgen-um-inhaftierten-Linksextremen-in-Ungarn.JPG\",\"width\":460,\"height\":259,\"caption\":\"Au\u00dfenminister Wadephul macht sich Sorgen um inhaftierten Linksextremen in Ungarn\"},{\"@type\":\"BreadcrumbList\",\"@id\":\"https:\/\/now-news.de\/de\/deutschland\/aussenminister-wadephul-macht-sich-sorgen-um-inhaftierten-linksextremen-in-ungarn\/#breadcrumb\",\"itemListElement\":[{\"@type\":\"ListItem\",\"position\":1,\"name\":\"Home\",\"item\":\"https:\/\/now-news.de\/de\/\"},{\"@type\":\"ListItem\",\"position\":2,\"name\":\"Au\u00dfenminister Wadephul macht sich Sorgen um inhaftierten Linksextremen in Ungarn\"}]},{\"@type\":\"WebSite\",\"@id\":\"https:\/\/now-news.de\/de\/#website\",\"url\":\"https:\/\/now-news.de\/de\/\",\"name\":\"just-now.NEWS Deutschland\",\"description\":\"Das Portal f\u00fcr unzensierte Nachrichten aus der Welt\",\"publisher\":{\"@id\":\"https:\/\/now-news.de\/de\/#organization\"},\"potentialAction\":[{\"@type\":\"SearchAction\",\"target\":{\"@type\":\"EntryPoint\",\"urlTemplate\":\"https:\/\/now-news.de\/de\/?s={search_term_string}\"},\"query-input\":\"required name=search_term_string\"}],\"inLanguage\":\"de\"},{\"@type\":\"Organization\",\"@id\":\"https:\/\/now-news.de\/de\/#organization\",\"name\":\"Just Now News\",\"url\":\"https:\/\/now-news.de\/de\/\",\"logo\":{\"@type\":\"ImageObject\",\"inLanguage\":\"de\",\"@id\":\"https:\/\/now-news.de\/de\/#\/schema\/logo\/image\/\",\"url\":\"http:\/\/just-now.news\/de\/wp-content\/uploads\/sites\/3\/2022\/04\/logo500x500.jpg\",\"contentUrl\":\"http:\/\/just-now.news\/de\/wp-content\/uploads\/sites\/3\/2022\/04\/logo500x500.jpg\",\"width\":500,\"height\":500,\"caption\":\"Just Now News\"},\"image\":{\"@id\":\"https:\/\/now-news.de\/de\/#\/schema\/logo\/image\/\"},\"sameAs\":[\"https:\/\/www.facebook.com\/wirmachenauf\",\"https:\/\/x.com\/WirMachenAuf_de\"]},{\"@type\":\"Person\",\"@id\":\"https:\/\/now-news.de\/de\/#\/schema\/person\/fb534a4e865501d8b3285208df34a9b5\",\"name\":\"rtnews\",\"image\":{\"@type\":\"ImageObject\",\"inLanguage\":\"de\",\"@id\":\"https:\/\/now-news.de\/de\/#\/schema\/person\/image\/\",\"url\":\"https:\/\/secure.gravatar.com\/avatar\/82aafea7d8127119dd649515f56e2117?s=96&d=mm&r=g\",\"contentUrl\":\"https:\/\/secure.gravatar.com\/avatar\/82aafea7d8127119dd649515f56e2117?s=96&d=mm&r=g\",\"caption\":\"rtnews\"},\"url\":\"https:\/\/now-news.de\/de\/author\/rnews\/\"}]}<\/script>\n<!-- \/ Yoast SEO Premium plugin. -->","yoast_head_json":{"title":"Au\u00dfenminister Wadephul macht sich Sorgen um inhaftierten Linksextremen in Ungarn - just-now.NEWS Deutschland","robots":{"index":"index","follow":"follow","max-snippet":"max-snippet:-1","max-image-preview":"max-image-preview:large","max-video-preview":"max-video-preview:-1"},"canonical":"https:\/\/now-news.de\/de\/deutschland\/aussenminister-wadephul-macht-sich-sorgen-um-inhaftierten-linksextremen-in-ungarn\/","og_locale":"de_DE","og_type":"article","og_title":"Au\u00dfenminister Wadephul macht sich Sorgen um inhaftierten Linksextremen in Ungarn","og_description":"Deutsche Medien und Politiker aus dem linken Spektrum solidarisieren sich seit Monaten mit einem inhaftierten Linksextremen. Der 24-J\u00e4hrige wurde nach Ungarn ausgeliefert, da er mutma\u00dfliches Mitglied der gewaltt\u00e4tigen &#8220;Hammerbande&#8221; ist. Der Inhaftierte befindet sich im Hungerstreik. Nun schaltet sich das Ausw\u00e4rtige Amt ein. Die Festnahme und Auslieferung eines linksextremen Gewaltt\u00e4ters entwickelt sich immer mehr zu [&hellip;]","og_url":"https:\/\/now-news.de\/de\/deutschland\/aussenminister-wadephul-macht-sich-sorgen-um-inhaftierten-linksextremen-in-ungarn\/","og_site_name":"just-now.NEWS Deutschland","article_publisher":"https:\/\/www.facebook.com\/wirmachenauf","article_published_time":"2025-07-12T19:24:15+00:00","og_image":[{"url":"https:\/\/now-news.de\/de\/wp-content\/uploads\/sites\/3\/2025\/07\/68720a6d48fbef37fc6ba349.JPG"}],"author":"rtnews","twitter_card":"summary_large_image","twitter_creator":"@WirMachenAuf_de","twitter_site":"@WirMachenAuf_de","twitter_misc":{"Verfasst von":"rtnews","Gesch\u00e4tzte Lesezeit":"4\u00a0Minuten"},"schema":{"@context":"https:\/\/schema.org","@graph":[{"@type":"Article","@id":"https:\/\/now-news.de\/de\/deutschland\/aussenminister-wadephul-macht-sich-sorgen-um-inhaftierten-linksextremen-in-ungarn\/#article","isPartOf":{"@id":"https:\/\/now-news.de\/de\/deutschland\/aussenminister-wadephul-macht-sich-sorgen-um-inhaftierten-linksextremen-in-ungarn\/"},"author":{"name":"rtnews","@id":"https:\/\/now-news.de\/de\/#\/schema\/person\/fb534a4e865501d8b3285208df34a9b5"},"headline":"Au\u00dfenminister Wadephul macht sich Sorgen um inhaftierten Linksextremen in Ungarn","datePublished":"2025-07-12T19:24:15+00:00","dateModified":"2025-07-12T19:24:15+00:00","mainEntityOfPage":{"@id":"https:\/\/now-news.de\/de\/deutschland\/aussenminister-wadephul-macht-sich-sorgen-um-inhaftierten-linksextremen-in-ungarn\/"},"wordCount":769,"commentCount":0,"publisher":{"@id":"https:\/\/now-news.de\/de\/#organization"},"image":{"@id":"https:\/\/now-news.de\/de\/deutschland\/aussenminister-wadephul-macht-sich-sorgen-um-inhaftierten-linksextremen-in-ungarn\/#primaryimage"},"thumbnailUrl":"https:\/\/now-news.de\/de\/wp-content\/uploads\/sites\/3\/2025\/07\/Aussenminister-Wadephul-macht-sich-Sorgen-um-inhaftierten-Linksextremen-in-Ungarn.JPG","keywords":["Au\u00dfenminister","inhaftierten","linksextremen","Macht","sich","sorgen","Ungarn","Wadephul"],"articleSection":["Deutschland","Russland"],"inLanguage":"de","potentialAction":[{"@type":"CommentAction","name":"Comment","target":["https:\/\/now-news.de\/de\/deutschland\/aussenminister-wadephul-macht-sich-sorgen-um-inhaftierten-linksextremen-in-ungarn\/#respond"]}]},{"@type":"WebPage","@id":"https:\/\/now-news.de\/de\/deutschland\/aussenminister-wadephul-macht-sich-sorgen-um-inhaftierten-linksextremen-in-ungarn\/","url":"https:\/\/now-news.de\/de\/deutschland\/aussenminister-wadephul-macht-sich-sorgen-um-inhaftierten-linksextremen-in-ungarn\/","name":"Au\u00dfenminister Wadephul macht sich Sorgen um inhaftierten Linksextremen in Ungarn - just-now.NEWS Deutschland","isPartOf":{"@id":"https:\/\/now-news.de\/de\/#website"},"primaryImageOfPage":{"@id":"https:\/\/now-news.de\/de\/deutschland\/aussenminister-wadephul-macht-sich-sorgen-um-inhaftierten-linksextremen-in-ungarn\/#primaryimage"},"image":{"@id":"https:\/\/now-news.de\/de\/deutschland\/aussenminister-wadephul-macht-sich-sorgen-um-inhaftierten-linksextremen-in-ungarn\/#primaryimage"},"thumbnailUrl":"https:\/\/now-news.de\/de\/wp-content\/uploads\/sites\/3\/2025\/07\/Aussenminister-Wadephul-macht-sich-Sorgen-um-inhaftierten-Linksextremen-in-Ungarn.JPG","datePublished":"2025-07-12T19:24:15+00:00","dateModified":"2025-07-12T19:24:15+00:00","breadcrumb":{"@id":"https:\/\/now-news.de\/de\/deutschland\/aussenminister-wadephul-macht-sich-sorgen-um-inhaftierten-linksextremen-in-ungarn\/#breadcrumb"},"inLanguage":"de","potentialAction":[{"@type":"ReadAction","target":["https:\/\/now-news.de\/de\/deutschland\/aussenminister-wadephul-macht-sich-sorgen-um-inhaftierten-linksextremen-in-ungarn\/"]}]},{"@type":"ImageObject","inLanguage":"de","@id":"https:\/\/now-news.de\/de\/deutschland\/aussenminister-wadephul-macht-sich-sorgen-um-inhaftierten-linksextremen-in-ungarn\/#primaryimage","url":"https:\/\/now-news.de\/de\/wp-content\/uploads\/sites\/3\/2025\/07\/Aussenminister-Wadephul-macht-sich-Sorgen-um-inhaftierten-Linksextremen-in-Ungarn.JPG","contentUrl":"https:\/\/now-news.de\/de\/wp-content\/uploads\/sites\/3\/2025\/07\/Aussenminister-Wadephul-macht-sich-Sorgen-um-inhaftierten-Linksextremen-in-Ungarn.JPG","width":460,"height":259,"caption":"Au\u00dfenminister Wadephul macht sich Sorgen um inhaftierten Linksextremen in Ungarn"},{"@type":"BreadcrumbList","@id":"https:\/\/now-news.de\/de\/deutschland\/aussenminister-wadephul-macht-sich-sorgen-um-inhaftierten-linksextremen-in-ungarn\/#breadcrumb","itemListElement":[{"@type":"ListItem","position":1,"name":"Home","item":"https:\/\/now-news.de\/de\/"},{"@type":"ListItem","position":2,"name":"Au\u00dfenminister Wadephul macht sich Sorgen um inhaftierten Linksextremen in Ungarn"}]},{"@type":"WebSite","@id":"https:\/\/now-news.de\/de\/#website","url":"https:\/\/now-news.de\/de\/","name":"just-now.NEWS Deutschland","description":"Das Portal f\u00fcr unzensierte Nachrichten aus der Welt","publisher":{"@id":"https:\/\/now-news.de\/de\/#organization"},"potentialAction":[{"@type":"SearchAction","target":{"@type":"EntryPoint","urlTemplate":"https:\/\/now-news.de\/de\/?s={search_term_string}"},"query-input":"required name=search_term_string"}],"inLanguage":"de"},{"@type":"Organization","@id":"https:\/\/now-news.de\/de\/#organization","name":"Just Now News","url":"https:\/\/now-news.de\/de\/","logo":{"@type":"ImageObject","inLanguage":"de","@id":"https:\/\/now-news.de\/de\/#\/schema\/logo\/image\/","url":"http:\/\/just-now.news\/de\/wp-content\/uploads\/sites\/3\/2022\/04\/logo500x500.jpg","contentUrl":"http:\/\/just-now.news\/de\/wp-content\/uploads\/sites\/3\/2022\/04\/logo500x500.jpg","width":500,"height":500,"caption":"Just Now News"},"image":{"@id":"https:\/\/now-news.de\/de\/#\/schema\/logo\/image\/"},"sameAs":["https:\/\/www.facebook.com\/wirmachenauf","https:\/\/x.com\/WirMachenAuf_de"]},{"@type":"Person","@id":"https:\/\/now-news.de\/de\/#\/schema\/person\/fb534a4e865501d8b3285208df34a9b5","name":"rtnews","image":{"@type":"ImageObject","inLanguage":"de","@id":"https:\/\/now-news.de\/de\/#\/schema\/person\/image\/","url":"https:\/\/secure.gravatar.com\/avatar\/82aafea7d8127119dd649515f56e2117?s=96&d=mm&r=g","contentUrl":"https:\/\/secure.gravatar.com\/avatar\/82aafea7d8127119dd649515f56e2117?s=96&d=mm&r=g","caption":"rtnews"},"url":"https:\/\/now-news.de\/de\/author\/rnews\/"}]}},"_links":{"self":[{"href":"https:\/\/now-news.de\/de\/wp-json\/wp\/v2\/posts\/87081"}],"collection":[{"href":"https:\/\/now-news.de\/de\/wp-json\/wp\/v2\/posts"}],"about":[{"href":"https:\/\/now-news.de\/de\/wp-json\/wp\/v2\/types\/post"}],"author":[{"embeddable":true,"href":"https:\/\/now-news.de\/de\/wp-json\/wp\/v2\/users\/3"}],"replies":[{"embeddable":true,"href":"https:\/\/now-news.de\/de\/wp-json\/wp\/v2\/comments?post=87081"}],"version-history":[{"count":0,"href":"https:\/\/now-news.de\/de\/wp-json\/wp\/v2\/posts\/87081\/revisions"}],"wp:featuredmedia":[{"embeddable":true,"href":"https:\/\/now-news.de\/de\/wp-json\/wp\/v2\/media\/87082"}],"wp:attachment":[{"href":"https:\/\/now-news.de\/de\/wp-json\/wp\/v2\/media?parent=87081"}],"wp:term":[{"taxonomy":"category","embeddable":true,"href":"https:\/\/now-news.de\/de\/wp-json\/wp\/v2\/categories?post=87081"},{"taxonomy":"post_tag","embeddable":true,"href":"https:\/\/now-news.de\/de\/wp-json\/wp\/v2\/tags?post=87081"}],"curies":[{"name":"wp","href":"https:\/\/api.w.org\/{rel}","templated":true}]}}