{"id":87069,"date":"2025-07-12T20:09:36","date_gmt":"2025-07-12T18:09:36","guid":{"rendered":"https:\/\/now-news.de\/de\/deutschland\/iran-will-nicht-voellig-auf-zusammenarbeit-mit-iaea-verzichten-ihre-form-wird-aber-anders-sein\/"},"modified":"2025-07-12T20:09:36","modified_gmt":"2025-07-12T18:09:36","slug":"iran-will-nicht-voellig-auf-zusammenarbeit-mit-iaea-verzichten-ihre-form-wird-aber-anders-sein","status":"publish","type":"post","link":"https:\/\/now-news.de\/de\/deutschland\/iran-will-nicht-voellig-auf-zusammenarbeit-mit-iaea-verzichten-ihre-form-wird-aber-anders-sein\/","title":{"rendered":"Iran will nicht v\u00f6llig auf Zusammenarbeit mit IAEA verzichten: &quot;Ihre Form wird aber anders sein&quot;"},"content":{"rendered":"<p><img decoding=\"async\" src=\"https:\/\/now-news.de\/de\/wp-content\/uploads\/sites\/3\/2025\/07\/68726eda48fbef3c38278502.jpg\" \/><\/p>\n<div class=\"Text-root Text-type_1 \">\n                Trotz der israelischen und US-amerikanischen Angriffe will Iran sein Atomprogramm nicht aufgeben. Au\u00dfenminister Abbas Araghtschi versicherte, dass die Pl\u00e4ne Teherans in Bezug auf die Kernenergie weiterhin friedlich seien. Die Kooperation mit der IAEA werde aber anders sein.\n            <\/div>\n<p><\/p>\n<div class=\"Text-root Text-type_5 ArticleView-text ViewText-root \">\n<p>Der iranische Au\u00dfenminister Abbas Araghtschi hat sich am Samstag in Teheran mit Diplomaten aus anderen L\u00e4ndern getroffen. Dabei bekr\u00e4ftigte er die Stellung seines Landes in Bezug auf die friedliche Nutzung von Kernenergie. Das Atomprogramm der Islamischen Republik sei schon immer ein friedliches gewesen und werde es auch bleiben. Araghtschi hob hervor: \u00a0\u00a0\u00a0\u00a0\u00a0\u00a0<\/p>\n<blockquote>\n<p><em>&#8220;Wir sind nach wie vor ein Mitgliedsstaat des Atomwaffensperrvertrags und werden es auch bleiben.&#8221;<\/em><\/p>\n<\/blockquote>\n<p>Au\u00dferdem \u00e4u\u00dferte sich der iranische Chefdiplomat zur Zusammenarbeit mit der Internationalen Atomenergie-Organisation (IAEA). Iran verzichte nicht auf die Kooperation, aber\u00a0<\/p>\n<blockquote>\n<p><em>&#8220;sie wird eine neue Form annehmen, was absolut verst\u00e4ndlich ist, wenn man die bestehende Realit\u00e4t und die j\u00fcngsten Geschehnisse ber\u00fccksichtigt.&#8221;<\/em><\/p>\n<\/blockquote>\n<p>Araghtschi pr\u00e4zisierte, dass die k\u00fcnftige Zusammenarbeit mit der IAEA laut einem im Parlament\u00a0unterbreiteten\u00a0Gesetzentwurf nun vom Obersten Sicherheitsrat der Republik geregelt werden solle.<\/p>\n<p>Ende Juni\u00a0hatte\u00a0der Parlamentssprecher Mohammad Bagher Ghalibaf die IAEA als &#8220;Sch\u00fctzer und Diener&#8221; Israels bezeichnet und erkl\u00e4rt, dass die Zusammenarbeit mit der IAEA nicht mehr m\u00f6glich sei, solange die Sicherheit der iranischen Atomobjekte nicht gew\u00e4hrleistet sei.<\/p>\n<p>Der Vize-Sprecher des iranischen Parlaments (Madschles), Hamid-Reza Haji Babaee,\u00a0erkl\u00e4rte\u00a0seinerseits, dass die iranischen Beh\u00f6rden dem IAEA-Generaldirektor Rafael Grossi nicht mehr erlauben w\u00fcrden, die iranischen Atomobjekte zu inspizieren. Die Organisation werde dort zudem keine \u00dcberwachungskameras mehr installieren d\u00fcrfen.<\/p>\n<p>In der Nacht zum 13. Juni hatte Israel Iran massiv angegriffen. Ziel der Milit\u00e4roperation waren Atomanlagen, Wissenschaftler, Milit\u00e4robjekte und hochrangige Armeeangeh\u00f6rige in der Islamischen Republik. Die Regierung in Teheran lie\u00df\u00a0die Attacke\u00a0nicht unerwidert, und die beiden L\u00e4nder lieferten sich zw\u00f6lf Tage lang gegenseitige Milit\u00e4rschl\u00e4ge. Am 22. Juni schlossen sich die USA dem Konflikt an. Am Tag darauf bombardierte Iran einen US-Milit\u00e4rst\u00fctzpunkt in Katar. Sp\u00e4ter einigten sich Israel und Iran auf einen Waffenstillstand.<\/p>\n<p><strong>Mehr zum Thema<\/strong> &#8211; <a rel=\"nofollow noopener\" target=\"_blank\" href=\"https:\/\/freedert.online\/meinung\/250036-westen-und-voelkerrecht-legal-illegal\/\">Der Westen und das V\u00f6lkerrecht: legal, illegal, schei\u00dfegal<\/a><\/p>\n<\/div>\n<p><br \/>\n<br \/><a href=\"https:\/\/de.rt.com\/international\/250512-iran-will-nicht-voellig-auf\/\">Source link <\/a><\/p>\n","protected":false},"excerpt":{"rendered":"<p>Trotz der israelischen und US-amerikanischen Angriffe will Iran sein Atomprogramm nicht aufgeben. Au\u00dfenminister Abbas Araghtschi versicherte, dass die Pl\u00e4ne Teherans in Bezug auf die Kernenergie weiterhin friedlich seien. Die Kooperation mit der IAEA werde aber anders sein. Der iranische Au\u00dfenminister Abbas Araghtschi hat sich am Samstag in Teheran mit Diplomaten aus anderen L\u00e4ndern getroffen. Dabei [&hellip;]<\/p>\n","protected":false},"author":3,"featured_media":87070,"comment_status":"open","ping_status":"open","sticky":false,"template":"","format":"standard","meta":{"_yoast_indexnow_last_ping":["1752344094"],"wp_automatic_camp":["217"],"541070ea0ec23c0bbcdddb158d27140d":["Iran will nicht v\u00f6llig auf Zusammenarbeit mit IAEA verzichten: &quot;Ihre Form wird aber anders sein&quot;"],"original_link":["https:\/\/de.rt.com\/international\/250512-iran-will-nicht-voellig-auf\/"],"_thumbnail_id":["87070"],"jnews_social_counter_last_update":["1777356394"],"_wptgpro_p2tg_sent2tg":["a:1:{i:23737;s:19:\"2025-07-12 20:15:55\";}"]},"categories":[19,23],"tags":[2205,2206,133,16217,11451,1786,419,800,44255,18579,33304,19291,374,5645],"yoast_head":"<!-- This site is optimized with the Yoast SEO Premium plugin v22.7 (Yoast SEO v22.7) - https:\/\/yoast.com\/wordpress\/plugins\/seo\/ -->\n<title>Iran will nicht v\u00f6llig auf Zusammenarbeit mit IAEA verzichten: &quot;Ihre Form wird aber anders sein&quot; - just-now.NEWS Deutschland<\/title>\n<meta name=\"robots\" content=\"index, follow, max-snippet:-1, max-image-preview:large, max-video-preview:-1\" \/>\n<link rel=\"canonical\" href=\"https:\/\/now-news.de\/de\/deutschland\/iran-will-nicht-voellig-auf-zusammenarbeit-mit-iaea-verzichten-ihre-form-wird-aber-anders-sein\/\" \/>\n<meta property=\"og:locale\" content=\"de_DE\" \/>\n<meta property=\"og:type\" content=\"article\" \/>\n<meta property=\"og:title\" content=\"Iran will nicht v\u00f6llig auf Zusammenarbeit mit IAEA verzichten: &quot;Ihre Form wird aber anders sein&quot;\" \/>\n<meta property=\"og:description\" content=\"Trotz der israelischen und US-amerikanischen Angriffe will Iran sein Atomprogramm nicht aufgeben. Au\u00dfenminister Abbas Araghtschi versicherte, dass die Pl\u00e4ne Teherans in Bezug auf die Kernenergie weiterhin friedlich seien. Die Kooperation mit der IAEA werde aber anders sein. Der iranische Au\u00dfenminister Abbas Araghtschi hat sich am Samstag in Teheran mit Diplomaten aus anderen L\u00e4ndern getroffen. Dabei [&hellip;]\" \/>\n<meta property=\"og:url\" content=\"https:\/\/now-news.de\/de\/deutschland\/iran-will-nicht-voellig-auf-zusammenarbeit-mit-iaea-verzichten-ihre-form-wird-aber-anders-sein\/\" \/>\n<meta property=\"og:site_name\" content=\"just-now.NEWS Deutschland\" \/>\n<meta property=\"article:publisher\" content=\"https:\/\/www.facebook.com\/wirmachenauf\" \/>\n<meta property=\"article:published_time\" content=\"2025-07-12T18:09:36+00:00\" \/>\n<meta property=\"og:image\" content=\"https:\/\/now-news.de\/de\/wp-content\/uploads\/sites\/3\/2025\/07\/68726eda48fbef3c38278502.jpg\" \/>\n<meta name=\"author\" content=\"rtnews\" \/>\n<meta name=\"twitter:card\" content=\"summary_large_image\" \/>\n<meta name=\"twitter:creator\" content=\"@WirMachenAuf_de\" \/>\n<meta name=\"twitter:site\" content=\"@WirMachenAuf_de\" \/>\n<meta name=\"twitter:label1\" content=\"Verfasst von\" \/>\n\t<meta name=\"twitter:data1\" content=\"rtnews\" \/>\n\t<meta name=\"twitter:label2\" content=\"Gesch\u00e4tzte Lesezeit\" \/>\n\t<meta name=\"twitter:data2\" content=\"2\u00a0Minuten\" \/>\n<script type=\"application\/ld+json\" class=\"yoast-schema-graph\">{\"@context\":\"https:\/\/schema.org\",\"@graph\":[{\"@type\":\"Article\",\"@id\":\"https:\/\/now-news.de\/de\/deutschland\/iran-will-nicht-voellig-auf-zusammenarbeit-mit-iaea-verzichten-ihre-form-wird-aber-anders-sein\/#article\",\"isPartOf\":{\"@id\":\"https:\/\/now-news.de\/de\/deutschland\/iran-will-nicht-voellig-auf-zusammenarbeit-mit-iaea-verzichten-ihre-form-wird-aber-anders-sein\/\"},\"author\":{\"name\":\"rtnews\",\"@id\":\"https:\/\/now-news.de\/de\/#\/schema\/person\/fb534a4e865501d8b3285208df34a9b5\"},\"headline\":\"Iran will nicht v\u00f6llig auf Zusammenarbeit mit IAEA verzichten: &quot;Ihre Form wird aber anders sein&quot;\",\"datePublished\":\"2025-07-12T18:09:36+00:00\",\"dateModified\":\"2025-07-12T18:09:36+00:00\",\"mainEntityOfPage\":{\"@id\":\"https:\/\/now-news.de\/de\/deutschland\/iran-will-nicht-voellig-auf-zusammenarbeit-mit-iaea-verzichten-ihre-form-wird-aber-anders-sein\/\"},\"wordCount\":378,\"commentCount\":0,\"publisher\":{\"@id\":\"https:\/\/now-news.de\/de\/#organization\"},\"image\":{\"@id\":\"https:\/\/now-news.de\/de\/deutschland\/iran-will-nicht-voellig-auf-zusammenarbeit-mit-iaea-verzichten-ihre-form-wird-aber-anders-sein\/#primaryimage\"},\"thumbnailUrl\":\"https:\/\/now-news.de\/de\/wp-content\/uploads\/sites\/3\/2025\/07\/Iran-will-nicht-voellig-auf-Zusammenarbeit-mit-IAEA-verzichten-quotIhre.jpg\",\"keywords\":[\"aber\",\"anders\",\"AUF\",\"Form\",\"iaea\",\"Iran\",\"mit\",\"nicht\",\"quotIhre\",\"seinquot\",\"verzichten\",\"v\u00f6llig\",\"wird\",\"Zusammenarbeit\"],\"articleSection\":[\"Deutschland\",\"Russland\"],\"inLanguage\":\"de\",\"potentialAction\":[{\"@type\":\"CommentAction\",\"name\":\"Comment\",\"target\":[\"https:\/\/now-news.de\/de\/deutschland\/iran-will-nicht-voellig-auf-zusammenarbeit-mit-iaea-verzichten-ihre-form-wird-aber-anders-sein\/#respond\"]}]},{\"@type\":\"WebPage\",\"@id\":\"https:\/\/now-news.de\/de\/deutschland\/iran-will-nicht-voellig-auf-zusammenarbeit-mit-iaea-verzichten-ihre-form-wird-aber-anders-sein\/\",\"url\":\"https:\/\/now-news.de\/de\/deutschland\/iran-will-nicht-voellig-auf-zusammenarbeit-mit-iaea-verzichten-ihre-form-wird-aber-anders-sein\/\",\"name\":\"Iran will nicht v\u00f6llig auf Zusammenarbeit mit IAEA verzichten: &quot;Ihre Form wird aber anders sein&quot; - just-now.NEWS Deutschland\",\"isPartOf\":{\"@id\":\"https:\/\/now-news.de\/de\/#website\"},\"primaryImageOfPage\":{\"@id\":\"https:\/\/now-news.de\/de\/deutschland\/iran-will-nicht-voellig-auf-zusammenarbeit-mit-iaea-verzichten-ihre-form-wird-aber-anders-sein\/#primaryimage\"},\"image\":{\"@id\":\"https:\/\/now-news.de\/de\/deutschland\/iran-will-nicht-voellig-auf-zusammenarbeit-mit-iaea-verzichten-ihre-form-wird-aber-anders-sein\/#primaryimage\"},\"thumbnailUrl\":\"https:\/\/now-news.de\/de\/wp-content\/uploads\/sites\/3\/2025\/07\/Iran-will-nicht-voellig-auf-Zusammenarbeit-mit-IAEA-verzichten-quotIhre.jpg\",\"datePublished\":\"2025-07-12T18:09:36+00:00\",\"dateModified\":\"2025-07-12T18:09:36+00:00\",\"breadcrumb\":{\"@id\":\"https:\/\/now-news.de\/de\/deutschland\/iran-will-nicht-voellig-auf-zusammenarbeit-mit-iaea-verzichten-ihre-form-wird-aber-anders-sein\/#breadcrumb\"},\"inLanguage\":\"de\",\"potentialAction\":[{\"@type\":\"ReadAction\",\"target\":[\"https:\/\/now-news.de\/de\/deutschland\/iran-will-nicht-voellig-auf-zusammenarbeit-mit-iaea-verzichten-ihre-form-wird-aber-anders-sein\/\"]}]},{\"@type\":\"ImageObject\",\"inLanguage\":\"de\",\"@id\":\"https:\/\/now-news.de\/de\/deutschland\/iran-will-nicht-voellig-auf-zusammenarbeit-mit-iaea-verzichten-ihre-form-wird-aber-anders-sein\/#primaryimage\",\"url\":\"https:\/\/now-news.de\/de\/wp-content\/uploads\/sites\/3\/2025\/07\/Iran-will-nicht-voellig-auf-Zusammenarbeit-mit-IAEA-verzichten-quotIhre.jpg\",\"contentUrl\":\"https:\/\/now-news.de\/de\/wp-content\/uploads\/sites\/3\/2025\/07\/Iran-will-nicht-voellig-auf-Zusammenarbeit-mit-IAEA-verzichten-quotIhre.jpg\",\"width\":460,\"height\":259,\"caption\":\"Iran will nicht v\u00f6llig auf Zusammenarbeit mit IAEA verzichten: &quot;Ihre Form wird aber anders sein&quot;\"},{\"@type\":\"BreadcrumbList\",\"@id\":\"https:\/\/now-news.de\/de\/deutschland\/iran-will-nicht-voellig-auf-zusammenarbeit-mit-iaea-verzichten-ihre-form-wird-aber-anders-sein\/#breadcrumb\",\"itemListElement\":[{\"@type\":\"ListItem\",\"position\":1,\"name\":\"Home\",\"item\":\"https:\/\/now-news.de\/de\/\"},{\"@type\":\"ListItem\",\"position\":2,\"name\":\"Iran will nicht v\u00f6llig auf Zusammenarbeit mit IAEA verzichten: &quot;Ihre Form wird aber anders sein&quot;\"}]},{\"@type\":\"WebSite\",\"@id\":\"https:\/\/now-news.de\/de\/#website\",\"url\":\"https:\/\/now-news.de\/de\/\",\"name\":\"just-now.NEWS Deutschland\",\"description\":\"Das Portal f\u00fcr unzensierte Nachrichten aus der Welt\",\"publisher\":{\"@id\":\"https:\/\/now-news.de\/de\/#organization\"},\"potentialAction\":[{\"@type\":\"SearchAction\",\"target\":{\"@type\":\"EntryPoint\",\"urlTemplate\":\"https:\/\/now-news.de\/de\/?s={search_term_string}\"},\"query-input\":\"required name=search_term_string\"}],\"inLanguage\":\"de\"},{\"@type\":\"Organization\",\"@id\":\"https:\/\/now-news.de\/de\/#organization\",\"name\":\"Just Now News\",\"url\":\"https:\/\/now-news.de\/de\/\",\"logo\":{\"@type\":\"ImageObject\",\"inLanguage\":\"de\",\"@id\":\"https:\/\/now-news.de\/de\/#\/schema\/logo\/image\/\",\"url\":\"http:\/\/just-now.news\/de\/wp-content\/uploads\/sites\/3\/2022\/04\/logo500x500.jpg\",\"contentUrl\":\"http:\/\/just-now.news\/de\/wp-content\/uploads\/sites\/3\/2022\/04\/logo500x500.jpg\",\"width\":500,\"height\":500,\"caption\":\"Just Now News\"},\"image\":{\"@id\":\"https:\/\/now-news.de\/de\/#\/schema\/logo\/image\/\"},\"sameAs\":[\"https:\/\/www.facebook.com\/wirmachenauf\",\"https:\/\/x.com\/WirMachenAuf_de\"]},{\"@type\":\"Person\",\"@id\":\"https:\/\/now-news.de\/de\/#\/schema\/person\/fb534a4e865501d8b3285208df34a9b5\",\"name\":\"rtnews\",\"image\":{\"@type\":\"ImageObject\",\"inLanguage\":\"de\",\"@id\":\"https:\/\/now-news.de\/de\/#\/schema\/person\/image\/\",\"url\":\"https:\/\/secure.gravatar.com\/avatar\/82aafea7d8127119dd649515f56e2117?s=96&d=mm&r=g\",\"contentUrl\":\"https:\/\/secure.gravatar.com\/avatar\/82aafea7d8127119dd649515f56e2117?s=96&d=mm&r=g\",\"caption\":\"rtnews\"},\"url\":\"https:\/\/now-news.de\/de\/author\/rnews\/\"}]}<\/script>\n<!-- \/ Yoast SEO Premium plugin. -->","yoast_head_json":{"title":"Iran will nicht v\u00f6llig auf Zusammenarbeit mit IAEA verzichten: &quot;Ihre Form wird aber anders sein&quot; - just-now.NEWS Deutschland","robots":{"index":"index","follow":"follow","max-snippet":"max-snippet:-1","max-image-preview":"max-image-preview:large","max-video-preview":"max-video-preview:-1"},"canonical":"https:\/\/now-news.de\/de\/deutschland\/iran-will-nicht-voellig-auf-zusammenarbeit-mit-iaea-verzichten-ihre-form-wird-aber-anders-sein\/","og_locale":"de_DE","og_type":"article","og_title":"Iran will nicht v\u00f6llig auf Zusammenarbeit mit IAEA verzichten: &quot;Ihre Form wird aber anders sein&quot;","og_description":"Trotz der israelischen und US-amerikanischen Angriffe will Iran sein Atomprogramm nicht aufgeben. Au\u00dfenminister Abbas Araghtschi versicherte, dass die Pl\u00e4ne Teherans in Bezug auf die Kernenergie weiterhin friedlich seien. Die Kooperation mit der IAEA werde aber anders sein. Der iranische Au\u00dfenminister Abbas Araghtschi hat sich am Samstag in Teheran mit Diplomaten aus anderen L\u00e4ndern getroffen. Dabei [&hellip;]","og_url":"https:\/\/now-news.de\/de\/deutschland\/iran-will-nicht-voellig-auf-zusammenarbeit-mit-iaea-verzichten-ihre-form-wird-aber-anders-sein\/","og_site_name":"just-now.NEWS Deutschland","article_publisher":"https:\/\/www.facebook.com\/wirmachenauf","article_published_time":"2025-07-12T18:09:36+00:00","og_image":[{"url":"https:\/\/now-news.de\/de\/wp-content\/uploads\/sites\/3\/2025\/07\/68726eda48fbef3c38278502.jpg"}],"author":"rtnews","twitter_card":"summary_large_image","twitter_creator":"@WirMachenAuf_de","twitter_site":"@WirMachenAuf_de","twitter_misc":{"Verfasst von":"rtnews","Gesch\u00e4tzte Lesezeit":"2\u00a0Minuten"},"schema":{"@context":"https:\/\/schema.org","@graph":[{"@type":"Article","@id":"https:\/\/now-news.de\/de\/deutschland\/iran-will-nicht-voellig-auf-zusammenarbeit-mit-iaea-verzichten-ihre-form-wird-aber-anders-sein\/#article","isPartOf":{"@id":"https:\/\/now-news.de\/de\/deutschland\/iran-will-nicht-voellig-auf-zusammenarbeit-mit-iaea-verzichten-ihre-form-wird-aber-anders-sein\/"},"author":{"name":"rtnews","@id":"https:\/\/now-news.de\/de\/#\/schema\/person\/fb534a4e865501d8b3285208df34a9b5"},"headline":"Iran will nicht v\u00f6llig auf Zusammenarbeit mit IAEA verzichten: &quot;Ihre Form wird aber anders sein&quot;","datePublished":"2025-07-12T18:09:36+00:00","dateModified":"2025-07-12T18:09:36+00:00","mainEntityOfPage":{"@id":"https:\/\/now-news.de\/de\/deutschland\/iran-will-nicht-voellig-auf-zusammenarbeit-mit-iaea-verzichten-ihre-form-wird-aber-anders-sein\/"},"wordCount":378,"commentCount":0,"publisher":{"@id":"https:\/\/now-news.de\/de\/#organization"},"image":{"@id":"https:\/\/now-news.de\/de\/deutschland\/iran-will-nicht-voellig-auf-zusammenarbeit-mit-iaea-verzichten-ihre-form-wird-aber-anders-sein\/#primaryimage"},"thumbnailUrl":"https:\/\/now-news.de\/de\/wp-content\/uploads\/sites\/3\/2025\/07\/Iran-will-nicht-voellig-auf-Zusammenarbeit-mit-IAEA-verzichten-quotIhre.jpg","keywords":["aber","anders","AUF","Form","iaea","Iran","mit","nicht","quotIhre","seinquot","verzichten","v\u00f6llig","wird","Zusammenarbeit"],"articleSection":["Deutschland","Russland"],"inLanguage":"de","potentialAction":[{"@type":"CommentAction","name":"Comment","target":["https:\/\/now-news.de\/de\/deutschland\/iran-will-nicht-voellig-auf-zusammenarbeit-mit-iaea-verzichten-ihre-form-wird-aber-anders-sein\/#respond"]}]},{"@type":"WebPage","@id":"https:\/\/now-news.de\/de\/deutschland\/iran-will-nicht-voellig-auf-zusammenarbeit-mit-iaea-verzichten-ihre-form-wird-aber-anders-sein\/","url":"https:\/\/now-news.de\/de\/deutschland\/iran-will-nicht-voellig-auf-zusammenarbeit-mit-iaea-verzichten-ihre-form-wird-aber-anders-sein\/","name":"Iran will nicht v\u00f6llig auf Zusammenarbeit mit IAEA verzichten: &quot;Ihre Form wird aber anders sein&quot; - just-now.NEWS Deutschland","isPartOf":{"@id":"https:\/\/now-news.de\/de\/#website"},"primaryImageOfPage":{"@id":"https:\/\/now-news.de\/de\/deutschland\/iran-will-nicht-voellig-auf-zusammenarbeit-mit-iaea-verzichten-ihre-form-wird-aber-anders-sein\/#primaryimage"},"image":{"@id":"https:\/\/now-news.de\/de\/deutschland\/iran-will-nicht-voellig-auf-zusammenarbeit-mit-iaea-verzichten-ihre-form-wird-aber-anders-sein\/#primaryimage"},"thumbnailUrl":"https:\/\/now-news.de\/de\/wp-content\/uploads\/sites\/3\/2025\/07\/Iran-will-nicht-voellig-auf-Zusammenarbeit-mit-IAEA-verzichten-quotIhre.jpg","datePublished":"2025-07-12T18:09:36+00:00","dateModified":"2025-07-12T18:09:36+00:00","breadcrumb":{"@id":"https:\/\/now-news.de\/de\/deutschland\/iran-will-nicht-voellig-auf-zusammenarbeit-mit-iaea-verzichten-ihre-form-wird-aber-anders-sein\/#breadcrumb"},"inLanguage":"de","potentialAction":[{"@type":"ReadAction","target":["https:\/\/now-news.de\/de\/deutschland\/iran-will-nicht-voellig-auf-zusammenarbeit-mit-iaea-verzichten-ihre-form-wird-aber-anders-sein\/"]}]},{"@type":"ImageObject","inLanguage":"de","@id":"https:\/\/now-news.de\/de\/deutschland\/iran-will-nicht-voellig-auf-zusammenarbeit-mit-iaea-verzichten-ihre-form-wird-aber-anders-sein\/#primaryimage","url":"https:\/\/now-news.de\/de\/wp-content\/uploads\/sites\/3\/2025\/07\/Iran-will-nicht-voellig-auf-Zusammenarbeit-mit-IAEA-verzichten-quotIhre.jpg","contentUrl":"https:\/\/now-news.de\/de\/wp-content\/uploads\/sites\/3\/2025\/07\/Iran-will-nicht-voellig-auf-Zusammenarbeit-mit-IAEA-verzichten-quotIhre.jpg","width":460,"height":259,"caption":"Iran will nicht v\u00f6llig auf Zusammenarbeit mit IAEA verzichten: &quot;Ihre Form wird aber anders sein&quot;"},{"@type":"BreadcrumbList","@id":"https:\/\/now-news.de\/de\/deutschland\/iran-will-nicht-voellig-auf-zusammenarbeit-mit-iaea-verzichten-ihre-form-wird-aber-anders-sein\/#breadcrumb","itemListElement":[{"@type":"ListItem","position":1,"name":"Home","item":"https:\/\/now-news.de\/de\/"},{"@type":"ListItem","position":2,"name":"Iran will nicht v\u00f6llig auf Zusammenarbeit mit IAEA verzichten: &quot;Ihre Form wird aber anders sein&quot;"}]},{"@type":"WebSite","@id":"https:\/\/now-news.de\/de\/#website","url":"https:\/\/now-news.de\/de\/","name":"just-now.NEWS Deutschland","description":"Das Portal f\u00fcr unzensierte Nachrichten aus der Welt","publisher":{"@id":"https:\/\/now-news.de\/de\/#organization"},"potentialAction":[{"@type":"SearchAction","target":{"@type":"EntryPoint","urlTemplate":"https:\/\/now-news.de\/de\/?s={search_term_string}"},"query-input":"required name=search_term_string"}],"inLanguage":"de"},{"@type":"Organization","@id":"https:\/\/now-news.de\/de\/#organization","name":"Just Now News","url":"https:\/\/now-news.de\/de\/","logo":{"@type":"ImageObject","inLanguage":"de","@id":"https:\/\/now-news.de\/de\/#\/schema\/logo\/image\/","url":"http:\/\/just-now.news\/de\/wp-content\/uploads\/sites\/3\/2022\/04\/logo500x500.jpg","contentUrl":"http:\/\/just-now.news\/de\/wp-content\/uploads\/sites\/3\/2022\/04\/logo500x500.jpg","width":500,"height":500,"caption":"Just Now News"},"image":{"@id":"https:\/\/now-news.de\/de\/#\/schema\/logo\/image\/"},"sameAs":["https:\/\/www.facebook.com\/wirmachenauf","https:\/\/x.com\/WirMachenAuf_de"]},{"@type":"Person","@id":"https:\/\/now-news.de\/de\/#\/schema\/person\/fb534a4e865501d8b3285208df34a9b5","name":"rtnews","image":{"@type":"ImageObject","inLanguage":"de","@id":"https:\/\/now-news.de\/de\/#\/schema\/person\/image\/","url":"https:\/\/secure.gravatar.com\/avatar\/82aafea7d8127119dd649515f56e2117?s=96&d=mm&r=g","contentUrl":"https:\/\/secure.gravatar.com\/avatar\/82aafea7d8127119dd649515f56e2117?s=96&d=mm&r=g","caption":"rtnews"},"url":"https:\/\/now-news.de\/de\/author\/rnews\/"}]}},"_links":{"self":[{"href":"https:\/\/now-news.de\/de\/wp-json\/wp\/v2\/posts\/87069"}],"collection":[{"href":"https:\/\/now-news.de\/de\/wp-json\/wp\/v2\/posts"}],"about":[{"href":"https:\/\/now-news.de\/de\/wp-json\/wp\/v2\/types\/post"}],"author":[{"embeddable":true,"href":"https:\/\/now-news.de\/de\/wp-json\/wp\/v2\/users\/3"}],"replies":[{"embeddable":true,"href":"https:\/\/now-news.de\/de\/wp-json\/wp\/v2\/comments?post=87069"}],"version-history":[{"count":0,"href":"https:\/\/now-news.de\/de\/wp-json\/wp\/v2\/posts\/87069\/revisions"}],"wp:featuredmedia":[{"embeddable":true,"href":"https:\/\/now-news.de\/de\/wp-json\/wp\/v2\/media\/87070"}],"wp:attachment":[{"href":"https:\/\/now-news.de\/de\/wp-json\/wp\/v2\/media?parent=87069"}],"wp:term":[{"taxonomy":"category","embeddable":true,"href":"https:\/\/now-news.de\/de\/wp-json\/wp\/v2\/categories?post=87069"},{"taxonomy":"post_tag","embeddable":true,"href":"https:\/\/now-news.de\/de\/wp-json\/wp\/v2\/tags?post=87069"}],"curies":[{"name":"wp","href":"https:\/\/api.w.org\/{rel}","templated":true}]}}