{"id":87045,"date":"2025-07-12T13:58:52","date_gmt":"2025-07-12T11:58:52","guid":{"rendered":"https:\/\/now-news.de\/de\/deutschland\/usa-verhaengen-sanktionen-gegen-kubas-staatschef-miguel-diaz-canel\/"},"modified":"2025-07-12T13:58:52","modified_gmt":"2025-07-12T11:58:52","slug":"usa-verhaengen-sanktionen-gegen-kubas-staatschef-miguel-diaz-canel","status":"publish","type":"post","link":"https:\/\/now-news.de\/de\/deutschland\/usa-verhaengen-sanktionen-gegen-kubas-staatschef-miguel-diaz-canel\/","title":{"rendered":"USA verh\u00e4ngen Sanktionen gegen Kubas Staatschef Miguel D\u00edaz-Canel"},"content":{"rendered":"<p><img decoding=\"async\" src=\"https:\/\/now-news.de\/de\/wp-content\/uploads\/sites\/3\/2025\/07\/68723b1948fbef3c3b72d61d.jpg\" \/><\/p>\n<div class=\"Text-root Text-type_1 \">\n                Das US-Au\u00dfenministerium hat mehrere ranghohe kubanische Amtstr\u00e4ger, darunter Pr\u00e4sident Miguel D\u00edaz-Canel, auf seine Sanktionsliste gesetzt. Washington wirft ihnen eine grobe Verletzung von Menschenrechten vor. Havanna kritisiert die Ma\u00dfnahme, zeigt sich aber unbeugsam.\n            <\/div>\n<p><\/p>\n<div class=\"Text-root Text-type_5 ArticleView-text ViewText-root \">\n<p>Die USA versch\u00e4rfen ihren Druck auf Kuba immer weiter. Am Freitag hat das State Department gegen das Oberhaupt des Karibikstaates, Miguel D\u00edaz-Canel Berm\u00fadez, den Verteidigungsminister, \u00c1lvaro L\u00f3pez Miera, den Innenminister, L\u00e1zaro \u00c1lvarez Casas, und ihre Familienangeh\u00f6rigen Sanktionen verh\u00e4ngt. Ihnen wurden die Visa entzogen. US-Au\u00dfenminister Marco Rubio <a rel=\"nofollow noopener\" target=\"_blank\" href=\"https:\/\/www.state.gov\/releases\/office-of-the-spokesperson\/2025\/07\/justice-for-the-cuban-people-on-the-fourth-anniversary-of-the-july-11-protests\/\">rechtfertigte<\/a> die Ma\u00dfnahme damit, dass die Betroffenen vor dem Hintergrund der Massenproteste auf der Insel im Jahr 2021 &#8220;schwere Menschenrechtsverletzungen&#8221; begangen h\u00e4tten. Damit bekunde die US-Regierung ihre &#8220;Solidarit\u00e4t mit dem kubanischen Volk und den politischen Gefangenen&#8221;. In einer entsprechenden Erkl\u00e4rung hie\u00df es:<\/p>\n<blockquote>\n<p><em>&#8220;Vor vier Jahren gingen Tausende Kubaner friedlich auf die Stra\u00dfe, um eine Zukunft ohne Tyrannei zu fordern. Das kubanische Regime reagierte jedoch mit Gewalt und Repression, indem es Tausende zu Unrecht festnehmen lie\u00df.&#8221;<\/em><\/p>\n<\/blockquote>\n<p>Washington ergreife zudem Ma\u00dfnahmen, um Visabeschr\u00e4nkungen gegen mehrere kubanische Justiz- und Gef\u00e4ngnisbeamte zu verh\u00e4ngen, die f\u00fcr die ungerechte Inhaftierung der Demonstranten im Juli 2021 verantwortlich seien. Mehr als 700 der Verhafteten w\u00fcrden immer noch im Gef\u00e4ngnis gefoltert und misshandelt, hie\u00df es.<\/p>\n<p>Dar\u00fcber hinaus setzte das US-Au\u00dfenministerium elf Immobilien auf seine Liste der verbotenen Eigent\u00fcmer und Unterk\u00fcnfte in Kuba. Insbesondere wurde das 42-st\u00f6ckige Hotel &#8220;Torre K&#8221; erw\u00e4hnt. Zur Begr\u00fcndung hie\u00df es, dass diese Immobilien mit der Regierung in Havanna verbunden seien. Washington wolle dadurch verhindern, dass die &#8220;korrupten Unterdr\u00fccker&#8221; auf der Insel US-Gelder bek\u00e4men.<\/p>\n<p>Kubas Au\u00dfenminister verurteilte am selben Tag den Schritt Washingtons scharf. Auf der Plattform X <a rel=\"nofollow noopener\" target=\"_blank\" href=\"https:\/\/x.com\/BrunoRguezP\/status\/1943786822795952236\">schrieb<\/a> er:<\/p>\n<blockquote>\n<p><em>&#8220;Die USA k\u00f6nnen Reisebeschr\u00e4nkungen gegen revolution\u00e4re F\u00fchrer verh\u00e4ngen und ihren langwierigen und erbarmungslosen Wirtschaftskrieg gegen Kuba fortsetzen, aber sie sind nicht in der Lage, den Willen dieses Volkes und seiner F\u00fchrer zu beugen.&#8221;<\/em><\/p>\n<\/blockquote>\n<p>Vor dem Hintergrund der COVID-19-Pandemie und der schweren Wirtschaftskrise in dem Karibikstaat hatte D\u00edaz-Canel die USA im Juli 2021\u00a0<a rel=\"nofollow noopener\" target=\"_blank\" href=\"https:\/\/freedert.online\/international\/120583-kubanischer-prasident-manipulieren\/\">beschuldigt<\/a>, eine &#8220;Politik der Erstickung&#8221; gegen Kuba umzusetzen und auf diese Weise einen sozialen Protest herbeizuf\u00fchren. Washington habe die F\u00fchrung in Havanna in Verruf bringen und die Einigkeit des Volkes zerbr\u00f6ckeln lassen wollen.<\/p>\n<p>Neulich ver\u00f6ffentlichten die \u00f6rtlichen Beh\u00f6rden ein Video mit einem kubanischen B\u00fcrger, der von den USA angeworben worden sein soll, um in der Provinz Cienfuegos Terroranschl\u00e4ge zu ver\u00fcben. Am 3. Juli beschwerte sich das kubanische Au\u00dfenministerium in diesem Zusammenhang, dass die USA Kubaner unter Druck setzten, damit sie die Regierung st\u00fcrzen.<\/p>\n<p><strong>Mehr zum Thema<\/strong> &#8211; <a rel=\"nofollow noopener\" target=\"_blank\" href=\"https:\/\/freedert.online\/nordamerika\/246910-trump-verbietet-buergern-aus-zwoelf-laendern-einreise-in-usa\/\">&#8220;Schutz vor Terroristen&#8221;: Trump verbietet B\u00fcrgern aus zw\u00f6lf L\u00e4ndern Einreise in USA<\/a><\/p>\n<\/div>\n<p><br \/>\n<br \/><a href=\"https:\/\/de.rt.com\/amerika\/250487-usa-verhaengen-sanktionen-gegen-kubas\/\">Source link <\/a><\/p>\n","protected":false},"excerpt":{"rendered":"<p>Das US-Au\u00dfenministerium hat mehrere ranghohe kubanische Amtstr\u00e4ger, darunter Pr\u00e4sident Miguel D\u00edaz-Canel, auf seine Sanktionsliste gesetzt. Washington wirft ihnen eine grobe Verletzung von Menschenrechten vor. Havanna kritisiert die Ma\u00dfnahme, zeigt sich aber unbeugsam. Die USA versch\u00e4rfen ihren Druck auf Kuba immer weiter. Am Freitag hat das State Department gegen das Oberhaupt des Karibikstaates, Miguel D\u00edaz-Canel Berm\u00fadez, [&hellip;]<\/p>\n","protected":false},"author":3,"featured_media":87046,"comment_status":"open","ping_status":"open","sticky":false,"template":"","format":"standard","meta":{"_yoast_indexnow_last_ping":["1752321894"],"wp_automatic_camp":["217"],"6f7ea85606da8df202a0d354421e3a7d":["USA verh\u00e4ngen Sanktionen gegen Kubas Staatschef Miguel D\u00edaz-Canel"],"original_link":["https:\/\/de.rt.com\/amerika\/250487-usa-verhaengen-sanktionen-gegen-kubas\/"],"_thumbnail_id":["87046"],"jnews_social_counter_last_update":["1777148534"],"_wptgpro_p2tg_sent2tg":["a:1:{i:23737;s:19:\"2025-07-12 14:05:56\";}"]},"categories":[19,23],"tags":[36352,278,39308,36351,713,7782,193,21434],"yoast_head":"<!-- This site is optimized with the Yoast SEO Premium plugin v22.7 (Yoast SEO v22.7) - https:\/\/yoast.com\/wordpress\/plugins\/seo\/ -->\n<title>USA verh\u00e4ngen Sanktionen gegen Kubas Staatschef Miguel D\u00edaz-Canel - just-now.NEWS Deutschland<\/title>\n<meta name=\"robots\" content=\"index, follow, max-snippet:-1, max-image-preview:large, max-video-preview:-1\" \/>\n<link rel=\"canonical\" href=\"https:\/\/now-news.de\/de\/deutschland\/usa-verhaengen-sanktionen-gegen-kubas-staatschef-miguel-diaz-canel\/\" \/>\n<meta property=\"og:locale\" content=\"de_DE\" \/>\n<meta property=\"og:type\" content=\"article\" \/>\n<meta property=\"og:title\" content=\"USA verh\u00e4ngen Sanktionen gegen Kubas Staatschef Miguel D\u00edaz-Canel\" \/>\n<meta property=\"og:description\" content=\"Das US-Au\u00dfenministerium hat mehrere ranghohe kubanische Amtstr\u00e4ger, darunter Pr\u00e4sident Miguel D\u00edaz-Canel, auf seine Sanktionsliste gesetzt. Washington wirft ihnen eine grobe Verletzung von Menschenrechten vor. Havanna kritisiert die Ma\u00dfnahme, zeigt sich aber unbeugsam. Die USA versch\u00e4rfen ihren Druck auf Kuba immer weiter. Am Freitag hat das State Department gegen das Oberhaupt des Karibikstaates, Miguel D\u00edaz-Canel Berm\u00fadez, [&hellip;]\" \/>\n<meta property=\"og:url\" content=\"https:\/\/now-news.de\/de\/deutschland\/usa-verhaengen-sanktionen-gegen-kubas-staatschef-miguel-diaz-canel\/\" \/>\n<meta property=\"og:site_name\" content=\"just-now.NEWS Deutschland\" \/>\n<meta property=\"article:publisher\" content=\"https:\/\/www.facebook.com\/wirmachenauf\" \/>\n<meta property=\"article:published_time\" content=\"2025-07-12T11:58:52+00:00\" \/>\n<meta property=\"og:image\" content=\"https:\/\/now-news.de\/de\/wp-content\/uploads\/sites\/3\/2025\/07\/68723b1948fbef3c3b72d61d.jpg\" \/>\n<meta name=\"author\" content=\"rtnews\" \/>\n<meta name=\"twitter:card\" content=\"summary_large_image\" \/>\n<meta name=\"twitter:creator\" content=\"@WirMachenAuf_de\" \/>\n<meta name=\"twitter:site\" content=\"@WirMachenAuf_de\" \/>\n<meta name=\"twitter:label1\" content=\"Verfasst von\" \/>\n\t<meta name=\"twitter:data1\" content=\"rtnews\" \/>\n\t<meta name=\"twitter:label2\" content=\"Gesch\u00e4tzte Lesezeit\" \/>\n\t<meta name=\"twitter:data2\" content=\"2\u00a0Minuten\" \/>\n<script type=\"application\/ld+json\" class=\"yoast-schema-graph\">{\"@context\":\"https:\/\/schema.org\",\"@graph\":[{\"@type\":\"Article\",\"@id\":\"https:\/\/now-news.de\/de\/deutschland\/usa-verhaengen-sanktionen-gegen-kubas-staatschef-miguel-diaz-canel\/#article\",\"isPartOf\":{\"@id\":\"https:\/\/now-news.de\/de\/deutschland\/usa-verhaengen-sanktionen-gegen-kubas-staatschef-miguel-diaz-canel\/\"},\"author\":{\"name\":\"rtnews\",\"@id\":\"https:\/\/now-news.de\/de\/#\/schema\/person\/fb534a4e865501d8b3285208df34a9b5\"},\"headline\":\"USA verh\u00e4ngen Sanktionen gegen Kubas Staatschef Miguel D\u00edaz-Canel\",\"datePublished\":\"2025-07-12T11:58:52+00:00\",\"dateModified\":\"2025-07-12T11:58:52+00:00\",\"mainEntityOfPage\":{\"@id\":\"https:\/\/now-news.de\/de\/deutschland\/usa-verhaengen-sanktionen-gegen-kubas-staatschef-miguel-diaz-canel\/\"},\"wordCount\":477,\"commentCount\":0,\"publisher\":{\"@id\":\"https:\/\/now-news.de\/de\/#organization\"},\"image\":{\"@id\":\"https:\/\/now-news.de\/de\/deutschland\/usa-verhaengen-sanktionen-gegen-kubas-staatschef-miguel-diaz-canel\/#primaryimage\"},\"thumbnailUrl\":\"https:\/\/now-news.de\/de\/wp-content\/uploads\/sites\/3\/2025\/07\/USA-verhaengen-Sanktionen-gegen-Kubas-Staatschef-Miguel-Diaz-Canel.jpg\",\"keywords\":[\"D\u00edazCanel\",\"gegen\",\"Kubas\",\"Miguel\",\"Sanktionen\",\"Staatschef\",\"USA\",\"verh\u00e4ngen\"],\"articleSection\":[\"Deutschland\",\"Russland\"],\"inLanguage\":\"de\",\"potentialAction\":[{\"@type\":\"CommentAction\",\"name\":\"Comment\",\"target\":[\"https:\/\/now-news.de\/de\/deutschland\/usa-verhaengen-sanktionen-gegen-kubas-staatschef-miguel-diaz-canel\/#respond\"]}]},{\"@type\":\"WebPage\",\"@id\":\"https:\/\/now-news.de\/de\/deutschland\/usa-verhaengen-sanktionen-gegen-kubas-staatschef-miguel-diaz-canel\/\",\"url\":\"https:\/\/now-news.de\/de\/deutschland\/usa-verhaengen-sanktionen-gegen-kubas-staatschef-miguel-diaz-canel\/\",\"name\":\"USA verh\u00e4ngen Sanktionen gegen Kubas Staatschef Miguel D\u00edaz-Canel - just-now.NEWS Deutschland\",\"isPartOf\":{\"@id\":\"https:\/\/now-news.de\/de\/#website\"},\"primaryImageOfPage\":{\"@id\":\"https:\/\/now-news.de\/de\/deutschland\/usa-verhaengen-sanktionen-gegen-kubas-staatschef-miguel-diaz-canel\/#primaryimage\"},\"image\":{\"@id\":\"https:\/\/now-news.de\/de\/deutschland\/usa-verhaengen-sanktionen-gegen-kubas-staatschef-miguel-diaz-canel\/#primaryimage\"},\"thumbnailUrl\":\"https:\/\/now-news.de\/de\/wp-content\/uploads\/sites\/3\/2025\/07\/USA-verhaengen-Sanktionen-gegen-Kubas-Staatschef-Miguel-Diaz-Canel.jpg\",\"datePublished\":\"2025-07-12T11:58:52+00:00\",\"dateModified\":\"2025-07-12T11:58:52+00:00\",\"breadcrumb\":{\"@id\":\"https:\/\/now-news.de\/de\/deutschland\/usa-verhaengen-sanktionen-gegen-kubas-staatschef-miguel-diaz-canel\/#breadcrumb\"},\"inLanguage\":\"de\",\"potentialAction\":[{\"@type\":\"ReadAction\",\"target\":[\"https:\/\/now-news.de\/de\/deutschland\/usa-verhaengen-sanktionen-gegen-kubas-staatschef-miguel-diaz-canel\/\"]}]},{\"@type\":\"ImageObject\",\"inLanguage\":\"de\",\"@id\":\"https:\/\/now-news.de\/de\/deutschland\/usa-verhaengen-sanktionen-gegen-kubas-staatschef-miguel-diaz-canel\/#primaryimage\",\"url\":\"https:\/\/now-news.de\/de\/wp-content\/uploads\/sites\/3\/2025\/07\/USA-verhaengen-Sanktionen-gegen-Kubas-Staatschef-Miguel-Diaz-Canel.jpg\",\"contentUrl\":\"https:\/\/now-news.de\/de\/wp-content\/uploads\/sites\/3\/2025\/07\/USA-verhaengen-Sanktionen-gegen-Kubas-Staatschef-Miguel-Diaz-Canel.jpg\",\"width\":460,\"height\":259,\"caption\":\"USA verh\u00e4ngen Sanktionen gegen Kubas Staatschef Miguel D\u00edaz-Canel\"},{\"@type\":\"BreadcrumbList\",\"@id\":\"https:\/\/now-news.de\/de\/deutschland\/usa-verhaengen-sanktionen-gegen-kubas-staatschef-miguel-diaz-canel\/#breadcrumb\",\"itemListElement\":[{\"@type\":\"ListItem\",\"position\":1,\"name\":\"Home\",\"item\":\"https:\/\/now-news.de\/de\/\"},{\"@type\":\"ListItem\",\"position\":2,\"name\":\"USA verh\u00e4ngen Sanktionen gegen Kubas Staatschef Miguel D\u00edaz-Canel\"}]},{\"@type\":\"WebSite\",\"@id\":\"https:\/\/now-news.de\/de\/#website\",\"url\":\"https:\/\/now-news.de\/de\/\",\"name\":\"just-now.NEWS Deutschland\",\"description\":\"Das Portal f\u00fcr unzensierte Nachrichten aus der Welt\",\"publisher\":{\"@id\":\"https:\/\/now-news.de\/de\/#organization\"},\"potentialAction\":[{\"@type\":\"SearchAction\",\"target\":{\"@type\":\"EntryPoint\",\"urlTemplate\":\"https:\/\/now-news.de\/de\/?s={search_term_string}\"},\"query-input\":\"required name=search_term_string\"}],\"inLanguage\":\"de\"},{\"@type\":\"Organization\",\"@id\":\"https:\/\/now-news.de\/de\/#organization\",\"name\":\"Just Now News\",\"url\":\"https:\/\/now-news.de\/de\/\",\"logo\":{\"@type\":\"ImageObject\",\"inLanguage\":\"de\",\"@id\":\"https:\/\/now-news.de\/de\/#\/schema\/logo\/image\/\",\"url\":\"http:\/\/just-now.news\/de\/wp-content\/uploads\/sites\/3\/2022\/04\/logo500x500.jpg\",\"contentUrl\":\"http:\/\/just-now.news\/de\/wp-content\/uploads\/sites\/3\/2022\/04\/logo500x500.jpg\",\"width\":500,\"height\":500,\"caption\":\"Just Now News\"},\"image\":{\"@id\":\"https:\/\/now-news.de\/de\/#\/schema\/logo\/image\/\"},\"sameAs\":[\"https:\/\/www.facebook.com\/wirmachenauf\",\"https:\/\/x.com\/WirMachenAuf_de\"]},{\"@type\":\"Person\",\"@id\":\"https:\/\/now-news.de\/de\/#\/schema\/person\/fb534a4e865501d8b3285208df34a9b5\",\"name\":\"rtnews\",\"image\":{\"@type\":\"ImageObject\",\"inLanguage\":\"de\",\"@id\":\"https:\/\/now-news.de\/de\/#\/schema\/person\/image\/\",\"url\":\"https:\/\/secure.gravatar.com\/avatar\/82aafea7d8127119dd649515f56e2117?s=96&d=mm&r=g\",\"contentUrl\":\"https:\/\/secure.gravatar.com\/avatar\/82aafea7d8127119dd649515f56e2117?s=96&d=mm&r=g\",\"caption\":\"rtnews\"},\"url\":\"https:\/\/now-news.de\/de\/author\/rnews\/\"}]}<\/script>\n<!-- \/ Yoast SEO Premium plugin. -->","yoast_head_json":{"title":"USA verh\u00e4ngen Sanktionen gegen Kubas Staatschef Miguel D\u00edaz-Canel - just-now.NEWS Deutschland","robots":{"index":"index","follow":"follow","max-snippet":"max-snippet:-1","max-image-preview":"max-image-preview:large","max-video-preview":"max-video-preview:-1"},"canonical":"https:\/\/now-news.de\/de\/deutschland\/usa-verhaengen-sanktionen-gegen-kubas-staatschef-miguel-diaz-canel\/","og_locale":"de_DE","og_type":"article","og_title":"USA verh\u00e4ngen Sanktionen gegen Kubas Staatschef Miguel D\u00edaz-Canel","og_description":"Das US-Au\u00dfenministerium hat mehrere ranghohe kubanische Amtstr\u00e4ger, darunter Pr\u00e4sident Miguel D\u00edaz-Canel, auf seine Sanktionsliste gesetzt. Washington wirft ihnen eine grobe Verletzung von Menschenrechten vor. Havanna kritisiert die Ma\u00dfnahme, zeigt sich aber unbeugsam. Die USA versch\u00e4rfen ihren Druck auf Kuba immer weiter. Am Freitag hat das State Department gegen das Oberhaupt des Karibikstaates, Miguel D\u00edaz-Canel Berm\u00fadez, [&hellip;]","og_url":"https:\/\/now-news.de\/de\/deutschland\/usa-verhaengen-sanktionen-gegen-kubas-staatschef-miguel-diaz-canel\/","og_site_name":"just-now.NEWS Deutschland","article_publisher":"https:\/\/www.facebook.com\/wirmachenauf","article_published_time":"2025-07-12T11:58:52+00:00","og_image":[{"url":"https:\/\/now-news.de\/de\/wp-content\/uploads\/sites\/3\/2025\/07\/68723b1948fbef3c3b72d61d.jpg"}],"author":"rtnews","twitter_card":"summary_large_image","twitter_creator":"@WirMachenAuf_de","twitter_site":"@WirMachenAuf_de","twitter_misc":{"Verfasst von":"rtnews","Gesch\u00e4tzte Lesezeit":"2\u00a0Minuten"},"schema":{"@context":"https:\/\/schema.org","@graph":[{"@type":"Article","@id":"https:\/\/now-news.de\/de\/deutschland\/usa-verhaengen-sanktionen-gegen-kubas-staatschef-miguel-diaz-canel\/#article","isPartOf":{"@id":"https:\/\/now-news.de\/de\/deutschland\/usa-verhaengen-sanktionen-gegen-kubas-staatschef-miguel-diaz-canel\/"},"author":{"name":"rtnews","@id":"https:\/\/now-news.de\/de\/#\/schema\/person\/fb534a4e865501d8b3285208df34a9b5"},"headline":"USA verh\u00e4ngen Sanktionen gegen Kubas Staatschef Miguel D\u00edaz-Canel","datePublished":"2025-07-12T11:58:52+00:00","dateModified":"2025-07-12T11:58:52+00:00","mainEntityOfPage":{"@id":"https:\/\/now-news.de\/de\/deutschland\/usa-verhaengen-sanktionen-gegen-kubas-staatschef-miguel-diaz-canel\/"},"wordCount":477,"commentCount":0,"publisher":{"@id":"https:\/\/now-news.de\/de\/#organization"},"image":{"@id":"https:\/\/now-news.de\/de\/deutschland\/usa-verhaengen-sanktionen-gegen-kubas-staatschef-miguel-diaz-canel\/#primaryimage"},"thumbnailUrl":"https:\/\/now-news.de\/de\/wp-content\/uploads\/sites\/3\/2025\/07\/USA-verhaengen-Sanktionen-gegen-Kubas-Staatschef-Miguel-Diaz-Canel.jpg","keywords":["D\u00edazCanel","gegen","Kubas","Miguel","Sanktionen","Staatschef","USA","verh\u00e4ngen"],"articleSection":["Deutschland","Russland"],"inLanguage":"de","potentialAction":[{"@type":"CommentAction","name":"Comment","target":["https:\/\/now-news.de\/de\/deutschland\/usa-verhaengen-sanktionen-gegen-kubas-staatschef-miguel-diaz-canel\/#respond"]}]},{"@type":"WebPage","@id":"https:\/\/now-news.de\/de\/deutschland\/usa-verhaengen-sanktionen-gegen-kubas-staatschef-miguel-diaz-canel\/","url":"https:\/\/now-news.de\/de\/deutschland\/usa-verhaengen-sanktionen-gegen-kubas-staatschef-miguel-diaz-canel\/","name":"USA verh\u00e4ngen Sanktionen gegen Kubas Staatschef Miguel D\u00edaz-Canel - just-now.NEWS Deutschland","isPartOf":{"@id":"https:\/\/now-news.de\/de\/#website"},"primaryImageOfPage":{"@id":"https:\/\/now-news.de\/de\/deutschland\/usa-verhaengen-sanktionen-gegen-kubas-staatschef-miguel-diaz-canel\/#primaryimage"},"image":{"@id":"https:\/\/now-news.de\/de\/deutschland\/usa-verhaengen-sanktionen-gegen-kubas-staatschef-miguel-diaz-canel\/#primaryimage"},"thumbnailUrl":"https:\/\/now-news.de\/de\/wp-content\/uploads\/sites\/3\/2025\/07\/USA-verhaengen-Sanktionen-gegen-Kubas-Staatschef-Miguel-Diaz-Canel.jpg","datePublished":"2025-07-12T11:58:52+00:00","dateModified":"2025-07-12T11:58:52+00:00","breadcrumb":{"@id":"https:\/\/now-news.de\/de\/deutschland\/usa-verhaengen-sanktionen-gegen-kubas-staatschef-miguel-diaz-canel\/#breadcrumb"},"inLanguage":"de","potentialAction":[{"@type":"ReadAction","target":["https:\/\/now-news.de\/de\/deutschland\/usa-verhaengen-sanktionen-gegen-kubas-staatschef-miguel-diaz-canel\/"]}]},{"@type":"ImageObject","inLanguage":"de","@id":"https:\/\/now-news.de\/de\/deutschland\/usa-verhaengen-sanktionen-gegen-kubas-staatschef-miguel-diaz-canel\/#primaryimage","url":"https:\/\/now-news.de\/de\/wp-content\/uploads\/sites\/3\/2025\/07\/USA-verhaengen-Sanktionen-gegen-Kubas-Staatschef-Miguel-Diaz-Canel.jpg","contentUrl":"https:\/\/now-news.de\/de\/wp-content\/uploads\/sites\/3\/2025\/07\/USA-verhaengen-Sanktionen-gegen-Kubas-Staatschef-Miguel-Diaz-Canel.jpg","width":460,"height":259,"caption":"USA verh\u00e4ngen Sanktionen gegen Kubas Staatschef Miguel D\u00edaz-Canel"},{"@type":"BreadcrumbList","@id":"https:\/\/now-news.de\/de\/deutschland\/usa-verhaengen-sanktionen-gegen-kubas-staatschef-miguel-diaz-canel\/#breadcrumb","itemListElement":[{"@type":"ListItem","position":1,"name":"Home","item":"https:\/\/now-news.de\/de\/"},{"@type":"ListItem","position":2,"name":"USA verh\u00e4ngen Sanktionen gegen Kubas Staatschef Miguel D\u00edaz-Canel"}]},{"@type":"WebSite","@id":"https:\/\/now-news.de\/de\/#website","url":"https:\/\/now-news.de\/de\/","name":"just-now.NEWS Deutschland","description":"Das Portal f\u00fcr unzensierte Nachrichten aus der Welt","publisher":{"@id":"https:\/\/now-news.de\/de\/#organization"},"potentialAction":[{"@type":"SearchAction","target":{"@type":"EntryPoint","urlTemplate":"https:\/\/now-news.de\/de\/?s={search_term_string}"},"query-input":"required name=search_term_string"}],"inLanguage":"de"},{"@type":"Organization","@id":"https:\/\/now-news.de\/de\/#organization","name":"Just Now News","url":"https:\/\/now-news.de\/de\/","logo":{"@type":"ImageObject","inLanguage":"de","@id":"https:\/\/now-news.de\/de\/#\/schema\/logo\/image\/","url":"http:\/\/just-now.news\/de\/wp-content\/uploads\/sites\/3\/2022\/04\/logo500x500.jpg","contentUrl":"http:\/\/just-now.news\/de\/wp-content\/uploads\/sites\/3\/2022\/04\/logo500x500.jpg","width":500,"height":500,"caption":"Just Now News"},"image":{"@id":"https:\/\/now-news.de\/de\/#\/schema\/logo\/image\/"},"sameAs":["https:\/\/www.facebook.com\/wirmachenauf","https:\/\/x.com\/WirMachenAuf_de"]},{"@type":"Person","@id":"https:\/\/now-news.de\/de\/#\/schema\/person\/fb534a4e865501d8b3285208df34a9b5","name":"rtnews","image":{"@type":"ImageObject","inLanguage":"de","@id":"https:\/\/now-news.de\/de\/#\/schema\/person\/image\/","url":"https:\/\/secure.gravatar.com\/avatar\/82aafea7d8127119dd649515f56e2117?s=96&d=mm&r=g","contentUrl":"https:\/\/secure.gravatar.com\/avatar\/82aafea7d8127119dd649515f56e2117?s=96&d=mm&r=g","caption":"rtnews"},"url":"https:\/\/now-news.de\/de\/author\/rnews\/"}]}},"_links":{"self":[{"href":"https:\/\/now-news.de\/de\/wp-json\/wp\/v2\/posts\/87045"}],"collection":[{"href":"https:\/\/now-news.de\/de\/wp-json\/wp\/v2\/posts"}],"about":[{"href":"https:\/\/now-news.de\/de\/wp-json\/wp\/v2\/types\/post"}],"author":[{"embeddable":true,"href":"https:\/\/now-news.de\/de\/wp-json\/wp\/v2\/users\/3"}],"replies":[{"embeddable":true,"href":"https:\/\/now-news.de\/de\/wp-json\/wp\/v2\/comments?post=87045"}],"version-history":[{"count":0,"href":"https:\/\/now-news.de\/de\/wp-json\/wp\/v2\/posts\/87045\/revisions"}],"wp:featuredmedia":[{"embeddable":true,"href":"https:\/\/now-news.de\/de\/wp-json\/wp\/v2\/media\/87046"}],"wp:attachment":[{"href":"https:\/\/now-news.de\/de\/wp-json\/wp\/v2\/media?parent=87045"}],"wp:term":[{"taxonomy":"category","embeddable":true,"href":"https:\/\/now-news.de\/de\/wp-json\/wp\/v2\/categories?post=87045"},{"taxonomy":"post_tag","embeddable":true,"href":"https:\/\/now-news.de\/de\/wp-json\/wp\/v2\/tags?post=87045"}],"curies":[{"name":"wp","href":"https:\/\/api.w.org\/{rel}","templated":true}]}}