{"id":8698,"date":"2022-05-24T13:27:47","date_gmt":"2022-05-24T11:27:47","guid":{"rendered":"http:\/\/just-now.news\/de\/deutschland\/lauterbach-mindestens-21-tage-isolation-bei-affenpocken\/"},"modified":"2022-05-24T13:27:47","modified_gmt":"2022-05-24T11:27:47","slug":"lauterbach-mindestens-21-tage-isolation-bei-affenpocken","status":"publish","type":"post","link":"https:\/\/now-news.de\/de\/deutschland\/lauterbach-mindestens-21-tage-isolation-bei-affenpocken\/","title":{"rendered":"Lauterbach: Mindestens 21 Tage Isolation bei Affenpocken"},"content":{"rendered":"<p><img decoding=\"async\" src=\"http:\/\/just-now.news\/de\/wp-content\/uploads\/sites\/3\/2022\/04\/Julian-Assange-soll-laut-Gericht-an-USA-ausgeliefert-werden-\u2013.jpg\" \/><\/p>\n<div class=\"Text-root Text-type_5 ArticleView-text ViewText-root \">\n<p>Zum Eind\u00e4mmen der ersten F\u00e4lle von Affenpocken in Deutschland soll f\u00fcr Infizierte generell eine angeordnete Isolation von mindestens 21 Tagen empfohlen werden. Das sagte Bundesgesundheitsminister Karl\u00a0Lauterbach\u00a0(SPD) am Dienstag am Rande des Deutschen \u00c4rztetages in Bremen. Lauterbach erkl\u00e4rte:<\/p>\n<blockquote>\n<p><em>&#8220;In den fr\u00fchen\u00a0Phasen einer Epidemie muss hart und fr\u00fch reagiert werden.&#8221;<\/em><\/p>\n<\/blockquote>\n<p>Die Empfehlung sei zusammen mit dem Robert Koch-Institut (RKI) entwickelt worden.<\/p>\n<p>Doch nicht nur Infizierte sollen in die Isolation. Auch Kontaktpersonen von Infizierten sollen 21 Tage in Quarant\u00e4ne.<\/p>\n<\/p>\n<p>Mehr Informationen in K\u00fcrze.<\/p>\n<\/div>\n<p><br \/>\n<br \/><a href=\"https:\/\/de.rt.com\/inland\/139249-lauterbach-mindestens-21-tage-isolation\/\">Source link <\/a><\/p>\n","protected":false},"excerpt":{"rendered":"<p>Zum Eind\u00e4mmen der ersten F\u00e4lle von Affenpocken in Deutschland soll f\u00fcr Infizierte generell eine angeordnete Isolation von mindestens 21 Tagen empfohlen werden. Das sagte Bundesgesundheitsminister Karl\u00a0Lauterbach\u00a0(SPD) am Dienstag am Rande des Deutschen \u00c4rztetages in Bremen. Lauterbach erkl\u00e4rte: &#8220;In den fr\u00fchen\u00a0Phasen einer Epidemie muss hart und fr\u00fch reagiert werden.&#8221; Die Empfehlung sei zusammen mit dem Robert [&hellip;]<\/p>\n","protected":false},"author":3,"featured_media":6832,"comment_status":"open","ping_status":"open","sticky":false,"template":"","format":"standard","meta":{"wp_automatic_camp":["217"],"bb989b5c569bea1d68593983ab0bd54b":["Lauterbach: Mindestens 21 Tage Isolation bei Affenpocken"],"original_link":["https:\/\/de.rt.com\/inland\/139249-lauterbach-mindestens-21-tage-isolation\/"],"_thumbnail_id":["6832"],"_wptg_p2tg_sent2tg":["2022-05-24 13:42:06"],"jnews_social_counter_last_update":["1777159323"]},"categories":[19,23],"tags":[20810,363,10674,1748,3231,3654],"yoast_head":"<!-- This site is optimized with the Yoast SEO Premium plugin v22.7 (Yoast SEO v22.7) - https:\/\/yoast.com\/wordpress\/plugins\/seo\/ -->\n<title>Lauterbach: Mindestens 21 Tage Isolation bei Affenpocken - just-now.NEWS Deutschland<\/title>\n<meta name=\"robots\" content=\"index, follow, max-snippet:-1, max-image-preview:large, max-video-preview:-1\" \/>\n<link rel=\"canonical\" href=\"https:\/\/now-news.de\/de\/deutschland\/lauterbach-mindestens-21-tage-isolation-bei-affenpocken\/\" \/>\n<meta property=\"og:locale\" content=\"de_DE\" \/>\n<meta property=\"og:type\" content=\"article\" \/>\n<meta property=\"og:title\" content=\"Lauterbach: Mindestens 21 Tage Isolation bei Affenpocken\" \/>\n<meta property=\"og:description\" content=\"Zum Eind\u00e4mmen der ersten F\u00e4lle von Affenpocken in Deutschland soll f\u00fcr Infizierte generell eine angeordnete Isolation von mindestens 21 Tagen empfohlen werden. Das sagte Bundesgesundheitsminister Karl\u00a0Lauterbach\u00a0(SPD) am Dienstag am Rande des Deutschen \u00c4rztetages in Bremen. Lauterbach erkl\u00e4rte: &#8220;In den fr\u00fchen\u00a0Phasen einer Epidemie muss hart und fr\u00fch reagiert werden.&#8221; Die Empfehlung sei zusammen mit dem Robert [&hellip;]\" \/>\n<meta property=\"og:url\" content=\"https:\/\/now-news.de\/de\/deutschland\/lauterbach-mindestens-21-tage-isolation-bei-affenpocken\/\" \/>\n<meta property=\"og:site_name\" content=\"just-now.NEWS Deutschland\" \/>\n<meta property=\"article:publisher\" content=\"https:\/\/www.facebook.com\/wirmachenauf\" \/>\n<meta property=\"article:published_time\" content=\"2022-05-24T11:27:47+00:00\" \/>\n<meta property=\"og:image\" content=\"https:\/\/now-news.de\/de\/wp-content\/uploads\/sites\/3\/2022\/05\/Erste-Annaeherung-nach-Ausladung-Steinmeier-telefoniert-mit-Selenskij.jpg\" \/>\n\t<meta property=\"og:image:width\" content=\"460\" \/>\n\t<meta property=\"og:image:height\" content=\"259\" \/>\n\t<meta property=\"og:image:type\" content=\"image\/jpeg\" \/>\n<meta name=\"author\" content=\"rtnews\" \/>\n<meta name=\"twitter:card\" content=\"summary_large_image\" \/>\n<meta name=\"twitter:creator\" content=\"@WirMachenAuf_de\" \/>\n<meta name=\"twitter:site\" content=\"@WirMachenAuf_de\" \/>\n<meta name=\"twitter:label1\" content=\"Verfasst von\" \/>\n\t<meta name=\"twitter:data1\" content=\"rtnews\" \/>\n<script type=\"application\/ld+json\" class=\"yoast-schema-graph\">{\"@context\":\"https:\/\/schema.org\",\"@graph\":[{\"@type\":\"Article\",\"@id\":\"https:\/\/now-news.de\/de\/deutschland\/lauterbach-mindestens-21-tage-isolation-bei-affenpocken\/#article\",\"isPartOf\":{\"@id\":\"https:\/\/now-news.de\/de\/deutschland\/lauterbach-mindestens-21-tage-isolation-bei-affenpocken\/\"},\"author\":{\"name\":\"rtnews\",\"@id\":\"https:\/\/now-news.de\/de\/#\/schema\/person\/fb534a4e865501d8b3285208df34a9b5\"},\"headline\":\"Lauterbach: Mindestens 21 Tage Isolation bei Affenpocken\",\"datePublished\":\"2022-05-24T11:27:47+00:00\",\"dateModified\":\"2022-05-24T11:27:47+00:00\",\"mainEntityOfPage\":{\"@id\":\"https:\/\/now-news.de\/de\/deutschland\/lauterbach-mindestens-21-tage-isolation-bei-affenpocken\/\"},\"wordCount\":98,\"commentCount\":0,\"publisher\":{\"@id\":\"https:\/\/now-news.de\/de\/#organization\"},\"image\":{\"@id\":\"https:\/\/now-news.de\/de\/deutschland\/lauterbach-mindestens-21-tage-isolation-bei-affenpocken\/#primaryimage\"},\"thumbnailUrl\":\"https:\/\/now-news.de\/de\/wp-content\/uploads\/sites\/3\/2022\/05\/Erste-Annaeherung-nach-Ausladung-Steinmeier-telefoniert-mit-Selenskij.jpg\",\"keywords\":[\"Affenpocken\",\"bei\",\"Isolation\",\"Lauterbach\",\"Mindestens\",\"Tage\"],\"articleSection\":[\"Deutschland\",\"Russland\"],\"inLanguage\":\"de\",\"potentialAction\":[{\"@type\":\"CommentAction\",\"name\":\"Comment\",\"target\":[\"https:\/\/now-news.de\/de\/deutschland\/lauterbach-mindestens-21-tage-isolation-bei-affenpocken\/#respond\"]}]},{\"@type\":\"WebPage\",\"@id\":\"https:\/\/now-news.de\/de\/deutschland\/lauterbach-mindestens-21-tage-isolation-bei-affenpocken\/\",\"url\":\"https:\/\/now-news.de\/de\/deutschland\/lauterbach-mindestens-21-tage-isolation-bei-affenpocken\/\",\"name\":\"Lauterbach: Mindestens 21 Tage Isolation bei Affenpocken - just-now.NEWS Deutschland\",\"isPartOf\":{\"@id\":\"https:\/\/now-news.de\/de\/#website\"},\"primaryImageOfPage\":{\"@id\":\"https:\/\/now-news.de\/de\/deutschland\/lauterbach-mindestens-21-tage-isolation-bei-affenpocken\/#primaryimage\"},\"image\":{\"@id\":\"https:\/\/now-news.de\/de\/deutschland\/lauterbach-mindestens-21-tage-isolation-bei-affenpocken\/#primaryimage\"},\"thumbnailUrl\":\"https:\/\/now-news.de\/de\/wp-content\/uploads\/sites\/3\/2022\/05\/Erste-Annaeherung-nach-Ausladung-Steinmeier-telefoniert-mit-Selenskij.jpg\",\"datePublished\":\"2022-05-24T11:27:47+00:00\",\"dateModified\":\"2022-05-24T11:27:47+00:00\",\"breadcrumb\":{\"@id\":\"https:\/\/now-news.de\/de\/deutschland\/lauterbach-mindestens-21-tage-isolation-bei-affenpocken\/#breadcrumb\"},\"inLanguage\":\"de\",\"potentialAction\":[{\"@type\":\"ReadAction\",\"target\":[\"https:\/\/now-news.de\/de\/deutschland\/lauterbach-mindestens-21-tage-isolation-bei-affenpocken\/\"]}]},{\"@type\":\"ImageObject\",\"inLanguage\":\"de\",\"@id\":\"https:\/\/now-news.de\/de\/deutschland\/lauterbach-mindestens-21-tage-isolation-bei-affenpocken\/#primaryimage\",\"url\":\"https:\/\/now-news.de\/de\/wp-content\/uploads\/sites\/3\/2022\/05\/Erste-Annaeherung-nach-Ausladung-Steinmeier-telefoniert-mit-Selenskij.jpg\",\"contentUrl\":\"https:\/\/now-news.de\/de\/wp-content\/uploads\/sites\/3\/2022\/05\/Erste-Annaeherung-nach-Ausladung-Steinmeier-telefoniert-mit-Selenskij.jpg\",\"width\":460,\"height\":259},{\"@type\":\"BreadcrumbList\",\"@id\":\"https:\/\/now-news.de\/de\/deutschland\/lauterbach-mindestens-21-tage-isolation-bei-affenpocken\/#breadcrumb\",\"itemListElement\":[{\"@type\":\"ListItem\",\"position\":1,\"name\":\"Home\",\"item\":\"https:\/\/now-news.de\/de\/\"},{\"@type\":\"ListItem\",\"position\":2,\"name\":\"Lauterbach: Mindestens 21 Tage Isolation bei Affenpocken\"}]},{\"@type\":\"WebSite\",\"@id\":\"https:\/\/now-news.de\/de\/#website\",\"url\":\"https:\/\/now-news.de\/de\/\",\"name\":\"just-now.NEWS Deutschland\",\"description\":\"Das Portal f\u00fcr unzensierte Nachrichten aus der Welt\",\"publisher\":{\"@id\":\"https:\/\/now-news.de\/de\/#organization\"},\"potentialAction\":[{\"@type\":\"SearchAction\",\"target\":{\"@type\":\"EntryPoint\",\"urlTemplate\":\"https:\/\/now-news.de\/de\/?s={search_term_string}\"},\"query-input\":\"required name=search_term_string\"}],\"inLanguage\":\"de\"},{\"@type\":\"Organization\",\"@id\":\"https:\/\/now-news.de\/de\/#organization\",\"name\":\"Just Now News\",\"url\":\"https:\/\/now-news.de\/de\/\",\"logo\":{\"@type\":\"ImageObject\",\"inLanguage\":\"de\",\"@id\":\"https:\/\/now-news.de\/de\/#\/schema\/logo\/image\/\",\"url\":\"http:\/\/just-now.news\/de\/wp-content\/uploads\/sites\/3\/2022\/04\/logo500x500.jpg\",\"contentUrl\":\"http:\/\/just-now.news\/de\/wp-content\/uploads\/sites\/3\/2022\/04\/logo500x500.jpg\",\"width\":500,\"height\":500,\"caption\":\"Just Now News\"},\"image\":{\"@id\":\"https:\/\/now-news.de\/de\/#\/schema\/logo\/image\/\"},\"sameAs\":[\"https:\/\/www.facebook.com\/wirmachenauf\",\"https:\/\/x.com\/WirMachenAuf_de\"]},{\"@type\":\"Person\",\"@id\":\"https:\/\/now-news.de\/de\/#\/schema\/person\/fb534a4e865501d8b3285208df34a9b5\",\"name\":\"rtnews\",\"image\":{\"@type\":\"ImageObject\",\"inLanguage\":\"de\",\"@id\":\"https:\/\/now-news.de\/de\/#\/schema\/person\/image\/\",\"url\":\"https:\/\/secure.gravatar.com\/avatar\/82aafea7d8127119dd649515f56e2117?s=96&d=mm&r=g\",\"contentUrl\":\"https:\/\/secure.gravatar.com\/avatar\/82aafea7d8127119dd649515f56e2117?s=96&d=mm&r=g\",\"caption\":\"rtnews\"},\"url\":\"https:\/\/now-news.de\/de\/author\/rnews\/\"}]}<\/script>\n<!-- \/ Yoast SEO Premium plugin. -->","yoast_head_json":{"title":"Lauterbach: Mindestens 21 Tage Isolation bei Affenpocken - just-now.NEWS Deutschland","robots":{"index":"index","follow":"follow","max-snippet":"max-snippet:-1","max-image-preview":"max-image-preview:large","max-video-preview":"max-video-preview:-1"},"canonical":"https:\/\/now-news.de\/de\/deutschland\/lauterbach-mindestens-21-tage-isolation-bei-affenpocken\/","og_locale":"de_DE","og_type":"article","og_title":"Lauterbach: Mindestens 21 Tage Isolation bei Affenpocken","og_description":"Zum Eind\u00e4mmen der ersten F\u00e4lle von Affenpocken in Deutschland soll f\u00fcr Infizierte generell eine angeordnete Isolation von mindestens 21 Tagen empfohlen werden. Das sagte Bundesgesundheitsminister Karl\u00a0Lauterbach\u00a0(SPD) am Dienstag am Rande des Deutschen \u00c4rztetages in Bremen. Lauterbach erkl\u00e4rte: &#8220;In den fr\u00fchen\u00a0Phasen einer Epidemie muss hart und fr\u00fch reagiert werden.&#8221; Die Empfehlung sei zusammen mit dem Robert [&hellip;]","og_url":"https:\/\/now-news.de\/de\/deutschland\/lauterbach-mindestens-21-tage-isolation-bei-affenpocken\/","og_site_name":"just-now.NEWS Deutschland","article_publisher":"https:\/\/www.facebook.com\/wirmachenauf","article_published_time":"2022-05-24T11:27:47+00:00","og_image":[{"width":460,"height":259,"url":"https:\/\/now-news.de\/de\/wp-content\/uploads\/sites\/3\/2022\/05\/Erste-Annaeherung-nach-Ausladung-Steinmeier-telefoniert-mit-Selenskij.jpg","type":"image\/jpeg"}],"author":"rtnews","twitter_card":"summary_large_image","twitter_creator":"@WirMachenAuf_de","twitter_site":"@WirMachenAuf_de","twitter_misc":{"Verfasst von":"rtnews"},"schema":{"@context":"https:\/\/schema.org","@graph":[{"@type":"Article","@id":"https:\/\/now-news.de\/de\/deutschland\/lauterbach-mindestens-21-tage-isolation-bei-affenpocken\/#article","isPartOf":{"@id":"https:\/\/now-news.de\/de\/deutschland\/lauterbach-mindestens-21-tage-isolation-bei-affenpocken\/"},"author":{"name":"rtnews","@id":"https:\/\/now-news.de\/de\/#\/schema\/person\/fb534a4e865501d8b3285208df34a9b5"},"headline":"Lauterbach: Mindestens 21 Tage Isolation bei Affenpocken","datePublished":"2022-05-24T11:27:47+00:00","dateModified":"2022-05-24T11:27:47+00:00","mainEntityOfPage":{"@id":"https:\/\/now-news.de\/de\/deutschland\/lauterbach-mindestens-21-tage-isolation-bei-affenpocken\/"},"wordCount":98,"commentCount":0,"publisher":{"@id":"https:\/\/now-news.de\/de\/#organization"},"image":{"@id":"https:\/\/now-news.de\/de\/deutschland\/lauterbach-mindestens-21-tage-isolation-bei-affenpocken\/#primaryimage"},"thumbnailUrl":"https:\/\/now-news.de\/de\/wp-content\/uploads\/sites\/3\/2022\/05\/Erste-Annaeherung-nach-Ausladung-Steinmeier-telefoniert-mit-Selenskij.jpg","keywords":["Affenpocken","bei","Isolation","Lauterbach","Mindestens","Tage"],"articleSection":["Deutschland","Russland"],"inLanguage":"de","potentialAction":[{"@type":"CommentAction","name":"Comment","target":["https:\/\/now-news.de\/de\/deutschland\/lauterbach-mindestens-21-tage-isolation-bei-affenpocken\/#respond"]}]},{"@type":"WebPage","@id":"https:\/\/now-news.de\/de\/deutschland\/lauterbach-mindestens-21-tage-isolation-bei-affenpocken\/","url":"https:\/\/now-news.de\/de\/deutschland\/lauterbach-mindestens-21-tage-isolation-bei-affenpocken\/","name":"Lauterbach: Mindestens 21 Tage Isolation bei Affenpocken - just-now.NEWS Deutschland","isPartOf":{"@id":"https:\/\/now-news.de\/de\/#website"},"primaryImageOfPage":{"@id":"https:\/\/now-news.de\/de\/deutschland\/lauterbach-mindestens-21-tage-isolation-bei-affenpocken\/#primaryimage"},"image":{"@id":"https:\/\/now-news.de\/de\/deutschland\/lauterbach-mindestens-21-tage-isolation-bei-affenpocken\/#primaryimage"},"thumbnailUrl":"https:\/\/now-news.de\/de\/wp-content\/uploads\/sites\/3\/2022\/05\/Erste-Annaeherung-nach-Ausladung-Steinmeier-telefoniert-mit-Selenskij.jpg","datePublished":"2022-05-24T11:27:47+00:00","dateModified":"2022-05-24T11:27:47+00:00","breadcrumb":{"@id":"https:\/\/now-news.de\/de\/deutschland\/lauterbach-mindestens-21-tage-isolation-bei-affenpocken\/#breadcrumb"},"inLanguage":"de","potentialAction":[{"@type":"ReadAction","target":["https:\/\/now-news.de\/de\/deutschland\/lauterbach-mindestens-21-tage-isolation-bei-affenpocken\/"]}]},{"@type":"ImageObject","inLanguage":"de","@id":"https:\/\/now-news.de\/de\/deutschland\/lauterbach-mindestens-21-tage-isolation-bei-affenpocken\/#primaryimage","url":"https:\/\/now-news.de\/de\/wp-content\/uploads\/sites\/3\/2022\/05\/Erste-Annaeherung-nach-Ausladung-Steinmeier-telefoniert-mit-Selenskij.jpg","contentUrl":"https:\/\/now-news.de\/de\/wp-content\/uploads\/sites\/3\/2022\/05\/Erste-Annaeherung-nach-Ausladung-Steinmeier-telefoniert-mit-Selenskij.jpg","width":460,"height":259},{"@type":"BreadcrumbList","@id":"https:\/\/now-news.de\/de\/deutschland\/lauterbach-mindestens-21-tage-isolation-bei-affenpocken\/#breadcrumb","itemListElement":[{"@type":"ListItem","position":1,"name":"Home","item":"https:\/\/now-news.de\/de\/"},{"@type":"ListItem","position":2,"name":"Lauterbach: Mindestens 21 Tage Isolation bei Affenpocken"}]},{"@type":"WebSite","@id":"https:\/\/now-news.de\/de\/#website","url":"https:\/\/now-news.de\/de\/","name":"just-now.NEWS Deutschland","description":"Das Portal f\u00fcr unzensierte Nachrichten aus der Welt","publisher":{"@id":"https:\/\/now-news.de\/de\/#organization"},"potentialAction":[{"@type":"SearchAction","target":{"@type":"EntryPoint","urlTemplate":"https:\/\/now-news.de\/de\/?s={search_term_string}"},"query-input":"required name=search_term_string"}],"inLanguage":"de"},{"@type":"Organization","@id":"https:\/\/now-news.de\/de\/#organization","name":"Just Now News","url":"https:\/\/now-news.de\/de\/","logo":{"@type":"ImageObject","inLanguage":"de","@id":"https:\/\/now-news.de\/de\/#\/schema\/logo\/image\/","url":"http:\/\/just-now.news\/de\/wp-content\/uploads\/sites\/3\/2022\/04\/logo500x500.jpg","contentUrl":"http:\/\/just-now.news\/de\/wp-content\/uploads\/sites\/3\/2022\/04\/logo500x500.jpg","width":500,"height":500,"caption":"Just Now News"},"image":{"@id":"https:\/\/now-news.de\/de\/#\/schema\/logo\/image\/"},"sameAs":["https:\/\/www.facebook.com\/wirmachenauf","https:\/\/x.com\/WirMachenAuf_de"]},{"@type":"Person","@id":"https:\/\/now-news.de\/de\/#\/schema\/person\/fb534a4e865501d8b3285208df34a9b5","name":"rtnews","image":{"@type":"ImageObject","inLanguage":"de","@id":"https:\/\/now-news.de\/de\/#\/schema\/person\/image\/","url":"https:\/\/secure.gravatar.com\/avatar\/82aafea7d8127119dd649515f56e2117?s=96&d=mm&r=g","contentUrl":"https:\/\/secure.gravatar.com\/avatar\/82aafea7d8127119dd649515f56e2117?s=96&d=mm&r=g","caption":"rtnews"},"url":"https:\/\/now-news.de\/de\/author\/rnews\/"}]}},"_links":{"self":[{"href":"https:\/\/now-news.de\/de\/wp-json\/wp\/v2\/posts\/8698"}],"collection":[{"href":"https:\/\/now-news.de\/de\/wp-json\/wp\/v2\/posts"}],"about":[{"href":"https:\/\/now-news.de\/de\/wp-json\/wp\/v2\/types\/post"}],"author":[{"embeddable":true,"href":"https:\/\/now-news.de\/de\/wp-json\/wp\/v2\/users\/3"}],"replies":[{"embeddable":true,"href":"https:\/\/now-news.de\/de\/wp-json\/wp\/v2\/comments?post=8698"}],"version-history":[{"count":0,"href":"https:\/\/now-news.de\/de\/wp-json\/wp\/v2\/posts\/8698\/revisions"}],"wp:featuredmedia":[{"embeddable":true,"href":"https:\/\/now-news.de\/de\/wp-json\/wp\/v2\/media\/6832"}],"wp:attachment":[{"href":"https:\/\/now-news.de\/de\/wp-json\/wp\/v2\/media?parent=8698"}],"wp:term":[{"taxonomy":"category","embeddable":true,"href":"https:\/\/now-news.de\/de\/wp-json\/wp\/v2\/categories?post=8698"},{"taxonomy":"post_tag","embeddable":true,"href":"https:\/\/now-news.de\/de\/wp-json\/wp\/v2\/tags?post=8698"}],"curies":[{"name":"wp","href":"https:\/\/api.w.org\/{rel}","templated":true}]}}