{"id":86979,"date":"2025-07-11T09:54:38","date_gmt":"2025-07-11T07:54:38","guid":{"rendered":"https:\/\/now-news.de\/de\/deutschland\/ab-august-trump-verhaengt-zoelle-von-35-prozent-gegen-kanada\/"},"modified":"2025-07-11T09:54:38","modified_gmt":"2025-07-11T07:54:38","slug":"ab-august-trump-verhaengt-zoelle-von-35-prozent-gegen-kanada","status":"publish","type":"post","link":"https:\/\/now-news.de\/de\/deutschland\/ab-august-trump-verhaengt-zoelle-von-35-prozent-gegen-kanada\/","title":{"rendered":"Ab August: Trump verh\u00e4ngt Z\u00f6lle von 35 Prozent gegen Kanada"},"content":{"rendered":"<p><img decoding=\"async\" src=\"https:\/\/now-news.de\/de\/wp-content\/uploads\/sites\/3\/2025\/07\/6870b9c3b480cc632e3d6b28.jpg\" \/><\/p>\n<div class=\"Text-root Text-type_1 \">\n                Trump hat in einem Brief an den kanadischen Premierminister neue Importz\u00f6lle angek\u00fcndigt. Die Ma\u00dfnahme k\u00f6nnte massive Folgen f\u00fcr die nordamerikanischen Lieferketten haben.\n            <\/div>\n<p><\/p>\n<div class=\"Text-root Text-type_5 ArticleView-text ViewText-root \">\n<p>US-Pr\u00e4sident Donald Trump hat ab August Z\u00f6lle in H\u00f6he von 35 Prozent gegen Kanada angek\u00fcndigt. &#8220;Ab dem 1. August werden wir Z\u00f6lle von 35 Prozent auf kanadische Produkte erheben, die in die USA geliefert werden&#8221;, schrieb Trump in einem Brief an Kanadas Premierminister Mark Carney, den er am Donnerstag (Ortszeit) auf seinem Onlinedienst Truth Social ver\u00f6ffentlichte. In dem Brief drohte Trump mit einer weiteren Erh\u00f6hung, sollte Kanada mit Gegenz\u00f6llen reagieren. Es ist einer von mehr als 20 Zollbriefen, die Trump seit Montag verschickt hat.<\/p>\n<div class=\"EmbedBlock-root EmbedBlock-twitter\">\n<div class=\"TwitterEmbed\">\n<blockquote class=\"twitter-tweet lazyload\" data-twitter=\"twitter-tweet\">\n<p lang=\"en\" dir=\"ltr\">BREAKING: Trump just announced a 35% TAX on AMERICANS for any goods they import from Canada. <a rel=\"nofollow noopener\" target=\"_blank\" href=\"https:\/\/t.co\/3yBNmSTBc5\">pic.twitter.com\/3yBNmSTBc5<\/a><\/p>\n<p>\u2014 Brian Krassenstein (@krassenstein) <a rel=\"nofollow noopener\" target=\"_blank\" href=\"https:\/\/twitter.com\/krassenstein\/status\/1943474217980448788?ref_src=twsrc%5Etfw\">July 11, 2025<\/a><\/p><\/blockquote>\n<\/div>\n<\/div>\n<p>Trump kritisierte, dass es Kanada nicht gelungen sei, den Zustrom der synthetischen Droge Fentanyl einzustellen. Die Substanz f\u00fchrt rasch zu einer starken Abh\u00e4ngigkeit und hat in den USA ein erhebliches Drogenproblem verursacht.<\/p>\n<p>Hohe Z\u00f6lle f\u00fcr Kanada h\u00e4tten weitreichende wirtschaftliche Folgen. Der Handel zwischen den beiden L\u00e4ndern belief sich im vergangenen Jahr laut US-Zolldaten auf mehr als 760 Milliarden Dollar. Viele nordamerikanische Unternehmen haben stark integrierte Lieferketten mit Teilen f\u00fcr Fertigprodukte wie Autos, die oft wiederholt die Grenze \u00fcberqueren.<\/p>\n<p>In den letzten Tagen hat Trump seinen Handelskrieg ausgeweitet und neue Z\u00f6lle f\u00fcr eine Reihe von L\u00e4ndern eingef\u00fchrt, darunter auch f\u00fcr die Verb\u00fcndeten Japan und S\u00fcdkorea. Zudem hat er einen Zoll von 50 Prozent auf Kupfer verh\u00e4ngt.<\/p>\n<p>In einem am Donnerstag ver\u00f6ffentlichten Interview mit <em>NBC News<\/em> sagte Trump, dass Handelspartner, die noch keine entsprechenden Briefe erhalten h\u00e4tten, wahrscheinlich mit pauschalen Z\u00f6llen rechnen m\u00fcssten. &#8220;Nicht jeder muss einen Brief bekommen. Das wissen Sie. Wir legen einfach unsere Z\u00f6lle fest&#8221;, sagte Trump in dem Interview.<\/p>\n<p>&#8220;Wir werden einfach sagen, dass alle \u00fcbrigen L\u00e4nder zahlen m\u00fcssen, egal ob es 20\u00a0Prozent oder 15\u00a0Prozent sind. Das werden wir jetzt ausarbeiten&#8221;, wurde Trump vom Sender zitiert.<\/p>\n<p>Trump\u00a0k\u00fcndigte auch am Mittwoch einen 50-prozentigen Zoll auf alle brasilianischen Waren an. Der Schritt gilt als Reaktion auf diplomatische Spannungen zwischen den USA und Brasilien. Hintergrund ist die Strafverfolgung des ehemaligen Pr\u00e4sidenten\u00a0Jair Bolsonaro durch brasilianische Beh\u00f6rden. Ihm wird vorgeworfen, nach seiner Wahlniederlage 2022 an einem Plan beteiligt gewesen zu sein, mit milit\u00e4rischer Gewalt an der Macht zu bleiben.<\/p>\n<p><strong>Mehr zum Thema<\/strong>\u00a0\u2012 <a rel=\"nofollow noopener\" target=\"_blank\" href=\"https:\/\/freedert.online\/international\/250303-usa-gegen-brasilien-handelskrieg-droht-lula-kontert-trumps-drohungen\/\">USA gegen Brasilien: Handelskrieg droht \u2013 Lula kontert Trumps Zollultimatum<\/a><\/p>\n<div class=\"EmbedBlock-root EmbedBlock-externalVideo EmbedBlock-rumble\">\n<div class=\"VkEmbed\"><iframe class=\"lazyload\" data-src=\"https:\/\/rumble.com\/embed\/v6rqta9\" frameborder=\"0\" width=\"853\" height=\"480\" allowfullscreen><\/iframe><\/div>\n<\/div>\n<\/div>\n<p><script async src=\"https:\/\/platform.twitter.com\/widgets.js\" charset=\"utf-8\"><\/script><br \/>\n<br \/><br \/>\n<br \/><a href=\"https:\/\/de.rt.com\/nordamerika\/250380-ab-august-trump-verhaengt-zoelle\/\">Source link <\/a><\/p>\n","protected":false},"excerpt":{"rendered":"<p>Trump hat in einem Brief an den kanadischen Premierminister neue Importz\u00f6lle angek\u00fcndigt. Die Ma\u00dfnahme k\u00f6nnte massive Folgen f\u00fcr die nordamerikanischen Lieferketten haben. US-Pr\u00e4sident Donald Trump hat ab August Z\u00f6lle in H\u00f6he von 35 Prozent gegen Kanada angek\u00fcndigt. &#8220;Ab dem 1. August werden wir Z\u00f6lle von 35 Prozent auf kanadische Produkte erheben, die in die USA [&hellip;]<\/p>\n","protected":false},"author":3,"featured_media":86980,"comment_status":"open","ping_status":"open","sticky":false,"template":"","format":"standard","meta":{"_yoast_indexnow_last_ping":["1752220794"],"wp_automatic_camp":["217"],"c0afeed128814b490e08ef1d0fdc21c6":["Ab August: Trump verh\u00e4ngt Z\u00f6lle von 35 Prozent gegen Kanada"],"original_link":["https:\/\/de.rt.com\/nordamerika\/250380-ab-august-trump-verhaengt-zoelle\/"],"_thumbnail_id":["86980"],"_wptgpro_p2tg_sent2tg":["a:1:{i:23737;s:19:\"2025-07-11 10:01:15\";}"],"jnews_social_counter_last_update":["1777178395"]},"categories":[19,23],"tags":[13604,278,19376,1429,1639,10528,50,21429],"yoast_head":"<!-- This site is optimized with the Yoast SEO Premium plugin v22.7 (Yoast SEO v22.7) - https:\/\/yoast.com\/wordpress\/plugins\/seo\/ -->\n<title>Ab August: Trump verh\u00e4ngt Z\u00f6lle von 35 Prozent gegen Kanada - just-now.NEWS Deutschland<\/title>\n<meta name=\"robots\" content=\"index, follow, max-snippet:-1, max-image-preview:large, max-video-preview:-1\" \/>\n<link rel=\"canonical\" href=\"https:\/\/now-news.de\/de\/deutschland\/ab-august-trump-verhaengt-zoelle-von-35-prozent-gegen-kanada\/\" \/>\n<meta property=\"og:locale\" content=\"de_DE\" \/>\n<meta property=\"og:type\" content=\"article\" \/>\n<meta property=\"og:title\" content=\"Ab August: Trump verh\u00e4ngt Z\u00f6lle von 35 Prozent gegen Kanada\" \/>\n<meta property=\"og:description\" content=\"Trump hat in einem Brief an den kanadischen Premierminister neue Importz\u00f6lle angek\u00fcndigt. Die Ma\u00dfnahme k\u00f6nnte massive Folgen f\u00fcr die nordamerikanischen Lieferketten haben. US-Pr\u00e4sident Donald Trump hat ab August Z\u00f6lle in H\u00f6he von 35 Prozent gegen Kanada angek\u00fcndigt. &#8220;Ab dem 1. August werden wir Z\u00f6lle von 35 Prozent auf kanadische Produkte erheben, die in die USA [&hellip;]\" \/>\n<meta property=\"og:url\" content=\"https:\/\/now-news.de\/de\/deutschland\/ab-august-trump-verhaengt-zoelle-von-35-prozent-gegen-kanada\/\" \/>\n<meta property=\"og:site_name\" content=\"just-now.NEWS Deutschland\" \/>\n<meta property=\"article:publisher\" content=\"https:\/\/www.facebook.com\/wirmachenauf\" \/>\n<meta property=\"article:published_time\" content=\"2025-07-11T07:54:38+00:00\" \/>\n<meta property=\"og:image\" content=\"https:\/\/now-news.de\/de\/wp-content\/uploads\/sites\/3\/2025\/07\/6870b9c3b480cc632e3d6b28.jpg\" \/>\n<meta name=\"author\" content=\"rtnews\" \/>\n<meta name=\"twitter:card\" content=\"summary_large_image\" \/>\n<meta name=\"twitter:creator\" content=\"@WirMachenAuf_de\" \/>\n<meta name=\"twitter:site\" content=\"@WirMachenAuf_de\" \/>\n<meta name=\"twitter:label1\" content=\"Verfasst von\" \/>\n\t<meta name=\"twitter:data1\" content=\"rtnews\" \/>\n\t<meta name=\"twitter:label2\" content=\"Gesch\u00e4tzte Lesezeit\" \/>\n\t<meta name=\"twitter:data2\" content=\"2\u00a0Minuten\" \/>\n<script type=\"application\/ld+json\" class=\"yoast-schema-graph\">{\"@context\":\"https:\/\/schema.org\",\"@graph\":[{\"@type\":\"Article\",\"@id\":\"https:\/\/now-news.de\/de\/deutschland\/ab-august-trump-verhaengt-zoelle-von-35-prozent-gegen-kanada\/#article\",\"isPartOf\":{\"@id\":\"https:\/\/now-news.de\/de\/deutschland\/ab-august-trump-verhaengt-zoelle-von-35-prozent-gegen-kanada\/\"},\"author\":{\"name\":\"rtnews\",\"@id\":\"https:\/\/now-news.de\/de\/#\/schema\/person\/fb534a4e865501d8b3285208df34a9b5\"},\"headline\":\"Ab August: Trump verh\u00e4ngt Z\u00f6lle von 35 Prozent gegen Kanada\",\"datePublished\":\"2025-07-11T07:54:38+00:00\",\"dateModified\":\"2025-07-11T07:54:38+00:00\",\"mainEntityOfPage\":{\"@id\":\"https:\/\/now-news.de\/de\/deutschland\/ab-august-trump-verhaengt-zoelle-von-35-prozent-gegen-kanada\/\"},\"wordCount\":435,\"commentCount\":0,\"publisher\":{\"@id\":\"https:\/\/now-news.de\/de\/#organization\"},\"image\":{\"@id\":\"https:\/\/now-news.de\/de\/deutschland\/ab-august-trump-verhaengt-zoelle-von-35-prozent-gegen-kanada\/#primaryimage\"},\"thumbnailUrl\":\"https:\/\/now-news.de\/de\/wp-content\/uploads\/sites\/3\/2025\/07\/Ab-August-Trump-verhaengt-Zoelle-von-35-Prozent-gegen-Kanada.jpg\",\"keywords\":[\"August\",\"gegen\",\"Kanada\",\"Prozent\",\"trump\",\"verh\u00e4ngt\",\"von\",\"Z\u00f6lle\"],\"articleSection\":[\"Deutschland\",\"Russland\"],\"inLanguage\":\"de\",\"potentialAction\":[{\"@type\":\"CommentAction\",\"name\":\"Comment\",\"target\":[\"https:\/\/now-news.de\/de\/deutschland\/ab-august-trump-verhaengt-zoelle-von-35-prozent-gegen-kanada\/#respond\"]}]},{\"@type\":\"WebPage\",\"@id\":\"https:\/\/now-news.de\/de\/deutschland\/ab-august-trump-verhaengt-zoelle-von-35-prozent-gegen-kanada\/\",\"url\":\"https:\/\/now-news.de\/de\/deutschland\/ab-august-trump-verhaengt-zoelle-von-35-prozent-gegen-kanada\/\",\"name\":\"Ab August: Trump verh\u00e4ngt Z\u00f6lle von 35 Prozent gegen Kanada - just-now.NEWS Deutschland\",\"isPartOf\":{\"@id\":\"https:\/\/now-news.de\/de\/#website\"},\"primaryImageOfPage\":{\"@id\":\"https:\/\/now-news.de\/de\/deutschland\/ab-august-trump-verhaengt-zoelle-von-35-prozent-gegen-kanada\/#primaryimage\"},\"image\":{\"@id\":\"https:\/\/now-news.de\/de\/deutschland\/ab-august-trump-verhaengt-zoelle-von-35-prozent-gegen-kanada\/#primaryimage\"},\"thumbnailUrl\":\"https:\/\/now-news.de\/de\/wp-content\/uploads\/sites\/3\/2025\/07\/Ab-August-Trump-verhaengt-Zoelle-von-35-Prozent-gegen-Kanada.jpg\",\"datePublished\":\"2025-07-11T07:54:38+00:00\",\"dateModified\":\"2025-07-11T07:54:38+00:00\",\"breadcrumb\":{\"@id\":\"https:\/\/now-news.de\/de\/deutschland\/ab-august-trump-verhaengt-zoelle-von-35-prozent-gegen-kanada\/#breadcrumb\"},\"inLanguage\":\"de\",\"potentialAction\":[{\"@type\":\"ReadAction\",\"target\":[\"https:\/\/now-news.de\/de\/deutschland\/ab-august-trump-verhaengt-zoelle-von-35-prozent-gegen-kanada\/\"]}]},{\"@type\":\"ImageObject\",\"inLanguage\":\"de\",\"@id\":\"https:\/\/now-news.de\/de\/deutschland\/ab-august-trump-verhaengt-zoelle-von-35-prozent-gegen-kanada\/#primaryimage\",\"url\":\"https:\/\/now-news.de\/de\/wp-content\/uploads\/sites\/3\/2025\/07\/Ab-August-Trump-verhaengt-Zoelle-von-35-Prozent-gegen-Kanada.jpg\",\"contentUrl\":\"https:\/\/now-news.de\/de\/wp-content\/uploads\/sites\/3\/2025\/07\/Ab-August-Trump-verhaengt-Zoelle-von-35-Prozent-gegen-Kanada.jpg\",\"width\":460,\"height\":259,\"caption\":\"Ab August: Trump verh\u00e4ngt Z\u00f6lle von 35 Prozent gegen Kanada\"},{\"@type\":\"BreadcrumbList\",\"@id\":\"https:\/\/now-news.de\/de\/deutschland\/ab-august-trump-verhaengt-zoelle-von-35-prozent-gegen-kanada\/#breadcrumb\",\"itemListElement\":[{\"@type\":\"ListItem\",\"position\":1,\"name\":\"Home\",\"item\":\"https:\/\/now-news.de\/de\/\"},{\"@type\":\"ListItem\",\"position\":2,\"name\":\"Ab August: Trump verh\u00e4ngt Z\u00f6lle von 35 Prozent gegen Kanada\"}]},{\"@type\":\"WebSite\",\"@id\":\"https:\/\/now-news.de\/de\/#website\",\"url\":\"https:\/\/now-news.de\/de\/\",\"name\":\"just-now.NEWS Deutschland\",\"description\":\"Das Portal f\u00fcr unzensierte Nachrichten aus der Welt\",\"publisher\":{\"@id\":\"https:\/\/now-news.de\/de\/#organization\"},\"potentialAction\":[{\"@type\":\"SearchAction\",\"target\":{\"@type\":\"EntryPoint\",\"urlTemplate\":\"https:\/\/now-news.de\/de\/?s={search_term_string}\"},\"query-input\":\"required name=search_term_string\"}],\"inLanguage\":\"de\"},{\"@type\":\"Organization\",\"@id\":\"https:\/\/now-news.de\/de\/#organization\",\"name\":\"Just Now News\",\"url\":\"https:\/\/now-news.de\/de\/\",\"logo\":{\"@type\":\"ImageObject\",\"inLanguage\":\"de\",\"@id\":\"https:\/\/now-news.de\/de\/#\/schema\/logo\/image\/\",\"url\":\"http:\/\/just-now.news\/de\/wp-content\/uploads\/sites\/3\/2022\/04\/logo500x500.jpg\",\"contentUrl\":\"http:\/\/just-now.news\/de\/wp-content\/uploads\/sites\/3\/2022\/04\/logo500x500.jpg\",\"width\":500,\"height\":500,\"caption\":\"Just Now News\"},\"image\":{\"@id\":\"https:\/\/now-news.de\/de\/#\/schema\/logo\/image\/\"},\"sameAs\":[\"https:\/\/www.facebook.com\/wirmachenauf\",\"https:\/\/x.com\/WirMachenAuf_de\"]},{\"@type\":\"Person\",\"@id\":\"https:\/\/now-news.de\/de\/#\/schema\/person\/fb534a4e865501d8b3285208df34a9b5\",\"name\":\"rtnews\",\"image\":{\"@type\":\"ImageObject\",\"inLanguage\":\"de\",\"@id\":\"https:\/\/now-news.de\/de\/#\/schema\/person\/image\/\",\"url\":\"https:\/\/secure.gravatar.com\/avatar\/82aafea7d8127119dd649515f56e2117?s=96&d=mm&r=g\",\"contentUrl\":\"https:\/\/secure.gravatar.com\/avatar\/82aafea7d8127119dd649515f56e2117?s=96&d=mm&r=g\",\"caption\":\"rtnews\"},\"url\":\"https:\/\/now-news.de\/de\/author\/rnews\/\"}]}<\/script>\n<!-- \/ Yoast SEO Premium plugin. -->","yoast_head_json":{"title":"Ab August: Trump verh\u00e4ngt Z\u00f6lle von 35 Prozent gegen Kanada - just-now.NEWS Deutschland","robots":{"index":"index","follow":"follow","max-snippet":"max-snippet:-1","max-image-preview":"max-image-preview:large","max-video-preview":"max-video-preview:-1"},"canonical":"https:\/\/now-news.de\/de\/deutschland\/ab-august-trump-verhaengt-zoelle-von-35-prozent-gegen-kanada\/","og_locale":"de_DE","og_type":"article","og_title":"Ab August: Trump verh\u00e4ngt Z\u00f6lle von 35 Prozent gegen Kanada","og_description":"Trump hat in einem Brief an den kanadischen Premierminister neue Importz\u00f6lle angek\u00fcndigt. Die Ma\u00dfnahme k\u00f6nnte massive Folgen f\u00fcr die nordamerikanischen Lieferketten haben. US-Pr\u00e4sident Donald Trump hat ab August Z\u00f6lle in H\u00f6he von 35 Prozent gegen Kanada angek\u00fcndigt. &#8220;Ab dem 1. August werden wir Z\u00f6lle von 35 Prozent auf kanadische Produkte erheben, die in die USA [&hellip;]","og_url":"https:\/\/now-news.de\/de\/deutschland\/ab-august-trump-verhaengt-zoelle-von-35-prozent-gegen-kanada\/","og_site_name":"just-now.NEWS Deutschland","article_publisher":"https:\/\/www.facebook.com\/wirmachenauf","article_published_time":"2025-07-11T07:54:38+00:00","og_image":[{"url":"https:\/\/now-news.de\/de\/wp-content\/uploads\/sites\/3\/2025\/07\/6870b9c3b480cc632e3d6b28.jpg"}],"author":"rtnews","twitter_card":"summary_large_image","twitter_creator":"@WirMachenAuf_de","twitter_site":"@WirMachenAuf_de","twitter_misc":{"Verfasst von":"rtnews","Gesch\u00e4tzte Lesezeit":"2\u00a0Minuten"},"schema":{"@context":"https:\/\/schema.org","@graph":[{"@type":"Article","@id":"https:\/\/now-news.de\/de\/deutschland\/ab-august-trump-verhaengt-zoelle-von-35-prozent-gegen-kanada\/#article","isPartOf":{"@id":"https:\/\/now-news.de\/de\/deutschland\/ab-august-trump-verhaengt-zoelle-von-35-prozent-gegen-kanada\/"},"author":{"name":"rtnews","@id":"https:\/\/now-news.de\/de\/#\/schema\/person\/fb534a4e865501d8b3285208df34a9b5"},"headline":"Ab August: Trump verh\u00e4ngt Z\u00f6lle von 35 Prozent gegen Kanada","datePublished":"2025-07-11T07:54:38+00:00","dateModified":"2025-07-11T07:54:38+00:00","mainEntityOfPage":{"@id":"https:\/\/now-news.de\/de\/deutschland\/ab-august-trump-verhaengt-zoelle-von-35-prozent-gegen-kanada\/"},"wordCount":435,"commentCount":0,"publisher":{"@id":"https:\/\/now-news.de\/de\/#organization"},"image":{"@id":"https:\/\/now-news.de\/de\/deutschland\/ab-august-trump-verhaengt-zoelle-von-35-prozent-gegen-kanada\/#primaryimage"},"thumbnailUrl":"https:\/\/now-news.de\/de\/wp-content\/uploads\/sites\/3\/2025\/07\/Ab-August-Trump-verhaengt-Zoelle-von-35-Prozent-gegen-Kanada.jpg","keywords":["August","gegen","Kanada","Prozent","trump","verh\u00e4ngt","von","Z\u00f6lle"],"articleSection":["Deutschland","Russland"],"inLanguage":"de","potentialAction":[{"@type":"CommentAction","name":"Comment","target":["https:\/\/now-news.de\/de\/deutschland\/ab-august-trump-verhaengt-zoelle-von-35-prozent-gegen-kanada\/#respond"]}]},{"@type":"WebPage","@id":"https:\/\/now-news.de\/de\/deutschland\/ab-august-trump-verhaengt-zoelle-von-35-prozent-gegen-kanada\/","url":"https:\/\/now-news.de\/de\/deutschland\/ab-august-trump-verhaengt-zoelle-von-35-prozent-gegen-kanada\/","name":"Ab August: Trump verh\u00e4ngt Z\u00f6lle von 35 Prozent gegen Kanada - just-now.NEWS Deutschland","isPartOf":{"@id":"https:\/\/now-news.de\/de\/#website"},"primaryImageOfPage":{"@id":"https:\/\/now-news.de\/de\/deutschland\/ab-august-trump-verhaengt-zoelle-von-35-prozent-gegen-kanada\/#primaryimage"},"image":{"@id":"https:\/\/now-news.de\/de\/deutschland\/ab-august-trump-verhaengt-zoelle-von-35-prozent-gegen-kanada\/#primaryimage"},"thumbnailUrl":"https:\/\/now-news.de\/de\/wp-content\/uploads\/sites\/3\/2025\/07\/Ab-August-Trump-verhaengt-Zoelle-von-35-Prozent-gegen-Kanada.jpg","datePublished":"2025-07-11T07:54:38+00:00","dateModified":"2025-07-11T07:54:38+00:00","breadcrumb":{"@id":"https:\/\/now-news.de\/de\/deutschland\/ab-august-trump-verhaengt-zoelle-von-35-prozent-gegen-kanada\/#breadcrumb"},"inLanguage":"de","potentialAction":[{"@type":"ReadAction","target":["https:\/\/now-news.de\/de\/deutschland\/ab-august-trump-verhaengt-zoelle-von-35-prozent-gegen-kanada\/"]}]},{"@type":"ImageObject","inLanguage":"de","@id":"https:\/\/now-news.de\/de\/deutschland\/ab-august-trump-verhaengt-zoelle-von-35-prozent-gegen-kanada\/#primaryimage","url":"https:\/\/now-news.de\/de\/wp-content\/uploads\/sites\/3\/2025\/07\/Ab-August-Trump-verhaengt-Zoelle-von-35-Prozent-gegen-Kanada.jpg","contentUrl":"https:\/\/now-news.de\/de\/wp-content\/uploads\/sites\/3\/2025\/07\/Ab-August-Trump-verhaengt-Zoelle-von-35-Prozent-gegen-Kanada.jpg","width":460,"height":259,"caption":"Ab August: Trump verh\u00e4ngt Z\u00f6lle von 35 Prozent gegen Kanada"},{"@type":"BreadcrumbList","@id":"https:\/\/now-news.de\/de\/deutschland\/ab-august-trump-verhaengt-zoelle-von-35-prozent-gegen-kanada\/#breadcrumb","itemListElement":[{"@type":"ListItem","position":1,"name":"Home","item":"https:\/\/now-news.de\/de\/"},{"@type":"ListItem","position":2,"name":"Ab August: Trump verh\u00e4ngt Z\u00f6lle von 35 Prozent gegen Kanada"}]},{"@type":"WebSite","@id":"https:\/\/now-news.de\/de\/#website","url":"https:\/\/now-news.de\/de\/","name":"just-now.NEWS Deutschland","description":"Das Portal f\u00fcr unzensierte Nachrichten aus der Welt","publisher":{"@id":"https:\/\/now-news.de\/de\/#organization"},"potentialAction":[{"@type":"SearchAction","target":{"@type":"EntryPoint","urlTemplate":"https:\/\/now-news.de\/de\/?s={search_term_string}"},"query-input":"required name=search_term_string"}],"inLanguage":"de"},{"@type":"Organization","@id":"https:\/\/now-news.de\/de\/#organization","name":"Just Now News","url":"https:\/\/now-news.de\/de\/","logo":{"@type":"ImageObject","inLanguage":"de","@id":"https:\/\/now-news.de\/de\/#\/schema\/logo\/image\/","url":"http:\/\/just-now.news\/de\/wp-content\/uploads\/sites\/3\/2022\/04\/logo500x500.jpg","contentUrl":"http:\/\/just-now.news\/de\/wp-content\/uploads\/sites\/3\/2022\/04\/logo500x500.jpg","width":500,"height":500,"caption":"Just Now News"},"image":{"@id":"https:\/\/now-news.de\/de\/#\/schema\/logo\/image\/"},"sameAs":["https:\/\/www.facebook.com\/wirmachenauf","https:\/\/x.com\/WirMachenAuf_de"]},{"@type":"Person","@id":"https:\/\/now-news.de\/de\/#\/schema\/person\/fb534a4e865501d8b3285208df34a9b5","name":"rtnews","image":{"@type":"ImageObject","inLanguage":"de","@id":"https:\/\/now-news.de\/de\/#\/schema\/person\/image\/","url":"https:\/\/secure.gravatar.com\/avatar\/82aafea7d8127119dd649515f56e2117?s=96&d=mm&r=g","contentUrl":"https:\/\/secure.gravatar.com\/avatar\/82aafea7d8127119dd649515f56e2117?s=96&d=mm&r=g","caption":"rtnews"},"url":"https:\/\/now-news.de\/de\/author\/rnews\/"}]}},"_links":{"self":[{"href":"https:\/\/now-news.de\/de\/wp-json\/wp\/v2\/posts\/86979"}],"collection":[{"href":"https:\/\/now-news.de\/de\/wp-json\/wp\/v2\/posts"}],"about":[{"href":"https:\/\/now-news.de\/de\/wp-json\/wp\/v2\/types\/post"}],"author":[{"embeddable":true,"href":"https:\/\/now-news.de\/de\/wp-json\/wp\/v2\/users\/3"}],"replies":[{"embeddable":true,"href":"https:\/\/now-news.de\/de\/wp-json\/wp\/v2\/comments?post=86979"}],"version-history":[{"count":0,"href":"https:\/\/now-news.de\/de\/wp-json\/wp\/v2\/posts\/86979\/revisions"}],"wp:featuredmedia":[{"embeddable":true,"href":"https:\/\/now-news.de\/de\/wp-json\/wp\/v2\/media\/86980"}],"wp:attachment":[{"href":"https:\/\/now-news.de\/de\/wp-json\/wp\/v2\/media?parent=86979"}],"wp:term":[{"taxonomy":"category","embeddable":true,"href":"https:\/\/now-news.de\/de\/wp-json\/wp\/v2\/categories?post=86979"},{"taxonomy":"post_tag","embeddable":true,"href":"https:\/\/now-news.de\/de\/wp-json\/wp\/v2\/tags?post=86979"}],"curies":[{"name":"wp","href":"https:\/\/api.w.org\/{rel}","templated":true}]}}