{"id":86973,"date":"2025-07-11T06:30:00","date_gmt":"2025-07-11T04:30:00","guid":{"rendered":"https:\/\/now-news.de\/de\/deutschland\/ursula-von-der-leyen-und-europas-ganz-eigener-tiefer-staat-sie-verstecken-sich-nicht-einmal\/"},"modified":"2025-07-11T06:30:00","modified_gmt":"2025-07-11T04:30:00","slug":"ursula-von-der-leyen-und-europas-ganz-eigener-tiefer-staat-sie-verstecken-sich-nicht-einmal","status":"publish","type":"post","link":"https:\/\/now-news.de\/de\/deutschland\/ursula-von-der-leyen-und-europas-ganz-eigener-tiefer-staat-sie-verstecken-sich-nicht-einmal\/","title":{"rendered":"Ursula von der Leyen und Europas ganz eigener Tiefer Staat \u2013 sie verstecken sich nicht einmal"},"content":{"rendered":"<p><img decoding=\"async\" src=\"https:\/\/now-news.de\/de\/wp-content\/uploads\/sites\/3\/2025\/07\/686f7c8b48fbef3a026ba151.png\" \/><\/p>\n<div class=\"Text-root Text-type_1 \">\n                Wer nach dem Tiefen Staat (diesen geheimnisumwobenen Strippenziehern, \u00fcber die man sonst aus den USA so viel h\u00f6rt) auch in Europa sucht, muss sich nicht auf die Schergen von BlackRock und Co. beschr\u00e4nken: Manche Vertreter sind mittlerweile so dummdreist geworden, dass sie sich nicht einmal mehr notd\u00fcrftig verstecken.\n            <\/div>\n<p><\/p>\n<div class=\"Text-root Text-type_5 ArticleView-text ViewText-root \">\n<p><em>Von Wiktorija Nikiforowa<\/em><\/p>\n<p>Am\u00a010. Juli 2025, wird das Europ\u00e4ische Parlament \u00fcber ein Misstrauensvotum gegen Ursula von der Leyen <a rel=\"nofollow noopener\" target=\"_blank\" href=\"https:\/\/freedert.online\/kurzclips\/video\/250292-ende-aera-von-leyens-misstrauensantrag\/\">abstimmen<\/a> \u2013 und gegen die gesamte Europ\u00e4ische Kommission gleich mit. Wie der stellvertretende Vorsitzende des Sicherheitsrates der Russischen F\u00f6deration, Dmitri Medwedew, es in seinem unnachahmlichen Stil formulierte:<\/p>\n<blockquote>\n<p><em>&#8220;Wegen der boshaften Gyn\u00e4kologin platzt allen bald der \u2026 Kragen.&#8221; <\/em><\/p>\n<\/blockquote>\n<p>Aber stimmt das tats\u00e4chlich? Steht den Russophoben in der europ\u00e4ischen Politiklandschaft eine schwere Zeit bevor?<\/p>\n<p>Dr\u00f6seln wir zun\u00e4chst auf, wer Ursula von der Leyen wirklich ist. Vergessen wir politische Parteien, freie Wahlen und alles weitere demokratische Lametta f\u00fcr Idioten.<\/p>\n<p>Ursula geh\u00f6rt der uralten und sehr reichen deutschen Familie der Albrechts an \u2013 den Baumwollk\u00f6nigen Europas. Ihr Wappen ist ein goldener L\u00f6we auf rotem Feld. Ursulas Urgro\u00dfvater Karl Albrecht heiratete eine US-Amerikanerin, deren Stammbaum voller Gouverneure, Plantagenbesitzer und Sklavenhalter ist \u2013 und sogar Thomas Jefferson, der dritte Pr\u00e4sident der Vereinigten Staaten, war darunter. Das hei\u00dft, der Transatlantismus liegt dieser Familie buchst\u00e4blich im Blut, Ursula hat viele reiche und einflussreiche Verwandte in den USA.<\/p>\n<p>Unter Hitler arbeitete Karl Albrecht im Reichsau\u00dfenministerium und wurde an Pl\u00fcnderungen\u00a0auf dem Gebiet der UdSSR und am Massenmord an &#8220;Untermenschen&#8221; aller Art reich. Nach dem Krieg gelang es ihm trotz der Entnazifizierungspolitik (in Westdeutschland ohnehin nicht allzu eifrig betrieben), sein Verm\u00f6gen und seinen Einfluss zu bewahren.<\/p>\n<p>Das\u00a0Verm\u00f6gen von Ursulas Vater machte ihn zu einem der einflussreichsten Politiker Europas. Er war einer der Gr\u00fcnder der Europ\u00e4ischen Gemeinschaft f\u00fcr Kohle und Stahl und der sp\u00e4teren Europ\u00e4ischen Kommission. Von 1976 bis 1990 leitete Ernst Albrecht Niedersachsen als Ministerpr\u00e4sident. Er verlie\u00df den Posten aufgrund von Korruptionsskandalen.<\/p>\n<p>Sehen wir uns nun einmal an, wer denn wohl ihr\u00a0Ehemann ist. Heiko von der Leyen geh\u00f6rt einer noch adligeren, \u00e4lteren und reicheren deutschen Familie europ\u00e4ischer Seidenk\u00f6nige an. Auf deren Wappen umgeben zwei gekr\u00f6nte Adler einen Storch, der auf einem Bein steht. Es\u00a0finden sich\u00a0unz\u00e4hlige Barone, B\u00fcrgermeister und Minister in dieser Familie, und ihre zahlreichen Anwesen und Pal\u00e4ste begeistern Touristen noch heute mit ihrem Luxus. Zu Hitlers Zeiten w\u00fcteten die Vorfahren von Ursulas Mann so wild, dass Heiko heute noch jedem versichert, er geh\u00f6re lediglich einem Seitenzweig der Familie an und habe nichts mit denen zu tun\u00a0\u2026<\/p>\n<p>Ja nee, is&#8217; klar.<\/p>\n<p>Das Familienpr\u00e4fix &#8220;von der&#8221; hat er allerdings trotzdem nicht aufgegeben.<\/p>\n<p>Im Grunde genommen haben wir hier also die ungekr\u00f6nten K\u00f6nige Europas vor uns, Vertreter alter Familien und alten Geldes (der englische Ausdruck &#8220;old money&#8221; w\u00e4re vielleicht sogar noch treffender), die mit der Gr\u00fcndung der EU ihre Macht \u00fcber vermeintlich souver\u00e4ne europ\u00e4ische Staats- und Regierungschefs gefestigt haben.<\/p>\n<p>Wir fragen uns ja so oft, wer dieser Tiefe Staat spezifisch in Europa, die mysteri\u00f6se Br\u00fcsseler B\u00fcrokratie, ist. Na, hier sind sie doch, die Fr\u00fcchtchen! Vom gleichen Schlag ist zum Beispiel Ursulas Parteifreund Thomas de Maizi\u00e8re mit seinen zahlreichen aristokratischen Verwandten, die sich st\u00e4ndig\u00a0auf den h\u00f6chsten Posten herumtreiben. Ist doch klar, dass dieser Zustand diejenigen Politiker, die durch mehr oder weniger freie und faire Wahlen ins Europ\u00e4ische Parlament gelangt sind, zur Wei\u00dfglut treibt. Sie haben also ihr Leben der Aufgabe gewidmet, in den politischen Olymp zu gelangen \u2013 und da hat sich eine Prinzessin bereits in den Chefsessel hineingel\u00fcmmelt, die den Posten von ihrem Vater geerbt hat, ein &#8220;Adelskind&#8221;, wie Hauptmann Lebjadkin es ausdr\u00fcckte. Und sie tut von diesem Sessel aus auch noch jeden Mist, auf den sie Lust hat.<\/p>\n<p>Alle Vorw\u00fcrfe gegen Ursula wurden von Vertretern der rechten Parteien im Europ\u00e4ischen Parlament erhoben, und die Liste erwies sich als lang:<\/p>\n<p>Einmischung in die Wahlen und Behinderung der freien Meinungs\u00e4u\u00dferung der W\u00e4hler (zu den Hauptgegnern von der Leyens z\u00e4hlen rum\u00e4nische Politiker \u2013 und man kann sie verstehen), undemokratische Durchsetzung von Entscheidungen \u00fcber die Aufwendung\u00a0von Hunderten Milliarden Euro f\u00fcr Verteidigung. Der aufsehenerregendste Korruptionsskandal aber war die Korrespondenz mit Albert Bourla, dem CEO des US-Konzerns Pfizer: Im Jahr 2020 <a rel=\"nofollow noopener\" target=\"_blank\" href=\"https:\/\/freedert.online\/europa\/250249-time-to-go-orban-stellt\/\">unterzeichnete<\/a> Ursula von der Leyen nach einem Austausch von Textnachrichten einen Vertrag mit Bourla \u00fcber die Lieferung von 300 Millionen Dosen Coronavirus-Impfstoff im Wert von \u00fcber vier Milliarden Dollar (sp\u00e4ter lieferten sie Impfstoff im Wert von weiteren 1,8 Milliarden, und der abgelaufene Impfstoff musste entsorgt werden). Ihre Gegner behaupten, der Deal sei von einer einzigen Person abgeschlossen worden: Ursula habe niemanden gefragt oder benachrichtigt. Sie weigert sich, die E-Mails und Textnachrichten zu zeigen, mit der Begr\u00fcndung, es gebe dort nichts zu lesen \u2013 die seien eh voll langweilig.<\/p>\n<p>W\u00e4hrend von der Leyen mit Bourla korrespondierte, wurde ihr Mann durch einen erstaunlichen Zufall zum Direktor eines gewissen kleinen US-amerikanischen Pharmaunternehmens ernannt. Und im folgenden Jahr verzeichnete dieses Unternehmen ein rasantes Gewinnwachstum und erwirtschaftete 35,5 Millionen US-Dollar pro Jahr. Sollte da Bestechung im Spiel gewesen sein? &#8220;Man wei\u00df es halt nicht.&#8221; Wir wissen nur, dass andere EU-Politiker beim geringsten Verdacht auf Veruntreuung selbst kleinster Gelder inhaftiert und aus dem Beruf geworfen werden \u2013 Marine Le Pen lie\u00df man in der Hinsicht nicht den kleinsten Fehltritt durchgehen. Von der Leyen rechtfertigt sich damit, man habe w\u00e4hrend der Pandemie schnell handeln m\u00fcssen, es sei h\u00f6here Gewalt gewesen. Viele L\u00e4nder weltweit (darunter die USA) werfen Pfizer jedoch heute vor, dass ihr Impfstoff zahlreiche, auch t\u00f6dliche Nebenwirkungen hatte. Das hei\u00dft, die Gyn\u00e4kologin h\u00e4tte sich vor dem Kauf des US-amerikanischen Impfstoffs wohl mit seri\u00f6sen \u00c4rzten beraten sollen.<\/p>\n<p>Aber auch Albert Bourla selbst wirkt ebenso unversenkbar wie seine Freundin Ursula. W\u00e4hrend der Pandemie erhielt dieser Mann, der bei Pfizer als Tierarzt begann, zahlreiche Auszeichnungen und hervorragende PR. Nun fordert er die EU auf, eine &#8220;Pharma-NATO&#8221;\u00a0zu gr\u00fcnden und mehrere Prozent des Bruttoinlandsproduktes f\u00fcr den Kauf von Impfstoffen und Medikamenten seines Unternehmens bereitzustellen. Warum sollte man das auch nicht fordern, wenn die Pr\u00e4sidentin der Europ\u00e4ischen Kommission selbst daf\u00fcr Lobbyarbeit leistet?<\/p>\n<p>Bei den Debatten im Europ\u00e4ischen Parlament zum Misstrauensvotum musste Ursula viel Unangenehmes h\u00f6ren, hielt sich aber sehr selbstbewusst \u2013 sogar eher dreist: Sie verteidigte sich nicht, sie griff an. Die Parlamentarier, die sich f\u00fcr die Frage &#8220;Wo ist das Geld geblieben, Uschi?&#8221; interessierten, erfuhren, dass sie allesamt Impfgegner, Verschw\u00f6rungstheoretiker, Extremisten und Putinversteher seien und \u00fcberhaupt &#8220;unsere Feinde&#8221;.<\/p>\n<p>Aber wo k\u00e4men wir denn sonst auch hin? Ist doch klar: Dieser Putin hat sich die ganze Knete der Steuerzahler Europas gekrallt und sie in Ursulas Tasche und die Taschen ihrer Komplizen geschoben! Und Dmitri Medwedew hat derweil mit seinen antifeministischen Narrativen die ansonsten so geschlossenen Reihen des Europ\u00e4ischen Parlaments gespalten \u2013 dar\u00fcber schrieb das Westentaschenmedium der Europ\u00e4ischen Kommission, <em>Politico.eu<\/em>, tats\u00e4chlich allen Ernstes.<\/p>\n<p>Die EU-Prinzessin aber verh\u00e4lt sich nur darum so mutig, weil sie sich sicher ist, dass ihre Gegner nicht gen\u00fcgend Stimmen f\u00fcr ein Misstrauensvotum gegen sie zusammenbekommen werden. Und das bedeutet, dass weiterhin korrupte Deals abgewickelt werden: Nachdem sich das EU-Establishment mit Impfstoffen warmgelaufen hat, wird es nun riesige Summen f\u00fcr Verteidigungsauftr\u00e4ge ausgeben. Doch schon die Tatsache, dass ein Misstrauensvotum gegen so eine hohe Funktion\u00e4rin stattfindet, zeigt: Das Europ\u00e4ische Parlament ist ebenso gespalten wie die EU, und diese Spaltung wird mit jedem Tag gr\u00f6\u00dfer werden. Dieser erste Schuss wird wohl sein Ziel verfehlen, aber es wird weitere geben, und Ursulas Widersacher werden sich wohl auf sie einschie\u00dfen. Den europ\u00e4ischen Politikern steht ein ernsthafter Kampf f\u00fcr die Unabh\u00e4ngigkeit ihrer L\u00e4nder und die Befreiung Europas als Ganzem von allen m\u00f6glichen &#8220;von und zu&#8221; und &#8220;von der&#8221; bevor. Und da kann man sich auch sparen, mit dem Finger auf Putin und Medwedew zu zeigen: Die haben n\u00e4mlich genug mit ihren eigenen Angelegenheiten zu tun.<\/p>\n<blockquote>\n<p><em>&#8220;R\u00e4um du doch selbst auf,<\/em><br \/><em> R\u00e4um du doch selbst auf \u2013<\/em><br \/><em> R\u00e4um du doch selber, selber<\/em><br \/><em> Selber, selber, selber auf!&#8221;<\/em><\/p>\n<\/blockquote>\n<p><em>\u00dcbersetzt aus dem <a rel=\"nofollow noopener\" target=\"_blank\" href=\"https:\/\/ria.ru\/20250709\/evropa-2027900581.html\">Russischen<\/a>. Zuerst erschienen bei &#8220;RIA Nowosti&#8221; am\u00a09. Juli 2025.<\/em><\/p>\n<p><em><strong>Wiktorija\u00a0Nikiforowa\u00a0<\/strong>ist\u00a0eine Kolumnistin bei &#8220;RIA Nowosti&#8221;.\u00a0<\/em><\/p>\n<p><strong>Mehr zum Thema<\/strong>\u00a0\u2013 <a rel=\"nofollow noopener\" target=\"_blank\" href=\"https:\/\/freedert.online\/meinung\/249566-europaeische-eliten-im-delirium-kriegsgeilheit-doktor-russland-beruhigungsmittel-parat\/\">Europ\u00e4ische Eliten im Delirium der Kriegsgeilheit \u2013 Doktor Russland h\u00e4lt Beruhigungsmittel parat<\/a><\/p>\n<div class=\"EmbedBlock-root EmbedBlock-externalVideo EmbedBlock-rumble\">\n<div class=\"VkEmbed\"><iframe class=\"lazyload\" data-src=\"https:\/\/rumble.com\/embed\/v6ts5se\" frameborder=\"0\" width=\"853\" height=\"480\" allowfullscreen><\/iframe><\/div>\n<\/div>\n<\/div>\n<p><br \/>\n<br \/><a href=\"https:\/\/de.rt.com\/meinung\/250273-europas-ganz-eigener-tiefer-staat-versteckt-sich-nicht-einmal-leyen-beispiel\/\">Source link <\/a><\/p>\n","protected":false},"excerpt":{"rendered":"<p>Wer nach dem Tiefen Staat (diesen geheimnisumwobenen Strippenziehern, \u00fcber die man sonst aus den USA so viel h\u00f6rt) auch in Europa sucht, muss sich nicht auf die Schergen von BlackRock und Co. beschr\u00e4nken: Manche Vertreter sind mittlerweile so dummdreist geworden, dass sie sich nicht einmal mehr notd\u00fcrftig verstecken. Von Wiktorija Nikiforowa Am\u00a010. Juli 2025, wird [&hellip;]<\/p>\n","protected":false},"author":3,"featured_media":86974,"comment_status":"open","ping_status":"open","sticky":false,"template":"","format":"standard","meta":{"_yoast_indexnow_last_ping":["1752208254"],"wp_automatic_camp":["217"],"0e4c27c3725afd642c55667c8f8f38ba":["Ursula von der Leyen und Europas ganz eigener Tiefer Staat \u2013 sie verstecken sich nicht einmal"],"original_link":["https:\/\/de.rt.com\/meinung\/250273-europas-ganz-eigener-tiefer-staat-versteckt-sich-nicht-einmal-leyen-beispiel\/"],"_thumbnail_id":["86974"],"_wptgpro_p2tg_sent2tg":["a:1:{i:23737;s:19:\"2025-07-11 06:32:05\";}"],"jnews_social_counter_last_update":["1777423026"]},"categories":[19,23],"tags":[82,4674,5930,1293,14576,368,800,434,527,177,24015,140,8980,7713,50],"yoast_head":"<!-- This site is optimized with the Yoast SEO Premium plugin v22.7 (Yoast SEO v22.7) - https:\/\/yoast.com\/wordpress\/plugins\/seo\/ -->\n<title>Ursula von der Leyen und Europas ganz eigener Tiefer Staat \u2013 sie verstecken sich nicht einmal - just-now.NEWS Deutschland<\/title>\n<meta name=\"robots\" content=\"index, follow, max-snippet:-1, max-image-preview:large, max-video-preview:-1\" \/>\n<link rel=\"canonical\" href=\"https:\/\/now-news.de\/de\/deutschland\/ursula-von-der-leyen-und-europas-ganz-eigener-tiefer-staat-sie-verstecken-sich-nicht-einmal\/\" \/>\n<meta property=\"og:locale\" content=\"de_DE\" \/>\n<meta property=\"og:type\" content=\"article\" \/>\n<meta property=\"og:title\" content=\"Ursula von der Leyen und Europas ganz eigener Tiefer Staat \u2013 sie verstecken sich nicht einmal\" \/>\n<meta property=\"og:description\" content=\"Wer nach dem Tiefen Staat (diesen geheimnisumwobenen Strippenziehern, \u00fcber die man sonst aus den USA so viel h\u00f6rt) auch in Europa sucht, muss sich nicht auf die Schergen von BlackRock und Co. beschr\u00e4nken: Manche Vertreter sind mittlerweile so dummdreist geworden, dass sie sich nicht einmal mehr notd\u00fcrftig verstecken. Von Wiktorija Nikiforowa Am\u00a010. Juli 2025, wird [&hellip;]\" \/>\n<meta property=\"og:url\" content=\"https:\/\/now-news.de\/de\/deutschland\/ursula-von-der-leyen-und-europas-ganz-eigener-tiefer-staat-sie-verstecken-sich-nicht-einmal\/\" \/>\n<meta property=\"og:site_name\" content=\"just-now.NEWS Deutschland\" \/>\n<meta property=\"article:publisher\" content=\"https:\/\/www.facebook.com\/wirmachenauf\" \/>\n<meta property=\"article:published_time\" content=\"2025-07-11T04:30:00+00:00\" \/>\n<meta property=\"og:image\" content=\"https:\/\/now-news.de\/de\/wp-content\/uploads\/sites\/3\/2025\/07\/686f7c8b48fbef3a026ba151.png\" \/>\n<meta name=\"author\" content=\"rtnews\" \/>\n<meta name=\"twitter:card\" content=\"summary_large_image\" \/>\n<meta name=\"twitter:creator\" content=\"@WirMachenAuf_de\" \/>\n<meta name=\"twitter:site\" content=\"@WirMachenAuf_de\" \/>\n<meta name=\"twitter:label1\" content=\"Verfasst von\" \/>\n\t<meta name=\"twitter:data1\" content=\"rtnews\" \/>\n\t<meta name=\"twitter:label2\" content=\"Gesch\u00e4tzte Lesezeit\" \/>\n\t<meta name=\"twitter:data2\" content=\"7\u00a0Minuten\" \/>\n<script type=\"application\/ld+json\" class=\"yoast-schema-graph\">{\"@context\":\"https:\/\/schema.org\",\"@graph\":[{\"@type\":\"Article\",\"@id\":\"https:\/\/now-news.de\/de\/deutschland\/ursula-von-der-leyen-und-europas-ganz-eigener-tiefer-staat-sie-verstecken-sich-nicht-einmal\/#article\",\"isPartOf\":{\"@id\":\"https:\/\/now-news.de\/de\/deutschland\/ursula-von-der-leyen-und-europas-ganz-eigener-tiefer-staat-sie-verstecken-sich-nicht-einmal\/\"},\"author\":{\"name\":\"rtnews\",\"@id\":\"https:\/\/now-news.de\/de\/#\/schema\/person\/fb534a4e865501d8b3285208df34a9b5\"},\"headline\":\"Ursula von der Leyen und Europas ganz eigener Tiefer Staat \u2013 sie verstecken sich nicht einmal\",\"datePublished\":\"2025-07-11T04:30:00+00:00\",\"dateModified\":\"2025-07-11T04:30:00+00:00\",\"mainEntityOfPage\":{\"@id\":\"https:\/\/now-news.de\/de\/deutschland\/ursula-von-der-leyen-und-europas-ganz-eigener-tiefer-staat-sie-verstecken-sich-nicht-einmal\/\"},\"wordCount\":1422,\"commentCount\":0,\"publisher\":{\"@id\":\"https:\/\/now-news.de\/de\/#organization\"},\"image\":{\"@id\":\"https:\/\/now-news.de\/de\/deutschland\/ursula-von-der-leyen-und-europas-ganz-eigener-tiefer-staat-sie-verstecken-sich-nicht-einmal\/#primaryimage\"},\"thumbnailUrl\":\"https:\/\/now-news.de\/de\/wp-content\/uploads\/sites\/3\/2025\/07\/Ursula-von-der-Leyen-und-Europas-ganz-eigener-Tiefer-Staat.png\",\"keywords\":[\"der\",\"eigener\",\"einmal\",\"Europas\",\"ganz\",\"Leyen\",\"nicht\",\"sich\",\"Sie\",\"Staat\",\"tiefer\",\"und\",\"Ursula\",\"verstecken\",\"von\"],\"articleSection\":[\"Deutschland\",\"Russland\"],\"inLanguage\":\"de\",\"potentialAction\":[{\"@type\":\"CommentAction\",\"name\":\"Comment\",\"target\":[\"https:\/\/now-news.de\/de\/deutschland\/ursula-von-der-leyen-und-europas-ganz-eigener-tiefer-staat-sie-verstecken-sich-nicht-einmal\/#respond\"]}]},{\"@type\":\"WebPage\",\"@id\":\"https:\/\/now-news.de\/de\/deutschland\/ursula-von-der-leyen-und-europas-ganz-eigener-tiefer-staat-sie-verstecken-sich-nicht-einmal\/\",\"url\":\"https:\/\/now-news.de\/de\/deutschland\/ursula-von-der-leyen-und-europas-ganz-eigener-tiefer-staat-sie-verstecken-sich-nicht-einmal\/\",\"name\":\"Ursula von der Leyen und Europas ganz eigener Tiefer Staat \u2013 sie verstecken sich nicht einmal - just-now.NEWS Deutschland\",\"isPartOf\":{\"@id\":\"https:\/\/now-news.de\/de\/#website\"},\"primaryImageOfPage\":{\"@id\":\"https:\/\/now-news.de\/de\/deutschland\/ursula-von-der-leyen-und-europas-ganz-eigener-tiefer-staat-sie-verstecken-sich-nicht-einmal\/#primaryimage\"},\"image\":{\"@id\":\"https:\/\/now-news.de\/de\/deutschland\/ursula-von-der-leyen-und-europas-ganz-eigener-tiefer-staat-sie-verstecken-sich-nicht-einmal\/#primaryimage\"},\"thumbnailUrl\":\"https:\/\/now-news.de\/de\/wp-content\/uploads\/sites\/3\/2025\/07\/Ursula-von-der-Leyen-und-Europas-ganz-eigener-Tiefer-Staat.png\",\"datePublished\":\"2025-07-11T04:30:00+00:00\",\"dateModified\":\"2025-07-11T04:30:00+00:00\",\"breadcrumb\":{\"@id\":\"https:\/\/now-news.de\/de\/deutschland\/ursula-von-der-leyen-und-europas-ganz-eigener-tiefer-staat-sie-verstecken-sich-nicht-einmal\/#breadcrumb\"},\"inLanguage\":\"de\",\"potentialAction\":[{\"@type\":\"ReadAction\",\"target\":[\"https:\/\/now-news.de\/de\/deutschland\/ursula-von-der-leyen-und-europas-ganz-eigener-tiefer-staat-sie-verstecken-sich-nicht-einmal\/\"]}]},{\"@type\":\"ImageObject\",\"inLanguage\":\"de\",\"@id\":\"https:\/\/now-news.de\/de\/deutschland\/ursula-von-der-leyen-und-europas-ganz-eigener-tiefer-staat-sie-verstecken-sich-nicht-einmal\/#primaryimage\",\"url\":\"https:\/\/now-news.de\/de\/wp-content\/uploads\/sites\/3\/2025\/07\/Ursula-von-der-Leyen-und-Europas-ganz-eigener-Tiefer-Staat.png\",\"contentUrl\":\"https:\/\/now-news.de\/de\/wp-content\/uploads\/sites\/3\/2025\/07\/Ursula-von-der-Leyen-und-Europas-ganz-eigener-Tiefer-Staat.png\",\"width\":460,\"height\":259,\"caption\":\"Ursula von der Leyen und Europas ganz eigener Tiefer Staat \u2013 sie verstecken sich nicht einmal\"},{\"@type\":\"BreadcrumbList\",\"@id\":\"https:\/\/now-news.de\/de\/deutschland\/ursula-von-der-leyen-und-europas-ganz-eigener-tiefer-staat-sie-verstecken-sich-nicht-einmal\/#breadcrumb\",\"itemListElement\":[{\"@type\":\"ListItem\",\"position\":1,\"name\":\"Home\",\"item\":\"https:\/\/now-news.de\/de\/\"},{\"@type\":\"ListItem\",\"position\":2,\"name\":\"Ursula von der Leyen und Europas ganz eigener Tiefer Staat \u2013 sie verstecken sich nicht einmal\"}]},{\"@type\":\"WebSite\",\"@id\":\"https:\/\/now-news.de\/de\/#website\",\"url\":\"https:\/\/now-news.de\/de\/\",\"name\":\"just-now.NEWS Deutschland\",\"description\":\"Das Portal f\u00fcr unzensierte Nachrichten aus der Welt\",\"publisher\":{\"@id\":\"https:\/\/now-news.de\/de\/#organization\"},\"potentialAction\":[{\"@type\":\"SearchAction\",\"target\":{\"@type\":\"EntryPoint\",\"urlTemplate\":\"https:\/\/now-news.de\/de\/?s={search_term_string}\"},\"query-input\":\"required name=search_term_string\"}],\"inLanguage\":\"de\"},{\"@type\":\"Organization\",\"@id\":\"https:\/\/now-news.de\/de\/#organization\",\"name\":\"Just Now News\",\"url\":\"https:\/\/now-news.de\/de\/\",\"logo\":{\"@type\":\"ImageObject\",\"inLanguage\":\"de\",\"@id\":\"https:\/\/now-news.de\/de\/#\/schema\/logo\/image\/\",\"url\":\"http:\/\/just-now.news\/de\/wp-content\/uploads\/sites\/3\/2022\/04\/logo500x500.jpg\",\"contentUrl\":\"http:\/\/just-now.news\/de\/wp-content\/uploads\/sites\/3\/2022\/04\/logo500x500.jpg\",\"width\":500,\"height\":500,\"caption\":\"Just Now News\"},\"image\":{\"@id\":\"https:\/\/now-news.de\/de\/#\/schema\/logo\/image\/\"},\"sameAs\":[\"https:\/\/www.facebook.com\/wirmachenauf\",\"https:\/\/x.com\/WirMachenAuf_de\"]},{\"@type\":\"Person\",\"@id\":\"https:\/\/now-news.de\/de\/#\/schema\/person\/fb534a4e865501d8b3285208df34a9b5\",\"name\":\"rtnews\",\"image\":{\"@type\":\"ImageObject\",\"inLanguage\":\"de\",\"@id\":\"https:\/\/now-news.de\/de\/#\/schema\/person\/image\/\",\"url\":\"https:\/\/secure.gravatar.com\/avatar\/82aafea7d8127119dd649515f56e2117?s=96&d=mm&r=g\",\"contentUrl\":\"https:\/\/secure.gravatar.com\/avatar\/82aafea7d8127119dd649515f56e2117?s=96&d=mm&r=g\",\"caption\":\"rtnews\"},\"url\":\"https:\/\/now-news.de\/de\/author\/rnews\/\"}]}<\/script>\n<!-- \/ Yoast SEO Premium plugin. -->","yoast_head_json":{"title":"Ursula von der Leyen und Europas ganz eigener Tiefer Staat \u2013 sie verstecken sich nicht einmal - just-now.NEWS Deutschland","robots":{"index":"index","follow":"follow","max-snippet":"max-snippet:-1","max-image-preview":"max-image-preview:large","max-video-preview":"max-video-preview:-1"},"canonical":"https:\/\/now-news.de\/de\/deutschland\/ursula-von-der-leyen-und-europas-ganz-eigener-tiefer-staat-sie-verstecken-sich-nicht-einmal\/","og_locale":"de_DE","og_type":"article","og_title":"Ursula von der Leyen und Europas ganz eigener Tiefer Staat \u2013 sie verstecken sich nicht einmal","og_description":"Wer nach dem Tiefen Staat (diesen geheimnisumwobenen Strippenziehern, \u00fcber die man sonst aus den USA so viel h\u00f6rt) auch in Europa sucht, muss sich nicht auf die Schergen von BlackRock und Co. beschr\u00e4nken: Manche Vertreter sind mittlerweile so dummdreist geworden, dass sie sich nicht einmal mehr notd\u00fcrftig verstecken. Von Wiktorija Nikiforowa Am\u00a010. Juli 2025, wird [&hellip;]","og_url":"https:\/\/now-news.de\/de\/deutschland\/ursula-von-der-leyen-und-europas-ganz-eigener-tiefer-staat-sie-verstecken-sich-nicht-einmal\/","og_site_name":"just-now.NEWS Deutschland","article_publisher":"https:\/\/www.facebook.com\/wirmachenauf","article_published_time":"2025-07-11T04:30:00+00:00","og_image":[{"url":"https:\/\/now-news.de\/de\/wp-content\/uploads\/sites\/3\/2025\/07\/686f7c8b48fbef3a026ba151.png"}],"author":"rtnews","twitter_card":"summary_large_image","twitter_creator":"@WirMachenAuf_de","twitter_site":"@WirMachenAuf_de","twitter_misc":{"Verfasst von":"rtnews","Gesch\u00e4tzte Lesezeit":"7\u00a0Minuten"},"schema":{"@context":"https:\/\/schema.org","@graph":[{"@type":"Article","@id":"https:\/\/now-news.de\/de\/deutschland\/ursula-von-der-leyen-und-europas-ganz-eigener-tiefer-staat-sie-verstecken-sich-nicht-einmal\/#article","isPartOf":{"@id":"https:\/\/now-news.de\/de\/deutschland\/ursula-von-der-leyen-und-europas-ganz-eigener-tiefer-staat-sie-verstecken-sich-nicht-einmal\/"},"author":{"name":"rtnews","@id":"https:\/\/now-news.de\/de\/#\/schema\/person\/fb534a4e865501d8b3285208df34a9b5"},"headline":"Ursula von der Leyen und Europas ganz eigener Tiefer Staat \u2013 sie verstecken sich nicht einmal","datePublished":"2025-07-11T04:30:00+00:00","dateModified":"2025-07-11T04:30:00+00:00","mainEntityOfPage":{"@id":"https:\/\/now-news.de\/de\/deutschland\/ursula-von-der-leyen-und-europas-ganz-eigener-tiefer-staat-sie-verstecken-sich-nicht-einmal\/"},"wordCount":1422,"commentCount":0,"publisher":{"@id":"https:\/\/now-news.de\/de\/#organization"},"image":{"@id":"https:\/\/now-news.de\/de\/deutschland\/ursula-von-der-leyen-und-europas-ganz-eigener-tiefer-staat-sie-verstecken-sich-nicht-einmal\/#primaryimage"},"thumbnailUrl":"https:\/\/now-news.de\/de\/wp-content\/uploads\/sites\/3\/2025\/07\/Ursula-von-der-Leyen-und-Europas-ganz-eigener-Tiefer-Staat.png","keywords":["der","eigener","einmal","Europas","ganz","Leyen","nicht","sich","Sie","Staat","tiefer","und","Ursula","verstecken","von"],"articleSection":["Deutschland","Russland"],"inLanguage":"de","potentialAction":[{"@type":"CommentAction","name":"Comment","target":["https:\/\/now-news.de\/de\/deutschland\/ursula-von-der-leyen-und-europas-ganz-eigener-tiefer-staat-sie-verstecken-sich-nicht-einmal\/#respond"]}]},{"@type":"WebPage","@id":"https:\/\/now-news.de\/de\/deutschland\/ursula-von-der-leyen-und-europas-ganz-eigener-tiefer-staat-sie-verstecken-sich-nicht-einmal\/","url":"https:\/\/now-news.de\/de\/deutschland\/ursula-von-der-leyen-und-europas-ganz-eigener-tiefer-staat-sie-verstecken-sich-nicht-einmal\/","name":"Ursula von der Leyen und Europas ganz eigener Tiefer Staat \u2013 sie verstecken sich nicht einmal - just-now.NEWS Deutschland","isPartOf":{"@id":"https:\/\/now-news.de\/de\/#website"},"primaryImageOfPage":{"@id":"https:\/\/now-news.de\/de\/deutschland\/ursula-von-der-leyen-und-europas-ganz-eigener-tiefer-staat-sie-verstecken-sich-nicht-einmal\/#primaryimage"},"image":{"@id":"https:\/\/now-news.de\/de\/deutschland\/ursula-von-der-leyen-und-europas-ganz-eigener-tiefer-staat-sie-verstecken-sich-nicht-einmal\/#primaryimage"},"thumbnailUrl":"https:\/\/now-news.de\/de\/wp-content\/uploads\/sites\/3\/2025\/07\/Ursula-von-der-Leyen-und-Europas-ganz-eigener-Tiefer-Staat.png","datePublished":"2025-07-11T04:30:00+00:00","dateModified":"2025-07-11T04:30:00+00:00","breadcrumb":{"@id":"https:\/\/now-news.de\/de\/deutschland\/ursula-von-der-leyen-und-europas-ganz-eigener-tiefer-staat-sie-verstecken-sich-nicht-einmal\/#breadcrumb"},"inLanguage":"de","potentialAction":[{"@type":"ReadAction","target":["https:\/\/now-news.de\/de\/deutschland\/ursula-von-der-leyen-und-europas-ganz-eigener-tiefer-staat-sie-verstecken-sich-nicht-einmal\/"]}]},{"@type":"ImageObject","inLanguage":"de","@id":"https:\/\/now-news.de\/de\/deutschland\/ursula-von-der-leyen-und-europas-ganz-eigener-tiefer-staat-sie-verstecken-sich-nicht-einmal\/#primaryimage","url":"https:\/\/now-news.de\/de\/wp-content\/uploads\/sites\/3\/2025\/07\/Ursula-von-der-Leyen-und-Europas-ganz-eigener-Tiefer-Staat.png","contentUrl":"https:\/\/now-news.de\/de\/wp-content\/uploads\/sites\/3\/2025\/07\/Ursula-von-der-Leyen-und-Europas-ganz-eigener-Tiefer-Staat.png","width":460,"height":259,"caption":"Ursula von der Leyen und Europas ganz eigener Tiefer Staat \u2013 sie verstecken sich nicht einmal"},{"@type":"BreadcrumbList","@id":"https:\/\/now-news.de\/de\/deutschland\/ursula-von-der-leyen-und-europas-ganz-eigener-tiefer-staat-sie-verstecken-sich-nicht-einmal\/#breadcrumb","itemListElement":[{"@type":"ListItem","position":1,"name":"Home","item":"https:\/\/now-news.de\/de\/"},{"@type":"ListItem","position":2,"name":"Ursula von der Leyen und Europas ganz eigener Tiefer Staat \u2013 sie verstecken sich nicht einmal"}]},{"@type":"WebSite","@id":"https:\/\/now-news.de\/de\/#website","url":"https:\/\/now-news.de\/de\/","name":"just-now.NEWS Deutschland","description":"Das Portal f\u00fcr unzensierte Nachrichten aus der Welt","publisher":{"@id":"https:\/\/now-news.de\/de\/#organization"},"potentialAction":[{"@type":"SearchAction","target":{"@type":"EntryPoint","urlTemplate":"https:\/\/now-news.de\/de\/?s={search_term_string}"},"query-input":"required name=search_term_string"}],"inLanguage":"de"},{"@type":"Organization","@id":"https:\/\/now-news.de\/de\/#organization","name":"Just Now News","url":"https:\/\/now-news.de\/de\/","logo":{"@type":"ImageObject","inLanguage":"de","@id":"https:\/\/now-news.de\/de\/#\/schema\/logo\/image\/","url":"http:\/\/just-now.news\/de\/wp-content\/uploads\/sites\/3\/2022\/04\/logo500x500.jpg","contentUrl":"http:\/\/just-now.news\/de\/wp-content\/uploads\/sites\/3\/2022\/04\/logo500x500.jpg","width":500,"height":500,"caption":"Just Now News"},"image":{"@id":"https:\/\/now-news.de\/de\/#\/schema\/logo\/image\/"},"sameAs":["https:\/\/www.facebook.com\/wirmachenauf","https:\/\/x.com\/WirMachenAuf_de"]},{"@type":"Person","@id":"https:\/\/now-news.de\/de\/#\/schema\/person\/fb534a4e865501d8b3285208df34a9b5","name":"rtnews","image":{"@type":"ImageObject","inLanguage":"de","@id":"https:\/\/now-news.de\/de\/#\/schema\/person\/image\/","url":"https:\/\/secure.gravatar.com\/avatar\/82aafea7d8127119dd649515f56e2117?s=96&d=mm&r=g","contentUrl":"https:\/\/secure.gravatar.com\/avatar\/82aafea7d8127119dd649515f56e2117?s=96&d=mm&r=g","caption":"rtnews"},"url":"https:\/\/now-news.de\/de\/author\/rnews\/"}]}},"_links":{"self":[{"href":"https:\/\/now-news.de\/de\/wp-json\/wp\/v2\/posts\/86973"}],"collection":[{"href":"https:\/\/now-news.de\/de\/wp-json\/wp\/v2\/posts"}],"about":[{"href":"https:\/\/now-news.de\/de\/wp-json\/wp\/v2\/types\/post"}],"author":[{"embeddable":true,"href":"https:\/\/now-news.de\/de\/wp-json\/wp\/v2\/users\/3"}],"replies":[{"embeddable":true,"href":"https:\/\/now-news.de\/de\/wp-json\/wp\/v2\/comments?post=86973"}],"version-history":[{"count":0,"href":"https:\/\/now-news.de\/de\/wp-json\/wp\/v2\/posts\/86973\/revisions"}],"wp:featuredmedia":[{"embeddable":true,"href":"https:\/\/now-news.de\/de\/wp-json\/wp\/v2\/media\/86974"}],"wp:attachment":[{"href":"https:\/\/now-news.de\/de\/wp-json\/wp\/v2\/media?parent=86973"}],"wp:term":[{"taxonomy":"category","embeddable":true,"href":"https:\/\/now-news.de\/de\/wp-json\/wp\/v2\/categories?post=86973"},{"taxonomy":"post_tag","embeddable":true,"href":"https:\/\/now-news.de\/de\/wp-json\/wp\/v2\/tags?post=86973"}],"curies":[{"name":"wp","href":"https:\/\/api.w.org\/{rel}","templated":true}]}}