{"id":86965,"date":"2025-07-10T21:30:10","date_gmt":"2025-07-10T19:30:10","guid":{"rendered":"https:\/\/now-news.de\/de\/deutschland\/das-problem-erdrueckt-uns-griechenland-setzt-asylantraege-fuer-neuankoemmlinge-aus-nordafrika-aus\/"},"modified":"2025-07-10T21:30:10","modified_gmt":"2025-07-10T19:30:10","slug":"das-problem-erdrueckt-uns-griechenland-setzt-asylantraege-fuer-neuankoemmlinge-aus-nordafrika-aus","status":"publish","type":"post","link":"https:\/\/now-news.de\/de\/deutschland\/das-problem-erdrueckt-uns-griechenland-setzt-asylantraege-fuer-neuankoemmlinge-aus-nordafrika-aus\/","title":{"rendered":"&quot;Das Problem erdr\u00fcckt uns&quot;: Griechenland setzt Asylantr\u00e4ge f\u00fcr Neuank\u00f6mmlinge aus Nordafrika aus"},"content":{"rendered":"<p><img decoding=\"async\" src=\"https:\/\/now-news.de\/de\/wp-content\/uploads\/sites\/3\/2025\/07\/686fdea148fbef3c2611e459.jpg\" \/><\/p>\n<div class=\"Text-root Text-type_1 \">\n                Griechenlands Ministerpr\u00e4sident spricht von einer &#8220;Botschaft der Entschlossenheit&#8221; gegen\u00fcber Schleppern und ihren potenziellen Kunden: Das s\u00fcdeurop\u00e4ische Land setzt laut Kyriakos Mitsotakis f\u00fcr drei Monate die Bearbeitung von Asylantr\u00e4gen von Menschen aus, die aus Nordafrika ins Land kommen.\n            <\/div>\n<p><\/p>\n<div class=\"Text-root Text-type_5 ArticleView-text ViewText-root \">\n<p>Griechenland hat die Bearbeitung von Asylantr\u00e4gen von Menschen, die aus Nordafrika ins Land kommen, f\u00fcr drei Monate ausgesetzt. Ministerpr\u00e4sident Kyriakos Mitsotakis k\u00fcndigte an, dass diejenigen, die illegal mit dem Boot ankommen, festgenommen und inhaftiert werden.<\/p>\n<p>Die befristete Ma\u00dfnahme werde es der Regierung erm\u00f6glichen, wirksam auf den Anstieg der Migrantenank\u00fcnfte zu reagieren, sagte der Regierungschef am Mittwoch in einem Beitrag auf X.<\/p>\n<p>&#8220;Die griechische Regierung sendet eine Botschaft der Entschlossenheit, dass die Passage von Nordafrika nach Griechenland geschlossen wird, und an alle Schlepper und ihre potenziellen Kunden, dass das Geld, das sie ausgeben, v\u00f6llig verschwendet sein k\u00f6nnte, da es schwierig sein wird, Griechenland auf dem Seeweg zu erreichen&#8221;, erkl\u00e4rte er.<\/p>\n<p>Der Schritt erfolgte nur einen Tag, nachdem Libyens Regierung die Einreise einer EU-Delegation nach\u00a0Bengasi im Osten des Landes blockiert hatte. Zu der Delegation geh\u00f6rte auch der griechische Minister f\u00fcr Migration und Asyl, Thanos Plevris, der das Land zu Gespr\u00e4chen \u00fcber die Eind\u00e4mmung der illegalen Migration besucht hatte.<\/p>\n<p>Libyen wurde nach einem von der NATO unterst\u00fctzten Aufstand im Jahr 2011, der zum Sturz und zur Ermordung des langj\u00e4hrigen Machthabers Muammar Gaddafi gef\u00fchrt hatte, zu einem wichtigen Transitpunkt f\u00fcr Menschenhandel und Migration \u00fcber das Mittelmeer nach Europa.<\/p>\n<p>Griechische Beamte haben berichtet, dass die Zahl der auf den s\u00fcdlichen Inseln Kreta und Gavdos ankommenden Migranten in den letzten Monaten stark zugenommen hat. Seit Anfang 2025 sind dort mehr als 9.000 Menschen gelandet. Nach Angaben der <em>Greek City Times<\/em> hat Vasilis Katsikandarakis, Vorsitzender der Gewerkschaft der K\u00fcstenwache von Westkreta, erkl\u00e4rt, dass allein am vergangenen Sonntag 963 Ank\u00fcnfte verzeichnet wurden, was einen Anstieg der Migrantenstr\u00f6me um 380 Prozent im Vergleich zum selben Zeitraum des Vorjahres bedeutet.<\/p>\n<p>&#8220;Das Migrationsproblem erdr\u00fcckt uns&#8221;, sagte Katsikandarakis und behauptete, dass &#8220;Tausende weitere in Nordafrika warten&#8221;.<\/p>\n<p>Am Dienstag trafen sich der EU-Kommissar f\u00fcr Inneres und Migration Magnus Brunner, der griechische Migrationsminister Thanos Plevris, der italienische Innenminister Matteo Piantedosi und der maltesische Innenminister Byron Camilleri mit der von den Vereinten Nationen anerkannten libyschen Regierung in Tripolis, um \u00fcber die Bek\u00e4mpfung der illegalen Migration entlang der zentralen Mittelmeerroute zu sprechen.<\/p>\n<p>Im Anschluss an das Treffen erkl\u00e4rte der Premierminister der westlibyschen Regierung in Tripolis, Abdul Hamid Dbeibah, er habe das Innenministerium mit der Ausarbeitung eines nationalen Migrationsplans beauftragt, der auf praktischer Zusammenarbeit und dem Engagement f\u00fcr dauerhafte L\u00f6sungen beruhe.<\/p>\n<p>Die EU-Vertreter sollten eigentlich Gespr\u00e4che mit der rivalisierenden ostlibyschen Regierung in Bengasi f\u00fchren, wurden aber wegen angeblicher Verst\u00f6\u00dfe gegen libysche Gesetze f\u00fcr unerw\u00fcnscht erkl\u00e4rt.<\/p>\n<p>Die EU hat seit 2015 mit der Bew\u00e4ltigung der Migrationskrise zu k\u00e4mpfen, wobei Griechenland, Italien und Spanien die meisten Ank\u00fcnfte \u00fcber das Mittelmeer zu verzeichnen haben. Der Block plant, seine Entwicklungshilfe und Handelsbeziehungen mit afrikanischen L\u00e4ndern an deren Zusammenarbeit bei der Eind\u00e4mmung der \u00dcberfahrten mit kleinen Booten nach Europa zu kn\u00fcpfen, berichtete <em>Politico<\/em> am Mittwoch unter Berufung auf einen internen Dokumententwurf.<\/p>\n<p><strong>Mehr zum Thema<\/strong>\u00a0\u2012 <a rel=\"nofollow noopener\" target=\"_blank\" href=\"https:\/\/freedert.online\/kurzclips\/video\/249953-abschiebe-abkommen-mit-afghanistan-dobrindt-plant-gespraeeche-mit-taliban\/\">Abschiebe-Abkommen mit Afghanistan? Dobrindt plant Gespr\u00e4che mit Taliban<\/a><\/p>\n<div class=\"EmbedBlock-root EmbedBlock-externalVideo EmbedBlock-rumble\">\n<div class=\"VkEmbed\"><iframe class=\"lazyload\" data-src=\"https:\/\/rumble.com\/embed\/v6t7k8z\" frameborder=\"0\" width=\"853\" height=\"480\" allowfullscreen><\/iframe><\/div>\n<\/div>\n<\/div>\n<p><br \/>\n<br \/><a href=\"https:\/\/de.rt.com\/europa\/250348-problem-erdrueckt-uns-griechenland-setzt\/\">Source link <\/a><\/p>\n","protected":false},"excerpt":{"rendered":"<p>Griechenlands Ministerpr\u00e4sident spricht von einer &#8220;Botschaft der Entschlossenheit&#8221; gegen\u00fcber Schleppern und ihren potenziellen Kunden: Das s\u00fcdeurop\u00e4ische Land setzt laut Kyriakos Mitsotakis f\u00fcr drei Monate die Bearbeitung von Asylantr\u00e4gen von Menschen aus, die aus Nordafrika ins Land kommen. Griechenland hat die Bearbeitung von Asylantr\u00e4gen von Menschen, die aus Nordafrika ins Land kommen, f\u00fcr drei Monate ausgesetzt. [&hellip;]<\/p>\n","protected":false},"author":3,"featured_media":86966,"comment_status":"open","ping_status":"open","sticky":false,"template":"","format":"standard","meta":{"_yoast_indexnow_last_ping":["1752176518"],"wp_automatic_camp":["217"],"62790dd6b299b9365c15a23381573be3":["&quot;Das Problem erdr\u00fcckt uns&quot;: Griechenland setzt Asylantr\u00e4ge f\u00fcr Neuank\u00f6mmlinge aus Nordafrika aus"],"original_link":["https:\/\/de.rt.com\/europa\/250348-problem-erdrueckt-uns-griechenland-setzt\/"],"_thumbnail_id":["86966"],"jnews_social_counter_last_update":["1777144111"],"_wptgpro_p2tg_sent2tg":["a:1:{i:23737;s:19:\"2025-07-10 21:43:02\";}"]},"categories":[19,23],"tags":[760,679,23763,221,22004,66249,1809,17161,4209,1997,32318],"yoast_head":"<!-- This site is optimized with the Yoast SEO Premium plugin v22.7 (Yoast SEO v22.7) - https:\/\/yoast.com\/wordpress\/plugins\/seo\/ -->\n<title>&quot;Das Problem erdr\u00fcckt uns&quot;: Griechenland setzt Asylantr\u00e4ge f\u00fcr Neuank\u00f6mmlinge aus Nordafrika aus - just-now.NEWS Deutschland<\/title>\n<meta name=\"robots\" content=\"index, follow, max-snippet:-1, max-image-preview:large, max-video-preview:-1\" \/>\n<link rel=\"canonical\" href=\"https:\/\/now-news.de\/de\/deutschland\/das-problem-erdrueckt-uns-griechenland-setzt-asylantraege-fuer-neuankoemmlinge-aus-nordafrika-aus\/\" \/>\n<meta property=\"og:locale\" content=\"de_DE\" \/>\n<meta property=\"og:type\" content=\"article\" \/>\n<meta property=\"og:title\" content=\"&quot;Das Problem erdr\u00fcckt uns&quot;: Griechenland setzt Asylantr\u00e4ge f\u00fcr Neuank\u00f6mmlinge aus Nordafrika aus\" \/>\n<meta property=\"og:description\" content=\"Griechenlands Ministerpr\u00e4sident spricht von einer &#8220;Botschaft der Entschlossenheit&#8221; gegen\u00fcber Schleppern und ihren potenziellen Kunden: Das s\u00fcdeurop\u00e4ische Land setzt laut Kyriakos Mitsotakis f\u00fcr drei Monate die Bearbeitung von Asylantr\u00e4gen von Menschen aus, die aus Nordafrika ins Land kommen. Griechenland hat die Bearbeitung von Asylantr\u00e4gen von Menschen, die aus Nordafrika ins Land kommen, f\u00fcr drei Monate ausgesetzt. [&hellip;]\" \/>\n<meta property=\"og:url\" content=\"https:\/\/now-news.de\/de\/deutschland\/das-problem-erdrueckt-uns-griechenland-setzt-asylantraege-fuer-neuankoemmlinge-aus-nordafrika-aus\/\" \/>\n<meta property=\"og:site_name\" content=\"just-now.NEWS Deutschland\" \/>\n<meta property=\"article:publisher\" content=\"https:\/\/www.facebook.com\/wirmachenauf\" \/>\n<meta property=\"article:published_time\" content=\"2025-07-10T19:30:10+00:00\" \/>\n<meta property=\"og:image\" content=\"https:\/\/now-news.de\/de\/wp-content\/uploads\/sites\/3\/2025\/07\/686fdea148fbef3c2611e459.jpg\" \/>\n<meta name=\"author\" content=\"rtnews\" \/>\n<meta name=\"twitter:card\" content=\"summary_large_image\" \/>\n<meta name=\"twitter:creator\" content=\"@WirMachenAuf_de\" \/>\n<meta name=\"twitter:site\" content=\"@WirMachenAuf_de\" \/>\n<meta name=\"twitter:label1\" content=\"Verfasst von\" \/>\n\t<meta name=\"twitter:data1\" content=\"rtnews\" \/>\n\t<meta name=\"twitter:label2\" content=\"Gesch\u00e4tzte Lesezeit\" \/>\n\t<meta name=\"twitter:data2\" content=\"3\u00a0Minuten\" \/>\n<script type=\"application\/ld+json\" class=\"yoast-schema-graph\">{\"@context\":\"https:\/\/schema.org\",\"@graph\":[{\"@type\":\"Article\",\"@id\":\"https:\/\/now-news.de\/de\/deutschland\/das-problem-erdrueckt-uns-griechenland-setzt-asylantraege-fuer-neuankoemmlinge-aus-nordafrika-aus\/#article\",\"isPartOf\":{\"@id\":\"https:\/\/now-news.de\/de\/deutschland\/das-problem-erdrueckt-uns-griechenland-setzt-asylantraege-fuer-neuankoemmlinge-aus-nordafrika-aus\/\"},\"author\":{\"name\":\"rtnews\",\"@id\":\"https:\/\/now-news.de\/de\/#\/schema\/person\/fb534a4e865501d8b3285208df34a9b5\"},\"headline\":\"&quot;Das Problem erdr\u00fcckt uns&quot;: Griechenland setzt Asylantr\u00e4ge f\u00fcr Neuank\u00f6mmlinge aus Nordafrika aus\",\"datePublished\":\"2025-07-10T19:30:10+00:00\",\"dateModified\":\"2025-07-10T19:30:10+00:00\",\"mainEntityOfPage\":{\"@id\":\"https:\/\/now-news.de\/de\/deutschland\/das-problem-erdrueckt-uns-griechenland-setzt-asylantraege-fuer-neuankoemmlinge-aus-nordafrika-aus\/\"},\"wordCount\":571,\"commentCount\":0,\"publisher\":{\"@id\":\"https:\/\/now-news.de\/de\/#organization\"},\"image\":{\"@id\":\"https:\/\/now-news.de\/de\/deutschland\/das-problem-erdrueckt-uns-griechenland-setzt-asylantraege-fuer-neuankoemmlinge-aus-nordafrika-aus\/#primaryimage\"},\"thumbnailUrl\":\"https:\/\/now-news.de\/de\/wp-content\/uploads\/sites\/3\/2025\/07\/quotDas-Problem-erdrueckt-unsquot-Griechenland-setzt-Asylantraege-fuer-Neuankoemmlinge-aus.jpg\",\"keywords\":[\"Asylantr\u00e4ge\",\"aus\",\"erdr\u00fcckt\",\"f\u00fcr\",\"Griechenland\",\"Neuank\u00f6mmlinge\",\"Nordafrika\",\"problem\",\"quotDas\",\"setzt\",\"unsquot\"],\"articleSection\":[\"Deutschland\",\"Russland\"],\"inLanguage\":\"de\",\"potentialAction\":[{\"@type\":\"CommentAction\",\"name\":\"Comment\",\"target\":[\"https:\/\/now-news.de\/de\/deutschland\/das-problem-erdrueckt-uns-griechenland-setzt-asylantraege-fuer-neuankoemmlinge-aus-nordafrika-aus\/#respond\"]}]},{\"@type\":\"WebPage\",\"@id\":\"https:\/\/now-news.de\/de\/deutschland\/das-problem-erdrueckt-uns-griechenland-setzt-asylantraege-fuer-neuankoemmlinge-aus-nordafrika-aus\/\",\"url\":\"https:\/\/now-news.de\/de\/deutschland\/das-problem-erdrueckt-uns-griechenland-setzt-asylantraege-fuer-neuankoemmlinge-aus-nordafrika-aus\/\",\"name\":\"&quot;Das Problem erdr\u00fcckt uns&quot;: Griechenland setzt Asylantr\u00e4ge f\u00fcr Neuank\u00f6mmlinge aus Nordafrika aus - just-now.NEWS Deutschland\",\"isPartOf\":{\"@id\":\"https:\/\/now-news.de\/de\/#website\"},\"primaryImageOfPage\":{\"@id\":\"https:\/\/now-news.de\/de\/deutschland\/das-problem-erdrueckt-uns-griechenland-setzt-asylantraege-fuer-neuankoemmlinge-aus-nordafrika-aus\/#primaryimage\"},\"image\":{\"@id\":\"https:\/\/now-news.de\/de\/deutschland\/das-problem-erdrueckt-uns-griechenland-setzt-asylantraege-fuer-neuankoemmlinge-aus-nordafrika-aus\/#primaryimage\"},\"thumbnailUrl\":\"https:\/\/now-news.de\/de\/wp-content\/uploads\/sites\/3\/2025\/07\/quotDas-Problem-erdrueckt-unsquot-Griechenland-setzt-Asylantraege-fuer-Neuankoemmlinge-aus.jpg\",\"datePublished\":\"2025-07-10T19:30:10+00:00\",\"dateModified\":\"2025-07-10T19:30:10+00:00\",\"breadcrumb\":{\"@id\":\"https:\/\/now-news.de\/de\/deutschland\/das-problem-erdrueckt-uns-griechenland-setzt-asylantraege-fuer-neuankoemmlinge-aus-nordafrika-aus\/#breadcrumb\"},\"inLanguage\":\"de\",\"potentialAction\":[{\"@type\":\"ReadAction\",\"target\":[\"https:\/\/now-news.de\/de\/deutschland\/das-problem-erdrueckt-uns-griechenland-setzt-asylantraege-fuer-neuankoemmlinge-aus-nordafrika-aus\/\"]}]},{\"@type\":\"ImageObject\",\"inLanguage\":\"de\",\"@id\":\"https:\/\/now-news.de\/de\/deutschland\/das-problem-erdrueckt-uns-griechenland-setzt-asylantraege-fuer-neuankoemmlinge-aus-nordafrika-aus\/#primaryimage\",\"url\":\"https:\/\/now-news.de\/de\/wp-content\/uploads\/sites\/3\/2025\/07\/quotDas-Problem-erdrueckt-unsquot-Griechenland-setzt-Asylantraege-fuer-Neuankoemmlinge-aus.jpg\",\"contentUrl\":\"https:\/\/now-news.de\/de\/wp-content\/uploads\/sites\/3\/2025\/07\/quotDas-Problem-erdrueckt-unsquot-Griechenland-setzt-Asylantraege-fuer-Neuankoemmlinge-aus.jpg\",\"width\":460,\"height\":259,\"caption\":\"&quot;Das Problem erdr\u00fcckt uns&quot;: Griechenland setzt Asylantr\u00e4ge f\u00fcr Neuank\u00f6mmlinge aus Nordafrika aus\"},{\"@type\":\"BreadcrumbList\",\"@id\":\"https:\/\/now-news.de\/de\/deutschland\/das-problem-erdrueckt-uns-griechenland-setzt-asylantraege-fuer-neuankoemmlinge-aus-nordafrika-aus\/#breadcrumb\",\"itemListElement\":[{\"@type\":\"ListItem\",\"position\":1,\"name\":\"Home\",\"item\":\"https:\/\/now-news.de\/de\/\"},{\"@type\":\"ListItem\",\"position\":2,\"name\":\"&quot;Das Problem erdr\u00fcckt uns&quot;: Griechenland setzt Asylantr\u00e4ge f\u00fcr Neuank\u00f6mmlinge aus Nordafrika aus\"}]},{\"@type\":\"WebSite\",\"@id\":\"https:\/\/now-news.de\/de\/#website\",\"url\":\"https:\/\/now-news.de\/de\/\",\"name\":\"just-now.NEWS Deutschland\",\"description\":\"Das Portal f\u00fcr unzensierte Nachrichten aus der Welt\",\"publisher\":{\"@id\":\"https:\/\/now-news.de\/de\/#organization\"},\"potentialAction\":[{\"@type\":\"SearchAction\",\"target\":{\"@type\":\"EntryPoint\",\"urlTemplate\":\"https:\/\/now-news.de\/de\/?s={search_term_string}\"},\"query-input\":\"required name=search_term_string\"}],\"inLanguage\":\"de\"},{\"@type\":\"Organization\",\"@id\":\"https:\/\/now-news.de\/de\/#organization\",\"name\":\"Just Now News\",\"url\":\"https:\/\/now-news.de\/de\/\",\"logo\":{\"@type\":\"ImageObject\",\"inLanguage\":\"de\",\"@id\":\"https:\/\/now-news.de\/de\/#\/schema\/logo\/image\/\",\"url\":\"http:\/\/just-now.news\/de\/wp-content\/uploads\/sites\/3\/2022\/04\/logo500x500.jpg\",\"contentUrl\":\"http:\/\/just-now.news\/de\/wp-content\/uploads\/sites\/3\/2022\/04\/logo500x500.jpg\",\"width\":500,\"height\":500,\"caption\":\"Just Now News\"},\"image\":{\"@id\":\"https:\/\/now-news.de\/de\/#\/schema\/logo\/image\/\"},\"sameAs\":[\"https:\/\/www.facebook.com\/wirmachenauf\",\"https:\/\/x.com\/WirMachenAuf_de\"]},{\"@type\":\"Person\",\"@id\":\"https:\/\/now-news.de\/de\/#\/schema\/person\/fb534a4e865501d8b3285208df34a9b5\",\"name\":\"rtnews\",\"image\":{\"@type\":\"ImageObject\",\"inLanguage\":\"de\",\"@id\":\"https:\/\/now-news.de\/de\/#\/schema\/person\/image\/\",\"url\":\"https:\/\/secure.gravatar.com\/avatar\/82aafea7d8127119dd649515f56e2117?s=96&d=mm&r=g\",\"contentUrl\":\"https:\/\/secure.gravatar.com\/avatar\/82aafea7d8127119dd649515f56e2117?s=96&d=mm&r=g\",\"caption\":\"rtnews\"},\"url\":\"https:\/\/now-news.de\/de\/author\/rnews\/\"}]}<\/script>\n<!-- \/ Yoast SEO Premium plugin. -->","yoast_head_json":{"title":"&quot;Das Problem erdr\u00fcckt uns&quot;: Griechenland setzt Asylantr\u00e4ge f\u00fcr Neuank\u00f6mmlinge aus Nordafrika aus - just-now.NEWS Deutschland","robots":{"index":"index","follow":"follow","max-snippet":"max-snippet:-1","max-image-preview":"max-image-preview:large","max-video-preview":"max-video-preview:-1"},"canonical":"https:\/\/now-news.de\/de\/deutschland\/das-problem-erdrueckt-uns-griechenland-setzt-asylantraege-fuer-neuankoemmlinge-aus-nordafrika-aus\/","og_locale":"de_DE","og_type":"article","og_title":"&quot;Das Problem erdr\u00fcckt uns&quot;: Griechenland setzt Asylantr\u00e4ge f\u00fcr Neuank\u00f6mmlinge aus Nordafrika aus","og_description":"Griechenlands Ministerpr\u00e4sident spricht von einer &#8220;Botschaft der Entschlossenheit&#8221; gegen\u00fcber Schleppern und ihren potenziellen Kunden: Das s\u00fcdeurop\u00e4ische Land setzt laut Kyriakos Mitsotakis f\u00fcr drei Monate die Bearbeitung von Asylantr\u00e4gen von Menschen aus, die aus Nordafrika ins Land kommen. Griechenland hat die Bearbeitung von Asylantr\u00e4gen von Menschen, die aus Nordafrika ins Land kommen, f\u00fcr drei Monate ausgesetzt. [&hellip;]","og_url":"https:\/\/now-news.de\/de\/deutschland\/das-problem-erdrueckt-uns-griechenland-setzt-asylantraege-fuer-neuankoemmlinge-aus-nordafrika-aus\/","og_site_name":"just-now.NEWS Deutschland","article_publisher":"https:\/\/www.facebook.com\/wirmachenauf","article_published_time":"2025-07-10T19:30:10+00:00","og_image":[{"url":"https:\/\/now-news.de\/de\/wp-content\/uploads\/sites\/3\/2025\/07\/686fdea148fbef3c2611e459.jpg"}],"author":"rtnews","twitter_card":"summary_large_image","twitter_creator":"@WirMachenAuf_de","twitter_site":"@WirMachenAuf_de","twitter_misc":{"Verfasst von":"rtnews","Gesch\u00e4tzte Lesezeit":"3\u00a0Minuten"},"schema":{"@context":"https:\/\/schema.org","@graph":[{"@type":"Article","@id":"https:\/\/now-news.de\/de\/deutschland\/das-problem-erdrueckt-uns-griechenland-setzt-asylantraege-fuer-neuankoemmlinge-aus-nordafrika-aus\/#article","isPartOf":{"@id":"https:\/\/now-news.de\/de\/deutschland\/das-problem-erdrueckt-uns-griechenland-setzt-asylantraege-fuer-neuankoemmlinge-aus-nordafrika-aus\/"},"author":{"name":"rtnews","@id":"https:\/\/now-news.de\/de\/#\/schema\/person\/fb534a4e865501d8b3285208df34a9b5"},"headline":"&quot;Das Problem erdr\u00fcckt uns&quot;: Griechenland setzt Asylantr\u00e4ge f\u00fcr Neuank\u00f6mmlinge aus Nordafrika aus","datePublished":"2025-07-10T19:30:10+00:00","dateModified":"2025-07-10T19:30:10+00:00","mainEntityOfPage":{"@id":"https:\/\/now-news.de\/de\/deutschland\/das-problem-erdrueckt-uns-griechenland-setzt-asylantraege-fuer-neuankoemmlinge-aus-nordafrika-aus\/"},"wordCount":571,"commentCount":0,"publisher":{"@id":"https:\/\/now-news.de\/de\/#organization"},"image":{"@id":"https:\/\/now-news.de\/de\/deutschland\/das-problem-erdrueckt-uns-griechenland-setzt-asylantraege-fuer-neuankoemmlinge-aus-nordafrika-aus\/#primaryimage"},"thumbnailUrl":"https:\/\/now-news.de\/de\/wp-content\/uploads\/sites\/3\/2025\/07\/quotDas-Problem-erdrueckt-unsquot-Griechenland-setzt-Asylantraege-fuer-Neuankoemmlinge-aus.jpg","keywords":["Asylantr\u00e4ge","aus","erdr\u00fcckt","f\u00fcr","Griechenland","Neuank\u00f6mmlinge","Nordafrika","problem","quotDas","setzt","unsquot"],"articleSection":["Deutschland","Russland"],"inLanguage":"de","potentialAction":[{"@type":"CommentAction","name":"Comment","target":["https:\/\/now-news.de\/de\/deutschland\/das-problem-erdrueckt-uns-griechenland-setzt-asylantraege-fuer-neuankoemmlinge-aus-nordafrika-aus\/#respond"]}]},{"@type":"WebPage","@id":"https:\/\/now-news.de\/de\/deutschland\/das-problem-erdrueckt-uns-griechenland-setzt-asylantraege-fuer-neuankoemmlinge-aus-nordafrika-aus\/","url":"https:\/\/now-news.de\/de\/deutschland\/das-problem-erdrueckt-uns-griechenland-setzt-asylantraege-fuer-neuankoemmlinge-aus-nordafrika-aus\/","name":"&quot;Das Problem erdr\u00fcckt uns&quot;: Griechenland setzt Asylantr\u00e4ge f\u00fcr Neuank\u00f6mmlinge aus Nordafrika aus - just-now.NEWS Deutschland","isPartOf":{"@id":"https:\/\/now-news.de\/de\/#website"},"primaryImageOfPage":{"@id":"https:\/\/now-news.de\/de\/deutschland\/das-problem-erdrueckt-uns-griechenland-setzt-asylantraege-fuer-neuankoemmlinge-aus-nordafrika-aus\/#primaryimage"},"image":{"@id":"https:\/\/now-news.de\/de\/deutschland\/das-problem-erdrueckt-uns-griechenland-setzt-asylantraege-fuer-neuankoemmlinge-aus-nordafrika-aus\/#primaryimage"},"thumbnailUrl":"https:\/\/now-news.de\/de\/wp-content\/uploads\/sites\/3\/2025\/07\/quotDas-Problem-erdrueckt-unsquot-Griechenland-setzt-Asylantraege-fuer-Neuankoemmlinge-aus.jpg","datePublished":"2025-07-10T19:30:10+00:00","dateModified":"2025-07-10T19:30:10+00:00","breadcrumb":{"@id":"https:\/\/now-news.de\/de\/deutschland\/das-problem-erdrueckt-uns-griechenland-setzt-asylantraege-fuer-neuankoemmlinge-aus-nordafrika-aus\/#breadcrumb"},"inLanguage":"de","potentialAction":[{"@type":"ReadAction","target":["https:\/\/now-news.de\/de\/deutschland\/das-problem-erdrueckt-uns-griechenland-setzt-asylantraege-fuer-neuankoemmlinge-aus-nordafrika-aus\/"]}]},{"@type":"ImageObject","inLanguage":"de","@id":"https:\/\/now-news.de\/de\/deutschland\/das-problem-erdrueckt-uns-griechenland-setzt-asylantraege-fuer-neuankoemmlinge-aus-nordafrika-aus\/#primaryimage","url":"https:\/\/now-news.de\/de\/wp-content\/uploads\/sites\/3\/2025\/07\/quotDas-Problem-erdrueckt-unsquot-Griechenland-setzt-Asylantraege-fuer-Neuankoemmlinge-aus.jpg","contentUrl":"https:\/\/now-news.de\/de\/wp-content\/uploads\/sites\/3\/2025\/07\/quotDas-Problem-erdrueckt-unsquot-Griechenland-setzt-Asylantraege-fuer-Neuankoemmlinge-aus.jpg","width":460,"height":259,"caption":"&quot;Das Problem erdr\u00fcckt uns&quot;: Griechenland setzt Asylantr\u00e4ge f\u00fcr Neuank\u00f6mmlinge aus Nordafrika aus"},{"@type":"BreadcrumbList","@id":"https:\/\/now-news.de\/de\/deutschland\/das-problem-erdrueckt-uns-griechenland-setzt-asylantraege-fuer-neuankoemmlinge-aus-nordafrika-aus\/#breadcrumb","itemListElement":[{"@type":"ListItem","position":1,"name":"Home","item":"https:\/\/now-news.de\/de\/"},{"@type":"ListItem","position":2,"name":"&quot;Das Problem erdr\u00fcckt uns&quot;: Griechenland setzt Asylantr\u00e4ge f\u00fcr Neuank\u00f6mmlinge aus Nordafrika aus"}]},{"@type":"WebSite","@id":"https:\/\/now-news.de\/de\/#website","url":"https:\/\/now-news.de\/de\/","name":"just-now.NEWS Deutschland","description":"Das Portal f\u00fcr unzensierte Nachrichten aus der Welt","publisher":{"@id":"https:\/\/now-news.de\/de\/#organization"},"potentialAction":[{"@type":"SearchAction","target":{"@type":"EntryPoint","urlTemplate":"https:\/\/now-news.de\/de\/?s={search_term_string}"},"query-input":"required name=search_term_string"}],"inLanguage":"de"},{"@type":"Organization","@id":"https:\/\/now-news.de\/de\/#organization","name":"Just Now News","url":"https:\/\/now-news.de\/de\/","logo":{"@type":"ImageObject","inLanguage":"de","@id":"https:\/\/now-news.de\/de\/#\/schema\/logo\/image\/","url":"http:\/\/just-now.news\/de\/wp-content\/uploads\/sites\/3\/2022\/04\/logo500x500.jpg","contentUrl":"http:\/\/just-now.news\/de\/wp-content\/uploads\/sites\/3\/2022\/04\/logo500x500.jpg","width":500,"height":500,"caption":"Just Now News"},"image":{"@id":"https:\/\/now-news.de\/de\/#\/schema\/logo\/image\/"},"sameAs":["https:\/\/www.facebook.com\/wirmachenauf","https:\/\/x.com\/WirMachenAuf_de"]},{"@type":"Person","@id":"https:\/\/now-news.de\/de\/#\/schema\/person\/fb534a4e865501d8b3285208df34a9b5","name":"rtnews","image":{"@type":"ImageObject","inLanguage":"de","@id":"https:\/\/now-news.de\/de\/#\/schema\/person\/image\/","url":"https:\/\/secure.gravatar.com\/avatar\/82aafea7d8127119dd649515f56e2117?s=96&d=mm&r=g","contentUrl":"https:\/\/secure.gravatar.com\/avatar\/82aafea7d8127119dd649515f56e2117?s=96&d=mm&r=g","caption":"rtnews"},"url":"https:\/\/now-news.de\/de\/author\/rnews\/"}]}},"_links":{"self":[{"href":"https:\/\/now-news.de\/de\/wp-json\/wp\/v2\/posts\/86965"}],"collection":[{"href":"https:\/\/now-news.de\/de\/wp-json\/wp\/v2\/posts"}],"about":[{"href":"https:\/\/now-news.de\/de\/wp-json\/wp\/v2\/types\/post"}],"author":[{"embeddable":true,"href":"https:\/\/now-news.de\/de\/wp-json\/wp\/v2\/users\/3"}],"replies":[{"embeddable":true,"href":"https:\/\/now-news.de\/de\/wp-json\/wp\/v2\/comments?post=86965"}],"version-history":[{"count":0,"href":"https:\/\/now-news.de\/de\/wp-json\/wp\/v2\/posts\/86965\/revisions"}],"wp:featuredmedia":[{"embeddable":true,"href":"https:\/\/now-news.de\/de\/wp-json\/wp\/v2\/media\/86966"}],"wp:attachment":[{"href":"https:\/\/now-news.de\/de\/wp-json\/wp\/v2\/media?parent=86965"}],"wp:term":[{"taxonomy":"category","embeddable":true,"href":"https:\/\/now-news.de\/de\/wp-json\/wp\/v2\/categories?post=86965"},{"taxonomy":"post_tag","embeddable":true,"href":"https:\/\/now-news.de\/de\/wp-json\/wp\/v2\/tags?post=86965"}],"curies":[{"name":"wp","href":"https:\/\/api.w.org\/{rel}","templated":true}]}}