{"id":86957,"date":"2025-07-10T20:05:05","date_gmt":"2025-07-10T18:05:05","guid":{"rendered":"https:\/\/now-news.de\/de\/deutschland\/23-milliarden-fuer-die-ukraine-von-der-leyen-sagt-weitere-finanzmittel-zu\/"},"modified":"2025-07-10T20:05:05","modified_gmt":"2025-07-10T18:05:05","slug":"23-milliarden-fuer-die-ukraine-von-der-leyen-sagt-weitere-finanzmittel-zu","status":"publish","type":"post","link":"https:\/\/now-news.de\/de\/deutschland\/23-milliarden-fuer-die-ukraine-von-der-leyen-sagt-weitere-finanzmittel-zu\/","title":{"rendered":"2,3 Milliarden f\u00fcr die Ukraine \u2013 Von der Leyen sagt weitere Finanzmittel zu"},"content":{"rendered":"<p><img decoding=\"async\" src=\"https:\/\/now-news.de\/de\/wp-content\/uploads\/sites\/3\/2025\/07\/686fc42bb480cc29494dcca6.jpg\" \/><\/p>\n<div class=\"Text-root Text-type_1 \">\n                In Rom treffen sich heute die Vertreter der Unterst\u00fctzerl\u00e4nder der Ukraine. EU-Kommissionspr\u00e4sidentin von der Leyen sagte der Ukraine weitere 2,3 Milliarden Euro zu. Damit soll der Wiederaufbau des Landes in Gang gebracht werden. Bundeskanzler Merz versprach &#8220;unersch\u00fctterliche Unterst\u00fctzung&#8221;.\n            <\/div>\n<p><\/p>\n<div class=\"Text-root Text-type_5 ArticleView-text ViewText-root \">\n<p>W\u00e4hrend im EU-Parlament in Stra\u00dfburg \u00fcber einen Misstrauensantrag gegen EU-Kommissionspr\u00e4sidentin von der Leyen abgestimmt wurde, \u00fcberreichte diese in Rom auf der Ukraine-Wiederaufbaukonferenz dem\u00a0Machthaber in Kiew ein Geldgeschenk. Von der Leyen sagte Selenskij ein neues Finanzpaket in H\u00f6he von 2,3 Milliarden Euro zu, 1,8 Milliarden davon als Garantien f\u00fcr Kredite, 500 Millionen als Zuwendung, das hei\u00dft geschenkt.\u00a0<\/p>\n<p>Mit dem Geld sollen Investitionen in H\u00f6he von zehn Milliarden Euro mobilisiert werden. So soll die ukrainische Wirtschaft wieder auf Wachstumskurs gebracht und der Wiederaufbau des Landes vorangebracht werden. Ob es gelingt, w\u00e4hrend eines laufenden milit\u00e4rischen Konflikts Investitionen in dem genannten Umfang anzulocken, ist indes mehr als fraglich.\u00a0<\/p>\n<p>Zudem soll ein weiterer Fonds eingerichtet und mit 220 Millionen Euro ausgestattet werden. Mit dem &#8220;Europ\u00e4ischen Flaggschiff-Fond&#8221; sollen ebenfalls private Investitionen in der Ukraine gef\u00f6rdert werden.\u00a0<\/p>\n<p>An dem Treffen nahm auch Bundeskanzler Friedrich Merz teil. &#8220;Unsere Unterst\u00fctzung f\u00fcr ihr Land ist unersch\u00fctterlich&#8221;, sicherte er dem Machthaber in Kiew zu und bat gleichzeitig um weitere Unterst\u00fctzung aus den USA.\u00a0<\/p>\n<p>&#8220;Bleiben Sie bei uns und bleiben Sie bei den Europ\u00e4ern. Wir stehen auf derselben Seite. Und wir suchen nach einer stabilen politischen Ordnung in dieser Welt&#8221;, sagte er in Richtung US-Pr\u00e4sident Trump, der allerdings nicht an dem Treffen teilnahm.\u00a0<\/p>\n<div class=\"EmbedBlock-root EmbedBlock-twitter\">\n<div class=\"TwitterEmbed\">\n<blockquote class=\"twitter-tweet lazyload\" data-twitter=\"twitter-tweet\">\n<p lang=\"de\" dir=\"ltr\">Wir stehen fest an der Seite der Ukrainer. Wir unterst\u00fctzen sie auch in unserem Interesse: f\u00fcr unsere gemeinsame politische Freiheitsordnung in Europa, die Freiheit der M\u00e4rkte, Wachstum und unsere Energiesicherheit. Deutschlands Zukunft ist eng mit der Ukraine verbunden. <a rel=\"nofollow noopener\" target=\"_blank\" href=\"https:\/\/t.co\/dgzdenxaQc\">pic.twitter.com\/dgzdenxaQc<\/a><\/p>\n<p>\u2014 Bundeskanzler Friedrich Merz (@bundeskanzler) <a rel=\"nofollow noopener\" target=\"_blank\" href=\"https:\/\/twitter.com\/bundeskanzler\/status\/1943299619963760882?ref_src=twsrc%5Etfw\">July 10, 2025<\/a><\/p><\/blockquote>\n<\/div>\n<\/div>\n<p>Die Europ\u00e4ische Union\u00a0ist bestrebt, den Krieg in der Ukraine zu verl\u00e4ngern. Daf\u00fcr ist die Mehrheit der L\u00e4nder\u00a0Europas bereit, der Ukraine umfassende Zusagen zu machen und die eigene Wirtschaft zu schw\u00e4chen. Aktuell bem\u00fcht sich die EU um die Verabschiedung eines 18. Sanktionspakets gegen Russland. Bisher hatten die Sanktionen f\u00fcr die EU-L\u00e4nder allerdings deutlich negativere Auswirkungen als f\u00fcr Russland.<\/p>\n<p><strong>Mehr zum Thema<\/strong>\u00a0&#8211;\u00a0<a rel=\"nofollow noopener\" target=\"_blank\" href=\"https:\/\/freedert.online\/europa\/250247-tallinn-droht-mit-veto-gegen\/\">Wegen russischer \u00d6lpreise: Tallinn droht mit Veto gegen EU-Sanktionspaket<\/a><\/p>\n<div class=\"EmbedBlock-root EmbedBlock-externalVideo EmbedBlock-rumble\">\n<div class=\"VkEmbed\"><iframe class=\"lazyload\" data-src=\"https:\/\/rumble.com\/embed\/v6trajq\" frameborder=\"0\" width=\"853\" height=\"480\" allowfullscreen><\/iframe><\/div>\n<\/div>\n<\/div>\n<p><script async src=\"https:\/\/platform.twitter.com\/widgets.js\" charset=\"utf-8\"><\/script><br \/>\n<br \/><br \/>\n<br \/><a href=\"https:\/\/de.rt.com\/europa\/250338-23-milliarden-fuer-ukraine-von\/\">Source link <\/a><\/p>\n","protected":false},"excerpt":{"rendered":"<p>In Rom treffen sich heute die Vertreter der Unterst\u00fctzerl\u00e4nder der Ukraine. EU-Kommissionspr\u00e4sidentin von der Leyen sagte der Ukraine weitere 2,3 Milliarden Euro zu. Damit soll der Wiederaufbau des Landes in Gang gebracht werden. Bundeskanzler Merz versprach &#8220;unersch\u00fctterliche Unterst\u00fctzung&#8221;. W\u00e4hrend im EU-Parlament in Stra\u00dfburg \u00fcber einen Misstrauensantrag gegen EU-Kommissionspr\u00e4sidentin von der Leyen abgestimmt wurde, \u00fcberreichte diese [&hellip;]<\/p>\n","protected":false},"author":3,"featured_media":86958,"comment_status":"open","ping_status":"open","sticky":false,"template":"","format":"standard","meta":{"_yoast_indexnow_last_ping":["1752170768"],"wp_automatic_camp":["217"],"510e2c24e0d0db4d2db9471bb67c3d8a":["2,3 Milliarden f\u00fcr die Ukraine \u2013 Von der Leyen sagt weitere Finanzmittel zu"],"original_link":["https:\/\/de.rt.com\/europa\/250338-23-milliarden-fuer-ukraine-von\/"],"_thumbnail_id":["86958"],"jnews_social_counter_last_update":["1777411831"],"_wptgpro_p2tg_sent2tg":["a:1:{i:23737;s:19:\"2025-07-10 20:07:22\";}"]},"categories":[19,23],"tags":[82,45,21906,221,368,1004,3564,127,50,823],"yoast_head":"<!-- This site is optimized with the Yoast SEO Premium plugin v22.7 (Yoast SEO v22.7) - https:\/\/yoast.com\/wordpress\/plugins\/seo\/ -->\n<title>2,3 Milliarden f\u00fcr die Ukraine \u2013 Von der Leyen sagt weitere Finanzmittel zu - just-now.NEWS Deutschland<\/title>\n<meta name=\"robots\" content=\"index, follow, max-snippet:-1, max-image-preview:large, max-video-preview:-1\" \/>\n<link rel=\"canonical\" href=\"https:\/\/now-news.de\/de\/deutschland\/23-milliarden-fuer-die-ukraine-von-der-leyen-sagt-weitere-finanzmittel-zu\/\" \/>\n<meta property=\"og:locale\" content=\"de_DE\" \/>\n<meta property=\"og:type\" content=\"article\" \/>\n<meta property=\"og:title\" content=\"2,3 Milliarden f\u00fcr die Ukraine \u2013 Von der Leyen sagt weitere Finanzmittel zu\" \/>\n<meta property=\"og:description\" content=\"In Rom treffen sich heute die Vertreter der Unterst\u00fctzerl\u00e4nder der Ukraine. EU-Kommissionspr\u00e4sidentin von der Leyen sagte der Ukraine weitere 2,3 Milliarden Euro zu. Damit soll der Wiederaufbau des Landes in Gang gebracht werden. Bundeskanzler Merz versprach &#8220;unersch\u00fctterliche Unterst\u00fctzung&#8221;. W\u00e4hrend im EU-Parlament in Stra\u00dfburg \u00fcber einen Misstrauensantrag gegen EU-Kommissionspr\u00e4sidentin von der Leyen abgestimmt wurde, \u00fcberreichte diese [&hellip;]\" \/>\n<meta property=\"og:url\" content=\"https:\/\/now-news.de\/de\/deutschland\/23-milliarden-fuer-die-ukraine-von-der-leyen-sagt-weitere-finanzmittel-zu\/\" \/>\n<meta property=\"og:site_name\" content=\"just-now.NEWS Deutschland\" \/>\n<meta property=\"article:publisher\" content=\"https:\/\/www.facebook.com\/wirmachenauf\" \/>\n<meta property=\"article:published_time\" content=\"2025-07-10T18:05:05+00:00\" \/>\n<meta property=\"og:image\" content=\"https:\/\/now-news.de\/de\/wp-content\/uploads\/sites\/3\/2025\/07\/686fc42bb480cc29494dcca6.jpg\" \/>\n<meta name=\"author\" content=\"rtnews\" \/>\n<meta name=\"twitter:card\" content=\"summary_large_image\" \/>\n<meta name=\"twitter:creator\" content=\"@WirMachenAuf_de\" \/>\n<meta name=\"twitter:site\" content=\"@WirMachenAuf_de\" \/>\n<meta name=\"twitter:label1\" content=\"Verfasst von\" \/>\n\t<meta name=\"twitter:data1\" content=\"rtnews\" \/>\n\t<meta name=\"twitter:label2\" content=\"Gesch\u00e4tzte Lesezeit\" \/>\n\t<meta name=\"twitter:data2\" content=\"2\u00a0Minuten\" \/>\n<script type=\"application\/ld+json\" class=\"yoast-schema-graph\">{\"@context\":\"https:\/\/schema.org\",\"@graph\":[{\"@type\":\"Article\",\"@id\":\"https:\/\/now-news.de\/de\/deutschland\/23-milliarden-fuer-die-ukraine-von-der-leyen-sagt-weitere-finanzmittel-zu\/#article\",\"isPartOf\":{\"@id\":\"https:\/\/now-news.de\/de\/deutschland\/23-milliarden-fuer-die-ukraine-von-der-leyen-sagt-weitere-finanzmittel-zu\/\"},\"author\":{\"name\":\"rtnews\",\"@id\":\"https:\/\/now-news.de\/de\/#\/schema\/person\/fb534a4e865501d8b3285208df34a9b5\"},\"headline\":\"2,3 Milliarden f\u00fcr die Ukraine \u2013 Von der Leyen sagt weitere Finanzmittel zu\",\"datePublished\":\"2025-07-10T18:05:05+00:00\",\"dateModified\":\"2025-07-10T18:05:05+00:00\",\"mainEntityOfPage\":{\"@id\":\"https:\/\/now-news.de\/de\/deutschland\/23-milliarden-fuer-die-ukraine-von-der-leyen-sagt-weitere-finanzmittel-zu\/\"},\"wordCount\":402,\"commentCount\":0,\"publisher\":{\"@id\":\"https:\/\/now-news.de\/de\/#organization\"},\"image\":{\"@id\":\"https:\/\/now-news.de\/de\/deutschland\/23-milliarden-fuer-die-ukraine-von-der-leyen-sagt-weitere-finanzmittel-zu\/#primaryimage\"},\"thumbnailUrl\":\"https:\/\/now-news.de\/de\/wp-content\/uploads\/sites\/3\/2025\/07\/23-Milliarden-fuer-die-Ukraine-\u2013-Von-der-Leyen-sagt.jpg\",\"keywords\":[\"der\",\"die\",\"Finanzmittel\",\"f\u00fcr\",\"Leyen\",\"Milliarden\",\"sagt\",\"ukraine\",\"von\",\"weitere\"],\"articleSection\":[\"Deutschland\",\"Russland\"],\"inLanguage\":\"de\",\"potentialAction\":[{\"@type\":\"CommentAction\",\"name\":\"Comment\",\"target\":[\"https:\/\/now-news.de\/de\/deutschland\/23-milliarden-fuer-die-ukraine-von-der-leyen-sagt-weitere-finanzmittel-zu\/#respond\"]}]},{\"@type\":\"WebPage\",\"@id\":\"https:\/\/now-news.de\/de\/deutschland\/23-milliarden-fuer-die-ukraine-von-der-leyen-sagt-weitere-finanzmittel-zu\/\",\"url\":\"https:\/\/now-news.de\/de\/deutschland\/23-milliarden-fuer-die-ukraine-von-der-leyen-sagt-weitere-finanzmittel-zu\/\",\"name\":\"2,3 Milliarden f\u00fcr die Ukraine \u2013 Von der Leyen sagt weitere Finanzmittel zu - just-now.NEWS Deutschland\",\"isPartOf\":{\"@id\":\"https:\/\/now-news.de\/de\/#website\"},\"primaryImageOfPage\":{\"@id\":\"https:\/\/now-news.de\/de\/deutschland\/23-milliarden-fuer-die-ukraine-von-der-leyen-sagt-weitere-finanzmittel-zu\/#primaryimage\"},\"image\":{\"@id\":\"https:\/\/now-news.de\/de\/deutschland\/23-milliarden-fuer-die-ukraine-von-der-leyen-sagt-weitere-finanzmittel-zu\/#primaryimage\"},\"thumbnailUrl\":\"https:\/\/now-news.de\/de\/wp-content\/uploads\/sites\/3\/2025\/07\/23-Milliarden-fuer-die-Ukraine-\u2013-Von-der-Leyen-sagt.jpg\",\"datePublished\":\"2025-07-10T18:05:05+00:00\",\"dateModified\":\"2025-07-10T18:05:05+00:00\",\"breadcrumb\":{\"@id\":\"https:\/\/now-news.de\/de\/deutschland\/23-milliarden-fuer-die-ukraine-von-der-leyen-sagt-weitere-finanzmittel-zu\/#breadcrumb\"},\"inLanguage\":\"de\",\"potentialAction\":[{\"@type\":\"ReadAction\",\"target\":[\"https:\/\/now-news.de\/de\/deutschland\/23-milliarden-fuer-die-ukraine-von-der-leyen-sagt-weitere-finanzmittel-zu\/\"]}]},{\"@type\":\"ImageObject\",\"inLanguage\":\"de\",\"@id\":\"https:\/\/now-news.de\/de\/deutschland\/23-milliarden-fuer-die-ukraine-von-der-leyen-sagt-weitere-finanzmittel-zu\/#primaryimage\",\"url\":\"https:\/\/now-news.de\/de\/wp-content\/uploads\/sites\/3\/2025\/07\/23-Milliarden-fuer-die-Ukraine-\u2013-Von-der-Leyen-sagt.jpg\",\"contentUrl\":\"https:\/\/now-news.de\/de\/wp-content\/uploads\/sites\/3\/2025\/07\/23-Milliarden-fuer-die-Ukraine-\u2013-Von-der-Leyen-sagt.jpg\",\"width\":460,\"height\":259,\"caption\":\"2,3 Milliarden f\u00fcr die Ukraine \u2013 Von der Leyen sagt weitere Finanzmittel zu\"},{\"@type\":\"BreadcrumbList\",\"@id\":\"https:\/\/now-news.de\/de\/deutschland\/23-milliarden-fuer-die-ukraine-von-der-leyen-sagt-weitere-finanzmittel-zu\/#breadcrumb\",\"itemListElement\":[{\"@type\":\"ListItem\",\"position\":1,\"name\":\"Home\",\"item\":\"https:\/\/now-news.de\/de\/\"},{\"@type\":\"ListItem\",\"position\":2,\"name\":\"2,3 Milliarden f\u00fcr die Ukraine \u2013 Von der Leyen sagt weitere Finanzmittel zu\"}]},{\"@type\":\"WebSite\",\"@id\":\"https:\/\/now-news.de\/de\/#website\",\"url\":\"https:\/\/now-news.de\/de\/\",\"name\":\"just-now.NEWS Deutschland\",\"description\":\"Das Portal f\u00fcr unzensierte Nachrichten aus der Welt\",\"publisher\":{\"@id\":\"https:\/\/now-news.de\/de\/#organization\"},\"potentialAction\":[{\"@type\":\"SearchAction\",\"target\":{\"@type\":\"EntryPoint\",\"urlTemplate\":\"https:\/\/now-news.de\/de\/?s={search_term_string}\"},\"query-input\":\"required name=search_term_string\"}],\"inLanguage\":\"de\"},{\"@type\":\"Organization\",\"@id\":\"https:\/\/now-news.de\/de\/#organization\",\"name\":\"Just Now News\",\"url\":\"https:\/\/now-news.de\/de\/\",\"logo\":{\"@type\":\"ImageObject\",\"inLanguage\":\"de\",\"@id\":\"https:\/\/now-news.de\/de\/#\/schema\/logo\/image\/\",\"url\":\"http:\/\/just-now.news\/de\/wp-content\/uploads\/sites\/3\/2022\/04\/logo500x500.jpg\",\"contentUrl\":\"http:\/\/just-now.news\/de\/wp-content\/uploads\/sites\/3\/2022\/04\/logo500x500.jpg\",\"width\":500,\"height\":500,\"caption\":\"Just Now News\"},\"image\":{\"@id\":\"https:\/\/now-news.de\/de\/#\/schema\/logo\/image\/\"},\"sameAs\":[\"https:\/\/www.facebook.com\/wirmachenauf\",\"https:\/\/x.com\/WirMachenAuf_de\"]},{\"@type\":\"Person\",\"@id\":\"https:\/\/now-news.de\/de\/#\/schema\/person\/fb534a4e865501d8b3285208df34a9b5\",\"name\":\"rtnews\",\"image\":{\"@type\":\"ImageObject\",\"inLanguage\":\"de\",\"@id\":\"https:\/\/now-news.de\/de\/#\/schema\/person\/image\/\",\"url\":\"https:\/\/secure.gravatar.com\/avatar\/82aafea7d8127119dd649515f56e2117?s=96&d=mm&r=g\",\"contentUrl\":\"https:\/\/secure.gravatar.com\/avatar\/82aafea7d8127119dd649515f56e2117?s=96&d=mm&r=g\",\"caption\":\"rtnews\"},\"url\":\"https:\/\/now-news.de\/de\/author\/rnews\/\"}]}<\/script>\n<!-- \/ Yoast SEO Premium plugin. -->","yoast_head_json":{"title":"2,3 Milliarden f\u00fcr die Ukraine \u2013 Von der Leyen sagt weitere Finanzmittel zu - just-now.NEWS Deutschland","robots":{"index":"index","follow":"follow","max-snippet":"max-snippet:-1","max-image-preview":"max-image-preview:large","max-video-preview":"max-video-preview:-1"},"canonical":"https:\/\/now-news.de\/de\/deutschland\/23-milliarden-fuer-die-ukraine-von-der-leyen-sagt-weitere-finanzmittel-zu\/","og_locale":"de_DE","og_type":"article","og_title":"2,3 Milliarden f\u00fcr die Ukraine \u2013 Von der Leyen sagt weitere Finanzmittel zu","og_description":"In Rom treffen sich heute die Vertreter der Unterst\u00fctzerl\u00e4nder der Ukraine. EU-Kommissionspr\u00e4sidentin von der Leyen sagte der Ukraine weitere 2,3 Milliarden Euro zu. Damit soll der Wiederaufbau des Landes in Gang gebracht werden. Bundeskanzler Merz versprach &#8220;unersch\u00fctterliche Unterst\u00fctzung&#8221;. W\u00e4hrend im EU-Parlament in Stra\u00dfburg \u00fcber einen Misstrauensantrag gegen EU-Kommissionspr\u00e4sidentin von der Leyen abgestimmt wurde, \u00fcberreichte diese [&hellip;]","og_url":"https:\/\/now-news.de\/de\/deutschland\/23-milliarden-fuer-die-ukraine-von-der-leyen-sagt-weitere-finanzmittel-zu\/","og_site_name":"just-now.NEWS Deutschland","article_publisher":"https:\/\/www.facebook.com\/wirmachenauf","article_published_time":"2025-07-10T18:05:05+00:00","og_image":[{"url":"https:\/\/now-news.de\/de\/wp-content\/uploads\/sites\/3\/2025\/07\/686fc42bb480cc29494dcca6.jpg"}],"author":"rtnews","twitter_card":"summary_large_image","twitter_creator":"@WirMachenAuf_de","twitter_site":"@WirMachenAuf_de","twitter_misc":{"Verfasst von":"rtnews","Gesch\u00e4tzte Lesezeit":"2\u00a0Minuten"},"schema":{"@context":"https:\/\/schema.org","@graph":[{"@type":"Article","@id":"https:\/\/now-news.de\/de\/deutschland\/23-milliarden-fuer-die-ukraine-von-der-leyen-sagt-weitere-finanzmittel-zu\/#article","isPartOf":{"@id":"https:\/\/now-news.de\/de\/deutschland\/23-milliarden-fuer-die-ukraine-von-der-leyen-sagt-weitere-finanzmittel-zu\/"},"author":{"name":"rtnews","@id":"https:\/\/now-news.de\/de\/#\/schema\/person\/fb534a4e865501d8b3285208df34a9b5"},"headline":"2,3 Milliarden f\u00fcr die Ukraine \u2013 Von der Leyen sagt weitere Finanzmittel zu","datePublished":"2025-07-10T18:05:05+00:00","dateModified":"2025-07-10T18:05:05+00:00","mainEntityOfPage":{"@id":"https:\/\/now-news.de\/de\/deutschland\/23-milliarden-fuer-die-ukraine-von-der-leyen-sagt-weitere-finanzmittel-zu\/"},"wordCount":402,"commentCount":0,"publisher":{"@id":"https:\/\/now-news.de\/de\/#organization"},"image":{"@id":"https:\/\/now-news.de\/de\/deutschland\/23-milliarden-fuer-die-ukraine-von-der-leyen-sagt-weitere-finanzmittel-zu\/#primaryimage"},"thumbnailUrl":"https:\/\/now-news.de\/de\/wp-content\/uploads\/sites\/3\/2025\/07\/23-Milliarden-fuer-die-Ukraine-\u2013-Von-der-Leyen-sagt.jpg","keywords":["der","die","Finanzmittel","f\u00fcr","Leyen","Milliarden","sagt","ukraine","von","weitere"],"articleSection":["Deutschland","Russland"],"inLanguage":"de","potentialAction":[{"@type":"CommentAction","name":"Comment","target":["https:\/\/now-news.de\/de\/deutschland\/23-milliarden-fuer-die-ukraine-von-der-leyen-sagt-weitere-finanzmittel-zu\/#respond"]}]},{"@type":"WebPage","@id":"https:\/\/now-news.de\/de\/deutschland\/23-milliarden-fuer-die-ukraine-von-der-leyen-sagt-weitere-finanzmittel-zu\/","url":"https:\/\/now-news.de\/de\/deutschland\/23-milliarden-fuer-die-ukraine-von-der-leyen-sagt-weitere-finanzmittel-zu\/","name":"2,3 Milliarden f\u00fcr die Ukraine \u2013 Von der Leyen sagt weitere Finanzmittel zu - just-now.NEWS Deutschland","isPartOf":{"@id":"https:\/\/now-news.de\/de\/#website"},"primaryImageOfPage":{"@id":"https:\/\/now-news.de\/de\/deutschland\/23-milliarden-fuer-die-ukraine-von-der-leyen-sagt-weitere-finanzmittel-zu\/#primaryimage"},"image":{"@id":"https:\/\/now-news.de\/de\/deutschland\/23-milliarden-fuer-die-ukraine-von-der-leyen-sagt-weitere-finanzmittel-zu\/#primaryimage"},"thumbnailUrl":"https:\/\/now-news.de\/de\/wp-content\/uploads\/sites\/3\/2025\/07\/23-Milliarden-fuer-die-Ukraine-\u2013-Von-der-Leyen-sagt.jpg","datePublished":"2025-07-10T18:05:05+00:00","dateModified":"2025-07-10T18:05:05+00:00","breadcrumb":{"@id":"https:\/\/now-news.de\/de\/deutschland\/23-milliarden-fuer-die-ukraine-von-der-leyen-sagt-weitere-finanzmittel-zu\/#breadcrumb"},"inLanguage":"de","potentialAction":[{"@type":"ReadAction","target":["https:\/\/now-news.de\/de\/deutschland\/23-milliarden-fuer-die-ukraine-von-der-leyen-sagt-weitere-finanzmittel-zu\/"]}]},{"@type":"ImageObject","inLanguage":"de","@id":"https:\/\/now-news.de\/de\/deutschland\/23-milliarden-fuer-die-ukraine-von-der-leyen-sagt-weitere-finanzmittel-zu\/#primaryimage","url":"https:\/\/now-news.de\/de\/wp-content\/uploads\/sites\/3\/2025\/07\/23-Milliarden-fuer-die-Ukraine-\u2013-Von-der-Leyen-sagt.jpg","contentUrl":"https:\/\/now-news.de\/de\/wp-content\/uploads\/sites\/3\/2025\/07\/23-Milliarden-fuer-die-Ukraine-\u2013-Von-der-Leyen-sagt.jpg","width":460,"height":259,"caption":"2,3 Milliarden f\u00fcr die Ukraine \u2013 Von der Leyen sagt weitere Finanzmittel zu"},{"@type":"BreadcrumbList","@id":"https:\/\/now-news.de\/de\/deutschland\/23-milliarden-fuer-die-ukraine-von-der-leyen-sagt-weitere-finanzmittel-zu\/#breadcrumb","itemListElement":[{"@type":"ListItem","position":1,"name":"Home","item":"https:\/\/now-news.de\/de\/"},{"@type":"ListItem","position":2,"name":"2,3 Milliarden f\u00fcr die Ukraine \u2013 Von der Leyen sagt weitere Finanzmittel zu"}]},{"@type":"WebSite","@id":"https:\/\/now-news.de\/de\/#website","url":"https:\/\/now-news.de\/de\/","name":"just-now.NEWS Deutschland","description":"Das Portal f\u00fcr unzensierte Nachrichten aus der Welt","publisher":{"@id":"https:\/\/now-news.de\/de\/#organization"},"potentialAction":[{"@type":"SearchAction","target":{"@type":"EntryPoint","urlTemplate":"https:\/\/now-news.de\/de\/?s={search_term_string}"},"query-input":"required name=search_term_string"}],"inLanguage":"de"},{"@type":"Organization","@id":"https:\/\/now-news.de\/de\/#organization","name":"Just Now News","url":"https:\/\/now-news.de\/de\/","logo":{"@type":"ImageObject","inLanguage":"de","@id":"https:\/\/now-news.de\/de\/#\/schema\/logo\/image\/","url":"http:\/\/just-now.news\/de\/wp-content\/uploads\/sites\/3\/2022\/04\/logo500x500.jpg","contentUrl":"http:\/\/just-now.news\/de\/wp-content\/uploads\/sites\/3\/2022\/04\/logo500x500.jpg","width":500,"height":500,"caption":"Just Now News"},"image":{"@id":"https:\/\/now-news.de\/de\/#\/schema\/logo\/image\/"},"sameAs":["https:\/\/www.facebook.com\/wirmachenauf","https:\/\/x.com\/WirMachenAuf_de"]},{"@type":"Person","@id":"https:\/\/now-news.de\/de\/#\/schema\/person\/fb534a4e865501d8b3285208df34a9b5","name":"rtnews","image":{"@type":"ImageObject","inLanguage":"de","@id":"https:\/\/now-news.de\/de\/#\/schema\/person\/image\/","url":"https:\/\/secure.gravatar.com\/avatar\/82aafea7d8127119dd649515f56e2117?s=96&d=mm&r=g","contentUrl":"https:\/\/secure.gravatar.com\/avatar\/82aafea7d8127119dd649515f56e2117?s=96&d=mm&r=g","caption":"rtnews"},"url":"https:\/\/now-news.de\/de\/author\/rnews\/"}]}},"_links":{"self":[{"href":"https:\/\/now-news.de\/de\/wp-json\/wp\/v2\/posts\/86957"}],"collection":[{"href":"https:\/\/now-news.de\/de\/wp-json\/wp\/v2\/posts"}],"about":[{"href":"https:\/\/now-news.de\/de\/wp-json\/wp\/v2\/types\/post"}],"author":[{"embeddable":true,"href":"https:\/\/now-news.de\/de\/wp-json\/wp\/v2\/users\/3"}],"replies":[{"embeddable":true,"href":"https:\/\/now-news.de\/de\/wp-json\/wp\/v2\/comments?post=86957"}],"version-history":[{"count":0,"href":"https:\/\/now-news.de\/de\/wp-json\/wp\/v2\/posts\/86957\/revisions"}],"wp:featuredmedia":[{"embeddable":true,"href":"https:\/\/now-news.de\/de\/wp-json\/wp\/v2\/media\/86958"}],"wp:attachment":[{"href":"https:\/\/now-news.de\/de\/wp-json\/wp\/v2\/media?parent=86957"}],"wp:term":[{"taxonomy":"category","embeddable":true,"href":"https:\/\/now-news.de\/de\/wp-json\/wp\/v2\/categories?post=86957"},{"taxonomy":"post_tag","embeddable":true,"href":"https:\/\/now-news.de\/de\/wp-json\/wp\/v2\/tags?post=86957"}],"curies":[{"name":"wp","href":"https:\/\/api.w.org\/{rel}","templated":true}]}}