{"id":86945,"date":"2025-07-10T17:07:57","date_gmt":"2025-07-10T15:07:57","guid":{"rendered":"https:\/\/now-news.de\/de\/deutschland\/das-bundesland-rheinland-pfalz-will-keine-afd-mitglieder-mehr-einstellen\/"},"modified":"2025-07-10T17:07:57","modified_gmt":"2025-07-10T15:07:57","slug":"das-bundesland-rheinland-pfalz-will-keine-afd-mitglieder-mehr-einstellen","status":"publish","type":"post","link":"https:\/\/now-news.de\/de\/deutschland\/das-bundesland-rheinland-pfalz-will-keine-afd-mitglieder-mehr-einstellen\/","title":{"rendered":"Das Bundesland Rhein\u00adland-Pfalz will keine AfD-Mit\u00adg\u00adlieder mehr ein\u00ads\u00adtellen"},"content":{"rendered":"<p><img decoding=\"async\" src=\"https:\/\/now-news.de\/de\/wp-content\/uploads\/sites\/3\/2025\/07\/686fb779b480cc29ff35d79b.jpg\" \/><\/p>\n<div class=\"Text-root Text-type_1 \">\n                Rheinland-pf\u00e4lzischen Mitgliedern der Alternative f\u00fcr Deutschland (AfD) wird zuk\u00fcnftig der Weg in den \u00f6ffentlichen Dienst blockiert. Der SPD-Innenminister informierte in der Landeshauptstadt Mainz \u00fcber den Beschluss der Landesregierung, um dabei eine &#8220;Versch\u00e4rfung der Einstellungspraxis&#8221; anzuk\u00fcndigen.\n            <\/div>\n<p><\/p>\n<div class=\"Text-root Text-type_5 ArticleView-text ViewText-root \">\n<p>Die Alternative f\u00fcr Deutschland (AfD) wird in Rheinland-Pfalz vom Verfassungsschutz beobachtet. Diese Realit\u00e4t gilt als wesentliche\u00a0Grundlage f\u00fcr die Bewertung von potenziellen Bewerbern f\u00fcr den \u00f6ffentlichen Dienst.\u00a0Der rheinland-pf\u00e4lzische Innenminister Michael Ebling (SPD) erkl\u00e4rte am Donnerstag vor Journalisten, dass f\u00fcr ihn die Verfassungstreue &#8220;die unverr\u00fcckbare Pflicht jedes Beamten&#8221; darstelle.\u00a0F\u00fcr die Bewertung einer Person sei daher die vom Verfassungsschutz regelm\u00e4\u00dfig aktualisierte Liste extremistischer Gruppierungen und Organisationen ausschlaggebend. Bewerber m\u00fcssen\u00a0k\u00fcnftig bereits im Einstellungsverfahren nachweislich erkl\u00e4ren, dass sie &#8220;keiner extremistischen Organisation angeh\u00f6ren oder in den vergangenen f\u00fcnf Jahren angeh\u00f6rt haben&#8221;.<\/p>\n<p>In der <em>ARD<\/em>-Tagesschau-Meldung <a rel=\"nofollow noopener\" target=\"_blank\" href=\"https:\/\/www.tagesschau.de\/inland\/regional\/rheinlandpfalz\/afd-rheinland-pfalz-staatsdienst-100.html\">hei\u00dft es<\/a> zu den Pl\u00e4nen des\u00a0rheinland-pf\u00e4lzischen Innenministeriums:<\/p>\n<p><em>&#8220;In Rheinland-Pfalz werden AfD-Mitglieder nicht mehr in den Staatsdienst aufgenommen. Bewerber m\u00fcssten k\u00fcnftig erkl\u00e4ren, dass sie keiner extremistischen Organisation angeh\u00f6ren \u2013 zu denen das Land auch die AfD z\u00e4hlt.&#8221;\u00a0<\/em><\/p>\n<p>Der verantwortliche SPD-Innenminister Ebling (SPD) erkl\u00e4rte weiter, dass in der Landeshauptstadt Mainz &#8220;die entsprechende Verwaltungsvorschrift zur Verfassungstreue von Beamtinnen und Beamten im Landesdienst grundlegend \u00fcberarbeitet und versch\u00e4rft&#8221; wurde. Dabei wurde auch neu festgelegt, dass zuk\u00fcnftig f\u00fcr bereits bestehende Mitarbeitende im Staatsdienst eine nachgewiesene AfD-Mitgliedschaft &#8220;ein disziplinarrechtlich relevantes Dienstvergehen darstellen&#8221; k\u00f6nnte. Ebling wird mit der Androhung zitiert:<\/p>\n<p><em>&#8220;Bei offensichtlichen Verst\u00f6\u00dfen droht die Entfernung aus dem Dienst. Entscheidend ist und bleibt der jeweilige Einzelfall. Wer sich in den Dienst dieses Staates stellt, muss jederzeit loyal zur Verfassung stehen, ohne Wenn und Aber.&#8221;<\/em><\/p>\n<p>Die AfD konnte sich bei der Bundestagswahl 2025 auf 20,8 Prozent <a rel=\"nofollow noopener\" target=\"_blank\" href=\"https:\/\/www.bundeswahlleiterin.de\/bundestagswahlen\/2025\/ergebnisse\/bund-99\/land-7.html\">Endergebnis<\/a> steigern.\u00a0Die juristische Webseite Legal Tribune Online (LTO) nennt den Vorsto\u00df eine &#8220;scharfe Klinge im Einstellungsverfahren&#8221;, um detailliert <a rel=\"nofollow noopener\" target=\"_blank\" href=\"https:\/\/www.lto.de\/recht\/nachrichten\/n\/rheinland-pfalz-keine-afd-mitglieder-im-oeffentlichen-dienst-einstellen\">zusammenzufassen<\/a>:<\/p>\n<p><em>&#8220;Rheinland-Pfalz f\u00fchrt eine schriftliche Erkl\u00e4rung zur Verfassungstreue ein. Wer dort k\u00fcnftig in den Staatsdienst will, muss unterschreiben, dass er keiner extremistischen Organisation angeh\u00f6rt und das in den letzten f\u00fcnf Jahren auch nicht getan hat. Auf der zugrunde liegenden Liste solcher Organisationen steht ausdr\u00fccklich auch die AfD.&#8221;<\/em><\/p>\n<p>Zu der Begrifflichkeit einer eingeforderten &#8220;Verfassungstreue&#8221; erkl\u00e4rt der Artikel zu der Wahrnehmung des Innenministers:<\/p>\n<p><em>&#8220;Woran wird gemessen, ob jemand &#8216;verfassungstreu&#8217; ist? Grundlage ist eine Liste des rheinland-pf\u00e4lzischen Verfassungsschutzes. Sie f\u00fchrt Organisationen auf, bei denen &#8216;hinreichend tats\u00e4chliche Anhaltspunkte f\u00fcr verfassungsfeindliche Bestrebungen&#8217; vorliegen. Auch die AfD wird auf dieser Liste stehen, wie Ebling ausdr\u00fccklich betonte. Die Partei werde beobachtet, einen gem\u00e4\u00dfigten Fl\u00fcgel gebe es nicht mehr \u2013 im Gegenteil: Die Radikalisierung schreite voran.&#8221;<\/em><\/p>\n<p>Eine neue Qualit\u00e4t in der Einsch\u00e4tzung und Umsetzung willk\u00fcrlicher Regierungspolitik in Rheinland-Pfalz stelle die angek\u00fcndigte Vorgehensweise dar, dass &#8220;bereits die blo\u00dfe [AfD-]Mitgliedschaft in einem als Verdachtsfall gef\u00fchrten Verband \u2013 also noch vor einer gesicherten Einstufung \u2013 laut Ebling Zweifel an der Verfassungstreue begr\u00fcnden&#8221; k\u00f6nnte. Diese neuen Regelungen seitens der Mainzer Politik w\u00e4ren dabei &#8220;Teil einer l\u00e4nger vorbereiteten Versch\u00e4rfung&#8221;, so in dem LTO-Artikel ausgef\u00fchrt.<\/p>\n<p>Erste Reaktionen aus den\u00a0rheinland-pf\u00e4lzischen Fraktionskreisen lauten, dass die Partei &#8220;verfassungswidrige Methoden&#8221; erkenne. Der AfD-Bundestagsabgeordnete und Vize-Landesvorsitzende Sebastian M\u00fcnzenmaier wird mit den Worten zitiert:<\/p>\n<p><em>&#8220;Weil er und die SPD wissen, dass es keinerlei Grundlage f\u00fcr ein\u00a0<a rel=\"nofollow noopener\" target=\"_blank\" href=\"https:\/\/www.lto.de\/recht\/meinung\/m\/einstufung-der-afd-durch-den-verfassungsschutz\">AfD-Verbotsverfahren<\/a>\u00a0gibt, greift Ebling zu antidemokratischen Mitteln und bedroht AfD-Mitglieder mit Berufsverboten.&#8221;<\/em><\/p>\n<p>Ohne erwartbare Darlegung oder entsprechende Beweise hinsichtlich konkreter Vorw\u00fcrfe werde &#8220;ab sofort jedes AfD-Mitglied unter Generalverdacht gestellt&#8221;, so M\u00fcnzenmaier. Die Mitteilung seitens des Innenministeriums f\u00e4llt in einen Zeitraum, nachdem die\u00a0rheinland-pf\u00e4lzische AfD-Fraktion nach Beschwerde des\u00a0Landesrechnungshofs eine gr\u00f6\u00dfere Summe in die Landeskasse zur\u00fcckgezahlt hatte. Dazu <a rel=\"nofollow noopener\" target=\"_blank\" href=\"https:\/\/www.swr.de\/swraktuell\/rheinland-pfalz\/afd-fraktion-rlp-zahlt-unzulaessig-verwendetes-fraktionsgeld-zurueck-steuern-an-landtag-100.html\">berichtet<\/a> der <em>SWR<\/em>:<\/p>\n<p><em>&#8220;Laut Rechnungshof hat die Fraktion in den Haushaltsjahren 2016 bis 2018 insgesamt rund 243.000 Euro aus Steuermitteln unzul\u00e4ssig verwendet, unter anderem f\u00fcr Parteiwerbung. Die Kassenpr\u00fcfer warfen der AfD-Landtagsfraktion in ihrem Pr\u00fcfbericht eine Vermischung von Fraktions- und Parteiarbeit vor.&#8221;<\/em><\/p>\n<p>Die angek\u00fcndigte neue Regelung soll demnach laut den Pl\u00e4nen des Innenministers sowohl f\u00fcr Beamte als auch Tarifbesch\u00e4ftigte im \u00f6ffentlichen Dienst gelten. Damit unter anderem auch f\u00fcr Polizisten und Lehrer.\u00a0<\/p>\n<p>AfD-Landes- und Fraktionschef Jan Bollinger beklagte gegen\u00fcber dem <em>SWR<\/em>, die AfD-Opposition w\u00fcrde &#8220;systematisch schikaniert&#8221;. Die Partei rate daher jedem potenziell Betroffenen, &#8220;k\u00fchlen Kopf zu bewahren und sich juristisch zu wehren&#8221;.<\/p>\n<p>Bollinger k\u00fcndigte an, dass seine Fraktion &#8220;politisch und juristisch Widerstand leisten und die freiheitlich-demokratische Grundordnung gegen ihre Feinde verteidigen wird&#8221;.\u00a0Eine aktuelle &#8220;<a rel=\"nofollow noopener\" target=\"_blank\" href=\"https:\/\/www.spiegel.de\/politik\/afd-bundeslaender-wollen-parteimitglieder-nicht-im-staatsdienst-haben-a-1a6013d2-0bb9-4328-8c40-f956fca0d34d\">Abfrage der <em>Spiegel<\/em>-Redaktion<\/a> bei den Bundesl\u00e4ndern&#8221; h\u00e4tte ergeben, dass &#8220;immer mehr Bundesl\u00e4nder planen, Extremisten aus dem Staatsdienst fernzuhalten und daf\u00fcr neue Gesetze auf den Weg bringen&#8221;. Laut <em>Spiegel<\/em>-Artikel w\u00fcrden in den Bundesl\u00e4ndern &#8220;Schleswig-Holstein,\u00a0Hessen\u00a0und Hamburg bald solche Gesetze kommen&#8221;.<\/p>\n<p><strong>Mehr zum Thema\u00a0<\/strong>\u2013<strong><\/strong><a rel=\"nofollow noopener\" target=\"_blank\" href=\"https:\/\/freedert.online\/inland\/249513-berlin-afd-politiker-benoetigen-polizeischutz\/\">Berlin: AfD-Politiker ben\u00f6tigen Polizeischutz nach angek\u00fcndigter &#8220;G\u00f6rli&#8221;-Park-Begehung<\/a><\/p>\n<div class=\"EmbedBlock-root EmbedBlock-externalVideo EmbedBlock-rumble\">\n<div class=\"VkEmbed\"><iframe class=\"lazyload\" data-src=\"https:\/\/rumble.com\/embed\/v6tqria\" frameborder=\"0\" width=\"853\" height=\"480\" allowfullscreen><\/iframe><\/div>\n<\/div>\n<\/div>\n<p><br \/>\n<br \/><a href=\"https:\/\/de.rt.com\/inland\/250334-bundesland-rhein-land-pfalz-will\/\">Source link <\/a><\/p>\n","protected":false},"excerpt":{"rendered":"<p>Rheinland-pf\u00e4lzischen Mitgliedern der Alternative f\u00fcr Deutschland (AfD) wird zuk\u00fcnftig der Weg in den \u00f6ffentlichen Dienst blockiert. Der SPD-Innenminister informierte in der Landeshauptstadt Mainz \u00fcber den Beschluss der Landesregierung, um dabei eine &#8220;Versch\u00e4rfung der Einstellungspraxis&#8221; anzuk\u00fcndigen. Die Alternative f\u00fcr Deutschland (AfD) wird in Rheinland-Pfalz vom Verfassungsschutz beobachtet. Diese Realit\u00e4t gilt als wesentliche\u00a0Grundlage f\u00fcr die Bewertung von [&hellip;]<\/p>\n","protected":false},"author":3,"featured_media":86946,"comment_status":"open","ping_status":"open","sticky":false,"template":"","format":"standard","meta":{"_yoast_indexnow_last_ping":["1752161033"],"wp_automatic_camp":["217"],"b2638e272d13af72d45dec3d7e0cb781":["Das Bundesland Rhein\u00adland-Pfalz will keine AfD-Mit\u00adg\u00adlieder mehr ein\u00ads\u00adtellen"],"original_link":["https:\/\/de.rt.com\/inland\/250334-bundesland-rhein-land-pfalz-will\/"],"_thumbnail_id":["86946"],"_wptgpro_p2tg_sent2tg":["a:1:{i:23737;s:19:\"2025-07-10 17:24:58\";}"],"jnews_social_counter_last_update":["1777186448"]},"categories":[19,23],"tags":[36601,26016,427,5812,375,2063,19619],"yoast_head":"<!-- This site is optimized with the Yoast SEO Premium plugin v22.7 (Yoast SEO v22.7) - https:\/\/yoast.com\/wordpress\/plugins\/seo\/ -->\n<title>Das Bundesland Rhein\u00adland-Pfalz will keine AfD-Mit\u00adg\u00adlieder mehr ein\u00ads\u00adtellen - just-now.NEWS Deutschland<\/title>\n<meta name=\"robots\" content=\"index, follow, max-snippet:-1, max-image-preview:large, max-video-preview:-1\" \/>\n<link rel=\"canonical\" href=\"https:\/\/now-news.de\/de\/deutschland\/das-bundesland-rheinland-pfalz-will-keine-afd-mitglieder-mehr-einstellen\/\" \/>\n<meta property=\"og:locale\" content=\"de_DE\" \/>\n<meta property=\"og:type\" content=\"article\" \/>\n<meta property=\"og:title\" content=\"Das Bundesland Rhein\u00adland-Pfalz will keine AfD-Mit\u00adg\u00adlieder mehr ein\u00ads\u00adtellen\" \/>\n<meta property=\"og:description\" content=\"Rheinland-pf\u00e4lzischen Mitgliedern der Alternative f\u00fcr Deutschland (AfD) wird zuk\u00fcnftig der Weg in den \u00f6ffentlichen Dienst blockiert. Der SPD-Innenminister informierte in der Landeshauptstadt Mainz \u00fcber den Beschluss der Landesregierung, um dabei eine &#8220;Versch\u00e4rfung der Einstellungspraxis&#8221; anzuk\u00fcndigen. Die Alternative f\u00fcr Deutschland (AfD) wird in Rheinland-Pfalz vom Verfassungsschutz beobachtet. Diese Realit\u00e4t gilt als wesentliche\u00a0Grundlage f\u00fcr die Bewertung von [&hellip;]\" \/>\n<meta property=\"og:url\" content=\"https:\/\/now-news.de\/de\/deutschland\/das-bundesland-rheinland-pfalz-will-keine-afd-mitglieder-mehr-einstellen\/\" \/>\n<meta property=\"og:site_name\" content=\"just-now.NEWS Deutschland\" \/>\n<meta property=\"article:publisher\" content=\"https:\/\/www.facebook.com\/wirmachenauf\" \/>\n<meta property=\"article:published_time\" content=\"2025-07-10T15:07:57+00:00\" \/>\n<meta property=\"og:image\" content=\"https:\/\/now-news.de\/de\/wp-content\/uploads\/sites\/3\/2025\/07\/686fb779b480cc29ff35d79b.jpg\" \/>\n<meta name=\"author\" content=\"rtnews\" \/>\n<meta name=\"twitter:card\" content=\"summary_large_image\" \/>\n<meta name=\"twitter:creator\" content=\"@WirMachenAuf_de\" \/>\n<meta name=\"twitter:site\" content=\"@WirMachenAuf_de\" \/>\n<meta name=\"twitter:label1\" content=\"Verfasst von\" \/>\n\t<meta name=\"twitter:data1\" content=\"rtnews\" \/>\n\t<meta name=\"twitter:label2\" content=\"Gesch\u00e4tzte Lesezeit\" \/>\n\t<meta name=\"twitter:data2\" content=\"4\u00a0Minuten\" \/>\n<script type=\"application\/ld+json\" class=\"yoast-schema-graph\">{\"@context\":\"https:\/\/schema.org\",\"@graph\":[{\"@type\":\"Article\",\"@id\":\"https:\/\/now-news.de\/de\/deutschland\/das-bundesland-rheinland-pfalz-will-keine-afd-mitglieder-mehr-einstellen\/#article\",\"isPartOf\":{\"@id\":\"https:\/\/now-news.de\/de\/deutschland\/das-bundesland-rheinland-pfalz-will-keine-afd-mitglieder-mehr-einstellen\/\"},\"author\":{\"name\":\"rtnews\",\"@id\":\"https:\/\/now-news.de\/de\/#\/schema\/person\/fb534a4e865501d8b3285208df34a9b5\"},\"headline\":\"Das Bundesland Rhein\u00adland-Pfalz will keine AfD-Mit\u00adg\u00adlieder mehr ein\u00ads\u00adtellen\",\"datePublished\":\"2025-07-10T15:07:57+00:00\",\"dateModified\":\"2025-07-10T15:07:57+00:00\",\"mainEntityOfPage\":{\"@id\":\"https:\/\/now-news.de\/de\/deutschland\/das-bundesland-rheinland-pfalz-will-keine-afd-mitglieder-mehr-einstellen\/\"},\"wordCount\":831,\"commentCount\":0,\"publisher\":{\"@id\":\"https:\/\/now-news.de\/de\/#organization\"},\"image\":{\"@id\":\"https:\/\/now-news.de\/de\/deutschland\/das-bundesland-rheinland-pfalz-will-keine-afd-mitglieder-mehr-einstellen\/#primaryimage\"},\"thumbnailUrl\":\"https:\/\/now-news.de\/de\/wp-content\/uploads\/sites\/3\/2025\/07\/Das-Bundesland-Rhein\u00adland-Pfalz-will-keine-AfD-Mit\u00adg\u00adlieder-mehr-ein\u00ads\u00adtellen.jpg\",\"keywords\":[\"AfDMitglieder\",\"Bundesland\",\"das\",\"einstellen\",\"keine\",\"mehr\",\"RheinlandPfalz\"],\"articleSection\":[\"Deutschland\",\"Russland\"],\"inLanguage\":\"de\",\"potentialAction\":[{\"@type\":\"CommentAction\",\"name\":\"Comment\",\"target\":[\"https:\/\/now-news.de\/de\/deutschland\/das-bundesland-rheinland-pfalz-will-keine-afd-mitglieder-mehr-einstellen\/#respond\"]}]},{\"@type\":\"WebPage\",\"@id\":\"https:\/\/now-news.de\/de\/deutschland\/das-bundesland-rheinland-pfalz-will-keine-afd-mitglieder-mehr-einstellen\/\",\"url\":\"https:\/\/now-news.de\/de\/deutschland\/das-bundesland-rheinland-pfalz-will-keine-afd-mitglieder-mehr-einstellen\/\",\"name\":\"Das Bundesland Rhein\u00adland-Pfalz will keine AfD-Mit\u00adg\u00adlieder mehr ein\u00ads\u00adtellen - just-now.NEWS Deutschland\",\"isPartOf\":{\"@id\":\"https:\/\/now-news.de\/de\/#website\"},\"primaryImageOfPage\":{\"@id\":\"https:\/\/now-news.de\/de\/deutschland\/das-bundesland-rheinland-pfalz-will-keine-afd-mitglieder-mehr-einstellen\/#primaryimage\"},\"image\":{\"@id\":\"https:\/\/now-news.de\/de\/deutschland\/das-bundesland-rheinland-pfalz-will-keine-afd-mitglieder-mehr-einstellen\/#primaryimage\"},\"thumbnailUrl\":\"https:\/\/now-news.de\/de\/wp-content\/uploads\/sites\/3\/2025\/07\/Das-Bundesland-Rhein\u00adland-Pfalz-will-keine-AfD-Mit\u00adg\u00adlieder-mehr-ein\u00ads\u00adtellen.jpg\",\"datePublished\":\"2025-07-10T15:07:57+00:00\",\"dateModified\":\"2025-07-10T15:07:57+00:00\",\"breadcrumb\":{\"@id\":\"https:\/\/now-news.de\/de\/deutschland\/das-bundesland-rheinland-pfalz-will-keine-afd-mitglieder-mehr-einstellen\/#breadcrumb\"},\"inLanguage\":\"de\",\"potentialAction\":[{\"@type\":\"ReadAction\",\"target\":[\"https:\/\/now-news.de\/de\/deutschland\/das-bundesland-rheinland-pfalz-will-keine-afd-mitglieder-mehr-einstellen\/\"]}]},{\"@type\":\"ImageObject\",\"inLanguage\":\"de\",\"@id\":\"https:\/\/now-news.de\/de\/deutschland\/das-bundesland-rheinland-pfalz-will-keine-afd-mitglieder-mehr-einstellen\/#primaryimage\",\"url\":\"https:\/\/now-news.de\/de\/wp-content\/uploads\/sites\/3\/2025\/07\/Das-Bundesland-Rhein\u00adland-Pfalz-will-keine-AfD-Mit\u00adg\u00adlieder-mehr-ein\u00ads\u00adtellen.jpg\",\"contentUrl\":\"https:\/\/now-news.de\/de\/wp-content\/uploads\/sites\/3\/2025\/07\/Das-Bundesland-Rhein\u00adland-Pfalz-will-keine-AfD-Mit\u00adg\u00adlieder-mehr-ein\u00ads\u00adtellen.jpg\",\"width\":460,\"height\":259,\"caption\":\"Das Bundesland Rhein\u00adland-Pfalz will keine AfD-Mit\u00adg\u00adlieder mehr ein\u00ads\u00adtellen\"},{\"@type\":\"BreadcrumbList\",\"@id\":\"https:\/\/now-news.de\/de\/deutschland\/das-bundesland-rheinland-pfalz-will-keine-afd-mitglieder-mehr-einstellen\/#breadcrumb\",\"itemListElement\":[{\"@type\":\"ListItem\",\"position\":1,\"name\":\"Home\",\"item\":\"https:\/\/now-news.de\/de\/\"},{\"@type\":\"ListItem\",\"position\":2,\"name\":\"Das Bundesland Rhein\u00adland-Pfalz will keine AfD-Mit\u00adg\u00adlieder mehr ein\u00ads\u00adtellen\"}]},{\"@type\":\"WebSite\",\"@id\":\"https:\/\/now-news.de\/de\/#website\",\"url\":\"https:\/\/now-news.de\/de\/\",\"name\":\"just-now.NEWS Deutschland\",\"description\":\"Das Portal f\u00fcr unzensierte Nachrichten aus der Welt\",\"publisher\":{\"@id\":\"https:\/\/now-news.de\/de\/#organization\"},\"potentialAction\":[{\"@type\":\"SearchAction\",\"target\":{\"@type\":\"EntryPoint\",\"urlTemplate\":\"https:\/\/now-news.de\/de\/?s={search_term_string}\"},\"query-input\":\"required name=search_term_string\"}],\"inLanguage\":\"de\"},{\"@type\":\"Organization\",\"@id\":\"https:\/\/now-news.de\/de\/#organization\",\"name\":\"Just Now News\",\"url\":\"https:\/\/now-news.de\/de\/\",\"logo\":{\"@type\":\"ImageObject\",\"inLanguage\":\"de\",\"@id\":\"https:\/\/now-news.de\/de\/#\/schema\/logo\/image\/\",\"url\":\"http:\/\/just-now.news\/de\/wp-content\/uploads\/sites\/3\/2022\/04\/logo500x500.jpg\",\"contentUrl\":\"http:\/\/just-now.news\/de\/wp-content\/uploads\/sites\/3\/2022\/04\/logo500x500.jpg\",\"width\":500,\"height\":500,\"caption\":\"Just Now News\"},\"image\":{\"@id\":\"https:\/\/now-news.de\/de\/#\/schema\/logo\/image\/\"},\"sameAs\":[\"https:\/\/www.facebook.com\/wirmachenauf\",\"https:\/\/x.com\/WirMachenAuf_de\"]},{\"@type\":\"Person\",\"@id\":\"https:\/\/now-news.de\/de\/#\/schema\/person\/fb534a4e865501d8b3285208df34a9b5\",\"name\":\"rtnews\",\"image\":{\"@type\":\"ImageObject\",\"inLanguage\":\"de\",\"@id\":\"https:\/\/now-news.de\/de\/#\/schema\/person\/image\/\",\"url\":\"https:\/\/secure.gravatar.com\/avatar\/82aafea7d8127119dd649515f56e2117?s=96&d=mm&r=g\",\"contentUrl\":\"https:\/\/secure.gravatar.com\/avatar\/82aafea7d8127119dd649515f56e2117?s=96&d=mm&r=g\",\"caption\":\"rtnews\"},\"url\":\"https:\/\/now-news.de\/de\/author\/rnews\/\"}]}<\/script>\n<!-- \/ Yoast SEO Premium plugin. -->","yoast_head_json":{"title":"Das Bundesland Rhein\u00adland-Pfalz will keine AfD-Mit\u00adg\u00adlieder mehr ein\u00ads\u00adtellen - just-now.NEWS Deutschland","robots":{"index":"index","follow":"follow","max-snippet":"max-snippet:-1","max-image-preview":"max-image-preview:large","max-video-preview":"max-video-preview:-1"},"canonical":"https:\/\/now-news.de\/de\/deutschland\/das-bundesland-rheinland-pfalz-will-keine-afd-mitglieder-mehr-einstellen\/","og_locale":"de_DE","og_type":"article","og_title":"Das Bundesland Rhein\u00adland-Pfalz will keine AfD-Mit\u00adg\u00adlieder mehr ein\u00ads\u00adtellen","og_description":"Rheinland-pf\u00e4lzischen Mitgliedern der Alternative f\u00fcr Deutschland (AfD) wird zuk\u00fcnftig der Weg in den \u00f6ffentlichen Dienst blockiert. Der SPD-Innenminister informierte in der Landeshauptstadt Mainz \u00fcber den Beschluss der Landesregierung, um dabei eine &#8220;Versch\u00e4rfung der Einstellungspraxis&#8221; anzuk\u00fcndigen. Die Alternative f\u00fcr Deutschland (AfD) wird in Rheinland-Pfalz vom Verfassungsschutz beobachtet. Diese Realit\u00e4t gilt als wesentliche\u00a0Grundlage f\u00fcr die Bewertung von [&hellip;]","og_url":"https:\/\/now-news.de\/de\/deutschland\/das-bundesland-rheinland-pfalz-will-keine-afd-mitglieder-mehr-einstellen\/","og_site_name":"just-now.NEWS Deutschland","article_publisher":"https:\/\/www.facebook.com\/wirmachenauf","article_published_time":"2025-07-10T15:07:57+00:00","og_image":[{"url":"https:\/\/now-news.de\/de\/wp-content\/uploads\/sites\/3\/2025\/07\/686fb779b480cc29ff35d79b.jpg"}],"author":"rtnews","twitter_card":"summary_large_image","twitter_creator":"@WirMachenAuf_de","twitter_site":"@WirMachenAuf_de","twitter_misc":{"Verfasst von":"rtnews","Gesch\u00e4tzte Lesezeit":"4\u00a0Minuten"},"schema":{"@context":"https:\/\/schema.org","@graph":[{"@type":"Article","@id":"https:\/\/now-news.de\/de\/deutschland\/das-bundesland-rheinland-pfalz-will-keine-afd-mitglieder-mehr-einstellen\/#article","isPartOf":{"@id":"https:\/\/now-news.de\/de\/deutschland\/das-bundesland-rheinland-pfalz-will-keine-afd-mitglieder-mehr-einstellen\/"},"author":{"name":"rtnews","@id":"https:\/\/now-news.de\/de\/#\/schema\/person\/fb534a4e865501d8b3285208df34a9b5"},"headline":"Das Bundesland Rhein\u00adland-Pfalz will keine AfD-Mit\u00adg\u00adlieder mehr ein\u00ads\u00adtellen","datePublished":"2025-07-10T15:07:57+00:00","dateModified":"2025-07-10T15:07:57+00:00","mainEntityOfPage":{"@id":"https:\/\/now-news.de\/de\/deutschland\/das-bundesland-rheinland-pfalz-will-keine-afd-mitglieder-mehr-einstellen\/"},"wordCount":831,"commentCount":0,"publisher":{"@id":"https:\/\/now-news.de\/de\/#organization"},"image":{"@id":"https:\/\/now-news.de\/de\/deutschland\/das-bundesland-rheinland-pfalz-will-keine-afd-mitglieder-mehr-einstellen\/#primaryimage"},"thumbnailUrl":"https:\/\/now-news.de\/de\/wp-content\/uploads\/sites\/3\/2025\/07\/Das-Bundesland-Rhein\u00adland-Pfalz-will-keine-AfD-Mit\u00adg\u00adlieder-mehr-ein\u00ads\u00adtellen.jpg","keywords":["AfDMitglieder","Bundesland","das","einstellen","keine","mehr","RheinlandPfalz"],"articleSection":["Deutschland","Russland"],"inLanguage":"de","potentialAction":[{"@type":"CommentAction","name":"Comment","target":["https:\/\/now-news.de\/de\/deutschland\/das-bundesland-rheinland-pfalz-will-keine-afd-mitglieder-mehr-einstellen\/#respond"]}]},{"@type":"WebPage","@id":"https:\/\/now-news.de\/de\/deutschland\/das-bundesland-rheinland-pfalz-will-keine-afd-mitglieder-mehr-einstellen\/","url":"https:\/\/now-news.de\/de\/deutschland\/das-bundesland-rheinland-pfalz-will-keine-afd-mitglieder-mehr-einstellen\/","name":"Das Bundesland Rhein\u00adland-Pfalz will keine AfD-Mit\u00adg\u00adlieder mehr ein\u00ads\u00adtellen - just-now.NEWS Deutschland","isPartOf":{"@id":"https:\/\/now-news.de\/de\/#website"},"primaryImageOfPage":{"@id":"https:\/\/now-news.de\/de\/deutschland\/das-bundesland-rheinland-pfalz-will-keine-afd-mitglieder-mehr-einstellen\/#primaryimage"},"image":{"@id":"https:\/\/now-news.de\/de\/deutschland\/das-bundesland-rheinland-pfalz-will-keine-afd-mitglieder-mehr-einstellen\/#primaryimage"},"thumbnailUrl":"https:\/\/now-news.de\/de\/wp-content\/uploads\/sites\/3\/2025\/07\/Das-Bundesland-Rhein\u00adland-Pfalz-will-keine-AfD-Mit\u00adg\u00adlieder-mehr-ein\u00ads\u00adtellen.jpg","datePublished":"2025-07-10T15:07:57+00:00","dateModified":"2025-07-10T15:07:57+00:00","breadcrumb":{"@id":"https:\/\/now-news.de\/de\/deutschland\/das-bundesland-rheinland-pfalz-will-keine-afd-mitglieder-mehr-einstellen\/#breadcrumb"},"inLanguage":"de","potentialAction":[{"@type":"ReadAction","target":["https:\/\/now-news.de\/de\/deutschland\/das-bundesland-rheinland-pfalz-will-keine-afd-mitglieder-mehr-einstellen\/"]}]},{"@type":"ImageObject","inLanguage":"de","@id":"https:\/\/now-news.de\/de\/deutschland\/das-bundesland-rheinland-pfalz-will-keine-afd-mitglieder-mehr-einstellen\/#primaryimage","url":"https:\/\/now-news.de\/de\/wp-content\/uploads\/sites\/3\/2025\/07\/Das-Bundesland-Rhein\u00adland-Pfalz-will-keine-AfD-Mit\u00adg\u00adlieder-mehr-ein\u00ads\u00adtellen.jpg","contentUrl":"https:\/\/now-news.de\/de\/wp-content\/uploads\/sites\/3\/2025\/07\/Das-Bundesland-Rhein\u00adland-Pfalz-will-keine-AfD-Mit\u00adg\u00adlieder-mehr-ein\u00ads\u00adtellen.jpg","width":460,"height":259,"caption":"Das Bundesland Rhein\u00adland-Pfalz will keine AfD-Mit\u00adg\u00adlieder mehr ein\u00ads\u00adtellen"},{"@type":"BreadcrumbList","@id":"https:\/\/now-news.de\/de\/deutschland\/das-bundesland-rheinland-pfalz-will-keine-afd-mitglieder-mehr-einstellen\/#breadcrumb","itemListElement":[{"@type":"ListItem","position":1,"name":"Home","item":"https:\/\/now-news.de\/de\/"},{"@type":"ListItem","position":2,"name":"Das Bundesland Rhein\u00adland-Pfalz will keine AfD-Mit\u00adg\u00adlieder mehr ein\u00ads\u00adtellen"}]},{"@type":"WebSite","@id":"https:\/\/now-news.de\/de\/#website","url":"https:\/\/now-news.de\/de\/","name":"just-now.NEWS Deutschland","description":"Das Portal f\u00fcr unzensierte Nachrichten aus der Welt","publisher":{"@id":"https:\/\/now-news.de\/de\/#organization"},"potentialAction":[{"@type":"SearchAction","target":{"@type":"EntryPoint","urlTemplate":"https:\/\/now-news.de\/de\/?s={search_term_string}"},"query-input":"required name=search_term_string"}],"inLanguage":"de"},{"@type":"Organization","@id":"https:\/\/now-news.de\/de\/#organization","name":"Just Now News","url":"https:\/\/now-news.de\/de\/","logo":{"@type":"ImageObject","inLanguage":"de","@id":"https:\/\/now-news.de\/de\/#\/schema\/logo\/image\/","url":"http:\/\/just-now.news\/de\/wp-content\/uploads\/sites\/3\/2022\/04\/logo500x500.jpg","contentUrl":"http:\/\/just-now.news\/de\/wp-content\/uploads\/sites\/3\/2022\/04\/logo500x500.jpg","width":500,"height":500,"caption":"Just Now News"},"image":{"@id":"https:\/\/now-news.de\/de\/#\/schema\/logo\/image\/"},"sameAs":["https:\/\/www.facebook.com\/wirmachenauf","https:\/\/x.com\/WirMachenAuf_de"]},{"@type":"Person","@id":"https:\/\/now-news.de\/de\/#\/schema\/person\/fb534a4e865501d8b3285208df34a9b5","name":"rtnews","image":{"@type":"ImageObject","inLanguage":"de","@id":"https:\/\/now-news.de\/de\/#\/schema\/person\/image\/","url":"https:\/\/secure.gravatar.com\/avatar\/82aafea7d8127119dd649515f56e2117?s=96&d=mm&r=g","contentUrl":"https:\/\/secure.gravatar.com\/avatar\/82aafea7d8127119dd649515f56e2117?s=96&d=mm&r=g","caption":"rtnews"},"url":"https:\/\/now-news.de\/de\/author\/rnews\/"}]}},"_links":{"self":[{"href":"https:\/\/now-news.de\/de\/wp-json\/wp\/v2\/posts\/86945"}],"collection":[{"href":"https:\/\/now-news.de\/de\/wp-json\/wp\/v2\/posts"}],"about":[{"href":"https:\/\/now-news.de\/de\/wp-json\/wp\/v2\/types\/post"}],"author":[{"embeddable":true,"href":"https:\/\/now-news.de\/de\/wp-json\/wp\/v2\/users\/3"}],"replies":[{"embeddable":true,"href":"https:\/\/now-news.de\/de\/wp-json\/wp\/v2\/comments?post=86945"}],"version-history":[{"count":0,"href":"https:\/\/now-news.de\/de\/wp-json\/wp\/v2\/posts\/86945\/revisions"}],"wp:featuredmedia":[{"embeddable":true,"href":"https:\/\/now-news.de\/de\/wp-json\/wp\/v2\/media\/86946"}],"wp:attachment":[{"href":"https:\/\/now-news.de\/de\/wp-json\/wp\/v2\/media?parent=86945"}],"wp:term":[{"taxonomy":"category","embeddable":true,"href":"https:\/\/now-news.de\/de\/wp-json\/wp\/v2\/categories?post=86945"},{"taxonomy":"post_tag","embeddable":true,"href":"https:\/\/now-news.de\/de\/wp-json\/wp\/v2\/tags?post=86945"}],"curies":[{"name":"wp","href":"https:\/\/api.w.org\/{rel}","templated":true}]}}