{"id":86943,"date":"2025-07-10T17:06:54","date_gmt":"2025-07-10T15:06:54","guid":{"rendered":"https:\/\/now-news.de\/de\/deutschland\/frankreich-und-grossbritannien-vereinbaren-koordinierung-ihrer-atomstreitkraefte\/"},"modified":"2025-07-10T17:06:54","modified_gmt":"2025-07-10T15:06:54","slug":"frankreich-und-grossbritannien-vereinbaren-koordinierung-ihrer-atomstreitkraefte","status":"publish","type":"post","link":"https:\/\/now-news.de\/de\/deutschland\/frankreich-und-grossbritannien-vereinbaren-koordinierung-ihrer-atomstreitkraefte\/","title":{"rendered":"Frankreich und Gro\u00dfbritannien vereinbaren &quot;Koordinierung&quot; ihrer Atomstreitkr\u00e4fte"},"content":{"rendered":"<p><img decoding=\"async\" src=\"https:\/\/now-news.de\/de\/wp-content\/uploads\/sites\/3\/2025\/07\/686f8d08b480cc688421b2ef.jpg\" \/><\/p>\n<div class=\"Text-root Text-type_1 \">\n                Frankreich und Gro\u00dfbritannien einigten sich, ein aktualisiertes Verteidigungsabkommen zu unterzeichnen, das die &#8220;Koordinierung&#8221; der Abschreckungsma\u00dfnahmen beider L\u00e4nder vorsieht. Demnach werde es keine &#8220;ernsthaften Bedrohungen f\u00fcr Europa&#8221; mehr geben, die nicht eine Reaktion beider L\u00e4nder ausl\u00f6sen w\u00fcrden.\n            <\/div>\n<p><\/p>\n<div class=\"Text-root Text-type_5 ArticleView-text ViewText-root \">\n<p>Der britische Premierminister Keir Starmer und der franz\u00f6sische Pr\u00e4sident Emmanuel Macron <a rel=\"nofollow noopener\" target=\"_blank\" href=\"https:\/\/www.gov.uk\/government\/news\/new-storm-shadow-and-missile-cooperation-to-boost-jobs-as-uk-and-france-reboot-defence-relationship\">haben<\/a>\u00a0am 10. Juli vereinbart,\u00a0ihre Zusammenarbeit im Nuklearbereich zu intensivieren, so die britische Regierung. Gro\u00dfbritannien und Frankreich sind die einzigen Atomm\u00e4chte in Europa.<\/p>\n<p>In der Erkl\u00e4rung werde zum ersten Mal dokumentiert, dass die Abschreckungsma\u00dfnahmen der beiden L\u00e4nder unabh\u00e4ngig seien, aber &#8220;koordiniert&#8221; werden k\u00f6nnten und ernsthafte Bedrohungen f\u00fcr Europa eine Reaktion von London und Paris ausl\u00f6sen w\u00fcrden, betonte die britische Regierung. Weiter hie\u00df es:<\/p>\n<blockquote>\n<p><em>&#8220;Jedem Gegner, der die lebenswichtigen Interessen Gro\u00dfbritanniens oder Frankreichs bedroht, kann daher die Macht der Atomstreitkr\u00e4fte beider L\u00e4nder entgegenstehen. Die Zusammenarbeit zwischen den beiden L\u00e4ndern in der Nuklearforschung wird ebenfalls vertieft, w\u00e4hrend sie gleichzeitig zusammenarbeiten werden, um die internationale Nichtverbreitungsarchitektur zu unterst\u00fctzen.&#8221;<\/em><\/p>\n<\/blockquote>\n<p>Au\u00dferdem planen die L\u00e4nder, mehr Storm-Shadow-Marschflugk\u00f6rper (das franz\u00f6sische \u00c4quivalent ist SCALP) zu produzieren und die Produktionslinien f\u00fcr diese Geschosse zu modernisieren. Gleichzeitig werden Frankreich und Gro\u00dfbritannien die n\u00e4chste Phase eines gemeinsamen Projekts einleiten, um Anti-Schiffs- und Langstreckenraketen zu entwickeln, die Storm Shadow ersetzen sollen.<\/p>\n<p>Die Erkl\u00e4rung, die die britische Regierung als &#8220;Lancaster House 2.0&#8221; bezeichnet, das hei\u00dft, die aktualisierte Vereinbarung des &#8220;Lancaster House&#8221;-Abkommens aus dem Jahr 2010, beinhaltet auch eine Partnerschaft zur Entwicklung von Hightech-Hochfrequenzwaffen wie Mikrowellenwaffen und St\u00f6rsender, die zur Abwehr von Drohnen und Raketen eingesetzt werden k\u00f6nnen.<\/p>\n<p>Frankreich und Gro\u00dfbritannien beabsichtigen ebenfalls, die F\u00e4higkeiten der k\u00fcnstlichen Intelligenz zu nutzen, um Algorithmen f\u00fcr synchronisierte Schl\u00e4ge ihrer Raketen und Drohnen zu entwickeln. Zudem werden Gro\u00dfbritannien und Frankreich ihre Kr\u00e4fte f\u00fcr den gemeinsamen Einsatz ausbauen und sie &#8220;auf die Verteidigung Europas ausrichten&#8221;. Zum ersten Mal w\u00fcrden Weltraum- und Cybertechnologien in diese Streitkr\u00e4fte integriert, hie\u00df es.<\/p>\n<p>Laut dem britischen Verteidigungsminister John Healey soll die neue Phase der Verteidigungszusammenarbeit zwischen den L\u00e4ndern die Kampff\u00e4higkeit verbessern und sicherstellen, dass ihre Streitkr\u00e4fte &#8220;vom hohen Norden bis zum Schwarzen Meer&#8221; gemeinsam operieren k\u00f6nnen. Diese Partnerschaft &#8220;st\u00e4rkt unsere F\u00fchrungsrolle in Europa, gew\u00e4hrleistet eine kontinuierliche Unterst\u00fctzung der Ukraine und sendet eine klare Botschaft an unsere Gegner, dass wir gemeinsam st\u00e4rker sind&#8221;, so Healey.<\/p>\n<p><strong>Mehr zum Thema<\/strong> \u2013 <a rel=\"nofollow noopener\" target=\"_blank\" href=\"https:\/\/freedert.online\/europa\/250265-polnischer-verteidigungsminister-sieht-ostsee\/\">Polnischer Verteidigungsminister sieht Ostsee als NATO-Binnenmeer<\/a><\/p>\n<div class=\"EmbedBlock-root EmbedBlock-externalVideo EmbedBlock-rumble\">\n<div class=\"VkEmbed\"><iframe class=\"lazyload\" data-src=\"https:\/\/rumble.com\/embed\/v6trb20\" frameborder=\"0\" width=\"853\" height=\"480\" allowfullscreen><\/iframe><\/div>\n<\/div>\n<\/div>\n<p><br \/>\n<br \/><a href=\"https:\/\/de.rt.com\/international\/250305-frankreich-und-grossbritannien-vereinbaren-koordinierung\/\">Source link <\/a><\/p>\n","protected":false},"excerpt":{"rendered":"<p>Frankreich und Gro\u00dfbritannien einigten sich, ein aktualisiertes Verteidigungsabkommen zu unterzeichnen, das die &#8220;Koordinierung&#8221; der Abschreckungsma\u00dfnahmen beider L\u00e4nder vorsieht. Demnach werde es keine &#8220;ernsthaften Bedrohungen f\u00fcr Europa&#8221; mehr geben, die nicht eine Reaktion beider L\u00e4nder ausl\u00f6sen w\u00fcrden. Der britische Premierminister Keir Starmer und der franz\u00f6sische Pr\u00e4sident Emmanuel Macron haben\u00a0am 10. Juli vereinbart,\u00a0ihre Zusammenarbeit im Nuklearbereich zu [&hellip;]<\/p>\n","protected":false},"author":3,"featured_media":86944,"comment_status":"open","ping_status":"open","sticky":false,"template":"","format":"standard","meta":{"_yoast_indexnow_last_ping":["1752160072"],"wp_automatic_camp":["217"],"8222a4a19ffe4e0c611f2b3e0d0b9e3b":["Frankreich und Gro\u00dfbritannien vereinbaren &quot;Koordinierung&quot; ihrer Atomstreitkr\u00e4fte"],"original_link":["https:\/\/de.rt.com\/international\/250305-frankreich-und-grossbritannien-vereinbaren-koordinierung\/"],"_thumbnail_id":["86944"],"jnews_social_counter_last_update":["1777126413"],"_wptgpro_p2tg_sent2tg":["a:1:{i:23737;s:19:\"2025-07-10 17:08:53\";}"]},"categories":[19,23],"tags":[50085,3320,759,3456,66244,140,22116],"yoast_head":"<!-- This site is optimized with the Yoast SEO Premium plugin v22.7 (Yoast SEO v22.7) - https:\/\/yoast.com\/wordpress\/plugins\/seo\/ -->\n<title>Frankreich und Gro\u00dfbritannien vereinbaren &quot;Koordinierung&quot; ihrer Atomstreitkr\u00e4fte - just-now.NEWS Deutschland<\/title>\n<meta name=\"robots\" content=\"index, follow, max-snippet:-1, max-image-preview:large, max-video-preview:-1\" \/>\n<link rel=\"canonical\" href=\"https:\/\/now-news.de\/de\/deutschland\/frankreich-und-grossbritannien-vereinbaren-koordinierung-ihrer-atomstreitkraefte\/\" \/>\n<meta property=\"og:locale\" content=\"de_DE\" \/>\n<meta property=\"og:type\" content=\"article\" \/>\n<meta property=\"og:title\" content=\"Frankreich und Gro\u00dfbritannien vereinbaren &quot;Koordinierung&quot; ihrer Atomstreitkr\u00e4fte\" \/>\n<meta property=\"og:description\" content=\"Frankreich und Gro\u00dfbritannien einigten sich, ein aktualisiertes Verteidigungsabkommen zu unterzeichnen, das die &#8220;Koordinierung&#8221; der Abschreckungsma\u00dfnahmen beider L\u00e4nder vorsieht. Demnach werde es keine &#8220;ernsthaften Bedrohungen f\u00fcr Europa&#8221; mehr geben, die nicht eine Reaktion beider L\u00e4nder ausl\u00f6sen w\u00fcrden. Der britische Premierminister Keir Starmer und der franz\u00f6sische Pr\u00e4sident Emmanuel Macron haben\u00a0am 10. Juli vereinbart,\u00a0ihre Zusammenarbeit im Nuklearbereich zu [&hellip;]\" \/>\n<meta property=\"og:url\" content=\"https:\/\/now-news.de\/de\/deutschland\/frankreich-und-grossbritannien-vereinbaren-koordinierung-ihrer-atomstreitkraefte\/\" \/>\n<meta property=\"og:site_name\" content=\"just-now.NEWS Deutschland\" \/>\n<meta property=\"article:publisher\" content=\"https:\/\/www.facebook.com\/wirmachenauf\" \/>\n<meta property=\"article:published_time\" content=\"2025-07-10T15:06:54+00:00\" \/>\n<meta property=\"og:image\" content=\"https:\/\/now-news.de\/de\/wp-content\/uploads\/sites\/3\/2025\/07\/686f8d08b480cc688421b2ef.jpg\" \/>\n<meta name=\"author\" content=\"rtnews\" \/>\n<meta name=\"twitter:card\" content=\"summary_large_image\" \/>\n<meta name=\"twitter:creator\" content=\"@WirMachenAuf_de\" \/>\n<meta name=\"twitter:site\" content=\"@WirMachenAuf_de\" \/>\n<meta name=\"twitter:label1\" content=\"Verfasst von\" \/>\n\t<meta name=\"twitter:data1\" content=\"rtnews\" \/>\n\t<meta name=\"twitter:label2\" content=\"Gesch\u00e4tzte Lesezeit\" \/>\n\t<meta name=\"twitter:data2\" content=\"2\u00a0Minuten\" \/>\n<script type=\"application\/ld+json\" class=\"yoast-schema-graph\">{\"@context\":\"https:\/\/schema.org\",\"@graph\":[{\"@type\":\"Article\",\"@id\":\"https:\/\/now-news.de\/de\/deutschland\/frankreich-und-grossbritannien-vereinbaren-koordinierung-ihrer-atomstreitkraefte\/#article\",\"isPartOf\":{\"@id\":\"https:\/\/now-news.de\/de\/deutschland\/frankreich-und-grossbritannien-vereinbaren-koordinierung-ihrer-atomstreitkraefte\/\"},\"author\":{\"name\":\"rtnews\",\"@id\":\"https:\/\/now-news.de\/de\/#\/schema\/person\/fb534a4e865501d8b3285208df34a9b5\"},\"headline\":\"Frankreich und Gro\u00dfbritannien vereinbaren &quot;Koordinierung&quot; ihrer Atomstreitkr\u00e4fte\",\"datePublished\":\"2025-07-10T15:06:54+00:00\",\"dateModified\":\"2025-07-10T15:06:54+00:00\",\"mainEntityOfPage\":{\"@id\":\"https:\/\/now-news.de\/de\/deutschland\/frankreich-und-grossbritannien-vereinbaren-koordinierung-ihrer-atomstreitkraefte\/\"},\"wordCount\":434,\"commentCount\":0,\"publisher\":{\"@id\":\"https:\/\/now-news.de\/de\/#organization\"},\"image\":{\"@id\":\"https:\/\/now-news.de\/de\/deutschland\/frankreich-und-grossbritannien-vereinbaren-koordinierung-ihrer-atomstreitkraefte\/#primaryimage\"},\"thumbnailUrl\":\"https:\/\/now-news.de\/de\/wp-content\/uploads\/sites\/3\/2025\/07\/Frankreich-und-Grossbritannien-vereinbaren-quotKoordinierungquot-ihrer-Atomstreitkraefte.jpg\",\"keywords\":[\"Atomstreitkr\u00e4fte\",\"Frankreich\",\"Gro\u00dfbritannien\",\"ihrer\",\"quotKoordinierungquot\",\"und\",\"vereinbaren\"],\"articleSection\":[\"Deutschland\",\"Russland\"],\"inLanguage\":\"de\",\"potentialAction\":[{\"@type\":\"CommentAction\",\"name\":\"Comment\",\"target\":[\"https:\/\/now-news.de\/de\/deutschland\/frankreich-und-grossbritannien-vereinbaren-koordinierung-ihrer-atomstreitkraefte\/#respond\"]}]},{\"@type\":\"WebPage\",\"@id\":\"https:\/\/now-news.de\/de\/deutschland\/frankreich-und-grossbritannien-vereinbaren-koordinierung-ihrer-atomstreitkraefte\/\",\"url\":\"https:\/\/now-news.de\/de\/deutschland\/frankreich-und-grossbritannien-vereinbaren-koordinierung-ihrer-atomstreitkraefte\/\",\"name\":\"Frankreich und Gro\u00dfbritannien vereinbaren &quot;Koordinierung&quot; ihrer Atomstreitkr\u00e4fte - just-now.NEWS Deutschland\",\"isPartOf\":{\"@id\":\"https:\/\/now-news.de\/de\/#website\"},\"primaryImageOfPage\":{\"@id\":\"https:\/\/now-news.de\/de\/deutschland\/frankreich-und-grossbritannien-vereinbaren-koordinierung-ihrer-atomstreitkraefte\/#primaryimage\"},\"image\":{\"@id\":\"https:\/\/now-news.de\/de\/deutschland\/frankreich-und-grossbritannien-vereinbaren-koordinierung-ihrer-atomstreitkraefte\/#primaryimage\"},\"thumbnailUrl\":\"https:\/\/now-news.de\/de\/wp-content\/uploads\/sites\/3\/2025\/07\/Frankreich-und-Grossbritannien-vereinbaren-quotKoordinierungquot-ihrer-Atomstreitkraefte.jpg\",\"datePublished\":\"2025-07-10T15:06:54+00:00\",\"dateModified\":\"2025-07-10T15:06:54+00:00\",\"breadcrumb\":{\"@id\":\"https:\/\/now-news.de\/de\/deutschland\/frankreich-und-grossbritannien-vereinbaren-koordinierung-ihrer-atomstreitkraefte\/#breadcrumb\"},\"inLanguage\":\"de\",\"potentialAction\":[{\"@type\":\"ReadAction\",\"target\":[\"https:\/\/now-news.de\/de\/deutschland\/frankreich-und-grossbritannien-vereinbaren-koordinierung-ihrer-atomstreitkraefte\/\"]}]},{\"@type\":\"ImageObject\",\"inLanguage\":\"de\",\"@id\":\"https:\/\/now-news.de\/de\/deutschland\/frankreich-und-grossbritannien-vereinbaren-koordinierung-ihrer-atomstreitkraefte\/#primaryimage\",\"url\":\"https:\/\/now-news.de\/de\/wp-content\/uploads\/sites\/3\/2025\/07\/Frankreich-und-Grossbritannien-vereinbaren-quotKoordinierungquot-ihrer-Atomstreitkraefte.jpg\",\"contentUrl\":\"https:\/\/now-news.de\/de\/wp-content\/uploads\/sites\/3\/2025\/07\/Frankreich-und-Grossbritannien-vereinbaren-quotKoordinierungquot-ihrer-Atomstreitkraefte.jpg\",\"width\":460,\"height\":259,\"caption\":\"Frankreich und Gro\u00dfbritannien vereinbaren &quot;Koordinierung&quot; ihrer Atomstreitkr\u00e4fte\"},{\"@type\":\"BreadcrumbList\",\"@id\":\"https:\/\/now-news.de\/de\/deutschland\/frankreich-und-grossbritannien-vereinbaren-koordinierung-ihrer-atomstreitkraefte\/#breadcrumb\",\"itemListElement\":[{\"@type\":\"ListItem\",\"position\":1,\"name\":\"Home\",\"item\":\"https:\/\/now-news.de\/de\/\"},{\"@type\":\"ListItem\",\"position\":2,\"name\":\"Frankreich und Gro\u00dfbritannien vereinbaren &quot;Koordinierung&quot; ihrer Atomstreitkr\u00e4fte\"}]},{\"@type\":\"WebSite\",\"@id\":\"https:\/\/now-news.de\/de\/#website\",\"url\":\"https:\/\/now-news.de\/de\/\",\"name\":\"just-now.NEWS Deutschland\",\"description\":\"Das Portal f\u00fcr unzensierte Nachrichten aus der Welt\",\"publisher\":{\"@id\":\"https:\/\/now-news.de\/de\/#organization\"},\"potentialAction\":[{\"@type\":\"SearchAction\",\"target\":{\"@type\":\"EntryPoint\",\"urlTemplate\":\"https:\/\/now-news.de\/de\/?s={search_term_string}\"},\"query-input\":\"required name=search_term_string\"}],\"inLanguage\":\"de\"},{\"@type\":\"Organization\",\"@id\":\"https:\/\/now-news.de\/de\/#organization\",\"name\":\"Just Now News\",\"url\":\"https:\/\/now-news.de\/de\/\",\"logo\":{\"@type\":\"ImageObject\",\"inLanguage\":\"de\",\"@id\":\"https:\/\/now-news.de\/de\/#\/schema\/logo\/image\/\",\"url\":\"http:\/\/just-now.news\/de\/wp-content\/uploads\/sites\/3\/2022\/04\/logo500x500.jpg\",\"contentUrl\":\"http:\/\/just-now.news\/de\/wp-content\/uploads\/sites\/3\/2022\/04\/logo500x500.jpg\",\"width\":500,\"height\":500,\"caption\":\"Just Now News\"},\"image\":{\"@id\":\"https:\/\/now-news.de\/de\/#\/schema\/logo\/image\/\"},\"sameAs\":[\"https:\/\/www.facebook.com\/wirmachenauf\",\"https:\/\/x.com\/WirMachenAuf_de\"]},{\"@type\":\"Person\",\"@id\":\"https:\/\/now-news.de\/de\/#\/schema\/person\/fb534a4e865501d8b3285208df34a9b5\",\"name\":\"rtnews\",\"image\":{\"@type\":\"ImageObject\",\"inLanguage\":\"de\",\"@id\":\"https:\/\/now-news.de\/de\/#\/schema\/person\/image\/\",\"url\":\"https:\/\/secure.gravatar.com\/avatar\/82aafea7d8127119dd649515f56e2117?s=96&d=mm&r=g\",\"contentUrl\":\"https:\/\/secure.gravatar.com\/avatar\/82aafea7d8127119dd649515f56e2117?s=96&d=mm&r=g\",\"caption\":\"rtnews\"},\"url\":\"https:\/\/now-news.de\/de\/author\/rnews\/\"}]}<\/script>\n<!-- \/ Yoast SEO Premium plugin. -->","yoast_head_json":{"title":"Frankreich und Gro\u00dfbritannien vereinbaren &quot;Koordinierung&quot; ihrer Atomstreitkr\u00e4fte - just-now.NEWS Deutschland","robots":{"index":"index","follow":"follow","max-snippet":"max-snippet:-1","max-image-preview":"max-image-preview:large","max-video-preview":"max-video-preview:-1"},"canonical":"https:\/\/now-news.de\/de\/deutschland\/frankreich-und-grossbritannien-vereinbaren-koordinierung-ihrer-atomstreitkraefte\/","og_locale":"de_DE","og_type":"article","og_title":"Frankreich und Gro\u00dfbritannien vereinbaren &quot;Koordinierung&quot; ihrer Atomstreitkr\u00e4fte","og_description":"Frankreich und Gro\u00dfbritannien einigten sich, ein aktualisiertes Verteidigungsabkommen zu unterzeichnen, das die &#8220;Koordinierung&#8221; der Abschreckungsma\u00dfnahmen beider L\u00e4nder vorsieht. Demnach werde es keine &#8220;ernsthaften Bedrohungen f\u00fcr Europa&#8221; mehr geben, die nicht eine Reaktion beider L\u00e4nder ausl\u00f6sen w\u00fcrden. Der britische Premierminister Keir Starmer und der franz\u00f6sische Pr\u00e4sident Emmanuel Macron haben\u00a0am 10. Juli vereinbart,\u00a0ihre Zusammenarbeit im Nuklearbereich zu [&hellip;]","og_url":"https:\/\/now-news.de\/de\/deutschland\/frankreich-und-grossbritannien-vereinbaren-koordinierung-ihrer-atomstreitkraefte\/","og_site_name":"just-now.NEWS Deutschland","article_publisher":"https:\/\/www.facebook.com\/wirmachenauf","article_published_time":"2025-07-10T15:06:54+00:00","og_image":[{"url":"https:\/\/now-news.de\/de\/wp-content\/uploads\/sites\/3\/2025\/07\/686f8d08b480cc688421b2ef.jpg"}],"author":"rtnews","twitter_card":"summary_large_image","twitter_creator":"@WirMachenAuf_de","twitter_site":"@WirMachenAuf_de","twitter_misc":{"Verfasst von":"rtnews","Gesch\u00e4tzte Lesezeit":"2\u00a0Minuten"},"schema":{"@context":"https:\/\/schema.org","@graph":[{"@type":"Article","@id":"https:\/\/now-news.de\/de\/deutschland\/frankreich-und-grossbritannien-vereinbaren-koordinierung-ihrer-atomstreitkraefte\/#article","isPartOf":{"@id":"https:\/\/now-news.de\/de\/deutschland\/frankreich-und-grossbritannien-vereinbaren-koordinierung-ihrer-atomstreitkraefte\/"},"author":{"name":"rtnews","@id":"https:\/\/now-news.de\/de\/#\/schema\/person\/fb534a4e865501d8b3285208df34a9b5"},"headline":"Frankreich und Gro\u00dfbritannien vereinbaren &quot;Koordinierung&quot; ihrer Atomstreitkr\u00e4fte","datePublished":"2025-07-10T15:06:54+00:00","dateModified":"2025-07-10T15:06:54+00:00","mainEntityOfPage":{"@id":"https:\/\/now-news.de\/de\/deutschland\/frankreich-und-grossbritannien-vereinbaren-koordinierung-ihrer-atomstreitkraefte\/"},"wordCount":434,"commentCount":0,"publisher":{"@id":"https:\/\/now-news.de\/de\/#organization"},"image":{"@id":"https:\/\/now-news.de\/de\/deutschland\/frankreich-und-grossbritannien-vereinbaren-koordinierung-ihrer-atomstreitkraefte\/#primaryimage"},"thumbnailUrl":"https:\/\/now-news.de\/de\/wp-content\/uploads\/sites\/3\/2025\/07\/Frankreich-und-Grossbritannien-vereinbaren-quotKoordinierungquot-ihrer-Atomstreitkraefte.jpg","keywords":["Atomstreitkr\u00e4fte","Frankreich","Gro\u00dfbritannien","ihrer","quotKoordinierungquot","und","vereinbaren"],"articleSection":["Deutschland","Russland"],"inLanguage":"de","potentialAction":[{"@type":"CommentAction","name":"Comment","target":["https:\/\/now-news.de\/de\/deutschland\/frankreich-und-grossbritannien-vereinbaren-koordinierung-ihrer-atomstreitkraefte\/#respond"]}]},{"@type":"WebPage","@id":"https:\/\/now-news.de\/de\/deutschland\/frankreich-und-grossbritannien-vereinbaren-koordinierung-ihrer-atomstreitkraefte\/","url":"https:\/\/now-news.de\/de\/deutschland\/frankreich-und-grossbritannien-vereinbaren-koordinierung-ihrer-atomstreitkraefte\/","name":"Frankreich und Gro\u00dfbritannien vereinbaren &quot;Koordinierung&quot; ihrer Atomstreitkr\u00e4fte - just-now.NEWS Deutschland","isPartOf":{"@id":"https:\/\/now-news.de\/de\/#website"},"primaryImageOfPage":{"@id":"https:\/\/now-news.de\/de\/deutschland\/frankreich-und-grossbritannien-vereinbaren-koordinierung-ihrer-atomstreitkraefte\/#primaryimage"},"image":{"@id":"https:\/\/now-news.de\/de\/deutschland\/frankreich-und-grossbritannien-vereinbaren-koordinierung-ihrer-atomstreitkraefte\/#primaryimage"},"thumbnailUrl":"https:\/\/now-news.de\/de\/wp-content\/uploads\/sites\/3\/2025\/07\/Frankreich-und-Grossbritannien-vereinbaren-quotKoordinierungquot-ihrer-Atomstreitkraefte.jpg","datePublished":"2025-07-10T15:06:54+00:00","dateModified":"2025-07-10T15:06:54+00:00","breadcrumb":{"@id":"https:\/\/now-news.de\/de\/deutschland\/frankreich-und-grossbritannien-vereinbaren-koordinierung-ihrer-atomstreitkraefte\/#breadcrumb"},"inLanguage":"de","potentialAction":[{"@type":"ReadAction","target":["https:\/\/now-news.de\/de\/deutschland\/frankreich-und-grossbritannien-vereinbaren-koordinierung-ihrer-atomstreitkraefte\/"]}]},{"@type":"ImageObject","inLanguage":"de","@id":"https:\/\/now-news.de\/de\/deutschland\/frankreich-und-grossbritannien-vereinbaren-koordinierung-ihrer-atomstreitkraefte\/#primaryimage","url":"https:\/\/now-news.de\/de\/wp-content\/uploads\/sites\/3\/2025\/07\/Frankreich-und-Grossbritannien-vereinbaren-quotKoordinierungquot-ihrer-Atomstreitkraefte.jpg","contentUrl":"https:\/\/now-news.de\/de\/wp-content\/uploads\/sites\/3\/2025\/07\/Frankreich-und-Grossbritannien-vereinbaren-quotKoordinierungquot-ihrer-Atomstreitkraefte.jpg","width":460,"height":259,"caption":"Frankreich und Gro\u00dfbritannien vereinbaren &quot;Koordinierung&quot; ihrer Atomstreitkr\u00e4fte"},{"@type":"BreadcrumbList","@id":"https:\/\/now-news.de\/de\/deutschland\/frankreich-und-grossbritannien-vereinbaren-koordinierung-ihrer-atomstreitkraefte\/#breadcrumb","itemListElement":[{"@type":"ListItem","position":1,"name":"Home","item":"https:\/\/now-news.de\/de\/"},{"@type":"ListItem","position":2,"name":"Frankreich und Gro\u00dfbritannien vereinbaren &quot;Koordinierung&quot; ihrer Atomstreitkr\u00e4fte"}]},{"@type":"WebSite","@id":"https:\/\/now-news.de\/de\/#website","url":"https:\/\/now-news.de\/de\/","name":"just-now.NEWS Deutschland","description":"Das Portal f\u00fcr unzensierte Nachrichten aus der Welt","publisher":{"@id":"https:\/\/now-news.de\/de\/#organization"},"potentialAction":[{"@type":"SearchAction","target":{"@type":"EntryPoint","urlTemplate":"https:\/\/now-news.de\/de\/?s={search_term_string}"},"query-input":"required name=search_term_string"}],"inLanguage":"de"},{"@type":"Organization","@id":"https:\/\/now-news.de\/de\/#organization","name":"Just Now News","url":"https:\/\/now-news.de\/de\/","logo":{"@type":"ImageObject","inLanguage":"de","@id":"https:\/\/now-news.de\/de\/#\/schema\/logo\/image\/","url":"http:\/\/just-now.news\/de\/wp-content\/uploads\/sites\/3\/2022\/04\/logo500x500.jpg","contentUrl":"http:\/\/just-now.news\/de\/wp-content\/uploads\/sites\/3\/2022\/04\/logo500x500.jpg","width":500,"height":500,"caption":"Just Now News"},"image":{"@id":"https:\/\/now-news.de\/de\/#\/schema\/logo\/image\/"},"sameAs":["https:\/\/www.facebook.com\/wirmachenauf","https:\/\/x.com\/WirMachenAuf_de"]},{"@type":"Person","@id":"https:\/\/now-news.de\/de\/#\/schema\/person\/fb534a4e865501d8b3285208df34a9b5","name":"rtnews","image":{"@type":"ImageObject","inLanguage":"de","@id":"https:\/\/now-news.de\/de\/#\/schema\/person\/image\/","url":"https:\/\/secure.gravatar.com\/avatar\/82aafea7d8127119dd649515f56e2117?s=96&d=mm&r=g","contentUrl":"https:\/\/secure.gravatar.com\/avatar\/82aafea7d8127119dd649515f56e2117?s=96&d=mm&r=g","caption":"rtnews"},"url":"https:\/\/now-news.de\/de\/author\/rnews\/"}]}},"_links":{"self":[{"href":"https:\/\/now-news.de\/de\/wp-json\/wp\/v2\/posts\/86943"}],"collection":[{"href":"https:\/\/now-news.de\/de\/wp-json\/wp\/v2\/posts"}],"about":[{"href":"https:\/\/now-news.de\/de\/wp-json\/wp\/v2\/types\/post"}],"author":[{"embeddable":true,"href":"https:\/\/now-news.de\/de\/wp-json\/wp\/v2\/users\/3"}],"replies":[{"embeddable":true,"href":"https:\/\/now-news.de\/de\/wp-json\/wp\/v2\/comments?post=86943"}],"version-history":[{"count":0,"href":"https:\/\/now-news.de\/de\/wp-json\/wp\/v2\/posts\/86943\/revisions"}],"wp:featuredmedia":[{"embeddable":true,"href":"https:\/\/now-news.de\/de\/wp-json\/wp\/v2\/media\/86944"}],"wp:attachment":[{"href":"https:\/\/now-news.de\/de\/wp-json\/wp\/v2\/media?parent=86943"}],"wp:term":[{"taxonomy":"category","embeddable":true,"href":"https:\/\/now-news.de\/de\/wp-json\/wp\/v2\/categories?post=86943"},{"taxonomy":"post_tag","embeddable":true,"href":"https:\/\/now-news.de\/de\/wp-json\/wp\/v2\/tags?post=86943"}],"curies":[{"name":"wp","href":"https:\/\/api.w.org\/{rel}","templated":true}]}}