{"id":86939,"date":"2025-07-10T16:27:05","date_gmt":"2025-07-10T14:27:05","guid":{"rendered":"https:\/\/now-news.de\/de\/deutschland\/russisches-aussenministerium-wirft-un-generalsekretaer-kurzsichtigkeit-in-ukraine-frage-vor\/"},"modified":"2025-07-10T16:27:05","modified_gmt":"2025-07-10T14:27:05","slug":"russisches-aussenministerium-wirft-un-generalsekretaer-kurzsichtigkeit-in-ukraine-frage-vor","status":"publish","type":"post","link":"https:\/\/now-news.de\/de\/deutschland\/russisches-aussenministerium-wirft-un-generalsekretaer-kurzsichtigkeit-in-ukraine-frage-vor\/","title":{"rendered":"Russisches Au\u00dfenministerium wirft UN-Generalsekret\u00e4r Kurzsichtigkeit in Ukraine-Frage vor"},"content":{"rendered":"<p><img decoding=\"async\" src=\"https:\/\/now-news.de\/de\/wp-content\/uploads\/sites\/3\/2025\/07\/686fab1248fbef3a026ba16f.jpg\" \/><\/p>\n<div class=\"Text-root Text-type_1 \">\n                Das russische Au\u00dfenministerium bewertet die j\u00fcngsten Erkl\u00e4rungen des UN-Generalsekret\u00e4rs Ant\u00f3nio Guterres, in denen er den russischen Drohnenangriff auf die Ukraine verurteilte, als kurzsichtig. Dem Ressort zufolge verbreite Guterres &#8220;L\u00fcgen&#8221; zugunsten der Ukraine.\n            <\/div>\n<p><\/p>\n<div class=\"Text-root Text-type_5 ArticleView-text ViewText-root \">\n<p>Russlands Au\u00dfenministerium <a rel=\"nofollow noopener\" target=\"_blank\" href=\"https:\/\/mid.ru\/ru\/foreign_policy\/news\/2035046\/\">kritisierte<\/a>\u00a0die Erkl\u00e4rung von UN-Generalsekret\u00e4r Ant\u00f3nio Guterres, in der er den &#8220;gr\u00f6\u00dften Angriff Russlands auf die Ukraine seit drei Jahren&#8221; verurteilt hatte. Es bezeichnete seine \u00c4u\u00dferungen als Provokation und forderte die UN-Vertreter auf, ihren &#8220;voreingenommenen Kurs&#8221; aufzugeben.<\/p>\n<p>In der auf seiner Webseite ver\u00f6ffentlichten Stellungnahme \u00e4u\u00dferte das russische Au\u00dfenministerium, die Aussage von Guterres zeige erneut &#8220;seine politische Voreingenommenheit und Kurzsichtigkeit&#8221;, die er &#8220;in einer praktisch r\u00fcckhaltlosen Unterst\u00fctzung&#8221; f\u00fcr die Ukraine zum Ausdruck bringe. Das Au\u00dfenministerium betonte:<\/p>\n<blockquote>\n<p><em>&#8220;Guterres und seine Untergebenen greifen regelm\u00e4\u00dfig zu L\u00fcgen, die vom Kiewer Regime und den westlichen Hauptst\u00e4dten verfasst werden, um Russland zu diskreditieren, und verbreiten diese. Sie verschweigen immer wieder die eklatanten Verst\u00f6\u00dfe Kiews gegen das humanit\u00e4re V\u00f6lkerrecht oder beschr\u00e4nken sich bestenfalls auf Appelle an beide Seiten, sich zur\u00fcckzuhalten.&#8221;<\/em><\/p>\n<\/blockquote>\n<p>Der Grund f\u00fcr die vom UN-Generalsekret\u00e4r vorgetragenen Einsch\u00e4tzungen sei laut russischem Au\u00dfenministerium vor allem die &#8220;h\u00f6chst zweideutige&#8221; Formulierung der Berichte des IAEA-Generaldirektors Rafael Grossi zur Lage am Kernkraftwerk Saporoschje gewesen, in denen die Angriffe des ukrainischen Milit\u00e4rs nicht erw\u00e4hnt w\u00fcrden. Das Ressort f\u00fcgte hinzu:<\/p>\n<blockquote>\n<p><em>&#8220;Es ist absurd zu vermuten, dass Russland Gr\u00fcnde haben k\u00f6nnte, den sicheren Betrieb des russischen AKW Saporoschje zu erschweren. Es ist Moskau, das f\u00fcr die Sicherheit des Kernkraftwerks Saporoschje verantwortlich ist, und die russische Seite tut alles, um diese Aufgabe zu erf\u00fcllen.&#8221;<\/em><\/p>\n<\/blockquote>\n<p>\u00dcberdies betonte das Au\u00dfenministerium, dass die russische Seite bei der Durchf\u00fchrung der speziellen Milit\u00e4roperation &#8220;umfassende Ma\u00dfnahmen zur strikten Einhaltung des humanit\u00e4ren V\u00f6lkerrechts&#8221; ergreife. Ziel der Angriffe seien ausschlie\u00dflich milit\u00e4rische Einrichtungen auf dem Territorium der Ukraine, so die Beh\u00f6rde.<\/p>\n<p><strong>Mehr zum Thema<\/strong> \u2013 <a rel=\"nofollow noopener\" target=\"_blank\" href=\"https:\/\/freedert.online\/europa\/250232-ruiniert-und-entvoelkert-immer-mehr-sehen-fuer-ihr-land-keine-zukunft-mehr\/\">&#8220;Ruiniert und entv\u00f6lkert&#8221; &#8211; 47 Prozent erwarten Niedergang der Ukraine<\/a><\/p>\n<div class=\"EmbedBlock-root EmbedBlock-externalVideo EmbedBlock-rumble\">\n<div class=\"VkEmbed\"><iframe class=\"lazyload\" data-src=\"https:\/\/rumble.com\/embed\/v6tr1zo\" frameborder=\"0\" width=\"853\" height=\"480\" allowfullscreen><\/iframe><\/div>\n<\/div>\n<\/div>\n<p><br \/>\n<br \/><a href=\"https:\/\/de.rt.com\/international\/250325-russisches-aussenministerium-wirft-un-generalsekretaer\/\">Source link <\/a><\/p>\n","protected":false},"excerpt":{"rendered":"<p>Das russische Au\u00dfenministerium bewertet die j\u00fcngsten Erkl\u00e4rungen des UN-Generalsekret\u00e4rs Ant\u00f3nio Guterres, in denen er den russischen Drohnenangriff auf die Ukraine verurteilte, als kurzsichtig. Dem Ressort zufolge verbreite Guterres &#8220;L\u00fcgen&#8221; zugunsten der Ukraine. Russlands Au\u00dfenministerium kritisierte\u00a0die Erkl\u00e4rung von UN-Generalsekret\u00e4r Ant\u00f3nio Guterres, in der er den &#8220;gr\u00f6\u00dften Angriff Russlands auf die Ukraine seit drei Jahren&#8221; verurteilt hatte. [&hellip;]<\/p>\n","protected":false},"author":3,"featured_media":86940,"comment_status":"open","ping_status":"open","sticky":false,"template":"","format":"standard","meta":{"_yoast_indexnow_last_ping":["1752158152"],"wp_automatic_camp":["217"],"42ef5b601d167e8b6762f4ba9c4f0404":["Russisches Au\u00dfenministerium wirft UN-Generalsekret\u00e4r Kurzsichtigkeit in Ukraine-Frage vor"],"original_link":["https:\/\/de.rt.com\/international\/250325-russisches-aussenministerium-wirft-un-generalsekretaer\/"],"_thumbnail_id":["86940"],"_wptgpro_p2tg_sent2tg":["a:1:{i:23737;s:19:\"2025-07-10 16:36:55\";}"],"jnews_social_counter_last_update":["1777199803"]},"categories":[19,23],"tags":[16681,66243,795,29219,3933,320,7129],"yoast_head":"<!-- This site is optimized with the Yoast SEO Premium plugin v22.7 (Yoast SEO v22.7) - https:\/\/yoast.com\/wordpress\/plugins\/seo\/ -->\n<title>Russisches Au\u00dfenministerium wirft UN-Generalsekret\u00e4r Kurzsichtigkeit in Ukraine-Frage vor - just-now.NEWS Deutschland<\/title>\n<meta name=\"robots\" content=\"index, follow, max-snippet:-1, max-image-preview:large, max-video-preview:-1\" \/>\n<link rel=\"canonical\" href=\"https:\/\/now-news.de\/de\/deutschland\/russisches-aussenministerium-wirft-un-generalsekretaer-kurzsichtigkeit-in-ukraine-frage-vor\/\" \/>\n<meta property=\"og:locale\" content=\"de_DE\" \/>\n<meta property=\"og:type\" content=\"article\" \/>\n<meta property=\"og:title\" content=\"Russisches Au\u00dfenministerium wirft UN-Generalsekret\u00e4r Kurzsichtigkeit in Ukraine-Frage vor\" \/>\n<meta property=\"og:description\" content=\"Das russische Au\u00dfenministerium bewertet die j\u00fcngsten Erkl\u00e4rungen des UN-Generalsekret\u00e4rs Ant\u00f3nio Guterres, in denen er den russischen Drohnenangriff auf die Ukraine verurteilte, als kurzsichtig. Dem Ressort zufolge verbreite Guterres &#8220;L\u00fcgen&#8221; zugunsten der Ukraine. Russlands Au\u00dfenministerium kritisierte\u00a0die Erkl\u00e4rung von UN-Generalsekret\u00e4r Ant\u00f3nio Guterres, in der er den &#8220;gr\u00f6\u00dften Angriff Russlands auf die Ukraine seit drei Jahren&#8221; verurteilt hatte. [&hellip;]\" \/>\n<meta property=\"og:url\" content=\"https:\/\/now-news.de\/de\/deutschland\/russisches-aussenministerium-wirft-un-generalsekretaer-kurzsichtigkeit-in-ukraine-frage-vor\/\" \/>\n<meta property=\"og:site_name\" content=\"just-now.NEWS Deutschland\" \/>\n<meta property=\"article:publisher\" content=\"https:\/\/www.facebook.com\/wirmachenauf\" \/>\n<meta property=\"article:published_time\" content=\"2025-07-10T14:27:05+00:00\" \/>\n<meta property=\"og:image\" content=\"https:\/\/now-news.de\/de\/wp-content\/uploads\/sites\/3\/2025\/07\/686fab1248fbef3a026ba16f.jpg\" \/>\n<meta name=\"author\" content=\"rtnews\" \/>\n<meta name=\"twitter:card\" content=\"summary_large_image\" \/>\n<meta name=\"twitter:creator\" content=\"@WirMachenAuf_de\" \/>\n<meta name=\"twitter:site\" content=\"@WirMachenAuf_de\" \/>\n<meta name=\"twitter:label1\" content=\"Verfasst von\" \/>\n\t<meta name=\"twitter:data1\" content=\"rtnews\" \/>\n\t<meta name=\"twitter:label2\" content=\"Gesch\u00e4tzte Lesezeit\" \/>\n\t<meta name=\"twitter:data2\" content=\"2\u00a0Minuten\" \/>\n<script type=\"application\/ld+json\" class=\"yoast-schema-graph\">{\"@context\":\"https:\/\/schema.org\",\"@graph\":[{\"@type\":\"Article\",\"@id\":\"https:\/\/now-news.de\/de\/deutschland\/russisches-aussenministerium-wirft-un-generalsekretaer-kurzsichtigkeit-in-ukraine-frage-vor\/#article\",\"isPartOf\":{\"@id\":\"https:\/\/now-news.de\/de\/deutschland\/russisches-aussenministerium-wirft-un-generalsekretaer-kurzsichtigkeit-in-ukraine-frage-vor\/\"},\"author\":{\"name\":\"rtnews\",\"@id\":\"https:\/\/now-news.de\/de\/#\/schema\/person\/fb534a4e865501d8b3285208df34a9b5\"},\"headline\":\"Russisches Au\u00dfenministerium wirft UN-Generalsekret\u00e4r Kurzsichtigkeit in Ukraine-Frage vor\",\"datePublished\":\"2025-07-10T14:27:05+00:00\",\"dateModified\":\"2025-07-10T14:27:05+00:00\",\"mainEntityOfPage\":{\"@id\":\"https:\/\/now-news.de\/de\/deutschland\/russisches-aussenministerium-wirft-un-generalsekretaer-kurzsichtigkeit-in-ukraine-frage-vor\/\"},\"wordCount\":356,\"commentCount\":0,\"publisher\":{\"@id\":\"https:\/\/now-news.de\/de\/#organization\"},\"image\":{\"@id\":\"https:\/\/now-news.de\/de\/deutschland\/russisches-aussenministerium-wirft-un-generalsekretaer-kurzsichtigkeit-in-ukraine-frage-vor\/#primaryimage\"},\"thumbnailUrl\":\"https:\/\/now-news.de\/de\/wp-content\/uploads\/sites\/3\/2025\/07\/Russisches-Aussenministerium-wirft-UN-Generalsekretaer-Kurzsichtigkeit-in-Ukraine-Frage-vor.jpg\",\"keywords\":[\"Au\u00dfenministerium\",\"Kurzsichtigkeit\",\"Russisches\",\"UkraineFrage\",\"UNGeneralsekret\u00e4r\",\"vor\",\"wirft\"],\"articleSection\":[\"Deutschland\",\"Russland\"],\"inLanguage\":\"de\",\"potentialAction\":[{\"@type\":\"CommentAction\",\"name\":\"Comment\",\"target\":[\"https:\/\/now-news.de\/de\/deutschland\/russisches-aussenministerium-wirft-un-generalsekretaer-kurzsichtigkeit-in-ukraine-frage-vor\/#respond\"]}]},{\"@type\":\"WebPage\",\"@id\":\"https:\/\/now-news.de\/de\/deutschland\/russisches-aussenministerium-wirft-un-generalsekretaer-kurzsichtigkeit-in-ukraine-frage-vor\/\",\"url\":\"https:\/\/now-news.de\/de\/deutschland\/russisches-aussenministerium-wirft-un-generalsekretaer-kurzsichtigkeit-in-ukraine-frage-vor\/\",\"name\":\"Russisches Au\u00dfenministerium wirft UN-Generalsekret\u00e4r Kurzsichtigkeit in Ukraine-Frage vor - just-now.NEWS Deutschland\",\"isPartOf\":{\"@id\":\"https:\/\/now-news.de\/de\/#website\"},\"primaryImageOfPage\":{\"@id\":\"https:\/\/now-news.de\/de\/deutschland\/russisches-aussenministerium-wirft-un-generalsekretaer-kurzsichtigkeit-in-ukraine-frage-vor\/#primaryimage\"},\"image\":{\"@id\":\"https:\/\/now-news.de\/de\/deutschland\/russisches-aussenministerium-wirft-un-generalsekretaer-kurzsichtigkeit-in-ukraine-frage-vor\/#primaryimage\"},\"thumbnailUrl\":\"https:\/\/now-news.de\/de\/wp-content\/uploads\/sites\/3\/2025\/07\/Russisches-Aussenministerium-wirft-UN-Generalsekretaer-Kurzsichtigkeit-in-Ukraine-Frage-vor.jpg\",\"datePublished\":\"2025-07-10T14:27:05+00:00\",\"dateModified\":\"2025-07-10T14:27:05+00:00\",\"breadcrumb\":{\"@id\":\"https:\/\/now-news.de\/de\/deutschland\/russisches-aussenministerium-wirft-un-generalsekretaer-kurzsichtigkeit-in-ukraine-frage-vor\/#breadcrumb\"},\"inLanguage\":\"de\",\"potentialAction\":[{\"@type\":\"ReadAction\",\"target\":[\"https:\/\/now-news.de\/de\/deutschland\/russisches-aussenministerium-wirft-un-generalsekretaer-kurzsichtigkeit-in-ukraine-frage-vor\/\"]}]},{\"@type\":\"ImageObject\",\"inLanguage\":\"de\",\"@id\":\"https:\/\/now-news.de\/de\/deutschland\/russisches-aussenministerium-wirft-un-generalsekretaer-kurzsichtigkeit-in-ukraine-frage-vor\/#primaryimage\",\"url\":\"https:\/\/now-news.de\/de\/wp-content\/uploads\/sites\/3\/2025\/07\/Russisches-Aussenministerium-wirft-UN-Generalsekretaer-Kurzsichtigkeit-in-Ukraine-Frage-vor.jpg\",\"contentUrl\":\"https:\/\/now-news.de\/de\/wp-content\/uploads\/sites\/3\/2025\/07\/Russisches-Aussenministerium-wirft-UN-Generalsekretaer-Kurzsichtigkeit-in-Ukraine-Frage-vor.jpg\",\"width\":460,\"height\":259,\"caption\":\"Russisches Au\u00dfenministerium wirft UN-Generalsekret\u00e4r Kurzsichtigkeit in Ukraine-Frage vor\"},{\"@type\":\"BreadcrumbList\",\"@id\":\"https:\/\/now-news.de\/de\/deutschland\/russisches-aussenministerium-wirft-un-generalsekretaer-kurzsichtigkeit-in-ukraine-frage-vor\/#breadcrumb\",\"itemListElement\":[{\"@type\":\"ListItem\",\"position\":1,\"name\":\"Home\",\"item\":\"https:\/\/now-news.de\/de\/\"},{\"@type\":\"ListItem\",\"position\":2,\"name\":\"Russisches Au\u00dfenministerium wirft UN-Generalsekret\u00e4r Kurzsichtigkeit in Ukraine-Frage vor\"}]},{\"@type\":\"WebSite\",\"@id\":\"https:\/\/now-news.de\/de\/#website\",\"url\":\"https:\/\/now-news.de\/de\/\",\"name\":\"just-now.NEWS Deutschland\",\"description\":\"Das Portal f\u00fcr unzensierte Nachrichten aus der Welt\",\"publisher\":{\"@id\":\"https:\/\/now-news.de\/de\/#organization\"},\"potentialAction\":[{\"@type\":\"SearchAction\",\"target\":{\"@type\":\"EntryPoint\",\"urlTemplate\":\"https:\/\/now-news.de\/de\/?s={search_term_string}\"},\"query-input\":\"required name=search_term_string\"}],\"inLanguage\":\"de\"},{\"@type\":\"Organization\",\"@id\":\"https:\/\/now-news.de\/de\/#organization\",\"name\":\"Just Now News\",\"url\":\"https:\/\/now-news.de\/de\/\",\"logo\":{\"@type\":\"ImageObject\",\"inLanguage\":\"de\",\"@id\":\"https:\/\/now-news.de\/de\/#\/schema\/logo\/image\/\",\"url\":\"http:\/\/just-now.news\/de\/wp-content\/uploads\/sites\/3\/2022\/04\/logo500x500.jpg\",\"contentUrl\":\"http:\/\/just-now.news\/de\/wp-content\/uploads\/sites\/3\/2022\/04\/logo500x500.jpg\",\"width\":500,\"height\":500,\"caption\":\"Just Now News\"},\"image\":{\"@id\":\"https:\/\/now-news.de\/de\/#\/schema\/logo\/image\/\"},\"sameAs\":[\"https:\/\/www.facebook.com\/wirmachenauf\",\"https:\/\/x.com\/WirMachenAuf_de\"]},{\"@type\":\"Person\",\"@id\":\"https:\/\/now-news.de\/de\/#\/schema\/person\/fb534a4e865501d8b3285208df34a9b5\",\"name\":\"rtnews\",\"image\":{\"@type\":\"ImageObject\",\"inLanguage\":\"de\",\"@id\":\"https:\/\/now-news.de\/de\/#\/schema\/person\/image\/\",\"url\":\"https:\/\/secure.gravatar.com\/avatar\/82aafea7d8127119dd649515f56e2117?s=96&d=mm&r=g\",\"contentUrl\":\"https:\/\/secure.gravatar.com\/avatar\/82aafea7d8127119dd649515f56e2117?s=96&d=mm&r=g\",\"caption\":\"rtnews\"},\"url\":\"https:\/\/now-news.de\/de\/author\/rnews\/\"}]}<\/script>\n<!-- \/ Yoast SEO Premium plugin. -->","yoast_head_json":{"title":"Russisches Au\u00dfenministerium wirft UN-Generalsekret\u00e4r Kurzsichtigkeit in Ukraine-Frage vor - just-now.NEWS Deutschland","robots":{"index":"index","follow":"follow","max-snippet":"max-snippet:-1","max-image-preview":"max-image-preview:large","max-video-preview":"max-video-preview:-1"},"canonical":"https:\/\/now-news.de\/de\/deutschland\/russisches-aussenministerium-wirft-un-generalsekretaer-kurzsichtigkeit-in-ukraine-frage-vor\/","og_locale":"de_DE","og_type":"article","og_title":"Russisches Au\u00dfenministerium wirft UN-Generalsekret\u00e4r Kurzsichtigkeit in Ukraine-Frage vor","og_description":"Das russische Au\u00dfenministerium bewertet die j\u00fcngsten Erkl\u00e4rungen des UN-Generalsekret\u00e4rs Ant\u00f3nio Guterres, in denen er den russischen Drohnenangriff auf die Ukraine verurteilte, als kurzsichtig. Dem Ressort zufolge verbreite Guterres &#8220;L\u00fcgen&#8221; zugunsten der Ukraine. Russlands Au\u00dfenministerium kritisierte\u00a0die Erkl\u00e4rung von UN-Generalsekret\u00e4r Ant\u00f3nio Guterres, in der er den &#8220;gr\u00f6\u00dften Angriff Russlands auf die Ukraine seit drei Jahren&#8221; verurteilt hatte. [&hellip;]","og_url":"https:\/\/now-news.de\/de\/deutschland\/russisches-aussenministerium-wirft-un-generalsekretaer-kurzsichtigkeit-in-ukraine-frage-vor\/","og_site_name":"just-now.NEWS Deutschland","article_publisher":"https:\/\/www.facebook.com\/wirmachenauf","article_published_time":"2025-07-10T14:27:05+00:00","og_image":[{"url":"https:\/\/now-news.de\/de\/wp-content\/uploads\/sites\/3\/2025\/07\/686fab1248fbef3a026ba16f.jpg"}],"author":"rtnews","twitter_card":"summary_large_image","twitter_creator":"@WirMachenAuf_de","twitter_site":"@WirMachenAuf_de","twitter_misc":{"Verfasst von":"rtnews","Gesch\u00e4tzte Lesezeit":"2\u00a0Minuten"},"schema":{"@context":"https:\/\/schema.org","@graph":[{"@type":"Article","@id":"https:\/\/now-news.de\/de\/deutschland\/russisches-aussenministerium-wirft-un-generalsekretaer-kurzsichtigkeit-in-ukraine-frage-vor\/#article","isPartOf":{"@id":"https:\/\/now-news.de\/de\/deutschland\/russisches-aussenministerium-wirft-un-generalsekretaer-kurzsichtigkeit-in-ukraine-frage-vor\/"},"author":{"name":"rtnews","@id":"https:\/\/now-news.de\/de\/#\/schema\/person\/fb534a4e865501d8b3285208df34a9b5"},"headline":"Russisches Au\u00dfenministerium wirft UN-Generalsekret\u00e4r Kurzsichtigkeit in Ukraine-Frage vor","datePublished":"2025-07-10T14:27:05+00:00","dateModified":"2025-07-10T14:27:05+00:00","mainEntityOfPage":{"@id":"https:\/\/now-news.de\/de\/deutschland\/russisches-aussenministerium-wirft-un-generalsekretaer-kurzsichtigkeit-in-ukraine-frage-vor\/"},"wordCount":356,"commentCount":0,"publisher":{"@id":"https:\/\/now-news.de\/de\/#organization"},"image":{"@id":"https:\/\/now-news.de\/de\/deutschland\/russisches-aussenministerium-wirft-un-generalsekretaer-kurzsichtigkeit-in-ukraine-frage-vor\/#primaryimage"},"thumbnailUrl":"https:\/\/now-news.de\/de\/wp-content\/uploads\/sites\/3\/2025\/07\/Russisches-Aussenministerium-wirft-UN-Generalsekretaer-Kurzsichtigkeit-in-Ukraine-Frage-vor.jpg","keywords":["Au\u00dfenministerium","Kurzsichtigkeit","Russisches","UkraineFrage","UNGeneralsekret\u00e4r","vor","wirft"],"articleSection":["Deutschland","Russland"],"inLanguage":"de","potentialAction":[{"@type":"CommentAction","name":"Comment","target":["https:\/\/now-news.de\/de\/deutschland\/russisches-aussenministerium-wirft-un-generalsekretaer-kurzsichtigkeit-in-ukraine-frage-vor\/#respond"]}]},{"@type":"WebPage","@id":"https:\/\/now-news.de\/de\/deutschland\/russisches-aussenministerium-wirft-un-generalsekretaer-kurzsichtigkeit-in-ukraine-frage-vor\/","url":"https:\/\/now-news.de\/de\/deutschland\/russisches-aussenministerium-wirft-un-generalsekretaer-kurzsichtigkeit-in-ukraine-frage-vor\/","name":"Russisches Au\u00dfenministerium wirft UN-Generalsekret\u00e4r Kurzsichtigkeit in Ukraine-Frage vor - just-now.NEWS Deutschland","isPartOf":{"@id":"https:\/\/now-news.de\/de\/#website"},"primaryImageOfPage":{"@id":"https:\/\/now-news.de\/de\/deutschland\/russisches-aussenministerium-wirft-un-generalsekretaer-kurzsichtigkeit-in-ukraine-frage-vor\/#primaryimage"},"image":{"@id":"https:\/\/now-news.de\/de\/deutschland\/russisches-aussenministerium-wirft-un-generalsekretaer-kurzsichtigkeit-in-ukraine-frage-vor\/#primaryimage"},"thumbnailUrl":"https:\/\/now-news.de\/de\/wp-content\/uploads\/sites\/3\/2025\/07\/Russisches-Aussenministerium-wirft-UN-Generalsekretaer-Kurzsichtigkeit-in-Ukraine-Frage-vor.jpg","datePublished":"2025-07-10T14:27:05+00:00","dateModified":"2025-07-10T14:27:05+00:00","breadcrumb":{"@id":"https:\/\/now-news.de\/de\/deutschland\/russisches-aussenministerium-wirft-un-generalsekretaer-kurzsichtigkeit-in-ukraine-frage-vor\/#breadcrumb"},"inLanguage":"de","potentialAction":[{"@type":"ReadAction","target":["https:\/\/now-news.de\/de\/deutschland\/russisches-aussenministerium-wirft-un-generalsekretaer-kurzsichtigkeit-in-ukraine-frage-vor\/"]}]},{"@type":"ImageObject","inLanguage":"de","@id":"https:\/\/now-news.de\/de\/deutschland\/russisches-aussenministerium-wirft-un-generalsekretaer-kurzsichtigkeit-in-ukraine-frage-vor\/#primaryimage","url":"https:\/\/now-news.de\/de\/wp-content\/uploads\/sites\/3\/2025\/07\/Russisches-Aussenministerium-wirft-UN-Generalsekretaer-Kurzsichtigkeit-in-Ukraine-Frage-vor.jpg","contentUrl":"https:\/\/now-news.de\/de\/wp-content\/uploads\/sites\/3\/2025\/07\/Russisches-Aussenministerium-wirft-UN-Generalsekretaer-Kurzsichtigkeit-in-Ukraine-Frage-vor.jpg","width":460,"height":259,"caption":"Russisches Au\u00dfenministerium wirft UN-Generalsekret\u00e4r Kurzsichtigkeit in Ukraine-Frage vor"},{"@type":"BreadcrumbList","@id":"https:\/\/now-news.de\/de\/deutschland\/russisches-aussenministerium-wirft-un-generalsekretaer-kurzsichtigkeit-in-ukraine-frage-vor\/#breadcrumb","itemListElement":[{"@type":"ListItem","position":1,"name":"Home","item":"https:\/\/now-news.de\/de\/"},{"@type":"ListItem","position":2,"name":"Russisches Au\u00dfenministerium wirft UN-Generalsekret\u00e4r Kurzsichtigkeit in Ukraine-Frage vor"}]},{"@type":"WebSite","@id":"https:\/\/now-news.de\/de\/#website","url":"https:\/\/now-news.de\/de\/","name":"just-now.NEWS Deutschland","description":"Das Portal f\u00fcr unzensierte Nachrichten aus der Welt","publisher":{"@id":"https:\/\/now-news.de\/de\/#organization"},"potentialAction":[{"@type":"SearchAction","target":{"@type":"EntryPoint","urlTemplate":"https:\/\/now-news.de\/de\/?s={search_term_string}"},"query-input":"required name=search_term_string"}],"inLanguage":"de"},{"@type":"Organization","@id":"https:\/\/now-news.de\/de\/#organization","name":"Just Now News","url":"https:\/\/now-news.de\/de\/","logo":{"@type":"ImageObject","inLanguage":"de","@id":"https:\/\/now-news.de\/de\/#\/schema\/logo\/image\/","url":"http:\/\/just-now.news\/de\/wp-content\/uploads\/sites\/3\/2022\/04\/logo500x500.jpg","contentUrl":"http:\/\/just-now.news\/de\/wp-content\/uploads\/sites\/3\/2022\/04\/logo500x500.jpg","width":500,"height":500,"caption":"Just Now News"},"image":{"@id":"https:\/\/now-news.de\/de\/#\/schema\/logo\/image\/"},"sameAs":["https:\/\/www.facebook.com\/wirmachenauf","https:\/\/x.com\/WirMachenAuf_de"]},{"@type":"Person","@id":"https:\/\/now-news.de\/de\/#\/schema\/person\/fb534a4e865501d8b3285208df34a9b5","name":"rtnews","image":{"@type":"ImageObject","inLanguage":"de","@id":"https:\/\/now-news.de\/de\/#\/schema\/person\/image\/","url":"https:\/\/secure.gravatar.com\/avatar\/82aafea7d8127119dd649515f56e2117?s=96&d=mm&r=g","contentUrl":"https:\/\/secure.gravatar.com\/avatar\/82aafea7d8127119dd649515f56e2117?s=96&d=mm&r=g","caption":"rtnews"},"url":"https:\/\/now-news.de\/de\/author\/rnews\/"}]}},"_links":{"self":[{"href":"https:\/\/now-news.de\/de\/wp-json\/wp\/v2\/posts\/86939"}],"collection":[{"href":"https:\/\/now-news.de\/de\/wp-json\/wp\/v2\/posts"}],"about":[{"href":"https:\/\/now-news.de\/de\/wp-json\/wp\/v2\/types\/post"}],"author":[{"embeddable":true,"href":"https:\/\/now-news.de\/de\/wp-json\/wp\/v2\/users\/3"}],"replies":[{"embeddable":true,"href":"https:\/\/now-news.de\/de\/wp-json\/wp\/v2\/comments?post=86939"}],"version-history":[{"count":0,"href":"https:\/\/now-news.de\/de\/wp-json\/wp\/v2\/posts\/86939\/revisions"}],"wp:featuredmedia":[{"embeddable":true,"href":"https:\/\/now-news.de\/de\/wp-json\/wp\/v2\/media\/86940"}],"wp:attachment":[{"href":"https:\/\/now-news.de\/de\/wp-json\/wp\/v2\/media?parent=86939"}],"wp:term":[{"taxonomy":"category","embeddable":true,"href":"https:\/\/now-news.de\/de\/wp-json\/wp\/v2\/categories?post=86939"},{"taxonomy":"post_tag","embeddable":true,"href":"https:\/\/now-news.de\/de\/wp-json\/wp\/v2\/tags?post=86939"}],"curies":[{"name":"wp","href":"https:\/\/api.w.org\/{rel}","templated":true}]}}