{"id":8693,"date":"2022-05-24T12:26:18","date_gmt":"2022-05-24T10:26:18","guid":{"rendered":"http:\/\/just-now.news\/de\/deutschland\/berichte-moldawiens-ex-praesident-festgenommen\/"},"modified":"2022-05-24T12:26:18","modified_gmt":"2022-05-24T10:26:18","slug":"berichte-moldawiens-ex-praesident-festgenommen","status":"publish","type":"post","link":"https:\/\/now-news.de\/de\/deutschland\/berichte-moldawiens-ex-praesident-festgenommen\/","title":{"rendered":"Berichte: Moldawiens Ex-Pr\u00e4sident festgenommen"},"content":{"rendered":"<div class=\"Text-root Text-type_5 ArticleView-text ViewText-root \">\n<p>Laut Medienberichten haben am heutigen Dienstag\u00a0Beamte des Informations- und Sicherheitsdienstes gemeinsam mit der Anti-Korruptionsbeh\u00f6rde der Republik Moldau im Haus des ehemaligen Pr\u00e4sidenten Igor Dodon Durchsuchungen durchgef\u00fchrt.\u00a0<\/p>\n<p>Der Politiker werde f\u00fcr 72 Stunden festgehalten, sagte die Sprecherin der Generalstaatsanwaltschaft Journalisten. Wie die russische Nachrichtenagentur <em>TASS<\/em> allerdings berichtet, habe die Sprecherin Dodons Festnahme auf Anfrage nicht best\u00e4tigt. &#8220;Wir werden sp\u00e4ter eine offizielle Ank\u00fcndigung machen&#8221;, sagte Marianna Kjorpek einem <em>TASS<\/em>-Korrespondenten.<\/p>\n<div class=\"ReadMore-root Section-root Section-is1to3-xs_is1to1\" data-widgets=\"ReadMore\" data-has-alias>\n<div class=\"Section-container Section-isRow-isTop-isWrap\">\n<article class=\"Card-root Card-is1to1 \">\n<div class=\"Card-imageWrap\">\n<div class=\"Card-picture\">\n<picture class=\"Picture-root Picture-default\"><!--[if IE 9]><video style=\"display: none;\"><![endif]--><source media=\"(-webkit-min-device-pixel-ratio: 2) and (min-resolution: 120dpi)\" data-srcset=\" \nhttp:\/\/just-now.news\/de\/wp-content\/uploads\/sites\/3\/2022\/05\/62877e4848fbef4c2a46a463.jpg 850w,\n                http:\/\/just-now.news\/de\/wp-content\/uploads\/sites\/3\/2022\/05\/1653388627_627_62877e4848fbef4c2a46a463.jpg 1960w,\n            \" ><source data-srcset=\" \nhttp:\/\/just-now.news\/de\/wp-content\/uploads\/sites\/3\/2022\/05\/62877e4848fbef4c2a46a463.jpg 460w,\n              http:\/\/just-now.news\/de\/wp-content\/uploads\/sites\/3\/2022\/05\/1653388627_627_62877e4848fbef4c2a46a463.jpg 980w,\n            \" ><!--[if IE 9]><\/video><![endif]--><img decoding=\"async\" data- src=\"data:image\/png;base64,iVBORw0KGgoAAAANSUhEUgAAABAAAAAJCAQAAACRI2S5AAAAEElEQVR42mNkIAAYRxWAAQAG9gAKqv6+AwAAAABJRU5ErkJggg==\" class=\"Picture-root Picture-default lazyload\" data-src=\"http:\/\/just-now.news\/de\/wp-content\/uploads\/sites\/3\/2022\/05\/62877e4848fbef4c2a46a463.jpg\" alt=\"Krise in Transnistrien: Wird der Ukraine-Konflikt auf andere Teile Europas \u00fcbergreifen?\"><\/source><\/source><\/picture><!-- noscript pattern --><noscript><img decoding=\"async\" src=\"http:\/\/just-now.news\/de\/wp-content\/uploads\/sites\/3\/2022\/05\/1653388627_627_62877e4848fbef4c2a46a463.jpg\" alt=\"Krise in Transnistrien: Wird der Ukraine-Konflikt auf andere Teile Europas \u00fcbergreifen?\"><\/noscript>    <\/div><\/div>\n<div class=\"Card-contentWrap\">\n<div class=\"Card-label\">\n                <span class=\"Label-root Label-analyse\"><br \/>\n                    Analyse<br \/>\n                <\/span>\n            <\/div>\n<div class=\"Card-content\">\n<div class=\"Card-title\">\n<div class=\"HeaderNews-root HeaderNews-type_6 \">\n<p>            <a rel=\"nofollow noopener\" target=\"_blank\" href=\"https:\/\/de.rt.com\/europa\/138938-krise-in-transnistrien-wird-ukraine\/\" class=\"Link-root Link-isFullCard \"><br \/>\n                Krise in Transnistrien: Wird der Ukraine-Konflikt auf andere Teile Europas \u00fcbergreifen?<br \/>\n            <\/a><\/p><\/div><\/div><\/div><\/div>\n<\/article>\n<\/div><\/div>\n<p>Dodon werden Korruption und Staatsverrat vorgeworfen. Am 18. Mai wurde gegen ihn ein Verfahren eingeleitet.\u00a0Der f\u00fcnfte Pr\u00e4sident Moldawiens soll an einer angeblichen Geld\u00fcbergabe beteiligt gewesen sein. Diesbez\u00fcgliche Videobeweise sollen im Jahr 2019 aufgenommen worden sein. Das Video zeigt, wie Dodon von einem Oligarchen eine schwarze T\u00fcte, angeblich voller Geld, \u00fcberreicht bekommt. Das Geld soll f\u00fcr die Finanzierung seiner Partei PSRM, die als russlandfreundlich gilt, bestimmt gewesen sein. Das entsprechende Video tauchte im Internet im Jahr 2020 auf. Die Anti-Korruptionsbeh\u00f6rde erkl\u00e4rte die Vorw\u00fcrfe zun\u00e4chst f\u00fcr unbegr\u00fcndet. Erst ein Spruch der Appellationskammer erzwang die Er\u00f6ffnung eines Verfahrens.<\/p>\n<p>Ende 2020 wurde Dodon von der prowestlichen Politikerin Maia Sandu abgel\u00f6st, die f\u00fcr eine Ann\u00e4herung an die Europ\u00e4ischen Union pl\u00e4diert.<\/p>\n<p>Vor kurzem sagte Dodon der aktuellen Regierung den Kampf an. &#8220;Ich habe nicht vor, aus dem Land auszureisen oder mich zu verstecken&#8221;, zitiert ihn die Nachrichtenagentur <em>Interfax<\/em>.<\/p>\n<p><strong>Mehr zum Thema<\/strong> &#8211; <a rel=\"nofollow noopener\" target=\"_blank\" href=\"https:\/\/deutsch.rt.com\/europa\/139157-moldau-zwischen-neutralitat-und-prowestlicher\/\">Moldau: Zwischen Neutralit\u00e4t und prowestlicher Orientierung<\/a><\/p>\n<\/p>\n<\/div>\n<p><br \/>\n<br \/><a href=\"https:\/\/de.rt.com\/europa\/139227-berichte-moldawiens-ex-prasident-festgenommen\/\">Source link <\/a><\/p>\n","protected":false},"excerpt":{"rendered":"<p>Laut Medienberichten haben am heutigen Dienstag\u00a0Beamte des Informations- und Sicherheitsdienstes gemeinsam mit der Anti-Korruptionsbeh\u00f6rde der Republik Moldau im Haus des ehemaligen Pr\u00e4sidenten Igor Dodon Durchsuchungen durchgef\u00fchrt.\u00a0 Der Politiker werde f\u00fcr 72 Stunden festgehalten, sagte die Sprecherin der Generalstaatsanwaltschaft Journalisten. Wie die russische Nachrichtenagentur TASS allerdings berichtet, habe die Sprecherin Dodons Festnahme auf Anfrage nicht best\u00e4tigt. [&hellip;]<\/p>\n","protected":false},"author":3,"featured_media":8564,"comment_status":"open","ping_status":"open","sticky":false,"template":"","format":"standard","meta":{"wp_automatic_camp":["217"],"fa245487f9ad3747881a37b84c3ef2ee":["Berichte: Moldawiens Ex-Pr\u00e4sident festgenommen"],"original_link":["https:\/\/de.rt.com\/europa\/139227-berichte-moldawiens-ex-prasident-festgenommen\/"],"_thumbnail_id":["8564"],"_wptg_p2tg_sent2tg":["2022-05-24 12:38:11"],"jnews_social_counter_last_update":["1777442175"]},"categories":[19,23],"tags":[7221,3104,1356,21607],"yoast_head":"<!-- This site is optimized with the Yoast SEO Premium plugin v22.7 (Yoast SEO v22.7) - https:\/\/yoast.com\/wordpress\/plugins\/seo\/ -->\n<title>Berichte: Moldawiens Ex-Pr\u00e4sident festgenommen - just-now.NEWS Deutschland<\/title>\n<meta name=\"robots\" content=\"index, follow, max-snippet:-1, max-image-preview:large, max-video-preview:-1\" \/>\n<link rel=\"canonical\" href=\"https:\/\/now-news.de\/de\/deutschland\/berichte-moldawiens-ex-praesident-festgenommen\/\" \/>\n<meta property=\"og:locale\" content=\"de_DE\" \/>\n<meta property=\"og:type\" content=\"article\" \/>\n<meta property=\"og:title\" content=\"Berichte: Moldawiens Ex-Pr\u00e4sident festgenommen\" \/>\n<meta property=\"og:description\" content=\"Laut Medienberichten haben am heutigen Dienstag\u00a0Beamte des Informations- und Sicherheitsdienstes gemeinsam mit der Anti-Korruptionsbeh\u00f6rde der Republik Moldau im Haus des ehemaligen Pr\u00e4sidenten Igor Dodon Durchsuchungen durchgef\u00fchrt.\u00a0 Der Politiker werde f\u00fcr 72 Stunden festgehalten, sagte die Sprecherin der Generalstaatsanwaltschaft Journalisten. Wie die russische Nachrichtenagentur TASS allerdings berichtet, habe die Sprecherin Dodons Festnahme auf Anfrage nicht best\u00e4tigt. [&hellip;]\" \/>\n<meta property=\"og:url\" content=\"https:\/\/now-news.de\/de\/deutschland\/berichte-moldawiens-ex-praesident-festgenommen\/\" \/>\n<meta property=\"og:site_name\" content=\"just-now.NEWS Deutschland\" \/>\n<meta property=\"article:publisher\" content=\"https:\/\/www.facebook.com\/wirmachenauf\" \/>\n<meta property=\"article:published_time\" content=\"2022-05-24T10:26:18+00:00\" \/>\n<meta property=\"og:image\" content=\"https:\/\/now-news.de\/de\/wp-content\/uploads\/sites\/3\/2022\/05\/Krise-in-Transnistrien-Wird-der-Ukraine-Konflikt-auf-andere-Teile-Europas.jpg\" \/>\n\t<meta property=\"og:image:width\" content=\"460\" \/>\n\t<meta property=\"og:image:height\" content=\"259\" \/>\n\t<meta property=\"og:image:type\" content=\"image\/jpeg\" \/>\n<meta name=\"author\" content=\"rtnews\" \/>\n<meta name=\"twitter:card\" content=\"summary_large_image\" \/>\n<meta name=\"twitter:creator\" content=\"@WirMachenAuf_de\" \/>\n<meta name=\"twitter:site\" content=\"@WirMachenAuf_de\" \/>\n<meta name=\"twitter:label1\" content=\"Verfasst von\" \/>\n\t<meta name=\"twitter:data1\" content=\"rtnews\" \/>\n\t<meta name=\"twitter:label2\" content=\"Gesch\u00e4tzte Lesezeit\" \/>\n\t<meta name=\"twitter:data2\" content=\"1\u00a0Minute\" \/>\n<script type=\"application\/ld+json\" class=\"yoast-schema-graph\">{\"@context\":\"https:\/\/schema.org\",\"@graph\":[{\"@type\":\"Article\",\"@id\":\"https:\/\/now-news.de\/de\/deutschland\/berichte-moldawiens-ex-praesident-festgenommen\/#article\",\"isPartOf\":{\"@id\":\"https:\/\/now-news.de\/de\/deutschland\/berichte-moldawiens-ex-praesident-festgenommen\/\"},\"author\":{\"name\":\"rtnews\",\"@id\":\"https:\/\/now-news.de\/de\/#\/schema\/person\/fb534a4e865501d8b3285208df34a9b5\"},\"headline\":\"Berichte: Moldawiens Ex-Pr\u00e4sident festgenommen\",\"datePublished\":\"2022-05-24T10:26:18+00:00\",\"dateModified\":\"2022-05-24T10:26:18+00:00\",\"mainEntityOfPage\":{\"@id\":\"https:\/\/now-news.de\/de\/deutschland\/berichte-moldawiens-ex-praesident-festgenommen\/\"},\"wordCount\":262,\"commentCount\":0,\"publisher\":{\"@id\":\"https:\/\/now-news.de\/de\/#organization\"},\"image\":{\"@id\":\"https:\/\/now-news.de\/de\/deutschland\/berichte-moldawiens-ex-praesident-festgenommen\/#primaryimage\"},\"thumbnailUrl\":\"https:\/\/now-news.de\/de\/wp-content\/uploads\/sites\/3\/2022\/05\/Krise-in-Transnistrien-Wird-der-Ukraine-Konflikt-auf-andere-Teile-Europas.jpg\",\"keywords\":[\"Berichte\",\"ExPr\u00e4sident\",\"festgenommen\",\"Moldawiens\"],\"articleSection\":[\"Deutschland\",\"Russland\"],\"inLanguage\":\"de\",\"potentialAction\":[{\"@type\":\"CommentAction\",\"name\":\"Comment\",\"target\":[\"https:\/\/now-news.de\/de\/deutschland\/berichte-moldawiens-ex-praesident-festgenommen\/#respond\"]}]},{\"@type\":\"WebPage\",\"@id\":\"https:\/\/now-news.de\/de\/deutschland\/berichte-moldawiens-ex-praesident-festgenommen\/\",\"url\":\"https:\/\/now-news.de\/de\/deutschland\/berichte-moldawiens-ex-praesident-festgenommen\/\",\"name\":\"Berichte: Moldawiens Ex-Pr\u00e4sident festgenommen - just-now.NEWS Deutschland\",\"isPartOf\":{\"@id\":\"https:\/\/now-news.de\/de\/#website\"},\"primaryImageOfPage\":{\"@id\":\"https:\/\/now-news.de\/de\/deutschland\/berichte-moldawiens-ex-praesident-festgenommen\/#primaryimage\"},\"image\":{\"@id\":\"https:\/\/now-news.de\/de\/deutschland\/berichte-moldawiens-ex-praesident-festgenommen\/#primaryimage\"},\"thumbnailUrl\":\"https:\/\/now-news.de\/de\/wp-content\/uploads\/sites\/3\/2022\/05\/Krise-in-Transnistrien-Wird-der-Ukraine-Konflikt-auf-andere-Teile-Europas.jpg\",\"datePublished\":\"2022-05-24T10:26:18+00:00\",\"dateModified\":\"2022-05-24T10:26:18+00:00\",\"breadcrumb\":{\"@id\":\"https:\/\/now-news.de\/de\/deutschland\/berichte-moldawiens-ex-praesident-festgenommen\/#breadcrumb\"},\"inLanguage\":\"de\",\"potentialAction\":[{\"@type\":\"ReadAction\",\"target\":[\"https:\/\/now-news.de\/de\/deutschland\/berichte-moldawiens-ex-praesident-festgenommen\/\"]}]},{\"@type\":\"ImageObject\",\"inLanguage\":\"de\",\"@id\":\"https:\/\/now-news.de\/de\/deutschland\/berichte-moldawiens-ex-praesident-festgenommen\/#primaryimage\",\"url\":\"https:\/\/now-news.de\/de\/wp-content\/uploads\/sites\/3\/2022\/05\/Krise-in-Transnistrien-Wird-der-Ukraine-Konflikt-auf-andere-Teile-Europas.jpg\",\"contentUrl\":\"https:\/\/now-news.de\/de\/wp-content\/uploads\/sites\/3\/2022\/05\/Krise-in-Transnistrien-Wird-der-Ukraine-Konflikt-auf-andere-Teile-Europas.jpg\",\"width\":460,\"height\":259,\"caption\":\"Krise in Transnistrien: Wird der Ukraine-Konflikt auf andere Teile Europas \u00fcbergreifen?\"},{\"@type\":\"BreadcrumbList\",\"@id\":\"https:\/\/now-news.de\/de\/deutschland\/berichte-moldawiens-ex-praesident-festgenommen\/#breadcrumb\",\"itemListElement\":[{\"@type\":\"ListItem\",\"position\":1,\"name\":\"Home\",\"item\":\"https:\/\/now-news.de\/de\/\"},{\"@type\":\"ListItem\",\"position\":2,\"name\":\"Berichte: Moldawiens Ex-Pr\u00e4sident festgenommen\"}]},{\"@type\":\"WebSite\",\"@id\":\"https:\/\/now-news.de\/de\/#website\",\"url\":\"https:\/\/now-news.de\/de\/\",\"name\":\"just-now.NEWS Deutschland\",\"description\":\"Das Portal f\u00fcr unzensierte Nachrichten aus der Welt\",\"publisher\":{\"@id\":\"https:\/\/now-news.de\/de\/#organization\"},\"potentialAction\":[{\"@type\":\"SearchAction\",\"target\":{\"@type\":\"EntryPoint\",\"urlTemplate\":\"https:\/\/now-news.de\/de\/?s={search_term_string}\"},\"query-input\":\"required name=search_term_string\"}],\"inLanguage\":\"de\"},{\"@type\":\"Organization\",\"@id\":\"https:\/\/now-news.de\/de\/#organization\",\"name\":\"Just Now News\",\"url\":\"https:\/\/now-news.de\/de\/\",\"logo\":{\"@type\":\"ImageObject\",\"inLanguage\":\"de\",\"@id\":\"https:\/\/now-news.de\/de\/#\/schema\/logo\/image\/\",\"url\":\"http:\/\/just-now.news\/de\/wp-content\/uploads\/sites\/3\/2022\/04\/logo500x500.jpg\",\"contentUrl\":\"http:\/\/just-now.news\/de\/wp-content\/uploads\/sites\/3\/2022\/04\/logo500x500.jpg\",\"width\":500,\"height\":500,\"caption\":\"Just Now News\"},\"image\":{\"@id\":\"https:\/\/now-news.de\/de\/#\/schema\/logo\/image\/\"},\"sameAs\":[\"https:\/\/www.facebook.com\/wirmachenauf\",\"https:\/\/x.com\/WirMachenAuf_de\"]},{\"@type\":\"Person\",\"@id\":\"https:\/\/now-news.de\/de\/#\/schema\/person\/fb534a4e865501d8b3285208df34a9b5\",\"name\":\"rtnews\",\"image\":{\"@type\":\"ImageObject\",\"inLanguage\":\"de\",\"@id\":\"https:\/\/now-news.de\/de\/#\/schema\/person\/image\/\",\"url\":\"https:\/\/secure.gravatar.com\/avatar\/82aafea7d8127119dd649515f56e2117?s=96&d=mm&r=g\",\"contentUrl\":\"https:\/\/secure.gravatar.com\/avatar\/82aafea7d8127119dd649515f56e2117?s=96&d=mm&r=g\",\"caption\":\"rtnews\"},\"url\":\"https:\/\/now-news.de\/de\/author\/rnews\/\"}]}<\/script>\n<!-- \/ Yoast SEO Premium plugin. -->","yoast_head_json":{"title":"Berichte: Moldawiens Ex-Pr\u00e4sident festgenommen - just-now.NEWS Deutschland","robots":{"index":"index","follow":"follow","max-snippet":"max-snippet:-1","max-image-preview":"max-image-preview:large","max-video-preview":"max-video-preview:-1"},"canonical":"https:\/\/now-news.de\/de\/deutschland\/berichte-moldawiens-ex-praesident-festgenommen\/","og_locale":"de_DE","og_type":"article","og_title":"Berichte: Moldawiens Ex-Pr\u00e4sident festgenommen","og_description":"Laut Medienberichten haben am heutigen Dienstag\u00a0Beamte des Informations- und Sicherheitsdienstes gemeinsam mit der Anti-Korruptionsbeh\u00f6rde der Republik Moldau im Haus des ehemaligen Pr\u00e4sidenten Igor Dodon Durchsuchungen durchgef\u00fchrt.\u00a0 Der Politiker werde f\u00fcr 72 Stunden festgehalten, sagte die Sprecherin der Generalstaatsanwaltschaft Journalisten. Wie die russische Nachrichtenagentur TASS allerdings berichtet, habe die Sprecherin Dodons Festnahme auf Anfrage nicht best\u00e4tigt. [&hellip;]","og_url":"https:\/\/now-news.de\/de\/deutschland\/berichte-moldawiens-ex-praesident-festgenommen\/","og_site_name":"just-now.NEWS Deutschland","article_publisher":"https:\/\/www.facebook.com\/wirmachenauf","article_published_time":"2022-05-24T10:26:18+00:00","og_image":[{"width":460,"height":259,"url":"https:\/\/now-news.de\/de\/wp-content\/uploads\/sites\/3\/2022\/05\/Krise-in-Transnistrien-Wird-der-Ukraine-Konflikt-auf-andere-Teile-Europas.jpg","type":"image\/jpeg"}],"author":"rtnews","twitter_card":"summary_large_image","twitter_creator":"@WirMachenAuf_de","twitter_site":"@WirMachenAuf_de","twitter_misc":{"Verfasst von":"rtnews","Gesch\u00e4tzte Lesezeit":"1\u00a0Minute"},"schema":{"@context":"https:\/\/schema.org","@graph":[{"@type":"Article","@id":"https:\/\/now-news.de\/de\/deutschland\/berichte-moldawiens-ex-praesident-festgenommen\/#article","isPartOf":{"@id":"https:\/\/now-news.de\/de\/deutschland\/berichte-moldawiens-ex-praesident-festgenommen\/"},"author":{"name":"rtnews","@id":"https:\/\/now-news.de\/de\/#\/schema\/person\/fb534a4e865501d8b3285208df34a9b5"},"headline":"Berichte: Moldawiens Ex-Pr\u00e4sident festgenommen","datePublished":"2022-05-24T10:26:18+00:00","dateModified":"2022-05-24T10:26:18+00:00","mainEntityOfPage":{"@id":"https:\/\/now-news.de\/de\/deutschland\/berichte-moldawiens-ex-praesident-festgenommen\/"},"wordCount":262,"commentCount":0,"publisher":{"@id":"https:\/\/now-news.de\/de\/#organization"},"image":{"@id":"https:\/\/now-news.de\/de\/deutschland\/berichte-moldawiens-ex-praesident-festgenommen\/#primaryimage"},"thumbnailUrl":"https:\/\/now-news.de\/de\/wp-content\/uploads\/sites\/3\/2022\/05\/Krise-in-Transnistrien-Wird-der-Ukraine-Konflikt-auf-andere-Teile-Europas.jpg","keywords":["Berichte","ExPr\u00e4sident","festgenommen","Moldawiens"],"articleSection":["Deutschland","Russland"],"inLanguage":"de","potentialAction":[{"@type":"CommentAction","name":"Comment","target":["https:\/\/now-news.de\/de\/deutschland\/berichte-moldawiens-ex-praesident-festgenommen\/#respond"]}]},{"@type":"WebPage","@id":"https:\/\/now-news.de\/de\/deutschland\/berichte-moldawiens-ex-praesident-festgenommen\/","url":"https:\/\/now-news.de\/de\/deutschland\/berichte-moldawiens-ex-praesident-festgenommen\/","name":"Berichte: Moldawiens Ex-Pr\u00e4sident festgenommen - just-now.NEWS Deutschland","isPartOf":{"@id":"https:\/\/now-news.de\/de\/#website"},"primaryImageOfPage":{"@id":"https:\/\/now-news.de\/de\/deutschland\/berichte-moldawiens-ex-praesident-festgenommen\/#primaryimage"},"image":{"@id":"https:\/\/now-news.de\/de\/deutschland\/berichte-moldawiens-ex-praesident-festgenommen\/#primaryimage"},"thumbnailUrl":"https:\/\/now-news.de\/de\/wp-content\/uploads\/sites\/3\/2022\/05\/Krise-in-Transnistrien-Wird-der-Ukraine-Konflikt-auf-andere-Teile-Europas.jpg","datePublished":"2022-05-24T10:26:18+00:00","dateModified":"2022-05-24T10:26:18+00:00","breadcrumb":{"@id":"https:\/\/now-news.de\/de\/deutschland\/berichte-moldawiens-ex-praesident-festgenommen\/#breadcrumb"},"inLanguage":"de","potentialAction":[{"@type":"ReadAction","target":["https:\/\/now-news.de\/de\/deutschland\/berichte-moldawiens-ex-praesident-festgenommen\/"]}]},{"@type":"ImageObject","inLanguage":"de","@id":"https:\/\/now-news.de\/de\/deutschland\/berichte-moldawiens-ex-praesident-festgenommen\/#primaryimage","url":"https:\/\/now-news.de\/de\/wp-content\/uploads\/sites\/3\/2022\/05\/Krise-in-Transnistrien-Wird-der-Ukraine-Konflikt-auf-andere-Teile-Europas.jpg","contentUrl":"https:\/\/now-news.de\/de\/wp-content\/uploads\/sites\/3\/2022\/05\/Krise-in-Transnistrien-Wird-der-Ukraine-Konflikt-auf-andere-Teile-Europas.jpg","width":460,"height":259,"caption":"Krise in Transnistrien: Wird der Ukraine-Konflikt auf andere Teile Europas \u00fcbergreifen?"},{"@type":"BreadcrumbList","@id":"https:\/\/now-news.de\/de\/deutschland\/berichte-moldawiens-ex-praesident-festgenommen\/#breadcrumb","itemListElement":[{"@type":"ListItem","position":1,"name":"Home","item":"https:\/\/now-news.de\/de\/"},{"@type":"ListItem","position":2,"name":"Berichte: Moldawiens Ex-Pr\u00e4sident festgenommen"}]},{"@type":"WebSite","@id":"https:\/\/now-news.de\/de\/#website","url":"https:\/\/now-news.de\/de\/","name":"just-now.NEWS Deutschland","description":"Das Portal f\u00fcr unzensierte Nachrichten aus der Welt","publisher":{"@id":"https:\/\/now-news.de\/de\/#organization"},"potentialAction":[{"@type":"SearchAction","target":{"@type":"EntryPoint","urlTemplate":"https:\/\/now-news.de\/de\/?s={search_term_string}"},"query-input":"required name=search_term_string"}],"inLanguage":"de"},{"@type":"Organization","@id":"https:\/\/now-news.de\/de\/#organization","name":"Just Now News","url":"https:\/\/now-news.de\/de\/","logo":{"@type":"ImageObject","inLanguage":"de","@id":"https:\/\/now-news.de\/de\/#\/schema\/logo\/image\/","url":"http:\/\/just-now.news\/de\/wp-content\/uploads\/sites\/3\/2022\/04\/logo500x500.jpg","contentUrl":"http:\/\/just-now.news\/de\/wp-content\/uploads\/sites\/3\/2022\/04\/logo500x500.jpg","width":500,"height":500,"caption":"Just Now News"},"image":{"@id":"https:\/\/now-news.de\/de\/#\/schema\/logo\/image\/"},"sameAs":["https:\/\/www.facebook.com\/wirmachenauf","https:\/\/x.com\/WirMachenAuf_de"]},{"@type":"Person","@id":"https:\/\/now-news.de\/de\/#\/schema\/person\/fb534a4e865501d8b3285208df34a9b5","name":"rtnews","image":{"@type":"ImageObject","inLanguage":"de","@id":"https:\/\/now-news.de\/de\/#\/schema\/person\/image\/","url":"https:\/\/secure.gravatar.com\/avatar\/82aafea7d8127119dd649515f56e2117?s=96&d=mm&r=g","contentUrl":"https:\/\/secure.gravatar.com\/avatar\/82aafea7d8127119dd649515f56e2117?s=96&d=mm&r=g","caption":"rtnews"},"url":"https:\/\/now-news.de\/de\/author\/rnews\/"}]}},"_links":{"self":[{"href":"https:\/\/now-news.de\/de\/wp-json\/wp\/v2\/posts\/8693"}],"collection":[{"href":"https:\/\/now-news.de\/de\/wp-json\/wp\/v2\/posts"}],"about":[{"href":"https:\/\/now-news.de\/de\/wp-json\/wp\/v2\/types\/post"}],"author":[{"embeddable":true,"href":"https:\/\/now-news.de\/de\/wp-json\/wp\/v2\/users\/3"}],"replies":[{"embeddable":true,"href":"https:\/\/now-news.de\/de\/wp-json\/wp\/v2\/comments?post=8693"}],"version-history":[{"count":0,"href":"https:\/\/now-news.de\/de\/wp-json\/wp\/v2\/posts\/8693\/revisions"}],"wp:featuredmedia":[{"embeddable":true,"href":"https:\/\/now-news.de\/de\/wp-json\/wp\/v2\/media\/8564"}],"wp:attachment":[{"href":"https:\/\/now-news.de\/de\/wp-json\/wp\/v2\/media?parent=8693"}],"wp:term":[{"taxonomy":"category","embeddable":true,"href":"https:\/\/now-news.de\/de\/wp-json\/wp\/v2\/categories?post=8693"},{"taxonomy":"post_tag","embeddable":true,"href":"https:\/\/now-news.de\/de\/wp-json\/wp\/v2\/tags?post=8693"}],"curies":[{"name":"wp","href":"https:\/\/api.w.org\/{rel}","templated":true}]}}