{"id":8689,"date":"2022-05-24T11:49:18","date_gmt":"2022-05-24T09:49:18","guid":{"rendered":"http:\/\/just-now.news\/de\/deutschland\/erdogan-ueber-griechenlands-regierungschef-mitsotakis-existiert-fuer-mich-nicht-mehr\/"},"modified":"2022-05-24T11:49:18","modified_gmt":"2022-05-24T09:49:18","slug":"erdogan-ueber-griechenlands-regierungschef-mitsotakis-existiert-fuer-mich-nicht-mehr","status":"publish","type":"post","link":"https:\/\/now-news.de\/de\/deutschland\/erdogan-ueber-griechenlands-regierungschef-mitsotakis-existiert-fuer-mich-nicht-mehr\/","title":{"rendered":"Erdo\u011fan \u00fcber Griechenlands Regierungschef: &quot;Mitsotakis existiert f\u00fcr mich nicht mehr&quot;"},"content":{"rendered":"<div class=\"Text-root Text-type_5 ArticleView-text ViewText-root \">\n<p>Am Montag hat der t\u00fcrkische Pr\u00e4sident Recep Tayyip Erdo\u011fan den griechischen Ministerpr\u00e4sidenten Kyriakos Mitsotakis \u00e4u\u00dferst scharf kritisiert. Er warf dem Regierungschef des Nachbarlandes eine gegnerische Haltung gegen die T\u00fcrkei vor. Erdo\u011fan drohte auch, ein f\u00fcr dieses Jahr geplantes wichtiges Treffen \u00fcber die strategische Kooperation beider NATO-L\u00e4nder aufzuk\u00fcndigen:<\/p>\n<blockquote>\n<p><em>&#8220;Mitsotakis existiert f\u00fcr mich nicht mehr. Ich werde nie einem Treffen mit ihm zustimmen. Denn wir gehen nur mit jenen Politikern zusammen, die ihre Versprechen halten, Charakter haben und ehrlich sind.&#8221;<\/em><\/p>\n<\/blockquote>\n<p>In der vergangenen Woche hatte Mitsotakis bei seinem Besuch in den USA vor einer zunehmenden Instabilit\u00e4t im \u00f6stlichen Mittelmeerraum gewarnt. Dabei \u00e4u\u00dferte er sich vor dem US-Kongress gegen Waffenverk\u00e4ufe an die T\u00fcrkei. Der griechische Regierungschef verwies auf die j\u00fcngst zunehmenden illegalen \u00dcberfl\u00fcge t\u00fcrkischer Kampfjets \u00fcber das griechische Staatsgebiet.<\/p>\n<div class=\"ReadMore-root Section-root Section-is1to3-xs_is1to1\" data-widgets=\"ReadMore\" data-has-alias>\n<div class=\"Section-container Section-isRow-isTop-isWrap\">\n<article class=\"Card-root Card-is1to1 \">\n<div class=\"Card-imageWrap\">\n<div class=\"Card-picture\">\n<picture class=\"Picture-root Picture-default\"><!--[if IE 9]><video style=\"display: none;\"><![endif]--><source media=\"(-webkit-min-device-pixel-ratio: 2) and (min-resolution: 120dpi)\" data-srcset=\" \nhttp:\/\/just-now.news\/de\/wp-content\/uploads\/sites\/3\/2022\/05\/622e0ee8b480cc3dfe4e2358.jpg 850w,\n                http:\/\/just-now.news\/de\/wp-content\/uploads\/sites\/3\/2022\/05\/1653386718_847_622e0ee8b480cc3dfe4e2358.jpg 1960w,\n            \" ><source data-srcset=\" \nhttp:\/\/just-now.news\/de\/wp-content\/uploads\/sites\/3\/2022\/05\/622e0ee8b480cc3dfe4e2358.jpg 460w,\n              http:\/\/just-now.news\/de\/wp-content\/uploads\/sites\/3\/2022\/05\/1653386718_847_622e0ee8b480cc3dfe4e2358.jpg 980w,\n            \" ><!--[if IE 9]><\/video><![endif]--><img decoding=\"async\" data- src=\"data:image\/png;base64,iVBORw0KGgoAAAANSUhEUgAAABAAAAAJCAQAAACRI2S5AAAAEElEQVR42mNkIAAYRxWAAQAG9gAKqv6+AwAAAABJRU5ErkJggg==\" class=\"Picture-root Picture-default lazyload\" data-src=\"http:\/\/just-now.news\/de\/wp-content\/uploads\/sites\/3\/2022\/05\/622e0ee8b480cc3dfe4e2358.jpg\" alt=\"Ann\u00e4herung: Griechischer Premier Mitsotakis trifft t\u00fcrkischen Pr\u00e4sidenten Erdo\u011fan in Istanbul\"><\/source><\/source><\/picture><!-- noscript pattern --><noscript><img decoding=\"async\" src=\"http:\/\/just-now.news\/de\/wp-content\/uploads\/sites\/3\/2022\/05\/1653386718_847_622e0ee8b480cc3dfe4e2358.jpg\" alt=\"Ann\u00e4herung: Griechischer Premier Mitsotakis trifft t\u00fcrkischen Pr\u00e4sidenten Erdo\u011fan in Istanbul\"><\/noscript>    <\/div><\/div>\n<div class=\"Card-contentWrap\">\n<div class=\"Card-content\">\n<div class=\"Card-title\">\n<div class=\"HeaderNews-root HeaderNews-type_6 \">\n<p>            <a rel=\"nofollow noopener\" target=\"_blank\" href=\"https:\/\/de.rt.com\/europa\/133761-annaherung-griechischer-premier-mitsotakis-trifft\/\" class=\"Link-root Link-isFullCard \"><br \/>\n                Ann\u00e4herung: Griechischer Premier Mitsotakis trifft t\u00fcrkischen Pr\u00e4sidenten Erdo\u011fan in Istanbul<br \/>\n            <\/a><\/p><\/div><\/div><\/div><\/div>\n<\/article>\n<\/div><\/div>\n<p>Bei einer Pressekonferenz nach der Regierungssitzung am Montag sagte Erdo\u011fan, Ankara und Athen h\u00e4tten zuvor vereinbart, keine Drittl\u00e4nder in ihren Streit zu verwickeln. Trotzdem habe Mitsotakis dem US-Kongress abgeraten, der T\u00fcrkei F-16-Kampfjets zur Verf\u00fcgung zu stellen. Zugleich zeigte sich der t\u00fcrkische Pr\u00e4sident zuversichtlich, dass Washington seine Entscheidungen diesbez\u00fcglich selbstst\u00e4ndig treffen werde, ohne den griechischen Regierungschef zu konsultieren.<\/p>\n<p>Ferner warf Erdo\u011fan Griechenland vor, Anh\u00e4nger des Geistlichen Fethullah G\u00fclen zu beherbergen. G\u00fclen gilt in Ankara als Anf\u00fchrer des im Jahr 2016 gescheiterten Milit\u00e4rputsches, und seine Bewegung ist in der T\u00fcrkei als terroristisch eingestuft. Auch kritisierte der t\u00fcrkische Staatschef die Regierung in Athen, Milit\u00e4rbasen einzurichten, die gegen die T\u00fcrkei gerichtet seien:<\/p>\n<blockquote>\n<p><em>&#8220;Momentan gibt es in Griechenland zehn Milit\u00e4rbasen. Warum werden diese Milit\u00e4rbasen in Griechenland geschaffen? Gegen wen? Bislang ist Griechenland den europ\u00e4ischen L\u00e4ndern 400 Milliarden Euro schuldig.&#8221;<\/em><\/p>\n<\/blockquote>\n<p>Am Montagabend teilte der griechische Regierungssprecher Giannis Oikonomou mit, Athen werde nicht mit \u00e4hnlichen Aussagen in eine Konfrontation einsteigen.<\/p>\n<p>Inzwischen berichtete der griechische Grenzschutz \u00fcber einen starken Anstieg der Fl\u00fcchtlingszahlen \u00fcber die t\u00fcrkisch-griechische Grenze. Allein am Montag h\u00e4tten der K\u00fcstenwache zufolge knapp 600 Menschen versucht, von der T\u00fcrkei zu den griechischen Inseln der \u00f6stlichen \u00c4g\u00e4is \u00fcberzusetzen. Auch am Grenzfluss Evros w\u00fcrden mittlerweile wieder t\u00e4glich bis zu 300 Menschen daran gehindert, nach Griechenland und damit in die EU zu gelangen, sagte ein Grenzsch\u00fctzer am Dienstagmorgen dem Nachrichtensender <em>Skai<\/em>.<\/p>\n<p><strong>Mehr zum Thema<\/strong> &#8211;\u00a0<a rel=\"nofollow noopener\" target=\"_blank\" href=\"https:\/\/de.rt.com\/international\/138400-erdogan-sieht-nato-beitritt-von-finnland-kritisch\/\">&#8220;Gasth\u00e4user f\u00fcr Terrororganisationen&#8221; \u2013 Erdo\u011fan sieht NATO-Beitritt Finnlands und Schwedens kritisch<\/a><\/p>\n<\/p>\n<\/div>\n<p><br \/>\n<br \/><a href=\"https:\/\/de.rt.com\/europa\/139218-erneut-spannungen-zwischen-ankara-und-athen\/\">Source link <\/a><\/p>\n","protected":false},"excerpt":{"rendered":"<p>Am Montag hat der t\u00fcrkische Pr\u00e4sident Recep Tayyip Erdo\u011fan den griechischen Ministerpr\u00e4sidenten Kyriakos Mitsotakis \u00e4u\u00dferst scharf kritisiert. Er warf dem Regierungschef des Nachbarlandes eine gegnerische Haltung gegen die T\u00fcrkei vor. Erdo\u011fan drohte auch, ein f\u00fcr dieses Jahr geplantes wichtiges Treffen \u00fcber die strategische Kooperation beider NATO-L\u00e4nder aufzuk\u00fcndigen: &#8220;Mitsotakis existiert f\u00fcr mich nicht mehr. Ich werde [&hellip;]<\/p>\n","protected":false},"author":3,"featured_media":8690,"comment_status":"open","ping_status":"open","sticky":false,"template":"","format":"standard","meta":{"wp_automatic_camp":["217"],"634f6e3129e716735ad0c2b6f10d15ba":["Erdo\u011fan \u00fcber Griechenlands Regierungschef: &quot;Mitsotakis existiert f\u00fcr mich nicht mehr&quot;"],"original_link":["https:\/\/de.rt.com\/europa\/139218-erneut-spannungen-zwischen-ankara-und-athen\/"],"_thumbnail_id":["8690"],"_wptg_p2tg_sent2tg":["2022-05-24 12:06:22"],"jnews_social_counter_last_update":["1777316481"]},"categories":[19,23],"tags":[13697,12167,221,21601,21604,3568,800,21603,21602,139],"yoast_head":"<!-- This site is optimized with the Yoast SEO Premium plugin v22.7 (Yoast SEO v22.7) - https:\/\/yoast.com\/wordpress\/plugins\/seo\/ -->\n<title>Erdo\u011fan \u00fcber Griechenlands Regierungschef: &quot;Mitsotakis existiert f\u00fcr mich nicht mehr&quot; - just-now.NEWS Deutschland<\/title>\n<meta name=\"robots\" content=\"index, follow, max-snippet:-1, max-image-preview:large, max-video-preview:-1\" \/>\n<link rel=\"canonical\" href=\"https:\/\/now-news.de\/de\/deutschland\/erdogan-ueber-griechenlands-regierungschef-mitsotakis-existiert-fuer-mich-nicht-mehr\/\" \/>\n<meta property=\"og:locale\" content=\"de_DE\" \/>\n<meta property=\"og:type\" content=\"article\" \/>\n<meta property=\"og:title\" content=\"Erdo\u011fan \u00fcber Griechenlands Regierungschef: &quot;Mitsotakis existiert f\u00fcr mich nicht mehr&quot;\" \/>\n<meta property=\"og:description\" content=\"Am Montag hat der t\u00fcrkische Pr\u00e4sident Recep Tayyip Erdo\u011fan den griechischen Ministerpr\u00e4sidenten Kyriakos Mitsotakis \u00e4u\u00dferst scharf kritisiert. Er warf dem Regierungschef des Nachbarlandes eine gegnerische Haltung gegen die T\u00fcrkei vor. Erdo\u011fan drohte auch, ein f\u00fcr dieses Jahr geplantes wichtiges Treffen \u00fcber die strategische Kooperation beider NATO-L\u00e4nder aufzuk\u00fcndigen: &#8220;Mitsotakis existiert f\u00fcr mich nicht mehr. Ich werde [&hellip;]\" \/>\n<meta property=\"og:url\" content=\"https:\/\/now-news.de\/de\/deutschland\/erdogan-ueber-griechenlands-regierungschef-mitsotakis-existiert-fuer-mich-nicht-mehr\/\" \/>\n<meta property=\"og:site_name\" content=\"just-now.NEWS Deutschland\" \/>\n<meta property=\"article:publisher\" content=\"https:\/\/www.facebook.com\/wirmachenauf\" \/>\n<meta property=\"article:published_time\" content=\"2022-05-24T09:49:18+00:00\" \/>\n<meta property=\"og:image\" content=\"https:\/\/now-news.de\/de\/wp-content\/uploads\/sites\/3\/2022\/05\/Erdogan-ueber-Griechenlands-Regierungschef-quotMitsotakis-existiert-fuer-mich-nicht-mehrquot.jpg\" \/>\n\t<meta property=\"og:image:width\" content=\"460\" \/>\n\t<meta property=\"og:image:height\" content=\"259\" \/>\n\t<meta property=\"og:image:type\" content=\"image\/jpeg\" \/>\n<meta name=\"author\" content=\"rtnews\" \/>\n<meta name=\"twitter:card\" content=\"summary_large_image\" \/>\n<meta name=\"twitter:creator\" content=\"@WirMachenAuf_de\" \/>\n<meta name=\"twitter:site\" content=\"@WirMachenAuf_de\" \/>\n<meta name=\"twitter:label1\" content=\"Verfasst von\" \/>\n\t<meta name=\"twitter:data1\" content=\"rtnews\" \/>\n\t<meta name=\"twitter:label2\" content=\"Gesch\u00e4tzte Lesezeit\" \/>\n\t<meta name=\"twitter:data2\" content=\"2\u00a0Minuten\" \/>\n<script type=\"application\/ld+json\" class=\"yoast-schema-graph\">{\"@context\":\"https:\/\/schema.org\",\"@graph\":[{\"@type\":\"Article\",\"@id\":\"https:\/\/now-news.de\/de\/deutschland\/erdogan-ueber-griechenlands-regierungschef-mitsotakis-existiert-fuer-mich-nicht-mehr\/#article\",\"isPartOf\":{\"@id\":\"https:\/\/now-news.de\/de\/deutschland\/erdogan-ueber-griechenlands-regierungschef-mitsotakis-existiert-fuer-mich-nicht-mehr\/\"},\"author\":{\"name\":\"rtnews\",\"@id\":\"https:\/\/now-news.de\/de\/#\/schema\/person\/fb534a4e865501d8b3285208df34a9b5\"},\"headline\":\"Erdo\u011fan \u00fcber Griechenlands Regierungschef: &quot;Mitsotakis existiert f\u00fcr mich nicht mehr&quot;\",\"datePublished\":\"2022-05-24T09:49:18+00:00\",\"dateModified\":\"2022-05-24T09:49:18+00:00\",\"mainEntityOfPage\":{\"@id\":\"https:\/\/now-news.de\/de\/deutschland\/erdogan-ueber-griechenlands-regierungschef-mitsotakis-existiert-fuer-mich-nicht-mehr\/\"},\"wordCount\":442,\"commentCount\":0,\"publisher\":{\"@id\":\"https:\/\/now-news.de\/de\/#organization\"},\"image\":{\"@id\":\"https:\/\/now-news.de\/de\/deutschland\/erdogan-ueber-griechenlands-regierungschef-mitsotakis-existiert-fuer-mich-nicht-mehr\/#primaryimage\"},\"thumbnailUrl\":\"https:\/\/now-news.de\/de\/wp-content\/uploads\/sites\/3\/2022\/05\/Erdogan-ueber-Griechenlands-Regierungschef-quotMitsotakis-existiert-fuer-mich-nicht-mehrquot.jpg\",\"keywords\":[\"Erdo\u011fan\",\"existiert\",\"f\u00fcr\",\"Griechenlands\",\"mehrquot\",\"mich\",\"nicht\",\"quotMitsotakis\",\"Regierungschef\",\"\u00fcber\"],\"articleSection\":[\"Deutschland\",\"Russland\"],\"inLanguage\":\"de\",\"potentialAction\":[{\"@type\":\"CommentAction\",\"name\":\"Comment\",\"target\":[\"https:\/\/now-news.de\/de\/deutschland\/erdogan-ueber-griechenlands-regierungschef-mitsotakis-existiert-fuer-mich-nicht-mehr\/#respond\"]}]},{\"@type\":\"WebPage\",\"@id\":\"https:\/\/now-news.de\/de\/deutschland\/erdogan-ueber-griechenlands-regierungschef-mitsotakis-existiert-fuer-mich-nicht-mehr\/\",\"url\":\"https:\/\/now-news.de\/de\/deutschland\/erdogan-ueber-griechenlands-regierungschef-mitsotakis-existiert-fuer-mich-nicht-mehr\/\",\"name\":\"Erdo\u011fan \u00fcber Griechenlands Regierungschef: &quot;Mitsotakis existiert f\u00fcr mich nicht mehr&quot; - just-now.NEWS Deutschland\",\"isPartOf\":{\"@id\":\"https:\/\/now-news.de\/de\/#website\"},\"primaryImageOfPage\":{\"@id\":\"https:\/\/now-news.de\/de\/deutschland\/erdogan-ueber-griechenlands-regierungschef-mitsotakis-existiert-fuer-mich-nicht-mehr\/#primaryimage\"},\"image\":{\"@id\":\"https:\/\/now-news.de\/de\/deutschland\/erdogan-ueber-griechenlands-regierungschef-mitsotakis-existiert-fuer-mich-nicht-mehr\/#primaryimage\"},\"thumbnailUrl\":\"https:\/\/now-news.de\/de\/wp-content\/uploads\/sites\/3\/2022\/05\/Erdogan-ueber-Griechenlands-Regierungschef-quotMitsotakis-existiert-fuer-mich-nicht-mehrquot.jpg\",\"datePublished\":\"2022-05-24T09:49:18+00:00\",\"dateModified\":\"2022-05-24T09:49:18+00:00\",\"breadcrumb\":{\"@id\":\"https:\/\/now-news.de\/de\/deutschland\/erdogan-ueber-griechenlands-regierungschef-mitsotakis-existiert-fuer-mich-nicht-mehr\/#breadcrumb\"},\"inLanguage\":\"de\",\"potentialAction\":[{\"@type\":\"ReadAction\",\"target\":[\"https:\/\/now-news.de\/de\/deutschland\/erdogan-ueber-griechenlands-regierungschef-mitsotakis-existiert-fuer-mich-nicht-mehr\/\"]}]},{\"@type\":\"ImageObject\",\"inLanguage\":\"de\",\"@id\":\"https:\/\/now-news.de\/de\/deutschland\/erdogan-ueber-griechenlands-regierungschef-mitsotakis-existiert-fuer-mich-nicht-mehr\/#primaryimage\",\"url\":\"https:\/\/now-news.de\/de\/wp-content\/uploads\/sites\/3\/2022\/05\/Erdogan-ueber-Griechenlands-Regierungschef-quotMitsotakis-existiert-fuer-mich-nicht-mehrquot.jpg\",\"contentUrl\":\"https:\/\/now-news.de\/de\/wp-content\/uploads\/sites\/3\/2022\/05\/Erdogan-ueber-Griechenlands-Regierungschef-quotMitsotakis-existiert-fuer-mich-nicht-mehrquot.jpg\",\"width\":460,\"height\":259,\"caption\":\"Ann\u00e4herung: Griechischer Premier Mitsotakis trifft t\u00fcrkischen Pr\u00e4sidenten Erdo\u011fan in Istanbul\"},{\"@type\":\"BreadcrumbList\",\"@id\":\"https:\/\/now-news.de\/de\/deutschland\/erdogan-ueber-griechenlands-regierungschef-mitsotakis-existiert-fuer-mich-nicht-mehr\/#breadcrumb\",\"itemListElement\":[{\"@type\":\"ListItem\",\"position\":1,\"name\":\"Home\",\"item\":\"https:\/\/now-news.de\/de\/\"},{\"@type\":\"ListItem\",\"position\":2,\"name\":\"Erdo\u011fan \u00fcber Griechenlands Regierungschef: &quot;Mitsotakis existiert f\u00fcr mich nicht mehr&quot;\"}]},{\"@type\":\"WebSite\",\"@id\":\"https:\/\/now-news.de\/de\/#website\",\"url\":\"https:\/\/now-news.de\/de\/\",\"name\":\"just-now.NEWS Deutschland\",\"description\":\"Das Portal f\u00fcr unzensierte Nachrichten aus der Welt\",\"publisher\":{\"@id\":\"https:\/\/now-news.de\/de\/#organization\"},\"potentialAction\":[{\"@type\":\"SearchAction\",\"target\":{\"@type\":\"EntryPoint\",\"urlTemplate\":\"https:\/\/now-news.de\/de\/?s={search_term_string}\"},\"query-input\":\"required name=search_term_string\"}],\"inLanguage\":\"de\"},{\"@type\":\"Organization\",\"@id\":\"https:\/\/now-news.de\/de\/#organization\",\"name\":\"Just Now News\",\"url\":\"https:\/\/now-news.de\/de\/\",\"logo\":{\"@type\":\"ImageObject\",\"inLanguage\":\"de\",\"@id\":\"https:\/\/now-news.de\/de\/#\/schema\/logo\/image\/\",\"url\":\"http:\/\/just-now.news\/de\/wp-content\/uploads\/sites\/3\/2022\/04\/logo500x500.jpg\",\"contentUrl\":\"http:\/\/just-now.news\/de\/wp-content\/uploads\/sites\/3\/2022\/04\/logo500x500.jpg\",\"width\":500,\"height\":500,\"caption\":\"Just Now News\"},\"image\":{\"@id\":\"https:\/\/now-news.de\/de\/#\/schema\/logo\/image\/\"},\"sameAs\":[\"https:\/\/www.facebook.com\/wirmachenauf\",\"https:\/\/x.com\/WirMachenAuf_de\"]},{\"@type\":\"Person\",\"@id\":\"https:\/\/now-news.de\/de\/#\/schema\/person\/fb534a4e865501d8b3285208df34a9b5\",\"name\":\"rtnews\",\"image\":{\"@type\":\"ImageObject\",\"inLanguage\":\"de\",\"@id\":\"https:\/\/now-news.de\/de\/#\/schema\/person\/image\/\",\"url\":\"https:\/\/secure.gravatar.com\/avatar\/82aafea7d8127119dd649515f56e2117?s=96&d=mm&r=g\",\"contentUrl\":\"https:\/\/secure.gravatar.com\/avatar\/82aafea7d8127119dd649515f56e2117?s=96&d=mm&r=g\",\"caption\":\"rtnews\"},\"url\":\"https:\/\/now-news.de\/de\/author\/rnews\/\"}]}<\/script>\n<!-- \/ Yoast SEO Premium plugin. -->","yoast_head_json":{"title":"Erdo\u011fan \u00fcber Griechenlands Regierungschef: &quot;Mitsotakis existiert f\u00fcr mich nicht mehr&quot; - just-now.NEWS Deutschland","robots":{"index":"index","follow":"follow","max-snippet":"max-snippet:-1","max-image-preview":"max-image-preview:large","max-video-preview":"max-video-preview:-1"},"canonical":"https:\/\/now-news.de\/de\/deutschland\/erdogan-ueber-griechenlands-regierungschef-mitsotakis-existiert-fuer-mich-nicht-mehr\/","og_locale":"de_DE","og_type":"article","og_title":"Erdo\u011fan \u00fcber Griechenlands Regierungschef: &quot;Mitsotakis existiert f\u00fcr mich nicht mehr&quot;","og_description":"Am Montag hat der t\u00fcrkische Pr\u00e4sident Recep Tayyip Erdo\u011fan den griechischen Ministerpr\u00e4sidenten Kyriakos Mitsotakis \u00e4u\u00dferst scharf kritisiert. Er warf dem Regierungschef des Nachbarlandes eine gegnerische Haltung gegen die T\u00fcrkei vor. Erdo\u011fan drohte auch, ein f\u00fcr dieses Jahr geplantes wichtiges Treffen \u00fcber die strategische Kooperation beider NATO-L\u00e4nder aufzuk\u00fcndigen: &#8220;Mitsotakis existiert f\u00fcr mich nicht mehr. Ich werde [&hellip;]","og_url":"https:\/\/now-news.de\/de\/deutschland\/erdogan-ueber-griechenlands-regierungschef-mitsotakis-existiert-fuer-mich-nicht-mehr\/","og_site_name":"just-now.NEWS Deutschland","article_publisher":"https:\/\/www.facebook.com\/wirmachenauf","article_published_time":"2022-05-24T09:49:18+00:00","og_image":[{"width":460,"height":259,"url":"https:\/\/now-news.de\/de\/wp-content\/uploads\/sites\/3\/2022\/05\/Erdogan-ueber-Griechenlands-Regierungschef-quotMitsotakis-existiert-fuer-mich-nicht-mehrquot.jpg","type":"image\/jpeg"}],"author":"rtnews","twitter_card":"summary_large_image","twitter_creator":"@WirMachenAuf_de","twitter_site":"@WirMachenAuf_de","twitter_misc":{"Verfasst von":"rtnews","Gesch\u00e4tzte Lesezeit":"2\u00a0Minuten"},"schema":{"@context":"https:\/\/schema.org","@graph":[{"@type":"Article","@id":"https:\/\/now-news.de\/de\/deutschland\/erdogan-ueber-griechenlands-regierungschef-mitsotakis-existiert-fuer-mich-nicht-mehr\/#article","isPartOf":{"@id":"https:\/\/now-news.de\/de\/deutschland\/erdogan-ueber-griechenlands-regierungschef-mitsotakis-existiert-fuer-mich-nicht-mehr\/"},"author":{"name":"rtnews","@id":"https:\/\/now-news.de\/de\/#\/schema\/person\/fb534a4e865501d8b3285208df34a9b5"},"headline":"Erdo\u011fan \u00fcber Griechenlands Regierungschef: &quot;Mitsotakis existiert f\u00fcr mich nicht mehr&quot;","datePublished":"2022-05-24T09:49:18+00:00","dateModified":"2022-05-24T09:49:18+00:00","mainEntityOfPage":{"@id":"https:\/\/now-news.de\/de\/deutschland\/erdogan-ueber-griechenlands-regierungschef-mitsotakis-existiert-fuer-mich-nicht-mehr\/"},"wordCount":442,"commentCount":0,"publisher":{"@id":"https:\/\/now-news.de\/de\/#organization"},"image":{"@id":"https:\/\/now-news.de\/de\/deutschland\/erdogan-ueber-griechenlands-regierungschef-mitsotakis-existiert-fuer-mich-nicht-mehr\/#primaryimage"},"thumbnailUrl":"https:\/\/now-news.de\/de\/wp-content\/uploads\/sites\/3\/2022\/05\/Erdogan-ueber-Griechenlands-Regierungschef-quotMitsotakis-existiert-fuer-mich-nicht-mehrquot.jpg","keywords":["Erdo\u011fan","existiert","f\u00fcr","Griechenlands","mehrquot","mich","nicht","quotMitsotakis","Regierungschef","\u00fcber"],"articleSection":["Deutschland","Russland"],"inLanguage":"de","potentialAction":[{"@type":"CommentAction","name":"Comment","target":["https:\/\/now-news.de\/de\/deutschland\/erdogan-ueber-griechenlands-regierungschef-mitsotakis-existiert-fuer-mich-nicht-mehr\/#respond"]}]},{"@type":"WebPage","@id":"https:\/\/now-news.de\/de\/deutschland\/erdogan-ueber-griechenlands-regierungschef-mitsotakis-existiert-fuer-mich-nicht-mehr\/","url":"https:\/\/now-news.de\/de\/deutschland\/erdogan-ueber-griechenlands-regierungschef-mitsotakis-existiert-fuer-mich-nicht-mehr\/","name":"Erdo\u011fan \u00fcber Griechenlands Regierungschef: &quot;Mitsotakis existiert f\u00fcr mich nicht mehr&quot; - just-now.NEWS Deutschland","isPartOf":{"@id":"https:\/\/now-news.de\/de\/#website"},"primaryImageOfPage":{"@id":"https:\/\/now-news.de\/de\/deutschland\/erdogan-ueber-griechenlands-regierungschef-mitsotakis-existiert-fuer-mich-nicht-mehr\/#primaryimage"},"image":{"@id":"https:\/\/now-news.de\/de\/deutschland\/erdogan-ueber-griechenlands-regierungschef-mitsotakis-existiert-fuer-mich-nicht-mehr\/#primaryimage"},"thumbnailUrl":"https:\/\/now-news.de\/de\/wp-content\/uploads\/sites\/3\/2022\/05\/Erdogan-ueber-Griechenlands-Regierungschef-quotMitsotakis-existiert-fuer-mich-nicht-mehrquot.jpg","datePublished":"2022-05-24T09:49:18+00:00","dateModified":"2022-05-24T09:49:18+00:00","breadcrumb":{"@id":"https:\/\/now-news.de\/de\/deutschland\/erdogan-ueber-griechenlands-regierungschef-mitsotakis-existiert-fuer-mich-nicht-mehr\/#breadcrumb"},"inLanguage":"de","potentialAction":[{"@type":"ReadAction","target":["https:\/\/now-news.de\/de\/deutschland\/erdogan-ueber-griechenlands-regierungschef-mitsotakis-existiert-fuer-mich-nicht-mehr\/"]}]},{"@type":"ImageObject","inLanguage":"de","@id":"https:\/\/now-news.de\/de\/deutschland\/erdogan-ueber-griechenlands-regierungschef-mitsotakis-existiert-fuer-mich-nicht-mehr\/#primaryimage","url":"https:\/\/now-news.de\/de\/wp-content\/uploads\/sites\/3\/2022\/05\/Erdogan-ueber-Griechenlands-Regierungschef-quotMitsotakis-existiert-fuer-mich-nicht-mehrquot.jpg","contentUrl":"https:\/\/now-news.de\/de\/wp-content\/uploads\/sites\/3\/2022\/05\/Erdogan-ueber-Griechenlands-Regierungschef-quotMitsotakis-existiert-fuer-mich-nicht-mehrquot.jpg","width":460,"height":259,"caption":"Ann\u00e4herung: Griechischer Premier Mitsotakis trifft t\u00fcrkischen Pr\u00e4sidenten Erdo\u011fan in Istanbul"},{"@type":"BreadcrumbList","@id":"https:\/\/now-news.de\/de\/deutschland\/erdogan-ueber-griechenlands-regierungschef-mitsotakis-existiert-fuer-mich-nicht-mehr\/#breadcrumb","itemListElement":[{"@type":"ListItem","position":1,"name":"Home","item":"https:\/\/now-news.de\/de\/"},{"@type":"ListItem","position":2,"name":"Erdo\u011fan \u00fcber Griechenlands Regierungschef: &quot;Mitsotakis existiert f\u00fcr mich nicht mehr&quot;"}]},{"@type":"WebSite","@id":"https:\/\/now-news.de\/de\/#website","url":"https:\/\/now-news.de\/de\/","name":"just-now.NEWS Deutschland","description":"Das Portal f\u00fcr unzensierte Nachrichten aus der Welt","publisher":{"@id":"https:\/\/now-news.de\/de\/#organization"},"potentialAction":[{"@type":"SearchAction","target":{"@type":"EntryPoint","urlTemplate":"https:\/\/now-news.de\/de\/?s={search_term_string}"},"query-input":"required name=search_term_string"}],"inLanguage":"de"},{"@type":"Organization","@id":"https:\/\/now-news.de\/de\/#organization","name":"Just Now News","url":"https:\/\/now-news.de\/de\/","logo":{"@type":"ImageObject","inLanguage":"de","@id":"https:\/\/now-news.de\/de\/#\/schema\/logo\/image\/","url":"http:\/\/just-now.news\/de\/wp-content\/uploads\/sites\/3\/2022\/04\/logo500x500.jpg","contentUrl":"http:\/\/just-now.news\/de\/wp-content\/uploads\/sites\/3\/2022\/04\/logo500x500.jpg","width":500,"height":500,"caption":"Just Now News"},"image":{"@id":"https:\/\/now-news.de\/de\/#\/schema\/logo\/image\/"},"sameAs":["https:\/\/www.facebook.com\/wirmachenauf","https:\/\/x.com\/WirMachenAuf_de"]},{"@type":"Person","@id":"https:\/\/now-news.de\/de\/#\/schema\/person\/fb534a4e865501d8b3285208df34a9b5","name":"rtnews","image":{"@type":"ImageObject","inLanguage":"de","@id":"https:\/\/now-news.de\/de\/#\/schema\/person\/image\/","url":"https:\/\/secure.gravatar.com\/avatar\/82aafea7d8127119dd649515f56e2117?s=96&d=mm&r=g","contentUrl":"https:\/\/secure.gravatar.com\/avatar\/82aafea7d8127119dd649515f56e2117?s=96&d=mm&r=g","caption":"rtnews"},"url":"https:\/\/now-news.de\/de\/author\/rnews\/"}]}},"_links":{"self":[{"href":"https:\/\/now-news.de\/de\/wp-json\/wp\/v2\/posts\/8689"}],"collection":[{"href":"https:\/\/now-news.de\/de\/wp-json\/wp\/v2\/posts"}],"about":[{"href":"https:\/\/now-news.de\/de\/wp-json\/wp\/v2\/types\/post"}],"author":[{"embeddable":true,"href":"https:\/\/now-news.de\/de\/wp-json\/wp\/v2\/users\/3"}],"replies":[{"embeddable":true,"href":"https:\/\/now-news.de\/de\/wp-json\/wp\/v2\/comments?post=8689"}],"version-history":[{"count":0,"href":"https:\/\/now-news.de\/de\/wp-json\/wp\/v2\/posts\/8689\/revisions"}],"wp:featuredmedia":[{"embeddable":true,"href":"https:\/\/now-news.de\/de\/wp-json\/wp\/v2\/media\/8690"}],"wp:attachment":[{"href":"https:\/\/now-news.de\/de\/wp-json\/wp\/v2\/media?parent=8689"}],"wp:term":[{"taxonomy":"category","embeddable":true,"href":"https:\/\/now-news.de\/de\/wp-json\/wp\/v2\/categories?post=8689"},{"taxonomy":"post_tag","embeddable":true,"href":"https:\/\/now-news.de\/de\/wp-json\/wp\/v2\/tags?post=8689"}],"curies":[{"name":"wp","href":"https:\/\/api.w.org\/{rel}","templated":true}]}}