{"id":86865,"date":"2025-07-09T11:52:32","date_gmt":"2025-07-09T09:52:32","guid":{"rendered":"https:\/\/now-news.de\/de\/deutschland\/schweizer-svp-nachwuchschef-vergleicht-fluechtlinge-mit-kaefern-und-viren\/"},"modified":"2025-07-09T11:52:32","modified_gmt":"2025-07-09T09:52:32","slug":"schweizer-svp-nachwuchschef-vergleicht-fluechtlinge-mit-kaefern-und-viren","status":"publish","type":"post","link":"https:\/\/now-news.de\/de\/deutschland\/schweizer-svp-nachwuchschef-vergleicht-fluechtlinge-mit-kaefern-und-viren\/","title":{"rendered":"Schweizer SVP-Nachwuchschef vergleicht Fl\u00fcchtlinge mit K\u00e4fern und Viren"},"content":{"rendered":"<p><img decoding=\"async\" src=\"https:\/\/now-news.de\/de\/wp-content\/uploads\/sites\/3\/2025\/07\/686e292848fbef322e410539.png\" \/><\/p>\n<div class=\"Text-root Text-type_1 \">\n                Der Pr\u00e4sident der Jungen SVP Zug, Simon Speck, sorgt mit einer Kolumne in der Zuger Zeitung f\u00fcr Emp\u00f6rung. Darin vergleicht er Asylsuchende mit invasiven Arten wie Quagga-Muscheln oder Sch\u00e4dlingen in der Landwirtschaft. Die Wortwahl wird partei\u00fcbergreifend als entmenschlichend kritisiert.\n            <\/div>\n<p><\/p>\n<div class=\"Text-root Text-type_5 ArticleView-text ViewText-root \">\n<p>In einer Kolumne in der <em><a rel=\"nofollow noopener\" target=\"_blank\" href=\"https:\/\/www.zugerzeitung.ch\/zentralschweiz\/zug\/kolumne-die-junge-sicht-die-heimat-zerfaellt-einreiseverbot-haben-nur-die-quaggamuscheln-ld.2788879\">Zuger Zeitung<\/a>\u00a0<\/em>hat Simon Speck, Pr\u00e4sident der Jungen SVP Kanton Zug, einen Vergleich gezogen, der weit \u00fcber parteipolitische Debatten hinaus Wellen schl\u00e4gt.<\/p>\n<p>Unter dem Deckmantel einer Kritik an der kantonalen Asylpolitik zieht Speck Parallelen zwischen Asylsuchenden und invasiven Arten wie der Quagga-Muschel oder Sch\u00e4dlingen in der Landwirtschaft. Die Wortwahl sorgt f\u00fcr breite Ablehnung \u2013 auch innerhalb seiner eigenen Partei.<\/p>\n<p>Speck argumentiert, dass bei der Bek\u00e4mpfung biologischer Gefahren gro\u00dfer Aufwand betrieben werde, w\u00e4hrend man beim Asylwesen zu nachl\u00e4ssig agiere.<\/p>\n<p>Die dahinterliegende Logik: Wer eine Gefahr darstellt, m\u00fcsse mit derselben Konsequenz behandelt werden \u2013 unabh\u00e4ngig davon, ob es sich um Sch\u00e4dlinge oder Menschen handelt. Diese Gleichsetzung hat eine scharfe Reaktion ausgel\u00f6st.<\/p>\n<p>Die Junge Alternative Zug verurteilt Specks Aussagen als &#8220;rassistisch und entmenschlichend&#8221; und fordert seinen Ausschluss aus der SVP. Auch die Eidgen\u00f6ssische Kommission gegen Rassismus (EKR) bezeichnet die Rhetorik als &#8220;h\u00f6chst problematisch&#8221; und warnt vor historischen Parallelen. Die Verbindung zu entmenschlichenden Sprachbildern totalit\u00e4rer Systeme sei unverkennbar, so die Vizedirektorin Giulia Reimann.<\/p>\n<p data-start=\"2110\" data-end=\"2286\">Rechtlich sei gegen Speck jedoch nichts auszurichten, da der Antirassismusartikel des Strafgesetzbuchs auf Herkunft, Religion und Ethnie abstellt \u2013 nicht auf Aufenthaltsstatus.<\/p>\n<p data-start=\"2288\" data-end=\"2588\">Die SVP Zug wiederum weist die Wortwahl Specks zur\u00fcck, h\u00e4lt aber an ihm fest. Man teile seine Vergleiche nicht, wolle aber keine Konsequenzen daraus ableiten. Parteisprecher Gregor Bruhin kontert die R\u00fccktrittsforderung der Jungen Alternative mit einem Verweis auf deren &#8220;linksextreme&#8221; Vergangenheit. Bruhin dazu:<\/p>\n<blockquote>\n<p data-start=\"2288\" data-end=\"2588\"><em>&#8220;Mit R\u00fccktrittsforderungen von linksextremen Parteien, die insbesondere durch offen antisemitische Politik auffallen, besch\u00e4ftigen wir uns nicht.&#8221;<\/em><\/p>\n<\/blockquote>\n<p data-start=\"2590\" data-end=\"2797\">Der Fall macht deutlich, wie leicht Migrationsdebatten aus dem Ruder laufen.<\/p>\n<p><strong data-start=\"1226\" data-end=\"1286\">Mehr zum Thema\u00a0<\/strong>\u2013 <a rel=\"nofollow noopener\" target=\"_blank\" href=\"https:\/\/freedert.online\/schweiz\/236529-jeder-fuenfte-in-europa-rechnet\/\">Lervoss International Ltd. \u2013 oder das gestohlene Geld der ukrainischen Eisenbahn\u00a0in der Schweiz<\/a><\/p>\n<div class=\"EmbedBlock-root EmbedBlock-externalVideo EmbedBlock-rumble\">\n<div class=\"VkEmbed\"><iframe class=\"lazyload\" data-src=\"https:\/\/rumble.com\/embed\/v5hkgnp\" frameborder=\"0\" width=\"853\" height=\"480\" allowfullscreen><\/iframe><\/div>\n<\/div>\n<\/div>\n<p><br \/>\n<br \/><a href=\"https:\/\/de.rt.com\/schweiz\/250210-schweizer-svp-nachwuchschef-vergleicht-fluechtlinge\/\">Source link <\/a><\/p>\n","protected":false},"excerpt":{"rendered":"<p>Der Pr\u00e4sident der Jungen SVP Zug, Simon Speck, sorgt mit einer Kolumne in der Zuger Zeitung f\u00fcr Emp\u00f6rung. Darin vergleicht er Asylsuchende mit invasiven Arten wie Quagga-Muscheln oder Sch\u00e4dlingen in der Landwirtschaft. Die Wortwahl wird partei\u00fcbergreifend als entmenschlichend kritisiert. In einer Kolumne in der Zuger Zeitung\u00a0hat Simon Speck, Pr\u00e4sident der Jungen SVP Kanton Zug, einen [&hellip;]<\/p>\n","protected":false},"author":3,"featured_media":86866,"comment_status":"open","ping_status":"open","sticky":false,"template":"","format":"standard","meta":{"_yoast_indexnow_last_ping":["1752054944"],"wp_automatic_camp":["217"],"13216427572c9d96429b98307f7ca0d5":["Schweizer SVP-Nachwuchschef vergleicht Fl\u00fcchtlinge mit K\u00e4fern und Viren"],"original_link":["https:\/\/de.rt.com\/schweiz\/250210-schweizer-svp-nachwuchschef-vergleicht-fluechtlinge\/"],"_thumbnail_id":["86866"],"jnews_social_counter_last_update":["1777300476"],"_wptgpro_p2tg_sent2tg":["a:1:{i:23737;s:19:\"2025-07-09 11:56:50\";}"]},"categories":[19,23],"tags":[7572,66219,419,3424,66218,140,6796,51480],"yoast_head":"<!-- This site is optimized with the Yoast SEO Premium plugin v22.7 (Yoast SEO v22.7) - https:\/\/yoast.com\/wordpress\/plugins\/seo\/ -->\n<title>Schweizer SVP-Nachwuchschef vergleicht Fl\u00fcchtlinge mit K\u00e4fern und Viren - just-now.NEWS Deutschland<\/title>\n<meta name=\"robots\" content=\"index, follow, max-snippet:-1, max-image-preview:large, max-video-preview:-1\" \/>\n<link rel=\"canonical\" href=\"https:\/\/now-news.de\/de\/deutschland\/schweizer-svp-nachwuchschef-vergleicht-fluechtlinge-mit-kaefern-und-viren\/\" \/>\n<meta property=\"og:locale\" content=\"de_DE\" \/>\n<meta property=\"og:type\" content=\"article\" \/>\n<meta property=\"og:title\" content=\"Schweizer SVP-Nachwuchschef vergleicht Fl\u00fcchtlinge mit K\u00e4fern und Viren\" \/>\n<meta property=\"og:description\" content=\"Der Pr\u00e4sident der Jungen SVP Zug, Simon Speck, sorgt mit einer Kolumne in der Zuger Zeitung f\u00fcr Emp\u00f6rung. Darin vergleicht er Asylsuchende mit invasiven Arten wie Quagga-Muscheln oder Sch\u00e4dlingen in der Landwirtschaft. Die Wortwahl wird partei\u00fcbergreifend als entmenschlichend kritisiert. In einer Kolumne in der Zuger Zeitung\u00a0hat Simon Speck, Pr\u00e4sident der Jungen SVP Kanton Zug, einen [&hellip;]\" \/>\n<meta property=\"og:url\" content=\"https:\/\/now-news.de\/de\/deutschland\/schweizer-svp-nachwuchschef-vergleicht-fluechtlinge-mit-kaefern-und-viren\/\" \/>\n<meta property=\"og:site_name\" content=\"just-now.NEWS Deutschland\" \/>\n<meta property=\"article:publisher\" content=\"https:\/\/www.facebook.com\/wirmachenauf\" \/>\n<meta property=\"article:published_time\" content=\"2025-07-09T09:52:32+00:00\" \/>\n<meta property=\"og:image\" content=\"https:\/\/now-news.de\/de\/wp-content\/uploads\/sites\/3\/2025\/07\/686e292848fbef322e410539.png\" \/>\n<meta name=\"author\" content=\"rtnews\" \/>\n<meta name=\"twitter:card\" content=\"summary_large_image\" \/>\n<meta name=\"twitter:creator\" content=\"@WirMachenAuf_de\" \/>\n<meta name=\"twitter:site\" content=\"@WirMachenAuf_de\" \/>\n<meta name=\"twitter:label1\" content=\"Verfasst von\" \/>\n\t<meta name=\"twitter:data1\" content=\"rtnews\" \/>\n\t<meta name=\"twitter:label2\" content=\"Gesch\u00e4tzte Lesezeit\" \/>\n\t<meta name=\"twitter:data2\" content=\"2\u00a0Minuten\" \/>\n<script type=\"application\/ld+json\" class=\"yoast-schema-graph\">{\"@context\":\"https:\/\/schema.org\",\"@graph\":[{\"@type\":\"Article\",\"@id\":\"https:\/\/now-news.de\/de\/deutschland\/schweizer-svp-nachwuchschef-vergleicht-fluechtlinge-mit-kaefern-und-viren\/#article\",\"isPartOf\":{\"@id\":\"https:\/\/now-news.de\/de\/deutschland\/schweizer-svp-nachwuchschef-vergleicht-fluechtlinge-mit-kaefern-und-viren\/\"},\"author\":{\"name\":\"rtnews\",\"@id\":\"https:\/\/now-news.de\/de\/#\/schema\/person\/fb534a4e865501d8b3285208df34a9b5\"},\"headline\":\"Schweizer SVP-Nachwuchschef vergleicht Fl\u00fcchtlinge mit K\u00e4fern und Viren\",\"datePublished\":\"2025-07-09T09:52:32+00:00\",\"dateModified\":\"2025-07-09T09:52:32+00:00\",\"mainEntityOfPage\":{\"@id\":\"https:\/\/now-news.de\/de\/deutschland\/schweizer-svp-nachwuchschef-vergleicht-fluechtlinge-mit-kaefern-und-viren\/\"},\"wordCount\":346,\"commentCount\":0,\"publisher\":{\"@id\":\"https:\/\/now-news.de\/de\/#organization\"},\"image\":{\"@id\":\"https:\/\/now-news.de\/de\/deutschland\/schweizer-svp-nachwuchschef-vergleicht-fluechtlinge-mit-kaefern-und-viren\/#primaryimage\"},\"thumbnailUrl\":\"https:\/\/now-news.de\/de\/wp-content\/uploads\/sites\/3\/2025\/07\/Schweizer-SVP-Nachwuchschef-vergleicht-Fluechtlinge-mit-Kaefern-und-Viren.png\",\"keywords\":[\"Fl\u00fcchtlinge\",\"K\u00e4fern\",\"mit\",\"Schweizer\",\"SVPNachwuchschef\",\"und\",\"vergleicht\",\"Viren\"],\"articleSection\":[\"Deutschland\",\"Russland\"],\"inLanguage\":\"de\",\"potentialAction\":[{\"@type\":\"CommentAction\",\"name\":\"Comment\",\"target\":[\"https:\/\/now-news.de\/de\/deutschland\/schweizer-svp-nachwuchschef-vergleicht-fluechtlinge-mit-kaefern-und-viren\/#respond\"]}]},{\"@type\":\"WebPage\",\"@id\":\"https:\/\/now-news.de\/de\/deutschland\/schweizer-svp-nachwuchschef-vergleicht-fluechtlinge-mit-kaefern-und-viren\/\",\"url\":\"https:\/\/now-news.de\/de\/deutschland\/schweizer-svp-nachwuchschef-vergleicht-fluechtlinge-mit-kaefern-und-viren\/\",\"name\":\"Schweizer SVP-Nachwuchschef vergleicht Fl\u00fcchtlinge mit K\u00e4fern und Viren - just-now.NEWS Deutschland\",\"isPartOf\":{\"@id\":\"https:\/\/now-news.de\/de\/#website\"},\"primaryImageOfPage\":{\"@id\":\"https:\/\/now-news.de\/de\/deutschland\/schweizer-svp-nachwuchschef-vergleicht-fluechtlinge-mit-kaefern-und-viren\/#primaryimage\"},\"image\":{\"@id\":\"https:\/\/now-news.de\/de\/deutschland\/schweizer-svp-nachwuchschef-vergleicht-fluechtlinge-mit-kaefern-und-viren\/#primaryimage\"},\"thumbnailUrl\":\"https:\/\/now-news.de\/de\/wp-content\/uploads\/sites\/3\/2025\/07\/Schweizer-SVP-Nachwuchschef-vergleicht-Fluechtlinge-mit-Kaefern-und-Viren.png\",\"datePublished\":\"2025-07-09T09:52:32+00:00\",\"dateModified\":\"2025-07-09T09:52:32+00:00\",\"breadcrumb\":{\"@id\":\"https:\/\/now-news.de\/de\/deutschland\/schweizer-svp-nachwuchschef-vergleicht-fluechtlinge-mit-kaefern-und-viren\/#breadcrumb\"},\"inLanguage\":\"de\",\"potentialAction\":[{\"@type\":\"ReadAction\",\"target\":[\"https:\/\/now-news.de\/de\/deutschland\/schweizer-svp-nachwuchschef-vergleicht-fluechtlinge-mit-kaefern-und-viren\/\"]}]},{\"@type\":\"ImageObject\",\"inLanguage\":\"de\",\"@id\":\"https:\/\/now-news.de\/de\/deutschland\/schweizer-svp-nachwuchschef-vergleicht-fluechtlinge-mit-kaefern-und-viren\/#primaryimage\",\"url\":\"https:\/\/now-news.de\/de\/wp-content\/uploads\/sites\/3\/2025\/07\/Schweizer-SVP-Nachwuchschef-vergleicht-Fluechtlinge-mit-Kaefern-und-Viren.png\",\"contentUrl\":\"https:\/\/now-news.de\/de\/wp-content\/uploads\/sites\/3\/2025\/07\/Schweizer-SVP-Nachwuchschef-vergleicht-Fluechtlinge-mit-Kaefern-und-Viren.png\",\"width\":460,\"height\":259,\"caption\":\"Schweizer SVP-Nachwuchschef vergleicht Fl\u00fcchtlinge mit K\u00e4fern und Viren\"},{\"@type\":\"BreadcrumbList\",\"@id\":\"https:\/\/now-news.de\/de\/deutschland\/schweizer-svp-nachwuchschef-vergleicht-fluechtlinge-mit-kaefern-und-viren\/#breadcrumb\",\"itemListElement\":[{\"@type\":\"ListItem\",\"position\":1,\"name\":\"Home\",\"item\":\"https:\/\/now-news.de\/de\/\"},{\"@type\":\"ListItem\",\"position\":2,\"name\":\"Schweizer SVP-Nachwuchschef vergleicht Fl\u00fcchtlinge mit K\u00e4fern und Viren\"}]},{\"@type\":\"WebSite\",\"@id\":\"https:\/\/now-news.de\/de\/#website\",\"url\":\"https:\/\/now-news.de\/de\/\",\"name\":\"just-now.NEWS Deutschland\",\"description\":\"Das Portal f\u00fcr unzensierte Nachrichten aus der Welt\",\"publisher\":{\"@id\":\"https:\/\/now-news.de\/de\/#organization\"},\"potentialAction\":[{\"@type\":\"SearchAction\",\"target\":{\"@type\":\"EntryPoint\",\"urlTemplate\":\"https:\/\/now-news.de\/de\/?s={search_term_string}\"},\"query-input\":\"required name=search_term_string\"}],\"inLanguage\":\"de\"},{\"@type\":\"Organization\",\"@id\":\"https:\/\/now-news.de\/de\/#organization\",\"name\":\"Just Now News\",\"url\":\"https:\/\/now-news.de\/de\/\",\"logo\":{\"@type\":\"ImageObject\",\"inLanguage\":\"de\",\"@id\":\"https:\/\/now-news.de\/de\/#\/schema\/logo\/image\/\",\"url\":\"http:\/\/just-now.news\/de\/wp-content\/uploads\/sites\/3\/2022\/04\/logo500x500.jpg\",\"contentUrl\":\"http:\/\/just-now.news\/de\/wp-content\/uploads\/sites\/3\/2022\/04\/logo500x500.jpg\",\"width\":500,\"height\":500,\"caption\":\"Just Now News\"},\"image\":{\"@id\":\"https:\/\/now-news.de\/de\/#\/schema\/logo\/image\/\"},\"sameAs\":[\"https:\/\/www.facebook.com\/wirmachenauf\",\"https:\/\/x.com\/WirMachenAuf_de\"]},{\"@type\":\"Person\",\"@id\":\"https:\/\/now-news.de\/de\/#\/schema\/person\/fb534a4e865501d8b3285208df34a9b5\",\"name\":\"rtnews\",\"image\":{\"@type\":\"ImageObject\",\"inLanguage\":\"de\",\"@id\":\"https:\/\/now-news.de\/de\/#\/schema\/person\/image\/\",\"url\":\"https:\/\/secure.gravatar.com\/avatar\/82aafea7d8127119dd649515f56e2117?s=96&d=mm&r=g\",\"contentUrl\":\"https:\/\/secure.gravatar.com\/avatar\/82aafea7d8127119dd649515f56e2117?s=96&d=mm&r=g\",\"caption\":\"rtnews\"},\"url\":\"https:\/\/now-news.de\/de\/author\/rnews\/\"}]}<\/script>\n<!-- \/ Yoast SEO Premium plugin. -->","yoast_head_json":{"title":"Schweizer SVP-Nachwuchschef vergleicht Fl\u00fcchtlinge mit K\u00e4fern und Viren - just-now.NEWS Deutschland","robots":{"index":"index","follow":"follow","max-snippet":"max-snippet:-1","max-image-preview":"max-image-preview:large","max-video-preview":"max-video-preview:-1"},"canonical":"https:\/\/now-news.de\/de\/deutschland\/schweizer-svp-nachwuchschef-vergleicht-fluechtlinge-mit-kaefern-und-viren\/","og_locale":"de_DE","og_type":"article","og_title":"Schweizer SVP-Nachwuchschef vergleicht Fl\u00fcchtlinge mit K\u00e4fern und Viren","og_description":"Der Pr\u00e4sident der Jungen SVP Zug, Simon Speck, sorgt mit einer Kolumne in der Zuger Zeitung f\u00fcr Emp\u00f6rung. Darin vergleicht er Asylsuchende mit invasiven Arten wie Quagga-Muscheln oder Sch\u00e4dlingen in der Landwirtschaft. Die Wortwahl wird partei\u00fcbergreifend als entmenschlichend kritisiert. In einer Kolumne in der Zuger Zeitung\u00a0hat Simon Speck, Pr\u00e4sident der Jungen SVP Kanton Zug, einen [&hellip;]","og_url":"https:\/\/now-news.de\/de\/deutschland\/schweizer-svp-nachwuchschef-vergleicht-fluechtlinge-mit-kaefern-und-viren\/","og_site_name":"just-now.NEWS Deutschland","article_publisher":"https:\/\/www.facebook.com\/wirmachenauf","article_published_time":"2025-07-09T09:52:32+00:00","og_image":[{"url":"https:\/\/now-news.de\/de\/wp-content\/uploads\/sites\/3\/2025\/07\/686e292848fbef322e410539.png"}],"author":"rtnews","twitter_card":"summary_large_image","twitter_creator":"@WirMachenAuf_de","twitter_site":"@WirMachenAuf_de","twitter_misc":{"Verfasst von":"rtnews","Gesch\u00e4tzte Lesezeit":"2\u00a0Minuten"},"schema":{"@context":"https:\/\/schema.org","@graph":[{"@type":"Article","@id":"https:\/\/now-news.de\/de\/deutschland\/schweizer-svp-nachwuchschef-vergleicht-fluechtlinge-mit-kaefern-und-viren\/#article","isPartOf":{"@id":"https:\/\/now-news.de\/de\/deutschland\/schweizer-svp-nachwuchschef-vergleicht-fluechtlinge-mit-kaefern-und-viren\/"},"author":{"name":"rtnews","@id":"https:\/\/now-news.de\/de\/#\/schema\/person\/fb534a4e865501d8b3285208df34a9b5"},"headline":"Schweizer SVP-Nachwuchschef vergleicht Fl\u00fcchtlinge mit K\u00e4fern und Viren","datePublished":"2025-07-09T09:52:32+00:00","dateModified":"2025-07-09T09:52:32+00:00","mainEntityOfPage":{"@id":"https:\/\/now-news.de\/de\/deutschland\/schweizer-svp-nachwuchschef-vergleicht-fluechtlinge-mit-kaefern-und-viren\/"},"wordCount":346,"commentCount":0,"publisher":{"@id":"https:\/\/now-news.de\/de\/#organization"},"image":{"@id":"https:\/\/now-news.de\/de\/deutschland\/schweizer-svp-nachwuchschef-vergleicht-fluechtlinge-mit-kaefern-und-viren\/#primaryimage"},"thumbnailUrl":"https:\/\/now-news.de\/de\/wp-content\/uploads\/sites\/3\/2025\/07\/Schweizer-SVP-Nachwuchschef-vergleicht-Fluechtlinge-mit-Kaefern-und-Viren.png","keywords":["Fl\u00fcchtlinge","K\u00e4fern","mit","Schweizer","SVPNachwuchschef","und","vergleicht","Viren"],"articleSection":["Deutschland","Russland"],"inLanguage":"de","potentialAction":[{"@type":"CommentAction","name":"Comment","target":["https:\/\/now-news.de\/de\/deutschland\/schweizer-svp-nachwuchschef-vergleicht-fluechtlinge-mit-kaefern-und-viren\/#respond"]}]},{"@type":"WebPage","@id":"https:\/\/now-news.de\/de\/deutschland\/schweizer-svp-nachwuchschef-vergleicht-fluechtlinge-mit-kaefern-und-viren\/","url":"https:\/\/now-news.de\/de\/deutschland\/schweizer-svp-nachwuchschef-vergleicht-fluechtlinge-mit-kaefern-und-viren\/","name":"Schweizer SVP-Nachwuchschef vergleicht Fl\u00fcchtlinge mit K\u00e4fern und Viren - just-now.NEWS Deutschland","isPartOf":{"@id":"https:\/\/now-news.de\/de\/#website"},"primaryImageOfPage":{"@id":"https:\/\/now-news.de\/de\/deutschland\/schweizer-svp-nachwuchschef-vergleicht-fluechtlinge-mit-kaefern-und-viren\/#primaryimage"},"image":{"@id":"https:\/\/now-news.de\/de\/deutschland\/schweizer-svp-nachwuchschef-vergleicht-fluechtlinge-mit-kaefern-und-viren\/#primaryimage"},"thumbnailUrl":"https:\/\/now-news.de\/de\/wp-content\/uploads\/sites\/3\/2025\/07\/Schweizer-SVP-Nachwuchschef-vergleicht-Fluechtlinge-mit-Kaefern-und-Viren.png","datePublished":"2025-07-09T09:52:32+00:00","dateModified":"2025-07-09T09:52:32+00:00","breadcrumb":{"@id":"https:\/\/now-news.de\/de\/deutschland\/schweizer-svp-nachwuchschef-vergleicht-fluechtlinge-mit-kaefern-und-viren\/#breadcrumb"},"inLanguage":"de","potentialAction":[{"@type":"ReadAction","target":["https:\/\/now-news.de\/de\/deutschland\/schweizer-svp-nachwuchschef-vergleicht-fluechtlinge-mit-kaefern-und-viren\/"]}]},{"@type":"ImageObject","inLanguage":"de","@id":"https:\/\/now-news.de\/de\/deutschland\/schweizer-svp-nachwuchschef-vergleicht-fluechtlinge-mit-kaefern-und-viren\/#primaryimage","url":"https:\/\/now-news.de\/de\/wp-content\/uploads\/sites\/3\/2025\/07\/Schweizer-SVP-Nachwuchschef-vergleicht-Fluechtlinge-mit-Kaefern-und-Viren.png","contentUrl":"https:\/\/now-news.de\/de\/wp-content\/uploads\/sites\/3\/2025\/07\/Schweizer-SVP-Nachwuchschef-vergleicht-Fluechtlinge-mit-Kaefern-und-Viren.png","width":460,"height":259,"caption":"Schweizer SVP-Nachwuchschef vergleicht Fl\u00fcchtlinge mit K\u00e4fern und Viren"},{"@type":"BreadcrumbList","@id":"https:\/\/now-news.de\/de\/deutschland\/schweizer-svp-nachwuchschef-vergleicht-fluechtlinge-mit-kaefern-und-viren\/#breadcrumb","itemListElement":[{"@type":"ListItem","position":1,"name":"Home","item":"https:\/\/now-news.de\/de\/"},{"@type":"ListItem","position":2,"name":"Schweizer SVP-Nachwuchschef vergleicht Fl\u00fcchtlinge mit K\u00e4fern und Viren"}]},{"@type":"WebSite","@id":"https:\/\/now-news.de\/de\/#website","url":"https:\/\/now-news.de\/de\/","name":"just-now.NEWS Deutschland","description":"Das Portal f\u00fcr unzensierte Nachrichten aus der Welt","publisher":{"@id":"https:\/\/now-news.de\/de\/#organization"},"potentialAction":[{"@type":"SearchAction","target":{"@type":"EntryPoint","urlTemplate":"https:\/\/now-news.de\/de\/?s={search_term_string}"},"query-input":"required name=search_term_string"}],"inLanguage":"de"},{"@type":"Organization","@id":"https:\/\/now-news.de\/de\/#organization","name":"Just Now News","url":"https:\/\/now-news.de\/de\/","logo":{"@type":"ImageObject","inLanguage":"de","@id":"https:\/\/now-news.de\/de\/#\/schema\/logo\/image\/","url":"http:\/\/just-now.news\/de\/wp-content\/uploads\/sites\/3\/2022\/04\/logo500x500.jpg","contentUrl":"http:\/\/just-now.news\/de\/wp-content\/uploads\/sites\/3\/2022\/04\/logo500x500.jpg","width":500,"height":500,"caption":"Just Now News"},"image":{"@id":"https:\/\/now-news.de\/de\/#\/schema\/logo\/image\/"},"sameAs":["https:\/\/www.facebook.com\/wirmachenauf","https:\/\/x.com\/WirMachenAuf_de"]},{"@type":"Person","@id":"https:\/\/now-news.de\/de\/#\/schema\/person\/fb534a4e865501d8b3285208df34a9b5","name":"rtnews","image":{"@type":"ImageObject","inLanguage":"de","@id":"https:\/\/now-news.de\/de\/#\/schema\/person\/image\/","url":"https:\/\/secure.gravatar.com\/avatar\/82aafea7d8127119dd649515f56e2117?s=96&d=mm&r=g","contentUrl":"https:\/\/secure.gravatar.com\/avatar\/82aafea7d8127119dd649515f56e2117?s=96&d=mm&r=g","caption":"rtnews"},"url":"https:\/\/now-news.de\/de\/author\/rnews\/"}]}},"_links":{"self":[{"href":"https:\/\/now-news.de\/de\/wp-json\/wp\/v2\/posts\/86865"}],"collection":[{"href":"https:\/\/now-news.de\/de\/wp-json\/wp\/v2\/posts"}],"about":[{"href":"https:\/\/now-news.de\/de\/wp-json\/wp\/v2\/types\/post"}],"author":[{"embeddable":true,"href":"https:\/\/now-news.de\/de\/wp-json\/wp\/v2\/users\/3"}],"replies":[{"embeddable":true,"href":"https:\/\/now-news.de\/de\/wp-json\/wp\/v2\/comments?post=86865"}],"version-history":[{"count":0,"href":"https:\/\/now-news.de\/de\/wp-json\/wp\/v2\/posts\/86865\/revisions"}],"wp:featuredmedia":[{"embeddable":true,"href":"https:\/\/now-news.de\/de\/wp-json\/wp\/v2\/media\/86866"}],"wp:attachment":[{"href":"https:\/\/now-news.de\/de\/wp-json\/wp\/v2\/media?parent=86865"}],"wp:term":[{"taxonomy":"category","embeddable":true,"href":"https:\/\/now-news.de\/de\/wp-json\/wp\/v2\/categories?post=86865"},{"taxonomy":"post_tag","embeddable":true,"href":"https:\/\/now-news.de\/de\/wp-json\/wp\/v2\/tags?post=86865"}],"curies":[{"name":"wp","href":"https:\/\/api.w.org\/{rel}","templated":true}]}}