{"id":86850,"date":"2025-07-08T21:55:56","date_gmt":"2025-07-08T19:55:56","guid":{"rendered":"https:\/\/now-news.de\/de\/deutschland\/ursula-von-der-leyen-zum-misstrauensvotum-putin-wars\/"},"modified":"2025-07-08T21:55:56","modified_gmt":"2025-07-08T19:55:56","slug":"ursula-von-der-leyen-zum-misstrauensvotum-putin-wars","status":"publish","type":"post","link":"https:\/\/now-news.de\/de\/deutschland\/ursula-von-der-leyen-zum-misstrauensvotum-putin-wars\/","title":{"rendered":"Ursula von der Leyen zum Misstrauensvotum: Putin war&#039;s"},"content":{"rendered":"<p><img decoding=\"async\" src=\"https:\/\/now-news.de\/de\/wp-content\/uploads\/sites\/3\/2025\/07\/686d680b48fbef310c3ded3b.jpg\" \/><\/p>\n<div class=\"Text-root Text-type_1 \">\n                Vermutlich niemand h\u00e4tte erwartet, dass Ursula von der Leyen im Zusammenhang mit dem Misstrauensvotum im Europ\u00e4ischen Parlament so etwas wie Einsicht oder Selbstkritik zeigt. Tats\u00e4chlich lieferte sie in ihrer ersten \u00f6ffentlichen Stellungnahme ein Kompendium der EU-Propaganda.\n            <\/div>\n<p><\/p>\n<div class=\"Text-root Text-type_5 ArticleView-text ViewText-root \">\n<p>Am Montag hielt EU-Kommissionspr\u00e4sidentin Ursula von der Leyen zur Er\u00f6ffnung der Sitzung des Europ\u00e4ischen Parlaments eine Rede, in der sie zum ersten Mal zu den Vorw\u00fcrfen Stellung nahm, die zum anstehenden Misstrauensvotum f\u00fchrten, das am Donnerstag stattfinden wird. Die Aussichten, dass dieses Misstrauensvotum zu einer Absetzung f\u00fchrt, sind zwar gering; aber zumindest regt sich erster Widerstand gegen die Kommissionspr\u00e4sidentin.<\/p>\n<p>Den lie\u00df sie in ihrer <a rel=\"nofollow noopener\" target=\"_blank\" href=\"https:\/\/ec.europa.eu\/commission\/presscorner\/detail\/en\/speech_25_1758\">Rede<\/a> in gewohnter Weise von sich abtropfen. Gleich zu Beginn griff sie den rum\u00e4nischen Abgeordneten Gheorghe Piperea an, der das Misstrauensvotum initiiert hatte:<\/p>\n<p><em>&#8220;Das stammt direkt aus dem \u00e4ltesten Handbuch der Extremisten. Die Gesellschaft polarisieren und das Vertrauen in die Demokratie mit falschen Behauptungen \u00fcber Wahleinmischung erodieren&#8221;,<\/em><\/p>\n<p>sagte sie. Allerdings war es die EU, die in Rum\u00e4nien den ersten Wahlgang der Pr\u00e4sidentschaftswahlen annullieren lie\u00df.<\/p>\n<p><em>&#8220;Der Versuch, die Geschichte umzuschreiben, wie Europa erfolgreich die globale Pandemie gemeinsam besiegte [\u2026]. Widerlegte Verschw\u00f6rungstheorien \u00fcber Textnachrichten ausbreiten.&#8221;<\/em><\/p>\n<p>Der Hauptvorwurf gegen von der Leyen bezieht sich darauf, dass sie Verhandlungen mit Pfizer \u00fcber Textnachrichten auf ihrem Handy gef\u00fchrt und die Textnachrichten danach aber gel\u00f6scht hatte. Diese Tatsache hatte der Europ\u00e4ische Gerichtshof j\u00fcngst ger\u00fcgt. Es handelt sich also mitnichten um eine &#8220;widerlegte Verschw\u00f6rungstheorie&#8221;. Gleiches gilt f\u00fcr die Tatsache, dass von der Leyens Ehemann bei Pfizer besch\u00e4ftigt ist.<\/p>\n<p><em>&#8220;Wir k\u00f6nnen Herrn Piperea in seine Welt der Verschw\u00f6rungen und vermeintlichen finsteren Pl\u00e4ne von \u2013 wie er es nennt \u2013 Br\u00fcssel folgen, oder wir k\u00f6nnen das klar als das benennen, was es ist; ein weiterer grober Versuch, einen Keil zwischen unsere Institutionen, zwischen die proeurop\u00e4ischen, prodemokratischen Kr\u00e4fte in diesem Haus zu treiben.&#8221;<\/em><\/p>\n<p>Danach f\u00fchrte sie die &#8220;tragischen Bilder der Milit\u00e4rlastwagen, die nachts durch Bergamo rollten&#8221; an und erkl\u00e4rte zur gesamten Phase der Corona-Ma\u00dfnahmen, es sei &#8220;offen und transparent&#8221; diskutiert worden, und sie, Ursula von der Leyen, habe den &#8220;Rat der besten Epidemiologen und Virologen der Welt&#8221; gesucht. Es habe keine Geheimvertr\u00e4ge gegeben. Und \u00fcberhaupt sei der Schuldige an der \u00fcblichen Stelle zu suchen:<\/p>\n<p><em>&#8220;Wir sehen die alarmierende Bedrohung durch extremistische Parteien, die unsere Gesellschaften durch Desinformation polarisieren wollen. Es gibt keinen Beweis, dass sie irgendwelche Antworten haben, aber es gibt viele Beweise, dass viele von unseren Feinden unterst\u00fctzt werden, und von ihren Puppenspielern in Russland oder anderswo. Das sind Bewegungen, die von Verschw\u00f6rungen angetrieben werden, von Impfgegnern bis zu Putin-Apologeten.&#8221;<\/em><\/p>\n<p>Tats\u00e4chlich haben aus Deutschland bereits die AfD wie das BSW angek\u00fcndigt, das Misstrauensvotum zu unterst\u00fctzen. Der Antrag w\u00e4re aber nur erfolgreich, wenn er eine Zweidrittelmehrheit erreicht; das ist extrem unwahrscheinlich. In dem Fall w\u00e4re nicht nur von der Leyen abgesetzt, sondern die gesamte EU-Kommission.<\/p>\n<p>Piperea ist Mitglied der rum\u00e4nischen Partei AUR, die nach massiver Intervention seitens der EU im zweiten Anlauf der Pr\u00e4sidentschaftswahlen knapp unterlag. Die Annullierung der ersten Runde, bei der der Au\u00dfenseiter Calin Georgescu gef\u00fchrt hat, wurde au\u00dferhalb der EU als undemokratischer Akt gesehen; selbst in den Vereinigten Staaten.<\/p>\n<p><strong>Mehr zum Thema<\/strong>\u00a0\u2013 <a rel=\"nofollow noopener\" target=\"_blank\" href=\"https:\/\/freedert.online\/europa\/249893-eu-mischt-sich-offen-in\/\">EU mischt sich offen in moldawischen Wahlkampf ein<\/a><\/p>\n<div class=\"EmbedBlock-root EmbedBlock-externalVideo EmbedBlock-rumble\">\n<div class=\"VkEmbed\"><iframe class=\"lazyload\" data-src=\"https:\/\/rumble.com\/embed\/v6tp4e8\" frameborder=\"0\" width=\"853\" height=\"480\" allowfullscreen><\/iframe><\/div>\n<\/div>\n<\/div>\n<p><br \/>\n<br \/><a href=\"https:\/\/de.rt.com\/europa\/250183-ursula-von-leyen-zum-misstrauensvotum\/\">Source link <\/a><\/p>\n","protected":false},"excerpt":{"rendered":"<p>Vermutlich niemand h\u00e4tte erwartet, dass Ursula von der Leyen im Zusammenhang mit dem Misstrauensvotum im Europ\u00e4ischen Parlament so etwas wie Einsicht oder Selbstkritik zeigt. Tats\u00e4chlich lieferte sie in ihrer ersten \u00f6ffentlichen Stellungnahme ein Kompendium der EU-Propaganda. Am Montag hielt EU-Kommissionspr\u00e4sidentin Ursula von der Leyen zur Er\u00f6ffnung der Sitzung des Europ\u00e4ischen Parlaments eine Rede, in der [&hellip;]<\/p>\n","protected":false},"author":3,"featured_media":86851,"comment_status":"open","ping_status":"open","sticky":false,"template":"","format":"standard","meta":{"_yoast_indexnow_last_ping":["1752004860"],"wp_automatic_camp":["217"],"b840a26c5cb261a1d185d807bc92d122":["Ursula von der Leyen zum Misstrauensvotum: Putin war&#039;s"],"original_link":["https:\/\/de.rt.com\/europa\/250183-ursula-von-leyen-zum-misstrauensvotum\/"],"_thumbnail_id":["86851"],"jnews_social_counter_last_update":["1777235403"],"_wptgpro_p2tg_sent2tg":["a:1:{i:23737;s:19:\"2025-07-08 22:02:05\";}"]},"categories":[19,23],"tags":[82,368,23304,125,8980,50,39774,565],"yoast_head":"<!-- This site is optimized with the Yoast SEO Premium plugin v22.7 (Yoast SEO v22.7) - https:\/\/yoast.com\/wordpress\/plugins\/seo\/ -->\n<title>Ursula von der Leyen zum Misstrauensvotum: Putin war&#039;s - just-now.NEWS Deutschland<\/title>\n<meta name=\"robots\" content=\"index, follow, max-snippet:-1, max-image-preview:large, max-video-preview:-1\" \/>\n<link rel=\"canonical\" href=\"https:\/\/now-news.de\/de\/deutschland\/ursula-von-der-leyen-zum-misstrauensvotum-putin-wars\/\" \/>\n<meta property=\"og:locale\" content=\"de_DE\" \/>\n<meta property=\"og:type\" content=\"article\" \/>\n<meta property=\"og:title\" content=\"Ursula von der Leyen zum Misstrauensvotum: Putin war&#039;s\" \/>\n<meta property=\"og:description\" content=\"Vermutlich niemand h\u00e4tte erwartet, dass Ursula von der Leyen im Zusammenhang mit dem Misstrauensvotum im Europ\u00e4ischen Parlament so etwas wie Einsicht oder Selbstkritik zeigt. Tats\u00e4chlich lieferte sie in ihrer ersten \u00f6ffentlichen Stellungnahme ein Kompendium der EU-Propaganda. Am Montag hielt EU-Kommissionspr\u00e4sidentin Ursula von der Leyen zur Er\u00f6ffnung der Sitzung des Europ\u00e4ischen Parlaments eine Rede, in der [&hellip;]\" \/>\n<meta property=\"og:url\" content=\"https:\/\/now-news.de\/de\/deutschland\/ursula-von-der-leyen-zum-misstrauensvotum-putin-wars\/\" \/>\n<meta property=\"og:site_name\" content=\"just-now.NEWS Deutschland\" \/>\n<meta property=\"article:publisher\" content=\"https:\/\/www.facebook.com\/wirmachenauf\" \/>\n<meta property=\"article:published_time\" content=\"2025-07-08T19:55:56+00:00\" \/>\n<meta property=\"og:image\" content=\"https:\/\/now-news.de\/de\/wp-content\/uploads\/sites\/3\/2025\/07\/686d680b48fbef310c3ded3b.jpg\" \/>\n<meta name=\"author\" content=\"rtnews\" \/>\n<meta name=\"twitter:card\" content=\"summary_large_image\" \/>\n<meta name=\"twitter:creator\" content=\"@WirMachenAuf_de\" \/>\n<meta name=\"twitter:site\" content=\"@WirMachenAuf_de\" \/>\n<meta name=\"twitter:label1\" content=\"Verfasst von\" \/>\n\t<meta name=\"twitter:data1\" content=\"rtnews\" \/>\n\t<meta name=\"twitter:label2\" content=\"Gesch\u00e4tzte Lesezeit\" \/>\n\t<meta name=\"twitter:data2\" content=\"3\u00a0Minuten\" \/>\n<script type=\"application\/ld+json\" class=\"yoast-schema-graph\">{\"@context\":\"https:\/\/schema.org\",\"@graph\":[{\"@type\":\"Article\",\"@id\":\"https:\/\/now-news.de\/de\/deutschland\/ursula-von-der-leyen-zum-misstrauensvotum-putin-wars\/#article\",\"isPartOf\":{\"@id\":\"https:\/\/now-news.de\/de\/deutschland\/ursula-von-der-leyen-zum-misstrauensvotum-putin-wars\/\"},\"author\":{\"name\":\"rtnews\",\"@id\":\"https:\/\/now-news.de\/de\/#\/schema\/person\/fb534a4e865501d8b3285208df34a9b5\"},\"headline\":\"Ursula von der Leyen zum Misstrauensvotum: Putin war&#039;s\",\"datePublished\":\"2025-07-08T19:55:56+00:00\",\"dateModified\":\"2025-07-08T19:55:56+00:00\",\"mainEntityOfPage\":{\"@id\":\"https:\/\/now-news.de\/de\/deutschland\/ursula-von-der-leyen-zum-misstrauensvotum-putin-wars\/\"},\"wordCount\":568,\"commentCount\":0,\"publisher\":{\"@id\":\"https:\/\/now-news.de\/de\/#organization\"},\"image\":{\"@id\":\"https:\/\/now-news.de\/de\/deutschland\/ursula-von-der-leyen-zum-misstrauensvotum-putin-wars\/#primaryimage\"},\"thumbnailUrl\":\"https:\/\/now-news.de\/de\/wp-content\/uploads\/sites\/3\/2025\/07\/Ursula-von-der-Leyen-zum-Misstrauensvotum-Putin-war039s.jpg\",\"keywords\":[\"der\",\"Leyen\",\"Misstrauensvotum\",\"putin\",\"Ursula\",\"von\",\"w\u00e4r039s\",\"zum\"],\"articleSection\":[\"Deutschland\",\"Russland\"],\"inLanguage\":\"de\",\"potentialAction\":[{\"@type\":\"CommentAction\",\"name\":\"Comment\",\"target\":[\"https:\/\/now-news.de\/de\/deutschland\/ursula-von-der-leyen-zum-misstrauensvotum-putin-wars\/#respond\"]}]},{\"@type\":\"WebPage\",\"@id\":\"https:\/\/now-news.de\/de\/deutschland\/ursula-von-der-leyen-zum-misstrauensvotum-putin-wars\/\",\"url\":\"https:\/\/now-news.de\/de\/deutschland\/ursula-von-der-leyen-zum-misstrauensvotum-putin-wars\/\",\"name\":\"Ursula von der Leyen zum Misstrauensvotum: Putin war&#039;s - just-now.NEWS Deutschland\",\"isPartOf\":{\"@id\":\"https:\/\/now-news.de\/de\/#website\"},\"primaryImageOfPage\":{\"@id\":\"https:\/\/now-news.de\/de\/deutschland\/ursula-von-der-leyen-zum-misstrauensvotum-putin-wars\/#primaryimage\"},\"image\":{\"@id\":\"https:\/\/now-news.de\/de\/deutschland\/ursula-von-der-leyen-zum-misstrauensvotum-putin-wars\/#primaryimage\"},\"thumbnailUrl\":\"https:\/\/now-news.de\/de\/wp-content\/uploads\/sites\/3\/2025\/07\/Ursula-von-der-Leyen-zum-Misstrauensvotum-Putin-war039s.jpg\",\"datePublished\":\"2025-07-08T19:55:56+00:00\",\"dateModified\":\"2025-07-08T19:55:56+00:00\",\"breadcrumb\":{\"@id\":\"https:\/\/now-news.de\/de\/deutschland\/ursula-von-der-leyen-zum-misstrauensvotum-putin-wars\/#breadcrumb\"},\"inLanguage\":\"de\",\"potentialAction\":[{\"@type\":\"ReadAction\",\"target\":[\"https:\/\/now-news.de\/de\/deutschland\/ursula-von-der-leyen-zum-misstrauensvotum-putin-wars\/\"]}]},{\"@type\":\"ImageObject\",\"inLanguage\":\"de\",\"@id\":\"https:\/\/now-news.de\/de\/deutschland\/ursula-von-der-leyen-zum-misstrauensvotum-putin-wars\/#primaryimage\",\"url\":\"https:\/\/now-news.de\/de\/wp-content\/uploads\/sites\/3\/2025\/07\/Ursula-von-der-Leyen-zum-Misstrauensvotum-Putin-war039s.jpg\",\"contentUrl\":\"https:\/\/now-news.de\/de\/wp-content\/uploads\/sites\/3\/2025\/07\/Ursula-von-der-Leyen-zum-Misstrauensvotum-Putin-war039s.jpg\",\"width\":460,\"height\":259,\"caption\":\"Ursula von der Leyen zum Misstrauensvotum: Putin war&#039;s\"},{\"@type\":\"BreadcrumbList\",\"@id\":\"https:\/\/now-news.de\/de\/deutschland\/ursula-von-der-leyen-zum-misstrauensvotum-putin-wars\/#breadcrumb\",\"itemListElement\":[{\"@type\":\"ListItem\",\"position\":1,\"name\":\"Home\",\"item\":\"https:\/\/now-news.de\/de\/\"},{\"@type\":\"ListItem\",\"position\":2,\"name\":\"Ursula von der Leyen zum Misstrauensvotum: Putin war&#039;s\"}]},{\"@type\":\"WebSite\",\"@id\":\"https:\/\/now-news.de\/de\/#website\",\"url\":\"https:\/\/now-news.de\/de\/\",\"name\":\"just-now.NEWS Deutschland\",\"description\":\"Das Portal f\u00fcr unzensierte Nachrichten aus der Welt\",\"publisher\":{\"@id\":\"https:\/\/now-news.de\/de\/#organization\"},\"potentialAction\":[{\"@type\":\"SearchAction\",\"target\":{\"@type\":\"EntryPoint\",\"urlTemplate\":\"https:\/\/now-news.de\/de\/?s={search_term_string}\"},\"query-input\":\"required name=search_term_string\"}],\"inLanguage\":\"de\"},{\"@type\":\"Organization\",\"@id\":\"https:\/\/now-news.de\/de\/#organization\",\"name\":\"Just Now News\",\"url\":\"https:\/\/now-news.de\/de\/\",\"logo\":{\"@type\":\"ImageObject\",\"inLanguage\":\"de\",\"@id\":\"https:\/\/now-news.de\/de\/#\/schema\/logo\/image\/\",\"url\":\"http:\/\/just-now.news\/de\/wp-content\/uploads\/sites\/3\/2022\/04\/logo500x500.jpg\",\"contentUrl\":\"http:\/\/just-now.news\/de\/wp-content\/uploads\/sites\/3\/2022\/04\/logo500x500.jpg\",\"width\":500,\"height\":500,\"caption\":\"Just Now News\"},\"image\":{\"@id\":\"https:\/\/now-news.de\/de\/#\/schema\/logo\/image\/\"},\"sameAs\":[\"https:\/\/www.facebook.com\/wirmachenauf\",\"https:\/\/x.com\/WirMachenAuf_de\"]},{\"@type\":\"Person\",\"@id\":\"https:\/\/now-news.de\/de\/#\/schema\/person\/fb534a4e865501d8b3285208df34a9b5\",\"name\":\"rtnews\",\"image\":{\"@type\":\"ImageObject\",\"inLanguage\":\"de\",\"@id\":\"https:\/\/now-news.de\/de\/#\/schema\/person\/image\/\",\"url\":\"https:\/\/secure.gravatar.com\/avatar\/82aafea7d8127119dd649515f56e2117?s=96&d=mm&r=g\",\"contentUrl\":\"https:\/\/secure.gravatar.com\/avatar\/82aafea7d8127119dd649515f56e2117?s=96&d=mm&r=g\",\"caption\":\"rtnews\"},\"url\":\"https:\/\/now-news.de\/de\/author\/rnews\/\"}]}<\/script>\n<!-- \/ Yoast SEO Premium plugin. -->","yoast_head_json":{"title":"Ursula von der Leyen zum Misstrauensvotum: Putin war&#039;s - just-now.NEWS Deutschland","robots":{"index":"index","follow":"follow","max-snippet":"max-snippet:-1","max-image-preview":"max-image-preview:large","max-video-preview":"max-video-preview:-1"},"canonical":"https:\/\/now-news.de\/de\/deutschland\/ursula-von-der-leyen-zum-misstrauensvotum-putin-wars\/","og_locale":"de_DE","og_type":"article","og_title":"Ursula von der Leyen zum Misstrauensvotum: Putin war&#039;s","og_description":"Vermutlich niemand h\u00e4tte erwartet, dass Ursula von der Leyen im Zusammenhang mit dem Misstrauensvotum im Europ\u00e4ischen Parlament so etwas wie Einsicht oder Selbstkritik zeigt. Tats\u00e4chlich lieferte sie in ihrer ersten \u00f6ffentlichen Stellungnahme ein Kompendium der EU-Propaganda. Am Montag hielt EU-Kommissionspr\u00e4sidentin Ursula von der Leyen zur Er\u00f6ffnung der Sitzung des Europ\u00e4ischen Parlaments eine Rede, in der [&hellip;]","og_url":"https:\/\/now-news.de\/de\/deutschland\/ursula-von-der-leyen-zum-misstrauensvotum-putin-wars\/","og_site_name":"just-now.NEWS Deutschland","article_publisher":"https:\/\/www.facebook.com\/wirmachenauf","article_published_time":"2025-07-08T19:55:56+00:00","og_image":[{"url":"https:\/\/now-news.de\/de\/wp-content\/uploads\/sites\/3\/2025\/07\/686d680b48fbef310c3ded3b.jpg"}],"author":"rtnews","twitter_card":"summary_large_image","twitter_creator":"@WirMachenAuf_de","twitter_site":"@WirMachenAuf_de","twitter_misc":{"Verfasst von":"rtnews","Gesch\u00e4tzte Lesezeit":"3\u00a0Minuten"},"schema":{"@context":"https:\/\/schema.org","@graph":[{"@type":"Article","@id":"https:\/\/now-news.de\/de\/deutschland\/ursula-von-der-leyen-zum-misstrauensvotum-putin-wars\/#article","isPartOf":{"@id":"https:\/\/now-news.de\/de\/deutschland\/ursula-von-der-leyen-zum-misstrauensvotum-putin-wars\/"},"author":{"name":"rtnews","@id":"https:\/\/now-news.de\/de\/#\/schema\/person\/fb534a4e865501d8b3285208df34a9b5"},"headline":"Ursula von der Leyen zum Misstrauensvotum: Putin war&#039;s","datePublished":"2025-07-08T19:55:56+00:00","dateModified":"2025-07-08T19:55:56+00:00","mainEntityOfPage":{"@id":"https:\/\/now-news.de\/de\/deutschland\/ursula-von-der-leyen-zum-misstrauensvotum-putin-wars\/"},"wordCount":568,"commentCount":0,"publisher":{"@id":"https:\/\/now-news.de\/de\/#organization"},"image":{"@id":"https:\/\/now-news.de\/de\/deutschland\/ursula-von-der-leyen-zum-misstrauensvotum-putin-wars\/#primaryimage"},"thumbnailUrl":"https:\/\/now-news.de\/de\/wp-content\/uploads\/sites\/3\/2025\/07\/Ursula-von-der-Leyen-zum-Misstrauensvotum-Putin-war039s.jpg","keywords":["der","Leyen","Misstrauensvotum","putin","Ursula","von","w\u00e4r039s","zum"],"articleSection":["Deutschland","Russland"],"inLanguage":"de","potentialAction":[{"@type":"CommentAction","name":"Comment","target":["https:\/\/now-news.de\/de\/deutschland\/ursula-von-der-leyen-zum-misstrauensvotum-putin-wars\/#respond"]}]},{"@type":"WebPage","@id":"https:\/\/now-news.de\/de\/deutschland\/ursula-von-der-leyen-zum-misstrauensvotum-putin-wars\/","url":"https:\/\/now-news.de\/de\/deutschland\/ursula-von-der-leyen-zum-misstrauensvotum-putin-wars\/","name":"Ursula von der Leyen zum Misstrauensvotum: Putin war&#039;s - just-now.NEWS Deutschland","isPartOf":{"@id":"https:\/\/now-news.de\/de\/#website"},"primaryImageOfPage":{"@id":"https:\/\/now-news.de\/de\/deutschland\/ursula-von-der-leyen-zum-misstrauensvotum-putin-wars\/#primaryimage"},"image":{"@id":"https:\/\/now-news.de\/de\/deutschland\/ursula-von-der-leyen-zum-misstrauensvotum-putin-wars\/#primaryimage"},"thumbnailUrl":"https:\/\/now-news.de\/de\/wp-content\/uploads\/sites\/3\/2025\/07\/Ursula-von-der-Leyen-zum-Misstrauensvotum-Putin-war039s.jpg","datePublished":"2025-07-08T19:55:56+00:00","dateModified":"2025-07-08T19:55:56+00:00","breadcrumb":{"@id":"https:\/\/now-news.de\/de\/deutschland\/ursula-von-der-leyen-zum-misstrauensvotum-putin-wars\/#breadcrumb"},"inLanguage":"de","potentialAction":[{"@type":"ReadAction","target":["https:\/\/now-news.de\/de\/deutschland\/ursula-von-der-leyen-zum-misstrauensvotum-putin-wars\/"]}]},{"@type":"ImageObject","inLanguage":"de","@id":"https:\/\/now-news.de\/de\/deutschland\/ursula-von-der-leyen-zum-misstrauensvotum-putin-wars\/#primaryimage","url":"https:\/\/now-news.de\/de\/wp-content\/uploads\/sites\/3\/2025\/07\/Ursula-von-der-Leyen-zum-Misstrauensvotum-Putin-war039s.jpg","contentUrl":"https:\/\/now-news.de\/de\/wp-content\/uploads\/sites\/3\/2025\/07\/Ursula-von-der-Leyen-zum-Misstrauensvotum-Putin-war039s.jpg","width":460,"height":259,"caption":"Ursula von der Leyen zum Misstrauensvotum: Putin war&#039;s"},{"@type":"BreadcrumbList","@id":"https:\/\/now-news.de\/de\/deutschland\/ursula-von-der-leyen-zum-misstrauensvotum-putin-wars\/#breadcrumb","itemListElement":[{"@type":"ListItem","position":1,"name":"Home","item":"https:\/\/now-news.de\/de\/"},{"@type":"ListItem","position":2,"name":"Ursula von der Leyen zum Misstrauensvotum: Putin war&#039;s"}]},{"@type":"WebSite","@id":"https:\/\/now-news.de\/de\/#website","url":"https:\/\/now-news.de\/de\/","name":"just-now.NEWS Deutschland","description":"Das Portal f\u00fcr unzensierte Nachrichten aus der Welt","publisher":{"@id":"https:\/\/now-news.de\/de\/#organization"},"potentialAction":[{"@type":"SearchAction","target":{"@type":"EntryPoint","urlTemplate":"https:\/\/now-news.de\/de\/?s={search_term_string}"},"query-input":"required name=search_term_string"}],"inLanguage":"de"},{"@type":"Organization","@id":"https:\/\/now-news.de\/de\/#organization","name":"Just Now News","url":"https:\/\/now-news.de\/de\/","logo":{"@type":"ImageObject","inLanguage":"de","@id":"https:\/\/now-news.de\/de\/#\/schema\/logo\/image\/","url":"http:\/\/just-now.news\/de\/wp-content\/uploads\/sites\/3\/2022\/04\/logo500x500.jpg","contentUrl":"http:\/\/just-now.news\/de\/wp-content\/uploads\/sites\/3\/2022\/04\/logo500x500.jpg","width":500,"height":500,"caption":"Just Now News"},"image":{"@id":"https:\/\/now-news.de\/de\/#\/schema\/logo\/image\/"},"sameAs":["https:\/\/www.facebook.com\/wirmachenauf","https:\/\/x.com\/WirMachenAuf_de"]},{"@type":"Person","@id":"https:\/\/now-news.de\/de\/#\/schema\/person\/fb534a4e865501d8b3285208df34a9b5","name":"rtnews","image":{"@type":"ImageObject","inLanguage":"de","@id":"https:\/\/now-news.de\/de\/#\/schema\/person\/image\/","url":"https:\/\/secure.gravatar.com\/avatar\/82aafea7d8127119dd649515f56e2117?s=96&d=mm&r=g","contentUrl":"https:\/\/secure.gravatar.com\/avatar\/82aafea7d8127119dd649515f56e2117?s=96&d=mm&r=g","caption":"rtnews"},"url":"https:\/\/now-news.de\/de\/author\/rnews\/"}]}},"_links":{"self":[{"href":"https:\/\/now-news.de\/de\/wp-json\/wp\/v2\/posts\/86850"}],"collection":[{"href":"https:\/\/now-news.de\/de\/wp-json\/wp\/v2\/posts"}],"about":[{"href":"https:\/\/now-news.de\/de\/wp-json\/wp\/v2\/types\/post"}],"author":[{"embeddable":true,"href":"https:\/\/now-news.de\/de\/wp-json\/wp\/v2\/users\/3"}],"replies":[{"embeddable":true,"href":"https:\/\/now-news.de\/de\/wp-json\/wp\/v2\/comments?post=86850"}],"version-history":[{"count":0,"href":"https:\/\/now-news.de\/de\/wp-json\/wp\/v2\/posts\/86850\/revisions"}],"wp:featuredmedia":[{"embeddable":true,"href":"https:\/\/now-news.de\/de\/wp-json\/wp\/v2\/media\/86851"}],"wp:attachment":[{"href":"https:\/\/now-news.de\/de\/wp-json\/wp\/v2\/media?parent=86850"}],"wp:term":[{"taxonomy":"category","embeddable":true,"href":"https:\/\/now-news.de\/de\/wp-json\/wp\/v2\/categories?post=86850"},{"taxonomy":"post_tag","embeddable":true,"href":"https:\/\/now-news.de\/de\/wp-json\/wp\/v2\/tags?post=86850"}],"curies":[{"name":"wp","href":"https:\/\/api.w.org\/{rel}","templated":true}]}}