{"id":86844,"date":"2025-07-08T20:53:33","date_gmt":"2025-07-08T18:53:33","guid":{"rendered":"https:\/\/now-news.de\/de\/deutschland\/steinmeier-in-riga-lettlands-praesident-begruesst-deutschland-als-europaeische-grossmacht\/"},"modified":"2025-07-08T20:53:33","modified_gmt":"2025-07-08T18:53:33","slug":"steinmeier-in-riga-lettlands-praesident-begruesst-deutschland-als-europaeische-grossmacht","status":"publish","type":"post","link":"https:\/\/now-news.de\/de\/deutschland\/steinmeier-in-riga-lettlands-praesident-begruesst-deutschland-als-europaeische-grossmacht\/","title":{"rendered":"Steinmeier in Riga: Lettlands Pr\u00e4sident begr\u00fc\u00dft Deutschland als &quot;europ\u00e4ische Gro\u00dfmacht&quot;"},"content":{"rendered":"<p><img decoding=\"async\" src=\"https:\/\/now-news.de\/de\/wp-content\/uploads\/sites\/3\/2025\/07\/686d4046b480cc70dd019cf1.jpg\" \/><\/p>\n<div class=\"Text-root Text-type_1 \">\n                Der Bundespr\u00e4sident Frank-Walter Steinmeier beendete seine Baltikum-Reise mit dem Besuch der lettischen Hauptstadt Riga. Im Hafen von Riga ging er zusammen mit h\u00f6chsten Vertretern zweier R\u00fcstungsriesen, Rheinmetall und Diehl Defence, an Bord einer deutschen Korvette.\n            <\/div>\n<p><\/p>\n<div class=\"Text-root Text-type_5 ArticleView-text ViewText-root \">\n<p>Mit Lettland besuchte der Bundespr\u00e4sident Frank-Walter Steinmeier am Dienstag nach seinem zweit\u00e4gigen Aufenthalt in Litauen ein weiteres Land des Baltikums. Er wurde von seinem lettischen Kollegen\u00a0Edgars Rink\u0113vi\u010ds in Riga empfangen.\u00a0Neben den vom lettischen Staatschef als &#8220;sehr gut&#8221; bezeichneten bilateralen Beziehungen soll es bei den Gespr\u00e4chen um die nationale Sicherheit des an Russland und\u00a0Wei\u00dfrussland grenzenden baltischen Staates an der NATO-Ostflanke gehen. Angeblich sei diese von Russland seit dem Ausbruch des \u2013 wie es hei\u00dft \u2013 &#8220;russischen Angriffskrieges gegen die Ukraine&#8221; massiv bedroht, wird immer wieder bei derartigen Gespr\u00e4chen betont. Deutschland k\u00e4me dabei die Rolle einer Schutzmacht \u00fcber die Balten zu. Dies war die zw\u00f6lfte Reise von Steinmeier nach Lettland.\u00a0<\/p>\n<blockquote>\n<p><em>&#8220;Deutschland ist eine europ\u00e4ische Gro\u00dfmacht und wirtschaftliches Zentrum. Daher ist es folgerichtig, dass Deutschland eine gr\u00f6\u00dfere Rolle in der europ\u00e4ischen Sicherheits- und Verteidigungspolitik \u00fcbernimmt. Das ist zu begr\u00fc\u00dfen&#8221;, <\/em><\/p>\n<\/blockquote>\n<p>sagte Rink\u0113vi\u010ds der <em>Deutschen Presse-Agentur <\/em>in Riga.<\/p>\n<p>Auch die Pl\u00e4ne der neuen Bundesregierung f\u00fcr eine Aufr\u00fcstung der Bundeswehr, die Bundeskanzler Friedrich Merz (CDU) zur st\u00e4rksten konventionellen Armee in Europa machen will,\u00a0stie\u00dfen in Lettland auf Zustimmung. &#8220;Deutschland hat \u00fcber Jahrzehnte hinweg \u00fcberzeugend bewiesen, dass es ein demokratisches, rechtsstaatliches und auf westlichen Werten basierendes Land ist. Daher habe ich keinerlei Bedenken&#8221;, sagte Rink\u0113vi\u010ds. &#8220;Ich unterst\u00fctze die Entwicklung der deutschen Streitkr\u00e4fte voll und ganz. Dies liegt im Interesse der Sicherheit ganz Europas.<\/p>\n<p>Die gr\u00f6\u00dften gemeinsamen Herausforderungen sind nat\u00fcrlich die russische Aggression gegen die Ukraine und die von Russland ausgehende Bedrohung f\u00fcr den Frieden und die Sicherheit in Europa.&#8221; Auch die Sicherheit, Verteidigungsf\u00e4higkeit und Wettbewerbsf\u00e4higkeit der EU m\u00fcsse &#8220;erheblich&#8221; gest\u00e4rkt werden. &#8220;Wir k\u00f6nnen dies nur gemeinsam bew\u00e4ltigen, und indem wir mehr tun, als wir bisher getan haben&#8221;, betonte der lettische Pr\u00e4sident.<\/p>\n<p>Die Regierung in Riga hat\u00a0in den vergangenen Jahren ihre Milit\u00e4rausgaben bereits deutlich\u00a0erh\u00f6ht und r\u00fcstet weiter massiv auf. Auch f\u00fchrte sie schrittweise die Wehrpflicht wieder ein und sicherte die Ostgrenze Lettlands mit einem Stacheldrahtzaun. Geplant ist auch Verminung der Grenzgebiete. Rink\u0113vi\u010ds betonte, dass f\u00fcr Lettland, Deutschland und andere europ\u00e4ische L\u00e4nder geboten sei, ihre Investitionen in die Verteidigung zu erh\u00f6hen und ihre milit\u00e4rischen F\u00e4higkeiten zu st\u00e4rken. In der\u00a0<em>Frankfurter Allgemeinen Zeitung<\/em>, deren Korrespondent den Besuch von Steinmeier aus der N\u00e4he verfolgte, wurde besonders die Verbundenheit betont:<\/p>\n<blockquote>\n<p><em>&#8220;Wie der NATO in der Ostsee, geht es dem Bundespr\u00e4sidenten darum, im Baltikum Pr\u00e4senz zu zeigen, deutsch-litauische und deutsch-lettische Verbundenheit zu demonstrieren; deutsch-estnische Verbundenheit folgt im September mit einer weiteren Steinmeier-Reise ins Baltikum.&#8221;\u00a0<\/em><\/p>\n<\/blockquote>\n<p><strong>Rink\u0113vi\u010ds: Wir erwarten Divisionen<\/strong><\/p>\n<p>W\u00e4hrend seines Riga-Besuches ging Steinmeier auch an Bord der Korvette &#8220;Braunschweig&#8221;, zusammen mit zwei deutschen Top-Managern aus der R\u00fcstungsindustrie, Armin Papperger von Rheinmetall und Helmut Rauch von Diehl Defence. Auch Lettland habe das Diehl-Luftabwehrsystem Iris gekauft, verk\u00fcndete Rauch auf dem Schiff. Papperger wiederum best\u00e4tigte Berichte, nach denen Rheinmetall ein Werk in Lettland bauen wolle. Nahe Riga soll es stehen und um die 400 Leute sollten dort arbeiten. Man hoffe auf Unterst\u00fctzung der Politik. Aktiv sei der Konzern bereits in\u00a0Litauen, baue dort ein Munitionswerk und wolle sich auch in Estland engagieren.<\/p>\n<p>Rink\u0113vi\u010ds dankte f\u00fcr Deutschlands Beitr\u00e4ge und bezeichnete das Land als &#8220;unersetzbaren NATO-Verb\u00fcndeten&#8221;. Auf eine Frage danach, ob er glaube, dass Deutschland Lettland im Ernstfall ausreichend unterst\u00fctzen w\u00fcrde, sagt\u00a0Lettlands\u00a0Pr\u00e4sident, er sei \u00fcberzeugt davon, dass sein Land die volle Unterst\u00fctzung aller NATO-Verb\u00fcndeten erhalten w\u00fcrde, wenn es zu einem &#8220;Problem&#8221; k\u00e4me. Gleich nach der Annexion der Krim 2014 habe man sich um erste NATO-Einheiten bem\u00fcht, inzwischen gebe es die Brigaden in den baltischen Staaten, und man strebe an, dass daraus Divisionen w\u00fcrden.\u00a0<\/p>\n<p>In einer Dokumentation der <em>Deutschen Welle<\/em>, die am Dienstag p\u00fcnktlich zum Steinmeier-Besuch auf YouTube\u00a0<a rel=\"nofollow noopener\" target=\"_blank\" href=\"https:\/\/www.youtube.com\/watch?v=5R5IGn7QbC8\">ver\u00f6ffentlicht<\/a> wurde, bezeichnete ein Milit\u00e4rexperte die Ostsee als NATO-Binnenmeer, das &#8220;zu uns&#8221; geh\u00f6re. Obwohl sich die milit\u00e4rische Bedeutung Kaliningrads durch den Beitritt Schwedens und Finnlands zur NATO im Jahr 2022 verringert habe, k\u00f6nne die Rolle der russischen Exklave f\u00fcr die NATO &#8220;verh\u00e4ngnisvoll&#8221; werden. Litauens Pr\u00e4sident, Gitanas Naus\u0117da, betonte, dass Litauen mit einem solchen Nachbarn wie Russland niemals sicher sein k\u00f6nne. Am Tag des Steinmeier-Besuches am Sonntag verlieh er dem in Litauen t\u00e4tigen schwedischen Drohnen-Lieferanten Jonas Oehman einen Verdienstorden, die h\u00f6chste Auszeichnung der Republik. Oehman <a rel=\"nofollow noopener\" target=\"_blank\" href=\"https:\/\/freedert.online\/meinung\/249766-240-euro-pro-getoetetem-russen\/\">prahlte<\/a>\u00a0in Interviews und \u00f6ffentlichen Auftritten damit, dass er helfe, die Russen in der Ukraine kosteng\u00fcnstig zu t\u00f6ten.\u00a0<\/p>\n<p><strong>Mehr zum Thema<\/strong>\u00a0\u2013 <a rel=\"nofollow noopener\" target=\"_blank\" href=\"https:\/\/freedert.online\/europa\/245036-ostflanke-staerken-merz-will-panzerbrigade-in-litauen-waehrend-militaeruebung-besuchen\/\">&#8220;Ostflanke st\u00e4rken!&#8221; \u2013 Merz will Panzerbrigade in Litauen w\u00e4hrend Milit\u00e4r\u00fcbung besuchen<\/a><\/p>\n<\/p>\n<\/div>\n<p><br \/>\n<br \/><a href=\"https:\/\/de.rt.com\/europa\/250169-steinmeier-in-riga-lettlands-praesident-begruesst-deutschland-als-europaeische-gro%C3%9Fmacht\/\">Source link <\/a><\/p>\n","protected":false},"excerpt":{"rendered":"<p>Der Bundespr\u00e4sident Frank-Walter Steinmeier beendete seine Baltikum-Reise mit dem Besuch der lettischen Hauptstadt Riga. Im Hafen von Riga ging er zusammen mit h\u00f6chsten Vertretern zweier R\u00fcstungsriesen, Rheinmetall und Diehl Defence, an Bord einer deutschen Korvette. Mit Lettland besuchte der Bundespr\u00e4sident Frank-Walter Steinmeier am Dienstag nach seinem zweit\u00e4gigen Aufenthalt in Litauen ein weiteres Land des Baltikums. [&hellip;]<\/p>\n","protected":false},"author":3,"featured_media":86845,"comment_status":"open","ping_status":"open","sticky":false,"template":"","format":"standard","meta":{"_yoast_indexnow_last_ping":["1752001012"],"wp_automatic_camp":["217"],"273490baa08a633c9e635ca877180a7d":["Steinmeier in Riga: Lettlands Pr\u00e4sident begr\u00fc\u00dft Deutschland als &quot;europ\u00e4ische Gro\u00dfmacht&quot;"],"original_link":["https:\/\/de.rt.com\/europa\/250169-steinmeier-in-riga-lettlands-praesident-begruesst-deutschland-als-europaeische-gro%C3%9Fmacht\/"],"_thumbnail_id":["86845"],"_wptgpro_p2tg_sent2tg":["a:1:{i:23737;s:19:\"2025-07-08 20:57:55\";}"],"jnews_social_counter_last_update":["1777231170"]},"categories":[19,23],"tags":[273,22402,179,66208,31989,3464,44659,19867,1723],"yoast_head":"<!-- This site is optimized with the Yoast SEO Premium plugin v22.7 (Yoast SEO v22.7) - https:\/\/yoast.com\/wordpress\/plugins\/seo\/ -->\n<title>Steinmeier in Riga: Lettlands Pr\u00e4sident begr\u00fc\u00dft Deutschland als &quot;europ\u00e4ische Gro\u00dfmacht&quot; - just-now.NEWS Deutschland<\/title>\n<meta name=\"robots\" content=\"index, follow, max-snippet:-1, max-image-preview:large, max-video-preview:-1\" \/>\n<link rel=\"canonical\" href=\"https:\/\/now-news.de\/de\/deutschland\/steinmeier-in-riga-lettlands-praesident-begruesst-deutschland-als-europaeische-grossmacht\/\" \/>\n<meta property=\"og:locale\" content=\"de_DE\" \/>\n<meta property=\"og:type\" content=\"article\" \/>\n<meta property=\"og:title\" content=\"Steinmeier in Riga: Lettlands Pr\u00e4sident begr\u00fc\u00dft Deutschland als &quot;europ\u00e4ische Gro\u00dfmacht&quot;\" \/>\n<meta property=\"og:description\" content=\"Der Bundespr\u00e4sident Frank-Walter Steinmeier beendete seine Baltikum-Reise mit dem Besuch der lettischen Hauptstadt Riga. Im Hafen von Riga ging er zusammen mit h\u00f6chsten Vertretern zweier R\u00fcstungsriesen, Rheinmetall und Diehl Defence, an Bord einer deutschen Korvette. Mit Lettland besuchte der Bundespr\u00e4sident Frank-Walter Steinmeier am Dienstag nach seinem zweit\u00e4gigen Aufenthalt in Litauen ein weiteres Land des Baltikums. [&hellip;]\" \/>\n<meta property=\"og:url\" content=\"https:\/\/now-news.de\/de\/deutschland\/steinmeier-in-riga-lettlands-praesident-begruesst-deutschland-als-europaeische-grossmacht\/\" \/>\n<meta property=\"og:site_name\" content=\"just-now.NEWS Deutschland\" \/>\n<meta property=\"article:publisher\" content=\"https:\/\/www.facebook.com\/wirmachenauf\" \/>\n<meta property=\"article:published_time\" content=\"2025-07-08T18:53:33+00:00\" \/>\n<meta property=\"og:image\" content=\"https:\/\/now-news.de\/de\/wp-content\/uploads\/sites\/3\/2025\/07\/686d4046b480cc70dd019cf1.jpg\" \/>\n<meta name=\"author\" content=\"rtnews\" \/>\n<meta name=\"twitter:card\" content=\"summary_large_image\" \/>\n<meta name=\"twitter:creator\" content=\"@WirMachenAuf_de\" \/>\n<meta name=\"twitter:site\" content=\"@WirMachenAuf_de\" \/>\n<meta name=\"twitter:label1\" content=\"Verfasst von\" \/>\n\t<meta name=\"twitter:data1\" content=\"rtnews\" \/>\n\t<meta name=\"twitter:label2\" content=\"Gesch\u00e4tzte Lesezeit\" \/>\n\t<meta name=\"twitter:data2\" content=\"4\u00a0Minuten\" \/>\n<script type=\"application\/ld+json\" class=\"yoast-schema-graph\">{\"@context\":\"https:\/\/schema.org\",\"@graph\":[{\"@type\":\"Article\",\"@id\":\"https:\/\/now-news.de\/de\/deutschland\/steinmeier-in-riga-lettlands-praesident-begruesst-deutschland-als-europaeische-grossmacht\/#article\",\"isPartOf\":{\"@id\":\"https:\/\/now-news.de\/de\/deutschland\/steinmeier-in-riga-lettlands-praesident-begruesst-deutschland-als-europaeische-grossmacht\/\"},\"author\":{\"name\":\"rtnews\",\"@id\":\"https:\/\/now-news.de\/de\/#\/schema\/person\/fb534a4e865501d8b3285208df34a9b5\"},\"headline\":\"Steinmeier in Riga: Lettlands Pr\u00e4sident begr\u00fc\u00dft Deutschland als &quot;europ\u00e4ische Gro\u00dfmacht&quot;\",\"datePublished\":\"2025-07-08T18:53:33+00:00\",\"dateModified\":\"2025-07-08T18:53:33+00:00\",\"mainEntityOfPage\":{\"@id\":\"https:\/\/now-news.de\/de\/deutschland\/steinmeier-in-riga-lettlands-praesident-begruesst-deutschland-als-europaeische-grossmacht\/\"},\"wordCount\":845,\"commentCount\":0,\"publisher\":{\"@id\":\"https:\/\/now-news.de\/de\/#organization\"},\"image\":{\"@id\":\"https:\/\/now-news.de\/de\/deutschland\/steinmeier-in-riga-lettlands-praesident-begruesst-deutschland-als-europaeische-grossmacht\/#primaryimage\"},\"thumbnailUrl\":\"https:\/\/now-news.de\/de\/wp-content\/uploads\/sites\/3\/2025\/07\/Steinmeier-in-Riga-Lettlands-Praesident-begruesst-Deutschland-als-quoteuropaeische-Grossmachtquot.jpg\",\"keywords\":[\"als\",\"begr\u00fc\u00dft\",\"Deutschland\",\"Gro\u00dfmachtquot\",\"Lettlands\",\"Pr\u00e4sident\",\"quotEurop\u00e4ische\",\"Riga\",\"Steinmeier\"],\"articleSection\":[\"Deutschland\",\"Russland\"],\"inLanguage\":\"de\",\"potentialAction\":[{\"@type\":\"CommentAction\",\"name\":\"Comment\",\"target\":[\"https:\/\/now-news.de\/de\/deutschland\/steinmeier-in-riga-lettlands-praesident-begruesst-deutschland-als-europaeische-grossmacht\/#respond\"]}]},{\"@type\":\"WebPage\",\"@id\":\"https:\/\/now-news.de\/de\/deutschland\/steinmeier-in-riga-lettlands-praesident-begruesst-deutschland-als-europaeische-grossmacht\/\",\"url\":\"https:\/\/now-news.de\/de\/deutschland\/steinmeier-in-riga-lettlands-praesident-begruesst-deutschland-als-europaeische-grossmacht\/\",\"name\":\"Steinmeier in Riga: Lettlands Pr\u00e4sident begr\u00fc\u00dft Deutschland als &quot;europ\u00e4ische Gro\u00dfmacht&quot; - just-now.NEWS Deutschland\",\"isPartOf\":{\"@id\":\"https:\/\/now-news.de\/de\/#website\"},\"primaryImageOfPage\":{\"@id\":\"https:\/\/now-news.de\/de\/deutschland\/steinmeier-in-riga-lettlands-praesident-begruesst-deutschland-als-europaeische-grossmacht\/#primaryimage\"},\"image\":{\"@id\":\"https:\/\/now-news.de\/de\/deutschland\/steinmeier-in-riga-lettlands-praesident-begruesst-deutschland-als-europaeische-grossmacht\/#primaryimage\"},\"thumbnailUrl\":\"https:\/\/now-news.de\/de\/wp-content\/uploads\/sites\/3\/2025\/07\/Steinmeier-in-Riga-Lettlands-Praesident-begruesst-Deutschland-als-quoteuropaeische-Grossmachtquot.jpg\",\"datePublished\":\"2025-07-08T18:53:33+00:00\",\"dateModified\":\"2025-07-08T18:53:33+00:00\",\"breadcrumb\":{\"@id\":\"https:\/\/now-news.de\/de\/deutschland\/steinmeier-in-riga-lettlands-praesident-begruesst-deutschland-als-europaeische-grossmacht\/#breadcrumb\"},\"inLanguage\":\"de\",\"potentialAction\":[{\"@type\":\"ReadAction\",\"target\":[\"https:\/\/now-news.de\/de\/deutschland\/steinmeier-in-riga-lettlands-praesident-begruesst-deutschland-als-europaeische-grossmacht\/\"]}]},{\"@type\":\"ImageObject\",\"inLanguage\":\"de\",\"@id\":\"https:\/\/now-news.de\/de\/deutschland\/steinmeier-in-riga-lettlands-praesident-begruesst-deutschland-als-europaeische-grossmacht\/#primaryimage\",\"url\":\"https:\/\/now-news.de\/de\/wp-content\/uploads\/sites\/3\/2025\/07\/Steinmeier-in-Riga-Lettlands-Praesident-begruesst-Deutschland-als-quoteuropaeische-Grossmachtquot.jpg\",\"contentUrl\":\"https:\/\/now-news.de\/de\/wp-content\/uploads\/sites\/3\/2025\/07\/Steinmeier-in-Riga-Lettlands-Praesident-begruesst-Deutschland-als-quoteuropaeische-Grossmachtquot.jpg\",\"width\":460,\"height\":259,\"caption\":\"Steinmeier in Riga: Lettlands Pr\u00e4sident begr\u00fc\u00dft Deutschland als &quot;europ\u00e4ische Gro\u00dfmacht&quot;\"},{\"@type\":\"BreadcrumbList\",\"@id\":\"https:\/\/now-news.de\/de\/deutschland\/steinmeier-in-riga-lettlands-praesident-begruesst-deutschland-als-europaeische-grossmacht\/#breadcrumb\",\"itemListElement\":[{\"@type\":\"ListItem\",\"position\":1,\"name\":\"Home\",\"item\":\"https:\/\/now-news.de\/de\/\"},{\"@type\":\"ListItem\",\"position\":2,\"name\":\"Steinmeier in Riga: Lettlands Pr\u00e4sident begr\u00fc\u00dft Deutschland als &quot;europ\u00e4ische Gro\u00dfmacht&quot;\"}]},{\"@type\":\"WebSite\",\"@id\":\"https:\/\/now-news.de\/de\/#website\",\"url\":\"https:\/\/now-news.de\/de\/\",\"name\":\"just-now.NEWS Deutschland\",\"description\":\"Das Portal f\u00fcr unzensierte Nachrichten aus der Welt\",\"publisher\":{\"@id\":\"https:\/\/now-news.de\/de\/#organization\"},\"potentialAction\":[{\"@type\":\"SearchAction\",\"target\":{\"@type\":\"EntryPoint\",\"urlTemplate\":\"https:\/\/now-news.de\/de\/?s={search_term_string}\"},\"query-input\":\"required name=search_term_string\"}],\"inLanguage\":\"de\"},{\"@type\":\"Organization\",\"@id\":\"https:\/\/now-news.de\/de\/#organization\",\"name\":\"Just Now News\",\"url\":\"https:\/\/now-news.de\/de\/\",\"logo\":{\"@type\":\"ImageObject\",\"inLanguage\":\"de\",\"@id\":\"https:\/\/now-news.de\/de\/#\/schema\/logo\/image\/\",\"url\":\"http:\/\/just-now.news\/de\/wp-content\/uploads\/sites\/3\/2022\/04\/logo500x500.jpg\",\"contentUrl\":\"http:\/\/just-now.news\/de\/wp-content\/uploads\/sites\/3\/2022\/04\/logo500x500.jpg\",\"width\":500,\"height\":500,\"caption\":\"Just Now News\"},\"image\":{\"@id\":\"https:\/\/now-news.de\/de\/#\/schema\/logo\/image\/\"},\"sameAs\":[\"https:\/\/www.facebook.com\/wirmachenauf\",\"https:\/\/x.com\/WirMachenAuf_de\"]},{\"@type\":\"Person\",\"@id\":\"https:\/\/now-news.de\/de\/#\/schema\/person\/fb534a4e865501d8b3285208df34a9b5\",\"name\":\"rtnews\",\"image\":{\"@type\":\"ImageObject\",\"inLanguage\":\"de\",\"@id\":\"https:\/\/now-news.de\/de\/#\/schema\/person\/image\/\",\"url\":\"https:\/\/secure.gravatar.com\/avatar\/82aafea7d8127119dd649515f56e2117?s=96&d=mm&r=g\",\"contentUrl\":\"https:\/\/secure.gravatar.com\/avatar\/82aafea7d8127119dd649515f56e2117?s=96&d=mm&r=g\",\"caption\":\"rtnews\"},\"url\":\"https:\/\/now-news.de\/de\/author\/rnews\/\"}]}<\/script>\n<!-- \/ Yoast SEO Premium plugin. -->","yoast_head_json":{"title":"Steinmeier in Riga: Lettlands Pr\u00e4sident begr\u00fc\u00dft Deutschland als &quot;europ\u00e4ische Gro\u00dfmacht&quot; - just-now.NEWS Deutschland","robots":{"index":"index","follow":"follow","max-snippet":"max-snippet:-1","max-image-preview":"max-image-preview:large","max-video-preview":"max-video-preview:-1"},"canonical":"https:\/\/now-news.de\/de\/deutschland\/steinmeier-in-riga-lettlands-praesident-begruesst-deutschland-als-europaeische-grossmacht\/","og_locale":"de_DE","og_type":"article","og_title":"Steinmeier in Riga: Lettlands Pr\u00e4sident begr\u00fc\u00dft Deutschland als &quot;europ\u00e4ische Gro\u00dfmacht&quot;","og_description":"Der Bundespr\u00e4sident Frank-Walter Steinmeier beendete seine Baltikum-Reise mit dem Besuch der lettischen Hauptstadt Riga. Im Hafen von Riga ging er zusammen mit h\u00f6chsten Vertretern zweier R\u00fcstungsriesen, Rheinmetall und Diehl Defence, an Bord einer deutschen Korvette. Mit Lettland besuchte der Bundespr\u00e4sident Frank-Walter Steinmeier am Dienstag nach seinem zweit\u00e4gigen Aufenthalt in Litauen ein weiteres Land des Baltikums. [&hellip;]","og_url":"https:\/\/now-news.de\/de\/deutschland\/steinmeier-in-riga-lettlands-praesident-begruesst-deutschland-als-europaeische-grossmacht\/","og_site_name":"just-now.NEWS Deutschland","article_publisher":"https:\/\/www.facebook.com\/wirmachenauf","article_published_time":"2025-07-08T18:53:33+00:00","og_image":[{"url":"https:\/\/now-news.de\/de\/wp-content\/uploads\/sites\/3\/2025\/07\/686d4046b480cc70dd019cf1.jpg"}],"author":"rtnews","twitter_card":"summary_large_image","twitter_creator":"@WirMachenAuf_de","twitter_site":"@WirMachenAuf_de","twitter_misc":{"Verfasst von":"rtnews","Gesch\u00e4tzte Lesezeit":"4\u00a0Minuten"},"schema":{"@context":"https:\/\/schema.org","@graph":[{"@type":"Article","@id":"https:\/\/now-news.de\/de\/deutschland\/steinmeier-in-riga-lettlands-praesident-begruesst-deutschland-als-europaeische-grossmacht\/#article","isPartOf":{"@id":"https:\/\/now-news.de\/de\/deutschland\/steinmeier-in-riga-lettlands-praesident-begruesst-deutschland-als-europaeische-grossmacht\/"},"author":{"name":"rtnews","@id":"https:\/\/now-news.de\/de\/#\/schema\/person\/fb534a4e865501d8b3285208df34a9b5"},"headline":"Steinmeier in Riga: Lettlands Pr\u00e4sident begr\u00fc\u00dft Deutschland als &quot;europ\u00e4ische Gro\u00dfmacht&quot;","datePublished":"2025-07-08T18:53:33+00:00","dateModified":"2025-07-08T18:53:33+00:00","mainEntityOfPage":{"@id":"https:\/\/now-news.de\/de\/deutschland\/steinmeier-in-riga-lettlands-praesident-begruesst-deutschland-als-europaeische-grossmacht\/"},"wordCount":845,"commentCount":0,"publisher":{"@id":"https:\/\/now-news.de\/de\/#organization"},"image":{"@id":"https:\/\/now-news.de\/de\/deutschland\/steinmeier-in-riga-lettlands-praesident-begruesst-deutschland-als-europaeische-grossmacht\/#primaryimage"},"thumbnailUrl":"https:\/\/now-news.de\/de\/wp-content\/uploads\/sites\/3\/2025\/07\/Steinmeier-in-Riga-Lettlands-Praesident-begruesst-Deutschland-als-quoteuropaeische-Grossmachtquot.jpg","keywords":["als","begr\u00fc\u00dft","Deutschland","Gro\u00dfmachtquot","Lettlands","Pr\u00e4sident","quotEurop\u00e4ische","Riga","Steinmeier"],"articleSection":["Deutschland","Russland"],"inLanguage":"de","potentialAction":[{"@type":"CommentAction","name":"Comment","target":["https:\/\/now-news.de\/de\/deutschland\/steinmeier-in-riga-lettlands-praesident-begruesst-deutschland-als-europaeische-grossmacht\/#respond"]}]},{"@type":"WebPage","@id":"https:\/\/now-news.de\/de\/deutschland\/steinmeier-in-riga-lettlands-praesident-begruesst-deutschland-als-europaeische-grossmacht\/","url":"https:\/\/now-news.de\/de\/deutschland\/steinmeier-in-riga-lettlands-praesident-begruesst-deutschland-als-europaeische-grossmacht\/","name":"Steinmeier in Riga: Lettlands Pr\u00e4sident begr\u00fc\u00dft Deutschland als &quot;europ\u00e4ische Gro\u00dfmacht&quot; - just-now.NEWS Deutschland","isPartOf":{"@id":"https:\/\/now-news.de\/de\/#website"},"primaryImageOfPage":{"@id":"https:\/\/now-news.de\/de\/deutschland\/steinmeier-in-riga-lettlands-praesident-begruesst-deutschland-als-europaeische-grossmacht\/#primaryimage"},"image":{"@id":"https:\/\/now-news.de\/de\/deutschland\/steinmeier-in-riga-lettlands-praesident-begruesst-deutschland-als-europaeische-grossmacht\/#primaryimage"},"thumbnailUrl":"https:\/\/now-news.de\/de\/wp-content\/uploads\/sites\/3\/2025\/07\/Steinmeier-in-Riga-Lettlands-Praesident-begruesst-Deutschland-als-quoteuropaeische-Grossmachtquot.jpg","datePublished":"2025-07-08T18:53:33+00:00","dateModified":"2025-07-08T18:53:33+00:00","breadcrumb":{"@id":"https:\/\/now-news.de\/de\/deutschland\/steinmeier-in-riga-lettlands-praesident-begruesst-deutschland-als-europaeische-grossmacht\/#breadcrumb"},"inLanguage":"de","potentialAction":[{"@type":"ReadAction","target":["https:\/\/now-news.de\/de\/deutschland\/steinmeier-in-riga-lettlands-praesident-begruesst-deutschland-als-europaeische-grossmacht\/"]}]},{"@type":"ImageObject","inLanguage":"de","@id":"https:\/\/now-news.de\/de\/deutschland\/steinmeier-in-riga-lettlands-praesident-begruesst-deutschland-als-europaeische-grossmacht\/#primaryimage","url":"https:\/\/now-news.de\/de\/wp-content\/uploads\/sites\/3\/2025\/07\/Steinmeier-in-Riga-Lettlands-Praesident-begruesst-Deutschland-als-quoteuropaeische-Grossmachtquot.jpg","contentUrl":"https:\/\/now-news.de\/de\/wp-content\/uploads\/sites\/3\/2025\/07\/Steinmeier-in-Riga-Lettlands-Praesident-begruesst-Deutschland-als-quoteuropaeische-Grossmachtquot.jpg","width":460,"height":259,"caption":"Steinmeier in Riga: Lettlands Pr\u00e4sident begr\u00fc\u00dft Deutschland als &quot;europ\u00e4ische Gro\u00dfmacht&quot;"},{"@type":"BreadcrumbList","@id":"https:\/\/now-news.de\/de\/deutschland\/steinmeier-in-riga-lettlands-praesident-begruesst-deutschland-als-europaeische-grossmacht\/#breadcrumb","itemListElement":[{"@type":"ListItem","position":1,"name":"Home","item":"https:\/\/now-news.de\/de\/"},{"@type":"ListItem","position":2,"name":"Steinmeier in Riga: Lettlands Pr\u00e4sident begr\u00fc\u00dft Deutschland als &quot;europ\u00e4ische Gro\u00dfmacht&quot;"}]},{"@type":"WebSite","@id":"https:\/\/now-news.de\/de\/#website","url":"https:\/\/now-news.de\/de\/","name":"just-now.NEWS Deutschland","description":"Das Portal f\u00fcr unzensierte Nachrichten aus der Welt","publisher":{"@id":"https:\/\/now-news.de\/de\/#organization"},"potentialAction":[{"@type":"SearchAction","target":{"@type":"EntryPoint","urlTemplate":"https:\/\/now-news.de\/de\/?s={search_term_string}"},"query-input":"required name=search_term_string"}],"inLanguage":"de"},{"@type":"Organization","@id":"https:\/\/now-news.de\/de\/#organization","name":"Just Now News","url":"https:\/\/now-news.de\/de\/","logo":{"@type":"ImageObject","inLanguage":"de","@id":"https:\/\/now-news.de\/de\/#\/schema\/logo\/image\/","url":"http:\/\/just-now.news\/de\/wp-content\/uploads\/sites\/3\/2022\/04\/logo500x500.jpg","contentUrl":"http:\/\/just-now.news\/de\/wp-content\/uploads\/sites\/3\/2022\/04\/logo500x500.jpg","width":500,"height":500,"caption":"Just Now News"},"image":{"@id":"https:\/\/now-news.de\/de\/#\/schema\/logo\/image\/"},"sameAs":["https:\/\/www.facebook.com\/wirmachenauf","https:\/\/x.com\/WirMachenAuf_de"]},{"@type":"Person","@id":"https:\/\/now-news.de\/de\/#\/schema\/person\/fb534a4e865501d8b3285208df34a9b5","name":"rtnews","image":{"@type":"ImageObject","inLanguage":"de","@id":"https:\/\/now-news.de\/de\/#\/schema\/person\/image\/","url":"https:\/\/secure.gravatar.com\/avatar\/82aafea7d8127119dd649515f56e2117?s=96&d=mm&r=g","contentUrl":"https:\/\/secure.gravatar.com\/avatar\/82aafea7d8127119dd649515f56e2117?s=96&d=mm&r=g","caption":"rtnews"},"url":"https:\/\/now-news.de\/de\/author\/rnews\/"}]}},"_links":{"self":[{"href":"https:\/\/now-news.de\/de\/wp-json\/wp\/v2\/posts\/86844"}],"collection":[{"href":"https:\/\/now-news.de\/de\/wp-json\/wp\/v2\/posts"}],"about":[{"href":"https:\/\/now-news.de\/de\/wp-json\/wp\/v2\/types\/post"}],"author":[{"embeddable":true,"href":"https:\/\/now-news.de\/de\/wp-json\/wp\/v2\/users\/3"}],"replies":[{"embeddable":true,"href":"https:\/\/now-news.de\/de\/wp-json\/wp\/v2\/comments?post=86844"}],"version-history":[{"count":0,"href":"https:\/\/now-news.de\/de\/wp-json\/wp\/v2\/posts\/86844\/revisions"}],"wp:featuredmedia":[{"embeddable":true,"href":"https:\/\/now-news.de\/de\/wp-json\/wp\/v2\/media\/86845"}],"wp:attachment":[{"href":"https:\/\/now-news.de\/de\/wp-json\/wp\/v2\/media?parent=86844"}],"wp:term":[{"taxonomy":"category","embeddable":true,"href":"https:\/\/now-news.de\/de\/wp-json\/wp\/v2\/categories?post=86844"},{"taxonomy":"post_tag","embeddable":true,"href":"https:\/\/now-news.de\/de\/wp-json\/wp\/v2\/tags?post=86844"}],"curies":[{"name":"wp","href":"https:\/\/api.w.org\/{rel}","templated":true}]}}