{"id":86748,"date":"2025-07-07T15:49:27","date_gmt":"2025-07-07T13:49:27","guid":{"rendered":"https:\/\/now-news.de\/de\/deutschland\/debatte-und-abstimmung-ueber-misstrauensantrag-gegen-von-der-leyen\/"},"modified":"2025-07-07T15:49:27","modified_gmt":"2025-07-07T13:49:27","slug":"debatte-und-abstimmung-ueber-misstrauensantrag-gegen-von-der-leyen","status":"publish","type":"post","link":"https:\/\/now-news.de\/de\/deutschland\/debatte-und-abstimmung-ueber-misstrauensantrag-gegen-von-der-leyen\/","title":{"rendered":"Debatte und Abstimmung \u00fcber Misstrauensantrag gegen von der Leyen"},"content":{"rendered":"<p><img decoding=\"async\" src=\"https:\/\/now-news.de\/de\/wp-content\/uploads\/sites\/3\/2025\/07\/686bc115b480cc79a243d48f.jpg\" \/><\/p>\n<div class=\"Text-root Text-type_1 \">\n                Die EU-Kommissionspr\u00e4sidentin muss sich einem Misstrauensvotum stellen. Heute steht die Debatte \u00fcber den Antrag auf dem Plan, am Donnerstag wird abgestimmt. Von der Leyen wird bei der Abstimmung nicht anwesend sein \u2012 eine klare Missachtung des Parlaments. Sorgen muss sie sich kaum machen.\n            <\/div>\n<p><\/p>\n<div class=\"Text-root Text-type_5 ArticleView-text ViewText-root \">\n<p>Das EU-Parlament debattiert heute \u00fcber einen Misstrauensantrag gegen EU-Kommissionspr\u00e4sidentin Ursula von der Leyen. F\u00fcr den kommenden Donnerstag ist die Abstimmung \u00fcber den Antrag angesetzt.\u00a0<\/p>\n<p>Eine Gruppe von 72 Abgeordneten unterst\u00fctzt den Antrag, den der rum\u00e4nische Abgeordnete Gheorghe Piperea der EKR-Fraktion eingebracht hat. Der Kommissionspr\u00e4sidentin werden Korruption, Missmanagement und Intransparenz vorgeworfen.<\/p>\n<p>Im Zentrum der Anschuldigungen steht die Impfstoffbeschaffung durch die Kommissionspr\u00e4sidentin w\u00e4hrend der Corona-Krise. Die mit dem Pharma-Riesen Pfizer geschlossenen Vertr\u00e4ge legt von der Leyen nicht vollst\u00e4ndig offen. SMS, mittels derer sie direkte Absprachen mit Pfizer getroffen hatte, hat sie gel\u00f6scht.<\/p>\n<p>Die EU\u00a0bestellte insgesamt 4,2 Milliarden Impfdosen f\u00fcr die B\u00fcrger der EU. Von der Leyen schloss in diesem Zusammenhang den bis dato gr\u00f6\u00dften Einzelvertrag der EU mit einem Einzelunternehmen ab.\u00a0Sie orderte im Fr\u00fchjahr 2021 bei Pfizer eine dritte Lieferung von Impfstoffen in einem Umfang von 1,8 Milliarden Einzeldosen. Dieser dritte Vertrag mit Pfizer sicherte dem Unternehmen im Gegenzug Einnahmen in H\u00f6he von 35 Milliarden Euro zu.\u00a0\u00a0<\/p>\n<p>Bei der Abstimmung \u00fcber den Misstrauensantrag am Donnerstag wird Ursula von der Leyen nicht im EU-Parlament anwesend sein. Die Kommissionspr\u00e4sidentin h\u00e4lt die Er\u00f6ffnungsrede bei der Ukraine-Wiederaufbau-Konferenz in Rom. Die Abwesenheit ist ein klarer Affront von der Leyens gegen\u00fcber dem Parlament.\u00a0<\/p>\n<p>F\u00fcr den unwahrscheinlichen Fall, dass der Misstrauensantrag die Zustimmung der Mehrheit der Parlamentsmitglieder findet, w\u00e4re die gesamte Kommission abgesetzt. Allerdings haben sowohl die EVP, die gr\u00f6\u00dfte Fraktion im EU-Parlament, als auch die Sozialdemokraten signalisiert, dass sie gegen den Antrag stimmen werden. Auch die Gr\u00fcnen werden von der Leyen mehrheitlich unterst\u00fctzen.<\/p>\n<p>Unterst\u00fctzung erh\u00e4lt\u00a0die Kommissionspr\u00e4sidentin\u00a0zudem von ganz links. Die EU-Abgeordneten der Partei Die Linke werden schon aus Prinzip gegen den Antrag stimmen, denn sie wurde von der rechten Fraktion EKR (Europ\u00e4ische Konservative und Reformer) eingebracht. Die Linke ist \u00fcbrigens dieselbe Partei, die Friedrich Merz zur Kanzlerschaft verholfen hat, indem sie nach dessen gescheiterter Wahl im ersten Wahlgang durch Antrag einen zweiten Wahlgang am selben Tag m\u00f6glich machte.\u00a0\u00a0<\/p>\n<p>Dabei ist auch in den Reihen der Unterst\u00fctzer die Unzufriedenheit mit von der Leyen klar zu erkennen. Die Gr\u00fcnen monieren beispielsweise die Aufweichung des Green New Deal und die De-facto-Preisgabe der Klimaziele der Union. Der Umgang von der Leyens mit dem Parlament ist fraktions\u00fcbergreifend immer wieder Anlass zu Kritik. Dass sie sich an dieser Kritik nicht st\u00f6rt, zeigt ihre Abwesenheit am Donnerstag deutlich.<\/p>\n<p>Dass sie dennoch gest\u00fctzt wird, liegt vor allem daran, dass die Zustimmung zum Antrag die EU in eine schwere Krise st\u00fcrzen w\u00fcrde. Vor die Wahl gestellt zwischen existenzieller Krise und Weiterwursteln mit von der Leyen, wird sich das Parlament absehbar f\u00fcr Weiterwursteln entscheiden. Angesichts des Ukraine-Kriegs, des R\u00fcckzugs der USA als Unterst\u00fctzer sowie des Zollstreits mit den USA, des Handelskriegs mit China und der durch die Sanktionen ausgel\u00f6sten Wirtschaftskrise in der EU ist f\u00fcr eine veritable politische Krise nicht der richtige Zeitpunkt. Die Unterst\u00fctzung des Parlaments genie\u00dft von der Leyen allerdings nur pro forma. \u00a0<\/p>\n<p><strong>Mehr zum Thema<\/strong>\u00a0\u2013 <a rel=\"nofollow noopener\" target=\"_blank\" href=\"https:\/\/freedert.online\/international\/249906-china-kuerzt-eu-china-gipfel\/\">China k\u00fcrzt EU-China-Gipfel um einen Tag \u2012 Spannungen nehmen zu<\/a><\/p>\n<div class=\"EmbedBlock-root EmbedBlock-externalVideo EmbedBlock-rumble\">\n<div class=\"VkEmbed\"><iframe class=\"lazyload\" data-src=\"https:\/\/rumble.com\/embed\/v6tlolb\" frameborder=\"0\" width=\"853\" height=\"480\" allowfullscreen><\/iframe><\/div>\n<\/div>\n<\/div>\n<p><br \/>\n<br \/><a href=\"https:\/\/de.rt.com\/europa\/250047-debatte-und-abstimmung-ueber-misstrauensantrag\/\">Source link <\/a><\/p>\n","protected":false},"excerpt":{"rendered":"<p>Die EU-Kommissionspr\u00e4sidentin muss sich einem Misstrauensvotum stellen. Heute steht die Debatte \u00fcber den Antrag auf dem Plan, am Donnerstag wird abgestimmt. Von der Leyen wird bei der Abstimmung nicht anwesend sein \u2012 eine klare Missachtung des Parlaments. Sorgen muss sie sich kaum machen. Das EU-Parlament debattiert heute \u00fcber einen Misstrauensantrag gegen EU-Kommissionspr\u00e4sidentin Ursula von der [&hellip;]<\/p>\n","protected":false},"author":3,"featured_media":86749,"comment_status":"open","ping_status":"open","sticky":false,"template":"","format":"standard","meta":{"_yoast_indexnow_last_ping":["1751896964"],"wp_automatic_camp":["217"],"542861166bfba7ce591d49419f3f44c6":["Debatte und Abstimmung \u00fcber Misstrauensantrag gegen von der Leyen"],"original_link":["https:\/\/de.rt.com\/europa\/250047-debatte-und-abstimmung-ueber-misstrauensantrag\/"],"_thumbnail_id":["86749"],"_wptgpro_p2tg_sent2tg":["a:1:{i:23737;s:19:\"2025-07-07 16:03:44\";}"],"jnews_social_counter_last_update":["1777353827"]},"categories":[19,23],"tags":[12247,10423,82,278,368,21114,139,140,50],"yoast_head":"<!-- This site is optimized with the Yoast SEO Premium plugin v22.7 (Yoast SEO v22.7) - https:\/\/yoast.com\/wordpress\/plugins\/seo\/ -->\n<title>Debatte und Abstimmung \u00fcber Misstrauensantrag gegen von der Leyen - just-now.NEWS Deutschland<\/title>\n<meta name=\"robots\" content=\"index, follow, max-snippet:-1, max-image-preview:large, max-video-preview:-1\" \/>\n<link rel=\"canonical\" href=\"https:\/\/now-news.de\/de\/deutschland\/debatte-und-abstimmung-ueber-misstrauensantrag-gegen-von-der-leyen\/\" \/>\n<meta property=\"og:locale\" content=\"de_DE\" \/>\n<meta property=\"og:type\" content=\"article\" \/>\n<meta property=\"og:title\" content=\"Debatte und Abstimmung \u00fcber Misstrauensantrag gegen von der Leyen\" \/>\n<meta property=\"og:description\" content=\"Die EU-Kommissionspr\u00e4sidentin muss sich einem Misstrauensvotum stellen. Heute steht die Debatte \u00fcber den Antrag auf dem Plan, am Donnerstag wird abgestimmt. Von der Leyen wird bei der Abstimmung nicht anwesend sein \u2012 eine klare Missachtung des Parlaments. Sorgen muss sie sich kaum machen. Das EU-Parlament debattiert heute \u00fcber einen Misstrauensantrag gegen EU-Kommissionspr\u00e4sidentin Ursula von der [&hellip;]\" \/>\n<meta property=\"og:url\" content=\"https:\/\/now-news.de\/de\/deutschland\/debatte-und-abstimmung-ueber-misstrauensantrag-gegen-von-der-leyen\/\" \/>\n<meta property=\"og:site_name\" content=\"just-now.NEWS Deutschland\" \/>\n<meta property=\"article:publisher\" content=\"https:\/\/www.facebook.com\/wirmachenauf\" \/>\n<meta property=\"article:published_time\" content=\"2025-07-07T13:49:27+00:00\" \/>\n<meta property=\"og:image\" content=\"https:\/\/now-news.de\/de\/wp-content\/uploads\/sites\/3\/2025\/07\/686bc115b480cc79a243d48f.jpg\" \/>\n<meta name=\"author\" content=\"rtnews\" \/>\n<meta name=\"twitter:card\" content=\"summary_large_image\" \/>\n<meta name=\"twitter:creator\" content=\"@WirMachenAuf_de\" \/>\n<meta name=\"twitter:site\" content=\"@WirMachenAuf_de\" \/>\n<meta name=\"twitter:label1\" content=\"Verfasst von\" \/>\n\t<meta name=\"twitter:data1\" content=\"rtnews\" \/>\n\t<meta name=\"twitter:label2\" content=\"Gesch\u00e4tzte Lesezeit\" \/>\n\t<meta name=\"twitter:data2\" content=\"3\u00a0Minuten\" \/>\n<script type=\"application\/ld+json\" class=\"yoast-schema-graph\">{\"@context\":\"https:\/\/schema.org\",\"@graph\":[{\"@type\":\"Article\",\"@id\":\"https:\/\/now-news.de\/de\/deutschland\/debatte-und-abstimmung-ueber-misstrauensantrag-gegen-von-der-leyen\/#article\",\"isPartOf\":{\"@id\":\"https:\/\/now-news.de\/de\/deutschland\/debatte-und-abstimmung-ueber-misstrauensantrag-gegen-von-der-leyen\/\"},\"author\":{\"name\":\"rtnews\",\"@id\":\"https:\/\/now-news.de\/de\/#\/schema\/person\/fb534a4e865501d8b3285208df34a9b5\"},\"headline\":\"Debatte und Abstimmung \u00fcber Misstrauensantrag gegen von der Leyen\",\"datePublished\":\"2025-07-07T13:49:27+00:00\",\"dateModified\":\"2025-07-07T13:49:27+00:00\",\"mainEntityOfPage\":{\"@id\":\"https:\/\/now-news.de\/de\/deutschland\/debatte-und-abstimmung-ueber-misstrauensantrag-gegen-von-der-leyen\/\"},\"wordCount\":577,\"commentCount\":0,\"publisher\":{\"@id\":\"https:\/\/now-news.de\/de\/#organization\"},\"image\":{\"@id\":\"https:\/\/now-news.de\/de\/deutschland\/debatte-und-abstimmung-ueber-misstrauensantrag-gegen-von-der-leyen\/#primaryimage\"},\"thumbnailUrl\":\"https:\/\/now-news.de\/de\/wp-content\/uploads\/sites\/3\/2025\/07\/Debatte-und-Abstimmung-ueber-Misstrauensantrag-gegen-von-der-Leyen.jpg\",\"keywords\":[\"Abstimmung\",\"debatte\",\"der\",\"gegen\",\"Leyen\",\"Misstrauensantrag\",\"\u00fcber\",\"und\",\"von\"],\"articleSection\":[\"Deutschland\",\"Russland\"],\"inLanguage\":\"de\",\"potentialAction\":[{\"@type\":\"CommentAction\",\"name\":\"Comment\",\"target\":[\"https:\/\/now-news.de\/de\/deutschland\/debatte-und-abstimmung-ueber-misstrauensantrag-gegen-von-der-leyen\/#respond\"]}]},{\"@type\":\"WebPage\",\"@id\":\"https:\/\/now-news.de\/de\/deutschland\/debatte-und-abstimmung-ueber-misstrauensantrag-gegen-von-der-leyen\/\",\"url\":\"https:\/\/now-news.de\/de\/deutschland\/debatte-und-abstimmung-ueber-misstrauensantrag-gegen-von-der-leyen\/\",\"name\":\"Debatte und Abstimmung \u00fcber Misstrauensantrag gegen von der Leyen - just-now.NEWS Deutschland\",\"isPartOf\":{\"@id\":\"https:\/\/now-news.de\/de\/#website\"},\"primaryImageOfPage\":{\"@id\":\"https:\/\/now-news.de\/de\/deutschland\/debatte-und-abstimmung-ueber-misstrauensantrag-gegen-von-der-leyen\/#primaryimage\"},\"image\":{\"@id\":\"https:\/\/now-news.de\/de\/deutschland\/debatte-und-abstimmung-ueber-misstrauensantrag-gegen-von-der-leyen\/#primaryimage\"},\"thumbnailUrl\":\"https:\/\/now-news.de\/de\/wp-content\/uploads\/sites\/3\/2025\/07\/Debatte-und-Abstimmung-ueber-Misstrauensantrag-gegen-von-der-Leyen.jpg\",\"datePublished\":\"2025-07-07T13:49:27+00:00\",\"dateModified\":\"2025-07-07T13:49:27+00:00\",\"breadcrumb\":{\"@id\":\"https:\/\/now-news.de\/de\/deutschland\/debatte-und-abstimmung-ueber-misstrauensantrag-gegen-von-der-leyen\/#breadcrumb\"},\"inLanguage\":\"de\",\"potentialAction\":[{\"@type\":\"ReadAction\",\"target\":[\"https:\/\/now-news.de\/de\/deutschland\/debatte-und-abstimmung-ueber-misstrauensantrag-gegen-von-der-leyen\/\"]}]},{\"@type\":\"ImageObject\",\"inLanguage\":\"de\",\"@id\":\"https:\/\/now-news.de\/de\/deutschland\/debatte-und-abstimmung-ueber-misstrauensantrag-gegen-von-der-leyen\/#primaryimage\",\"url\":\"https:\/\/now-news.de\/de\/wp-content\/uploads\/sites\/3\/2025\/07\/Debatte-und-Abstimmung-ueber-Misstrauensantrag-gegen-von-der-Leyen.jpg\",\"contentUrl\":\"https:\/\/now-news.de\/de\/wp-content\/uploads\/sites\/3\/2025\/07\/Debatte-und-Abstimmung-ueber-Misstrauensantrag-gegen-von-der-Leyen.jpg\",\"width\":460,\"height\":259,\"caption\":\"Debatte und Abstimmung \u00fcber Misstrauensantrag gegen von der Leyen\"},{\"@type\":\"BreadcrumbList\",\"@id\":\"https:\/\/now-news.de\/de\/deutschland\/debatte-und-abstimmung-ueber-misstrauensantrag-gegen-von-der-leyen\/#breadcrumb\",\"itemListElement\":[{\"@type\":\"ListItem\",\"position\":1,\"name\":\"Home\",\"item\":\"https:\/\/now-news.de\/de\/\"},{\"@type\":\"ListItem\",\"position\":2,\"name\":\"Debatte und Abstimmung \u00fcber Misstrauensantrag gegen von der Leyen\"}]},{\"@type\":\"WebSite\",\"@id\":\"https:\/\/now-news.de\/de\/#website\",\"url\":\"https:\/\/now-news.de\/de\/\",\"name\":\"just-now.NEWS Deutschland\",\"description\":\"Das Portal f\u00fcr unzensierte Nachrichten aus der Welt\",\"publisher\":{\"@id\":\"https:\/\/now-news.de\/de\/#organization\"},\"potentialAction\":[{\"@type\":\"SearchAction\",\"target\":{\"@type\":\"EntryPoint\",\"urlTemplate\":\"https:\/\/now-news.de\/de\/?s={search_term_string}\"},\"query-input\":\"required name=search_term_string\"}],\"inLanguage\":\"de\"},{\"@type\":\"Organization\",\"@id\":\"https:\/\/now-news.de\/de\/#organization\",\"name\":\"Just Now News\",\"url\":\"https:\/\/now-news.de\/de\/\",\"logo\":{\"@type\":\"ImageObject\",\"inLanguage\":\"de\",\"@id\":\"https:\/\/now-news.de\/de\/#\/schema\/logo\/image\/\",\"url\":\"http:\/\/just-now.news\/de\/wp-content\/uploads\/sites\/3\/2022\/04\/logo500x500.jpg\",\"contentUrl\":\"http:\/\/just-now.news\/de\/wp-content\/uploads\/sites\/3\/2022\/04\/logo500x500.jpg\",\"width\":500,\"height\":500,\"caption\":\"Just Now News\"},\"image\":{\"@id\":\"https:\/\/now-news.de\/de\/#\/schema\/logo\/image\/\"},\"sameAs\":[\"https:\/\/www.facebook.com\/wirmachenauf\",\"https:\/\/x.com\/WirMachenAuf_de\"]},{\"@type\":\"Person\",\"@id\":\"https:\/\/now-news.de\/de\/#\/schema\/person\/fb534a4e865501d8b3285208df34a9b5\",\"name\":\"rtnews\",\"image\":{\"@type\":\"ImageObject\",\"inLanguage\":\"de\",\"@id\":\"https:\/\/now-news.de\/de\/#\/schema\/person\/image\/\",\"url\":\"https:\/\/secure.gravatar.com\/avatar\/82aafea7d8127119dd649515f56e2117?s=96&d=mm&r=g\",\"contentUrl\":\"https:\/\/secure.gravatar.com\/avatar\/82aafea7d8127119dd649515f56e2117?s=96&d=mm&r=g\",\"caption\":\"rtnews\"},\"url\":\"https:\/\/now-news.de\/de\/author\/rnews\/\"}]}<\/script>\n<!-- \/ Yoast SEO Premium plugin. -->","yoast_head_json":{"title":"Debatte und Abstimmung \u00fcber Misstrauensantrag gegen von der Leyen - just-now.NEWS Deutschland","robots":{"index":"index","follow":"follow","max-snippet":"max-snippet:-1","max-image-preview":"max-image-preview:large","max-video-preview":"max-video-preview:-1"},"canonical":"https:\/\/now-news.de\/de\/deutschland\/debatte-und-abstimmung-ueber-misstrauensantrag-gegen-von-der-leyen\/","og_locale":"de_DE","og_type":"article","og_title":"Debatte und Abstimmung \u00fcber Misstrauensantrag gegen von der Leyen","og_description":"Die EU-Kommissionspr\u00e4sidentin muss sich einem Misstrauensvotum stellen. Heute steht die Debatte \u00fcber den Antrag auf dem Plan, am Donnerstag wird abgestimmt. Von der Leyen wird bei der Abstimmung nicht anwesend sein \u2012 eine klare Missachtung des Parlaments. Sorgen muss sie sich kaum machen. Das EU-Parlament debattiert heute \u00fcber einen Misstrauensantrag gegen EU-Kommissionspr\u00e4sidentin Ursula von der [&hellip;]","og_url":"https:\/\/now-news.de\/de\/deutschland\/debatte-und-abstimmung-ueber-misstrauensantrag-gegen-von-der-leyen\/","og_site_name":"just-now.NEWS Deutschland","article_publisher":"https:\/\/www.facebook.com\/wirmachenauf","article_published_time":"2025-07-07T13:49:27+00:00","og_image":[{"url":"https:\/\/now-news.de\/de\/wp-content\/uploads\/sites\/3\/2025\/07\/686bc115b480cc79a243d48f.jpg"}],"author":"rtnews","twitter_card":"summary_large_image","twitter_creator":"@WirMachenAuf_de","twitter_site":"@WirMachenAuf_de","twitter_misc":{"Verfasst von":"rtnews","Gesch\u00e4tzte Lesezeit":"3\u00a0Minuten"},"schema":{"@context":"https:\/\/schema.org","@graph":[{"@type":"Article","@id":"https:\/\/now-news.de\/de\/deutschland\/debatte-und-abstimmung-ueber-misstrauensantrag-gegen-von-der-leyen\/#article","isPartOf":{"@id":"https:\/\/now-news.de\/de\/deutschland\/debatte-und-abstimmung-ueber-misstrauensantrag-gegen-von-der-leyen\/"},"author":{"name":"rtnews","@id":"https:\/\/now-news.de\/de\/#\/schema\/person\/fb534a4e865501d8b3285208df34a9b5"},"headline":"Debatte und Abstimmung \u00fcber Misstrauensantrag gegen von der Leyen","datePublished":"2025-07-07T13:49:27+00:00","dateModified":"2025-07-07T13:49:27+00:00","mainEntityOfPage":{"@id":"https:\/\/now-news.de\/de\/deutschland\/debatte-und-abstimmung-ueber-misstrauensantrag-gegen-von-der-leyen\/"},"wordCount":577,"commentCount":0,"publisher":{"@id":"https:\/\/now-news.de\/de\/#organization"},"image":{"@id":"https:\/\/now-news.de\/de\/deutschland\/debatte-und-abstimmung-ueber-misstrauensantrag-gegen-von-der-leyen\/#primaryimage"},"thumbnailUrl":"https:\/\/now-news.de\/de\/wp-content\/uploads\/sites\/3\/2025\/07\/Debatte-und-Abstimmung-ueber-Misstrauensantrag-gegen-von-der-Leyen.jpg","keywords":["Abstimmung","debatte","der","gegen","Leyen","Misstrauensantrag","\u00fcber","und","von"],"articleSection":["Deutschland","Russland"],"inLanguage":"de","potentialAction":[{"@type":"CommentAction","name":"Comment","target":["https:\/\/now-news.de\/de\/deutschland\/debatte-und-abstimmung-ueber-misstrauensantrag-gegen-von-der-leyen\/#respond"]}]},{"@type":"WebPage","@id":"https:\/\/now-news.de\/de\/deutschland\/debatte-und-abstimmung-ueber-misstrauensantrag-gegen-von-der-leyen\/","url":"https:\/\/now-news.de\/de\/deutschland\/debatte-und-abstimmung-ueber-misstrauensantrag-gegen-von-der-leyen\/","name":"Debatte und Abstimmung \u00fcber Misstrauensantrag gegen von der Leyen - just-now.NEWS Deutschland","isPartOf":{"@id":"https:\/\/now-news.de\/de\/#website"},"primaryImageOfPage":{"@id":"https:\/\/now-news.de\/de\/deutschland\/debatte-und-abstimmung-ueber-misstrauensantrag-gegen-von-der-leyen\/#primaryimage"},"image":{"@id":"https:\/\/now-news.de\/de\/deutschland\/debatte-und-abstimmung-ueber-misstrauensantrag-gegen-von-der-leyen\/#primaryimage"},"thumbnailUrl":"https:\/\/now-news.de\/de\/wp-content\/uploads\/sites\/3\/2025\/07\/Debatte-und-Abstimmung-ueber-Misstrauensantrag-gegen-von-der-Leyen.jpg","datePublished":"2025-07-07T13:49:27+00:00","dateModified":"2025-07-07T13:49:27+00:00","breadcrumb":{"@id":"https:\/\/now-news.de\/de\/deutschland\/debatte-und-abstimmung-ueber-misstrauensantrag-gegen-von-der-leyen\/#breadcrumb"},"inLanguage":"de","potentialAction":[{"@type":"ReadAction","target":["https:\/\/now-news.de\/de\/deutschland\/debatte-und-abstimmung-ueber-misstrauensantrag-gegen-von-der-leyen\/"]}]},{"@type":"ImageObject","inLanguage":"de","@id":"https:\/\/now-news.de\/de\/deutschland\/debatte-und-abstimmung-ueber-misstrauensantrag-gegen-von-der-leyen\/#primaryimage","url":"https:\/\/now-news.de\/de\/wp-content\/uploads\/sites\/3\/2025\/07\/Debatte-und-Abstimmung-ueber-Misstrauensantrag-gegen-von-der-Leyen.jpg","contentUrl":"https:\/\/now-news.de\/de\/wp-content\/uploads\/sites\/3\/2025\/07\/Debatte-und-Abstimmung-ueber-Misstrauensantrag-gegen-von-der-Leyen.jpg","width":460,"height":259,"caption":"Debatte und Abstimmung \u00fcber Misstrauensantrag gegen von der Leyen"},{"@type":"BreadcrumbList","@id":"https:\/\/now-news.de\/de\/deutschland\/debatte-und-abstimmung-ueber-misstrauensantrag-gegen-von-der-leyen\/#breadcrumb","itemListElement":[{"@type":"ListItem","position":1,"name":"Home","item":"https:\/\/now-news.de\/de\/"},{"@type":"ListItem","position":2,"name":"Debatte und Abstimmung \u00fcber Misstrauensantrag gegen von der Leyen"}]},{"@type":"WebSite","@id":"https:\/\/now-news.de\/de\/#website","url":"https:\/\/now-news.de\/de\/","name":"just-now.NEWS Deutschland","description":"Das Portal f\u00fcr unzensierte Nachrichten aus der Welt","publisher":{"@id":"https:\/\/now-news.de\/de\/#organization"},"potentialAction":[{"@type":"SearchAction","target":{"@type":"EntryPoint","urlTemplate":"https:\/\/now-news.de\/de\/?s={search_term_string}"},"query-input":"required name=search_term_string"}],"inLanguage":"de"},{"@type":"Organization","@id":"https:\/\/now-news.de\/de\/#organization","name":"Just Now News","url":"https:\/\/now-news.de\/de\/","logo":{"@type":"ImageObject","inLanguage":"de","@id":"https:\/\/now-news.de\/de\/#\/schema\/logo\/image\/","url":"http:\/\/just-now.news\/de\/wp-content\/uploads\/sites\/3\/2022\/04\/logo500x500.jpg","contentUrl":"http:\/\/just-now.news\/de\/wp-content\/uploads\/sites\/3\/2022\/04\/logo500x500.jpg","width":500,"height":500,"caption":"Just Now News"},"image":{"@id":"https:\/\/now-news.de\/de\/#\/schema\/logo\/image\/"},"sameAs":["https:\/\/www.facebook.com\/wirmachenauf","https:\/\/x.com\/WirMachenAuf_de"]},{"@type":"Person","@id":"https:\/\/now-news.de\/de\/#\/schema\/person\/fb534a4e865501d8b3285208df34a9b5","name":"rtnews","image":{"@type":"ImageObject","inLanguage":"de","@id":"https:\/\/now-news.de\/de\/#\/schema\/person\/image\/","url":"https:\/\/secure.gravatar.com\/avatar\/82aafea7d8127119dd649515f56e2117?s=96&d=mm&r=g","contentUrl":"https:\/\/secure.gravatar.com\/avatar\/82aafea7d8127119dd649515f56e2117?s=96&d=mm&r=g","caption":"rtnews"},"url":"https:\/\/now-news.de\/de\/author\/rnews\/"}]}},"_links":{"self":[{"href":"https:\/\/now-news.de\/de\/wp-json\/wp\/v2\/posts\/86748"}],"collection":[{"href":"https:\/\/now-news.de\/de\/wp-json\/wp\/v2\/posts"}],"about":[{"href":"https:\/\/now-news.de\/de\/wp-json\/wp\/v2\/types\/post"}],"author":[{"embeddable":true,"href":"https:\/\/now-news.de\/de\/wp-json\/wp\/v2\/users\/3"}],"replies":[{"embeddable":true,"href":"https:\/\/now-news.de\/de\/wp-json\/wp\/v2\/comments?post=86748"}],"version-history":[{"count":0,"href":"https:\/\/now-news.de\/de\/wp-json\/wp\/v2\/posts\/86748\/revisions"}],"wp:featuredmedia":[{"embeddable":true,"href":"https:\/\/now-news.de\/de\/wp-json\/wp\/v2\/media\/86749"}],"wp:attachment":[{"href":"https:\/\/now-news.de\/de\/wp-json\/wp\/v2\/media?parent=86748"}],"wp:term":[{"taxonomy":"category","embeddable":true,"href":"https:\/\/now-news.de\/de\/wp-json\/wp\/v2\/categories?post=86748"},{"taxonomy":"post_tag","embeddable":true,"href":"https:\/\/now-news.de\/de\/wp-json\/wp\/v2\/tags?post=86748"}],"curies":[{"name":"wp","href":"https:\/\/api.w.org\/{rel}","templated":true}]}}