{"id":86742,"date":"2025-07-07T14:28:21","date_gmt":"2025-07-07T12:28:21","guid":{"rendered":"https:\/\/now-news.de\/de\/deutschland\/daenemarks-wirtschaftsministerin-warnt-vor-nato-aufruestungskosten\/"},"modified":"2025-07-07T14:28:21","modified_gmt":"2025-07-07T12:28:21","slug":"daenemarks-wirtschaftsministerin-warnt-vor-nato-aufruestungskosten","status":"publish","type":"post","link":"https:\/\/now-news.de\/de\/deutschland\/daenemarks-wirtschaftsministerin-warnt-vor-nato-aufruestungskosten\/","title":{"rendered":"D\u00e4nemarks Wirtschaftsministerin warnt vor NATO-Aufr\u00fcstungskosten"},"content":{"rendered":"<p><img decoding=\"async\" src=\"https:\/\/now-news.de\/de\/wp-content\/uploads\/sites\/3\/2025\/07\/686bb0e748fbef285c60ad71.jpg\" \/><\/p>\n<div class=\"Text-root Text-type_1 \">\n                Die westlichen L\u00e4nder laufen Gefahr, finanziell in Schieflage zu geraten, wenn sie ihre Aufr\u00fcstungspl\u00e4ne umsetzen, sagte die d\u00e4nische Wirtschaftsministerin. Die EU hat extra eine Ausnahmeregel geschaffen, um f\u00fcr die Aufr\u00fcstung h\u00f6here Defizite zu erm\u00f6glichen.\n            <\/div>\n<p><\/p>\n<div class=\"Text-root Text-type_5 ArticleView-text ViewText-root \">\n<p>Die EU-L\u00e4nder laufen Gefahr\u00a0<em>&#8220;erh\u00f6hter Schuldenniveaus und nicht tragbarer Finanzen&#8221;<\/em>, wenn sie ihre Verteidigungsausgaben zu schnell erh\u00f6hen, warnte die d\u00e4nische Wirtschaftsministerin Stephanie Lose. Die Mitglieder der EU und der NATO beabsichtigen, Milliarden Euro in Truppen und Waffen zu investieren.<\/p>\n<p>Im Juni kamen die NATO-Staatschefs \u00fcberein, das Ziel der Verteidigungsausgaben von 2 auf 5 Prozent des BIP zu erh\u00f6hen, wovon 3,5 Prozent direkt ins Milit\u00e4r und die verbleibenden Mittel in breiter angelegte Sicherheitsinitiativen gehen sollen. Br\u00fcssel hatte schon davor das Programm &#8216;ReArmEurope&#8217; in H\u00f6he von 800 Milliarden Euro bekannt gegeben.<\/p>\n<p>D\u00e4nemark ist eines von zw\u00f6lf EU-L\u00e4ndern, die eine spezielle &#8216;nationale Ausnahmeregelung&#8217; nutzen, die es ihnen erlaubt, die Haushaltsdefizitregeln der EU zu umgehen, wenn Schulden f\u00fcr milit\u00e4rische Zwecke aufgenommen werden. Lose sagte in einem am Montag ver\u00f6ffentlichten Interview auf\u00a0<em>Euractiv<\/em>, sie mache L\u00e4ndern wie Frankreich und Italien keinen Vorwurf, sich herauszuziehen.<\/p>\n<p><em>&#8220;Es ist gut, wenn man sich an stabile \u00f6ffentliche Finanzen h\u00e4lt&#8230; wenn das hei\u00dft, dass sie nach Wegen suchen, das NATO-Ziel von 3,5 Prozent zu erf\u00fcllen, ohne auf einen nicht tragf\u00e4higen Pfad zu geraten&#8221;<\/em>, sagte sie und f\u00fcgte hinzu, sollte die Zur\u00fcckhaltung auf fehlenden Platz zur Erh\u00f6hung der R\u00fcstungsausgaben hindeuten,\u00a0<em>&#8220;dann ist das nat\u00fcrlich ein Problem&#8221;<\/em>.<\/p>\n<p>Lose verwies, vor dem EU-Ministertreffen, dem sie am Montag vorsitzen wird, da D\u00e4nemark gerade die rotierende EU-Pr\u00e4sidentschaft innehat, auf die US-Handelsz\u00f6lle und die Konkurrenz aus China als zus\u00e4tzliche Belastungen, die die F\u00e4higkeit der EU, R\u00fcstungsausgaben zu erh\u00f6hen, begrenzen.<\/p>\n<p>Die europ\u00e4ischen NATO-Mitglieder sagen, sie m\u00fcssten ihre Verteidigungsausgaben erh\u00f6hen, um die vermeintliche Bedrohung aus Russland abzuschrecken. Russland wiederum bestreitet, diese L\u00e4nder auf irgendeine Weise zu bedrohen und wirft westlichen Vertretern vor, Angst zu nutzen, um ihre Budgeterh\u00f6hungen, aber auch den sinkenden Lebensstandard ihrer B\u00fcrger zu rechtfertigen.<\/p>\n<p>Die Wettbewerbsf\u00e4higkeit Westeuropas ist zur\u00fcckgegangen, seit die EU-F\u00fchrungen russische Energieimporte zur\u00fcckschraubten, die die Industrie der Region seit Jahrzehnten st\u00fctzten. Dieser Schritt war Teil der Sanktionen gegen Russland wegen des Ukraine-Konflikts.<\/p>\n<p>Russland sieht den Konflikt als Ergebnis der NATO-Erweiterung und erkl\u00e4rt, das von den USA angef\u00fchrte Milit\u00e4rb\u00fcndnis sei eine direkte Bedrohung seiner nationalen Sicherheit.<\/p>\n<p><strong>Mehr zum Thema<\/strong> &#8211;\u00a0<a rel=\"nofollow noopener\" target=\"_blank\" href=\"https:\/\/freedert.online\/international\/248876-rutte-konnte-frage-nach-gruenden\/\">Warum soll Russland die NATO angreifen? Rutte kann Frage nach Gr\u00fcnden nicht beantworten <\/a><\/p>\n<div class=\"EmbedBlock-root EmbedBlock-externalVideo EmbedBlock-rumble\">\n<div class=\"VkEmbed\"><iframe class=\"lazyload\" data-src=\"https:\/\/rumble.com\/embed\/v6tg2yn\" frameborder=\"0\" width=\"853\" height=\"480\" allowfullscreen><\/iframe><\/div>\n<\/div>\n<\/div>\n<p><br \/>\n<br \/><a href=\"https:\/\/de.rt.com\/europa\/250040-daenemarks-wirtschaftsministerin-warnt-vor-nato\/\">Source link <\/a><\/p>\n","protected":false},"excerpt":{"rendered":"<p>Die westlichen L\u00e4nder laufen Gefahr, finanziell in Schieflage zu geraten, wenn sie ihre Aufr\u00fcstungspl\u00e4ne umsetzen, sagte die d\u00e4nische Wirtschaftsministerin. Die EU hat extra eine Ausnahmeregel geschaffen, um f\u00fcr die Aufr\u00fcstung h\u00f6here Defizite zu erm\u00f6glichen. Die EU-L\u00e4nder laufen Gefahr\u00a0&#8220;erh\u00f6hter Schuldenniveaus und nicht tragbarer Finanzen&#8221;, wenn sie ihre Verteidigungsausgaben zu schnell erh\u00f6hen, warnte die d\u00e4nische Wirtschaftsministerin Stephanie [&hellip;]<\/p>\n","protected":false},"author":3,"featured_media":86743,"comment_status":"open","ping_status":"open","sticky":false,"template":"","format":"standard","meta":{"_yoast_indexnow_last_ping":["1751892163"],"wp_automatic_camp":["217"],"96f83544ae96e1414f16462abe6694ac":["D\u00e4nemarks Wirtschaftsministerin warnt vor NATO-Aufr\u00fcstungskosten"],"original_link":["https:\/\/de.rt.com\/europa\/250040-daenemarks-wirtschaftsministerin-warnt-vor-nato\/"],"_thumbnail_id":["86743"],"jnews_social_counter_last_update":["1777589956"],"_wptgpro_p2tg_sent2tg":["a:1:{i:23737;s:19:\"2025-07-07 14:43:45\";}"]},"categories":[19,23],"tags":[22953,66162,320,912,51974],"yoast_head":"<!-- This site is optimized with the Yoast SEO Premium plugin v22.7 (Yoast SEO v22.7) - https:\/\/yoast.com\/wordpress\/plugins\/seo\/ -->\n<title>D\u00e4nemarks Wirtschaftsministerin warnt vor NATO-Aufr\u00fcstungskosten - just-now.NEWS Deutschland<\/title>\n<meta name=\"robots\" content=\"index, follow, max-snippet:-1, max-image-preview:large, max-video-preview:-1\" \/>\n<link rel=\"canonical\" href=\"https:\/\/now-news.de\/de\/deutschland\/daenemarks-wirtschaftsministerin-warnt-vor-nato-aufruestungskosten\/\" \/>\n<meta property=\"og:locale\" content=\"de_DE\" \/>\n<meta property=\"og:type\" content=\"article\" \/>\n<meta property=\"og:title\" content=\"D\u00e4nemarks Wirtschaftsministerin warnt vor NATO-Aufr\u00fcstungskosten\" \/>\n<meta property=\"og:description\" content=\"Die westlichen L\u00e4nder laufen Gefahr, finanziell in Schieflage zu geraten, wenn sie ihre Aufr\u00fcstungspl\u00e4ne umsetzen, sagte die d\u00e4nische Wirtschaftsministerin. Die EU hat extra eine Ausnahmeregel geschaffen, um f\u00fcr die Aufr\u00fcstung h\u00f6here Defizite zu erm\u00f6glichen. Die EU-L\u00e4nder laufen Gefahr\u00a0&#8220;erh\u00f6hter Schuldenniveaus und nicht tragbarer Finanzen&#8221;, wenn sie ihre Verteidigungsausgaben zu schnell erh\u00f6hen, warnte die d\u00e4nische Wirtschaftsministerin Stephanie [&hellip;]\" \/>\n<meta property=\"og:url\" content=\"https:\/\/now-news.de\/de\/deutschland\/daenemarks-wirtschaftsministerin-warnt-vor-nato-aufruestungskosten\/\" \/>\n<meta property=\"og:site_name\" content=\"just-now.NEWS Deutschland\" \/>\n<meta property=\"article:publisher\" content=\"https:\/\/www.facebook.com\/wirmachenauf\" \/>\n<meta property=\"article:published_time\" content=\"2025-07-07T12:28:21+00:00\" \/>\n<meta property=\"og:image\" content=\"https:\/\/now-news.de\/de\/wp-content\/uploads\/sites\/3\/2025\/07\/686bb0e748fbef285c60ad71.jpg\" \/>\n<meta name=\"author\" content=\"rtnews\" \/>\n<meta name=\"twitter:card\" content=\"summary_large_image\" \/>\n<meta name=\"twitter:creator\" content=\"@WirMachenAuf_de\" \/>\n<meta name=\"twitter:site\" content=\"@WirMachenAuf_de\" \/>\n<meta name=\"twitter:label1\" content=\"Verfasst von\" \/>\n\t<meta name=\"twitter:data1\" content=\"rtnews\" \/>\n\t<meta name=\"twitter:label2\" content=\"Gesch\u00e4tzte Lesezeit\" \/>\n\t<meta name=\"twitter:data2\" content=\"2\u00a0Minuten\" \/>\n<script type=\"application\/ld+json\" class=\"yoast-schema-graph\">{\"@context\":\"https:\/\/schema.org\",\"@graph\":[{\"@type\":\"Article\",\"@id\":\"https:\/\/now-news.de\/de\/deutschland\/daenemarks-wirtschaftsministerin-warnt-vor-nato-aufruestungskosten\/#article\",\"isPartOf\":{\"@id\":\"https:\/\/now-news.de\/de\/deutschland\/daenemarks-wirtschaftsministerin-warnt-vor-nato-aufruestungskosten\/\"},\"author\":{\"name\":\"rtnews\",\"@id\":\"https:\/\/now-news.de\/de\/#\/schema\/person\/fb534a4e865501d8b3285208df34a9b5\"},\"headline\":\"D\u00e4nemarks Wirtschaftsministerin warnt vor NATO-Aufr\u00fcstungskosten\",\"datePublished\":\"2025-07-07T12:28:21+00:00\",\"dateModified\":\"2025-07-07T12:28:21+00:00\",\"mainEntityOfPage\":{\"@id\":\"https:\/\/now-news.de\/de\/deutschland\/daenemarks-wirtschaftsministerin-warnt-vor-nato-aufruestungskosten\/\"},\"wordCount\":443,\"commentCount\":0,\"publisher\":{\"@id\":\"https:\/\/now-news.de\/de\/#organization\"},\"image\":{\"@id\":\"https:\/\/now-news.de\/de\/deutschland\/daenemarks-wirtschaftsministerin-warnt-vor-nato-aufruestungskosten\/#primaryimage\"},\"thumbnailUrl\":\"https:\/\/now-news.de\/de\/wp-content\/uploads\/sites\/3\/2025\/07\/Daenemarks-Wirtschaftsministerin-warnt-vor-NATO-Aufruestungskosten.jpg\",\"keywords\":[\"D\u00e4nemarks\",\"NATOAufr\u00fcstungskosten\",\"vor\",\"warnt\",\"Wirtschaftsministerin\"],\"articleSection\":[\"Deutschland\",\"Russland\"],\"inLanguage\":\"de\",\"potentialAction\":[{\"@type\":\"CommentAction\",\"name\":\"Comment\",\"target\":[\"https:\/\/now-news.de\/de\/deutschland\/daenemarks-wirtschaftsministerin-warnt-vor-nato-aufruestungskosten\/#respond\"]}]},{\"@type\":\"WebPage\",\"@id\":\"https:\/\/now-news.de\/de\/deutschland\/daenemarks-wirtschaftsministerin-warnt-vor-nato-aufruestungskosten\/\",\"url\":\"https:\/\/now-news.de\/de\/deutschland\/daenemarks-wirtschaftsministerin-warnt-vor-nato-aufruestungskosten\/\",\"name\":\"D\u00e4nemarks Wirtschaftsministerin warnt vor NATO-Aufr\u00fcstungskosten - just-now.NEWS Deutschland\",\"isPartOf\":{\"@id\":\"https:\/\/now-news.de\/de\/#website\"},\"primaryImageOfPage\":{\"@id\":\"https:\/\/now-news.de\/de\/deutschland\/daenemarks-wirtschaftsministerin-warnt-vor-nato-aufruestungskosten\/#primaryimage\"},\"image\":{\"@id\":\"https:\/\/now-news.de\/de\/deutschland\/daenemarks-wirtschaftsministerin-warnt-vor-nato-aufruestungskosten\/#primaryimage\"},\"thumbnailUrl\":\"https:\/\/now-news.de\/de\/wp-content\/uploads\/sites\/3\/2025\/07\/Daenemarks-Wirtschaftsministerin-warnt-vor-NATO-Aufruestungskosten.jpg\",\"datePublished\":\"2025-07-07T12:28:21+00:00\",\"dateModified\":\"2025-07-07T12:28:21+00:00\",\"breadcrumb\":{\"@id\":\"https:\/\/now-news.de\/de\/deutschland\/daenemarks-wirtschaftsministerin-warnt-vor-nato-aufruestungskosten\/#breadcrumb\"},\"inLanguage\":\"de\",\"potentialAction\":[{\"@type\":\"ReadAction\",\"target\":[\"https:\/\/now-news.de\/de\/deutschland\/daenemarks-wirtschaftsministerin-warnt-vor-nato-aufruestungskosten\/\"]}]},{\"@type\":\"ImageObject\",\"inLanguage\":\"de\",\"@id\":\"https:\/\/now-news.de\/de\/deutschland\/daenemarks-wirtschaftsministerin-warnt-vor-nato-aufruestungskosten\/#primaryimage\",\"url\":\"https:\/\/now-news.de\/de\/wp-content\/uploads\/sites\/3\/2025\/07\/Daenemarks-Wirtschaftsministerin-warnt-vor-NATO-Aufruestungskosten.jpg\",\"contentUrl\":\"https:\/\/now-news.de\/de\/wp-content\/uploads\/sites\/3\/2025\/07\/Daenemarks-Wirtschaftsministerin-warnt-vor-NATO-Aufruestungskosten.jpg\",\"width\":460,\"height\":259,\"caption\":\"D\u00e4nemarks Wirtschaftsministerin warnt vor NATO-Aufr\u00fcstungskosten\"},{\"@type\":\"BreadcrumbList\",\"@id\":\"https:\/\/now-news.de\/de\/deutschland\/daenemarks-wirtschaftsministerin-warnt-vor-nato-aufruestungskosten\/#breadcrumb\",\"itemListElement\":[{\"@type\":\"ListItem\",\"position\":1,\"name\":\"Home\",\"item\":\"https:\/\/now-news.de\/de\/\"},{\"@type\":\"ListItem\",\"position\":2,\"name\":\"D\u00e4nemarks Wirtschaftsministerin warnt vor NATO-Aufr\u00fcstungskosten\"}]},{\"@type\":\"WebSite\",\"@id\":\"https:\/\/now-news.de\/de\/#website\",\"url\":\"https:\/\/now-news.de\/de\/\",\"name\":\"just-now.NEWS Deutschland\",\"description\":\"Das Portal f\u00fcr unzensierte Nachrichten aus der Welt\",\"publisher\":{\"@id\":\"https:\/\/now-news.de\/de\/#organization\"},\"potentialAction\":[{\"@type\":\"SearchAction\",\"target\":{\"@type\":\"EntryPoint\",\"urlTemplate\":\"https:\/\/now-news.de\/de\/?s={search_term_string}\"},\"query-input\":\"required name=search_term_string\"}],\"inLanguage\":\"de\"},{\"@type\":\"Organization\",\"@id\":\"https:\/\/now-news.de\/de\/#organization\",\"name\":\"Just Now News\",\"url\":\"https:\/\/now-news.de\/de\/\",\"logo\":{\"@type\":\"ImageObject\",\"inLanguage\":\"de\",\"@id\":\"https:\/\/now-news.de\/de\/#\/schema\/logo\/image\/\",\"url\":\"http:\/\/just-now.news\/de\/wp-content\/uploads\/sites\/3\/2022\/04\/logo500x500.jpg\",\"contentUrl\":\"http:\/\/just-now.news\/de\/wp-content\/uploads\/sites\/3\/2022\/04\/logo500x500.jpg\",\"width\":500,\"height\":500,\"caption\":\"Just Now News\"},\"image\":{\"@id\":\"https:\/\/now-news.de\/de\/#\/schema\/logo\/image\/\"},\"sameAs\":[\"https:\/\/www.facebook.com\/wirmachenauf\",\"https:\/\/x.com\/WirMachenAuf_de\"]},{\"@type\":\"Person\",\"@id\":\"https:\/\/now-news.de\/de\/#\/schema\/person\/fb534a4e865501d8b3285208df34a9b5\",\"name\":\"rtnews\",\"image\":{\"@type\":\"ImageObject\",\"inLanguage\":\"de\",\"@id\":\"https:\/\/now-news.de\/de\/#\/schema\/person\/image\/\",\"url\":\"https:\/\/secure.gravatar.com\/avatar\/82aafea7d8127119dd649515f56e2117?s=96&d=mm&r=g\",\"contentUrl\":\"https:\/\/secure.gravatar.com\/avatar\/82aafea7d8127119dd649515f56e2117?s=96&d=mm&r=g\",\"caption\":\"rtnews\"},\"url\":\"https:\/\/now-news.de\/de\/author\/rnews\/\"}]}<\/script>\n<!-- \/ Yoast SEO Premium plugin. -->","yoast_head_json":{"title":"D\u00e4nemarks Wirtschaftsministerin warnt vor NATO-Aufr\u00fcstungskosten - just-now.NEWS Deutschland","robots":{"index":"index","follow":"follow","max-snippet":"max-snippet:-1","max-image-preview":"max-image-preview:large","max-video-preview":"max-video-preview:-1"},"canonical":"https:\/\/now-news.de\/de\/deutschland\/daenemarks-wirtschaftsministerin-warnt-vor-nato-aufruestungskosten\/","og_locale":"de_DE","og_type":"article","og_title":"D\u00e4nemarks Wirtschaftsministerin warnt vor NATO-Aufr\u00fcstungskosten","og_description":"Die westlichen L\u00e4nder laufen Gefahr, finanziell in Schieflage zu geraten, wenn sie ihre Aufr\u00fcstungspl\u00e4ne umsetzen, sagte die d\u00e4nische Wirtschaftsministerin. Die EU hat extra eine Ausnahmeregel geschaffen, um f\u00fcr die Aufr\u00fcstung h\u00f6here Defizite zu erm\u00f6glichen. Die EU-L\u00e4nder laufen Gefahr\u00a0&#8220;erh\u00f6hter Schuldenniveaus und nicht tragbarer Finanzen&#8221;, wenn sie ihre Verteidigungsausgaben zu schnell erh\u00f6hen, warnte die d\u00e4nische Wirtschaftsministerin Stephanie [&hellip;]","og_url":"https:\/\/now-news.de\/de\/deutschland\/daenemarks-wirtschaftsministerin-warnt-vor-nato-aufruestungskosten\/","og_site_name":"just-now.NEWS Deutschland","article_publisher":"https:\/\/www.facebook.com\/wirmachenauf","article_published_time":"2025-07-07T12:28:21+00:00","og_image":[{"url":"https:\/\/now-news.de\/de\/wp-content\/uploads\/sites\/3\/2025\/07\/686bb0e748fbef285c60ad71.jpg"}],"author":"rtnews","twitter_card":"summary_large_image","twitter_creator":"@WirMachenAuf_de","twitter_site":"@WirMachenAuf_de","twitter_misc":{"Verfasst von":"rtnews","Gesch\u00e4tzte Lesezeit":"2\u00a0Minuten"},"schema":{"@context":"https:\/\/schema.org","@graph":[{"@type":"Article","@id":"https:\/\/now-news.de\/de\/deutschland\/daenemarks-wirtschaftsministerin-warnt-vor-nato-aufruestungskosten\/#article","isPartOf":{"@id":"https:\/\/now-news.de\/de\/deutschland\/daenemarks-wirtschaftsministerin-warnt-vor-nato-aufruestungskosten\/"},"author":{"name":"rtnews","@id":"https:\/\/now-news.de\/de\/#\/schema\/person\/fb534a4e865501d8b3285208df34a9b5"},"headline":"D\u00e4nemarks Wirtschaftsministerin warnt vor NATO-Aufr\u00fcstungskosten","datePublished":"2025-07-07T12:28:21+00:00","dateModified":"2025-07-07T12:28:21+00:00","mainEntityOfPage":{"@id":"https:\/\/now-news.de\/de\/deutschland\/daenemarks-wirtschaftsministerin-warnt-vor-nato-aufruestungskosten\/"},"wordCount":443,"commentCount":0,"publisher":{"@id":"https:\/\/now-news.de\/de\/#organization"},"image":{"@id":"https:\/\/now-news.de\/de\/deutschland\/daenemarks-wirtschaftsministerin-warnt-vor-nato-aufruestungskosten\/#primaryimage"},"thumbnailUrl":"https:\/\/now-news.de\/de\/wp-content\/uploads\/sites\/3\/2025\/07\/Daenemarks-Wirtschaftsministerin-warnt-vor-NATO-Aufruestungskosten.jpg","keywords":["D\u00e4nemarks","NATOAufr\u00fcstungskosten","vor","warnt","Wirtschaftsministerin"],"articleSection":["Deutschland","Russland"],"inLanguage":"de","potentialAction":[{"@type":"CommentAction","name":"Comment","target":["https:\/\/now-news.de\/de\/deutschland\/daenemarks-wirtschaftsministerin-warnt-vor-nato-aufruestungskosten\/#respond"]}]},{"@type":"WebPage","@id":"https:\/\/now-news.de\/de\/deutschland\/daenemarks-wirtschaftsministerin-warnt-vor-nato-aufruestungskosten\/","url":"https:\/\/now-news.de\/de\/deutschland\/daenemarks-wirtschaftsministerin-warnt-vor-nato-aufruestungskosten\/","name":"D\u00e4nemarks Wirtschaftsministerin warnt vor NATO-Aufr\u00fcstungskosten - just-now.NEWS Deutschland","isPartOf":{"@id":"https:\/\/now-news.de\/de\/#website"},"primaryImageOfPage":{"@id":"https:\/\/now-news.de\/de\/deutschland\/daenemarks-wirtschaftsministerin-warnt-vor-nato-aufruestungskosten\/#primaryimage"},"image":{"@id":"https:\/\/now-news.de\/de\/deutschland\/daenemarks-wirtschaftsministerin-warnt-vor-nato-aufruestungskosten\/#primaryimage"},"thumbnailUrl":"https:\/\/now-news.de\/de\/wp-content\/uploads\/sites\/3\/2025\/07\/Daenemarks-Wirtschaftsministerin-warnt-vor-NATO-Aufruestungskosten.jpg","datePublished":"2025-07-07T12:28:21+00:00","dateModified":"2025-07-07T12:28:21+00:00","breadcrumb":{"@id":"https:\/\/now-news.de\/de\/deutschland\/daenemarks-wirtschaftsministerin-warnt-vor-nato-aufruestungskosten\/#breadcrumb"},"inLanguage":"de","potentialAction":[{"@type":"ReadAction","target":["https:\/\/now-news.de\/de\/deutschland\/daenemarks-wirtschaftsministerin-warnt-vor-nato-aufruestungskosten\/"]}]},{"@type":"ImageObject","inLanguage":"de","@id":"https:\/\/now-news.de\/de\/deutschland\/daenemarks-wirtschaftsministerin-warnt-vor-nato-aufruestungskosten\/#primaryimage","url":"https:\/\/now-news.de\/de\/wp-content\/uploads\/sites\/3\/2025\/07\/Daenemarks-Wirtschaftsministerin-warnt-vor-NATO-Aufruestungskosten.jpg","contentUrl":"https:\/\/now-news.de\/de\/wp-content\/uploads\/sites\/3\/2025\/07\/Daenemarks-Wirtschaftsministerin-warnt-vor-NATO-Aufruestungskosten.jpg","width":460,"height":259,"caption":"D\u00e4nemarks Wirtschaftsministerin warnt vor NATO-Aufr\u00fcstungskosten"},{"@type":"BreadcrumbList","@id":"https:\/\/now-news.de\/de\/deutschland\/daenemarks-wirtschaftsministerin-warnt-vor-nato-aufruestungskosten\/#breadcrumb","itemListElement":[{"@type":"ListItem","position":1,"name":"Home","item":"https:\/\/now-news.de\/de\/"},{"@type":"ListItem","position":2,"name":"D\u00e4nemarks Wirtschaftsministerin warnt vor NATO-Aufr\u00fcstungskosten"}]},{"@type":"WebSite","@id":"https:\/\/now-news.de\/de\/#website","url":"https:\/\/now-news.de\/de\/","name":"just-now.NEWS Deutschland","description":"Das Portal f\u00fcr unzensierte Nachrichten aus der Welt","publisher":{"@id":"https:\/\/now-news.de\/de\/#organization"},"potentialAction":[{"@type":"SearchAction","target":{"@type":"EntryPoint","urlTemplate":"https:\/\/now-news.de\/de\/?s={search_term_string}"},"query-input":"required name=search_term_string"}],"inLanguage":"de"},{"@type":"Organization","@id":"https:\/\/now-news.de\/de\/#organization","name":"Just Now News","url":"https:\/\/now-news.de\/de\/","logo":{"@type":"ImageObject","inLanguage":"de","@id":"https:\/\/now-news.de\/de\/#\/schema\/logo\/image\/","url":"http:\/\/just-now.news\/de\/wp-content\/uploads\/sites\/3\/2022\/04\/logo500x500.jpg","contentUrl":"http:\/\/just-now.news\/de\/wp-content\/uploads\/sites\/3\/2022\/04\/logo500x500.jpg","width":500,"height":500,"caption":"Just Now News"},"image":{"@id":"https:\/\/now-news.de\/de\/#\/schema\/logo\/image\/"},"sameAs":["https:\/\/www.facebook.com\/wirmachenauf","https:\/\/x.com\/WirMachenAuf_de"]},{"@type":"Person","@id":"https:\/\/now-news.de\/de\/#\/schema\/person\/fb534a4e865501d8b3285208df34a9b5","name":"rtnews","image":{"@type":"ImageObject","inLanguage":"de","@id":"https:\/\/now-news.de\/de\/#\/schema\/person\/image\/","url":"https:\/\/secure.gravatar.com\/avatar\/82aafea7d8127119dd649515f56e2117?s=96&d=mm&r=g","contentUrl":"https:\/\/secure.gravatar.com\/avatar\/82aafea7d8127119dd649515f56e2117?s=96&d=mm&r=g","caption":"rtnews"},"url":"https:\/\/now-news.de\/de\/author\/rnews\/"}]}},"_links":{"self":[{"href":"https:\/\/now-news.de\/de\/wp-json\/wp\/v2\/posts\/86742"}],"collection":[{"href":"https:\/\/now-news.de\/de\/wp-json\/wp\/v2\/posts"}],"about":[{"href":"https:\/\/now-news.de\/de\/wp-json\/wp\/v2\/types\/post"}],"author":[{"embeddable":true,"href":"https:\/\/now-news.de\/de\/wp-json\/wp\/v2\/users\/3"}],"replies":[{"embeddable":true,"href":"https:\/\/now-news.de\/de\/wp-json\/wp\/v2\/comments?post=86742"}],"version-history":[{"count":0,"href":"https:\/\/now-news.de\/de\/wp-json\/wp\/v2\/posts\/86742\/revisions"}],"wp:featuredmedia":[{"embeddable":true,"href":"https:\/\/now-news.de\/de\/wp-json\/wp\/v2\/media\/86743"}],"wp:attachment":[{"href":"https:\/\/now-news.de\/de\/wp-json\/wp\/v2\/media?parent=86742"}],"wp:term":[{"taxonomy":"category","embeddable":true,"href":"https:\/\/now-news.de\/de\/wp-json\/wp\/v2\/categories?post=86742"},{"taxonomy":"post_tag","embeddable":true,"href":"https:\/\/now-news.de\/de\/wp-json\/wp\/v2\/tags?post=86742"}],"curies":[{"name":"wp","href":"https:\/\/api.w.org\/{rel}","templated":true}]}}