{"id":86706,"date":"2025-07-06T19:36:56","date_gmt":"2025-07-06T17:36:56","guid":{"rendered":"https:\/\/now-news.de\/de\/deutschland\/die-nato-angesichts-der-globalen-neuordnung\/"},"modified":"2025-07-06T19:36:56","modified_gmt":"2025-07-06T17:36:56","slug":"die-nato-angesichts-der-globalen-neuordnung","status":"publish","type":"post","link":"https:\/\/now-news.de\/de\/deutschland\/die-nato-angesichts-der-globalen-neuordnung\/","title":{"rendered":"Die NATO angesichts der globalen Neuordnung"},"content":{"rendered":"<p><img decoding=\"async\" src=\"https:\/\/now-news.de\/de\/wp-content\/uploads\/sites\/3\/2025\/07\/6868028db480cc77e4126a54.jpg\" \/><\/p>\n<div class=\"Text-root Text-type_1 \">\n                Die NATO-L\u00e4nder haben auf ihrem Gipfel in Den Haag von US-Pr\u00e4sident Trump das wie von einem Schutzgelderpresser eingeforderte 5-Prozent-Ziel akzeptiert. Dabei ist die westliche, mithilfe von Feindbildern zusammengehaltene Milit\u00e4rallianz, falls sie es je war, l\u00e4ngst kein Verteidigungsb\u00fcndnis mehr.\n            <\/div>\n<p><\/p>\n<div class=\"Text-root Text-type_5 ArticleView-text ViewText-root \">\n<p><em>Von Jorge Elbaum <\/em><\/p>\n<p>Die Nordatlantikvertrags-Organisation (NATO) wurde 1949 gegr\u00fcndet, um die Sowjetunion einzud\u00e4mmen. Im Rahmen des Siegeszuges der neoliberalen Globalisierung verwandelte sich ihre Mission in den 1990er-Jahren in die eines globalen Polizisten. Eine ihrer vorrangigen Aufgaben ist seit fast vier Jahrzehnten die Schw\u00e4chung der Russischen F\u00f6deration und ihre Zersplitterung.<\/p>\n<p>Dieses Ziel wurde durch die souver\u00e4ne Entschlossenheit Moskaus, den Einflussbereich der NATO in der Ukraine zu begrenzen, in Frage gestellt. Die von Wladimir Putin angeordnete Sonderoperation ersch\u00fctterte den inneren Konsens in der NATO, indem sie die strategischen Ziele vieler ihrer Verb\u00fcndeten spaltete.<\/p>\n<p>Das Gipfeltreffen in Den Haag in der vergangenen Woche versammelte die 32 Mitglieder dieser Milit\u00e4rorganisation mit dem zentralen Ziel, ihre Ausgaben von derzeit zwei Prozent des Bruttoinlandsprodukts auf f\u00fcnf Prozent ab 2035 zu erh\u00f6hen. Dies entspricht einem Betrag von etwa 800 Milliarden Dollar pro Jahr.<\/p>\n<p>Die &#8220;Spaltung&#8221; innerhalb des B\u00fcndnisses h\u00e4ngt mit der Wahl der vorrangigen Feinde zusammen: Die USA versuchen, die Volksrepublik China zu schw\u00e4chen, w\u00e4hrend Westeuropa darauf besteht, die Russische F\u00f6deration zu d\u00e4monisieren und sie als ihre strategische Bedrohung darzustellen.<\/p>\n<p>Das Hegemoniestreben des Westens hat schon immer Konfliktszenarien gebraucht. Dieses Modell der Verflechtung hat die internationalen Beziehungen in der Moderne entscheidend gepr\u00e4gt. Die expansionistische, sich \u00fcberlegen w\u00e4hnende, koloniale und interventionistische Identit\u00e4t ben\u00f6tigt schurkische Gespenster, um ihre Vorherrschaft zu legitimieren.<\/p>\n<p>Andererseits hat sich die NATO nie als reines Verteidigungsb\u00fcndnis verhalten und ihren Anspruch als Weltpolizist in Jugoslawien, Afghanistan, Irak und Libyen untermauert. Sie hat zudem St\u00fctzpunkte in der N\u00e4he strategischer Seepassagen, wie beispielsweise auf den Malvinas (Falklandinseln), errichtet.<\/p>\n<p>Um ihre Operationen zu rechtfertigen, wurde gelegentlich auf nicht existente Bedrohungen wie die &#8220;Massenvernichtungswaffen&#8221; Saddam Husseins zur\u00fcckgegriffen. Gleichzeitig wurde ihr globaler Operationsradius legitimiert, wie es in dem 2023 in Madrid beschlossenen Dokument &#8220;NATO 360 Grad&#8221; zum Ausdruck kam.<\/p>\n<p>Der j\u00fcngste Gipfel in Den Haag hat die inneren Risse \u00fcberdeckt, indem er die Forderungen der US-Regierung akzeptierte.<\/p>\n<p>Seit seinem Amtsantritt im Januar dieses Jahres hat Donald Trump eine unberechenbare Politik betrieben. Sie bestand aus der Einf\u00fchrung verworrener und unklarer Z\u00f6lle, Drohungen einer Invasion Panamas und Gr\u00f6nlands, nicht erf\u00fcllten Versprechen zur Befriedung des Konflikts in Osteuropa, der F\u00f6rderung ethnischer S\u00e4uberung gegen Lateinamerikaner innerhalb der USA und der Unterst\u00fctzung der v\u00f6lkerm\u00f6rderischen Politik von Benjamin Netanjahu im\u00a0Gazastreifen.<\/p>\n<p>Der strukturelle Grund f\u00fcr Trumps Kritik an der neoliberalen Weltordnung ist die Unf\u00e4higkeit der USA, die Wettbewerbsf\u00e4higkeit und Produktivit\u00e4t S\u00fcdostasiens, insbesondere der Volksrepublik China, zu \u00fcbertreffen. In der Abschlusserkl\u00e4rung von Den Haag wird der Konflikt in der Ukraine nur ein einziges Mal erw\u00e4hnt. Beim vorherigen NATO-Gipfel in Washington kam Russland 43-mal vor.<\/p>\n<p>Mit diesem Zugest\u00e4ndnis f\u00fchlt sich die Trump-Regierung bereits erm\u00e4chtigt, ihre Kanonen wieder auf das S\u00fcdchinesische Meer zu richten, wo sie glaubt, Xi Jinping disziplinieren zu k\u00f6nnen.<\/p>\n<p>Das alte Europa wird seinerseits weiterhin mit einer hypothetischen Invasion Putins Angst sch\u00fcren, um die wirtschaftliche Belastung zu rechtfertigen, die es zu tragen hat. Die Beh\u00f6rden der Europ\u00e4ischen Union warnen bereits davor, dass es unerl\u00e4sslich sei, die Milit\u00e4rausgaben zu verdreifachen. Andernfalls m\u00fcsse man damit beginnen, den Kindern Russisch\u00a0<a rel=\"nofollow noopener\" target=\"_blank\" href=\"https:\/\/www.vozpopuli.com\/espana\/aumentar-el-gasto-en-defensa-o-aprender-ruso-el-aviso-de-la-otan-a-paises-como-espana.html\">beizubringen<\/a>.<\/p>\n<p>Die Geschichte wiederholt sich. Wir wissen nicht, ob als Trag\u00f6die oder als Farce. Die &#8220;russische Bedrohung&#8221; war ein zentraler Begriff der Nazi-Ideologie, der dazu diente, die Operation Barbarossa zu starten.<\/p>\n<p>Diese Realit\u00e4t erkl\u00e4rt den Anstieg der weltweiten Milit\u00e4rausgaben. Im Jahr 2024 beliefen sich die Waffenk\u00e4ufe laut dem Stockholm International Peace Research Institute (<a rel=\"nofollow noopener\" target=\"_blank\" href=\"https:\/\/www.sipri.org\/media\/press-release\/2025\/unprecedented-rise-global-military-expenditure-european-and-middle-east-spending-surges\">SIPRI<\/a>) auf 2,718\u00a0Billionen US-Dollar. Dies bedeutet einen Anstieg in zehn aufeinanderfolgenden Jahren, wobei die USA und Westeuropa den gr\u00f6\u00dften Anstieg verzeichneten.<\/p>\n<p>Die <a rel=\"nofollow noopener\" target=\"_blank\" href=\"https:\/\/www.sipri.org\/media\/press-release\/2025\/unprecedented-rise-global-military-expenditure-european-and-middle-east-spending-surges\">NATO<\/a> macht etwa 53\u00a0Prozent der Gesamtausgaben aus, obwohl sie nur 16\u00a0Prozent der Weltbev\u00f6lkerung umfasst. Demgegen\u00fcber kommen China, Russland und Indien zusammen auf etwa 20\u00a0Prozent, obwohl sie mehr als ein Drittel der Weltbev\u00f6lkerung ausmachen.<\/p>\n<p>Der US-Pr\u00e4sident pr\u00e4sentiert sich als recht ungew\u00f6hnlicher Pazifist. Er ruft zu einem Waffenstillstand zwischen Israel und dem Iran auf, wenige Tage, nachdem er drei Atomanlagen bombardieren lie\u00df. Er fordert eine Erh\u00f6hung der Verteidigungsausgaben und treibt gleichzeitig irrige Ma\u00dfnahmen im Handelskrieg voran.<\/p>\n<p>Die <a rel=\"nofollow noopener\" target=\"_blank\" href=\"https:\/\/www.nato.int\/cps\/en\/natohq\/official_texts_236705.htm?selectedLocale=en\">Abschlusserkl\u00e4rung<\/a> des Gipfels fordert die Unterzeichner auf, &#8220;Hindernisse f\u00fcr den R\u00fcstungshandel zwischen den Verb\u00fcndeten zu beseitigen und unsere Partnerschaften zu nutzen, um die industrielle Zusammenarbeit bei Verteidigungsg\u00fctern zu f\u00f6rdern&#8221;. Das bedeutet eindeutig, dass europ\u00e4ische Unternehmen k\u00fcnftig mit dem US-amerikanischen <a rel=\"nofollow noopener\" target=\"_blank\" href=\"https:\/\/www.sinpermiso.info\/textos\/eeuu-el-complejo-militar-industrial-en-la-actualidad\">Milit\u00e4risch-Industriellen Komplex<\/a> konkurrieren m\u00fcssen, mit \u00e4u\u00dferst geringen M\u00f6glichkeiten, eine von Br\u00fcssel dominierte Milit\u00e4rindustrie aufzubauen.<\/p>\n<p>Diese Ausweitung der Ausgaben f\u00fcr Kriegsger\u00e4t wird zudem durch tiefgreifende technologische Ver\u00e4nderungen beeinflusst, die sich aus den j\u00fcngsten milit\u00e4rischen Erfahrungen ergeben. Die <a rel=\"nofollow noopener\" target=\"_blank\" href=\"https:\/\/www.economist.com\/by-invitation\/2025\/06\/26\/this-is-europes-manhattan-project-moment-argues-a-tech-boss\">vier<\/a>\u00a0<a rel=\"nofollow noopener\" target=\"_blank\" href=\"https:\/\/www.economist.com\/by-invitation\/2025\/06\/26\/this-is-europes-manhattan-project-moment-argues-a-tech-boss\">Bereiche<\/a> der strategischen milit\u00e4rischen Entwicklung stehen im Zusammenhang mit: (a) \u00dcberwachungsdrohnen; (b) unbemannten Kampfflugzeugen; (c) Ozeansensoren zur Ortung von Atom-U-Booten; und (d) der Konfiguration von Satelliten, die mit k\u00fcnstlicher Intelligenz verbunden sind.<\/p>\n<p>In den letzten zwei Jahren haben europ\u00e4ische L\u00e4nder Kriegsmaterial im Wert von 61\u00a0Milliarden Dollar von US-Unternehmen gekauft. Das entspricht 34\u00a0Prozent der gesamten Ausgaben in diesem Zeitraum. Seit 2020 haben die nicht US-amerikanischen NATO-Mitglieder die Zahl der Waffen, die sie vom Milit\u00e4risch-Industriellen Komplex der USA kaufen, verdoppelt und zugleich ihre Sozialinvestitionen und Entwicklungsprogramme stark gek\u00fcrzt.<\/p>\n<p>In diesem Sinne k\u00fcndigte der britische Premierminister Keir Starmer die Anschaffung von zw\u00f6lf Lockheed-Martin-F-35-Flugzeugen an, die Atomsprengk\u00f6pfe des Typs B61-12 transportieren k\u00f6nnen. Diese werden ebenfalls aus den USA geliefert und k\u00f6nnten bald auf den Malvinas stationiert werden.<\/p>\n<p>Um die britischen Milit\u00e4rausgaben zu erh\u00f6hen, beschloss der Premier, Sozialprogramme zu k\u00fcrzen, darunter jene f\u00fcr Menschen mit <a rel=\"nofollow noopener\" target=\"_blank\" href=\"https:\/\/news.sky.com\/story\/politics-latest-starmer-assisted-dying-trump-israel-iran-labour-12593360?postid=9786418#liveblog_body\">Behinderungen<\/a>. Starmer verwarf den Kauf der zw\u00f6lf F-35 zwar nicht, musste die K\u00fcrzungen angesichts eines m\u00f6glichen Misstrauensantrags aus den eigenen Reihen jedoch <a rel=\"nofollow noopener\" target=\"_blank\" href=\"https:\/\/elpais.com\/internacional\/2025-06-27\/starmer-da-marcha-atras-en-los-recortes-sociales-para-frenar-la-rebelion-de-mas-de-cien-de-sus-diputados.html\">zur\u00fccknehmen<\/a>.<\/p>\n<p>In der Parlamentsdebatte, die den Premierminister schlie\u00dflich dazu zwang, von den angek\u00fcndigten K\u00fcrzungen abzur\u00fccken, wurde die Zwickm\u00fchle deutlich, in der sie stecken, w\u00e4hrend sie wie gehabt auf der D\u00e4monisierung Russlands beharren: Verletzlichkeit bei der Energieversorgung, sinkende Wettbewerbsf\u00e4higkeit, geringes Wirtschaftswachstum, Inflation und Probleme im Zusammenhang mit der negativen Rassifizierung von Migranten.<\/p>\n<p>Es ist immer einfacher, Schwachstellen an den Au\u00dfengrenzen zu suchen: Das Gespenst des russischen B\u00e4ren ist ein gutes Ziel f\u00fcr diese Versuchung. Das war er f\u00fcr die Grande Arm\u00e9e 1812 und f\u00fcr die Wehrmacht 1941.<\/p>\n<p>Westeuropa scheint nichts zu lernen.<\/p>\n<p><em><strong>Jorge Elbaum<\/strong> ist ein argentinischer Soziologe, Journalist, Forscher und Universit\u00e4tsprofessor. Analyst des Lateinamerikanischen Zentrums f\u00fcr Strategische Analyse<\/em><\/p>\n<p><em>Zuerst erschienen auf <a rel=\"nofollow noopener\" target=\"_blank\" href=\"http:\/\/www.cubadebate.cu\/opinion\/2025\/06\/29\/la-otan-frente-a-la-reconfiguracion-global\/\">Cubadebate<\/a> am 29. Juni 2025.\u00a0\u00dcbersetzung: Olga Esp\u00edn.<\/em><\/p>\n<p><strong>Mehr zum Thema<\/strong> &#8211;\u00a0<a rel=\"nofollow noopener\" target=\"_blank\" href=\"https:\/\/freedert.online\/der-nahe-osten\/249298-voelkerrecht-nach-gutsherrenart-westen-iran\/\">V\u00f6lkerrecht nach Gutsherrenart: Der Westen, Iran und die selektive Emp\u00f6rung<\/a><\/p>\n<div class=\"EmbedBlock-root EmbedBlock-externalVideo EmbedBlock-rumble\">\n<div class=\"VkEmbed\"><iframe class=\"lazyload\" data-src=\"https:\/\/rumble.com\/embed\/v6tj4tn\" frameborder=\"0\" width=\"853\" height=\"480\" allowfullscreen><\/iframe><\/div>\n<\/div>\n<\/div>\n<p><br \/>\n<br \/><a href=\"https:\/\/de.rt.com\/meinung\/249853-die-nato-angesichts-der-globalen-neuordnung\/\">Source link <\/a><\/p>\n","protected":false},"excerpt":{"rendered":"<p>Die NATO-L\u00e4nder haben auf ihrem Gipfel in Den Haag von US-Pr\u00e4sident Trump das wie von einem Schutzgelderpresser eingeforderte 5-Prozent-Ziel akzeptiert. Dabei ist die westliche, mithilfe von Feindbildern zusammengehaltene Milit\u00e4rallianz, falls sie es je war, l\u00e4ngst kein Verteidigungsb\u00fcndnis mehr. Von Jorge Elbaum Die Nordatlantikvertrags-Organisation (NATO) wurde 1949 gegr\u00fcndet, um die Sowjetunion einzud\u00e4mmen. Im Rahmen des Siegeszuges [&hellip;]<\/p>\n","protected":false},"author":3,"featured_media":86707,"comment_status":"open","ping_status":"open","sticky":false,"template":"","format":"standard","meta":{"_yoast_indexnow_last_ping":["1751823642"],"wp_automatic_camp":["217"],"bcfacce6b695ddc695e35b139b1ebb05":["Die NATO angesichts der globalen Neuordnung"],"original_link":["https:\/\/de.rt.com\/meinung\/249853-die-nato-angesichts-der-globalen-neuordnung\/"],"_thumbnail_id":["86707"],"_wptgpro_p2tg_sent2tg":["a:1:{i:23737;s:19:\"2025-07-06 19:42:11\";}"],"jnews_social_counter_last_update":["1777435530"]},"categories":[19,23],"tags":[4894,82,45,7126,2697,31153],"yoast_head":"<!-- This site is optimized with the Yoast SEO Premium plugin v22.7 (Yoast SEO v22.7) - https:\/\/yoast.com\/wordpress\/plugins\/seo\/ -->\n<title>Die NATO angesichts der globalen Neuordnung - just-now.NEWS Deutschland<\/title>\n<meta name=\"robots\" content=\"index, follow, max-snippet:-1, max-image-preview:large, max-video-preview:-1\" \/>\n<link rel=\"canonical\" href=\"https:\/\/now-news.de\/de\/deutschland\/die-nato-angesichts-der-globalen-neuordnung\/\" \/>\n<meta property=\"og:locale\" content=\"de_DE\" \/>\n<meta property=\"og:type\" content=\"article\" \/>\n<meta property=\"og:title\" content=\"Die NATO angesichts der globalen Neuordnung\" \/>\n<meta property=\"og:description\" content=\"Die NATO-L\u00e4nder haben auf ihrem Gipfel in Den Haag von US-Pr\u00e4sident Trump das wie von einem Schutzgelderpresser eingeforderte 5-Prozent-Ziel akzeptiert. Dabei ist die westliche, mithilfe von Feindbildern zusammengehaltene Milit\u00e4rallianz, falls sie es je war, l\u00e4ngst kein Verteidigungsb\u00fcndnis mehr. Von Jorge Elbaum Die Nordatlantikvertrags-Organisation (NATO) wurde 1949 gegr\u00fcndet, um die Sowjetunion einzud\u00e4mmen. Im Rahmen des Siegeszuges [&hellip;]\" \/>\n<meta property=\"og:url\" content=\"https:\/\/now-news.de\/de\/deutschland\/die-nato-angesichts-der-globalen-neuordnung\/\" \/>\n<meta property=\"og:site_name\" content=\"just-now.NEWS Deutschland\" \/>\n<meta property=\"article:publisher\" content=\"https:\/\/www.facebook.com\/wirmachenauf\" \/>\n<meta property=\"article:published_time\" content=\"2025-07-06T17:36:56+00:00\" \/>\n<meta property=\"og:image\" content=\"https:\/\/now-news.de\/de\/wp-content\/uploads\/sites\/3\/2025\/07\/6868028db480cc77e4126a54.jpg\" \/>\n<meta name=\"author\" content=\"rtnews\" \/>\n<meta name=\"twitter:card\" content=\"summary_large_image\" \/>\n<meta name=\"twitter:creator\" content=\"@WirMachenAuf_de\" \/>\n<meta name=\"twitter:site\" content=\"@WirMachenAuf_de\" \/>\n<meta name=\"twitter:label1\" content=\"Verfasst von\" \/>\n\t<meta name=\"twitter:data1\" content=\"rtnews\" \/>\n\t<meta name=\"twitter:label2\" content=\"Gesch\u00e4tzte Lesezeit\" \/>\n\t<meta name=\"twitter:data2\" content=\"6\u00a0Minuten\" \/>\n<script type=\"application\/ld+json\" class=\"yoast-schema-graph\">{\"@context\":\"https:\/\/schema.org\",\"@graph\":[{\"@type\":\"Article\",\"@id\":\"https:\/\/now-news.de\/de\/deutschland\/die-nato-angesichts-der-globalen-neuordnung\/#article\",\"isPartOf\":{\"@id\":\"https:\/\/now-news.de\/de\/deutschland\/die-nato-angesichts-der-globalen-neuordnung\/\"},\"author\":{\"name\":\"rtnews\",\"@id\":\"https:\/\/now-news.de\/de\/#\/schema\/person\/fb534a4e865501d8b3285208df34a9b5\"},\"headline\":\"Die NATO angesichts der globalen Neuordnung\",\"datePublished\":\"2025-07-06T17:36:56+00:00\",\"dateModified\":\"2025-07-06T17:36:56+00:00\",\"mainEntityOfPage\":{\"@id\":\"https:\/\/now-news.de\/de\/deutschland\/die-nato-angesichts-der-globalen-neuordnung\/\"},\"wordCount\":1176,\"commentCount\":0,\"publisher\":{\"@id\":\"https:\/\/now-news.de\/de\/#organization\"},\"image\":{\"@id\":\"https:\/\/now-news.de\/de\/deutschland\/die-nato-angesichts-der-globalen-neuordnung\/#primaryimage\"},\"thumbnailUrl\":\"https:\/\/now-news.de\/de\/wp-content\/uploads\/sites\/3\/2025\/07\/Die-NATO-angesichts-der-globalen-Neuordnung.jpg\",\"keywords\":[\"angesichts\",\"der\",\"die\",\"globalen\",\"nato\",\"Neuordnung\"],\"articleSection\":[\"Deutschland\",\"Russland\"],\"inLanguage\":\"de\",\"potentialAction\":[{\"@type\":\"CommentAction\",\"name\":\"Comment\",\"target\":[\"https:\/\/now-news.de\/de\/deutschland\/die-nato-angesichts-der-globalen-neuordnung\/#respond\"]}]},{\"@type\":\"WebPage\",\"@id\":\"https:\/\/now-news.de\/de\/deutschland\/die-nato-angesichts-der-globalen-neuordnung\/\",\"url\":\"https:\/\/now-news.de\/de\/deutschland\/die-nato-angesichts-der-globalen-neuordnung\/\",\"name\":\"Die NATO angesichts der globalen Neuordnung - just-now.NEWS Deutschland\",\"isPartOf\":{\"@id\":\"https:\/\/now-news.de\/de\/#website\"},\"primaryImageOfPage\":{\"@id\":\"https:\/\/now-news.de\/de\/deutschland\/die-nato-angesichts-der-globalen-neuordnung\/#primaryimage\"},\"image\":{\"@id\":\"https:\/\/now-news.de\/de\/deutschland\/die-nato-angesichts-der-globalen-neuordnung\/#primaryimage\"},\"thumbnailUrl\":\"https:\/\/now-news.de\/de\/wp-content\/uploads\/sites\/3\/2025\/07\/Die-NATO-angesichts-der-globalen-Neuordnung.jpg\",\"datePublished\":\"2025-07-06T17:36:56+00:00\",\"dateModified\":\"2025-07-06T17:36:56+00:00\",\"breadcrumb\":{\"@id\":\"https:\/\/now-news.de\/de\/deutschland\/die-nato-angesichts-der-globalen-neuordnung\/#breadcrumb\"},\"inLanguage\":\"de\",\"potentialAction\":[{\"@type\":\"ReadAction\",\"target\":[\"https:\/\/now-news.de\/de\/deutschland\/die-nato-angesichts-der-globalen-neuordnung\/\"]}]},{\"@type\":\"ImageObject\",\"inLanguage\":\"de\",\"@id\":\"https:\/\/now-news.de\/de\/deutschland\/die-nato-angesichts-der-globalen-neuordnung\/#primaryimage\",\"url\":\"https:\/\/now-news.de\/de\/wp-content\/uploads\/sites\/3\/2025\/07\/Die-NATO-angesichts-der-globalen-Neuordnung.jpg\",\"contentUrl\":\"https:\/\/now-news.de\/de\/wp-content\/uploads\/sites\/3\/2025\/07\/Die-NATO-angesichts-der-globalen-Neuordnung.jpg\",\"width\":460,\"height\":259,\"caption\":\"Die NATO angesichts der globalen Neuordnung\"},{\"@type\":\"BreadcrumbList\",\"@id\":\"https:\/\/now-news.de\/de\/deutschland\/die-nato-angesichts-der-globalen-neuordnung\/#breadcrumb\",\"itemListElement\":[{\"@type\":\"ListItem\",\"position\":1,\"name\":\"Home\",\"item\":\"https:\/\/now-news.de\/de\/\"},{\"@type\":\"ListItem\",\"position\":2,\"name\":\"Die NATO angesichts der globalen Neuordnung\"}]},{\"@type\":\"WebSite\",\"@id\":\"https:\/\/now-news.de\/de\/#website\",\"url\":\"https:\/\/now-news.de\/de\/\",\"name\":\"just-now.NEWS Deutschland\",\"description\":\"Das Portal f\u00fcr unzensierte Nachrichten aus der Welt\",\"publisher\":{\"@id\":\"https:\/\/now-news.de\/de\/#organization\"},\"potentialAction\":[{\"@type\":\"SearchAction\",\"target\":{\"@type\":\"EntryPoint\",\"urlTemplate\":\"https:\/\/now-news.de\/de\/?s={search_term_string}\"},\"query-input\":\"required name=search_term_string\"}],\"inLanguage\":\"de\"},{\"@type\":\"Organization\",\"@id\":\"https:\/\/now-news.de\/de\/#organization\",\"name\":\"Just Now News\",\"url\":\"https:\/\/now-news.de\/de\/\",\"logo\":{\"@type\":\"ImageObject\",\"inLanguage\":\"de\",\"@id\":\"https:\/\/now-news.de\/de\/#\/schema\/logo\/image\/\",\"url\":\"http:\/\/just-now.news\/de\/wp-content\/uploads\/sites\/3\/2022\/04\/logo500x500.jpg\",\"contentUrl\":\"http:\/\/just-now.news\/de\/wp-content\/uploads\/sites\/3\/2022\/04\/logo500x500.jpg\",\"width\":500,\"height\":500,\"caption\":\"Just Now News\"},\"image\":{\"@id\":\"https:\/\/now-news.de\/de\/#\/schema\/logo\/image\/\"},\"sameAs\":[\"https:\/\/www.facebook.com\/wirmachenauf\",\"https:\/\/x.com\/WirMachenAuf_de\"]},{\"@type\":\"Person\",\"@id\":\"https:\/\/now-news.de\/de\/#\/schema\/person\/fb534a4e865501d8b3285208df34a9b5\",\"name\":\"rtnews\",\"image\":{\"@type\":\"ImageObject\",\"inLanguage\":\"de\",\"@id\":\"https:\/\/now-news.de\/de\/#\/schema\/person\/image\/\",\"url\":\"https:\/\/secure.gravatar.com\/avatar\/82aafea7d8127119dd649515f56e2117?s=96&d=mm&r=g\",\"contentUrl\":\"https:\/\/secure.gravatar.com\/avatar\/82aafea7d8127119dd649515f56e2117?s=96&d=mm&r=g\",\"caption\":\"rtnews\"},\"url\":\"https:\/\/now-news.de\/de\/author\/rnews\/\"}]}<\/script>\n<!-- \/ Yoast SEO Premium plugin. -->","yoast_head_json":{"title":"Die NATO angesichts der globalen Neuordnung - just-now.NEWS Deutschland","robots":{"index":"index","follow":"follow","max-snippet":"max-snippet:-1","max-image-preview":"max-image-preview:large","max-video-preview":"max-video-preview:-1"},"canonical":"https:\/\/now-news.de\/de\/deutschland\/die-nato-angesichts-der-globalen-neuordnung\/","og_locale":"de_DE","og_type":"article","og_title":"Die NATO angesichts der globalen Neuordnung","og_description":"Die NATO-L\u00e4nder haben auf ihrem Gipfel in Den Haag von US-Pr\u00e4sident Trump das wie von einem Schutzgelderpresser eingeforderte 5-Prozent-Ziel akzeptiert. Dabei ist die westliche, mithilfe von Feindbildern zusammengehaltene Milit\u00e4rallianz, falls sie es je war, l\u00e4ngst kein Verteidigungsb\u00fcndnis mehr. Von Jorge Elbaum Die Nordatlantikvertrags-Organisation (NATO) wurde 1949 gegr\u00fcndet, um die Sowjetunion einzud\u00e4mmen. Im Rahmen des Siegeszuges [&hellip;]","og_url":"https:\/\/now-news.de\/de\/deutschland\/die-nato-angesichts-der-globalen-neuordnung\/","og_site_name":"just-now.NEWS Deutschland","article_publisher":"https:\/\/www.facebook.com\/wirmachenauf","article_published_time":"2025-07-06T17:36:56+00:00","og_image":[{"url":"https:\/\/now-news.de\/de\/wp-content\/uploads\/sites\/3\/2025\/07\/6868028db480cc77e4126a54.jpg"}],"author":"rtnews","twitter_card":"summary_large_image","twitter_creator":"@WirMachenAuf_de","twitter_site":"@WirMachenAuf_de","twitter_misc":{"Verfasst von":"rtnews","Gesch\u00e4tzte Lesezeit":"6\u00a0Minuten"},"schema":{"@context":"https:\/\/schema.org","@graph":[{"@type":"Article","@id":"https:\/\/now-news.de\/de\/deutschland\/die-nato-angesichts-der-globalen-neuordnung\/#article","isPartOf":{"@id":"https:\/\/now-news.de\/de\/deutschland\/die-nato-angesichts-der-globalen-neuordnung\/"},"author":{"name":"rtnews","@id":"https:\/\/now-news.de\/de\/#\/schema\/person\/fb534a4e865501d8b3285208df34a9b5"},"headline":"Die NATO angesichts der globalen Neuordnung","datePublished":"2025-07-06T17:36:56+00:00","dateModified":"2025-07-06T17:36:56+00:00","mainEntityOfPage":{"@id":"https:\/\/now-news.de\/de\/deutschland\/die-nato-angesichts-der-globalen-neuordnung\/"},"wordCount":1176,"commentCount":0,"publisher":{"@id":"https:\/\/now-news.de\/de\/#organization"},"image":{"@id":"https:\/\/now-news.de\/de\/deutschland\/die-nato-angesichts-der-globalen-neuordnung\/#primaryimage"},"thumbnailUrl":"https:\/\/now-news.de\/de\/wp-content\/uploads\/sites\/3\/2025\/07\/Die-NATO-angesichts-der-globalen-Neuordnung.jpg","keywords":["angesichts","der","die","globalen","nato","Neuordnung"],"articleSection":["Deutschland","Russland"],"inLanguage":"de","potentialAction":[{"@type":"CommentAction","name":"Comment","target":["https:\/\/now-news.de\/de\/deutschland\/die-nato-angesichts-der-globalen-neuordnung\/#respond"]}]},{"@type":"WebPage","@id":"https:\/\/now-news.de\/de\/deutschland\/die-nato-angesichts-der-globalen-neuordnung\/","url":"https:\/\/now-news.de\/de\/deutschland\/die-nato-angesichts-der-globalen-neuordnung\/","name":"Die NATO angesichts der globalen Neuordnung - just-now.NEWS Deutschland","isPartOf":{"@id":"https:\/\/now-news.de\/de\/#website"},"primaryImageOfPage":{"@id":"https:\/\/now-news.de\/de\/deutschland\/die-nato-angesichts-der-globalen-neuordnung\/#primaryimage"},"image":{"@id":"https:\/\/now-news.de\/de\/deutschland\/die-nato-angesichts-der-globalen-neuordnung\/#primaryimage"},"thumbnailUrl":"https:\/\/now-news.de\/de\/wp-content\/uploads\/sites\/3\/2025\/07\/Die-NATO-angesichts-der-globalen-Neuordnung.jpg","datePublished":"2025-07-06T17:36:56+00:00","dateModified":"2025-07-06T17:36:56+00:00","breadcrumb":{"@id":"https:\/\/now-news.de\/de\/deutschland\/die-nato-angesichts-der-globalen-neuordnung\/#breadcrumb"},"inLanguage":"de","potentialAction":[{"@type":"ReadAction","target":["https:\/\/now-news.de\/de\/deutschland\/die-nato-angesichts-der-globalen-neuordnung\/"]}]},{"@type":"ImageObject","inLanguage":"de","@id":"https:\/\/now-news.de\/de\/deutschland\/die-nato-angesichts-der-globalen-neuordnung\/#primaryimage","url":"https:\/\/now-news.de\/de\/wp-content\/uploads\/sites\/3\/2025\/07\/Die-NATO-angesichts-der-globalen-Neuordnung.jpg","contentUrl":"https:\/\/now-news.de\/de\/wp-content\/uploads\/sites\/3\/2025\/07\/Die-NATO-angesichts-der-globalen-Neuordnung.jpg","width":460,"height":259,"caption":"Die NATO angesichts der globalen Neuordnung"},{"@type":"BreadcrumbList","@id":"https:\/\/now-news.de\/de\/deutschland\/die-nato-angesichts-der-globalen-neuordnung\/#breadcrumb","itemListElement":[{"@type":"ListItem","position":1,"name":"Home","item":"https:\/\/now-news.de\/de\/"},{"@type":"ListItem","position":2,"name":"Die NATO angesichts der globalen Neuordnung"}]},{"@type":"WebSite","@id":"https:\/\/now-news.de\/de\/#website","url":"https:\/\/now-news.de\/de\/","name":"just-now.NEWS Deutschland","description":"Das Portal f\u00fcr unzensierte Nachrichten aus der Welt","publisher":{"@id":"https:\/\/now-news.de\/de\/#organization"},"potentialAction":[{"@type":"SearchAction","target":{"@type":"EntryPoint","urlTemplate":"https:\/\/now-news.de\/de\/?s={search_term_string}"},"query-input":"required name=search_term_string"}],"inLanguage":"de"},{"@type":"Organization","@id":"https:\/\/now-news.de\/de\/#organization","name":"Just Now News","url":"https:\/\/now-news.de\/de\/","logo":{"@type":"ImageObject","inLanguage":"de","@id":"https:\/\/now-news.de\/de\/#\/schema\/logo\/image\/","url":"http:\/\/just-now.news\/de\/wp-content\/uploads\/sites\/3\/2022\/04\/logo500x500.jpg","contentUrl":"http:\/\/just-now.news\/de\/wp-content\/uploads\/sites\/3\/2022\/04\/logo500x500.jpg","width":500,"height":500,"caption":"Just Now News"},"image":{"@id":"https:\/\/now-news.de\/de\/#\/schema\/logo\/image\/"},"sameAs":["https:\/\/www.facebook.com\/wirmachenauf","https:\/\/x.com\/WirMachenAuf_de"]},{"@type":"Person","@id":"https:\/\/now-news.de\/de\/#\/schema\/person\/fb534a4e865501d8b3285208df34a9b5","name":"rtnews","image":{"@type":"ImageObject","inLanguage":"de","@id":"https:\/\/now-news.de\/de\/#\/schema\/person\/image\/","url":"https:\/\/secure.gravatar.com\/avatar\/82aafea7d8127119dd649515f56e2117?s=96&d=mm&r=g","contentUrl":"https:\/\/secure.gravatar.com\/avatar\/82aafea7d8127119dd649515f56e2117?s=96&d=mm&r=g","caption":"rtnews"},"url":"https:\/\/now-news.de\/de\/author\/rnews\/"}]}},"_links":{"self":[{"href":"https:\/\/now-news.de\/de\/wp-json\/wp\/v2\/posts\/86706"}],"collection":[{"href":"https:\/\/now-news.de\/de\/wp-json\/wp\/v2\/posts"}],"about":[{"href":"https:\/\/now-news.de\/de\/wp-json\/wp\/v2\/types\/post"}],"author":[{"embeddable":true,"href":"https:\/\/now-news.de\/de\/wp-json\/wp\/v2\/users\/3"}],"replies":[{"embeddable":true,"href":"https:\/\/now-news.de\/de\/wp-json\/wp\/v2\/comments?post=86706"}],"version-history":[{"count":0,"href":"https:\/\/now-news.de\/de\/wp-json\/wp\/v2\/posts\/86706\/revisions"}],"wp:featuredmedia":[{"embeddable":true,"href":"https:\/\/now-news.de\/de\/wp-json\/wp\/v2\/media\/86707"}],"wp:attachment":[{"href":"https:\/\/now-news.de\/de\/wp-json\/wp\/v2\/media?parent=86706"}],"wp:term":[{"taxonomy":"category","embeddable":true,"href":"https:\/\/now-news.de\/de\/wp-json\/wp\/v2\/categories?post=86706"},{"taxonomy":"post_tag","embeddable":true,"href":"https:\/\/now-news.de\/de\/wp-json\/wp\/v2\/tags?post=86706"}],"curies":[{"name":"wp","href":"https:\/\/api.w.org\/{rel}","templated":true}]}}