{"id":86682,"date":"2025-07-06T13:47:22","date_gmt":"2025-07-06T11:47:22","guid":{"rendered":"https:\/\/now-news.de\/de\/deutschland\/nach-streit-mit-trump-tucker-carlson-interviewt-iranischen-praesidenten-peseschkian\/"},"modified":"2025-07-06T13:47:22","modified_gmt":"2025-07-06T11:47:22","slug":"nach-streit-mit-trump-tucker-carlson-interviewt-iranischen-praesidenten-peseschkian","status":"publish","type":"post","link":"https:\/\/now-news.de\/de\/deutschland\/nach-streit-mit-trump-tucker-carlson-interviewt-iranischen-praesidenten-peseschkian\/","title":{"rendered":"Nach Streit mit Trump: Tucker Carlson interviewt iranischen Pr\u00e4sidenten Peseschkian"},"content":{"rendered":"<p><img decoding=\"async\" src=\"https:\/\/now-news.de\/de\/wp-content\/uploads\/sites\/3\/2025\/07\/686a4ef648fbef7e6c4e9b0e.jpg\" \/><\/p>\n<div class=\"Text-root Text-type_1 \">\n                K\u00fcrzlich hat sich der US-Journalist Tucker Carlson \u00f6ffentlich mit Donald Trump \u00fcber dessen Umgang mit Teheran gestritten. Nun f\u00fchrt er ein Interview mit dem iranischen Pr\u00e4sidenten Massud Peseschkian und gibt an, das Gespr\u00e4ch werde bald ver\u00f6ffentlicht.\u00a0\n            <\/div>\n<p><\/p>\n<div class=\"Text-root Text-type_5 ArticleView-text ViewText-root \">\n<p>In einem auf der Plattform X <a rel=\"nofollow noopener\" target=\"_blank\" href=\"https:\/\/publish.twitter.com\/?query=https%3A%2F%2Ftwitter.com%2FTuckerCarlson%2Fstatus%2F1941512433434263984&amp;widget=Tweet\">ver\u00f6ffentlichten<\/a> Video hat der US-Journalist Tucker Carlson bekanntgegeben, ein Interview mit dem iranischen Pr\u00e4sidenten Massud Peseschkian gef\u00fchrt zu haben. Das Gespr\u00e4ch wird in den kommenden Tagen publik gemacht, teilte Carlson am Samstag mit.<\/p>\n<p>Es gebe viele Fragen, die er dem iranischen Spitzenpolitiker nicht gestellt habe, gab der Journalist an. Vor allem gehe es um die Fragen, bei denen er bezweifelt habe, eine ehrliche Antwort zu bekommen. Ein Beispiel sei das Thema, ob Irans Atomprogramm durch die j\u00fcngsten US-Luftangriffe vollst\u00e4ndig zerschlagen worden sei.<\/p>\n<p>Selbst f\u00fcr die USA und ihren Auslandsgeheimdienst CIA sei die Antwort auf die Frage\u00a0nach dem aktuellen Stand des iranischen Atomprogramms unbekannt, meinte Carlson.<\/p>\n<p>Ferner sagte er, dass die US-B\u00fcrger ein verfassungsm\u00e4\u00dfiges und von Gott gegebenes Recht auf alle Informationen h\u00e4tten, welche sie \u00fcber die relevanten Angelegenheiten sammeln k\u00f6nnten.<\/p>\n<p>Und weiter:<\/p>\n<blockquote>\n<p><em>&#8220;Wenn ihr Land in ihrem Namen mit ihrem Geld etwas unternimmt, haben sie ein Recht, ein absolutes Recht, so viel wie m\u00f6glich dar\u00fcber zu erfahren. Und dazu geh\u00f6rt auch, dass sie die Meinung der Menschen h\u00f6ren k\u00f6nnen, gegen die sie k\u00e4mpfen.&#8221;<\/em><\/p>\n<\/blockquote>\n<p>Mitte Juni kritisierte Carlson den US-Pr\u00e4sidenten f\u00fcr dessen Politik gegen\u00fcber Teheran und erkl\u00e4rte, ein Krieg mit Iran k\u00f6nne zum Zusammenbruch des globalen Einflusses der USA und zum vorzeitigen Ende von Trumps Pr\u00e4sidentschaft f\u00fchren.<\/p>\n<p>Das US-Milit\u00e4r sei nicht auf einen gro\u00df angelegten Konflikt vorbereitet, behauptete Carlson. Und ein milit\u00e4risches Abenteuer w\u00fcrde das Ansehen des Landes global endg\u00fcltig besch\u00e4digen.<\/p>\n<p>Trump reagierte sp\u00f6ttisch und schrieb\u00a0auf seinem Netzwerk Truth Social: &#8220;Kann bitte jemand dem verr\u00fcckten Tucker Carlson erkl\u00e4ren: &#8216;IRAN DARF KEINE ATOMBOMBE BESITZEN!'&#8221;.\u00a0Kurz darauf behauptete Trump, Carlson habe sich bei ihm entschuldigt, und nannte ihn einen &#8220;guten Kerl&#8221;. \u00a0<\/p>\n<p><strong>Mehr zum Thema<\/strong>\u00a0\u2012 <a rel=\"nofollow noopener\" target=\"_blank\" href=\"https:\/\/freedert.online\/der-nahe-osten\/247784-irans-aussenministerium-verhandlungen-ueber-atomprogramm-waehrend-aggression-unmoeglich\/\">Irans Au\u00dfenministerium: Verhandlungen \u00fcber Atomprogramm w\u00e4hrend Feindseligkeiten unm\u00f6glich<\/a><\/p>\n<div class=\"EmbedBlock-root EmbedBlock-externalVideo EmbedBlock-rumble\">\n<div class=\"VkEmbed\"><iframe class=\"lazyload\" data-src=\"https:\/\/rumble.com\/embed\/v6tkcl1\" frameborder=\"0\" width=\"853\" height=\"480\" allowfullscreen><\/iframe><\/div>\n<\/div>\n<\/div>\n<p><script async src=\"https:\/\/platform.twitter.com\/widgets.js\" charset=\"utf-8\"><\/script><br \/>\n<br \/><br \/>\n<br \/><a href=\"https:\/\/de.rt.com\/international\/249959-nach-streit-mit-trump-tucker\/\">Source link <\/a><\/p>\n","protected":false},"excerpt":{"rendered":"<p>K\u00fcrzlich hat sich der US-Journalist Tucker Carlson \u00f6ffentlich mit Donald Trump \u00fcber dessen Umgang mit Teheran gestritten. Nun f\u00fchrt er ein Interview mit dem iranischen Pr\u00e4sidenten Massud Peseschkian und gibt an, das Gespr\u00e4ch werde bald ver\u00f6ffentlicht.\u00a0 In einem auf der Plattform X ver\u00f6ffentlichten Video hat der US-Journalist Tucker Carlson bekanntgegeben, ein Interview mit dem iranischen [&hellip;]<\/p>\n","protected":false},"author":3,"featured_media":86683,"comment_status":"open","ping_status":"open","sticky":false,"template":"","format":"standard","meta":{"_yoast_indexnow_last_ping":["1751803482"],"wp_automatic_camp":["217"],"7c5f753ea3d860ad14bab240348baba0":["Nach Streit mit Trump: Tucker Carlson interviewt iranischen Pr\u00e4sidenten Peseschkian"],"original_link":["https:\/\/de.rt.com\/international\/249959-nach-streit-mit-trump-tucker\/"],"_thumbnail_id":["86683"],"_wptgpro_p2tg_sent2tg":["a:1:{i:23737;s:19:\"2025-07-06 14:05:45\";}"],"jnews_social_counter_last_update":["1777277193"]},"categories":[19,23],"tags":[10167,37749,9614,419,979,56384,8462,8148,1639,10166],"yoast_head":"<!-- This site is optimized with the Yoast SEO Premium plugin v22.7 (Yoast SEO v22.7) - https:\/\/yoast.com\/wordpress\/plugins\/seo\/ -->\n<title>Nach Streit mit Trump: Tucker Carlson interviewt iranischen Pr\u00e4sidenten Peseschkian - just-now.NEWS Deutschland<\/title>\n<meta name=\"robots\" content=\"index, follow, max-snippet:-1, max-image-preview:large, max-video-preview:-1\" \/>\n<link rel=\"canonical\" href=\"https:\/\/now-news.de\/de\/deutschland\/nach-streit-mit-trump-tucker-carlson-interviewt-iranischen-praesidenten-peseschkian\/\" \/>\n<meta property=\"og:locale\" content=\"de_DE\" \/>\n<meta property=\"og:type\" content=\"article\" \/>\n<meta property=\"og:title\" content=\"Nach Streit mit Trump: Tucker Carlson interviewt iranischen Pr\u00e4sidenten Peseschkian\" \/>\n<meta property=\"og:description\" content=\"K\u00fcrzlich hat sich der US-Journalist Tucker Carlson \u00f6ffentlich mit Donald Trump \u00fcber dessen Umgang mit Teheran gestritten. Nun f\u00fchrt er ein Interview mit dem iranischen Pr\u00e4sidenten Massud Peseschkian und gibt an, das Gespr\u00e4ch werde bald ver\u00f6ffentlicht.\u00a0 In einem auf der Plattform X ver\u00f6ffentlichten Video hat der US-Journalist Tucker Carlson bekanntgegeben, ein Interview mit dem iranischen [&hellip;]\" \/>\n<meta property=\"og:url\" content=\"https:\/\/now-news.de\/de\/deutschland\/nach-streit-mit-trump-tucker-carlson-interviewt-iranischen-praesidenten-peseschkian\/\" \/>\n<meta property=\"og:site_name\" content=\"just-now.NEWS Deutschland\" \/>\n<meta property=\"article:publisher\" content=\"https:\/\/www.facebook.com\/wirmachenauf\" \/>\n<meta property=\"article:published_time\" content=\"2025-07-06T11:47:22+00:00\" \/>\n<meta property=\"og:image\" content=\"https:\/\/now-news.de\/de\/wp-content\/uploads\/sites\/3\/2025\/07\/686a4ef648fbef7e6c4e9b0e.jpg\" \/>\n<meta name=\"author\" content=\"rtnews\" \/>\n<meta name=\"twitter:card\" content=\"summary_large_image\" \/>\n<meta name=\"twitter:creator\" content=\"@WirMachenAuf_de\" \/>\n<meta name=\"twitter:site\" content=\"@WirMachenAuf_de\" \/>\n<meta name=\"twitter:label1\" content=\"Verfasst von\" \/>\n\t<meta name=\"twitter:data1\" content=\"rtnews\" \/>\n\t<meta name=\"twitter:label2\" content=\"Gesch\u00e4tzte Lesezeit\" \/>\n\t<meta name=\"twitter:data2\" content=\"2\u00a0Minuten\" \/>\n<script type=\"application\/ld+json\" class=\"yoast-schema-graph\">{\"@context\":\"https:\/\/schema.org\",\"@graph\":[{\"@type\":\"Article\",\"@id\":\"https:\/\/now-news.de\/de\/deutschland\/nach-streit-mit-trump-tucker-carlson-interviewt-iranischen-praesidenten-peseschkian\/#article\",\"isPartOf\":{\"@id\":\"https:\/\/now-news.de\/de\/deutschland\/nach-streit-mit-trump-tucker-carlson-interviewt-iranischen-praesidenten-peseschkian\/\"},\"author\":{\"name\":\"rtnews\",\"@id\":\"https:\/\/now-news.de\/de\/#\/schema\/person\/fb534a4e865501d8b3285208df34a9b5\"},\"headline\":\"Nach Streit mit Trump: Tucker Carlson interviewt iranischen Pr\u00e4sidenten Peseschkian\",\"datePublished\":\"2025-07-06T11:47:22+00:00\",\"dateModified\":\"2025-07-06T11:47:22+00:00\",\"mainEntityOfPage\":{\"@id\":\"https:\/\/now-news.de\/de\/deutschland\/nach-streit-mit-trump-tucker-carlson-interviewt-iranischen-praesidenten-peseschkian\/\"},\"wordCount\":377,\"commentCount\":0,\"publisher\":{\"@id\":\"https:\/\/now-news.de\/de\/#organization\"},\"image\":{\"@id\":\"https:\/\/now-news.de\/de\/deutschland\/nach-streit-mit-trump-tucker-carlson-interviewt-iranischen-praesidenten-peseschkian\/#primaryimage\"},\"thumbnailUrl\":\"https:\/\/now-news.de\/de\/wp-content\/uploads\/sites\/3\/2025\/07\/Nach-Streit-mit-Trump-Tucker-Carlson-interviewt-iranischen-Praesidenten-Peseschkian.jpg\",\"keywords\":[\"Carlson\",\"interviewt\",\"iranischen\",\"mit\",\"nach\",\"Peseschkian\",\"Pr\u00e4sidenten\",\"Streit\",\"trump\",\"Tucker\"],\"articleSection\":[\"Deutschland\",\"Russland\"],\"inLanguage\":\"de\",\"potentialAction\":[{\"@type\":\"CommentAction\",\"name\":\"Comment\",\"target\":[\"https:\/\/now-news.de\/de\/deutschland\/nach-streit-mit-trump-tucker-carlson-interviewt-iranischen-praesidenten-peseschkian\/#respond\"]}]},{\"@type\":\"WebPage\",\"@id\":\"https:\/\/now-news.de\/de\/deutschland\/nach-streit-mit-trump-tucker-carlson-interviewt-iranischen-praesidenten-peseschkian\/\",\"url\":\"https:\/\/now-news.de\/de\/deutschland\/nach-streit-mit-trump-tucker-carlson-interviewt-iranischen-praesidenten-peseschkian\/\",\"name\":\"Nach Streit mit Trump: Tucker Carlson interviewt iranischen Pr\u00e4sidenten Peseschkian - just-now.NEWS Deutschland\",\"isPartOf\":{\"@id\":\"https:\/\/now-news.de\/de\/#website\"},\"primaryImageOfPage\":{\"@id\":\"https:\/\/now-news.de\/de\/deutschland\/nach-streit-mit-trump-tucker-carlson-interviewt-iranischen-praesidenten-peseschkian\/#primaryimage\"},\"image\":{\"@id\":\"https:\/\/now-news.de\/de\/deutschland\/nach-streit-mit-trump-tucker-carlson-interviewt-iranischen-praesidenten-peseschkian\/#primaryimage\"},\"thumbnailUrl\":\"https:\/\/now-news.de\/de\/wp-content\/uploads\/sites\/3\/2025\/07\/Nach-Streit-mit-Trump-Tucker-Carlson-interviewt-iranischen-Praesidenten-Peseschkian.jpg\",\"datePublished\":\"2025-07-06T11:47:22+00:00\",\"dateModified\":\"2025-07-06T11:47:22+00:00\",\"breadcrumb\":{\"@id\":\"https:\/\/now-news.de\/de\/deutschland\/nach-streit-mit-trump-tucker-carlson-interviewt-iranischen-praesidenten-peseschkian\/#breadcrumb\"},\"inLanguage\":\"de\",\"potentialAction\":[{\"@type\":\"ReadAction\",\"target\":[\"https:\/\/now-news.de\/de\/deutschland\/nach-streit-mit-trump-tucker-carlson-interviewt-iranischen-praesidenten-peseschkian\/\"]}]},{\"@type\":\"ImageObject\",\"inLanguage\":\"de\",\"@id\":\"https:\/\/now-news.de\/de\/deutschland\/nach-streit-mit-trump-tucker-carlson-interviewt-iranischen-praesidenten-peseschkian\/#primaryimage\",\"url\":\"https:\/\/now-news.de\/de\/wp-content\/uploads\/sites\/3\/2025\/07\/Nach-Streit-mit-Trump-Tucker-Carlson-interviewt-iranischen-Praesidenten-Peseschkian.jpg\",\"contentUrl\":\"https:\/\/now-news.de\/de\/wp-content\/uploads\/sites\/3\/2025\/07\/Nach-Streit-mit-Trump-Tucker-Carlson-interviewt-iranischen-Praesidenten-Peseschkian.jpg\",\"width\":460,\"height\":259,\"caption\":\"Nach Streit mit Trump: Tucker Carlson interviewt iranischen Pr\u00e4sidenten Peseschkian\"},{\"@type\":\"BreadcrumbList\",\"@id\":\"https:\/\/now-news.de\/de\/deutschland\/nach-streit-mit-trump-tucker-carlson-interviewt-iranischen-praesidenten-peseschkian\/#breadcrumb\",\"itemListElement\":[{\"@type\":\"ListItem\",\"position\":1,\"name\":\"Home\",\"item\":\"https:\/\/now-news.de\/de\/\"},{\"@type\":\"ListItem\",\"position\":2,\"name\":\"Nach Streit mit Trump: Tucker Carlson interviewt iranischen Pr\u00e4sidenten Peseschkian\"}]},{\"@type\":\"WebSite\",\"@id\":\"https:\/\/now-news.de\/de\/#website\",\"url\":\"https:\/\/now-news.de\/de\/\",\"name\":\"just-now.NEWS Deutschland\",\"description\":\"Das Portal f\u00fcr unzensierte Nachrichten aus der Welt\",\"publisher\":{\"@id\":\"https:\/\/now-news.de\/de\/#organization\"},\"potentialAction\":[{\"@type\":\"SearchAction\",\"target\":{\"@type\":\"EntryPoint\",\"urlTemplate\":\"https:\/\/now-news.de\/de\/?s={search_term_string}\"},\"query-input\":\"required name=search_term_string\"}],\"inLanguage\":\"de\"},{\"@type\":\"Organization\",\"@id\":\"https:\/\/now-news.de\/de\/#organization\",\"name\":\"Just Now News\",\"url\":\"https:\/\/now-news.de\/de\/\",\"logo\":{\"@type\":\"ImageObject\",\"inLanguage\":\"de\",\"@id\":\"https:\/\/now-news.de\/de\/#\/schema\/logo\/image\/\",\"url\":\"http:\/\/just-now.news\/de\/wp-content\/uploads\/sites\/3\/2022\/04\/logo500x500.jpg\",\"contentUrl\":\"http:\/\/just-now.news\/de\/wp-content\/uploads\/sites\/3\/2022\/04\/logo500x500.jpg\",\"width\":500,\"height\":500,\"caption\":\"Just Now News\"},\"image\":{\"@id\":\"https:\/\/now-news.de\/de\/#\/schema\/logo\/image\/\"},\"sameAs\":[\"https:\/\/www.facebook.com\/wirmachenauf\",\"https:\/\/x.com\/WirMachenAuf_de\"]},{\"@type\":\"Person\",\"@id\":\"https:\/\/now-news.de\/de\/#\/schema\/person\/fb534a4e865501d8b3285208df34a9b5\",\"name\":\"rtnews\",\"image\":{\"@type\":\"ImageObject\",\"inLanguage\":\"de\",\"@id\":\"https:\/\/now-news.de\/de\/#\/schema\/person\/image\/\",\"url\":\"https:\/\/secure.gravatar.com\/avatar\/82aafea7d8127119dd649515f56e2117?s=96&d=mm&r=g\",\"contentUrl\":\"https:\/\/secure.gravatar.com\/avatar\/82aafea7d8127119dd649515f56e2117?s=96&d=mm&r=g\",\"caption\":\"rtnews\"},\"url\":\"https:\/\/now-news.de\/de\/author\/rnews\/\"}]}<\/script>\n<!-- \/ Yoast SEO Premium plugin. -->","yoast_head_json":{"title":"Nach Streit mit Trump: Tucker Carlson interviewt iranischen Pr\u00e4sidenten Peseschkian - just-now.NEWS Deutschland","robots":{"index":"index","follow":"follow","max-snippet":"max-snippet:-1","max-image-preview":"max-image-preview:large","max-video-preview":"max-video-preview:-1"},"canonical":"https:\/\/now-news.de\/de\/deutschland\/nach-streit-mit-trump-tucker-carlson-interviewt-iranischen-praesidenten-peseschkian\/","og_locale":"de_DE","og_type":"article","og_title":"Nach Streit mit Trump: Tucker Carlson interviewt iranischen Pr\u00e4sidenten Peseschkian","og_description":"K\u00fcrzlich hat sich der US-Journalist Tucker Carlson \u00f6ffentlich mit Donald Trump \u00fcber dessen Umgang mit Teheran gestritten. Nun f\u00fchrt er ein Interview mit dem iranischen Pr\u00e4sidenten Massud Peseschkian und gibt an, das Gespr\u00e4ch werde bald ver\u00f6ffentlicht.\u00a0 In einem auf der Plattform X ver\u00f6ffentlichten Video hat der US-Journalist Tucker Carlson bekanntgegeben, ein Interview mit dem iranischen [&hellip;]","og_url":"https:\/\/now-news.de\/de\/deutschland\/nach-streit-mit-trump-tucker-carlson-interviewt-iranischen-praesidenten-peseschkian\/","og_site_name":"just-now.NEWS Deutschland","article_publisher":"https:\/\/www.facebook.com\/wirmachenauf","article_published_time":"2025-07-06T11:47:22+00:00","og_image":[{"url":"https:\/\/now-news.de\/de\/wp-content\/uploads\/sites\/3\/2025\/07\/686a4ef648fbef7e6c4e9b0e.jpg"}],"author":"rtnews","twitter_card":"summary_large_image","twitter_creator":"@WirMachenAuf_de","twitter_site":"@WirMachenAuf_de","twitter_misc":{"Verfasst von":"rtnews","Gesch\u00e4tzte Lesezeit":"2\u00a0Minuten"},"schema":{"@context":"https:\/\/schema.org","@graph":[{"@type":"Article","@id":"https:\/\/now-news.de\/de\/deutschland\/nach-streit-mit-trump-tucker-carlson-interviewt-iranischen-praesidenten-peseschkian\/#article","isPartOf":{"@id":"https:\/\/now-news.de\/de\/deutschland\/nach-streit-mit-trump-tucker-carlson-interviewt-iranischen-praesidenten-peseschkian\/"},"author":{"name":"rtnews","@id":"https:\/\/now-news.de\/de\/#\/schema\/person\/fb534a4e865501d8b3285208df34a9b5"},"headline":"Nach Streit mit Trump: Tucker Carlson interviewt iranischen Pr\u00e4sidenten Peseschkian","datePublished":"2025-07-06T11:47:22+00:00","dateModified":"2025-07-06T11:47:22+00:00","mainEntityOfPage":{"@id":"https:\/\/now-news.de\/de\/deutschland\/nach-streit-mit-trump-tucker-carlson-interviewt-iranischen-praesidenten-peseschkian\/"},"wordCount":377,"commentCount":0,"publisher":{"@id":"https:\/\/now-news.de\/de\/#organization"},"image":{"@id":"https:\/\/now-news.de\/de\/deutschland\/nach-streit-mit-trump-tucker-carlson-interviewt-iranischen-praesidenten-peseschkian\/#primaryimage"},"thumbnailUrl":"https:\/\/now-news.de\/de\/wp-content\/uploads\/sites\/3\/2025\/07\/Nach-Streit-mit-Trump-Tucker-Carlson-interviewt-iranischen-Praesidenten-Peseschkian.jpg","keywords":["Carlson","interviewt","iranischen","mit","nach","Peseschkian","Pr\u00e4sidenten","Streit","trump","Tucker"],"articleSection":["Deutschland","Russland"],"inLanguage":"de","potentialAction":[{"@type":"CommentAction","name":"Comment","target":["https:\/\/now-news.de\/de\/deutschland\/nach-streit-mit-trump-tucker-carlson-interviewt-iranischen-praesidenten-peseschkian\/#respond"]}]},{"@type":"WebPage","@id":"https:\/\/now-news.de\/de\/deutschland\/nach-streit-mit-trump-tucker-carlson-interviewt-iranischen-praesidenten-peseschkian\/","url":"https:\/\/now-news.de\/de\/deutschland\/nach-streit-mit-trump-tucker-carlson-interviewt-iranischen-praesidenten-peseschkian\/","name":"Nach Streit mit Trump: Tucker Carlson interviewt iranischen Pr\u00e4sidenten Peseschkian - just-now.NEWS Deutschland","isPartOf":{"@id":"https:\/\/now-news.de\/de\/#website"},"primaryImageOfPage":{"@id":"https:\/\/now-news.de\/de\/deutschland\/nach-streit-mit-trump-tucker-carlson-interviewt-iranischen-praesidenten-peseschkian\/#primaryimage"},"image":{"@id":"https:\/\/now-news.de\/de\/deutschland\/nach-streit-mit-trump-tucker-carlson-interviewt-iranischen-praesidenten-peseschkian\/#primaryimage"},"thumbnailUrl":"https:\/\/now-news.de\/de\/wp-content\/uploads\/sites\/3\/2025\/07\/Nach-Streit-mit-Trump-Tucker-Carlson-interviewt-iranischen-Praesidenten-Peseschkian.jpg","datePublished":"2025-07-06T11:47:22+00:00","dateModified":"2025-07-06T11:47:22+00:00","breadcrumb":{"@id":"https:\/\/now-news.de\/de\/deutschland\/nach-streit-mit-trump-tucker-carlson-interviewt-iranischen-praesidenten-peseschkian\/#breadcrumb"},"inLanguage":"de","potentialAction":[{"@type":"ReadAction","target":["https:\/\/now-news.de\/de\/deutschland\/nach-streit-mit-trump-tucker-carlson-interviewt-iranischen-praesidenten-peseschkian\/"]}]},{"@type":"ImageObject","inLanguage":"de","@id":"https:\/\/now-news.de\/de\/deutschland\/nach-streit-mit-trump-tucker-carlson-interviewt-iranischen-praesidenten-peseschkian\/#primaryimage","url":"https:\/\/now-news.de\/de\/wp-content\/uploads\/sites\/3\/2025\/07\/Nach-Streit-mit-Trump-Tucker-Carlson-interviewt-iranischen-Praesidenten-Peseschkian.jpg","contentUrl":"https:\/\/now-news.de\/de\/wp-content\/uploads\/sites\/3\/2025\/07\/Nach-Streit-mit-Trump-Tucker-Carlson-interviewt-iranischen-Praesidenten-Peseschkian.jpg","width":460,"height":259,"caption":"Nach Streit mit Trump: Tucker Carlson interviewt iranischen Pr\u00e4sidenten Peseschkian"},{"@type":"BreadcrumbList","@id":"https:\/\/now-news.de\/de\/deutschland\/nach-streit-mit-trump-tucker-carlson-interviewt-iranischen-praesidenten-peseschkian\/#breadcrumb","itemListElement":[{"@type":"ListItem","position":1,"name":"Home","item":"https:\/\/now-news.de\/de\/"},{"@type":"ListItem","position":2,"name":"Nach Streit mit Trump: Tucker Carlson interviewt iranischen Pr\u00e4sidenten Peseschkian"}]},{"@type":"WebSite","@id":"https:\/\/now-news.de\/de\/#website","url":"https:\/\/now-news.de\/de\/","name":"just-now.NEWS Deutschland","description":"Das Portal f\u00fcr unzensierte Nachrichten aus der Welt","publisher":{"@id":"https:\/\/now-news.de\/de\/#organization"},"potentialAction":[{"@type":"SearchAction","target":{"@type":"EntryPoint","urlTemplate":"https:\/\/now-news.de\/de\/?s={search_term_string}"},"query-input":"required name=search_term_string"}],"inLanguage":"de"},{"@type":"Organization","@id":"https:\/\/now-news.de\/de\/#organization","name":"Just Now News","url":"https:\/\/now-news.de\/de\/","logo":{"@type":"ImageObject","inLanguage":"de","@id":"https:\/\/now-news.de\/de\/#\/schema\/logo\/image\/","url":"http:\/\/just-now.news\/de\/wp-content\/uploads\/sites\/3\/2022\/04\/logo500x500.jpg","contentUrl":"http:\/\/just-now.news\/de\/wp-content\/uploads\/sites\/3\/2022\/04\/logo500x500.jpg","width":500,"height":500,"caption":"Just Now News"},"image":{"@id":"https:\/\/now-news.de\/de\/#\/schema\/logo\/image\/"},"sameAs":["https:\/\/www.facebook.com\/wirmachenauf","https:\/\/x.com\/WirMachenAuf_de"]},{"@type":"Person","@id":"https:\/\/now-news.de\/de\/#\/schema\/person\/fb534a4e865501d8b3285208df34a9b5","name":"rtnews","image":{"@type":"ImageObject","inLanguage":"de","@id":"https:\/\/now-news.de\/de\/#\/schema\/person\/image\/","url":"https:\/\/secure.gravatar.com\/avatar\/82aafea7d8127119dd649515f56e2117?s=96&d=mm&r=g","contentUrl":"https:\/\/secure.gravatar.com\/avatar\/82aafea7d8127119dd649515f56e2117?s=96&d=mm&r=g","caption":"rtnews"},"url":"https:\/\/now-news.de\/de\/author\/rnews\/"}]}},"_links":{"self":[{"href":"https:\/\/now-news.de\/de\/wp-json\/wp\/v2\/posts\/86682"}],"collection":[{"href":"https:\/\/now-news.de\/de\/wp-json\/wp\/v2\/posts"}],"about":[{"href":"https:\/\/now-news.de\/de\/wp-json\/wp\/v2\/types\/post"}],"author":[{"embeddable":true,"href":"https:\/\/now-news.de\/de\/wp-json\/wp\/v2\/users\/3"}],"replies":[{"embeddable":true,"href":"https:\/\/now-news.de\/de\/wp-json\/wp\/v2\/comments?post=86682"}],"version-history":[{"count":0,"href":"https:\/\/now-news.de\/de\/wp-json\/wp\/v2\/posts\/86682\/revisions"}],"wp:featuredmedia":[{"embeddable":true,"href":"https:\/\/now-news.de\/de\/wp-json\/wp\/v2\/media\/86683"}],"wp:attachment":[{"href":"https:\/\/now-news.de\/de\/wp-json\/wp\/v2\/media?parent=86682"}],"wp:term":[{"taxonomy":"category","embeddable":true,"href":"https:\/\/now-news.de\/de\/wp-json\/wp\/v2\/categories?post=86682"},{"taxonomy":"post_tag","embeddable":true,"href":"https:\/\/now-news.de\/de\/wp-json\/wp\/v2\/tags?post=86682"}],"curies":[{"name":"wp","href":"https:\/\/api.w.org\/{rel}","templated":true}]}}