{"id":8668,"date":"2022-05-24T04:30:00","date_gmt":"2022-05-24T02:30:00","guid":{"rendered":"http:\/\/just-now.news\/de\/usa\/klaus-schwab-vom-weltwirtschaftsforum-in-davos-propagiert-elitaeren-muell-dass-wir-alle-als-interessengruppen-groesserer-gemeinschaften-auftreten\/"},"modified":"2022-05-24T04:30:00","modified_gmt":"2022-05-24T02:30:00","slug":"klaus-schwab-vom-weltwirtschaftsforum-in-davos-propagiert-elitaeren-muell-dass-wir-alle-als-interessengruppen-groesserer-gemeinschaften-auftreten","status":"publish","type":"post","link":"https:\/\/now-news.de\/de\/usa\/klaus-schwab-vom-weltwirtschaftsforum-in-davos-propagiert-elitaeren-muell-dass-wir-alle-als-interessengruppen-groesserer-gemeinschaften-auftreten\/","title":{"rendered":"Klaus Schwab vom Weltwirtschaftsforum in Davos propagiert elit\u00e4ren M\u00fcll, \u201edass wir alle als Interessengruppen gr\u00f6\u00dferer Gemeinschaften auftreten\u201c"},"content":{"rendered":"<div class=\"entry-content\">\n<p><\/p>\n<p><strong>Klaus Schwab sprach heute in Davos beim Weltwirtschaftsforum und in seiner Er\u00f6ffnung sprach er davon, dass wir alle gute Sozialisten seien, \u201edass wir alle als Interessenvertreter gr\u00f6\u00dferer Gemeinschaften auftreten\u201c.<\/strong><\/p>\n<p>Denken Sie daran, dass die Nazis und Kommunisten die ersten Sozialisten waren.<\/p>\n<div id=\"IC1-ad\" class=\"sponsor IC1\">\n<p class=\"ad-notice flipboard-remove\" fl:fl-noexcerpt=\"true\">Werbung \u2013 die Geschichte geht unten weiter<\/p>\n<div id=\"IC1\">\n<script>\n\t\t\t\t\tif( FFADS.units.IC1 && FFADS.units.IC1.ad_type == 'custom' && FFADS.units.IC1.custom_ads && ! getCookie( 'ff_subbed' ) ) {\n\t\t\t\t\t\tdocument.getElementById( 'IC1' ).innerHTML = FFADS.units.IC1.custom_ads[0].code;\n\t\t\t\t\t\tif( ! FFADS.units.IC1.lazy_load ) eval( FFADS.units.IC1.custom_ads[0].rendering_script );\n\t\t\t\t\t}\n\t\t\t\t\telse if( FFADS.units.IC1 && ! getCookie( 'ff_subbed' ) ) {\n\t\t\t\t\t\tif( 'IC' != 'SB' && 'IC' != 'SA' && FFADS.use_fixed_containers ) {\n\t\t\t\t\t\t\tlet max_wh = firefly_size_list_to_max_wh( FFADS.units.IC1.sizes );\n\t\t\t\t\t\t\tlet el = document.querySelector( '#IC1' );\n\t\t\t\t\t\t\tif( 'IC' != 'SA' && FFADS.slide_pixels ) {\n\t\t\t\t\t\t\t\tmax_wh[1] += parseInt( FFADS.slide_pixels );\n\t\t\t\t\t\t\t\tel.classList.add( 'sliding' );\n\t\t\t\t\t\t\t}\n\t\t\t\t\t\t\tel.style.width = max_wh[0] + 'px';\n\t\t\t\t\t\t\tel.style.height = max_wh[1] + 'px';\n\t\t\t\t\t\t\tel.classList.add( 'fixed-size' );\n\t\t\t\t\t\t}\n\t\t\t\t\t\tgoogletag.cmd.push( function() {\n\t\t\t\t\t\t\tFFADS.debug( 'googletag.displaying IC1' );\n\t\t\t\t\t\t\tgoogletag.display( 'IC1' );\n\t\t\t\t\t\t} );\n\t\t\t\t\t}\n\t\t\t\t\telse {\n\t\t\t\t\t\tdocument.querySelector( '#IC1-ad' ).style.display = 'none';}\n\t\t\t\t<\/script><\/div>\n<\/div>\n<p>The Daily Caller berichtete \u00fcber Schwabs Rede:<\/p>\n<blockquote>\n<p>Klaus Schwab, Gr\u00fcnder und Vorsitzender des Weltwirtschaftsforums (WEF), sprach am Montag auf dem Jahresgipfel des WEF in Davos, Schweiz, vor mehr als 2.500 Eliten aus Wirtschaft, Politik und Medien.<\/p>\n<p><script>\n\t\t\t\t\tif( ! getCookie( 'ff_subbed' ) ) if( typeof FFADS.replace_ict != 'undefined' ) if( FFADS.replace_ict ) eval( FFADS.replace_ict );\n\t\t\t\t<\/script><\/p>\n<p>\u201eDie Zukunft passiert nicht einfach so.  Die Zukunft wird von uns gebaut, von einer starken Gemeinschaft wie Ihnen hier in diesem Raum\u201c, sagt Schwab <a rel=\"nofollow noopener\" target=\"_blank\" href=\"https:\/\/twitter.com\/WallStreetSilv\/status\/1528683657925472256\">erz\u00e4hlte<\/a> sein Publikum.  \u201eWir haben die Mittel, um den Zustand der Welt zu verbessern\u201c, f\u00fcgte er hinzu.<\/p>\n<p>\u2026 Schwab fuhr fort, zwei Bedingungen zu skizzieren, die seiner Ansicht nach f\u00fcr eine solche Verbesserung eintraten.  Die erste Bedingung st\u00fctzte sich auf seine Vision von globalen F\u00fchrern als \u201eStakeholder\u201c der Zukunft.<\/p>\n<\/blockquote>\n<div id=\"IC2-ad\" class=\"sponsor IC2\">\n<p class=\"ad-notice flipboard-remove\" fl:fl-noexcerpt=\"true\">Werbung \u2013 die Geschichte geht unten weiter<\/p>\n<div id=\"IC2\">\n<script>\n\t\t\t\t\tif( FFADS.units.IC2 && FFADS.units.IC2.ad_type == 'custom' && FFADS.units.IC2.custom_ads && ! getCookie( 'ff_subbed' ) ) {\n\t\t\t\t\t\tdocument.getElementById( 'IC2' ).innerHTML = FFADS.units.IC2.custom_ads[0].code;\n\t\t\t\t\t\tif( ! FFADS.units.IC2.lazy_load ) eval( FFADS.units.IC2.custom_ads[0].rendering_script );\n\t\t\t\t\t}\n\t\t\t\t\telse if( FFADS.units.IC2 && ! getCookie( 'ff_subbed' ) ) {\n\t\t\t\t\t\tif( 'IC' != 'SB' && 'IC' != 'SA' && FFADS.use_fixed_containers ) {\n\t\t\t\t\t\t\tlet max_wh = firefly_size_list_to_max_wh( FFADS.units.IC2.sizes );\n\t\t\t\t\t\t\tlet el = document.querySelector( '#IC2' );\n\t\t\t\t\t\t\tif( 'IC' != 'SA' && FFADS.slide_pixels ) {\n\t\t\t\t\t\t\t\tmax_wh[1] += parseInt( FFADS.slide_pixels );\n\t\t\t\t\t\t\t\tel.classList.add( 'sliding' );\n\t\t\t\t\t\t\t}\n\t\t\t\t\t\t\tel.style.width = max_wh[0] + 'px';\n\t\t\t\t\t\t\tel.style.height = max_wh[1] + 'px';\n\t\t\t\t\t\t\tel.classList.add( 'fixed-size' );\n\t\t\t\t\t\t}\n\t\t\t\t\t\tgoogletag.cmd.push( function() {\n\t\t\t\t\t\t\tFFADS.debug( 'googletag.displaying IC2' );\n\t\t\t\t\t\t\tgoogletag.display( 'IC2' );\n\t\t\t\t\t\t} );\n\t\t\t\t\t}\n\t\t\t\t\telse {\n\t\t\t\t\t\tdocument.querySelector( '#IC2-ad' ).style.display = 'none';}\n\t\t\t\t<\/script><\/div>\n<\/div>\n<div id=\"\/10519169\/dailycaller_inline2\" class=\"ad\">\n<blockquote>\n<p>&#8220;Der erste [condition] ist, dass wir alle als Stakeholder gr\u00f6\u00dferer Gemeinschaften agieren\u201c, sagte Schwab, \u201edas nennen wir \u201aStakeholder-Verantwortung\u2018.\u201c<\/p>\n<p>Die zweite Bedingung, sagte Schwab, sei die Zusammenarbeit innerhalb der \u201eGemeinschaft\u201c der globalen F\u00fchrer.<\/p>\n<\/blockquote>\n<\/div>\n<div id=\"outbrainPlaceholder\">Hier ist ein Teil von Schwabs Beitrag.<\/div>\n<blockquote class=\"twitter-tweet\">\n<p dir=\"ltr\" lang=\"en\">Klaus Schwab letzte Rede \u2026<\/p>\n<p>Dieser Typ macht mir G\u00e4nsehaut<\/p>\n<p><a rel=\"nofollow noopener\" target=\"_blank\" href=\"https:\/\/t.co\/SOqbXxWBH7\">pic.twitter.com\/SOqbXxWBH7<\/a><\/p>\n<p>\u2014 Wall Street Silber (@WallStreetSilv) <a rel=\"nofollow noopener\" target=\"_blank\" href=\"https:\/\/twitter.com\/WallStreetSilv\/status\/1528683657925472256\">23. Mai 2022<\/a><\/p>\n<\/blockquote>\n<p><script async src=\"https:\/\/platform.twitter.com\/widgets.js\" charset=\"utf-8\"><\/script><\/p>\n<\/p>\n<p class=\"article-ask\"><span class=\"ask\"><script>\n  if( getParameterByName( \"utm_source\" ) == \"testpage\" ) {\n    !function(e,t,a,n,g){e[n]=e[n]||[],e[n].push({\"gtm.start\":(new Date).getTime(),event:\"gtm.js\"});var m=t.getElementsByTagName(a)[0],r=t.createElement(a);r.async=!0,r.src=\"https:\/\/www.googletagmanager.com\/gtm.js?id=GTM-PL4PD49\",m.parentNode.insertBefore(r,m)}(window.parent,window.parent.document,\"script\",\"dataLayer\");\n    var iframe=window.parent.document.createElement(\"iframe\");iframe.src=\"https:\/\/www.googletagmanager.com\/ns.html?id=GTM-PL4PD49\";iframe.height=\"0\";iframe.width=\"0\";iframe.style=\"display:none;visibility:hidden\";window.parent.document.body.appendChild(iframe);\n    window.parent[\"$$mm-analytics\"] = window.parent[\"$$mm-analytics\"] || {};if (typeof window.parent[\"$$mm-analytics\"].firstEmbed === \"undefined\") {window.parent[\"$$mm-analytics\"].firstEmbed = Date.now();}\n    let as1 = document.createElement( \"script\" );\n    as1.src = \"https:\/\/bucket1.mm-syringe.com\/prod\/configs\/ee2300c8-43d2-7f0b-dac0-40aaf31c9d3d.js\";\n    document.body.appendChild( as1 );\n    let as2 = document.createElement( \"script\" );\n    as2.src = \"https:\/\/bucket1.mm-syringe.com\/prod\/injector\/injector.1.5.3.js\";\n    document.body.appendChild( as2 );\n  }\n<\/script><\/p>\n<div class=\"apester-media\" data-token=\"5f10a39f94902bc81d3d59a7\" data-context=\"true\" data-tags=\"\" data-fallback=\"true\" height=\"350\"><\/div>\n<p><script id=\"apester_script\" src=\"https:\/\/static.apester.com\/js\/sdk\/latest\/apester-sdk.js\" async><\/script><script async src=\"https:\/\/www.googletagmanager.com\/gtag\/js?id=G-EFE91RJVSQ\"><\/script><script>\n  window.dataLayer = window.dataLayer || [];\n  function gtag(){dataLayer.push(arguments);}\n  gtag(\\'js\\', new Date());\n  gtag(\\'config\\', \\'G-EFE91RJVSQ\\');\n<\/script><\/span><\/p>\n<\/div>\n<p><br \/>\n<br \/><a href=\"https:\/\/www.thegatewaypundit.com\/2022\/05\/world-economic-forums-klaus-schwab-davos-shares-socialist-garbage-act-stakeholders-larger-communities\/\">Source link <\/a><\/p>\n","protected":false},"excerpt":{"rendered":"<p>Klaus Schwab sprach heute in Davos beim Weltwirtschaftsforum und in seiner Er\u00f6ffnung sprach er davon, dass wir alle gute Sozialisten seien, \u201edass wir alle als Interessenvertreter gr\u00f6\u00dferer Gemeinschaften auftreten\u201c. Denken Sie daran, dass die Nazis und Kommunisten die ersten Sozialisten waren. Werbung \u2013 die Geschichte geht unten weiter The Daily Caller berichtete \u00fcber Schwabs Rede: [&hellip;]<\/p>\n","protected":false},"author":5,"featured_media":8669,"comment_status":"open","ping_status":"open","sticky":false,"template":"","format":"standard","meta":{"wp_automatic_camp":["1161"],"94fb784c08be08bdcd763d524de53733":["Klaus Schwab vom Weltwirtschaftsforum in Davos propagiert elit\u00e4ren M\u00fcll, \u201edass wir alle als Interessengruppen gr\u00f6\u00dferer Gemeinschaften auftreten\u201c\n"],"original_link":["https:\/\/www.thegatewaypundit.com\/2022\/05\/world-economic-forums-klaus-schwab-davos-shares-socialist-garbage-act-stakeholders-larger-communities\/"],"_thumbnail_id":["8669"],"wp_automatic_remove_first_image":["yes"],"jnews_social_counter_last_update":["1777608161"]},"categories":[25],"tags":[271,273,21566,42,92,21562,21565,21564,21563,57,7697,21561,58,1010,61,1801],"yoast_head":"<!-- This site is optimized with the Yoast SEO Premium plugin v22.7 (Yoast SEO v22.7) - https:\/\/yoast.com\/wordpress\/plugins\/seo\/ -->\n<title>Klaus Schwab vom Weltwirtschaftsforum in Davos propagiert elit\u00e4ren M\u00fcll, \u201edass wir alle als Interessengruppen gr\u00f6\u00dferer Gemeinschaften auftreten\u201c - just-now.NEWS Deutschland<\/title>\n<meta name=\"robots\" content=\"index, follow, max-snippet:-1, max-image-preview:large, max-video-preview:-1\" \/>\n<link rel=\"canonical\" href=\"https:\/\/now-news.de\/de\/usa\/klaus-schwab-vom-weltwirtschaftsforum-in-davos-propagiert-elitaeren-muell-dass-wir-alle-als-interessengruppen-groesserer-gemeinschaften-auftreten\/\" \/>\n<meta property=\"og:locale\" content=\"de_DE\" \/>\n<meta property=\"og:type\" content=\"article\" \/>\n<meta property=\"og:title\" content=\"Klaus Schwab vom Weltwirtschaftsforum in Davos propagiert elit\u00e4ren M\u00fcll, \u201edass wir alle als Interessengruppen gr\u00f6\u00dferer Gemeinschaften auftreten\u201c\" \/>\n<meta property=\"og:description\" content=\"Klaus Schwab sprach heute in Davos beim Weltwirtschaftsforum und in seiner Er\u00f6ffnung sprach er davon, dass wir alle gute Sozialisten seien, \u201edass wir alle als Interessenvertreter gr\u00f6\u00dferer Gemeinschaften auftreten\u201c. Denken Sie daran, dass die Nazis und Kommunisten die ersten Sozialisten waren. Werbung \u2013 die Geschichte geht unten weiter The Daily Caller berichtete \u00fcber Schwabs Rede: [&hellip;]\" \/>\n<meta property=\"og:url\" content=\"https:\/\/now-news.de\/de\/usa\/klaus-schwab-vom-weltwirtschaftsforum-in-davos-propagiert-elitaeren-muell-dass-wir-alle-als-interessengruppen-groesserer-gemeinschaften-auftreten\/\" \/>\n<meta property=\"og:site_name\" content=\"just-now.NEWS Deutschland\" \/>\n<meta property=\"article:publisher\" content=\"https:\/\/www.facebook.com\/wirmachenauf\" \/>\n<meta property=\"article:published_time\" content=\"2022-05-24T02:30:00+00:00\" \/>\n<meta property=\"og:image\" content=\"https:\/\/now-news.de\/de\/wp-content\/uploads\/sites\/3\/2022\/05\/Klaus-Schwab-vom-Weltwirtschaftsforum-in-Davos-propagiert-elitaeren-Muell-\u201edass.jpg\" \/>\n\t<meta property=\"og:image:width\" content=\"812\" \/>\n\t<meta property=\"og:image:height\" content=\"457\" \/>\n\t<meta property=\"og:image:type\" content=\"image\/jpeg\" \/>\n<meta name=\"author\" content=\"greatreset\" \/>\n<meta name=\"twitter:card\" content=\"summary_large_image\" \/>\n<meta name=\"twitter:creator\" content=\"@WirMachenAuf_de\" \/>\n<meta name=\"twitter:site\" content=\"@WirMachenAuf_de\" \/>\n<meta name=\"twitter:label1\" content=\"Verfasst von\" \/>\n\t<meta name=\"twitter:data1\" content=\"greatreset\" \/>\n\t<meta name=\"twitter:label2\" content=\"Gesch\u00e4tzte Lesezeit\" \/>\n\t<meta name=\"twitter:data2\" content=\"1\u00a0Minute\" \/>\n<script type=\"application\/ld+json\" class=\"yoast-schema-graph\">{\"@context\":\"https:\/\/schema.org\",\"@graph\":[{\"@type\":\"Article\",\"@id\":\"https:\/\/now-news.de\/de\/usa\/klaus-schwab-vom-weltwirtschaftsforum-in-davos-propagiert-elitaeren-muell-dass-wir-alle-als-interessengruppen-groesserer-gemeinschaften-auftreten\/#article\",\"isPartOf\":{\"@id\":\"https:\/\/now-news.de\/de\/usa\/klaus-schwab-vom-weltwirtschaftsforum-in-davos-propagiert-elitaeren-muell-dass-wir-alle-als-interessengruppen-groesserer-gemeinschaften-auftreten\/\"},\"author\":{\"name\":\"greatreset\",\"@id\":\"https:\/\/now-news.de\/de\/#\/schema\/person\/8afb4cd92b68572db7902c13a349ffcb\"},\"headline\":\"Klaus Schwab vom Weltwirtschaftsforum in Davos propagiert elit\u00e4ren M\u00fcll, \u201edass wir alle als Interessengruppen gr\u00f6\u00dferer Gemeinschaften auftreten\u201c\",\"datePublished\":\"2022-05-24T02:30:00+00:00\",\"dateModified\":\"2022-05-24T02:30:00+00:00\",\"mainEntityOfPage\":{\"@id\":\"https:\/\/now-news.de\/de\/usa\/klaus-schwab-vom-weltwirtschaftsforum-in-davos-propagiert-elitaeren-muell-dass-wir-alle-als-interessengruppen-groesserer-gemeinschaften-auftreten\/\"},\"wordCount\":251,\"commentCount\":0,\"publisher\":{\"@id\":\"https:\/\/now-news.de\/de\/#organization\"},\"image\":{\"@id\":\"https:\/\/now-news.de\/de\/usa\/klaus-schwab-vom-weltwirtschaftsforum-in-davos-propagiert-elitaeren-muell-dass-wir-alle-als-interessengruppen-groesserer-gemeinschaften-auftreten\/#primaryimage\"},\"thumbnailUrl\":\"https:\/\/now-news.de\/de\/wp-content\/uploads\/sites\/3\/2022\/05\/Klaus-Schwab-vom-Weltwirtschaftsforum-in-Davos-propagiert-elitaeren-Muell-\u201edass.jpg\",\"keywords\":[\"ALLE\",\"als\",\"auftreten\",\"dass\",\"Davos\",\"elit\u00e4ren\",\"Gemeinschaften\",\"gr\u00f6\u00dferer\",\"Interessengruppen\",\"Klaus\",\"M\u00fcll\",\"propagiert\",\"Schwab\",\"vom\",\"Weltwirtschaftsforum\",\"Wir\"],\"articleSection\":[\"USA\"],\"inLanguage\":\"de\",\"potentialAction\":[{\"@type\":\"CommentAction\",\"name\":\"Comment\",\"target\":[\"https:\/\/now-news.de\/de\/usa\/klaus-schwab-vom-weltwirtschaftsforum-in-davos-propagiert-elitaeren-muell-dass-wir-alle-als-interessengruppen-groesserer-gemeinschaften-auftreten\/#respond\"]}]},{\"@type\":\"WebPage\",\"@id\":\"https:\/\/now-news.de\/de\/usa\/klaus-schwab-vom-weltwirtschaftsforum-in-davos-propagiert-elitaeren-muell-dass-wir-alle-als-interessengruppen-groesserer-gemeinschaften-auftreten\/\",\"url\":\"https:\/\/now-news.de\/de\/usa\/klaus-schwab-vom-weltwirtschaftsforum-in-davos-propagiert-elitaeren-muell-dass-wir-alle-als-interessengruppen-groesserer-gemeinschaften-auftreten\/\",\"name\":\"Klaus Schwab vom Weltwirtschaftsforum in Davos propagiert elit\u00e4ren M\u00fcll, \u201edass wir alle als Interessengruppen gr\u00f6\u00dferer Gemeinschaften auftreten\u201c - just-now.NEWS Deutschland\",\"isPartOf\":{\"@id\":\"https:\/\/now-news.de\/de\/#website\"},\"primaryImageOfPage\":{\"@id\":\"https:\/\/now-news.de\/de\/usa\/klaus-schwab-vom-weltwirtschaftsforum-in-davos-propagiert-elitaeren-muell-dass-wir-alle-als-interessengruppen-groesserer-gemeinschaften-auftreten\/#primaryimage\"},\"image\":{\"@id\":\"https:\/\/now-news.de\/de\/usa\/klaus-schwab-vom-weltwirtschaftsforum-in-davos-propagiert-elitaeren-muell-dass-wir-alle-als-interessengruppen-groesserer-gemeinschaften-auftreten\/#primaryimage\"},\"thumbnailUrl\":\"https:\/\/now-news.de\/de\/wp-content\/uploads\/sites\/3\/2022\/05\/Klaus-Schwab-vom-Weltwirtschaftsforum-in-Davos-propagiert-elitaeren-Muell-\u201edass.jpg\",\"datePublished\":\"2022-05-24T02:30:00+00:00\",\"dateModified\":\"2022-05-24T02:30:00+00:00\",\"breadcrumb\":{\"@id\":\"https:\/\/now-news.de\/de\/usa\/klaus-schwab-vom-weltwirtschaftsforum-in-davos-propagiert-elitaeren-muell-dass-wir-alle-als-interessengruppen-groesserer-gemeinschaften-auftreten\/#breadcrumb\"},\"inLanguage\":\"de\",\"potentialAction\":[{\"@type\":\"ReadAction\",\"target\":[\"https:\/\/now-news.de\/de\/usa\/klaus-schwab-vom-weltwirtschaftsforum-in-davos-propagiert-elitaeren-muell-dass-wir-alle-als-interessengruppen-groesserer-gemeinschaften-auftreten\/\"]}]},{\"@type\":\"ImageObject\",\"inLanguage\":\"de\",\"@id\":\"https:\/\/now-news.de\/de\/usa\/klaus-schwab-vom-weltwirtschaftsforum-in-davos-propagiert-elitaeren-muell-dass-wir-alle-als-interessengruppen-groesserer-gemeinschaften-auftreten\/#primaryimage\",\"url\":\"https:\/\/now-news.de\/de\/wp-content\/uploads\/sites\/3\/2022\/05\/Klaus-Schwab-vom-Weltwirtschaftsforum-in-Davos-propagiert-elitaeren-Muell-\u201edass.jpg\",\"contentUrl\":\"https:\/\/now-news.de\/de\/wp-content\/uploads\/sites\/3\/2022\/05\/Klaus-Schwab-vom-Weltwirtschaftsforum-in-Davos-propagiert-elitaeren-Muell-\u201edass.jpg\",\"width\":812,\"height\":457},{\"@type\":\"BreadcrumbList\",\"@id\":\"https:\/\/now-news.de\/de\/usa\/klaus-schwab-vom-weltwirtschaftsforum-in-davos-propagiert-elitaeren-muell-dass-wir-alle-als-interessengruppen-groesserer-gemeinschaften-auftreten\/#breadcrumb\",\"itemListElement\":[{\"@type\":\"ListItem\",\"position\":1,\"name\":\"Home\",\"item\":\"https:\/\/now-news.de\/de\/\"},{\"@type\":\"ListItem\",\"position\":2,\"name\":\"Klaus Schwab vom Weltwirtschaftsforum in Davos propagiert elit\u00e4ren M\u00fcll, \u201edass wir alle als Interessengruppen gr\u00f6\u00dferer Gemeinschaften auftreten\u201c\"}]},{\"@type\":\"WebSite\",\"@id\":\"https:\/\/now-news.de\/de\/#website\",\"url\":\"https:\/\/now-news.de\/de\/\",\"name\":\"just-now.NEWS Deutschland\",\"description\":\"Das Portal f\u00fcr unzensierte Nachrichten aus der Welt\",\"publisher\":{\"@id\":\"https:\/\/now-news.de\/de\/#organization\"},\"potentialAction\":[{\"@type\":\"SearchAction\",\"target\":{\"@type\":\"EntryPoint\",\"urlTemplate\":\"https:\/\/now-news.de\/de\/?s={search_term_string}\"},\"query-input\":\"required name=search_term_string\"}],\"inLanguage\":\"de\"},{\"@type\":\"Organization\",\"@id\":\"https:\/\/now-news.de\/de\/#organization\",\"name\":\"Just Now News\",\"url\":\"https:\/\/now-news.de\/de\/\",\"logo\":{\"@type\":\"ImageObject\",\"inLanguage\":\"de\",\"@id\":\"https:\/\/now-news.de\/de\/#\/schema\/logo\/image\/\",\"url\":\"http:\/\/just-now.news\/de\/wp-content\/uploads\/sites\/3\/2022\/04\/logo500x500.jpg\",\"contentUrl\":\"http:\/\/just-now.news\/de\/wp-content\/uploads\/sites\/3\/2022\/04\/logo500x500.jpg\",\"width\":500,\"height\":500,\"caption\":\"Just Now News\"},\"image\":{\"@id\":\"https:\/\/now-news.de\/de\/#\/schema\/logo\/image\/\"},\"sameAs\":[\"https:\/\/www.facebook.com\/wirmachenauf\",\"https:\/\/x.com\/WirMachenAuf_de\"]},{\"@type\":\"Person\",\"@id\":\"https:\/\/now-news.de\/de\/#\/schema\/person\/8afb4cd92b68572db7902c13a349ffcb\",\"name\":\"greatreset\",\"image\":{\"@type\":\"ImageObject\",\"inLanguage\":\"de\",\"@id\":\"https:\/\/now-news.de\/de\/#\/schema\/person\/image\/\",\"url\":\"https:\/\/secure.gravatar.com\/avatar\/a088df625d49991c090e78c8b9542592?s=96&d=mm&r=g\",\"contentUrl\":\"https:\/\/secure.gravatar.com\/avatar\/a088df625d49991c090e78c8b9542592?s=96&d=mm&r=g\",\"caption\":\"greatreset\"},\"url\":\"https:\/\/now-news.de\/de\/author\/greatreset\/\"}]}<\/script>\n<!-- \/ Yoast SEO Premium plugin. -->","yoast_head_json":{"title":"Klaus Schwab vom Weltwirtschaftsforum in Davos propagiert elit\u00e4ren M\u00fcll, \u201edass wir alle als Interessengruppen gr\u00f6\u00dferer Gemeinschaften auftreten\u201c - just-now.NEWS Deutschland","robots":{"index":"index","follow":"follow","max-snippet":"max-snippet:-1","max-image-preview":"max-image-preview:large","max-video-preview":"max-video-preview:-1"},"canonical":"https:\/\/now-news.de\/de\/usa\/klaus-schwab-vom-weltwirtschaftsforum-in-davos-propagiert-elitaeren-muell-dass-wir-alle-als-interessengruppen-groesserer-gemeinschaften-auftreten\/","og_locale":"de_DE","og_type":"article","og_title":"Klaus Schwab vom Weltwirtschaftsforum in Davos propagiert elit\u00e4ren M\u00fcll, \u201edass wir alle als Interessengruppen gr\u00f6\u00dferer Gemeinschaften auftreten\u201c","og_description":"Klaus Schwab sprach heute in Davos beim Weltwirtschaftsforum und in seiner Er\u00f6ffnung sprach er davon, dass wir alle gute Sozialisten seien, \u201edass wir alle als Interessenvertreter gr\u00f6\u00dferer Gemeinschaften auftreten\u201c. Denken Sie daran, dass die Nazis und Kommunisten die ersten Sozialisten waren. Werbung \u2013 die Geschichte geht unten weiter The Daily Caller berichtete \u00fcber Schwabs Rede: [&hellip;]","og_url":"https:\/\/now-news.de\/de\/usa\/klaus-schwab-vom-weltwirtschaftsforum-in-davos-propagiert-elitaeren-muell-dass-wir-alle-als-interessengruppen-groesserer-gemeinschaften-auftreten\/","og_site_name":"just-now.NEWS Deutschland","article_publisher":"https:\/\/www.facebook.com\/wirmachenauf","article_published_time":"2022-05-24T02:30:00+00:00","og_image":[{"width":812,"height":457,"url":"https:\/\/now-news.de\/de\/wp-content\/uploads\/sites\/3\/2022\/05\/Klaus-Schwab-vom-Weltwirtschaftsforum-in-Davos-propagiert-elitaeren-Muell-\u201edass.jpg","type":"image\/jpeg"}],"author":"greatreset","twitter_card":"summary_large_image","twitter_creator":"@WirMachenAuf_de","twitter_site":"@WirMachenAuf_de","twitter_misc":{"Verfasst von":"greatreset","Gesch\u00e4tzte Lesezeit":"1\u00a0Minute"},"schema":{"@context":"https:\/\/schema.org","@graph":[{"@type":"Article","@id":"https:\/\/now-news.de\/de\/usa\/klaus-schwab-vom-weltwirtschaftsforum-in-davos-propagiert-elitaeren-muell-dass-wir-alle-als-interessengruppen-groesserer-gemeinschaften-auftreten\/#article","isPartOf":{"@id":"https:\/\/now-news.de\/de\/usa\/klaus-schwab-vom-weltwirtschaftsforum-in-davos-propagiert-elitaeren-muell-dass-wir-alle-als-interessengruppen-groesserer-gemeinschaften-auftreten\/"},"author":{"name":"greatreset","@id":"https:\/\/now-news.de\/de\/#\/schema\/person\/8afb4cd92b68572db7902c13a349ffcb"},"headline":"Klaus Schwab vom Weltwirtschaftsforum in Davos propagiert elit\u00e4ren M\u00fcll, \u201edass wir alle als Interessengruppen gr\u00f6\u00dferer Gemeinschaften auftreten\u201c","datePublished":"2022-05-24T02:30:00+00:00","dateModified":"2022-05-24T02:30:00+00:00","mainEntityOfPage":{"@id":"https:\/\/now-news.de\/de\/usa\/klaus-schwab-vom-weltwirtschaftsforum-in-davos-propagiert-elitaeren-muell-dass-wir-alle-als-interessengruppen-groesserer-gemeinschaften-auftreten\/"},"wordCount":251,"commentCount":0,"publisher":{"@id":"https:\/\/now-news.de\/de\/#organization"},"image":{"@id":"https:\/\/now-news.de\/de\/usa\/klaus-schwab-vom-weltwirtschaftsforum-in-davos-propagiert-elitaeren-muell-dass-wir-alle-als-interessengruppen-groesserer-gemeinschaften-auftreten\/#primaryimage"},"thumbnailUrl":"https:\/\/now-news.de\/de\/wp-content\/uploads\/sites\/3\/2022\/05\/Klaus-Schwab-vom-Weltwirtschaftsforum-in-Davos-propagiert-elitaeren-Muell-\u201edass.jpg","keywords":["ALLE","als","auftreten","dass","Davos","elit\u00e4ren","Gemeinschaften","gr\u00f6\u00dferer","Interessengruppen","Klaus","M\u00fcll","propagiert","Schwab","vom","Weltwirtschaftsforum","Wir"],"articleSection":["USA"],"inLanguage":"de","potentialAction":[{"@type":"CommentAction","name":"Comment","target":["https:\/\/now-news.de\/de\/usa\/klaus-schwab-vom-weltwirtschaftsforum-in-davos-propagiert-elitaeren-muell-dass-wir-alle-als-interessengruppen-groesserer-gemeinschaften-auftreten\/#respond"]}]},{"@type":"WebPage","@id":"https:\/\/now-news.de\/de\/usa\/klaus-schwab-vom-weltwirtschaftsforum-in-davos-propagiert-elitaeren-muell-dass-wir-alle-als-interessengruppen-groesserer-gemeinschaften-auftreten\/","url":"https:\/\/now-news.de\/de\/usa\/klaus-schwab-vom-weltwirtschaftsforum-in-davos-propagiert-elitaeren-muell-dass-wir-alle-als-interessengruppen-groesserer-gemeinschaften-auftreten\/","name":"Klaus Schwab vom Weltwirtschaftsforum in Davos propagiert elit\u00e4ren M\u00fcll, \u201edass wir alle als Interessengruppen gr\u00f6\u00dferer Gemeinschaften auftreten\u201c - just-now.NEWS Deutschland","isPartOf":{"@id":"https:\/\/now-news.de\/de\/#website"},"primaryImageOfPage":{"@id":"https:\/\/now-news.de\/de\/usa\/klaus-schwab-vom-weltwirtschaftsforum-in-davos-propagiert-elitaeren-muell-dass-wir-alle-als-interessengruppen-groesserer-gemeinschaften-auftreten\/#primaryimage"},"image":{"@id":"https:\/\/now-news.de\/de\/usa\/klaus-schwab-vom-weltwirtschaftsforum-in-davos-propagiert-elitaeren-muell-dass-wir-alle-als-interessengruppen-groesserer-gemeinschaften-auftreten\/#primaryimage"},"thumbnailUrl":"https:\/\/now-news.de\/de\/wp-content\/uploads\/sites\/3\/2022\/05\/Klaus-Schwab-vom-Weltwirtschaftsforum-in-Davos-propagiert-elitaeren-Muell-\u201edass.jpg","datePublished":"2022-05-24T02:30:00+00:00","dateModified":"2022-05-24T02:30:00+00:00","breadcrumb":{"@id":"https:\/\/now-news.de\/de\/usa\/klaus-schwab-vom-weltwirtschaftsforum-in-davos-propagiert-elitaeren-muell-dass-wir-alle-als-interessengruppen-groesserer-gemeinschaften-auftreten\/#breadcrumb"},"inLanguage":"de","potentialAction":[{"@type":"ReadAction","target":["https:\/\/now-news.de\/de\/usa\/klaus-schwab-vom-weltwirtschaftsforum-in-davos-propagiert-elitaeren-muell-dass-wir-alle-als-interessengruppen-groesserer-gemeinschaften-auftreten\/"]}]},{"@type":"ImageObject","inLanguage":"de","@id":"https:\/\/now-news.de\/de\/usa\/klaus-schwab-vom-weltwirtschaftsforum-in-davos-propagiert-elitaeren-muell-dass-wir-alle-als-interessengruppen-groesserer-gemeinschaften-auftreten\/#primaryimage","url":"https:\/\/now-news.de\/de\/wp-content\/uploads\/sites\/3\/2022\/05\/Klaus-Schwab-vom-Weltwirtschaftsforum-in-Davos-propagiert-elitaeren-Muell-\u201edass.jpg","contentUrl":"https:\/\/now-news.de\/de\/wp-content\/uploads\/sites\/3\/2022\/05\/Klaus-Schwab-vom-Weltwirtschaftsforum-in-Davos-propagiert-elitaeren-Muell-\u201edass.jpg","width":812,"height":457},{"@type":"BreadcrumbList","@id":"https:\/\/now-news.de\/de\/usa\/klaus-schwab-vom-weltwirtschaftsforum-in-davos-propagiert-elitaeren-muell-dass-wir-alle-als-interessengruppen-groesserer-gemeinschaften-auftreten\/#breadcrumb","itemListElement":[{"@type":"ListItem","position":1,"name":"Home","item":"https:\/\/now-news.de\/de\/"},{"@type":"ListItem","position":2,"name":"Klaus Schwab vom Weltwirtschaftsforum in Davos propagiert elit\u00e4ren M\u00fcll, \u201edass wir alle als Interessengruppen gr\u00f6\u00dferer Gemeinschaften auftreten\u201c"}]},{"@type":"WebSite","@id":"https:\/\/now-news.de\/de\/#website","url":"https:\/\/now-news.de\/de\/","name":"just-now.NEWS Deutschland","description":"Das Portal f\u00fcr unzensierte Nachrichten aus der Welt","publisher":{"@id":"https:\/\/now-news.de\/de\/#organization"},"potentialAction":[{"@type":"SearchAction","target":{"@type":"EntryPoint","urlTemplate":"https:\/\/now-news.de\/de\/?s={search_term_string}"},"query-input":"required name=search_term_string"}],"inLanguage":"de"},{"@type":"Organization","@id":"https:\/\/now-news.de\/de\/#organization","name":"Just Now News","url":"https:\/\/now-news.de\/de\/","logo":{"@type":"ImageObject","inLanguage":"de","@id":"https:\/\/now-news.de\/de\/#\/schema\/logo\/image\/","url":"http:\/\/just-now.news\/de\/wp-content\/uploads\/sites\/3\/2022\/04\/logo500x500.jpg","contentUrl":"http:\/\/just-now.news\/de\/wp-content\/uploads\/sites\/3\/2022\/04\/logo500x500.jpg","width":500,"height":500,"caption":"Just Now News"},"image":{"@id":"https:\/\/now-news.de\/de\/#\/schema\/logo\/image\/"},"sameAs":["https:\/\/www.facebook.com\/wirmachenauf","https:\/\/x.com\/WirMachenAuf_de"]},{"@type":"Person","@id":"https:\/\/now-news.de\/de\/#\/schema\/person\/8afb4cd92b68572db7902c13a349ffcb","name":"greatreset","image":{"@type":"ImageObject","inLanguage":"de","@id":"https:\/\/now-news.de\/de\/#\/schema\/person\/image\/","url":"https:\/\/secure.gravatar.com\/avatar\/a088df625d49991c090e78c8b9542592?s=96&d=mm&r=g","contentUrl":"https:\/\/secure.gravatar.com\/avatar\/a088df625d49991c090e78c8b9542592?s=96&d=mm&r=g","caption":"greatreset"},"url":"https:\/\/now-news.de\/de\/author\/greatreset\/"}]}},"_links":{"self":[{"href":"https:\/\/now-news.de\/de\/wp-json\/wp\/v2\/posts\/8668"}],"collection":[{"href":"https:\/\/now-news.de\/de\/wp-json\/wp\/v2\/posts"}],"about":[{"href":"https:\/\/now-news.de\/de\/wp-json\/wp\/v2\/types\/post"}],"author":[{"embeddable":true,"href":"https:\/\/now-news.de\/de\/wp-json\/wp\/v2\/users\/5"}],"replies":[{"embeddable":true,"href":"https:\/\/now-news.de\/de\/wp-json\/wp\/v2\/comments?post=8668"}],"version-history":[{"count":0,"href":"https:\/\/now-news.de\/de\/wp-json\/wp\/v2\/posts\/8668\/revisions"}],"wp:featuredmedia":[{"embeddable":true,"href":"https:\/\/now-news.de\/de\/wp-json\/wp\/v2\/media\/8669"}],"wp:attachment":[{"href":"https:\/\/now-news.de\/de\/wp-json\/wp\/v2\/media?parent=8668"}],"wp:term":[{"taxonomy":"category","embeddable":true,"href":"https:\/\/now-news.de\/de\/wp-json\/wp\/v2\/categories?post=8668"},{"taxonomy":"post_tag","embeddable":true,"href":"https:\/\/now-news.de\/de\/wp-json\/wp\/v2\/tags?post=8668"}],"curies":[{"name":"wp","href":"https:\/\/api.w.org\/{rel}","templated":true}]}}