{"id":86654,"date":"2025-07-05T20:00:20","date_gmt":"2025-07-05T18:00:20","guid":{"rendered":"https:\/\/now-news.de\/de\/deutschland\/stromsteuerbremse-nur-fuers-kapital-und-propaganda-fuers-volk\/"},"modified":"2025-07-05T20:00:20","modified_gmt":"2025-07-05T18:00:20","slug":"stromsteuerbremse-nur-fuers-kapital-und-propaganda-fuers-volk","status":"publish","type":"post","link":"https:\/\/now-news.de\/de\/deutschland\/stromsteuerbremse-nur-fuers-kapital-und-propaganda-fuers-volk\/","title":{"rendered":"Stromsteuerbremse nur f\u00fcrs Kapital \u2013 und Propaganda f\u00fcrs Volk"},"content":{"rendered":"<p><img decoding=\"async\" src=\"https:\/\/now-news.de\/de\/wp-content\/uploads\/sites\/3\/2025\/07\/6866efb6b480cc3a13044483.jpg\" \/><\/p>\n<div class=\"Text-root Text-type_1 \">\n                Die GroKo hat entschieden: Die Stromsteuer sinkt \u2013 aber nur f\u00fcrs Kapital. Die &#8220;kleinen Leute&#8221; sollen weiter blechen, den S\u00fcndenbock daf\u00fcr liefern Politik und Medien gleich mit: B\u00fcrgergeldbezieher, von denen man nicht so viel umverteilen k\u00f6nne. Milliarden f\u00fcr Konzerne sind hingegen immer da.\n            <\/div>\n<p><\/p>\n<div class=\"Text-root Text-type_5 ArticleView-text ViewText-root \">\n<p><strong><\/strong><em>Von Susan Bonath<\/em><\/p>\n<p>F\u00fcr R\u00fcstung, Krieg und Konzernsubventionen sitzen die Milliarden bekanntlich locker. Auch f\u00fcrs Bespitzeln von B\u00fcrgergeldbeziehern scheint dem deutschen Staat das Geld und Personal nie auszugehen. Superreiche Steuerbetr\u00fcger genie\u00dfen hingegen fortgesetzten Schutz. Bis zu 200\u00a0Milliarden Euro j\u00e4hrlich l\u00e4sst der Staat sich laut einer <a rel=\"nofollow noopener\" target=\"_blank\" href=\"https:\/\/www.fr.de\/wirtschaft\/report-entlarvt-deutschlands-wahre-sozialschmarotzer-nehmen-den-staat-auf-allen-ebenen-aus-zr-93691262.html\">aktuellen Sch\u00e4tzung<\/a> so bereitwillig durch die Lappen gehen.\u00a0Unter Bundeskanzler Friedrich (BlackRock) Merz (CDU) soll das so bleiben.<\/p>\n<p>F\u00fcr Arbeitslose und Aufstocker wird es unterdessen immer h\u00e4rter. Die Pl\u00e4ne der Gro\u00dfen Koalition (GroKo) aus CDU, CSU und SPD reichen von einer weiteren &#8220;Nullrunde&#8221; trotz starker Inflation, die also eine K\u00fcrzung ist, bis hin zur totalen Hilfeverweigerung beim geringsten Ungehorsam. Das auf diese unsoziale Weise eingesparte Geld, so der urspr\u00fcngliche Plan, sollte eine auf 5,4\u00a0Milliarden Euro gesch\u00e4tzte Haushaltsl\u00fccke auff\u00fcllen, die eine versprochene Stromsteuerentlastung f\u00fcr private Haushalte im Bundesetat hinterlie\u00dfe.<\/p>\n<p>Doch Pech gehabt: F\u00fcr eine solche Einsparsumme ist das B\u00fcrgergeld zu mickrig, die GroKo lie\u00df <a rel=\"nofollow noopener\" target=\"_blank\" href=\"https:\/\/www.tagesschau.de\/inland\/innenpolitik\/stromsteuer-senkung-koalitionsausschuss-cdu-csu-spd-100.html\">ihr Versprechen sausen<\/a> und die &#8220;kleinen Leute&#8221; wieder einmal h\u00e4ngen.\u00a0Wie erwartet, sollen nun doch nur gro\u00dfe Konzerne von der steuerlichen Wohltat profitieren, denn Geld f\u00fcrs Kapital ist schlie\u00dflich immer da. F\u00fcr die restliche Bev\u00f6lkerung haben Politik und Medien stattdessen einen altbekannten S\u00fcndenbock aufgeblasen: die B\u00fcrgergeldbezieher.<\/p>\n<p><strong>Im Dienst des Kapitals<\/strong><\/p>\n<p>Um die Chronologie verk\u00fcrzt zusammenzufassen: Weil die deutsche F\u00fchrung sich im Krieg gegen Russland w\u00e4hnt und deshalb billige Energie blockiert, leidet insbesondere der \u00e4rmere Teil der Bev\u00f6lkerung seit drei Jahren unter horrenden Strom- und Heizkosten. Entsprechend ist nat\u00fcrlich auch der Steueranteil gestiegen. Diesen versprach die Bundesregierung zu d\u00e4mpfen. Sie h\u00e4tte damit zwar nicht den Strompreis selbst, aber den in der Rechnung aufgeschlagenen Steueranteil ged\u00e4mpft. Das h\u00e4tte, je nach Haushaltsgr\u00f6\u00dfe und -ausstattung, f\u00fcr die meisten zumindest ein paar Euro plus pro Monat eingebracht.<\/p>\n<p>F\u00fcr die ohnehin schon beg\u00fcnstigten gro\u00dfen, energieintensiven Unternehmen wird die Ersparnis ungleich h\u00f6her sein, da sie viel mehr Strom verbrauchen. Ihnen galt von Anfang an die gr\u00f6\u00dfte Sorge der Regierung. Denn Gro\u00dfkonzerne drohen schnell mal mit der Flucht in g\u00fcnstigere Kosten- und Ausbeutungsgefilde. Diese Macht hat ein Arbeiter im Niedriglohnsektor nat\u00fcrlich nicht, dies nicht nur, weil ihm das Geld fehlt, sondern weil er ersetzbar ist\u00a0\u2013 anders als Tausende Arbeitspl\u00e4tze.<\/p>\n<p>B\u00f6se Zungen behaupten ja seit Langem, die deutsche Regierung stehe stets im Dienst des Kapitals, w\u00e4hrend sie Rentner verarmen, die Bahn verfallen und Krankenh\u00e4user schlie\u00dfen l\u00e4sst. Objektiv l\u00e4sst sich das nicht mal negieren. Da gilt es dann, den Schein zu wahren. In diese Kategorie f\u00e4llt das Stromsteuer-Versprechen: gro\u00dfe T\u00f6ne f\u00fcr mickrige Auswirkungen, die letztlich doch &#8220;zu teuer&#8221; seien\u00a0\u2013 nat\u00fcrlich wegen der Erwerbslosen. Da die Gewerkschaften auch hier versagen, haben die Lohnabh\u00e4ngigen dagegen keine Lobby. Gegen\u00fcber den Industrieverb\u00e4nden w\u00fcrde die GroKo das niemals wagen.<\/p>\n<p><strong>S\u00fcndenb\u00f6cke<\/strong><\/p>\n<p>Dass das abgezockte Arbeitsvolk frustriert ist, wissen Regierende und Medien freilich trotzdem. Hier halten sie es wie immer, ein S\u00fcndenbock muss her: der &#8220;faule&#8221; Arbeitslose. Die Erz\u00e4hlung geht in etwa so: Liebes Volk, wir wollten ja eure Stromkosten senken. Aber das geht leider nicht, weil das B\u00fcrgergeld so teuer ist und wir leider diese &#8220;Faulpelze&#8221; nicht verhungern lassen d\u00fcrfen. Beschwert euch doch bei denen. Die Motivation ist eindeutig: Um von der eigenen asozialen Politik abzulenken, hetzt man jene, die gleicherma\u00dfen am schlimmsten von hohen Strompreisen betroffen sind, gegeneinander auf\u00a0\u2013 Besch\u00e4ftigte gegen Arbeitslose.<\/p>\n<p>Der Axel-Springer-Verlag, der seit Jahrzehnten f\u00fcr Hetzkampagnen gegen \u00e4rmere Minderheiten bekannt ist, hatte vorneweg zur &#8220;Schlacht&#8221; geblasen: Das B\u00fcrgergeld werde gek\u00fcrzt, um die Stromsteuer zu senken, <a rel=\"nofollow noopener\" target=\"_blank\" href=\"https:\/\/www.welt.de\/politik\/deutschland\/video256326794\/streit-in-der-koalition-wird-das-buergergeld-gekuerzt-um-die-stromsteuer-zu-senken.html\">suggerierte<\/a> sein Blatt <em>Die Welt<\/em> vor ein paar Tagen.\u00a0Kurz vor der Entscheidung des Koalitionsausschusses, das Vorhaben doch wieder abzublasen, legte die Gazette nach und verbreitete das bekannte M\u00e4rchen von einem angeblich &#8220;<a rel=\"nofollow noopener\" target=\"_blank\" href=\"https:\/\/www.welt.de\/debatte\/plus256334272\/Buergergeld-Arbeitsministerin-Bas-laesst-den-Sozialstaat-weiter-wuchern.html\">wuchernden Sozialstaat<\/a>&#8220;.<\/p>\n<p>Diese Erz\u00e4hlung vom &#8220;explodierenden Sozialstaat&#8221; ist ein alter Propagandahut, den das Regime regelm\u00e4\u00dfig hervorholt, um abgezockte Besch\u00e4ftigte gegen verarmte Erwerbslose und Aufstocker aufzustacheln. So will es den fortgesetzten Sozialabbau legitimieren. Die Regierung ben\u00f6tigt daf\u00fcr ein gewisses Ma\u00df an Zustimmung auch von jenen, gegen die sich das am Ende richtet. Denn K\u00fcrzungen beim B\u00fcrgergeld, die weiterhin auf der Agenda stehen, schw\u00e4chen gewaltig die Verhandlungspositionen von Arbeitsplatzbesitzern.<\/p>\n<p><strong>Teure Schikane-B\u00fcrokratie<\/strong><\/p>\n<p>Nun ist es tats\u00e4chlich so, dass der Bundesetat f\u00fcr Soziales w\u00e4chst, <a rel=\"nofollow noopener\" target=\"_blank\" href=\"https:\/\/www.bundestag.de\/dokumente\/textarchiv\/2025\/kw28-de-einbringung-1094192\">laut Plan<\/a> von knapp 176\u00a0Milliarden Euro im vergangenen Jahr auf gut 190\u00a0Milliarden Euro in diesem Jahr, also um rund acht Prozent. Daf\u00fcr sorgen allerdings vor allem die Rentenzusch\u00fcsse, weil die deutsche Gesellschaft altert.<\/p>\n<p>Die Gesamtausgaben f\u00fcr das B\u00fcrgergeld sollen demnach von rund 47 auf 52\u00a0Milliarden Euro steigen. Ein beachtlicher Teil davon geht allerdings f\u00fcr die ausufernde B\u00fcrokratie drauf, die ein Verfolgungs- und Sanktionsregime ben\u00f6tigt. Wie <a rel=\"nofollow noopener\" target=\"_blank\" href=\"https:\/\/de.statista.com\/statistik\/daten\/studie\/1449979\/umfrage\/bundesausgaben-fuer-arbeitslosengeld-ii-hartz-iv-buergergeld\/\">statistische Daten<\/a> zeigen, gab der Bund f\u00fcr die reinen B\u00fcrgergeldleistungen im vergangenen Jahr 26,5\u00a0Milliarden Euro aus, dazu kamen Mietbeihilfen in H\u00f6he von gut elf Milliarden Euro.<\/p>\n<p><strong>Immobilienhaie kassieren Mietzusch\u00fcsse<\/strong><\/p>\n<p>Die Ausgaben f\u00fcr direkte Leistungen sollen von knapp 38 auf etwa 42\u00a0Milliarden Euro angehoben werden. Das liegt jedoch nicht an den B\u00fcrgergeldbeziehern\u00a0\u2013 nach Regierungswillen sollen diese im kommenden Jahr trotz Teuerung eine zweite &#8220;Nullrunde&#8221; durchlaufen, was einer realen K\u00fcrzung gleichkommt\u00a0\u2013, sondern vor allem an den Wuchermieten und horrenden Heizkosten. Die gestiegenen Stromkosten m\u00fcssen Betroffene \u00fcbrigens aus ihrem Regelsatz bezahlen.<\/p>\n<p>&#8220;Das Amt zahlt, Vonovia kassiert&#8221;,\u00a0<a rel=\"nofollow noopener\" target=\"_blank\" href=\"https:\/\/www.zeit.de\/2025\/28\/kosten-unterkunft-wohngeld-wohnungsmarkt-miete-vonovia\">titelte<\/a>\u00a0<em>Die Zeit<\/em> am Mittwoch.\u00a0Auch wenn der Zusatz fehlt, dass Jobcenter keineswegs immer die ganze Miete zahlen, weil die Obergrenzen niedriger sind als die realen Kosten: Dass nicht die B\u00fcrgergeldbezieher, sondern Immobilienkonzerne die zwangsl\u00e4ufig wachsenden Mietbeihilfen kassieren, ist Fakt. Auch auf diese Weise begl\u00fcckt die Bundesregierung profitierende Gro\u00dfkonzerne.<\/p>\n<p><strong>Mehr Inflation als B\u00fcrgergeld<\/strong><\/p>\n<p>Betrachtet man die <a rel=\"nofollow noopener\" target=\"_blank\" href=\"https:\/\/www.finanz-tools.de\/inflation\/inflationsraten-deutschland\">Inflationsdaten<\/a>, sind die Verbraucherpreise allein seit 2021 um 18\u00a0Prozent gestiegen.\u00a0Das umfasst allerdings auch Luxusg\u00fcter, die Arbeitslose gar nicht erwerben k\u00f6nnen. Der Anstieg der <a rel=\"nofollow noopener\" target=\"_blank\" href=\"https:\/\/de.statista.com\/themen\/8554\/lebensmittelpreise\/\">Lebensmittelpreise<\/a> betrug zwischen 2020 und 2024 sogar fast 33\u00a0Prozent.\u00a0Im selben Zeitraum kletterten die B\u00fcrgergeldleistungen um etwa 17\u00a0Prozent.<\/p>\n<p>Das hei\u00dft: Arbeitslose sind in den letzten Jahren tats\u00e4chlich \u00e4rmer geworden, weil die Lebenshaltungskosten viel st\u00e4rker in die H\u00f6he schossen als die Regels\u00e4tze. In Wahrheit schrumpfen die B\u00fcrgergeld-Ausgaben also\u00a0\u2013 doch mit ihrem Trick, die Teuerung zu ignorieren, sind Politiker und Medien immer wieder sehr erfolgreich.<\/p>\n<p><strong>Imperialismus und Obsession<\/strong><\/p>\n<p>Zur\u00fcck zur Stromsteuer: W\u00fcrde die Bundesregierung von ihrer Obsession ablassen, Russland im imperialistischen Machtgerangel &#8220;besiegen&#8221; und dem Westen unterwerfen zu wollen; w\u00fcrde sie k\u00fcnftig auf Kooperation anstatt immer neue Sanktionspakete zulasten der Masse im eigenen Land setzen, g\u00e4be es das Problem mit \u00fcberh\u00f6hten Strom- und Energiepreisen in diesem Umfang gar nicht.<\/p>\n<p>Aber um das Wohl der Masse geht es Imperialisten nie. Die Masse soll nur m\u00f6glichst ruhig bleiben, w\u00e4hrend die Regierenden ihr die Kosten f\u00fcr das Profit- und Machtgerangel aufb\u00fcrden. Zuckerbrot und Peitsche, leere Versprechen und die Kreation von S\u00fcndenb\u00f6cken, ein paar M\u00e4rchen von explodierenden Sozialkosten und einer nie dagewesenen &#8220;Sozialpartnerschaft&#8221; zwischen Kapital und Arbeit dazugepackt: Damit versucht es auch die Bundesregierung immer wieder aufs Neue. Teilen und Herrschen ist angesagt\u00a0\u2013 wie immer also.<\/p>\n<p><strong>Mehr zum Thema<\/strong>\u00a0\u2013 <a rel=\"nofollow noopener\" target=\"_blank\" href=\"https:\/\/freedert.online\/inland\/249701-koalitionsausschuss-versprochene-senkung-stromsteuer-faellt\/\">Koalitionsausschuss: Versprochene Senkung der Stromsteuer f\u00e4llt aus<\/a><\/p>\n<div class=\"EmbedBlock-root EmbedBlock-externalVideo EmbedBlock-rumble\">\n<div class=\"VkEmbed\"><iframe class=\"lazyload\" data-src=\"https:\/\/rumble.com\/embed\/v6se5az\" frameborder=\"0\" width=\"853\" height=\"480\" allowfullscreen><\/iframe><\/div>\n<\/div>\n<\/div>\n<p><br \/>\n<br \/><a href=\"https:\/\/de.rt.com\/meinung\/249756-stromsteuerbremse-nur-fuers-kapital-und-propaganda-fuers-volk\/\">Source link <\/a><\/p>\n","protected":false},"excerpt":{"rendered":"<p>Die GroKo hat entschieden: Die Stromsteuer sinkt \u2013 aber nur f\u00fcrs Kapital. Die &#8220;kleinen Leute&#8221; sollen weiter blechen, den S\u00fcndenbock daf\u00fcr liefern Politik und Medien gleich mit: B\u00fcrgergeldbezieher, von denen man nicht so viel umverteilen k\u00f6nne. Milliarden f\u00fcr Konzerne sind hingegen immer da. Von Susan Bonath F\u00fcr R\u00fcstung, Krieg und Konzernsubventionen sitzen die Milliarden bekanntlich [&hellip;]<\/p>\n","protected":false},"author":3,"featured_media":86655,"comment_status":"open","ping_status":"open","sticky":false,"template":"","format":"standard","meta":{"_yoast_indexnow_last_ping":["1751738799"],"wp_automatic_camp":["217"],"fa389022812434a2c2139a44c69d9eee":["Stromsteuerbremse nur f\u00fcrs Kapital \u2013 und Propaganda f\u00fcrs Volk"],"original_link":["https:\/\/de.rt.com\/meinung\/249756-stromsteuerbremse-nur-fuers-kapital-und-propaganda-fuers-volk\/"],"_thumbnail_id":["86655"],"_wptgpro_p2tg_sent2tg":["a:1:{i:23737;s:19:\"2025-07-05 20:07:50\";}"],"jnews_social_counter_last_update":["1777267501"]},"categories":[19,23],"tags":[34754,11069,4230,498,66129,140,8952],"yoast_head":"<!-- This site is optimized with the Yoast SEO Premium plugin v22.7 (Yoast SEO v22.7) - https:\/\/yoast.com\/wordpress\/plugins\/seo\/ -->\n<title>Stromsteuerbremse nur f\u00fcrs Kapital \u2013 und Propaganda f\u00fcrs Volk - just-now.NEWS Deutschland<\/title>\n<meta name=\"robots\" content=\"index, follow, max-snippet:-1, max-image-preview:large, max-video-preview:-1\" \/>\n<link rel=\"canonical\" href=\"https:\/\/now-news.de\/de\/deutschland\/stromsteuerbremse-nur-fuers-kapital-und-propaganda-fuers-volk\/\" \/>\n<meta property=\"og:locale\" content=\"de_DE\" \/>\n<meta property=\"og:type\" content=\"article\" \/>\n<meta property=\"og:title\" content=\"Stromsteuerbremse nur f\u00fcrs Kapital \u2013 und Propaganda f\u00fcrs Volk\" \/>\n<meta property=\"og:description\" content=\"Die GroKo hat entschieden: Die Stromsteuer sinkt \u2013 aber nur f\u00fcrs Kapital. Die &#8220;kleinen Leute&#8221; sollen weiter blechen, den S\u00fcndenbock daf\u00fcr liefern Politik und Medien gleich mit: B\u00fcrgergeldbezieher, von denen man nicht so viel umverteilen k\u00f6nne. Milliarden f\u00fcr Konzerne sind hingegen immer da. Von Susan Bonath F\u00fcr R\u00fcstung, Krieg und Konzernsubventionen sitzen die Milliarden bekanntlich [&hellip;]\" \/>\n<meta property=\"og:url\" content=\"https:\/\/now-news.de\/de\/deutschland\/stromsteuerbremse-nur-fuers-kapital-und-propaganda-fuers-volk\/\" \/>\n<meta property=\"og:site_name\" content=\"just-now.NEWS Deutschland\" \/>\n<meta property=\"article:publisher\" content=\"https:\/\/www.facebook.com\/wirmachenauf\" \/>\n<meta property=\"article:published_time\" content=\"2025-07-05T18:00:20+00:00\" \/>\n<meta property=\"og:image\" content=\"https:\/\/now-news.de\/de\/wp-content\/uploads\/sites\/3\/2025\/07\/6866efb6b480cc3a13044483.jpg\" \/>\n<meta name=\"author\" content=\"rtnews\" \/>\n<meta name=\"twitter:card\" content=\"summary_large_image\" \/>\n<meta name=\"twitter:creator\" content=\"@WirMachenAuf_de\" \/>\n<meta name=\"twitter:site\" content=\"@WirMachenAuf_de\" \/>\n<meta name=\"twitter:label1\" content=\"Verfasst von\" \/>\n\t<meta name=\"twitter:data1\" content=\"rtnews\" \/>\n\t<meta name=\"twitter:label2\" content=\"Gesch\u00e4tzte Lesezeit\" \/>\n\t<meta name=\"twitter:data2\" content=\"6\u00a0Minuten\" \/>\n<script type=\"application\/ld+json\" class=\"yoast-schema-graph\">{\"@context\":\"https:\/\/schema.org\",\"@graph\":[{\"@type\":\"Article\",\"@id\":\"https:\/\/now-news.de\/de\/deutschland\/stromsteuerbremse-nur-fuers-kapital-und-propaganda-fuers-volk\/#article\",\"isPartOf\":{\"@id\":\"https:\/\/now-news.de\/de\/deutschland\/stromsteuerbremse-nur-fuers-kapital-und-propaganda-fuers-volk\/\"},\"author\":{\"name\":\"rtnews\",\"@id\":\"https:\/\/now-news.de\/de\/#\/schema\/person\/fb534a4e865501d8b3285208df34a9b5\"},\"headline\":\"Stromsteuerbremse nur f\u00fcrs Kapital \u2013 und Propaganda f\u00fcrs Volk\",\"datePublished\":\"2025-07-05T18:00:20+00:00\",\"dateModified\":\"2025-07-05T18:00:20+00:00\",\"mainEntityOfPage\":{\"@id\":\"https:\/\/now-news.de\/de\/deutschland\/stromsteuerbremse-nur-fuers-kapital-und-propaganda-fuers-volk\/\"},\"wordCount\":1289,\"commentCount\":0,\"publisher\":{\"@id\":\"https:\/\/now-news.de\/de\/#organization\"},\"image\":{\"@id\":\"https:\/\/now-news.de\/de\/deutschland\/stromsteuerbremse-nur-fuers-kapital-und-propaganda-fuers-volk\/#primaryimage\"},\"thumbnailUrl\":\"https:\/\/now-news.de\/de\/wp-content\/uploads\/sites\/3\/2025\/07\/Stromsteuerbremse-nur-fuers-Kapital-\u2013-und-Propaganda-fuers-Volk.jpg\",\"keywords\":[\"f\u00fcrs\",\"Kapita\u0142\",\"NUR\",\"Propaganda\",\"Stromsteuerbremse\",\"und\",\"volk\"],\"articleSection\":[\"Deutschland\",\"Russland\"],\"inLanguage\":\"de\",\"potentialAction\":[{\"@type\":\"CommentAction\",\"name\":\"Comment\",\"target\":[\"https:\/\/now-news.de\/de\/deutschland\/stromsteuerbremse-nur-fuers-kapital-und-propaganda-fuers-volk\/#respond\"]}]},{\"@type\":\"WebPage\",\"@id\":\"https:\/\/now-news.de\/de\/deutschland\/stromsteuerbremse-nur-fuers-kapital-und-propaganda-fuers-volk\/\",\"url\":\"https:\/\/now-news.de\/de\/deutschland\/stromsteuerbremse-nur-fuers-kapital-und-propaganda-fuers-volk\/\",\"name\":\"Stromsteuerbremse nur f\u00fcrs Kapital \u2013 und Propaganda f\u00fcrs Volk - just-now.NEWS Deutschland\",\"isPartOf\":{\"@id\":\"https:\/\/now-news.de\/de\/#website\"},\"primaryImageOfPage\":{\"@id\":\"https:\/\/now-news.de\/de\/deutschland\/stromsteuerbremse-nur-fuers-kapital-und-propaganda-fuers-volk\/#primaryimage\"},\"image\":{\"@id\":\"https:\/\/now-news.de\/de\/deutschland\/stromsteuerbremse-nur-fuers-kapital-und-propaganda-fuers-volk\/#primaryimage\"},\"thumbnailUrl\":\"https:\/\/now-news.de\/de\/wp-content\/uploads\/sites\/3\/2025\/07\/Stromsteuerbremse-nur-fuers-Kapital-\u2013-und-Propaganda-fuers-Volk.jpg\",\"datePublished\":\"2025-07-05T18:00:20+00:00\",\"dateModified\":\"2025-07-05T18:00:20+00:00\",\"breadcrumb\":{\"@id\":\"https:\/\/now-news.de\/de\/deutschland\/stromsteuerbremse-nur-fuers-kapital-und-propaganda-fuers-volk\/#breadcrumb\"},\"inLanguage\":\"de\",\"potentialAction\":[{\"@type\":\"ReadAction\",\"target\":[\"https:\/\/now-news.de\/de\/deutschland\/stromsteuerbremse-nur-fuers-kapital-und-propaganda-fuers-volk\/\"]}]},{\"@type\":\"ImageObject\",\"inLanguage\":\"de\",\"@id\":\"https:\/\/now-news.de\/de\/deutschland\/stromsteuerbremse-nur-fuers-kapital-und-propaganda-fuers-volk\/#primaryimage\",\"url\":\"https:\/\/now-news.de\/de\/wp-content\/uploads\/sites\/3\/2025\/07\/Stromsteuerbremse-nur-fuers-Kapital-\u2013-und-Propaganda-fuers-Volk.jpg\",\"contentUrl\":\"https:\/\/now-news.de\/de\/wp-content\/uploads\/sites\/3\/2025\/07\/Stromsteuerbremse-nur-fuers-Kapital-\u2013-und-Propaganda-fuers-Volk.jpg\",\"width\":460,\"height\":259,\"caption\":\"Stromsteuerbremse nur f\u00fcrs Kapital \u2013 und Propaganda f\u00fcrs Volk\"},{\"@type\":\"BreadcrumbList\",\"@id\":\"https:\/\/now-news.de\/de\/deutschland\/stromsteuerbremse-nur-fuers-kapital-und-propaganda-fuers-volk\/#breadcrumb\",\"itemListElement\":[{\"@type\":\"ListItem\",\"position\":1,\"name\":\"Home\",\"item\":\"https:\/\/now-news.de\/de\/\"},{\"@type\":\"ListItem\",\"position\":2,\"name\":\"Stromsteuerbremse nur f\u00fcrs Kapital \u2013 und Propaganda f\u00fcrs Volk\"}]},{\"@type\":\"WebSite\",\"@id\":\"https:\/\/now-news.de\/de\/#website\",\"url\":\"https:\/\/now-news.de\/de\/\",\"name\":\"just-now.NEWS Deutschland\",\"description\":\"Das Portal f\u00fcr unzensierte Nachrichten aus der Welt\",\"publisher\":{\"@id\":\"https:\/\/now-news.de\/de\/#organization\"},\"potentialAction\":[{\"@type\":\"SearchAction\",\"target\":{\"@type\":\"EntryPoint\",\"urlTemplate\":\"https:\/\/now-news.de\/de\/?s={search_term_string}\"},\"query-input\":\"required name=search_term_string\"}],\"inLanguage\":\"de\"},{\"@type\":\"Organization\",\"@id\":\"https:\/\/now-news.de\/de\/#organization\",\"name\":\"Just Now News\",\"url\":\"https:\/\/now-news.de\/de\/\",\"logo\":{\"@type\":\"ImageObject\",\"inLanguage\":\"de\",\"@id\":\"https:\/\/now-news.de\/de\/#\/schema\/logo\/image\/\",\"url\":\"http:\/\/just-now.news\/de\/wp-content\/uploads\/sites\/3\/2022\/04\/logo500x500.jpg\",\"contentUrl\":\"http:\/\/just-now.news\/de\/wp-content\/uploads\/sites\/3\/2022\/04\/logo500x500.jpg\",\"width\":500,\"height\":500,\"caption\":\"Just Now News\"},\"image\":{\"@id\":\"https:\/\/now-news.de\/de\/#\/schema\/logo\/image\/\"},\"sameAs\":[\"https:\/\/www.facebook.com\/wirmachenauf\",\"https:\/\/x.com\/WirMachenAuf_de\"]},{\"@type\":\"Person\",\"@id\":\"https:\/\/now-news.de\/de\/#\/schema\/person\/fb534a4e865501d8b3285208df34a9b5\",\"name\":\"rtnews\",\"image\":{\"@type\":\"ImageObject\",\"inLanguage\":\"de\",\"@id\":\"https:\/\/now-news.de\/de\/#\/schema\/person\/image\/\",\"url\":\"https:\/\/secure.gravatar.com\/avatar\/82aafea7d8127119dd649515f56e2117?s=96&d=mm&r=g\",\"contentUrl\":\"https:\/\/secure.gravatar.com\/avatar\/82aafea7d8127119dd649515f56e2117?s=96&d=mm&r=g\",\"caption\":\"rtnews\"},\"url\":\"https:\/\/now-news.de\/de\/author\/rnews\/\"}]}<\/script>\n<!-- \/ Yoast SEO Premium plugin. -->","yoast_head_json":{"title":"Stromsteuerbremse nur f\u00fcrs Kapital \u2013 und Propaganda f\u00fcrs Volk - just-now.NEWS Deutschland","robots":{"index":"index","follow":"follow","max-snippet":"max-snippet:-1","max-image-preview":"max-image-preview:large","max-video-preview":"max-video-preview:-1"},"canonical":"https:\/\/now-news.de\/de\/deutschland\/stromsteuerbremse-nur-fuers-kapital-und-propaganda-fuers-volk\/","og_locale":"de_DE","og_type":"article","og_title":"Stromsteuerbremse nur f\u00fcrs Kapital \u2013 und Propaganda f\u00fcrs Volk","og_description":"Die GroKo hat entschieden: Die Stromsteuer sinkt \u2013 aber nur f\u00fcrs Kapital. Die &#8220;kleinen Leute&#8221; sollen weiter blechen, den S\u00fcndenbock daf\u00fcr liefern Politik und Medien gleich mit: B\u00fcrgergeldbezieher, von denen man nicht so viel umverteilen k\u00f6nne. Milliarden f\u00fcr Konzerne sind hingegen immer da. Von Susan Bonath F\u00fcr R\u00fcstung, Krieg und Konzernsubventionen sitzen die Milliarden bekanntlich [&hellip;]","og_url":"https:\/\/now-news.de\/de\/deutschland\/stromsteuerbremse-nur-fuers-kapital-und-propaganda-fuers-volk\/","og_site_name":"just-now.NEWS Deutschland","article_publisher":"https:\/\/www.facebook.com\/wirmachenauf","article_published_time":"2025-07-05T18:00:20+00:00","og_image":[{"url":"https:\/\/now-news.de\/de\/wp-content\/uploads\/sites\/3\/2025\/07\/6866efb6b480cc3a13044483.jpg"}],"author":"rtnews","twitter_card":"summary_large_image","twitter_creator":"@WirMachenAuf_de","twitter_site":"@WirMachenAuf_de","twitter_misc":{"Verfasst von":"rtnews","Gesch\u00e4tzte Lesezeit":"6\u00a0Minuten"},"schema":{"@context":"https:\/\/schema.org","@graph":[{"@type":"Article","@id":"https:\/\/now-news.de\/de\/deutschland\/stromsteuerbremse-nur-fuers-kapital-und-propaganda-fuers-volk\/#article","isPartOf":{"@id":"https:\/\/now-news.de\/de\/deutschland\/stromsteuerbremse-nur-fuers-kapital-und-propaganda-fuers-volk\/"},"author":{"name":"rtnews","@id":"https:\/\/now-news.de\/de\/#\/schema\/person\/fb534a4e865501d8b3285208df34a9b5"},"headline":"Stromsteuerbremse nur f\u00fcrs Kapital \u2013 und Propaganda f\u00fcrs Volk","datePublished":"2025-07-05T18:00:20+00:00","dateModified":"2025-07-05T18:00:20+00:00","mainEntityOfPage":{"@id":"https:\/\/now-news.de\/de\/deutschland\/stromsteuerbremse-nur-fuers-kapital-und-propaganda-fuers-volk\/"},"wordCount":1289,"commentCount":0,"publisher":{"@id":"https:\/\/now-news.de\/de\/#organization"},"image":{"@id":"https:\/\/now-news.de\/de\/deutschland\/stromsteuerbremse-nur-fuers-kapital-und-propaganda-fuers-volk\/#primaryimage"},"thumbnailUrl":"https:\/\/now-news.de\/de\/wp-content\/uploads\/sites\/3\/2025\/07\/Stromsteuerbremse-nur-fuers-Kapital-\u2013-und-Propaganda-fuers-Volk.jpg","keywords":["f\u00fcrs","Kapita\u0142","NUR","Propaganda","Stromsteuerbremse","und","volk"],"articleSection":["Deutschland","Russland"],"inLanguage":"de","potentialAction":[{"@type":"CommentAction","name":"Comment","target":["https:\/\/now-news.de\/de\/deutschland\/stromsteuerbremse-nur-fuers-kapital-und-propaganda-fuers-volk\/#respond"]}]},{"@type":"WebPage","@id":"https:\/\/now-news.de\/de\/deutschland\/stromsteuerbremse-nur-fuers-kapital-und-propaganda-fuers-volk\/","url":"https:\/\/now-news.de\/de\/deutschland\/stromsteuerbremse-nur-fuers-kapital-und-propaganda-fuers-volk\/","name":"Stromsteuerbremse nur f\u00fcrs Kapital \u2013 und Propaganda f\u00fcrs Volk - just-now.NEWS Deutschland","isPartOf":{"@id":"https:\/\/now-news.de\/de\/#website"},"primaryImageOfPage":{"@id":"https:\/\/now-news.de\/de\/deutschland\/stromsteuerbremse-nur-fuers-kapital-und-propaganda-fuers-volk\/#primaryimage"},"image":{"@id":"https:\/\/now-news.de\/de\/deutschland\/stromsteuerbremse-nur-fuers-kapital-und-propaganda-fuers-volk\/#primaryimage"},"thumbnailUrl":"https:\/\/now-news.de\/de\/wp-content\/uploads\/sites\/3\/2025\/07\/Stromsteuerbremse-nur-fuers-Kapital-\u2013-und-Propaganda-fuers-Volk.jpg","datePublished":"2025-07-05T18:00:20+00:00","dateModified":"2025-07-05T18:00:20+00:00","breadcrumb":{"@id":"https:\/\/now-news.de\/de\/deutschland\/stromsteuerbremse-nur-fuers-kapital-und-propaganda-fuers-volk\/#breadcrumb"},"inLanguage":"de","potentialAction":[{"@type":"ReadAction","target":["https:\/\/now-news.de\/de\/deutschland\/stromsteuerbremse-nur-fuers-kapital-und-propaganda-fuers-volk\/"]}]},{"@type":"ImageObject","inLanguage":"de","@id":"https:\/\/now-news.de\/de\/deutschland\/stromsteuerbremse-nur-fuers-kapital-und-propaganda-fuers-volk\/#primaryimage","url":"https:\/\/now-news.de\/de\/wp-content\/uploads\/sites\/3\/2025\/07\/Stromsteuerbremse-nur-fuers-Kapital-\u2013-und-Propaganda-fuers-Volk.jpg","contentUrl":"https:\/\/now-news.de\/de\/wp-content\/uploads\/sites\/3\/2025\/07\/Stromsteuerbremse-nur-fuers-Kapital-\u2013-und-Propaganda-fuers-Volk.jpg","width":460,"height":259,"caption":"Stromsteuerbremse nur f\u00fcrs Kapital \u2013 und Propaganda f\u00fcrs Volk"},{"@type":"BreadcrumbList","@id":"https:\/\/now-news.de\/de\/deutschland\/stromsteuerbremse-nur-fuers-kapital-und-propaganda-fuers-volk\/#breadcrumb","itemListElement":[{"@type":"ListItem","position":1,"name":"Home","item":"https:\/\/now-news.de\/de\/"},{"@type":"ListItem","position":2,"name":"Stromsteuerbremse nur f\u00fcrs Kapital \u2013 und Propaganda f\u00fcrs Volk"}]},{"@type":"WebSite","@id":"https:\/\/now-news.de\/de\/#website","url":"https:\/\/now-news.de\/de\/","name":"just-now.NEWS Deutschland","description":"Das Portal f\u00fcr unzensierte Nachrichten aus der Welt","publisher":{"@id":"https:\/\/now-news.de\/de\/#organization"},"potentialAction":[{"@type":"SearchAction","target":{"@type":"EntryPoint","urlTemplate":"https:\/\/now-news.de\/de\/?s={search_term_string}"},"query-input":"required name=search_term_string"}],"inLanguage":"de"},{"@type":"Organization","@id":"https:\/\/now-news.de\/de\/#organization","name":"Just Now News","url":"https:\/\/now-news.de\/de\/","logo":{"@type":"ImageObject","inLanguage":"de","@id":"https:\/\/now-news.de\/de\/#\/schema\/logo\/image\/","url":"http:\/\/just-now.news\/de\/wp-content\/uploads\/sites\/3\/2022\/04\/logo500x500.jpg","contentUrl":"http:\/\/just-now.news\/de\/wp-content\/uploads\/sites\/3\/2022\/04\/logo500x500.jpg","width":500,"height":500,"caption":"Just Now News"},"image":{"@id":"https:\/\/now-news.de\/de\/#\/schema\/logo\/image\/"},"sameAs":["https:\/\/www.facebook.com\/wirmachenauf","https:\/\/x.com\/WirMachenAuf_de"]},{"@type":"Person","@id":"https:\/\/now-news.de\/de\/#\/schema\/person\/fb534a4e865501d8b3285208df34a9b5","name":"rtnews","image":{"@type":"ImageObject","inLanguage":"de","@id":"https:\/\/now-news.de\/de\/#\/schema\/person\/image\/","url":"https:\/\/secure.gravatar.com\/avatar\/82aafea7d8127119dd649515f56e2117?s=96&d=mm&r=g","contentUrl":"https:\/\/secure.gravatar.com\/avatar\/82aafea7d8127119dd649515f56e2117?s=96&d=mm&r=g","caption":"rtnews"},"url":"https:\/\/now-news.de\/de\/author\/rnews\/"}]}},"_links":{"self":[{"href":"https:\/\/now-news.de\/de\/wp-json\/wp\/v2\/posts\/86654"}],"collection":[{"href":"https:\/\/now-news.de\/de\/wp-json\/wp\/v2\/posts"}],"about":[{"href":"https:\/\/now-news.de\/de\/wp-json\/wp\/v2\/types\/post"}],"author":[{"embeddable":true,"href":"https:\/\/now-news.de\/de\/wp-json\/wp\/v2\/users\/3"}],"replies":[{"embeddable":true,"href":"https:\/\/now-news.de\/de\/wp-json\/wp\/v2\/comments?post=86654"}],"version-history":[{"count":0,"href":"https:\/\/now-news.de\/de\/wp-json\/wp\/v2\/posts\/86654\/revisions"}],"wp:featuredmedia":[{"embeddable":true,"href":"https:\/\/now-news.de\/de\/wp-json\/wp\/v2\/media\/86655"}],"wp:attachment":[{"href":"https:\/\/now-news.de\/de\/wp-json\/wp\/v2\/media?parent=86654"}],"wp:term":[{"taxonomy":"category","embeddable":true,"href":"https:\/\/now-news.de\/de\/wp-json\/wp\/v2\/categories?post=86654"},{"taxonomy":"post_tag","embeddable":true,"href":"https:\/\/now-news.de\/de\/wp-json\/wp\/v2\/tags?post=86654"}],"curies":[{"name":"wp","href":"https:\/\/api.w.org\/{rel}","templated":true}]}}