{"id":86650,"date":"2025-07-05T18:26:08","date_gmt":"2025-07-05T16:26:08","guid":{"rendered":"https:\/\/now-news.de\/de\/deutschland\/euractiv-eu-plant-sanktionen-gegen-israel\/"},"modified":"2025-07-05T18:26:08","modified_gmt":"2025-07-05T16:26:08","slug":"euractiv-eu-plant-sanktionen-gegen-israel","status":"publish","type":"post","link":"https:\/\/now-news.de\/de\/deutschland\/euractiv-eu-plant-sanktionen-gegen-israel\/","title":{"rendered":"Euractiv: EU plant Sanktionen gegen Israel"},"content":{"rendered":"<p><img decoding=\"async\" src=\"https:\/\/now-news.de\/de\/wp-content\/uploads\/sites\/3\/2025\/07\/68693f1e48fbef7df5620639.jpg\" \/><\/p>\n<div class=\"Text-root Text-type_1 \">\n                Die Vorschl\u00e4ge sollen die Aufhebung von Handelsvertr\u00e4gen, ein Waffenembargo oder Sanktionen gegen israelische Minister, Soldaten und Siedler enthalten. Es ist aber unwahrscheinlich, dass die n\u00f6tige Einstimmigkeit erreicht wird.\n            <\/div>\n<p><\/p>\n<div class=\"Text-root Text-type_5 ArticleView-text ViewText-root \">\n<p>Die Europ\u00e4ische Union bereitet die Ver\u00f6ffentlichung einer Liste m\u00f6glicher Sanktionen gegen Israel vor, berichtet <em>Euractiv<\/em> am Samstag unter Berufung auf Quellen. Grund sollen Sorgen \u00fcber Menschenrechtsverletzungen bei den K\u00e4mpfen im Gazastreifen sein.<\/p>\n<p>Der diplomatische Dienst der EU soll am Mittwoch den EU-Botschaftern eine Liste m\u00f6glicher Optionen vorlegen. Darunter soll eine teilweise oder v\u00f6llige Aussetzung des Assoziationsabkommens der EU mit Israel, Sanktionen gegen Minister der israelischen Regierung, Milit\u00e4rvertreter und extremistische Siedler, Handelsbeschr\u00e4nkungen, ein Waffenembargo und die Aussetzung wissenschaftlicher Zusammenarbeit sein.<\/p>\n<p>Auch wenn die meisten dieser Ma\u00dfnahmen schon in der Vergangenheit informell im Gespr\u00e4ch waren, ist das das erste Mal, dass sie f\u00f6rmlich und schriftlich dargelegt werden, berichtet <em>Euractiv<\/em>. EU-Au\u00dfenminister sollen die Vorschl\u00e4ge am 15.\u00a0Juli \u00fcberarbeiten.<\/p>\n<p>Jeder Schritt zur Verh\u00e4ngung von Sanktionen gegen Israel br\u00e4uchte die einstimmige Unterst\u00fctzung aller 27 EU-Mitgliedsl\u00e4nder, was allgemein als unwahrscheinlich gilt. Ungarn hat Israel beispielsweise stetig unterst\u00fctzt und schon im letzten Jahr EU-Sanktionen gegen israelische Siedler blockiert.<\/p>\n<p>Laut <em>Euractiv<\/em> ist das Dokument die Folge einer internen \u00dcberpr\u00fcfung des Assoziationsabkommens durch die EU im letzten Monat, die &#8220;Hinweise eines Bruchs&#8221; der Menschenrechtsverpflichtungen Israels ergaben. Israel hat diese \u00dcberpr\u00fcfung scharf zur\u00fcckgewiesen. Sein Au\u00dfenminister Gideon Sa&#8217;ar erkl\u00e4rte, sie &#8220;sollte nicht ernst genommen werden&#8221;, und meinte, das Land befinde sich &#8220;in einem existenziellen Kampf, in dem es sich gegen die gemeinsamen Feinde des Westens verteidigt&#8221;.<\/p>\n<p>Ende Juni forderte der Europ\u00e4ische Rat eine sofortige Waffenruhe im Gazastreifen und warnte wegen &#8220;der inakzeptablen Zahl ziviler Opfer und des Ausma\u00dfes des Hungers&#8221;. Der Rat dr\u00e4ngte Israel au\u00dferdem, seine Blockade von Gaza aufzuheben, um humanit\u00e4re Hilfe hereinzulassen. Obwohl Israel behauptete, dies getan zu haben, berichteten zahllose Medien, vor Ort habe sich wenig ge\u00e4ndert.<\/p>\n<p>Derzeit gibt es keine Sanktionen der EU gegen Israel. In der Vergangenheit hat die EU jedoch bestimmte israelische Personen und Organisationen sanktioniert, vor allem jene, die sie als &#8220;extremistische&#8221; Siedler im Westjordanland bezeichnete, die in Gewalt gegen pal\u00e4stinensische Bewohner verwickelt sein sollen.<\/p>\n<p>Nachdem die Hamas 2023 einen \u00dcberraschungsangriff auf Israel unternommen hatte, erwiderte dieses mit einem Milit\u00e4reinsatz im\u00a0Gazastreifen, der zu nie dagewesener Zerst\u00f6rung f\u00fchrte. Nach offiziellen Zahlen wurden etwa 60.000 Pal\u00e4stinenser und 1.200 Israelis in den K\u00e4mpfen get\u00f6tet.<\/p>\n<p><strong>Mehr zum Thema \u2013\u00a0<\/strong><a rel=\"nofollow noopener\" target=\"_blank\" href=\"https:\/\/freedert.online\/meinung\/249519-hilfe-als-hinterhalt-grausame-neue\/\">Hilfe als Hinterhalt: Das grausame neue Gesicht von Israels Gaza-Krieg <\/a><\/p>\n<div class=\"EmbedBlock-root EmbedBlock-externalVideo EmbedBlock-rumble\">\n<div class=\"VkEmbed\"><iframe class=\"lazyload\" data-src=\"https:\/\/rumble.com\/embed\/v6titbn\" frameborder=\"0\" width=\"853\" height=\"480\" allowfullscreen><\/iframe><\/div>\n<\/div>\n<\/div>\n<p><br \/>\n<br \/><a href=\"https:\/\/de.rt.com\/europa\/249918-euractiv-eu-plant-sanktionen-gegen-israel\/\">Source link <\/a><\/p>\n","protected":false},"excerpt":{"rendered":"<p>Die Vorschl\u00e4ge sollen die Aufhebung von Handelsvertr\u00e4gen, ein Waffenembargo oder Sanktionen gegen israelische Minister, Soldaten und Siedler enthalten. Es ist aber unwahrscheinlich, dass die n\u00f6tige Einstimmigkeit erreicht wird. Die Europ\u00e4ische Union bereitet die Ver\u00f6ffentlichung einer Liste m\u00f6glicher Sanktionen gegen Israel vor, berichtet Euractiv am Samstag unter Berufung auf Quellen. Grund sollen Sorgen \u00fcber Menschenrechtsverletzungen bei [&hellip;]<\/p>\n","protected":false},"author":3,"featured_media":86651,"comment_status":"open","ping_status":"open","sticky":false,"template":"","format":"standard","meta":{"_yoast_indexnow_last_ping":["1751733038"],"wp_automatic_camp":["217"],"5e820f74398127bd69f4dfe6fa2b40a7":["Euractiv: EU plant Sanktionen gegen Israel"],"original_link":["https:\/\/de.rt.com\/europa\/249918-euractiv-eu-plant-sanktionen-gegen-israel\/"],"_thumbnail_id":["86651"],"_wptgpro_p2tg_sent2tg":["a:1:{i:23737;s:19:\"2025-07-05 18:31:39\";}"],"jnews_social_counter_last_update":["1777148379"]},"categories":[19,23],"tags":[21056,278,432,2559,713],"yoast_head":"<!-- This site is optimized with the Yoast SEO Premium plugin v22.7 (Yoast SEO v22.7) - https:\/\/yoast.com\/wordpress\/plugins\/seo\/ -->\n<title>Euractiv: EU plant Sanktionen gegen Israel - just-now.NEWS Deutschland<\/title>\n<meta name=\"robots\" content=\"index, follow, max-snippet:-1, max-image-preview:large, max-video-preview:-1\" \/>\n<link rel=\"canonical\" href=\"https:\/\/now-news.de\/de\/deutschland\/euractiv-eu-plant-sanktionen-gegen-israel\/\" \/>\n<meta property=\"og:locale\" content=\"de_DE\" \/>\n<meta property=\"og:type\" content=\"article\" \/>\n<meta property=\"og:title\" content=\"Euractiv: EU plant Sanktionen gegen Israel\" \/>\n<meta property=\"og:description\" content=\"Die Vorschl\u00e4ge sollen die Aufhebung von Handelsvertr\u00e4gen, ein Waffenembargo oder Sanktionen gegen israelische Minister, Soldaten und Siedler enthalten. Es ist aber unwahrscheinlich, dass die n\u00f6tige Einstimmigkeit erreicht wird. Die Europ\u00e4ische Union bereitet die Ver\u00f6ffentlichung einer Liste m\u00f6glicher Sanktionen gegen Israel vor, berichtet Euractiv am Samstag unter Berufung auf Quellen. Grund sollen Sorgen \u00fcber Menschenrechtsverletzungen bei [&hellip;]\" \/>\n<meta property=\"og:url\" content=\"https:\/\/now-news.de\/de\/deutschland\/euractiv-eu-plant-sanktionen-gegen-israel\/\" \/>\n<meta property=\"og:site_name\" content=\"just-now.NEWS Deutschland\" \/>\n<meta property=\"article:publisher\" content=\"https:\/\/www.facebook.com\/wirmachenauf\" \/>\n<meta property=\"article:published_time\" content=\"2025-07-05T16:26:08+00:00\" \/>\n<meta property=\"og:image\" content=\"https:\/\/now-news.de\/de\/wp-content\/uploads\/sites\/3\/2025\/07\/68693f1e48fbef7df5620639.jpg\" \/>\n<meta name=\"author\" content=\"rtnews\" \/>\n<meta name=\"twitter:card\" content=\"summary_large_image\" \/>\n<meta name=\"twitter:creator\" content=\"@WirMachenAuf_de\" \/>\n<meta name=\"twitter:site\" content=\"@WirMachenAuf_de\" \/>\n<meta name=\"twitter:label1\" content=\"Verfasst von\" \/>\n\t<meta name=\"twitter:data1\" content=\"rtnews\" \/>\n\t<meta name=\"twitter:label2\" content=\"Gesch\u00e4tzte Lesezeit\" \/>\n\t<meta name=\"twitter:data2\" content=\"2\u00a0Minuten\" \/>\n<script type=\"application\/ld+json\" class=\"yoast-schema-graph\">{\"@context\":\"https:\/\/schema.org\",\"@graph\":[{\"@type\":\"Article\",\"@id\":\"https:\/\/now-news.de\/de\/deutschland\/euractiv-eu-plant-sanktionen-gegen-israel\/#article\",\"isPartOf\":{\"@id\":\"https:\/\/now-news.de\/de\/deutschland\/euractiv-eu-plant-sanktionen-gegen-israel\/\"},\"author\":{\"name\":\"rtnews\",\"@id\":\"https:\/\/now-news.de\/de\/#\/schema\/person\/fb534a4e865501d8b3285208df34a9b5\"},\"headline\":\"Euractiv: EU plant Sanktionen gegen Israel\",\"datePublished\":\"2025-07-05T16:26:08+00:00\",\"dateModified\":\"2025-07-05T16:26:08+00:00\",\"mainEntityOfPage\":{\"@id\":\"https:\/\/now-news.de\/de\/deutschland\/euractiv-eu-plant-sanktionen-gegen-israel\/\"},\"wordCount\":433,\"commentCount\":0,\"publisher\":{\"@id\":\"https:\/\/now-news.de\/de\/#organization\"},\"image\":{\"@id\":\"https:\/\/now-news.de\/de\/deutschland\/euractiv-eu-plant-sanktionen-gegen-israel\/#primaryimage\"},\"thumbnailUrl\":\"https:\/\/now-news.de\/de\/wp-content\/uploads\/sites\/3\/2025\/07\/Euractiv-EU-plant-Sanktionen-gegen-Israel.jpg\",\"keywords\":[\"Euractiv\",\"gegen\",\"Israel\",\"plant\",\"Sanktionen\"],\"articleSection\":[\"Deutschland\",\"Russland\"],\"inLanguage\":\"de\",\"potentialAction\":[{\"@type\":\"CommentAction\",\"name\":\"Comment\",\"target\":[\"https:\/\/now-news.de\/de\/deutschland\/euractiv-eu-plant-sanktionen-gegen-israel\/#respond\"]}]},{\"@type\":\"WebPage\",\"@id\":\"https:\/\/now-news.de\/de\/deutschland\/euractiv-eu-plant-sanktionen-gegen-israel\/\",\"url\":\"https:\/\/now-news.de\/de\/deutschland\/euractiv-eu-plant-sanktionen-gegen-israel\/\",\"name\":\"Euractiv: EU plant Sanktionen gegen Israel - just-now.NEWS Deutschland\",\"isPartOf\":{\"@id\":\"https:\/\/now-news.de\/de\/#website\"},\"primaryImageOfPage\":{\"@id\":\"https:\/\/now-news.de\/de\/deutschland\/euractiv-eu-plant-sanktionen-gegen-israel\/#primaryimage\"},\"image\":{\"@id\":\"https:\/\/now-news.de\/de\/deutschland\/euractiv-eu-plant-sanktionen-gegen-israel\/#primaryimage\"},\"thumbnailUrl\":\"https:\/\/now-news.de\/de\/wp-content\/uploads\/sites\/3\/2025\/07\/Euractiv-EU-plant-Sanktionen-gegen-Israel.jpg\",\"datePublished\":\"2025-07-05T16:26:08+00:00\",\"dateModified\":\"2025-07-05T16:26:08+00:00\",\"breadcrumb\":{\"@id\":\"https:\/\/now-news.de\/de\/deutschland\/euractiv-eu-plant-sanktionen-gegen-israel\/#breadcrumb\"},\"inLanguage\":\"de\",\"potentialAction\":[{\"@type\":\"ReadAction\",\"target\":[\"https:\/\/now-news.de\/de\/deutschland\/euractiv-eu-plant-sanktionen-gegen-israel\/\"]}]},{\"@type\":\"ImageObject\",\"inLanguage\":\"de\",\"@id\":\"https:\/\/now-news.de\/de\/deutschland\/euractiv-eu-plant-sanktionen-gegen-israel\/#primaryimage\",\"url\":\"https:\/\/now-news.de\/de\/wp-content\/uploads\/sites\/3\/2025\/07\/Euractiv-EU-plant-Sanktionen-gegen-Israel.jpg\",\"contentUrl\":\"https:\/\/now-news.de\/de\/wp-content\/uploads\/sites\/3\/2025\/07\/Euractiv-EU-plant-Sanktionen-gegen-Israel.jpg\",\"width\":460,\"height\":259,\"caption\":\"Euractiv: EU plant Sanktionen gegen Israel\"},{\"@type\":\"BreadcrumbList\",\"@id\":\"https:\/\/now-news.de\/de\/deutschland\/euractiv-eu-plant-sanktionen-gegen-israel\/#breadcrumb\",\"itemListElement\":[{\"@type\":\"ListItem\",\"position\":1,\"name\":\"Home\",\"item\":\"https:\/\/now-news.de\/de\/\"},{\"@type\":\"ListItem\",\"position\":2,\"name\":\"Euractiv: EU plant Sanktionen gegen Israel\"}]},{\"@type\":\"WebSite\",\"@id\":\"https:\/\/now-news.de\/de\/#website\",\"url\":\"https:\/\/now-news.de\/de\/\",\"name\":\"just-now.NEWS Deutschland\",\"description\":\"Das Portal f\u00fcr unzensierte Nachrichten aus der Welt\",\"publisher\":{\"@id\":\"https:\/\/now-news.de\/de\/#organization\"},\"potentialAction\":[{\"@type\":\"SearchAction\",\"target\":{\"@type\":\"EntryPoint\",\"urlTemplate\":\"https:\/\/now-news.de\/de\/?s={search_term_string}\"},\"query-input\":\"required name=search_term_string\"}],\"inLanguage\":\"de\"},{\"@type\":\"Organization\",\"@id\":\"https:\/\/now-news.de\/de\/#organization\",\"name\":\"Just Now News\",\"url\":\"https:\/\/now-news.de\/de\/\",\"logo\":{\"@type\":\"ImageObject\",\"inLanguage\":\"de\",\"@id\":\"https:\/\/now-news.de\/de\/#\/schema\/logo\/image\/\",\"url\":\"http:\/\/just-now.news\/de\/wp-content\/uploads\/sites\/3\/2022\/04\/logo500x500.jpg\",\"contentUrl\":\"http:\/\/just-now.news\/de\/wp-content\/uploads\/sites\/3\/2022\/04\/logo500x500.jpg\",\"width\":500,\"height\":500,\"caption\":\"Just Now News\"},\"image\":{\"@id\":\"https:\/\/now-news.de\/de\/#\/schema\/logo\/image\/\"},\"sameAs\":[\"https:\/\/www.facebook.com\/wirmachenauf\",\"https:\/\/x.com\/WirMachenAuf_de\"]},{\"@type\":\"Person\",\"@id\":\"https:\/\/now-news.de\/de\/#\/schema\/person\/fb534a4e865501d8b3285208df34a9b5\",\"name\":\"rtnews\",\"image\":{\"@type\":\"ImageObject\",\"inLanguage\":\"de\",\"@id\":\"https:\/\/now-news.de\/de\/#\/schema\/person\/image\/\",\"url\":\"https:\/\/secure.gravatar.com\/avatar\/82aafea7d8127119dd649515f56e2117?s=96&d=mm&r=g\",\"contentUrl\":\"https:\/\/secure.gravatar.com\/avatar\/82aafea7d8127119dd649515f56e2117?s=96&d=mm&r=g\",\"caption\":\"rtnews\"},\"url\":\"https:\/\/now-news.de\/de\/author\/rnews\/\"}]}<\/script>\n<!-- \/ Yoast SEO Premium plugin. -->","yoast_head_json":{"title":"Euractiv: EU plant Sanktionen gegen Israel - just-now.NEWS Deutschland","robots":{"index":"index","follow":"follow","max-snippet":"max-snippet:-1","max-image-preview":"max-image-preview:large","max-video-preview":"max-video-preview:-1"},"canonical":"https:\/\/now-news.de\/de\/deutschland\/euractiv-eu-plant-sanktionen-gegen-israel\/","og_locale":"de_DE","og_type":"article","og_title":"Euractiv: EU plant Sanktionen gegen Israel","og_description":"Die Vorschl\u00e4ge sollen die Aufhebung von Handelsvertr\u00e4gen, ein Waffenembargo oder Sanktionen gegen israelische Minister, Soldaten und Siedler enthalten. Es ist aber unwahrscheinlich, dass die n\u00f6tige Einstimmigkeit erreicht wird. Die Europ\u00e4ische Union bereitet die Ver\u00f6ffentlichung einer Liste m\u00f6glicher Sanktionen gegen Israel vor, berichtet Euractiv am Samstag unter Berufung auf Quellen. Grund sollen Sorgen \u00fcber Menschenrechtsverletzungen bei [&hellip;]","og_url":"https:\/\/now-news.de\/de\/deutschland\/euractiv-eu-plant-sanktionen-gegen-israel\/","og_site_name":"just-now.NEWS Deutschland","article_publisher":"https:\/\/www.facebook.com\/wirmachenauf","article_published_time":"2025-07-05T16:26:08+00:00","og_image":[{"url":"https:\/\/now-news.de\/de\/wp-content\/uploads\/sites\/3\/2025\/07\/68693f1e48fbef7df5620639.jpg"}],"author":"rtnews","twitter_card":"summary_large_image","twitter_creator":"@WirMachenAuf_de","twitter_site":"@WirMachenAuf_de","twitter_misc":{"Verfasst von":"rtnews","Gesch\u00e4tzte Lesezeit":"2\u00a0Minuten"},"schema":{"@context":"https:\/\/schema.org","@graph":[{"@type":"Article","@id":"https:\/\/now-news.de\/de\/deutschland\/euractiv-eu-plant-sanktionen-gegen-israel\/#article","isPartOf":{"@id":"https:\/\/now-news.de\/de\/deutschland\/euractiv-eu-plant-sanktionen-gegen-israel\/"},"author":{"name":"rtnews","@id":"https:\/\/now-news.de\/de\/#\/schema\/person\/fb534a4e865501d8b3285208df34a9b5"},"headline":"Euractiv: EU plant Sanktionen gegen Israel","datePublished":"2025-07-05T16:26:08+00:00","dateModified":"2025-07-05T16:26:08+00:00","mainEntityOfPage":{"@id":"https:\/\/now-news.de\/de\/deutschland\/euractiv-eu-plant-sanktionen-gegen-israel\/"},"wordCount":433,"commentCount":0,"publisher":{"@id":"https:\/\/now-news.de\/de\/#organization"},"image":{"@id":"https:\/\/now-news.de\/de\/deutschland\/euractiv-eu-plant-sanktionen-gegen-israel\/#primaryimage"},"thumbnailUrl":"https:\/\/now-news.de\/de\/wp-content\/uploads\/sites\/3\/2025\/07\/Euractiv-EU-plant-Sanktionen-gegen-Israel.jpg","keywords":["Euractiv","gegen","Israel","plant","Sanktionen"],"articleSection":["Deutschland","Russland"],"inLanguage":"de","potentialAction":[{"@type":"CommentAction","name":"Comment","target":["https:\/\/now-news.de\/de\/deutschland\/euractiv-eu-plant-sanktionen-gegen-israel\/#respond"]}]},{"@type":"WebPage","@id":"https:\/\/now-news.de\/de\/deutschland\/euractiv-eu-plant-sanktionen-gegen-israel\/","url":"https:\/\/now-news.de\/de\/deutschland\/euractiv-eu-plant-sanktionen-gegen-israel\/","name":"Euractiv: EU plant Sanktionen gegen Israel - just-now.NEWS Deutschland","isPartOf":{"@id":"https:\/\/now-news.de\/de\/#website"},"primaryImageOfPage":{"@id":"https:\/\/now-news.de\/de\/deutschland\/euractiv-eu-plant-sanktionen-gegen-israel\/#primaryimage"},"image":{"@id":"https:\/\/now-news.de\/de\/deutschland\/euractiv-eu-plant-sanktionen-gegen-israel\/#primaryimage"},"thumbnailUrl":"https:\/\/now-news.de\/de\/wp-content\/uploads\/sites\/3\/2025\/07\/Euractiv-EU-plant-Sanktionen-gegen-Israel.jpg","datePublished":"2025-07-05T16:26:08+00:00","dateModified":"2025-07-05T16:26:08+00:00","breadcrumb":{"@id":"https:\/\/now-news.de\/de\/deutschland\/euractiv-eu-plant-sanktionen-gegen-israel\/#breadcrumb"},"inLanguage":"de","potentialAction":[{"@type":"ReadAction","target":["https:\/\/now-news.de\/de\/deutschland\/euractiv-eu-plant-sanktionen-gegen-israel\/"]}]},{"@type":"ImageObject","inLanguage":"de","@id":"https:\/\/now-news.de\/de\/deutschland\/euractiv-eu-plant-sanktionen-gegen-israel\/#primaryimage","url":"https:\/\/now-news.de\/de\/wp-content\/uploads\/sites\/3\/2025\/07\/Euractiv-EU-plant-Sanktionen-gegen-Israel.jpg","contentUrl":"https:\/\/now-news.de\/de\/wp-content\/uploads\/sites\/3\/2025\/07\/Euractiv-EU-plant-Sanktionen-gegen-Israel.jpg","width":460,"height":259,"caption":"Euractiv: EU plant Sanktionen gegen Israel"},{"@type":"BreadcrumbList","@id":"https:\/\/now-news.de\/de\/deutschland\/euractiv-eu-plant-sanktionen-gegen-israel\/#breadcrumb","itemListElement":[{"@type":"ListItem","position":1,"name":"Home","item":"https:\/\/now-news.de\/de\/"},{"@type":"ListItem","position":2,"name":"Euractiv: EU plant Sanktionen gegen Israel"}]},{"@type":"WebSite","@id":"https:\/\/now-news.de\/de\/#website","url":"https:\/\/now-news.de\/de\/","name":"just-now.NEWS Deutschland","description":"Das Portal f\u00fcr unzensierte Nachrichten aus der Welt","publisher":{"@id":"https:\/\/now-news.de\/de\/#organization"},"potentialAction":[{"@type":"SearchAction","target":{"@type":"EntryPoint","urlTemplate":"https:\/\/now-news.de\/de\/?s={search_term_string}"},"query-input":"required name=search_term_string"}],"inLanguage":"de"},{"@type":"Organization","@id":"https:\/\/now-news.de\/de\/#organization","name":"Just Now News","url":"https:\/\/now-news.de\/de\/","logo":{"@type":"ImageObject","inLanguage":"de","@id":"https:\/\/now-news.de\/de\/#\/schema\/logo\/image\/","url":"http:\/\/just-now.news\/de\/wp-content\/uploads\/sites\/3\/2022\/04\/logo500x500.jpg","contentUrl":"http:\/\/just-now.news\/de\/wp-content\/uploads\/sites\/3\/2022\/04\/logo500x500.jpg","width":500,"height":500,"caption":"Just Now News"},"image":{"@id":"https:\/\/now-news.de\/de\/#\/schema\/logo\/image\/"},"sameAs":["https:\/\/www.facebook.com\/wirmachenauf","https:\/\/x.com\/WirMachenAuf_de"]},{"@type":"Person","@id":"https:\/\/now-news.de\/de\/#\/schema\/person\/fb534a4e865501d8b3285208df34a9b5","name":"rtnews","image":{"@type":"ImageObject","inLanguage":"de","@id":"https:\/\/now-news.de\/de\/#\/schema\/person\/image\/","url":"https:\/\/secure.gravatar.com\/avatar\/82aafea7d8127119dd649515f56e2117?s=96&d=mm&r=g","contentUrl":"https:\/\/secure.gravatar.com\/avatar\/82aafea7d8127119dd649515f56e2117?s=96&d=mm&r=g","caption":"rtnews"},"url":"https:\/\/now-news.de\/de\/author\/rnews\/"}]}},"_links":{"self":[{"href":"https:\/\/now-news.de\/de\/wp-json\/wp\/v2\/posts\/86650"}],"collection":[{"href":"https:\/\/now-news.de\/de\/wp-json\/wp\/v2\/posts"}],"about":[{"href":"https:\/\/now-news.de\/de\/wp-json\/wp\/v2\/types\/post"}],"author":[{"embeddable":true,"href":"https:\/\/now-news.de\/de\/wp-json\/wp\/v2\/users\/3"}],"replies":[{"embeddable":true,"href":"https:\/\/now-news.de\/de\/wp-json\/wp\/v2\/comments?post=86650"}],"version-history":[{"count":0,"href":"https:\/\/now-news.de\/de\/wp-json\/wp\/v2\/posts\/86650\/revisions"}],"wp:featuredmedia":[{"embeddable":true,"href":"https:\/\/now-news.de\/de\/wp-json\/wp\/v2\/media\/86651"}],"wp:attachment":[{"href":"https:\/\/now-news.de\/de\/wp-json\/wp\/v2\/media?parent=86650"}],"wp:term":[{"taxonomy":"category","embeddable":true,"href":"https:\/\/now-news.de\/de\/wp-json\/wp\/v2\/categories?post=86650"},{"taxonomy":"post_tag","embeddable":true,"href":"https:\/\/now-news.de\/de\/wp-json\/wp\/v2\/tags?post=86650"}],"curies":[{"name":"wp","href":"https:\/\/api.w.org\/{rel}","templated":true}]}}